{"id":427821,"date":"2026-09-05T00:04:43","date_gmt":"2026-09-05T04:04:43","guid":{"rendered":"https:\/\/www.eldiario.net\/portal\/?p=427821"},"modified":"2026-09-04T22:05:31","modified_gmt":"2026-09-05T02:05:31","slug":"justicia-extingue-caso-por-los-36-dias-de-paro-en-santa-cruz","status":"publish","type":"post","link":"https:\/\/www.eldiario.net\/portal\/2026\/09\/05\/justicia-extingue-caso-por-los-36-dias-de-paro-en-santa-cruz\/","title":{"rendered":"Justicia extingue caso por los 36 d\u00edas de paro en Santa Cruz"},"content":{"rendered":"<p>La Justicia determin\u00f3 la extinci\u00f3n del proceso penal contra el exgobernador de Santa Cruz, Luis Fernando Camacho, y otros imputados por el denominado caso de los 36 d\u00edas de paro y bloqueos registrados en 2022. Con la resoluci\u00f3n, quedan sin efecto los delitos que fueron atribuidos a los procesados por su participaci\u00f3n en las movilizaciones.<\/p>\n<p>La decisi\u00f3n fue asumida ayer durante una audiencia en la que se revis\u00f3 la situaci\u00f3n de Camacho y los dem\u00e1s acusados. Con esta resoluci\u00f3n, termina el proceso judicial iniciado por las protestas que exig\u00edan la realizaci\u00f3n del Censo de Poblaci\u00f3n y Vivienda.<\/p>\n<p>Camacho, quien durante el conflicto ejerc\u00eda como gobernador de Santa Cruz, era una de las principales figuras pol\u00edticas que respaldaban la medida de presi\u00f3n. Durante el proceso, el exgobernador cuestion\u00f3 lo que consideraba una persecuci\u00f3n pol\u00edtica en su contra y pidi\u00f3 al juez actuar con objetividad y conforme a las leyes.<\/p>\n<p>La extinci\u00f3n del proceso se produce despu\u00e9s de que, en agosto de 2025, la Justicia dispusiera el cese de la detenci\u00f3n preventiva de Camacho dentro de esta misma causa. A partir de entonces, la exautoridad qued\u00f3 bajo detenci\u00f3n domiciliaria, arraigo y una fianza de Bs 50.000.<\/p>\n<p>El caso se origin\u00f3 por el paro c\u00edvico indefinido que comenz\u00f3 el 22 de octubre de 2022 y se extendi\u00f3 durante 36 d\u00edas en Santa Cruz. La movilizaci\u00f3n fue impulsada por instituciones y sectores del departamento que exig\u00edan que el Censo se realizara en 2023 y que sus resultados fueran considerados para la redistribuci\u00f3n de recursos y la representaci\u00f3n pol\u00edtica.<\/p>\n<p>Durante el conflicto se registraron bloqueos de calles y carreteras y una paralizaci\u00f3n de distintas actividades econ\u00f3micas y sociales. La protesta concluy\u00f3 despu\u00e9s de que el Gobierno aprobara el Decreto Supremo 4824, que estableci\u00f3 la realizaci\u00f3n del empadronamiento nacional. (Con informaci\u00f3n de Unitel y Red Uno)<\/p>\n","protected":false},"excerpt":{"rendered":"<p>La Justicia determin\u00f3 la extinci\u00f3n del proceso penal contra el exgobernador de Santa Cruz, Luis Fernando Camacho, y otros imputados por el denominado caso de los 36 d\u00edas de paro y bloqueos registrados en 2022. Con la resoluci\u00f3n, quedan sin efecto los delitos que fueron atribuidos a los procesados por su participaci\u00f3n en las movilizaciones. [&hellip;]<\/p>\n","protected":false},"author":1,"featured_media":427822,"comment_status":"closed","ping_status":"open","sticky":false,"template":"","format":"standard","meta":{"_acf_changed":false,"footnotes":""},"categories":[39],"tags":[],"class_list":["post-427821","post","type-post","status-publish","format-standard","has-post-thumbnail","category-sociedad"],"acf":{"antetitulo":"Tras las protestas para exigir el Censo"},"yoast_head":"<!-- This site is optimized with the Yoast SEO plugin v28.4 - https:\/\/yoast.com\/product\/yoast-seo-wordpress\/ -->\n<title>Justicia extingue caso por los 36 d\u00edas de paro en Santa Cruz - El Diario - Bolivia<\/title>\n<meta name=\"robots\" content=\"index, follow, max-snippet:-1, max-image-preview:large, max-video-preview:-1\" \/>\n<link rel=\"canonical\" href=\"https:\/\/www.eldiario.net\/portal\/2026\/09\/05\/justicia-extingue-caso-por-los-36-dias-de-paro-en-santa-cruz\/\" \/>\n<meta property=\"og:locale\" content=\"es_ES\" \/>\n<meta property=\"og:type\" content=\"article\" \/>\n<meta property=\"og:title\" content=\"Justicia extingue caso por los 36 d\u00edas de paro en Santa Cruz - El Diario - Bolivia\" \/>\n<meta property=\"og:description\" content=\"La Justicia determin\u00f3 la extinci\u00f3n del proceso penal contra el exgobernador de Santa Cruz, Luis Fernando Camacho, y otros imputados por el denominado caso de los 36 d\u00edas de paro y bloqueos registrados en 2022. Con la resoluci\u00f3n, quedan sin efecto los delitos que fueron atribuidos a los procesados por su participaci\u00f3n en las movilizaciones. [&hellip;]\" \/>\n<meta property=\"og:url\" content=\"https:\/\/www.eldiario.net\/portal\/2026\/09\/05\/justicia-extingue-caso-por-los-36-dias-de-paro-en-santa-cruz\/\" \/>\n<meta property=\"og:site_name\" content=\"El Diario - Bolivia\" \/>\n<meta property=\"article:publisher\" content=\"https:\/\/www.facebook.com\/eldiario.bolivia\/\" \/>\n<meta property=\"article:published_time\" content=\"2026-09-05T04:04:43+00:00\" \/>\n<meta property=\"og:image\" content=\"https:\/\/www.eldiario.net\/portal\/wp-content\/uploads\/2026\/09\/5-CAM.webp\" \/>\n\t<meta property=\"og:image:width\" content=\"336\" \/>\n\t<meta property=\"og:image:height\" content=\"244\" \/>\n\t<meta property=\"og:image:type\" content=\"image\/webp\" \/>\n<meta name=\"author\" content=\"Jeanette\" \/>\n<meta name=\"twitter:card\" content=\"summary_large_image\" \/>\n<meta name=\"twitter:creator\" content=\"@eldiario_net\" \/>\n<meta name=\"twitter:site\" content=\"@eldiario_net\" \/>\n<meta name=\"twitter:label1\" content=\"Escrito por\" \/>\n\t<meta name=\"twitter:data1\" content=\"Jeanette\" \/>\n\t<meta name=\"twitter:label2\" content=\"Tiempo de lectura\" \/>\n\t<meta name=\"twitter:data2\" content=\"2 minutos\" \/>\n<script type=\"application\/ld+json\" class=\"yoast-schema-graph\">{\"@context\":\"https:\\\/\\\/schema.org\",\"@graph\":[{\"@type\":\"Article\",\"@id\":\"https:\\\/\\\/www.eldiario.net\\\/portal\\\/2026\\\/09\\\/05\\\/justicia-extingue-caso-por-los-36-dias-de-paro-en-santa-cruz\\\/#article\",\"isPartOf\":{\"@id\":\"https:\\\/\\\/www.eldiario.net\\\/portal\\\/2026\\\/09\\\/05\\\/justicia-extingue-caso-por-los-36-dias-de-paro-en-santa-cruz\\\/\"},\"author\":{\"name\":\"Jeanette\",\"@id\":\"https:\\\/\\\/www.eldiario.net\\\/portal\\\/#\\\/schema\\\/person\\\/2c57cf2b7a7ae032e449e4c9b1019eac\"},\"headline\":\"Justicia extingue caso por los 36 d\u00edas de paro en Santa Cruz\",\"datePublished\":\"2026-09-05T04:04:43+00:00\",\"mainEntityOfPage\":{\"@id\":\"https:\\\/\\\/www.eldiario.net\\\/portal\\\/2026\\\/09\\\/05\\\/justicia-extingue-caso-por-los-36-dias-de-paro-en-santa-cruz\\\/\"},\"wordCount\":335,\"publisher\":{\"@id\":\"https:\\\/\\\/www.eldiario.net\\\/portal\\\/#organization\"},\"image\":{\"@id\":\"https:\\\/\\\/www.eldiario.net\\\/portal\\\/2026\\\/09\\\/05\\\/justicia-extingue-caso-por-los-36-dias-de-paro-en-santa-cruz\\\/#primaryimage\"},\"thumbnailUrl\":\"https:\\\/\\\/www.eldiario.net\\\/portal\\\/wp-content\\\/uploads\\\/2026\\\/09\\\/5-CAM.webp\",\"articleSection\":[\"Sociedad - Seguridad\"],\"inLanguage\":\"es\"},{\"@type\":\"WebPage\",\"@id\":\"https:\\\/\\\/www.eldiario.net\\\/portal\\\/2026\\\/09\\\/05\\\/justicia-extingue-caso-por-los-36-dias-de-paro-en-santa-cruz\\\/\",\"url\":\"https:\\\/\\\/www.eldiario.net\\\/portal\\\/2026\\\/09\\\/05\\\/justicia-extingue-caso-por-los-36-dias-de-paro-en-santa-cruz\\\/\",\"name\":\"Justicia extingue caso por los 36 d\u00edas de paro en Santa Cruz - El Diario - Bolivia\",\"isPartOf\":{\"@id\":\"https:\\\/\\\/www.eldiario.net\\\/portal\\\/#website\"},\"primaryImageOfPage\":{\"@id\":\"https:\\\/\\\/www.eldiario.net\\\/portal\\\/2026\\\/09\\\/05\\\/justicia-extingue-caso-por-los-36-dias-de-paro-en-santa-cruz\\\/#primaryimage\"},\"image\":{\"@id\":\"https:\\\/\\\/www.eldiario.net\\\/portal\\\/2026\\\/09\\\/05\\\/justicia-extingue-caso-por-los-36-dias-de-paro-en-santa-cruz\\\/#primaryimage\"},\"thumbnailUrl\":\"https:\\\/\\\/www.eldiario.net\\\/portal\\\/wp-content\\\/uploads\\\/2026\\\/09\\\/5-CAM.webp\",\"datePublished\":\"2026-09-05T04:04:43+00:00\",\"breadcrumb\":{\"@id\":\"https:\\\/\\\/www.eldiario.net\\\/portal\\\/2026\\\/09\\\/05\\\/justicia-extingue-caso-por-los-36-dias-de-paro-en-santa-cruz\\\/#breadcrumb\"},\"inLanguage\":\"es\",\"potentialAction\":[{\"@type\":\"ReadAction\",\"target\":[\"https:\\\/\\\/www.eldiario.net\\\/portal\\\/2026\\\/09\\\/05\\\/justicia-extingue-caso-por-los-36-dias-de-paro-en-santa-cruz\\\/\"]}]},{\"@type\":\"ImageObject\",\"inLanguage\":\"es\",\"@id\":\"https:\\\/\\\/www.eldiario.net\\\/portal\\\/2026\\\/09\\\/05\\\/justicia-extingue-caso-por-los-36-dias-de-paro-en-santa-cruz\\\/#primaryimage\",\"url\":\"https:\\\/\\\/www.eldiario.net\\\/portal\\\/wp-content\\\/uploads\\\/2026\\\/09\\\/5-CAM.webp\",\"contentUrl\":\"https:\\\/\\\/www.eldiario.net\\\/portal\\\/wp-content\\\/uploads\\\/2026\\\/09\\\/5-CAM.webp\",\"width\":336,\"height\":244,\"caption\":\"Exgobernador de Santa Cruz, Luis Fernando Camacho. Cr\u00e9dito de foto: RRSS\"},{\"@type\":\"BreadcrumbList\",\"@id\":\"https:\\\/\\\/www.eldiario.net\\\/portal\\\/2026\\\/09\\\/05\\\/justicia-extingue-caso-por-los-36-dias-de-paro-en-santa-cruz\\\/#breadcrumb\",\"itemListElement\":[{\"@type\":\"ListItem\",\"position\":1,\"name\":\"Portada\",\"item\":\"https:\\\/\\\/www.eldiario.net\\\/portal\\\/\"},{\"@type\":\"ListItem\",\"position\":2,\"name\":\"Justicia extingue caso por los 36 d\u00edas de paro en Santa Cruz\"}]},{\"@type\":\"WebSite\",\"@id\":\"https:\\\/\\\/www.eldiario.net\\\/portal\\\/#website\",\"url\":\"https:\\\/\\\/www.eldiario.net\\\/portal\\\/\",\"name\":\"El Diario - Decano de la prensa nacional\",\"description\":\"El Diario - Decano de la prensa nacional\",\"publisher\":{\"@id\":\"https:\\\/\\\/www.eldiario.net\\\/portal\\\/#organization\"},\"potentialAction\":[{\"@type\":\"SearchAction\",\"target\":{\"@type\":\"EntryPoint\",\"urlTemplate\":\"https:\\\/\\\/www.eldiario.net\\\/portal\\\/?s={search_term_string}\"},\"query-input\":{\"@type\":\"PropertyValueSpecification\",\"valueRequired\":true,\"valueName\":\"search_term_string\"}}],\"inLanguage\":\"es\"},{\"@type\":\"Organization\",\"@id\":\"https:\\\/\\\/www.eldiario.net\\\/portal\\\/#organization\",\"name\":\"El Diario - Decano de la prensa nacional\",\"url\":\"https:\\\/\\\/www.eldiario.net\\\/portal\\\/\",\"logo\":{\"@type\":\"ImageObject\",\"inLanguage\":\"es\",\"@id\":\"https:\\\/\\\/www.eldiario.net\\\/portal\\\/#\\\/schema\\\/logo\\\/image\\\/\",\"url\":\"https:\\\/\\\/www.eldiario.net\\\/portal\\\/wp-content\\\/uploads\\\/2023\\\/07\\\/logo_ED.jpg\",\"contentUrl\":\"https:\\\/\\\/www.eldiario.net\\\/portal\\\/wp-content\\\/uploads\\\/2023\\\/07\\\/logo_ED.jpg\",\"width\":272,\"height\":52,\"caption\":\"El Diario - Decano de la prensa nacional\"},\"image\":{\"@id\":\"https:\\\/\\\/www.eldiario.net\\\/portal\\\/#\\\/schema\\\/logo\\\/image\\\/\"},\"sameAs\":[\"https:\\\/\\\/www.facebook.com\\\/eldiario.bolivia\\\/\",\"https:\\\/\\\/x.com\\\/eldiario_net\"]},{\"@type\":\"Person\",\"@id\":\"https:\\\/\\\/www.eldiario.net\\\/portal\\\/#\\\/schema\\\/person\\\/2c57cf2b7a7ae032e449e4c9b1019eac\",\"name\":\"Jeanette\",\"image\":{\"@type\":\"ImageObject\",\"inLanguage\":\"es\",\"@id\":\"https:\\\/\\\/secure.gravatar.com\\\/avatar\\\/3ea2118a5f7dad2b7138b1187a6b7ee55f160b9968b66013c3a3ef39dd7e5798?s=96&d=mm&r=g\",\"url\":\"https:\\\/\\\/secure.gravatar.com\\\/avatar\\\/3ea2118a5f7dad2b7138b1187a6b7ee55f160b9968b66013c3a3ef39dd7e5798?s=96&d=mm&r=g\",\"contentUrl\":\"https:\\\/\\\/secure.gravatar.com\\\/avatar\\\/3ea2118a5f7dad2b7138b1187a6b7ee55f160b9968b66013c3a3ef39dd7e5798?s=96&d=mm&r=g\",\"caption\":\"Jeanette\"},\"sameAs\":[\"https:\\\/\\\/www.eldiario.net\\\/portal\"],\"url\":\"https:\\\/\\\/www.eldiario.net\\\/portal\\\/author\\\/jeanette\\\/\"}]}<\/script>\n<!-- \/ Yoast SEO plugin. -->","yoast_head_json":{"title":"Justicia extingue caso por los 36 d\u00edas de paro en Santa Cruz - El Diario - Bolivia","robots":{"index":"index","follow":"follow","max-snippet":"max-snippet:-1","max-image-preview":"max-image-preview:large","max-video-preview":"max-video-preview:-1"},"canonical":"https:\/\/www.eldiario.net\/portal\/2026\/09\/05\/justicia-extingue-caso-por-los-36-dias-de-paro-en-santa-cruz\/","og_locale":"es_ES","og_type":"article","og_title":"Justicia extingue caso por los 36 d\u00edas de paro en Santa Cruz - El Diario - Bolivia","og_description":"La Justicia determin\u00f3 la extinci\u00f3n del proceso penal contra el exgobernador de Santa Cruz, Luis Fernando Camacho, y otros imputados por el denominado caso de los 36 d\u00edas de paro y bloqueos registrados en 2022. Con la resoluci\u00f3n, quedan sin efecto los delitos que fueron atribuidos a los procesados por su participaci\u00f3n en las movilizaciones. [&hellip;]","og_url":"https:\/\/www.eldiario.net\/portal\/2026\/09\/05\/justicia-extingue-caso-por-los-36-dias-de-paro-en-santa-cruz\/","og_site_name":"El Diario - Bolivia","article_publisher":"https:\/\/www.facebook.com\/eldiario.bolivia\/","article_published_time":"2026-09-05T04:04:43+00:00","og_image":[{"width":336,"height":244,"url":"https:\/\/www.eldiario.net\/portal\/wp-content\/uploads\/2026\/09\/5-CAM.webp","type":"image\/webp"}],"author":"Jeanette","twitter_card":"summary_large_image","twitter_creator":"@eldiario_net","twitter_site":"@eldiario_net","twitter_misc":{"Escrito por":"Jeanette","Tiempo de lectura":"2 minutos"},"schema":{"@context":"https:\/\/schema.org","@graph":[{"@type":"Article","@id":"https:\/\/www.eldiario.net\/portal\/2026\/09\/05\/justicia-extingue-caso-por-los-36-dias-de-paro-en-santa-cruz\/#article","isPartOf":{"@id":"https:\/\/www.eldiario.net\/portal\/2026\/09\/05\/justicia-extingue-caso-por-los-36-dias-de-paro-en-santa-cruz\/"},"author":{"name":"Jeanette","@id":"https:\/\/www.eldiario.net\/portal\/#\/schema\/person\/2c57cf2b7a7ae032e449e4c9b1019eac"},"headline":"Justicia extingue caso por los 36 d\u00edas de paro en Santa Cruz","datePublished":"2026-09-05T04:04:43+00:00","mainEntityOfPage":{"@id":"https:\/\/www.eldiario.net\/portal\/2026\/09\/05\/justicia-extingue-caso-por-los-36-dias-de-paro-en-santa-cruz\/"},"wordCount":335,"publisher":{"@id":"https:\/\/www.eldiario.net\/portal\/#organization"},"image":{"@id":"https:\/\/www.eldiario.net\/portal\/2026\/09\/05\/justicia-extingue-caso-por-los-36-dias-de-paro-en-santa-cruz\/#primaryimage"},"thumbnailUrl":"https:\/\/www.eldiario.net\/portal\/wp-content\/uploads\/2026\/09\/5-CAM.webp","articleSection":["Sociedad - Seguridad"],"inLanguage":"es"},{"@type":"WebPage","@id":"https:\/\/www.eldiario.net\/portal\/2026\/09\/05\/justicia-extingue-caso-por-los-36-dias-de-paro-en-santa-cruz\/","url":"https:\/\/www.eldiario.net\/portal\/2026\/09\/05\/justicia-extingue-caso-por-los-36-dias-de-paro-en-santa-cruz\/","name":"Justicia extingue caso por los 36 d\u00edas de paro en Santa Cruz - El Diario - Bolivia","isPartOf":{"@id":"https:\/\/www.eldiario.net\/portal\/#website"},"primaryImageOfPage":{"@id":"https:\/\/www.eldiario.net\/portal\/2026\/09\/05\/justicia-extingue-caso-por-los-36-dias-de-paro-en-santa-cruz\/#primaryimage"},"image":{"@id":"https:\/\/www.eldiario.net\/portal\/2026\/09\/05\/justicia-extingue-caso-por-los-36-dias-de-paro-en-santa-cruz\/#primaryimage"},"thumbnailUrl":"https:\/\/www.eldiario.net\/portal\/wp-content\/uploads\/2026\/09\/5-CAM.webp","datePublished":"2026-09-05T04:04:43+00:00","breadcrumb":{"@id":"https:\/\/www.eldiario.net\/portal\/2026\/09\/05\/justicia-extingue-caso-por-los-36-dias-de-paro-en-santa-cruz\/#breadcrumb"},"inLanguage":"es","potentialAction":[{"@type":"ReadAction","target":["https:\/\/www.eldiario.net\/portal\/2026\/09\/05\/justicia-extingue-caso-por-los-36-dias-de-paro-en-santa-cruz\/"]}]},{"@type":"ImageObject","inLanguage":"es","@id":"https:\/\/www.eldiario.net\/portal\/2026\/09\/05\/justicia-extingue-caso-por-los-36-dias-de-paro-en-santa-cruz\/#primaryimage","url":"https:\/\/www.eldiario.net\/portal\/wp-content\/uploads\/2026\/09\/5-CAM.webp","contentUrl":"https:\/\/www.eldiario.net\/portal\/wp-content\/uploads\/2026\/09\/5-CAM.webp","width":336,"height":244,"caption":"Exgobernador de Santa Cruz, Luis Fernando Camacho. Cr\u00e9dito de foto: RRSS"},{"@type":"BreadcrumbList","@id":"https:\/\/www.eldiario.net\/portal\/2026\/09\/05\/justicia-extingue-caso-por-los-36-dias-de-paro-en-santa-cruz\/#breadcrumb","itemListElement":[{"@type":"ListItem","position":1,"name":"Portada","item":"https:\/\/www.eldiario.net\/portal\/"},{"@type":"ListItem","position":2,"name":"Justicia extingue caso por los 36 d\u00edas de paro en Santa Cruz"}]},{"@type":"WebSite","@id":"https:\/\/www.eldiario.net\/portal\/#website","url":"https:\/\/www.eldiario.net\/portal\/","name":"El Diario - Decano de la prensa nacional","description":"El Diario - Decano de la prensa nacional","publisher":{"@id":"https:\/\/www.eldiario.net\/portal\/#organization"},"potentialAction":[{"@type":"SearchAction","target":{"@type":"EntryPoint","urlTemplate":"https:\/\/www.eldiario.net\/portal\/?s={search_term_string}"},"query-input":{"@type":"PropertyValueSpecification","valueRequired":true,"valueName":"search_term_string"}}],"inLanguage":"es"},{"@type":"Organization","@id":"https:\/\/www.eldiario.net\/portal\/#organization","name":"El Diario - Decano de la prensa nacional","url":"https:\/\/www.eldiario.net\/portal\/","logo":{"@type":"ImageObject","inLanguage":"es","@id":"https:\/\/www.eldiario.net\/portal\/#\/schema\/logo\/image\/","url":"https:\/\/www.eldiario.net\/portal\/wp-content\/uploads\/2023\/07\/logo_ED.jpg","contentUrl":"https:\/\/www.eldiario.net\/portal\/wp-content\/uploads\/2023\/07\/logo_ED.jpg","width":272,"height":52,"caption":"El Diario - Decano de la prensa nacional"},"image":{"@id":"https:\/\/www.eldiario.net\/portal\/#\/schema\/logo\/image\/"},"sameAs":["https:\/\/www.facebook.com\/eldiario.bolivia\/","https:\/\/x.com\/eldiario_net"]},{"@type":"Person","@id":"https:\/\/www.eldiario.net\/portal\/#\/schema\/person\/2c57cf2b7a7ae032e449e4c9b1019eac","name":"Jeanette","image":{"@type":"ImageObject","inLanguage":"es","@id":"https:\/\/secure.gravatar.com\/avatar\/3ea2118a5f7dad2b7138b1187a6b7ee55f160b9968b66013c3a3ef39dd7e5798?s=96&d=mm&r=g","url":"https:\/\/secure.gravatar.com\/avatar\/3ea2118a5f7dad2b7138b1187a6b7ee55f160b9968b66013c3a3ef39dd7e5798?s=96&d=mm&r=g","contentUrl":"https:\/\/secure.gravatar.com\/avatar\/3ea2118a5f7dad2b7138b1187a6b7ee55f160b9968b66013c3a3ef39dd7e5798?s=96&d=mm&r=g","caption":"Jeanette"},"sameAs":["https:\/\/www.eldiario.net\/portal"],"url":"https:\/\/www.eldiario.net\/portal\/author\/jeanette\/"}]}},"_links":{"self":[{"href":"https:\/\/www.eldiario.net\/portal\/wp-json\/wp\/v2\/posts\/427821","targetHints":{"allow":["GET"]}}],"collection":[{"href":"https:\/\/www.eldiario.net\/portal\/wp-json\/wp\/v2\/posts"}],"about":[{"href":"https:\/\/www.eldiario.net\/portal\/wp-json\/wp\/v2\/types\/post"}],"author":[{"embeddable":true,"href":"https:\/\/www.eldiario.net\/portal\/wp-json\/wp\/v2\/users\/1"}],"replies":[{"embeddable":true,"href":"https:\/\/www.eldiario.net\/portal\/wp-json\/wp\/v2\/comments?post=427821"}],"version-history":[{"count":1,"href":"https:\/\/www.eldiario.net\/portal\/wp-json\/wp\/v2\/posts\/427821\/revisions"}],"predecessor-version":[{"id":427823,"href":"https:\/\/www.eldiario.net\/portal\/wp-json\/wp\/v2\/posts\/427821\/revisions\/427823"}],"wp:featuredmedia":[{"embeddable":true,"href":"https:\/\/www.eldiario.net\/portal\/wp-json\/wp\/v2\/media\/427822"}],"wp:attachment":[{"href":"https:\/\/www.eldiario.net\/portal\/wp-json\/wp\/v2\/media?parent=427821"}],"wp:term":[{"taxonomy":"category","embeddable":true,"href":"https:\/\/www.eldiario.net\/portal\/wp-json\/wp\/v2\/categories?post=427821"},{"taxonomy":"post_tag","embeddable":true,"href":"https:\/\/www.eldiario.net\/portal\/wp-json\/wp\/v2\/tags?post=427821"}],"curies":[{"name":"wp","href":"https:\/\/api.w.org\/{rel}","templated":true}]}}