{"id":427800,"date":"2026-09-05T00:46:42","date_gmt":"2026-09-05T04:46:42","guid":{"rendered":"https:\/\/www.eldiario.net\/portal\/?p=427800"},"modified":"2026-09-04T21:50:10","modified_gmt":"2026-09-05T01:50:10","slug":"reconocimiento-a-cholitas-escaladoras-en-la-residencia-de-francia","status":"publish","type":"post","link":"https:\/\/www.eldiario.net\/portal\/2026\/09\/05\/reconocimiento-a-cholitas-escaladoras-en-la-residencia-de-francia\/","title":{"rendered":"Reconocimiento a Cholitas Escaladoras en la Residencia de Francia"},"content":{"rendered":"<p>A un a\u00f1o de su haza\u00f1a en los Alpes franceses, Ana L\u00eda, Teodora, Coral\u00ed y Heydi, integrantes de las Cholitas Escaladoras Khunu, recibieron un reconocimiento del Viceministerio de Deportes por haber alcanzado la cima del Mont-Blanc. El acto se realiz\u00f3 en la residencia de Francia con la presencia del viceministro Roberto Bustamante Ponce y el embajador Olivier Fontan.<br \/>\nLas deportistas completaron la traves\u00eda por la ruta hist\u00f3rica y en modalidad tradicional, representando a Bolivia y vistiendo sus emblem\u00e1ticas polleras.<br \/>\nEl homenaje destac\u00f3 su valor, su aporte cultural y su impulso a la igualdad de g\u00e9nero en el deporte. Asimismo, la asociaci\u00f3n agradeci\u00f3 el apoyo t\u00e9cnico de Scarpa y Simond, y la gesti\u00f3n log\u00edstica de Village Monde, claves para la seguridad del ascenso.<\/p>\n\r\n                <style type=\"text\/css\">\r\n                    \r\n                    #tdi_1  .td-doubleSlider-2 .td-item1 {\r\n                        background: url(https:\/\/www.eldiario.net\/portal\/wp-content\/uploads\/2026\/09\/DSC_2706-80x60.webp) 0 0 no-repeat;\r\n                    }\r\n                    #tdi_1  .td-doubleSlider-2 .td-item2 {\r\n                        background: url(https:\/\/www.eldiario.net\/portal\/wp-content\/uploads\/2026\/09\/DSC_2604-80x60.webp) 0 0 no-repeat;\r\n                    }\r\n                    #tdi_1  .td-doubleSlider-2 .td-item3 {\r\n                        background: url(https:\/\/www.eldiario.net\/portal\/wp-content\/uploads\/2026\/09\/DSC_2608-80x60.webp) 0 0 no-repeat;\r\n                    }\r\n                    #tdi_1  .td-doubleSlider-2 .td-item4 {\r\n                        background: url(https:\/\/www.eldiario.net\/portal\/wp-content\/uploads\/2026\/09\/DSC_2612-80x60.webp) 0 0 no-repeat;\r\n                    }\r\n                    #tdi_1  .td-doubleSlider-2 .td-item5 {\r\n                        background: url(https:\/\/www.eldiario.net\/portal\/wp-content\/uploads\/2026\/09\/DSC_2616-80x60.webp) 0 0 no-repeat;\r\n                    }\r\n                    #tdi_1  .td-doubleSlider-2 .td-item6 {\r\n                        background: url(https:\/\/www.eldiario.net\/portal\/wp-content\/uploads\/2026\/09\/DSC_2669-80x60.webp) 0 0 no-repeat;\r\n                    }\r\n                    #tdi_1  .td-doubleSlider-2 .td-item7 {\r\n                        background: url(https:\/\/www.eldiario.net\/portal\/wp-content\/uploads\/2026\/09\/DSC_2692-80x60.webp) 0 0 no-repeat;\r\n                    }\r\n                    #tdi_1  .td-doubleSlider-2 .td-item8 {\r\n                        background: url(https:\/\/www.eldiario.net\/portal\/wp-content\/uploads\/2026\/09\/DSC_2702-80x60.webp) 0 0 no-repeat;\r\n                    }\r\n                    #tdi_1  .td-doubleSlider-2 .td-item9 {\r\n                        background: url(https:\/\/www.eldiario.net\/portal\/wp-content\/uploads\/2026\/09\/DSC_2705-80x60.webp) 0 0 no-repeat;\r\n                    }\r\n                <\/style>\r\n\r\n                <div id=\"tdi_1\" class=\"td-gallery td-slide-on-2-columns\">\r\n                    <div class=\"post_td_gallery\">\r\n                        <div class=\"td-gallery-slide-top\">\r\n                           <div class=\"td-gallery-title\"><\/div>\r\n\r\n                            <div class=\"td-gallery-controls-wrapper\">\r\n                                <div class=\"td-gallery-slide-count\"><span class=\"td-gallery-slide-item-focus\">1<\/span> de 9<\/div>\r\n                                <div class=\"td-gallery-slide-prev-next-but\">\r\n                                    <i class = \"td-icon-left doubleSliderPrevButton\"><\/i>\r\n                                    <i class = \"td-icon-right doubleSliderNextButton\"><\/i>\r\n                                <\/div>\r\n                            <\/div>\r\n                        <\/div>\r\n\r\n                        <div class = \"td-doubleSlider-1 \">\r\n                            <div class = \"td-slider\">\r\n                                \r\n                    <div class = \"td-slide-item td-item1\">\r\n                        <figure class=\"td-slide-galery-figure td-slide-popup-gallery\">\r\n                            <a class=\"slide-gallery-image-link\" href=\"https:\/\/www.eldiario.net\/portal\/wp-content\/uploads\/2026\/09\/DSC_2706.webp\" title=\"DSC_2706\"  data-caption=\"CHRISTIAN RODIA Y TOM DELHOMMEDU.\"  data-description=\"CHRISTIAN RODIA Y TOM DELHOMMEDU.\">\r\n                                <img decoding=\"async\" src=\"https:\/\/www.eldiario.net\/portal\/wp-content\/uploads\/2026\/09\/DSC_2706-629x420.webp\" srcset=\"https:\/\/www.eldiario.net\/portal\/wp-content\/uploads\/2026\/09\/DSC_2706-629x420.webp 629w, https:\/\/www.eldiario.net\/portal\/wp-content\/uploads\/2026\/09\/DSC_2706-300x200.webp 300w, https:\/\/www.eldiario.net\/portal\/wp-content\/uploads\/2026\/09\/DSC_2706-1024x684.webp 1024w, https:\/\/www.eldiario.net\/portal\/wp-content\/uploads\/2026\/09\/DSC_2706-768x513.webp 768w, https:\/\/www.eldiario.net\/portal\/wp-content\/uploads\/2026\/09\/DSC_2706-150x100.webp 150w, https:\/\/www.eldiario.net\/portal\/wp-content\/uploads\/2026\/09\/DSC_2706-696x465.webp 696w, https:\/\/www.eldiario.net\/portal\/wp-content\/uploads\/2026\/09\/DSC_2706-1068x713.webp 1068w, https:\/\/www.eldiario.net\/portal\/wp-content\/uploads\/2026\/09\/DSC_2706.webp 1200w\" sizes=\"(max-width: 629px) 100vw, 629px\" alt=\"\">\r\n                            <\/a>\r\n                            <figcaption class = \"td-slide-caption td-gallery-slide-content\"><div class = \"td-gallery-slide-copywrite\">CHRISTIAN RODIA Y TOM DELHOMMEDU.<\/div><span>CHRISTIAN RODIA Y TOM DELHOMMEDU.<\/span><\/figcaption>\r\n                        <\/figure>\r\n                    <\/div>\r\n                    <div class = \"td-slide-item td-item2\">\r\n                        <figure class=\"td-slide-galery-figure td-slide-popup-gallery\">\r\n                            <a class=\"slide-gallery-image-link\" href=\"https:\/\/www.eldiario.net\/portal\/wp-content\/uploads\/2026\/09\/DSC_2604.webp\" title=\"DSC_2604\"  data-caption=\"CHRISTIAN TISON, EMBAJADOR OLIVIER FONTAN, CARMEN POZO Y ROBERTO \nBUSTAMANTE.\"  data-description=\"CHRISTIAN TISON, EMBAJADOR OLIVIER FONTAN, CARMEN POZO Y ROBERTO \nBUSTAMANTE.\">\r\n                                <img decoding=\"async\" src=\"https:\/\/www.eldiario.net\/portal\/wp-content\/uploads\/2026\/09\/DSC_2604-499x420.webp\" srcset=\"https:\/\/www.eldiario.net\/portal\/wp-content\/uploads\/2026\/09\/DSC_2604-499x420.webp 499w, https:\/\/www.eldiario.net\/portal\/wp-content\/uploads\/2026\/09\/DSC_2604-300x253.webp 300w, https:\/\/www.eldiario.net\/portal\/wp-content\/uploads\/2026\/09\/DSC_2604-1024x863.webp 1024w, https:\/\/www.eldiario.net\/portal\/wp-content\/uploads\/2026\/09\/DSC_2604-768x647.webp 768w, https:\/\/www.eldiario.net\/portal\/wp-content\/uploads\/2026\/09\/DSC_2604-150x126.webp 150w, https:\/\/www.eldiario.net\/portal\/wp-content\/uploads\/2026\/09\/DSC_2604-696x586.webp 696w, https:\/\/www.eldiario.net\/portal\/wp-content\/uploads\/2026\/09\/DSC_2604-1068x900.webp 1068w, https:\/\/www.eldiario.net\/portal\/wp-content\/uploads\/2026\/09\/DSC_2604.webp 1200w\" sizes=\"(max-width: 499px) 100vw, 499px\" alt=\"\">\r\n                            <\/a>\r\n                            <figcaption class = \"td-slide-caption td-gallery-slide-content\"><div class = \"td-gallery-slide-copywrite\">CHRISTIAN TISON, EMBAJADOR OLIVIER FONTAN, CARMEN POZO Y ROBERTO \nBUSTAMANTE.<\/div><span>CHRISTIAN TISON, EMBAJADOR OLIVIER FONTAN, CARMEN POZO Y ROBERTO \nBUSTAMANTE.<\/span><\/figcaption>\r\n                        <\/figure>\r\n                    <\/div>\r\n                    <div class = \"td-slide-item td-item3\">\r\n                        <figure class=\"td-slide-galery-figure td-slide-popup-gallery\">\r\n                            <a class=\"slide-gallery-image-link\" href=\"https:\/\/www.eldiario.net\/portal\/wp-content\/uploads\/2026\/09\/DSC_2608.webp\" title=\"DSC_2608\"  data-caption=\"DENIS GEISTLICH, MILENA VILLEU Y CHRISTIAN RODIA.\"  data-description=\"DENIS GEISTLICH, MILENA VILLEU Y CHRISTIAN RODIA.\">\r\n                                <img decoding=\"async\" src=\"https:\/\/www.eldiario.net\/portal\/wp-content\/uploads\/2026\/09\/DSC_2608-499x420.webp\" srcset=\"https:\/\/www.eldiario.net\/portal\/wp-content\/uploads\/2026\/09\/DSC_2608-499x420.webp 499w, https:\/\/www.eldiario.net\/portal\/wp-content\/uploads\/2026\/09\/DSC_2608-300x253.webp 300w, https:\/\/www.eldiario.net\/portal\/wp-content\/uploads\/2026\/09\/DSC_2608-1024x863.webp 1024w, https:\/\/www.eldiario.net\/portal\/wp-content\/uploads\/2026\/09\/DSC_2608-768x647.webp 768w, https:\/\/www.eldiario.net\/portal\/wp-content\/uploads\/2026\/09\/DSC_2608-150x126.webp 150w, https:\/\/www.eldiario.net\/portal\/wp-content\/uploads\/2026\/09\/DSC_2608-696x586.webp 696w, https:\/\/www.eldiario.net\/portal\/wp-content\/uploads\/2026\/09\/DSC_2608-1068x900.webp 1068w, https:\/\/www.eldiario.net\/portal\/wp-content\/uploads\/2026\/09\/DSC_2608.webp 1200w\" sizes=\"(max-width: 499px) 100vw, 499px\" alt=\"\">\r\n                            <\/a>\r\n                            <figcaption class = \"td-slide-caption td-gallery-slide-content\"><div class = \"td-gallery-slide-copywrite\">DENIS GEISTLICH, MILENA VILLEU Y CHRISTIAN RODIA.<\/div><span>DENIS GEISTLICH, MILENA VILLEU Y CHRISTIAN RODIA.<\/span><\/figcaption>\r\n                        <\/figure>\r\n                    <\/div>\r\n                    <div class = \"td-slide-item td-item4\">\r\n                        <figure class=\"td-slide-galery-figure td-slide-popup-gallery\">\r\n                            <a class=\"slide-gallery-image-link\" href=\"https:\/\/www.eldiario.net\/portal\/wp-content\/uploads\/2026\/09\/DSC_2612.webp\" title=\"DSC_2612\"  data-caption=\"\"  data-description=\"\">\r\n                                <img decoding=\"async\" src=\"https:\/\/www.eldiario.net\/portal\/wp-content\/uploads\/2026\/09\/DSC_2612-629x420.webp\" srcset=\"https:\/\/www.eldiario.net\/portal\/wp-content\/uploads\/2026\/09\/DSC_2612-629x420.webp 629w, https:\/\/www.eldiario.net\/portal\/wp-content\/uploads\/2026\/09\/DSC_2612-300x200.webp 300w, https:\/\/www.eldiario.net\/portal\/wp-content\/uploads\/2026\/09\/DSC_2612-1024x684.webp 1024w, https:\/\/www.eldiario.net\/portal\/wp-content\/uploads\/2026\/09\/DSC_2612-768x513.webp 768w, https:\/\/www.eldiario.net\/portal\/wp-content\/uploads\/2026\/09\/DSC_2612-150x100.webp 150w, https:\/\/www.eldiario.net\/portal\/wp-content\/uploads\/2026\/09\/DSC_2612-696x465.webp 696w, https:\/\/www.eldiario.net\/portal\/wp-content\/uploads\/2026\/09\/DSC_2612-1068x713.webp 1068w, https:\/\/www.eldiario.net\/portal\/wp-content\/uploads\/2026\/09\/DSC_2612.webp 1200w\" sizes=\"(max-width: 629px) 100vw, 629px\" alt=\"\">\r\n                            <\/a>\r\n                            \r\n                        <\/figure>\r\n                    <\/div>\r\n                    <div class = \"td-slide-item td-item5\">\r\n                        <figure class=\"td-slide-galery-figure td-slide-popup-gallery\">\r\n                            <a class=\"slide-gallery-image-link\" href=\"https:\/\/www.eldiario.net\/portal\/wp-content\/uploads\/2026\/09\/DSC_2616.webp\" title=\"DSC_2616\"  data-caption=\"OLIVIER FONTAN, EMBAJADOR DE FRANCIA.\"  data-description=\"OLIVIER FONTAN, EMBAJADOR DE FRANCIA.\">\r\n                                <img decoding=\"async\" src=\"https:\/\/www.eldiario.net\/portal\/wp-content\/uploads\/2026\/09\/DSC_2616-629x420.webp\" srcset=\"https:\/\/www.eldiario.net\/portal\/wp-content\/uploads\/2026\/09\/DSC_2616-629x420.webp 629w, https:\/\/www.eldiario.net\/portal\/wp-content\/uploads\/2026\/09\/DSC_2616-300x200.webp 300w, https:\/\/www.eldiario.net\/portal\/wp-content\/uploads\/2026\/09\/DSC_2616-1024x684.webp 1024w, https:\/\/www.eldiario.net\/portal\/wp-content\/uploads\/2026\/09\/DSC_2616-768x513.webp 768w, https:\/\/www.eldiario.net\/portal\/wp-content\/uploads\/2026\/09\/DSC_2616-150x100.webp 150w, https:\/\/www.eldiario.net\/portal\/wp-content\/uploads\/2026\/09\/DSC_2616-696x465.webp 696w, https:\/\/www.eldiario.net\/portal\/wp-content\/uploads\/2026\/09\/DSC_2616-1068x713.webp 1068w, https:\/\/www.eldiario.net\/portal\/wp-content\/uploads\/2026\/09\/DSC_2616.webp 1200w\" sizes=\"(max-width: 629px) 100vw, 629px\" alt=\"\">\r\n                            <\/a>\r\n                            <figcaption class = \"td-slide-caption td-gallery-slide-content\"><div class = \"td-gallery-slide-copywrite\">OLIVIER FONTAN, EMBAJADOR DE FRANCIA.<\/div><span>OLIVIER FONTAN, EMBAJADOR DE FRANCIA.<\/span><\/figcaption>\r\n                        <\/figure>\r\n                    <\/div>\r\n                    <div class = \"td-slide-item td-item6\">\r\n                        <figure class=\"td-slide-galery-figure td-slide-popup-gallery\">\r\n                            <a class=\"slide-gallery-image-link\" href=\"https:\/\/www.eldiario.net\/portal\/wp-content\/uploads\/2026\/09\/DSC_2669.webp\" title=\"DSC_2669\"  data-caption=\"EL VICEMINISTRO ROBERTO BUSTAMANTE \nENTREGA EL RECONOCIMIENTO  MENCI\u00d3N ESPECIAL AL M\u00c9RITO DEPORTIVO A ANA L\u00cdA GONZALES.\"  data-description=\"EL VICEMINISTRO ROBERTO BUSTAMANTE \nENTREGA EL RECONOCIMIENTO  MENCI&Oacute;N ESPECIAL AL M&Eacute;RITO DEPORTIVO A ANA L&Iacute;A GONZALES.\">\r\n                                <img decoding=\"async\" src=\"https:\/\/www.eldiario.net\/portal\/wp-content\/uploads\/2026\/09\/DSC_2669-629x420.webp\" srcset=\"https:\/\/www.eldiario.net\/portal\/wp-content\/uploads\/2026\/09\/DSC_2669-629x420.webp 629w, https:\/\/www.eldiario.net\/portal\/wp-content\/uploads\/2026\/09\/DSC_2669-300x200.webp 300w, https:\/\/www.eldiario.net\/portal\/wp-content\/uploads\/2026\/09\/DSC_2669-1024x684.webp 1024w, https:\/\/www.eldiario.net\/portal\/wp-content\/uploads\/2026\/09\/DSC_2669-768x513.webp 768w, https:\/\/www.eldiario.net\/portal\/wp-content\/uploads\/2026\/09\/DSC_2669-150x100.webp 150w, https:\/\/www.eldiario.net\/portal\/wp-content\/uploads\/2026\/09\/DSC_2669-696x465.webp 696w, https:\/\/www.eldiario.net\/portal\/wp-content\/uploads\/2026\/09\/DSC_2669-1068x713.webp 1068w, https:\/\/www.eldiario.net\/portal\/wp-content\/uploads\/2026\/09\/DSC_2669.webp 1200w\" sizes=\"(max-width: 629px) 100vw, 629px\" alt=\"\">\r\n                            <\/a>\r\n                            <figcaption class = \"td-slide-caption td-gallery-slide-content\"><div class = \"td-gallery-slide-copywrite\">EL VICEMINISTRO ROBERTO BUSTAMANTE \nENTREGA EL RECONOCIMIENTO  MENCI\u00d3N ESPECIAL AL M\u00c9RITO DEPORTIVO A ANA L\u00cdA GONZALES.<\/div><span>EL VICEMINISTRO ROBERTO BUSTAMANTE \nENTREGA EL RECONOCIMIENTO  MENCI\u00d3N ESPECIAL AL M\u00c9RITO DEPORTIVO A ANA L\u00cdA GONZALES.<\/span><\/figcaption>\r\n                        <\/figure>\r\n                    <\/div>\r\n                    <div class = \"td-slide-item td-item7\">\r\n                        <figure class=\"td-slide-galery-figure td-slide-popup-gallery\">\r\n                            <a class=\"slide-gallery-image-link\" href=\"https:\/\/www.eldiario.net\/portal\/wp-content\/uploads\/2026\/09\/DSC_2692.webp\" title=\"DSC_2692\"  data-caption=\"\"  data-description=\"\">\r\n                                <img decoding=\"async\" src=\"https:\/\/www.eldiario.net\/portal\/wp-content\/uploads\/2026\/09\/DSC_2692-629x420.webp\" srcset=\"https:\/\/www.eldiario.net\/portal\/wp-content\/uploads\/2026\/09\/DSC_2692-629x420.webp 629w, https:\/\/www.eldiario.net\/portal\/wp-content\/uploads\/2026\/09\/DSC_2692-300x200.webp 300w, https:\/\/www.eldiario.net\/portal\/wp-content\/uploads\/2026\/09\/DSC_2692-1024x684.webp 1024w, https:\/\/www.eldiario.net\/portal\/wp-content\/uploads\/2026\/09\/DSC_2692-768x513.webp 768w, https:\/\/www.eldiario.net\/portal\/wp-content\/uploads\/2026\/09\/DSC_2692-150x100.webp 150w, https:\/\/www.eldiario.net\/portal\/wp-content\/uploads\/2026\/09\/DSC_2692-696x465.webp 696w, https:\/\/www.eldiario.net\/portal\/wp-content\/uploads\/2026\/09\/DSC_2692-1068x713.webp 1068w, https:\/\/www.eldiario.net\/portal\/wp-content\/uploads\/2026\/09\/DSC_2692.webp 1200w\" sizes=\"(max-width: 629px) 100vw, 629px\" alt=\"\">\r\n                            <\/a>\r\n                            \r\n                        <\/figure>\r\n                    <\/div>\r\n                    <div class = \"td-slide-item td-item8\">\r\n                        <figure class=\"td-slide-galery-figure td-slide-popup-gallery\">\r\n                            <a class=\"slide-gallery-image-link\" href=\"https:\/\/www.eldiario.net\/portal\/wp-content\/uploads\/2026\/09\/DSC_2702.webp\" title=\"DSC_2702\"  data-caption=\"\"  data-description=\"VICEMINISTRO ROBERTO BUSTAMANTE Y EMBAJADOR OLIVIER FONTAN JUNTO A LAS CHOLITAS \nESCALADORAS KHUNU.\">\r\n                                <img decoding=\"async\" src=\"https:\/\/www.eldiario.net\/portal\/wp-content\/uploads\/2026\/09\/DSC_2702-629x420.webp\" srcset=\"https:\/\/www.eldiario.net\/portal\/wp-content\/uploads\/2026\/09\/DSC_2702-629x420.webp 629w, https:\/\/www.eldiario.net\/portal\/wp-content\/uploads\/2026\/09\/DSC_2702-300x200.webp 300w, https:\/\/www.eldiario.net\/portal\/wp-content\/uploads\/2026\/09\/DSC_2702-1024x684.webp 1024w, https:\/\/www.eldiario.net\/portal\/wp-content\/uploads\/2026\/09\/DSC_2702-768x513.webp 768w, https:\/\/www.eldiario.net\/portal\/wp-content\/uploads\/2026\/09\/DSC_2702-150x100.webp 150w, https:\/\/www.eldiario.net\/portal\/wp-content\/uploads\/2026\/09\/DSC_2702-696x465.webp 696w, https:\/\/www.eldiario.net\/portal\/wp-content\/uploads\/2026\/09\/DSC_2702-1068x713.webp 1068w, https:\/\/www.eldiario.net\/portal\/wp-content\/uploads\/2026\/09\/DSC_2702.webp 1200w\" sizes=\"(max-width: 629px) 100vw, 629px\" alt=\"\">\r\n                            <\/a>\r\n                            <figcaption class = \"td-slide-caption td-gallery-slide-content\"><span>VICEMINISTRO ROBERTO BUSTAMANTE Y EMBAJADOR OLIVIER FONTAN JUNTO A LAS CHOLITAS \nESCALADORAS KHUNU.<\/span><\/figcaption>\r\n                        <\/figure>\r\n                    <\/div>\r\n                    <div class = \"td-slide-item td-item9\">\r\n                        <figure class=\"td-slide-galery-figure td-slide-popup-gallery\">\r\n                            <a class=\"slide-gallery-image-link\" href=\"https:\/\/www.eldiario.net\/portal\/wp-content\/uploads\/2026\/09\/DSC_2705.webp\" title=\"DSC_2705\"  data-caption=\"ALEJANDRA URZAGASTE, FABI\u00c1N \nESPINOZA Y BRENDA VALDEZ.\"  data-description=\"ALEJANDRA URZAGASTE, FABI&Aacute;N \nESPINOZA Y BRENDA VALDEZ.\">\r\n                                <img decoding=\"async\" src=\"https:\/\/www.eldiario.net\/portal\/wp-content\/uploads\/2026\/09\/DSC_2705-629x420.webp\" srcset=\"https:\/\/www.eldiario.net\/portal\/wp-content\/uploads\/2026\/09\/DSC_2705-629x420.webp 629w, https:\/\/www.eldiario.net\/portal\/wp-content\/uploads\/2026\/09\/DSC_2705-300x200.webp 300w, https:\/\/www.eldiario.net\/portal\/wp-content\/uploads\/2026\/09\/DSC_2705-1024x684.webp 1024w, https:\/\/www.eldiario.net\/portal\/wp-content\/uploads\/2026\/09\/DSC_2705-768x513.webp 768w, https:\/\/www.eldiario.net\/portal\/wp-content\/uploads\/2026\/09\/DSC_2705-150x100.webp 150w, https:\/\/www.eldiario.net\/portal\/wp-content\/uploads\/2026\/09\/DSC_2705-696x465.webp 696w, https:\/\/www.eldiario.net\/portal\/wp-content\/uploads\/2026\/09\/DSC_2705-1068x713.webp 1068w, https:\/\/www.eldiario.net\/portal\/wp-content\/uploads\/2026\/09\/DSC_2705.webp 1200w\" sizes=\"(max-width: 629px) 100vw, 629px\" alt=\"\">\r\n                            <\/a>\r\n                            <figcaption class = \"td-slide-caption td-gallery-slide-content\"><div class = \"td-gallery-slide-copywrite\">ALEJANDRA URZAGASTE, FABI\u00c1N \nESPINOZA Y BRENDA VALDEZ.<\/div><span>ALEJANDRA URZAGASTE, FABI\u00c1N \nESPINOZA Y BRENDA VALDEZ.<\/span><\/figcaption>\r\n                        <\/figure>\r\n                    <\/div>\r\n                            <\/div>\r\n                        <\/div>\r\n\r\n                        <div class = \"td-doubleSlider-2\">\r\n                            <div class = \"td-slider\">\r\n                                \r\n                    <div class = \"td-button td-item1\">\r\n                        <div class = \"td-border\"><\/div>\r\n                    <\/div>\r\n                    <div class = \"td-button td-item2\">\r\n                        <div class = \"td-border\"><\/div>\r\n                    <\/div>\r\n                    <div class = \"td-button td-item3\">\r\n                        <div class = \"td-border\"><\/div>\r\n                    <\/div>\r\n                    <div class = \"td-button td-item4\">\r\n                        <div class = \"td-border\"><\/div>\r\n                    <\/div>\r\n                    <div class = \"td-button td-item5\">\r\n                        <div class = \"td-border\"><\/div>\r\n                    <\/div>\r\n                    <div class = \"td-button td-item6\">\r\n                        <div class = \"td-border\"><\/div>\r\n                    <\/div>\r\n                    <div class = \"td-button td-item7\">\r\n                        <div class = \"td-border\"><\/div>\r\n                    <\/div>\r\n                    <div class = \"td-button td-item8\">\r\n                        <div class = \"td-border\"><\/div>\r\n                    <\/div>\r\n                    <div class = \"td-button td-item9\">\r\n                        <div class = \"td-border\"><\/div>\r\n                    <\/div>\r\n                            <\/div>\r\n                        <\/div>\r\n\r\n                    <\/div>\r\n\r\n                <\/div>\r\n                \n","protected":false},"excerpt":{"rendered":"<p>A un a\u00f1o de su haza\u00f1a en los Alpes franceses, Ana L\u00eda, Teodora, Coral\u00ed y Heydi, integrantes de las Cholitas Escaladoras Khunu, recibieron un reconocimiento del Viceministerio de Deportes por haber alcanzado la cima del Mont-Blanc. El acto se realiz\u00f3 en la residencia de Francia con la presencia del viceministro Roberto Bustamante Ponce y el [&hellip;]<\/p>\n","protected":false},"author":1,"featured_media":427808,"comment_status":"closed","ping_status":"open","sticky":false,"template":"","format":"standard","meta":{"_acf_changed":false,"footnotes":""},"categories":[40],"tags":[],"class_list":["post-427800","post","type-post","status-publish","format-standard","has-post-thumbnail","category-sociales"],"acf":{"antetitulo":""},"yoast_head":"<!-- This site is optimized with the Yoast SEO plugin v28.4 - https:\/\/yoast.com\/product\/yoast-seo-wordpress\/ -->\n<title>Reconocimiento a Cholitas Escaladoras en la Residencia de Francia - El Diario - Bolivia<\/title>\n<meta name=\"robots\" content=\"index, follow, max-snippet:-1, max-image-preview:large, max-video-preview:-1\" \/>\n<link rel=\"canonical\" href=\"https:\/\/www.eldiario.net\/portal\/2026\/09\/05\/reconocimiento-a-cholitas-escaladoras-en-la-residencia-de-francia\/\" \/>\n<meta property=\"og:locale\" content=\"es_ES\" \/>\n<meta property=\"og:type\" content=\"article\" \/>\n<meta property=\"og:title\" content=\"Reconocimiento a Cholitas Escaladoras en la Residencia de Francia - El Diario - Bolivia\" \/>\n<meta property=\"og:description\" content=\"A un a\u00f1o de su haza\u00f1a en los Alpes franceses, Ana L\u00eda, Teodora, Coral\u00ed y Heydi, integrantes de las Cholitas Escaladoras Khunu, recibieron un reconocimiento del Viceministerio de Deportes por haber alcanzado la cima del Mont-Blanc. El acto se realiz\u00f3 en la residencia de Francia con la presencia del viceministro Roberto Bustamante Ponce y el [&hellip;]\" \/>\n<meta property=\"og:url\" content=\"https:\/\/www.eldiario.net\/portal\/2026\/09\/05\/reconocimiento-a-cholitas-escaladoras-en-la-residencia-de-francia\/\" \/>\n<meta property=\"og:site_name\" content=\"El Diario - Bolivia\" \/>\n<meta property=\"article:publisher\" content=\"https:\/\/www.facebook.com\/eldiario.bolivia\/\" \/>\n<meta property=\"article:published_time\" content=\"2026-09-05T04:46:42+00:00\" \/>\n<meta property=\"og:image\" content=\"https:\/\/www.eldiario.net\/portal\/wp-content\/uploads\/2026\/09\/DSC_2702.webp\" \/>\n\t<meta property=\"og:image:width\" content=\"1200\" \/>\n\t<meta property=\"og:image:height\" content=\"801\" \/>\n\t<meta property=\"og:image:type\" content=\"image\/webp\" \/>\n<meta name=\"author\" content=\"Jeanette\" \/>\n<meta name=\"twitter:card\" content=\"summary_large_image\" \/>\n<meta name=\"twitter:creator\" content=\"@eldiario_net\" \/>\n<meta name=\"twitter:site\" content=\"@eldiario_net\" \/>\n<meta name=\"twitter:label1\" content=\"Escrito por\" \/>\n\t<meta name=\"twitter:data1\" content=\"Jeanette\" \/>\n\t<meta name=\"twitter:label2\" content=\"Tiempo de lectura\" \/>\n\t<meta name=\"twitter:data2\" content=\"1 minuto\" \/>\n<script type=\"application\/ld+json\" class=\"yoast-schema-graph\">{\"@context\":\"https:\\\/\\\/schema.org\",\"@graph\":[{\"@type\":\"Article\",\"@id\":\"https:\\\/\\\/www.eldiario.net\\\/portal\\\/2026\\\/09\\\/05\\\/reconocimiento-a-cholitas-escaladoras-en-la-residencia-de-francia\\\/#article\",\"isPartOf\":{\"@id\":\"https:\\\/\\\/www.eldiario.net\\\/portal\\\/2026\\\/09\\\/05\\\/reconocimiento-a-cholitas-escaladoras-en-la-residencia-de-francia\\\/\"},\"author\":{\"name\":\"Jeanette\",\"@id\":\"https:\\\/\\\/www.eldiario.net\\\/portal\\\/#\\\/schema\\\/person\\\/2c57cf2b7a7ae032e449e4c9b1019eac\"},\"headline\":\"Reconocimiento a Cholitas Escaladoras en la Residencia de Francia\",\"datePublished\":\"2026-09-05T04:46:42+00:00\",\"mainEntityOfPage\":{\"@id\":\"https:\\\/\\\/www.eldiario.net\\\/portal\\\/2026\\\/09\\\/05\\\/reconocimiento-a-cholitas-escaladoras-en-la-residencia-de-francia\\\/\"},\"wordCount\":151,\"publisher\":{\"@id\":\"https:\\\/\\\/www.eldiario.net\\\/portal\\\/#organization\"},\"image\":{\"@id\":\"https:\\\/\\\/www.eldiario.net\\\/portal\\\/2026\\\/09\\\/05\\\/reconocimiento-a-cholitas-escaladoras-en-la-residencia-de-francia\\\/#primaryimage\"},\"thumbnailUrl\":\"https:\\\/\\\/www.eldiario.net\\\/portal\\\/wp-content\\\/uploads\\\/2026\\\/09\\\/DSC_2702.webp\",\"articleSection\":[\"Sociales\"],\"inLanguage\":\"es\"},{\"@type\":\"WebPage\",\"@id\":\"https:\\\/\\\/www.eldiario.net\\\/portal\\\/2026\\\/09\\\/05\\\/reconocimiento-a-cholitas-escaladoras-en-la-residencia-de-francia\\\/\",\"url\":\"https:\\\/\\\/www.eldiario.net\\\/portal\\\/2026\\\/09\\\/05\\\/reconocimiento-a-cholitas-escaladoras-en-la-residencia-de-francia\\\/\",\"name\":\"Reconocimiento a Cholitas Escaladoras en la Residencia de Francia - El Diario - Bolivia\",\"isPartOf\":{\"@id\":\"https:\\\/\\\/www.eldiario.net\\\/portal\\\/#website\"},\"primaryImageOfPage\":{\"@id\":\"https:\\\/\\\/www.eldiario.net\\\/portal\\\/2026\\\/09\\\/05\\\/reconocimiento-a-cholitas-escaladoras-en-la-residencia-de-francia\\\/#primaryimage\"},\"image\":{\"@id\":\"https:\\\/\\\/www.eldiario.net\\\/portal\\\/2026\\\/09\\\/05\\\/reconocimiento-a-cholitas-escaladoras-en-la-residencia-de-francia\\\/#primaryimage\"},\"thumbnailUrl\":\"https:\\\/\\\/www.eldiario.net\\\/portal\\\/wp-content\\\/uploads\\\/2026\\\/09\\\/DSC_2702.webp\",\"datePublished\":\"2026-09-05T04:46:42+00:00\",\"breadcrumb\":{\"@id\":\"https:\\\/\\\/www.eldiario.net\\\/portal\\\/2026\\\/09\\\/05\\\/reconocimiento-a-cholitas-escaladoras-en-la-residencia-de-francia\\\/#breadcrumb\"},\"inLanguage\":\"es\",\"potentialAction\":[{\"@type\":\"ReadAction\",\"target\":[\"https:\\\/\\\/www.eldiario.net\\\/portal\\\/2026\\\/09\\\/05\\\/reconocimiento-a-cholitas-escaladoras-en-la-residencia-de-francia\\\/\"]}]},{\"@type\":\"ImageObject\",\"inLanguage\":\"es\",\"@id\":\"https:\\\/\\\/www.eldiario.net\\\/portal\\\/2026\\\/09\\\/05\\\/reconocimiento-a-cholitas-escaladoras-en-la-residencia-de-francia\\\/#primaryimage\",\"url\":\"https:\\\/\\\/www.eldiario.net\\\/portal\\\/wp-content\\\/uploads\\\/2026\\\/09\\\/DSC_2702.webp\",\"contentUrl\":\"https:\\\/\\\/www.eldiario.net\\\/portal\\\/wp-content\\\/uploads\\\/2026\\\/09\\\/DSC_2702.webp\",\"width\":1200,\"height\":801},{\"@type\":\"BreadcrumbList\",\"@id\":\"https:\\\/\\\/www.eldiario.net\\\/portal\\\/2026\\\/09\\\/05\\\/reconocimiento-a-cholitas-escaladoras-en-la-residencia-de-francia\\\/#breadcrumb\",\"itemListElement\":[{\"@type\":\"ListItem\",\"position\":1,\"name\":\"Portada\",\"item\":\"https:\\\/\\\/www.eldiario.net\\\/portal\\\/\"},{\"@type\":\"ListItem\",\"position\":2,\"name\":\"Reconocimiento a Cholitas Escaladoras en la Residencia de Francia\"}]},{\"@type\":\"WebSite\",\"@id\":\"https:\\\/\\\/www.eldiario.net\\\/portal\\\/#website\",\"url\":\"https:\\\/\\\/www.eldiario.net\\\/portal\\\/\",\"name\":\"El Diario - Decano de la prensa nacional\",\"description\":\"El Diario - Decano de la prensa nacional\",\"publisher\":{\"@id\":\"https:\\\/\\\/www.eldiario.net\\\/portal\\\/#organization\"},\"potentialAction\":[{\"@type\":\"SearchAction\",\"target\":{\"@type\":\"EntryPoint\",\"urlTemplate\":\"https:\\\/\\\/www.eldiario.net\\\/portal\\\/?s={search_term_string}\"},\"query-input\":{\"@type\":\"PropertyValueSpecification\",\"valueRequired\":true,\"valueName\":\"search_term_string\"}}],\"inLanguage\":\"es\"},{\"@type\":\"Organization\",\"@id\":\"https:\\\/\\\/www.eldiario.net\\\/portal\\\/#organization\",\"name\":\"El Diario - Decano de la prensa nacional\",\"url\":\"https:\\\/\\\/www.eldiario.net\\\/portal\\\/\",\"logo\":{\"@type\":\"ImageObject\",\"inLanguage\":\"es\",\"@id\":\"https:\\\/\\\/www.eldiario.net\\\/portal\\\/#\\\/schema\\\/logo\\\/image\\\/\",\"url\":\"https:\\\/\\\/www.eldiario.net\\\/portal\\\/wp-content\\\/uploads\\\/2023\\\/07\\\/logo_ED.jpg\",\"contentUrl\":\"https:\\\/\\\/www.eldiario.net\\\/portal\\\/wp-content\\\/uploads\\\/2023\\\/07\\\/logo_ED.jpg\",\"width\":272,\"height\":52,\"caption\":\"El Diario - Decano de la prensa nacional\"},\"image\":{\"@id\":\"https:\\\/\\\/www.eldiario.net\\\/portal\\\/#\\\/schema\\\/logo\\\/image\\\/\"},\"sameAs\":[\"https:\\\/\\\/www.facebook.com\\\/eldiario.bolivia\\\/\",\"https:\\\/\\\/x.com\\\/eldiario_net\"]},{\"@type\":\"Person\",\"@id\":\"https:\\\/\\\/www.eldiario.net\\\/portal\\\/#\\\/schema\\\/person\\\/2c57cf2b7a7ae032e449e4c9b1019eac\",\"name\":\"Jeanette\",\"image\":{\"@type\":\"ImageObject\",\"inLanguage\":\"es\",\"@id\":\"https:\\\/\\\/secure.gravatar.com\\\/avatar\\\/3ea2118a5f7dad2b7138b1187a6b7ee55f160b9968b66013c3a3ef39dd7e5798?s=96&d=mm&r=g\",\"url\":\"https:\\\/\\\/secure.gravatar.com\\\/avatar\\\/3ea2118a5f7dad2b7138b1187a6b7ee55f160b9968b66013c3a3ef39dd7e5798?s=96&d=mm&r=g\",\"contentUrl\":\"https:\\\/\\\/secure.gravatar.com\\\/avatar\\\/3ea2118a5f7dad2b7138b1187a6b7ee55f160b9968b66013c3a3ef39dd7e5798?s=96&d=mm&r=g\",\"caption\":\"Jeanette\"},\"sameAs\":[\"https:\\\/\\\/www.eldiario.net\\\/portal\"],\"url\":\"https:\\\/\\\/www.eldiario.net\\\/portal\\\/author\\\/jeanette\\\/\"}]}<\/script>\n<!-- \/ Yoast SEO plugin. -->","yoast_head_json":{"title":"Reconocimiento a Cholitas Escaladoras en la Residencia de Francia - El Diario - Bolivia","robots":{"index":"index","follow":"follow","max-snippet":"max-snippet:-1","max-image-preview":"max-image-preview:large","max-video-preview":"max-video-preview:-1"},"canonical":"https:\/\/www.eldiario.net\/portal\/2026\/09\/05\/reconocimiento-a-cholitas-escaladoras-en-la-residencia-de-francia\/","og_locale":"es_ES","og_type":"article","og_title":"Reconocimiento a Cholitas Escaladoras en la Residencia de Francia - El Diario - Bolivia","og_description":"A un a\u00f1o de su haza\u00f1a en los Alpes franceses, Ana L\u00eda, Teodora, Coral\u00ed y Heydi, integrantes de las Cholitas Escaladoras Khunu, recibieron un reconocimiento del Viceministerio de Deportes por haber alcanzado la cima del Mont-Blanc. El acto se realiz\u00f3 en la residencia de Francia con la presencia del viceministro Roberto Bustamante Ponce y el [&hellip;]","og_url":"https:\/\/www.eldiario.net\/portal\/2026\/09\/05\/reconocimiento-a-cholitas-escaladoras-en-la-residencia-de-francia\/","og_site_name":"El Diario - Bolivia","article_publisher":"https:\/\/www.facebook.com\/eldiario.bolivia\/","article_published_time":"2026-09-05T04:46:42+00:00","og_image":[{"width":1200,"height":801,"url":"https:\/\/www.eldiario.net\/portal\/wp-content\/uploads\/2026\/09\/DSC_2702.webp","type":"image\/webp"}],"author":"Jeanette","twitter_card":"summary_large_image","twitter_creator":"@eldiario_net","twitter_site":"@eldiario_net","twitter_misc":{"Escrito por":"Jeanette","Tiempo de lectura":"1 minuto"},"schema":{"@context":"https:\/\/schema.org","@graph":[{"@type":"Article","@id":"https:\/\/www.eldiario.net\/portal\/2026\/09\/05\/reconocimiento-a-cholitas-escaladoras-en-la-residencia-de-francia\/#article","isPartOf":{"@id":"https:\/\/www.eldiario.net\/portal\/2026\/09\/05\/reconocimiento-a-cholitas-escaladoras-en-la-residencia-de-francia\/"},"author":{"name":"Jeanette","@id":"https:\/\/www.eldiario.net\/portal\/#\/schema\/person\/2c57cf2b7a7ae032e449e4c9b1019eac"},"headline":"Reconocimiento a Cholitas Escaladoras en la Residencia de Francia","datePublished":"2026-09-05T04:46:42+00:00","mainEntityOfPage":{"@id":"https:\/\/www.eldiario.net\/portal\/2026\/09\/05\/reconocimiento-a-cholitas-escaladoras-en-la-residencia-de-francia\/"},"wordCount":151,"publisher":{"@id":"https:\/\/www.eldiario.net\/portal\/#organization"},"image":{"@id":"https:\/\/www.eldiario.net\/portal\/2026\/09\/05\/reconocimiento-a-cholitas-escaladoras-en-la-residencia-de-francia\/#primaryimage"},"thumbnailUrl":"https:\/\/www.eldiario.net\/portal\/wp-content\/uploads\/2026\/09\/DSC_2702.webp","articleSection":["Sociales"],"inLanguage":"es"},{"@type":"WebPage","@id":"https:\/\/www.eldiario.net\/portal\/2026\/09\/05\/reconocimiento-a-cholitas-escaladoras-en-la-residencia-de-francia\/","url":"https:\/\/www.eldiario.net\/portal\/2026\/09\/05\/reconocimiento-a-cholitas-escaladoras-en-la-residencia-de-francia\/","name":"Reconocimiento a Cholitas Escaladoras en la Residencia de Francia - El Diario - Bolivia","isPartOf":{"@id":"https:\/\/www.eldiario.net\/portal\/#website"},"primaryImageOfPage":{"@id":"https:\/\/www.eldiario.net\/portal\/2026\/09\/05\/reconocimiento-a-cholitas-escaladoras-en-la-residencia-de-francia\/#primaryimage"},"image":{"@id":"https:\/\/www.eldiario.net\/portal\/2026\/09\/05\/reconocimiento-a-cholitas-escaladoras-en-la-residencia-de-francia\/#primaryimage"},"thumbnailUrl":"https:\/\/www.eldiario.net\/portal\/wp-content\/uploads\/2026\/09\/DSC_2702.webp","datePublished":"2026-09-05T04:46:42+00:00","breadcrumb":{"@id":"https:\/\/www.eldiario.net\/portal\/2026\/09\/05\/reconocimiento-a-cholitas-escaladoras-en-la-residencia-de-francia\/#breadcrumb"},"inLanguage":"es","potentialAction":[{"@type":"ReadAction","target":["https:\/\/www.eldiario.net\/portal\/2026\/09\/05\/reconocimiento-a-cholitas-escaladoras-en-la-residencia-de-francia\/"]}]},{"@type":"ImageObject","inLanguage":"es","@id":"https:\/\/www.eldiario.net\/portal\/2026\/09\/05\/reconocimiento-a-cholitas-escaladoras-en-la-residencia-de-francia\/#primaryimage","url":"https:\/\/www.eldiario.net\/portal\/wp-content\/uploads\/2026\/09\/DSC_2702.webp","contentUrl":"https:\/\/www.eldiario.net\/portal\/wp-content\/uploads\/2026\/09\/DSC_2702.webp","width":1200,"height":801},{"@type":"BreadcrumbList","@id":"https:\/\/www.eldiario.net\/portal\/2026\/09\/05\/reconocimiento-a-cholitas-escaladoras-en-la-residencia-de-francia\/#breadcrumb","itemListElement":[{"@type":"ListItem","position":1,"name":"Portada","item":"https:\/\/www.eldiario.net\/portal\/"},{"@type":"ListItem","position":2,"name":"Reconocimiento a Cholitas Escaladoras en la Residencia de Francia"}]},{"@type":"WebSite","@id":"https:\/\/www.eldiario.net\/portal\/#website","url":"https:\/\/www.eldiario.net\/portal\/","name":"El Diario - Decano de la prensa nacional","description":"El Diario - Decano de la prensa nacional","publisher":{"@id":"https:\/\/www.eldiario.net\/portal\/#organization"},"potentialAction":[{"@type":"SearchAction","target":{"@type":"EntryPoint","urlTemplate":"https:\/\/www.eldiario.net\/portal\/?s={search_term_string}"},"query-input":{"@type":"PropertyValueSpecification","valueRequired":true,"valueName":"search_term_string"}}],"inLanguage":"es"},{"@type":"Organization","@id":"https:\/\/www.eldiario.net\/portal\/#organization","name":"El Diario - Decano de la prensa nacional","url":"https:\/\/www.eldiario.net\/portal\/","logo":{"@type":"ImageObject","inLanguage":"es","@id":"https:\/\/www.eldiario.net\/portal\/#\/schema\/logo\/image\/","url":"https:\/\/www.eldiario.net\/portal\/wp-content\/uploads\/2023\/07\/logo_ED.jpg","contentUrl":"https:\/\/www.eldiario.net\/portal\/wp-content\/uploads\/2023\/07\/logo_ED.jpg","width":272,"height":52,"caption":"El Diario - Decano de la prensa nacional"},"image":{"@id":"https:\/\/www.eldiario.net\/portal\/#\/schema\/logo\/image\/"},"sameAs":["https:\/\/www.facebook.com\/eldiario.bolivia\/","https:\/\/x.com\/eldiario_net"]},{"@type":"Person","@id":"https:\/\/www.eldiario.net\/portal\/#\/schema\/person\/2c57cf2b7a7ae032e449e4c9b1019eac","name":"Jeanette","image":{"@type":"ImageObject","inLanguage":"es","@id":"https:\/\/secure.gravatar.com\/avatar\/3ea2118a5f7dad2b7138b1187a6b7ee55f160b9968b66013c3a3ef39dd7e5798?s=96&d=mm&r=g","url":"https:\/\/secure.gravatar.com\/avatar\/3ea2118a5f7dad2b7138b1187a6b7ee55f160b9968b66013c3a3ef39dd7e5798?s=96&d=mm&r=g","contentUrl":"https:\/\/secure.gravatar.com\/avatar\/3ea2118a5f7dad2b7138b1187a6b7ee55f160b9968b66013c3a3ef39dd7e5798?s=96&d=mm&r=g","caption":"Jeanette"},"sameAs":["https:\/\/www.eldiario.net\/portal"],"url":"https:\/\/www.eldiario.net\/portal\/author\/jeanette\/"}]}},"_links":{"self":[{"href":"https:\/\/www.eldiario.net\/portal\/wp-json\/wp\/v2\/posts\/427800","targetHints":{"allow":["GET"]}}],"collection":[{"href":"https:\/\/www.eldiario.net\/portal\/wp-json\/wp\/v2\/posts"}],"about":[{"href":"https:\/\/www.eldiario.net\/portal\/wp-json\/wp\/v2\/types\/post"}],"author":[{"embeddable":true,"href":"https:\/\/www.eldiario.net\/portal\/wp-json\/wp\/v2\/users\/1"}],"replies":[{"embeddable":true,"href":"https:\/\/www.eldiario.net\/portal\/wp-json\/wp\/v2\/comments?post=427800"}],"version-history":[{"count":1,"href":"https:\/\/www.eldiario.net\/portal\/wp-json\/wp\/v2\/posts\/427800\/revisions"}],"predecessor-version":[{"id":427810,"href":"https:\/\/www.eldiario.net\/portal\/wp-json\/wp\/v2\/posts\/427800\/revisions\/427810"}],"wp:featuredmedia":[{"embeddable":true,"href":"https:\/\/www.eldiario.net\/portal\/wp-json\/wp\/v2\/media\/427808"}],"wp:attachment":[{"href":"https:\/\/www.eldiario.net\/portal\/wp-json\/wp\/v2\/media?parent=427800"}],"wp:term":[{"taxonomy":"category","embeddable":true,"href":"https:\/\/www.eldiario.net\/portal\/wp-json\/wp\/v2\/categories?post=427800"},{"taxonomy":"post_tag","embeddable":true,"href":"https:\/\/www.eldiario.net\/portal\/wp-json\/wp\/v2\/tags?post=427800"}],"curies":[{"name":"wp","href":"https:\/\/api.w.org\/{rel}","templated":true}]}}