{"id":427795,"date":"2026-09-04T19:23:13","date_gmt":"2026-09-04T23:23:13","guid":{"rendered":"https:\/\/www.eldiario.net\/portal\/?p=427795"},"modified":"2026-09-04T19:23:13","modified_gmt":"2026-09-04T23:23:13","slug":"sin-veredicto-el-juicio-contra-lindsay-clancy-por-el-crimen-contra-sus-hijos-1925","status":"publish","type":"post","link":"https:\/\/www.eldiario.net\/portal\/2026\/09\/04\/sin-veredicto-el-juicio-contra-lindsay-clancy-por-el-crimen-contra-sus-hijos-1925\/","title":{"rendered":"Sin veredicto el juicio contra Lindsay Clancy por el crimen contra sus hijos (19:25)"},"content":{"rendered":"<p>El juez a cargo del proceso judicial contra Lindsay Clancy declar\u00f3 la nulidad del juicio en Massachusetts, luego de que el jurado notificara la imposibilidad de alcanzar un veredicto un\u00e1nime.<\/p>\n<p>La mujer de 36 a\u00f1os enfrenta tres cargos de asesinato en primer grado por la muerte de sus hijos en 2023, caso en el que la defensa argument\u00f3 un estado de psicosis posparto.<\/p>\n<p>La suspensi\u00f3n sin veredicto obliga a los fiscales a evaluar la realizaci\u00f3n de un nuevo juicio con un jurado distinto, la negociaci\u00f3n de un acuerdo o el retiro de los cargos.<\/p>\n<p>El tribunal fij\u00f3 una audiencia para finales de mes con el prop\u00f3sito de determinar los siguientes pasos procesales en el caso.(Agencias)<\/p>\n","protected":false},"excerpt":{"rendered":"<p>El juez a cargo del proceso judicial contra Lindsay Clancy declar\u00f3 la nulidad del juicio en Massachusetts, luego de que el jurado notificara la imposibilidad de alcanzar un veredicto un\u00e1nime. La mujer de 36 a\u00f1os enfrenta tres cargos de asesinato en primer grado por la muerte de sus hijos en 2023, caso en el que [&hellip;]<\/p>\n","protected":false},"author":7,"featured_media":427796,"comment_status":"closed","ping_status":"open","sticky":false,"template":"","format":"standard","meta":{"_acf_changed":false,"footnotes":""},"categories":[51],"tags":[],"class_list":["post-427795","post","type-post","status-publish","format-standard","has-post-thumbnail","category-ultima-hora"],"acf":{"antetitulo":""},"yoast_head":"<!-- This site is optimized with the Yoast SEO plugin v28.4 - https:\/\/yoast.com\/product\/yoast-seo-wordpress\/ -->\n<title>Sin veredicto el juicio contra Lindsay Clancy por el crimen contra sus hijos (19:25) - El Diario - Bolivia<\/title>\n<meta name=\"robots\" content=\"index, follow, max-snippet:-1, max-image-preview:large, max-video-preview:-1\" \/>\n<link rel=\"canonical\" href=\"https:\/\/www.eldiario.net\/portal\/2026\/09\/04\/sin-veredicto-el-juicio-contra-lindsay-clancy-por-el-crimen-contra-sus-hijos-1925\/\" \/>\n<meta property=\"og:locale\" content=\"es_ES\" \/>\n<meta property=\"og:type\" content=\"article\" \/>\n<meta property=\"og:title\" content=\"Sin veredicto el juicio contra Lindsay Clancy por el crimen contra sus hijos (19:25) - El Diario - Bolivia\" \/>\n<meta property=\"og:description\" content=\"El juez a cargo del proceso judicial contra Lindsay Clancy declar\u00f3 la nulidad del juicio en Massachusetts, luego de que el jurado notificara la imposibilidad de alcanzar un veredicto un\u00e1nime. La mujer de 36 a\u00f1os enfrenta tres cargos de asesinato en primer grado por la muerte de sus hijos en 2023, caso en el que [&hellip;]\" \/>\n<meta property=\"og:url\" content=\"https:\/\/www.eldiario.net\/portal\/2026\/09\/04\/sin-veredicto-el-juicio-contra-lindsay-clancy-por-el-crimen-contra-sus-hijos-1925\/\" \/>\n<meta property=\"og:site_name\" content=\"El Diario - Bolivia\" \/>\n<meta property=\"article:publisher\" content=\"https:\/\/www.facebook.com\/eldiario.bolivia\/\" \/>\n<meta property=\"article:published_time\" content=\"2026-09-04T23:23:13+00:00\" \/>\n<meta property=\"og:image\" content=\"https:\/\/www.eldiario.net\/portal\/wp-content\/uploads\/2026\/09\/hijos-04.09.26-copia.webp\" \/>\n\t<meta property=\"og:image:width\" content=\"395\" \/>\n\t<meta property=\"og:image:height\" content=\"600\" \/>\n\t<meta property=\"og:image:type\" content=\"image\/webp\" \/>\n<meta name=\"author\" content=\"Viviana Monrroy\" \/>\n<meta name=\"twitter:card\" content=\"summary_large_image\" \/>\n<meta name=\"twitter:creator\" content=\"@eldiario_net\" \/>\n<meta name=\"twitter:site\" content=\"@eldiario_net\" \/>\n<meta name=\"twitter:label1\" content=\"Escrito por\" \/>\n\t<meta name=\"twitter:data1\" content=\"Viviana Monrroy\" \/>\n\t<meta name=\"twitter:label2\" content=\"Tiempo de lectura\" \/>\n\t<meta name=\"twitter:data2\" content=\"1 minuto\" \/>\n<script type=\"application\/ld+json\" class=\"yoast-schema-graph\">{\"@context\":\"https:\\\/\\\/schema.org\",\"@graph\":[{\"@type\":\"Article\",\"@id\":\"https:\\\/\\\/www.eldiario.net\\\/portal\\\/2026\\\/09\\\/04\\\/sin-veredicto-el-juicio-contra-lindsay-clancy-por-el-crimen-contra-sus-hijos-1925\\\/#article\",\"isPartOf\":{\"@id\":\"https:\\\/\\\/www.eldiario.net\\\/portal\\\/2026\\\/09\\\/04\\\/sin-veredicto-el-juicio-contra-lindsay-clancy-por-el-crimen-contra-sus-hijos-1925\\\/\"},\"author\":{\"name\":\"Viviana Monrroy\",\"@id\":\"https:\\\/\\\/www.eldiario.net\\\/portal\\\/#\\\/schema\\\/person\\\/32cc89e801dfcbad3a54f91da7f2ea06\"},\"headline\":\"Sin veredicto el juicio contra Lindsay Clancy por el crimen contra sus hijos (19:25)\",\"datePublished\":\"2026-09-04T23:23:13+00:00\",\"mainEntityOfPage\":{\"@id\":\"https:\\\/\\\/www.eldiario.net\\\/portal\\\/2026\\\/09\\\/04\\\/sin-veredicto-el-juicio-contra-lindsay-clancy-por-el-crimen-contra-sus-hijos-1925\\\/\"},\"wordCount\":133,\"publisher\":{\"@id\":\"https:\\\/\\\/www.eldiario.net\\\/portal\\\/#organization\"},\"image\":{\"@id\":\"https:\\\/\\\/www.eldiario.net\\\/portal\\\/2026\\\/09\\\/04\\\/sin-veredicto-el-juicio-contra-lindsay-clancy-por-el-crimen-contra-sus-hijos-1925\\\/#primaryimage\"},\"thumbnailUrl\":\"https:\\\/\\\/www.eldiario.net\\\/portal\\\/wp-content\\\/uploads\\\/2026\\\/09\\\/hijos-04.09.26-copia.webp\",\"articleSection\":[\"\u00daltima Hora\"],\"inLanguage\":\"es\"},{\"@type\":\"WebPage\",\"@id\":\"https:\\\/\\\/www.eldiario.net\\\/portal\\\/2026\\\/09\\\/04\\\/sin-veredicto-el-juicio-contra-lindsay-clancy-por-el-crimen-contra-sus-hijos-1925\\\/\",\"url\":\"https:\\\/\\\/www.eldiario.net\\\/portal\\\/2026\\\/09\\\/04\\\/sin-veredicto-el-juicio-contra-lindsay-clancy-por-el-crimen-contra-sus-hijos-1925\\\/\",\"name\":\"Sin veredicto el juicio contra Lindsay Clancy por el crimen contra sus hijos (19:25) - El Diario - Bolivia\",\"isPartOf\":{\"@id\":\"https:\\\/\\\/www.eldiario.net\\\/portal\\\/#website\"},\"primaryImageOfPage\":{\"@id\":\"https:\\\/\\\/www.eldiario.net\\\/portal\\\/2026\\\/09\\\/04\\\/sin-veredicto-el-juicio-contra-lindsay-clancy-por-el-crimen-contra-sus-hijos-1925\\\/#primaryimage\"},\"image\":{\"@id\":\"https:\\\/\\\/www.eldiario.net\\\/portal\\\/2026\\\/09\\\/04\\\/sin-veredicto-el-juicio-contra-lindsay-clancy-por-el-crimen-contra-sus-hijos-1925\\\/#primaryimage\"},\"thumbnailUrl\":\"https:\\\/\\\/www.eldiario.net\\\/portal\\\/wp-content\\\/uploads\\\/2026\\\/09\\\/hijos-04.09.26-copia.webp\",\"datePublished\":\"2026-09-04T23:23:13+00:00\",\"breadcrumb\":{\"@id\":\"https:\\\/\\\/www.eldiario.net\\\/portal\\\/2026\\\/09\\\/04\\\/sin-veredicto-el-juicio-contra-lindsay-clancy-por-el-crimen-contra-sus-hijos-1925\\\/#breadcrumb\"},\"inLanguage\":\"es\",\"potentialAction\":[{\"@type\":\"ReadAction\",\"target\":[\"https:\\\/\\\/www.eldiario.net\\\/portal\\\/2026\\\/09\\\/04\\\/sin-veredicto-el-juicio-contra-lindsay-clancy-por-el-crimen-contra-sus-hijos-1925\\\/\"]}]},{\"@type\":\"ImageObject\",\"inLanguage\":\"es\",\"@id\":\"https:\\\/\\\/www.eldiario.net\\\/portal\\\/2026\\\/09\\\/04\\\/sin-veredicto-el-juicio-contra-lindsay-clancy-por-el-crimen-contra-sus-hijos-1925\\\/#primaryimage\",\"url\":\"https:\\\/\\\/www.eldiario.net\\\/portal\\\/wp-content\\\/uploads\\\/2026\\\/09\\\/hijos-04.09.26-copia.webp\",\"contentUrl\":\"https:\\\/\\\/www.eldiario.net\\\/portal\\\/wp-content\\\/uploads\\\/2026\\\/09\\\/hijos-04.09.26-copia.webp\",\"width\":395,\"height\":600,\"caption\":\"Foto: Lindsay Clancy\"},{\"@type\":\"BreadcrumbList\",\"@id\":\"https:\\\/\\\/www.eldiario.net\\\/portal\\\/2026\\\/09\\\/04\\\/sin-veredicto-el-juicio-contra-lindsay-clancy-por-el-crimen-contra-sus-hijos-1925\\\/#breadcrumb\",\"itemListElement\":[{\"@type\":\"ListItem\",\"position\":1,\"name\":\"Portada\",\"item\":\"https:\\\/\\\/www.eldiario.net\\\/portal\\\/\"},{\"@type\":\"ListItem\",\"position\":2,\"name\":\"Sin veredicto el juicio contra Lindsay Clancy por el crimen contra sus hijos (19:25)\"}]},{\"@type\":\"WebSite\",\"@id\":\"https:\\\/\\\/www.eldiario.net\\\/portal\\\/#website\",\"url\":\"https:\\\/\\\/www.eldiario.net\\\/portal\\\/\",\"name\":\"El Diario - Decano de la prensa nacional\",\"description\":\"El Diario - Decano de la prensa nacional\",\"publisher\":{\"@id\":\"https:\\\/\\\/www.eldiario.net\\\/portal\\\/#organization\"},\"potentialAction\":[{\"@type\":\"SearchAction\",\"target\":{\"@type\":\"EntryPoint\",\"urlTemplate\":\"https:\\\/\\\/www.eldiario.net\\\/portal\\\/?s={search_term_string}\"},\"query-input\":{\"@type\":\"PropertyValueSpecification\",\"valueRequired\":true,\"valueName\":\"search_term_string\"}}],\"inLanguage\":\"es\"},{\"@type\":\"Organization\",\"@id\":\"https:\\\/\\\/www.eldiario.net\\\/portal\\\/#organization\",\"name\":\"El Diario - Decano de la prensa nacional\",\"url\":\"https:\\\/\\\/www.eldiario.net\\\/portal\\\/\",\"logo\":{\"@type\":\"ImageObject\",\"inLanguage\":\"es\",\"@id\":\"https:\\\/\\\/www.eldiario.net\\\/portal\\\/#\\\/schema\\\/logo\\\/image\\\/\",\"url\":\"https:\\\/\\\/www.eldiario.net\\\/portal\\\/wp-content\\\/uploads\\\/2023\\\/07\\\/logo_ED.jpg\",\"contentUrl\":\"https:\\\/\\\/www.eldiario.net\\\/portal\\\/wp-content\\\/uploads\\\/2023\\\/07\\\/logo_ED.jpg\",\"width\":272,\"height\":52,\"caption\":\"El Diario - Decano de la prensa nacional\"},\"image\":{\"@id\":\"https:\\\/\\\/www.eldiario.net\\\/portal\\\/#\\\/schema\\\/logo\\\/image\\\/\"},\"sameAs\":[\"https:\\\/\\\/www.facebook.com\\\/eldiario.bolivia\\\/\",\"https:\\\/\\\/x.com\\\/eldiario_net\"]},{\"@type\":\"Person\",\"@id\":\"https:\\\/\\\/www.eldiario.net\\\/portal\\\/#\\\/schema\\\/person\\\/32cc89e801dfcbad3a54f91da7f2ea06\",\"name\":\"Viviana Monrroy\",\"image\":{\"@type\":\"ImageObject\",\"inLanguage\":\"es\",\"@id\":\"https:\\\/\\\/secure.gravatar.com\\\/avatar\\\/dfd1611ed5600959a0e5a9754503b6c05d1dcf190010998e0363aee2ad98afca?s=96&d=mm&r=g\",\"url\":\"https:\\\/\\\/secure.gravatar.com\\\/avatar\\\/dfd1611ed5600959a0e5a9754503b6c05d1dcf190010998e0363aee2ad98afca?s=96&d=mm&r=g\",\"contentUrl\":\"https:\\\/\\\/secure.gravatar.com\\\/avatar\\\/dfd1611ed5600959a0e5a9754503b6c05d1dcf190010998e0363aee2ad98afca?s=96&d=mm&r=g\",\"caption\":\"Viviana Monrroy\"},\"sameAs\":[\"http:\\\/\\\/www.eldiario.net\"],\"url\":\"https:\\\/\\\/www.eldiario.net\\\/portal\\\/author\\\/vivianamonrroy\\\/\"}]}<\/script>\n<!-- \/ Yoast SEO plugin. -->","yoast_head_json":{"title":"Sin veredicto el juicio contra Lindsay Clancy por el crimen contra sus hijos (19:25) - El Diario - Bolivia","robots":{"index":"index","follow":"follow","max-snippet":"max-snippet:-1","max-image-preview":"max-image-preview:large","max-video-preview":"max-video-preview:-1"},"canonical":"https:\/\/www.eldiario.net\/portal\/2026\/09\/04\/sin-veredicto-el-juicio-contra-lindsay-clancy-por-el-crimen-contra-sus-hijos-1925\/","og_locale":"es_ES","og_type":"article","og_title":"Sin veredicto el juicio contra Lindsay Clancy por el crimen contra sus hijos (19:25) - El Diario - Bolivia","og_description":"El juez a cargo del proceso judicial contra Lindsay Clancy declar\u00f3 la nulidad del juicio en Massachusetts, luego de que el jurado notificara la imposibilidad de alcanzar un veredicto un\u00e1nime. La mujer de 36 a\u00f1os enfrenta tres cargos de asesinato en primer grado por la muerte de sus hijos en 2023, caso en el que [&hellip;]","og_url":"https:\/\/www.eldiario.net\/portal\/2026\/09\/04\/sin-veredicto-el-juicio-contra-lindsay-clancy-por-el-crimen-contra-sus-hijos-1925\/","og_site_name":"El Diario - Bolivia","article_publisher":"https:\/\/www.facebook.com\/eldiario.bolivia\/","article_published_time":"2026-09-04T23:23:13+00:00","og_image":[{"width":395,"height":600,"url":"https:\/\/www.eldiario.net\/portal\/wp-content\/uploads\/2026\/09\/hijos-04.09.26-copia.webp","type":"image\/webp"}],"author":"Viviana Monrroy","twitter_card":"summary_large_image","twitter_creator":"@eldiario_net","twitter_site":"@eldiario_net","twitter_misc":{"Escrito por":"Viviana Monrroy","Tiempo de lectura":"1 minuto"},"schema":{"@context":"https:\/\/schema.org","@graph":[{"@type":"Article","@id":"https:\/\/www.eldiario.net\/portal\/2026\/09\/04\/sin-veredicto-el-juicio-contra-lindsay-clancy-por-el-crimen-contra-sus-hijos-1925\/#article","isPartOf":{"@id":"https:\/\/www.eldiario.net\/portal\/2026\/09\/04\/sin-veredicto-el-juicio-contra-lindsay-clancy-por-el-crimen-contra-sus-hijos-1925\/"},"author":{"name":"Viviana Monrroy","@id":"https:\/\/www.eldiario.net\/portal\/#\/schema\/person\/32cc89e801dfcbad3a54f91da7f2ea06"},"headline":"Sin veredicto el juicio contra Lindsay Clancy por el crimen contra sus hijos (19:25)","datePublished":"2026-09-04T23:23:13+00:00","mainEntityOfPage":{"@id":"https:\/\/www.eldiario.net\/portal\/2026\/09\/04\/sin-veredicto-el-juicio-contra-lindsay-clancy-por-el-crimen-contra-sus-hijos-1925\/"},"wordCount":133,"publisher":{"@id":"https:\/\/www.eldiario.net\/portal\/#organization"},"image":{"@id":"https:\/\/www.eldiario.net\/portal\/2026\/09\/04\/sin-veredicto-el-juicio-contra-lindsay-clancy-por-el-crimen-contra-sus-hijos-1925\/#primaryimage"},"thumbnailUrl":"https:\/\/www.eldiario.net\/portal\/wp-content\/uploads\/2026\/09\/hijos-04.09.26-copia.webp","articleSection":["\u00daltima Hora"],"inLanguage":"es"},{"@type":"WebPage","@id":"https:\/\/www.eldiario.net\/portal\/2026\/09\/04\/sin-veredicto-el-juicio-contra-lindsay-clancy-por-el-crimen-contra-sus-hijos-1925\/","url":"https:\/\/www.eldiario.net\/portal\/2026\/09\/04\/sin-veredicto-el-juicio-contra-lindsay-clancy-por-el-crimen-contra-sus-hijos-1925\/","name":"Sin veredicto el juicio contra Lindsay Clancy por el crimen contra sus hijos (19:25) - El Diario - Bolivia","isPartOf":{"@id":"https:\/\/www.eldiario.net\/portal\/#website"},"primaryImageOfPage":{"@id":"https:\/\/www.eldiario.net\/portal\/2026\/09\/04\/sin-veredicto-el-juicio-contra-lindsay-clancy-por-el-crimen-contra-sus-hijos-1925\/#primaryimage"},"image":{"@id":"https:\/\/www.eldiario.net\/portal\/2026\/09\/04\/sin-veredicto-el-juicio-contra-lindsay-clancy-por-el-crimen-contra-sus-hijos-1925\/#primaryimage"},"thumbnailUrl":"https:\/\/www.eldiario.net\/portal\/wp-content\/uploads\/2026\/09\/hijos-04.09.26-copia.webp","datePublished":"2026-09-04T23:23:13+00:00","breadcrumb":{"@id":"https:\/\/www.eldiario.net\/portal\/2026\/09\/04\/sin-veredicto-el-juicio-contra-lindsay-clancy-por-el-crimen-contra-sus-hijos-1925\/#breadcrumb"},"inLanguage":"es","potentialAction":[{"@type":"ReadAction","target":["https:\/\/www.eldiario.net\/portal\/2026\/09\/04\/sin-veredicto-el-juicio-contra-lindsay-clancy-por-el-crimen-contra-sus-hijos-1925\/"]}]},{"@type":"ImageObject","inLanguage":"es","@id":"https:\/\/www.eldiario.net\/portal\/2026\/09\/04\/sin-veredicto-el-juicio-contra-lindsay-clancy-por-el-crimen-contra-sus-hijos-1925\/#primaryimage","url":"https:\/\/www.eldiario.net\/portal\/wp-content\/uploads\/2026\/09\/hijos-04.09.26-copia.webp","contentUrl":"https:\/\/www.eldiario.net\/portal\/wp-content\/uploads\/2026\/09\/hijos-04.09.26-copia.webp","width":395,"height":600,"caption":"Foto: Lindsay Clancy"},{"@type":"BreadcrumbList","@id":"https:\/\/www.eldiario.net\/portal\/2026\/09\/04\/sin-veredicto-el-juicio-contra-lindsay-clancy-por-el-crimen-contra-sus-hijos-1925\/#breadcrumb","itemListElement":[{"@type":"ListItem","position":1,"name":"Portada","item":"https:\/\/www.eldiario.net\/portal\/"},{"@type":"ListItem","position":2,"name":"Sin veredicto el juicio contra Lindsay Clancy por el crimen contra sus hijos (19:25)"}]},{"@type":"WebSite","@id":"https:\/\/www.eldiario.net\/portal\/#website","url":"https:\/\/www.eldiario.net\/portal\/","name":"El Diario - Decano de la prensa nacional","description":"El Diario - Decano de la prensa nacional","publisher":{"@id":"https:\/\/www.eldiario.net\/portal\/#organization"},"potentialAction":[{"@type":"SearchAction","target":{"@type":"EntryPoint","urlTemplate":"https:\/\/www.eldiario.net\/portal\/?s={search_term_string}"},"query-input":{"@type":"PropertyValueSpecification","valueRequired":true,"valueName":"search_term_string"}}],"inLanguage":"es"},{"@type":"Organization","@id":"https:\/\/www.eldiario.net\/portal\/#organization","name":"El Diario - Decano de la prensa nacional","url":"https:\/\/www.eldiario.net\/portal\/","logo":{"@type":"ImageObject","inLanguage":"es","@id":"https:\/\/www.eldiario.net\/portal\/#\/schema\/logo\/image\/","url":"https:\/\/www.eldiario.net\/portal\/wp-content\/uploads\/2023\/07\/logo_ED.jpg","contentUrl":"https:\/\/www.eldiario.net\/portal\/wp-content\/uploads\/2023\/07\/logo_ED.jpg","width":272,"height":52,"caption":"El Diario - Decano de la prensa nacional"},"image":{"@id":"https:\/\/www.eldiario.net\/portal\/#\/schema\/logo\/image\/"},"sameAs":["https:\/\/www.facebook.com\/eldiario.bolivia\/","https:\/\/x.com\/eldiario_net"]},{"@type":"Person","@id":"https:\/\/www.eldiario.net\/portal\/#\/schema\/person\/32cc89e801dfcbad3a54f91da7f2ea06","name":"Viviana Monrroy","image":{"@type":"ImageObject","inLanguage":"es","@id":"https:\/\/secure.gravatar.com\/avatar\/dfd1611ed5600959a0e5a9754503b6c05d1dcf190010998e0363aee2ad98afca?s=96&d=mm&r=g","url":"https:\/\/secure.gravatar.com\/avatar\/dfd1611ed5600959a0e5a9754503b6c05d1dcf190010998e0363aee2ad98afca?s=96&d=mm&r=g","contentUrl":"https:\/\/secure.gravatar.com\/avatar\/dfd1611ed5600959a0e5a9754503b6c05d1dcf190010998e0363aee2ad98afca?s=96&d=mm&r=g","caption":"Viviana Monrroy"},"sameAs":["http:\/\/www.eldiario.net"],"url":"https:\/\/www.eldiario.net\/portal\/author\/vivianamonrroy\/"}]}},"_links":{"self":[{"href":"https:\/\/www.eldiario.net\/portal\/wp-json\/wp\/v2\/posts\/427795","targetHints":{"allow":["GET"]}}],"collection":[{"href":"https:\/\/www.eldiario.net\/portal\/wp-json\/wp\/v2\/posts"}],"about":[{"href":"https:\/\/www.eldiario.net\/portal\/wp-json\/wp\/v2\/types\/post"}],"author":[{"embeddable":true,"href":"https:\/\/www.eldiario.net\/portal\/wp-json\/wp\/v2\/users\/7"}],"replies":[{"embeddable":true,"href":"https:\/\/www.eldiario.net\/portal\/wp-json\/wp\/v2\/comments?post=427795"}],"version-history":[{"count":1,"href":"https:\/\/www.eldiario.net\/portal\/wp-json\/wp\/v2\/posts\/427795\/revisions"}],"predecessor-version":[{"id":427797,"href":"https:\/\/www.eldiario.net\/portal\/wp-json\/wp\/v2\/posts\/427795\/revisions\/427797"}],"wp:featuredmedia":[{"embeddable":true,"href":"https:\/\/www.eldiario.net\/portal\/wp-json\/wp\/v2\/media\/427796"}],"wp:attachment":[{"href":"https:\/\/www.eldiario.net\/portal\/wp-json\/wp\/v2\/media?parent=427795"}],"wp:term":[{"taxonomy":"category","embeddable":true,"href":"https:\/\/www.eldiario.net\/portal\/wp-json\/wp\/v2\/categories?post=427795"},{"taxonomy":"post_tag","embeddable":true,"href":"https:\/\/www.eldiario.net\/portal\/wp-json\/wp\/v2\/tags?post=427795"}],"curies":[{"name":"wp","href":"https:\/\/api.w.org\/{rel}","templated":true}]}}