{"id":427791,"date":"2026-09-04T19:17:17","date_gmt":"2026-09-04T23:17:17","guid":{"rendered":"https:\/\/www.eldiario.net\/portal\/?p=427791"},"modified":"2026-09-04T19:17:17","modified_gmt":"2026-09-04T23:17:17","slug":"reino-unido-pide-almacenar-alimentos-ante-la-llegada-de-un-super-el-nino-1918","status":"publish","type":"post","link":"https:\/\/www.eldiario.net\/portal\/2026\/09\/04\/reino-unido-pide-almacenar-alimentos-ante-la-llegada-de-un-super-el-nino-1918\/","title":{"rendered":"Reino Unido pide almacenar alimentos ante la llegada de un super El Ni\u00f1o (19:18)"},"content":{"rendered":"<p>El gobierno del Reino Unido inst\u00f3 a la poblaci\u00f3n a aprovisionarse con alimentos y agua para afrontar posibles emergencias causadas por un episodio extremo del fen\u00f3meno de El Ni\u00f1o.<\/p>\n<p>Las autoridades ambientales brit\u00e1nicas alertaron que el evento clim\u00e1tico, previsto hasta principios de 2027, podr\u00eda generar un invierno de tormentas severas, cortes de electricidad e inundaciones registradas en territorio europeo.<\/p>\n<p>Meteor\u00f3logos de la Organizaci\u00f3n Meteorol\u00f3gica Mundial y la Met Office advirtieron que la anomal\u00eda t\u00e9rmica del Pac\u00edfico se perfila como la m\u00e1s intensa en mil a\u00f1os, incrementando la probabilidad de que 2027 sea el a\u00f1o m\u00e1s caluroso de la historia.<\/p>\n<p>Ante el riesgo global de sequ\u00edas prolongadas e incendios, diversos gobiernos han iniciado programas de reservas h\u00eddricas e infraestructura de contingencia. (Agencias)<\/p>\n","protected":false},"excerpt":{"rendered":"<p>El gobierno del Reino Unido inst\u00f3 a la poblaci\u00f3n a aprovisionarse con alimentos y agua para afrontar posibles emergencias causadas por un episodio extremo del fen\u00f3meno de El Ni\u00f1o. Las autoridades ambientales brit\u00e1nicas alertaron que el evento clim\u00e1tico, previsto hasta principios de 2027, podr\u00eda generar un invierno de tormentas severas, cortes de electricidad e inundaciones [&hellip;]<\/p>\n","protected":false},"author":7,"featured_media":427792,"comment_status":"closed","ping_status":"open","sticky":false,"template":"","format":"standard","meta":{"_acf_changed":false,"footnotes":""},"categories":[51],"tags":[],"class_list":["post-427791","post","type-post","status-publish","format-standard","has-post-thumbnail","category-ultima-hora"],"acf":{"antetitulo":""},"yoast_head":"<!-- This site is optimized with the Yoast SEO plugin v28.4 - https:\/\/yoast.com\/product\/yoast-seo-wordpress\/ -->\n<title>Reino Unido pide almacenar alimentos ante la llegada de un super El Ni\u00f1o (19:18) - El Diario - Bolivia<\/title>\n<meta name=\"robots\" content=\"index, follow, max-snippet:-1, max-image-preview:large, max-video-preview:-1\" \/>\n<link rel=\"canonical\" href=\"https:\/\/www.eldiario.net\/portal\/2026\/09\/04\/reino-unido-pide-almacenar-alimentos-ante-la-llegada-de-un-super-el-nino-1918\/\" \/>\n<meta property=\"og:locale\" content=\"es_ES\" \/>\n<meta property=\"og:type\" content=\"article\" \/>\n<meta property=\"og:title\" content=\"Reino Unido pide almacenar alimentos ante la llegada de un super El Ni\u00f1o (19:18) - El Diario - Bolivia\" \/>\n<meta property=\"og:description\" content=\"El gobierno del Reino Unido inst\u00f3 a la poblaci\u00f3n a aprovisionarse con alimentos y agua para afrontar posibles emergencias causadas por un episodio extremo del fen\u00f3meno de El Ni\u00f1o. Las autoridades ambientales brit\u00e1nicas alertaron que el evento clim\u00e1tico, previsto hasta principios de 2027, podr\u00eda generar un invierno de tormentas severas, cortes de electricidad e inundaciones [&hellip;]\" \/>\n<meta property=\"og:url\" content=\"https:\/\/www.eldiario.net\/portal\/2026\/09\/04\/reino-unido-pide-almacenar-alimentos-ante-la-llegada-de-un-super-el-nino-1918\/\" \/>\n<meta property=\"og:site_name\" content=\"El Diario - Bolivia\" \/>\n<meta property=\"article:publisher\" content=\"https:\/\/www.facebook.com\/eldiario.bolivia\/\" \/>\n<meta property=\"article:published_time\" content=\"2026-09-04T23:17:17+00:00\" \/>\n<meta property=\"og:image\" content=\"https:\/\/www.eldiario.net\/portal\/wp-content\/uploads\/2026\/09\/londres-04.09.26-copia.webp\" \/>\n\t<meta property=\"og:image:width\" content=\"600\" \/>\n\t<meta property=\"og:image:height\" content=\"396\" \/>\n\t<meta property=\"og:image:type\" content=\"image\/webp\" \/>\n<meta name=\"author\" content=\"Viviana Monrroy\" \/>\n<meta name=\"twitter:card\" content=\"summary_large_image\" \/>\n<meta name=\"twitter:creator\" content=\"@eldiario_net\" \/>\n<meta name=\"twitter:site\" content=\"@eldiario_net\" \/>\n<meta name=\"twitter:label1\" content=\"Escrito por\" \/>\n\t<meta name=\"twitter:data1\" content=\"Viviana Monrroy\" \/>\n\t<meta name=\"twitter:label2\" content=\"Tiempo de lectura\" \/>\n\t<meta name=\"twitter:data2\" content=\"1 minuto\" \/>\n<script type=\"application\/ld+json\" class=\"yoast-schema-graph\">{\"@context\":\"https:\\\/\\\/schema.org\",\"@graph\":[{\"@type\":\"Article\",\"@id\":\"https:\\\/\\\/www.eldiario.net\\\/portal\\\/2026\\\/09\\\/04\\\/reino-unido-pide-almacenar-alimentos-ante-la-llegada-de-un-super-el-nino-1918\\\/#article\",\"isPartOf\":{\"@id\":\"https:\\\/\\\/www.eldiario.net\\\/portal\\\/2026\\\/09\\\/04\\\/reino-unido-pide-almacenar-alimentos-ante-la-llegada-de-un-super-el-nino-1918\\\/\"},\"author\":{\"name\":\"Viviana Monrroy\",\"@id\":\"https:\\\/\\\/www.eldiario.net\\\/portal\\\/#\\\/schema\\\/person\\\/32cc89e801dfcbad3a54f91da7f2ea06\"},\"headline\":\"Reino Unido pide almacenar alimentos ante la llegada de un super El Ni\u00f1o (19:18)\",\"datePublished\":\"2026-09-04T23:17:17+00:00\",\"mainEntityOfPage\":{\"@id\":\"https:\\\/\\\/www.eldiario.net\\\/portal\\\/2026\\\/09\\\/04\\\/reino-unido-pide-almacenar-alimentos-ante-la-llegada-de-un-super-el-nino-1918\\\/\"},\"wordCount\":151,\"publisher\":{\"@id\":\"https:\\\/\\\/www.eldiario.net\\\/portal\\\/#organization\"},\"image\":{\"@id\":\"https:\\\/\\\/www.eldiario.net\\\/portal\\\/2026\\\/09\\\/04\\\/reino-unido-pide-almacenar-alimentos-ante-la-llegada-de-un-super-el-nino-1918\\\/#primaryimage\"},\"thumbnailUrl\":\"https:\\\/\\\/www.eldiario.net\\\/portal\\\/wp-content\\\/uploads\\\/2026\\\/09\\\/londres-04.09.26-copia.webp\",\"articleSection\":[\"\u00daltima Hora\"],\"inLanguage\":\"es\"},{\"@type\":\"WebPage\",\"@id\":\"https:\\\/\\\/www.eldiario.net\\\/portal\\\/2026\\\/09\\\/04\\\/reino-unido-pide-almacenar-alimentos-ante-la-llegada-de-un-super-el-nino-1918\\\/\",\"url\":\"https:\\\/\\\/www.eldiario.net\\\/portal\\\/2026\\\/09\\\/04\\\/reino-unido-pide-almacenar-alimentos-ante-la-llegada-de-un-super-el-nino-1918\\\/\",\"name\":\"Reino Unido pide almacenar alimentos ante la llegada de un super El Ni\u00f1o (19:18) - El Diario - Bolivia\",\"isPartOf\":{\"@id\":\"https:\\\/\\\/www.eldiario.net\\\/portal\\\/#website\"},\"primaryImageOfPage\":{\"@id\":\"https:\\\/\\\/www.eldiario.net\\\/portal\\\/2026\\\/09\\\/04\\\/reino-unido-pide-almacenar-alimentos-ante-la-llegada-de-un-super-el-nino-1918\\\/#primaryimage\"},\"image\":{\"@id\":\"https:\\\/\\\/www.eldiario.net\\\/portal\\\/2026\\\/09\\\/04\\\/reino-unido-pide-almacenar-alimentos-ante-la-llegada-de-un-super-el-nino-1918\\\/#primaryimage\"},\"thumbnailUrl\":\"https:\\\/\\\/www.eldiario.net\\\/portal\\\/wp-content\\\/uploads\\\/2026\\\/09\\\/londres-04.09.26-copia.webp\",\"datePublished\":\"2026-09-04T23:17:17+00:00\",\"breadcrumb\":{\"@id\":\"https:\\\/\\\/www.eldiario.net\\\/portal\\\/2026\\\/09\\\/04\\\/reino-unido-pide-almacenar-alimentos-ante-la-llegada-de-un-super-el-nino-1918\\\/#breadcrumb\"},\"inLanguage\":\"es\",\"potentialAction\":[{\"@type\":\"ReadAction\",\"target\":[\"https:\\\/\\\/www.eldiario.net\\\/portal\\\/2026\\\/09\\\/04\\\/reino-unido-pide-almacenar-alimentos-ante-la-llegada-de-un-super-el-nino-1918\\\/\"]}]},{\"@type\":\"ImageObject\",\"inLanguage\":\"es\",\"@id\":\"https:\\\/\\\/www.eldiario.net\\\/portal\\\/2026\\\/09\\\/04\\\/reino-unido-pide-almacenar-alimentos-ante-la-llegada-de-un-super-el-nino-1918\\\/#primaryimage\",\"url\":\"https:\\\/\\\/www.eldiario.net\\\/portal\\\/wp-content\\\/uploads\\\/2026\\\/09\\\/londres-04.09.26-copia.webp\",\"contentUrl\":\"https:\\\/\\\/www.eldiario.net\\\/portal\\\/wp-content\\\/uploads\\\/2026\\\/09\\\/londres-04.09.26-copia.webp\",\"width\":600,\"height\":396,\"caption\":\"Imagen Referencial (RR.SS.)\"},{\"@type\":\"BreadcrumbList\",\"@id\":\"https:\\\/\\\/www.eldiario.net\\\/portal\\\/2026\\\/09\\\/04\\\/reino-unido-pide-almacenar-alimentos-ante-la-llegada-de-un-super-el-nino-1918\\\/#breadcrumb\",\"itemListElement\":[{\"@type\":\"ListItem\",\"position\":1,\"name\":\"Portada\",\"item\":\"https:\\\/\\\/www.eldiario.net\\\/portal\\\/\"},{\"@type\":\"ListItem\",\"position\":2,\"name\":\"Reino Unido pide almacenar alimentos ante la llegada de un super El Ni\u00f1o (19:18)\"}]},{\"@type\":\"WebSite\",\"@id\":\"https:\\\/\\\/www.eldiario.net\\\/portal\\\/#website\",\"url\":\"https:\\\/\\\/www.eldiario.net\\\/portal\\\/\",\"name\":\"El Diario - Decano de la prensa nacional\",\"description\":\"El Diario - Decano de la prensa nacional\",\"publisher\":{\"@id\":\"https:\\\/\\\/www.eldiario.net\\\/portal\\\/#organization\"},\"potentialAction\":[{\"@type\":\"SearchAction\",\"target\":{\"@type\":\"EntryPoint\",\"urlTemplate\":\"https:\\\/\\\/www.eldiario.net\\\/portal\\\/?s={search_term_string}\"},\"query-input\":{\"@type\":\"PropertyValueSpecification\",\"valueRequired\":true,\"valueName\":\"search_term_string\"}}],\"inLanguage\":\"es\"},{\"@type\":\"Organization\",\"@id\":\"https:\\\/\\\/www.eldiario.net\\\/portal\\\/#organization\",\"name\":\"El Diario - Decano de la prensa nacional\",\"url\":\"https:\\\/\\\/www.eldiario.net\\\/portal\\\/\",\"logo\":{\"@type\":\"ImageObject\",\"inLanguage\":\"es\",\"@id\":\"https:\\\/\\\/www.eldiario.net\\\/portal\\\/#\\\/schema\\\/logo\\\/image\\\/\",\"url\":\"https:\\\/\\\/www.eldiario.net\\\/portal\\\/wp-content\\\/uploads\\\/2023\\\/07\\\/logo_ED.jpg\",\"contentUrl\":\"https:\\\/\\\/www.eldiario.net\\\/portal\\\/wp-content\\\/uploads\\\/2023\\\/07\\\/logo_ED.jpg\",\"width\":272,\"height\":52,\"caption\":\"El Diario - Decano de la prensa nacional\"},\"image\":{\"@id\":\"https:\\\/\\\/www.eldiario.net\\\/portal\\\/#\\\/schema\\\/logo\\\/image\\\/\"},\"sameAs\":[\"https:\\\/\\\/www.facebook.com\\\/eldiario.bolivia\\\/\",\"https:\\\/\\\/x.com\\\/eldiario_net\"]},{\"@type\":\"Person\",\"@id\":\"https:\\\/\\\/www.eldiario.net\\\/portal\\\/#\\\/schema\\\/person\\\/32cc89e801dfcbad3a54f91da7f2ea06\",\"name\":\"Viviana Monrroy\",\"image\":{\"@type\":\"ImageObject\",\"inLanguage\":\"es\",\"@id\":\"https:\\\/\\\/secure.gravatar.com\\\/avatar\\\/dfd1611ed5600959a0e5a9754503b6c05d1dcf190010998e0363aee2ad98afca?s=96&d=mm&r=g\",\"url\":\"https:\\\/\\\/secure.gravatar.com\\\/avatar\\\/dfd1611ed5600959a0e5a9754503b6c05d1dcf190010998e0363aee2ad98afca?s=96&d=mm&r=g\",\"contentUrl\":\"https:\\\/\\\/secure.gravatar.com\\\/avatar\\\/dfd1611ed5600959a0e5a9754503b6c05d1dcf190010998e0363aee2ad98afca?s=96&d=mm&r=g\",\"caption\":\"Viviana Monrroy\"},\"sameAs\":[\"http:\\\/\\\/www.eldiario.net\"],\"url\":\"https:\\\/\\\/www.eldiario.net\\\/portal\\\/author\\\/vivianamonrroy\\\/\"}]}<\/script>\n<!-- \/ Yoast SEO plugin. -->","yoast_head_json":{"title":"Reino Unido pide almacenar alimentos ante la llegada de un super El Ni\u00f1o (19:18) - El Diario - Bolivia","robots":{"index":"index","follow":"follow","max-snippet":"max-snippet:-1","max-image-preview":"max-image-preview:large","max-video-preview":"max-video-preview:-1"},"canonical":"https:\/\/www.eldiario.net\/portal\/2026\/09\/04\/reino-unido-pide-almacenar-alimentos-ante-la-llegada-de-un-super-el-nino-1918\/","og_locale":"es_ES","og_type":"article","og_title":"Reino Unido pide almacenar alimentos ante la llegada de un super El Ni\u00f1o (19:18) - El Diario - Bolivia","og_description":"El gobierno del Reino Unido inst\u00f3 a la poblaci\u00f3n a aprovisionarse con alimentos y agua para afrontar posibles emergencias causadas por un episodio extremo del fen\u00f3meno de El Ni\u00f1o. Las autoridades ambientales brit\u00e1nicas alertaron que el evento clim\u00e1tico, previsto hasta principios de 2027, podr\u00eda generar un invierno de tormentas severas, cortes de electricidad e inundaciones [&hellip;]","og_url":"https:\/\/www.eldiario.net\/portal\/2026\/09\/04\/reino-unido-pide-almacenar-alimentos-ante-la-llegada-de-un-super-el-nino-1918\/","og_site_name":"El Diario - Bolivia","article_publisher":"https:\/\/www.facebook.com\/eldiario.bolivia\/","article_published_time":"2026-09-04T23:17:17+00:00","og_image":[{"width":600,"height":396,"url":"https:\/\/www.eldiario.net\/portal\/wp-content\/uploads\/2026\/09\/londres-04.09.26-copia.webp","type":"image\/webp"}],"author":"Viviana Monrroy","twitter_card":"summary_large_image","twitter_creator":"@eldiario_net","twitter_site":"@eldiario_net","twitter_misc":{"Escrito por":"Viviana Monrroy","Tiempo de lectura":"1 minuto"},"schema":{"@context":"https:\/\/schema.org","@graph":[{"@type":"Article","@id":"https:\/\/www.eldiario.net\/portal\/2026\/09\/04\/reino-unido-pide-almacenar-alimentos-ante-la-llegada-de-un-super-el-nino-1918\/#article","isPartOf":{"@id":"https:\/\/www.eldiario.net\/portal\/2026\/09\/04\/reino-unido-pide-almacenar-alimentos-ante-la-llegada-de-un-super-el-nino-1918\/"},"author":{"name":"Viviana Monrroy","@id":"https:\/\/www.eldiario.net\/portal\/#\/schema\/person\/32cc89e801dfcbad3a54f91da7f2ea06"},"headline":"Reino Unido pide almacenar alimentos ante la llegada de un super El Ni\u00f1o (19:18)","datePublished":"2026-09-04T23:17:17+00:00","mainEntityOfPage":{"@id":"https:\/\/www.eldiario.net\/portal\/2026\/09\/04\/reino-unido-pide-almacenar-alimentos-ante-la-llegada-de-un-super-el-nino-1918\/"},"wordCount":151,"publisher":{"@id":"https:\/\/www.eldiario.net\/portal\/#organization"},"image":{"@id":"https:\/\/www.eldiario.net\/portal\/2026\/09\/04\/reino-unido-pide-almacenar-alimentos-ante-la-llegada-de-un-super-el-nino-1918\/#primaryimage"},"thumbnailUrl":"https:\/\/www.eldiario.net\/portal\/wp-content\/uploads\/2026\/09\/londres-04.09.26-copia.webp","articleSection":["\u00daltima Hora"],"inLanguage":"es"},{"@type":"WebPage","@id":"https:\/\/www.eldiario.net\/portal\/2026\/09\/04\/reino-unido-pide-almacenar-alimentos-ante-la-llegada-de-un-super-el-nino-1918\/","url":"https:\/\/www.eldiario.net\/portal\/2026\/09\/04\/reino-unido-pide-almacenar-alimentos-ante-la-llegada-de-un-super-el-nino-1918\/","name":"Reino Unido pide almacenar alimentos ante la llegada de un super El Ni\u00f1o (19:18) - El Diario - Bolivia","isPartOf":{"@id":"https:\/\/www.eldiario.net\/portal\/#website"},"primaryImageOfPage":{"@id":"https:\/\/www.eldiario.net\/portal\/2026\/09\/04\/reino-unido-pide-almacenar-alimentos-ante-la-llegada-de-un-super-el-nino-1918\/#primaryimage"},"image":{"@id":"https:\/\/www.eldiario.net\/portal\/2026\/09\/04\/reino-unido-pide-almacenar-alimentos-ante-la-llegada-de-un-super-el-nino-1918\/#primaryimage"},"thumbnailUrl":"https:\/\/www.eldiario.net\/portal\/wp-content\/uploads\/2026\/09\/londres-04.09.26-copia.webp","datePublished":"2026-09-04T23:17:17+00:00","breadcrumb":{"@id":"https:\/\/www.eldiario.net\/portal\/2026\/09\/04\/reino-unido-pide-almacenar-alimentos-ante-la-llegada-de-un-super-el-nino-1918\/#breadcrumb"},"inLanguage":"es","potentialAction":[{"@type":"ReadAction","target":["https:\/\/www.eldiario.net\/portal\/2026\/09\/04\/reino-unido-pide-almacenar-alimentos-ante-la-llegada-de-un-super-el-nino-1918\/"]}]},{"@type":"ImageObject","inLanguage":"es","@id":"https:\/\/www.eldiario.net\/portal\/2026\/09\/04\/reino-unido-pide-almacenar-alimentos-ante-la-llegada-de-un-super-el-nino-1918\/#primaryimage","url":"https:\/\/www.eldiario.net\/portal\/wp-content\/uploads\/2026\/09\/londres-04.09.26-copia.webp","contentUrl":"https:\/\/www.eldiario.net\/portal\/wp-content\/uploads\/2026\/09\/londres-04.09.26-copia.webp","width":600,"height":396,"caption":"Imagen Referencial (RR.SS.)"},{"@type":"BreadcrumbList","@id":"https:\/\/www.eldiario.net\/portal\/2026\/09\/04\/reino-unido-pide-almacenar-alimentos-ante-la-llegada-de-un-super-el-nino-1918\/#breadcrumb","itemListElement":[{"@type":"ListItem","position":1,"name":"Portada","item":"https:\/\/www.eldiario.net\/portal\/"},{"@type":"ListItem","position":2,"name":"Reino Unido pide almacenar alimentos ante la llegada de un super El Ni\u00f1o (19:18)"}]},{"@type":"WebSite","@id":"https:\/\/www.eldiario.net\/portal\/#website","url":"https:\/\/www.eldiario.net\/portal\/","name":"El Diario - Decano de la prensa nacional","description":"El Diario - Decano de la prensa nacional","publisher":{"@id":"https:\/\/www.eldiario.net\/portal\/#organization"},"potentialAction":[{"@type":"SearchAction","target":{"@type":"EntryPoint","urlTemplate":"https:\/\/www.eldiario.net\/portal\/?s={search_term_string}"},"query-input":{"@type":"PropertyValueSpecification","valueRequired":true,"valueName":"search_term_string"}}],"inLanguage":"es"},{"@type":"Organization","@id":"https:\/\/www.eldiario.net\/portal\/#organization","name":"El Diario - Decano de la prensa nacional","url":"https:\/\/www.eldiario.net\/portal\/","logo":{"@type":"ImageObject","inLanguage":"es","@id":"https:\/\/www.eldiario.net\/portal\/#\/schema\/logo\/image\/","url":"https:\/\/www.eldiario.net\/portal\/wp-content\/uploads\/2023\/07\/logo_ED.jpg","contentUrl":"https:\/\/www.eldiario.net\/portal\/wp-content\/uploads\/2023\/07\/logo_ED.jpg","width":272,"height":52,"caption":"El Diario - Decano de la prensa nacional"},"image":{"@id":"https:\/\/www.eldiario.net\/portal\/#\/schema\/logo\/image\/"},"sameAs":["https:\/\/www.facebook.com\/eldiario.bolivia\/","https:\/\/x.com\/eldiario_net"]},{"@type":"Person","@id":"https:\/\/www.eldiario.net\/portal\/#\/schema\/person\/32cc89e801dfcbad3a54f91da7f2ea06","name":"Viviana Monrroy","image":{"@type":"ImageObject","inLanguage":"es","@id":"https:\/\/secure.gravatar.com\/avatar\/dfd1611ed5600959a0e5a9754503b6c05d1dcf190010998e0363aee2ad98afca?s=96&d=mm&r=g","url":"https:\/\/secure.gravatar.com\/avatar\/dfd1611ed5600959a0e5a9754503b6c05d1dcf190010998e0363aee2ad98afca?s=96&d=mm&r=g","contentUrl":"https:\/\/secure.gravatar.com\/avatar\/dfd1611ed5600959a0e5a9754503b6c05d1dcf190010998e0363aee2ad98afca?s=96&d=mm&r=g","caption":"Viviana Monrroy"},"sameAs":["http:\/\/www.eldiario.net"],"url":"https:\/\/www.eldiario.net\/portal\/author\/vivianamonrroy\/"}]}},"_links":{"self":[{"href":"https:\/\/www.eldiario.net\/portal\/wp-json\/wp\/v2\/posts\/427791","targetHints":{"allow":["GET"]}}],"collection":[{"href":"https:\/\/www.eldiario.net\/portal\/wp-json\/wp\/v2\/posts"}],"about":[{"href":"https:\/\/www.eldiario.net\/portal\/wp-json\/wp\/v2\/types\/post"}],"author":[{"embeddable":true,"href":"https:\/\/www.eldiario.net\/portal\/wp-json\/wp\/v2\/users\/7"}],"replies":[{"embeddable":true,"href":"https:\/\/www.eldiario.net\/portal\/wp-json\/wp\/v2\/comments?post=427791"}],"version-history":[{"count":1,"href":"https:\/\/www.eldiario.net\/portal\/wp-json\/wp\/v2\/posts\/427791\/revisions"}],"predecessor-version":[{"id":427793,"href":"https:\/\/www.eldiario.net\/portal\/wp-json\/wp\/v2\/posts\/427791\/revisions\/427793"}],"wp:featuredmedia":[{"embeddable":true,"href":"https:\/\/www.eldiario.net\/portal\/wp-json\/wp\/v2\/media\/427792"}],"wp:attachment":[{"href":"https:\/\/www.eldiario.net\/portal\/wp-json\/wp\/v2\/media?parent=427791"}],"wp:term":[{"taxonomy":"category","embeddable":true,"href":"https:\/\/www.eldiario.net\/portal\/wp-json\/wp\/v2\/categories?post=427791"},{"taxonomy":"post_tag","embeddable":true,"href":"https:\/\/www.eldiario.net\/portal\/wp-json\/wp\/v2\/tags?post=427791"}],"curies":[{"name":"wp","href":"https:\/\/api.w.org\/{rel}","templated":true}]}}