{"id":427648,"date":"2026-09-04T06:42:41","date_gmt":"2026-09-04T10:42:41","guid":{"rendered":"https:\/\/www.eldiario.net\/portal\/?p=427648"},"modified":"2026-09-04T06:42:41","modified_gmt":"2026-09-04T10:42:41","slug":"procrastinacion-como-hackear-el-cerebro-para-superar-el-autosabotaje-7","status":"publish","type":"post","link":"https:\/\/www.eldiario.net\/portal\/2026\/09\/04\/procrastinacion-como-hackear-el-cerebro-para-superar-el-autosabotaje-7\/","title":{"rendered":"Procrastinaci\u00f3n C\u00f3mo hackear el cerebro para superar el autosabotaje"},"content":{"rendered":"<p><strong>Por. Lic. H\u00e9ctor Molina<\/strong><\/p>\n<p>&nbsp;<\/p>\n<p><strong>Recordemos que\u2026<\/strong><\/p>\n<p>&nbsp;<\/p>\n<p>La procrastinaci\u00f3n se define como un fallo temporal en la autorregulaci\u00f3n emocional, en el cual el cerebro decide posponer una tarea importante de forma irracional para escapar del estr\u00e9s, el aburrimiento o la frustraci\u00f3n que esta le genera. Lejos de ser un reflejo de flojera o mala organizaci\u00f3n, este fen\u00f3meno consiste en un verdadero secuestro neurol\u00f3gico donde el sistema l\u00edmbico, el \u00e1rea cerebral m\u00e1s antigua y encargada de buscar placer inmediato, derrota a la corteza prefrontal, que es la zona responsable de la l\u00f3gica y la planificaci\u00f3n a largo plazo.<\/p>\n<p>&nbsp;<\/p>\n<p><strong>El redescubrimiento de la voluntad &#8211; El cerebro redise\u00f1ado<\/strong><\/p>\n<p>&nbsp;<\/p>\n<p>El estudio cient\u00edfico de la procrastinaci\u00f3n ha permitido desmantelar uno de los mitos m\u00e1s arraigados en el rendimiento humano: la idea de que la postergaci\u00f3n es una falla moral o un s\u00edntoma de pereza personal. Las evidencias en neuroimagen han demostrado de manera contundente que postergar una tarea no representa un defecto de car\u00e1cter, sino una respuesta defensiva del cerebro ante la amenaza percibida del malestar emocional o la sobrecarga cognitiva.<\/p>\n<p>&nbsp;<\/p>\n<p>El entendimiento del conflicto neuropatol\u00f3gico entre la am\u00edgdala, impulsiva, reactiva y orientada a la supervivencia inmediata, y la corteza prefrontal, planificadora, anal\u00edtica y orientada a metas a largo plazo, transforma por completo la perspectiva del autogobierno. La voluntad deja de conceptualizarse como un esfuerzo ciego y se redefine como un ejercicio estrat\u00e9gico de arquitectura cerebral.<\/p>\n<p>&nbsp;<\/p>\n<p>La neuroplasticidad demuestra que cada decisi\u00f3n deliberada de iniciar una acci\u00f3n a pesar de la resistencia inicial altera f\u00edsicamente la densidad sin\u00e1ptica. El cerebro no es una estructura fija, sino un \u00f3rgano esculpido continuamente por la direcci\u00f3n de la atenci\u00f3n.<\/p>\n<p>&nbsp;<\/p>\n<p>Entender la qu\u00edmica de la dopamina, la distorsi\u00f3n del sesgo del presente y la desconexi\u00f3n emocional con el \u201cYo del Futuro\u201d otorga al individuo la capacidad de intervenir conscientemente en sus propios circuitos de motivaci\u00f3n, sustituyendo el circuito del autosabotaje por la din\u00e1mica del flujo anal\u00edtico.<\/p>\n<p>&nbsp;<\/p>\n<p><strong>La s\u00edntesis operativa &#8211; Del conocimiento a la ejecuci\u00f3n<\/strong><\/p>\n<p>&nbsp;<\/p>\n<p>La superaci\u00f3n de la procrastinaci\u00f3n en la era hiperconectada exige la integraci\u00f3n sistem\u00e1tica de las herramientas cient\u00edficas desarrolladas a lo largo de este trayecto. No se trata de aplicar t\u00e9cnicas aisladas, sino de consolidar un ecosistema de rendimiento cognitivo caracterizado por tres pilares fundamentales:<\/p>\n<p>&nbsp;<\/p>\n<ol>\n<li><strong> La regulaci\u00f3n emocional precondicional<\/strong><\/li>\n<\/ol>\n<p>&nbsp;<\/p>\n<p>El inicio de cualquier tarea compleja requiere desactivar la respuesta de amenaza del sistema l\u00edmbico mediante la reducci\u00f3n de la fricci\u00f3n inicial.<\/p>\n<p>&nbsp;<\/p>\n<ul>\n<li><strong>Desmitificaci\u00f3n del dolor inicial.<\/strong> La neurobiolog\u00eda del esfuerzo confirma que la sensaci\u00f3n de aversi\u00f3n dura \u00fanicamente los primeros minutos de ejecuci\u00f3n. Iniciar la acci\u00f3n rompe el sesgo de anticipaci\u00f3n negativa.<\/li>\n<\/ul>\n<p>&nbsp;<\/p>\n<ul>\n<li><strong>Microseccionamiento cognitivo.<\/strong> Dividir objetivos complejos en unidades m\u00ednimas de trabajo reduce la demanda percibida sobre la corteza prefrontal, previniendo la par\u00e1lisis por an\u00e1lisis.<\/li>\n<\/ul>\n<p>&nbsp;<\/p>\n<ol start=\"2\">\n<li><strong> El disparo estrat\u00e9gico de dopamina<\/strong><\/li>\n<\/ol>\n<p>&nbsp;<\/p>\n<p>La motivaci\u00f3n sostenible no depende de la inspiraci\u00f3n espont\u00e1nea, sino del manejo consciente de los sistemas de recompensa del sistema nervioso.<\/p>\n<p>&nbsp;<\/p>\n<ul>\n<li><strong>Recompensa por proceso, no por resultado.<\/strong> Alinear el circuito dopamin\u00e9rgico con la superaci\u00f3n de peque\u00f1as metas intermedias mantiene estables los niveles de atenci\u00f3n y previene las ca\u00eddas bruscas de energ\u00eda.<\/li>\n<\/ul>\n<p>&nbsp;<\/p>\n<ul>\n<li><strong>Dise\u00f1o del entorno anal\u00f3gico y digital.<\/strong> La eliminaci\u00f3n activa de distracciones de alta velocidad, notificaciones, hipervinculos irrelevantes o est\u00edmulos de gratificaci\u00f3n instant\u00e1nea, protege las reservas de atenci\u00f3n ejecutiva.<\/li>\n<\/ul>\n<p>&nbsp;<\/p>\n<ol start=\"3\">\n<li><strong> La simbiosis sint\u00e9tica cr\u00edtica<\/strong><\/li>\n<\/ol>\n<p>&nbsp;<\/p>\n<p>El uso de sistemas de inteligencia artificial y herramientas digitales debe orientarse hacia la amplificaci\u00f3n del pensamiento, rechazando la sustituci\u00f3n del juicio propio.<\/p>\n<p>&nbsp;<\/p>\n<ul>\n<li><strong>La IA como andamio, no como sustituto.<\/strong> La utilizaci\u00f3n de herramientas sint\u00e9ticas para estructurar cronogramas, generar esquemas preliminares o actuar como interlocutores socr\u00e1ticos libera carga cognitiva para destinarla al an\u00e1lisis profundo.<\/li>\n<\/ul>\n<p>&nbsp;<\/p>\n<ul>\n<li><strong>Preservaci\u00f3n de la soberan\u00eda intelectual.<\/strong> La formulaci\u00f3n de prompts anal\u00edticos exige un marco cr\u00edtico previo que garantice que la voz, la l\u00f3gica y la autor\u00eda final del proyecto pertenezcan siempre al ser humano.<\/li>\n<\/ul>\n<p>&nbsp;<\/p>\n<p><strong>El estado de flujo y la construcci\u00f3n del liderazgo personal<\/strong><\/p>\n<p>&nbsp;<\/p>\n<p>La meta \u00faltima de la gesti\u00f3n ejecutiva no es \u00fanicamente la productividad eficiente, sino la entrada deliberada en el estado de flow o flujo \u00f3ptimo. Este estado neurobiol\u00f3gico, caracterizado por la sincronizaci\u00f3n entre las ondas alfa y teta en el electroencefalograma, el silencio de la red neuronal por defecto y una alta liberaci\u00f3n de noradrenalina y dopamina, representa la c\u00faspide de la expresi\u00f3n cognitiva humana.<\/p>\n<p>&nbsp;<\/p>\n<p>Al alcanzar la capacidad de desactivar la procrastinaci\u00f3n de manera sistem\u00e1tica, el individuo no solo resuelve tareas acad\u00e9micas o profesionales con mayor soltura, sino que experimenta una transformaci\u00f3n profunda en su autoeficacia. El liderazgo personal emerge precisamente en el espacio donde la intenci\u00f3n abstracta se traduce en acci\u00f3n concreta.<\/p>\n<p>&nbsp;<\/p>\n<p>Aprender a gobernar la propia mente en una era dise\u00f1ada para la dispersi\u00f3n masiva constituye la mayor ventaja estrat\u00e9gica posible. Quien domina la biolog\u00eda de su atenci\u00f3n deja de ser un consumidor pasivo de est\u00edmulos para convertirse en el arquitecto de su propia trayectoria intelectual y vital.<\/p>\n\r\n                <style type=\"text\/css\">\r\n                    \r\n                    #tdi_1  .td-doubleSlider-2 .td-item1 {\r\n                        background: url(https:\/\/www.eldiario.net\/portal\/wp-content\/uploads\/2026\/09\/Socio-Entorno-analogico-y-digital-80x60.webp) 0 0 no-repeat;\r\n                    }\r\n                    #tdi_1  .td-doubleSlider-2 .td-item2 {\r\n                        background: url(https:\/\/www.eldiario.net\/portal\/wp-content\/uploads\/2026\/09\/Socio-Construccion-del-liderazgo-personal-80x60.webp) 0 0 no-repeat;\r\n                    }\r\n                <\/style>\r\n\r\n                <div id=\"tdi_1\" class=\"td-gallery td-slide-on-2-columns\">\r\n                    <div class=\"post_td_gallery\">\r\n                        <div class=\"td-gallery-slide-top\">\r\n                           <div class=\"td-gallery-title\"><\/div>\r\n\r\n                            <div class=\"td-gallery-controls-wrapper\">\r\n                                <div class=\"td-gallery-slide-count\"><span class=\"td-gallery-slide-item-focus\">1<\/span> de 2<\/div>\r\n                                <div class=\"td-gallery-slide-prev-next-but\">\r\n                                    <i class = \"td-icon-left doubleSliderPrevButton\"><\/i>\r\n                                    <i class = \"td-icon-right doubleSliderNextButton\"><\/i>\r\n                                <\/div>\r\n                            <\/div>\r\n                        <\/div>\r\n\r\n                        <div class = \"td-doubleSlider-1 \">\r\n                            <div class = \"td-slider\">\r\n                                \r\n                    <div class = \"td-slide-item td-item1\">\r\n                        <figure class=\"td-slide-galery-figure td-slide-popup-gallery\">\r\n                            <a class=\"slide-gallery-image-link\" href=\"https:\/\/www.eldiario.net\/portal\/wp-content\/uploads\/2026\/09\/Socio-Entorno-analogico-y-digital.webp\" title=\"Socio - Entorno anal\u00f3gico y digital\"  data-caption=\"\"  data-description=\"\">\r\n                                <img decoding=\"async\" src=\"https:\/\/www.eldiario.net\/portal\/wp-content\/uploads\/2026\/09\/Socio-Entorno-analogico-y-digital.webp\" srcset=\"https:\/\/www.eldiario.net\/portal\/wp-content\/uploads\/2026\/09\/Socio-Entorno-analogico-y-digital.webp 320w, https:\/\/www.eldiario.net\/portal\/wp-content\/uploads\/2026\/09\/Socio-Entorno-analogico-y-digital-300x274.webp 300w, https:\/\/www.eldiario.net\/portal\/wp-content\/uploads\/2026\/09\/Socio-Entorno-analogico-y-digital-150x137.webp 150w\" sizes=\"(max-width: 320px) 100vw, 320px\" alt=\"\">\r\n                            <\/a>\r\n                            \r\n                        <\/figure>\r\n                    <\/div>\r\n                    <div class = \"td-slide-item td-item2\">\r\n                        <figure class=\"td-slide-galery-figure td-slide-popup-gallery\">\r\n                            <a class=\"slide-gallery-image-link\" href=\"https:\/\/www.eldiario.net\/portal\/wp-content\/uploads\/2026\/09\/Socio-Construccion-del-liderazgo-personal.webp\" title=\"Socio - Construcci\u00f3n del liderazgo personal\"  data-caption=\"\"  data-description=\"\">\r\n                                <img decoding=\"async\" src=\"https:\/\/www.eldiario.net\/portal\/wp-content\/uploads\/2026\/09\/Socio-Construccion-del-liderazgo-personal-918x420.webp\" srcset=\"https:\/\/www.eldiario.net\/portal\/wp-content\/uploads\/2026\/09\/Socio-Construccion-del-liderazgo-personal-918x420.webp 918w, https:\/\/www.eldiario.net\/portal\/wp-content\/uploads\/2026\/09\/Socio-Construccion-del-liderazgo-personal-300x137.webp 300w, https:\/\/www.eldiario.net\/portal\/wp-content\/uploads\/2026\/09\/Socio-Construccion-del-liderazgo-personal-1024x468.webp 1024w, https:\/\/www.eldiario.net\/portal\/wp-content\/uploads\/2026\/09\/Socio-Construccion-del-liderazgo-personal-768x351.webp 768w, https:\/\/www.eldiario.net\/portal\/wp-content\/uploads\/2026\/09\/Socio-Construccion-del-liderazgo-personal-1536x703.webp 1536w, https:\/\/www.eldiario.net\/portal\/wp-content\/uploads\/2026\/09\/Socio-Construccion-del-liderazgo-personal-150x69.webp 150w, https:\/\/www.eldiario.net\/portal\/wp-content\/uploads\/2026\/09\/Socio-Construccion-del-liderazgo-personal-696x318.webp 696w, https:\/\/www.eldiario.net\/portal\/wp-content\/uploads\/2026\/09\/Socio-Construccion-del-liderazgo-personal-1068x489.webp 1068w, https:\/\/www.eldiario.net\/portal\/wp-content\/uploads\/2026\/09\/Socio-Construccion-del-liderazgo-personal.webp 1600w\" sizes=\"(max-width: 918px) 100vw, 918px\" alt=\"\">\r\n                            <\/a>\r\n                            \r\n                        <\/figure>\r\n                    <\/div>\r\n                            <\/div>\r\n                        <\/div>\r\n\r\n                        <div class = \"td-doubleSlider-2\">\r\n                            <div class = \"td-slider\">\r\n                                \r\n                    <div class = \"td-button td-item1\">\r\n                        <div class = \"td-border\"><\/div>\r\n                    <\/div>\r\n                    <div class = \"td-button td-item2\">\r\n                        <div class = \"td-border\"><\/div>\r\n                    <\/div>\r\n                            <\/div>\r\n                        <\/div>\r\n\r\n                    <\/div>\r\n\r\n                <\/div>\r\n                \n","protected":false},"excerpt":{"rendered":"<p>Por. Lic. H\u00e9ctor Molina &nbsp; Recordemos que\u2026 &nbsp; La procrastinaci\u00f3n se define como un fallo temporal en la autorregulaci\u00f3n emocional, en el cual el cerebro decide posponer una tarea importante de forma irracional para escapar del estr\u00e9s, el aburrimiento o la frustraci\u00f3n que esta le genera. Lejos de ser un reflejo de flojera o mala [&hellip;]<\/p>\n","protected":false},"author":1,"featured_media":427650,"comment_status":"closed","ping_status":"open","sticky":false,"template":"","format":"standard","meta":{"_acf_changed":false,"footnotes":""},"categories":[43],"tags":[],"class_list":["post-427648","post","type-post","status-publish","format-standard","has-post-thumbnail","category-nuevos-horizontes"],"acf":{"antetitulo":"S\u00e9ptima Parte"},"yoast_head":"<!-- This site is optimized with the Yoast SEO plugin v28.4 - https:\/\/yoast.com\/product\/yoast-seo-wordpress\/ -->\n<title>Procrastinaci\u00f3n C\u00f3mo hackear el cerebro para superar el autosabotaje - El Diario - Bolivia<\/title>\n<meta name=\"robots\" content=\"index, follow, max-snippet:-1, max-image-preview:large, max-video-preview:-1\" \/>\n<link rel=\"canonical\" href=\"https:\/\/www.eldiario.net\/portal\/2026\/09\/04\/procrastinacion-como-hackear-el-cerebro-para-superar-el-autosabotaje-7\/\" \/>\n<meta property=\"og:locale\" content=\"es_ES\" \/>\n<meta property=\"og:type\" content=\"article\" \/>\n<meta property=\"og:title\" content=\"Procrastinaci\u00f3n C\u00f3mo hackear el cerebro para superar el autosabotaje - El Diario - Bolivia\" \/>\n<meta property=\"og:description\" content=\"Por. Lic. H\u00e9ctor Molina &nbsp; Recordemos que\u2026 &nbsp; La procrastinaci\u00f3n se define como un fallo temporal en la autorregulaci\u00f3n emocional, en el cual el cerebro decide posponer una tarea importante de forma irracional para escapar del estr\u00e9s, el aburrimiento o la frustraci\u00f3n que esta le genera. Lejos de ser un reflejo de flojera o mala [&hellip;]\" \/>\n<meta property=\"og:url\" content=\"https:\/\/www.eldiario.net\/portal\/2026\/09\/04\/procrastinacion-como-hackear-el-cerebro-para-superar-el-autosabotaje-7\/\" \/>\n<meta property=\"og:site_name\" content=\"El Diario - Bolivia\" \/>\n<meta property=\"article:publisher\" content=\"https:\/\/www.facebook.com\/eldiario.bolivia\/\" \/>\n<meta property=\"article:published_time\" content=\"2026-09-04T10:42:41+00:00\" \/>\n<meta property=\"og:image\" content=\"https:\/\/www.eldiario.net\/portal\/wp-content\/uploads\/2026\/09\/Socio-Construccion-del-liderazgo-personal.webp\" \/>\n\t<meta property=\"og:image:width\" content=\"1600\" \/>\n\t<meta property=\"og:image:height\" content=\"732\" \/>\n\t<meta property=\"og:image:type\" content=\"image\/webp\" \/>\n<meta name=\"author\" content=\"Jeanette\" \/>\n<meta name=\"twitter:card\" content=\"summary_large_image\" \/>\n<meta name=\"twitter:creator\" content=\"@eldiario_net\" \/>\n<meta name=\"twitter:site\" content=\"@eldiario_net\" \/>\n<meta name=\"twitter:label1\" content=\"Escrito por\" \/>\n\t<meta name=\"twitter:data1\" content=\"Jeanette\" \/>\n\t<meta name=\"twitter:label2\" content=\"Tiempo de lectura\" \/>\n\t<meta name=\"twitter:data2\" content=\"4 minutos\" \/>\n<script type=\"application\/ld+json\" class=\"yoast-schema-graph\">{\"@context\":\"https:\\\/\\\/schema.org\",\"@graph\":[{\"@type\":\"Article\",\"@id\":\"https:\\\/\\\/www.eldiario.net\\\/portal\\\/2026\\\/09\\\/04\\\/procrastinacion-como-hackear-el-cerebro-para-superar-el-autosabotaje-7\\\/#article\",\"isPartOf\":{\"@id\":\"https:\\\/\\\/www.eldiario.net\\\/portal\\\/2026\\\/09\\\/04\\\/procrastinacion-como-hackear-el-cerebro-para-superar-el-autosabotaje-7\\\/\"},\"author\":{\"name\":\"Jeanette\",\"@id\":\"https:\\\/\\\/www.eldiario.net\\\/portal\\\/#\\\/schema\\\/person\\\/f46445640444750d7d753ccd04ae01b7\"},\"headline\":\"Procrastinaci\u00f3n C\u00f3mo hackear el cerebro para superar el autosabotaje\",\"datePublished\":\"2026-09-04T10:42:41+00:00\",\"mainEntityOfPage\":{\"@id\":\"https:\\\/\\\/www.eldiario.net\\\/portal\\\/2026\\\/09\\\/04\\\/procrastinacion-como-hackear-el-cerebro-para-superar-el-autosabotaje-7\\\/\"},\"wordCount\":948,\"publisher\":{\"@id\":\"https:\\\/\\\/www.eldiario.net\\\/portal\\\/#organization\"},\"image\":{\"@id\":\"https:\\\/\\\/www.eldiario.net\\\/portal\\\/2026\\\/09\\\/04\\\/procrastinacion-como-hackear-el-cerebro-para-superar-el-autosabotaje-7\\\/#primaryimage\"},\"thumbnailUrl\":\"https:\\\/\\\/www.eldiario.net\\\/portal\\\/wp-content\\\/uploads\\\/2026\\\/09\\\/Socio-Construccion-del-liderazgo-personal.webp\",\"articleSection\":[\"Nuevos Horizontes\"],\"inLanguage\":\"es\"},{\"@type\":\"WebPage\",\"@id\":\"https:\\\/\\\/www.eldiario.net\\\/portal\\\/2026\\\/09\\\/04\\\/procrastinacion-como-hackear-el-cerebro-para-superar-el-autosabotaje-7\\\/\",\"url\":\"https:\\\/\\\/www.eldiario.net\\\/portal\\\/2026\\\/09\\\/04\\\/procrastinacion-como-hackear-el-cerebro-para-superar-el-autosabotaje-7\\\/\",\"name\":\"Procrastinaci\u00f3n C\u00f3mo hackear el cerebro para superar el autosabotaje - El Diario - Bolivia\",\"isPartOf\":{\"@id\":\"https:\\\/\\\/www.eldiario.net\\\/portal\\\/#website\"},\"primaryImageOfPage\":{\"@id\":\"https:\\\/\\\/www.eldiario.net\\\/portal\\\/2026\\\/09\\\/04\\\/procrastinacion-como-hackear-el-cerebro-para-superar-el-autosabotaje-7\\\/#primaryimage\"},\"image\":{\"@id\":\"https:\\\/\\\/www.eldiario.net\\\/portal\\\/2026\\\/09\\\/04\\\/procrastinacion-como-hackear-el-cerebro-para-superar-el-autosabotaje-7\\\/#primaryimage\"},\"thumbnailUrl\":\"https:\\\/\\\/www.eldiario.net\\\/portal\\\/wp-content\\\/uploads\\\/2026\\\/09\\\/Socio-Construccion-del-liderazgo-personal.webp\",\"datePublished\":\"2026-09-04T10:42:41+00:00\",\"breadcrumb\":{\"@id\":\"https:\\\/\\\/www.eldiario.net\\\/portal\\\/2026\\\/09\\\/04\\\/procrastinacion-como-hackear-el-cerebro-para-superar-el-autosabotaje-7\\\/#breadcrumb\"},\"inLanguage\":\"es\",\"potentialAction\":[{\"@type\":\"ReadAction\",\"target\":[\"https:\\\/\\\/www.eldiario.net\\\/portal\\\/2026\\\/09\\\/04\\\/procrastinacion-como-hackear-el-cerebro-para-superar-el-autosabotaje-7\\\/\"]}]},{\"@type\":\"ImageObject\",\"inLanguage\":\"es\",\"@id\":\"https:\\\/\\\/www.eldiario.net\\\/portal\\\/2026\\\/09\\\/04\\\/procrastinacion-como-hackear-el-cerebro-para-superar-el-autosabotaje-7\\\/#primaryimage\",\"url\":\"https:\\\/\\\/www.eldiario.net\\\/portal\\\/wp-content\\\/uploads\\\/2026\\\/09\\\/Socio-Construccion-del-liderazgo-personal.webp\",\"contentUrl\":\"https:\\\/\\\/www.eldiario.net\\\/portal\\\/wp-content\\\/uploads\\\/2026\\\/09\\\/Socio-Construccion-del-liderazgo-personal.webp\",\"width\":1600,\"height\":732},{\"@type\":\"BreadcrumbList\",\"@id\":\"https:\\\/\\\/www.eldiario.net\\\/portal\\\/2026\\\/09\\\/04\\\/procrastinacion-como-hackear-el-cerebro-para-superar-el-autosabotaje-7\\\/#breadcrumb\",\"itemListElement\":[{\"@type\":\"ListItem\",\"position\":1,\"name\":\"Portada\",\"item\":\"https:\\\/\\\/www.eldiario.net\\\/portal\\\/\"},{\"@type\":\"ListItem\",\"position\":2,\"name\":\"Procrastinaci\u00f3n C\u00f3mo hackear el cerebro para superar el autosabotaje\"}]},{\"@type\":\"WebSite\",\"@id\":\"https:\\\/\\\/www.eldiario.net\\\/portal\\\/#website\",\"url\":\"https:\\\/\\\/www.eldiario.net\\\/portal\\\/\",\"name\":\"El Diario - Decano de la prensa nacional\",\"description\":\"El Diario - Decano de la prensa nacional\",\"publisher\":{\"@id\":\"https:\\\/\\\/www.eldiario.net\\\/portal\\\/#organization\"},\"potentialAction\":[{\"@type\":\"SearchAction\",\"target\":{\"@type\":\"EntryPoint\",\"urlTemplate\":\"https:\\\/\\\/www.eldiario.net\\\/portal\\\/?s={search_term_string}\"},\"query-input\":{\"@type\":\"PropertyValueSpecification\",\"valueRequired\":true,\"valueName\":\"search_term_string\"}}],\"inLanguage\":\"es\"},{\"@type\":\"Organization\",\"@id\":\"https:\\\/\\\/www.eldiario.net\\\/portal\\\/#organization\",\"name\":\"El Diario - Decano de la prensa nacional\",\"url\":\"https:\\\/\\\/www.eldiario.net\\\/portal\\\/\",\"logo\":{\"@type\":\"ImageObject\",\"inLanguage\":\"es\",\"@id\":\"https:\\\/\\\/www.eldiario.net\\\/portal\\\/#\\\/schema\\\/logo\\\/image\\\/\",\"url\":\"https:\\\/\\\/www.eldiario.net\\\/portal\\\/wp-content\\\/uploads\\\/2023\\\/07\\\/logo_ED.jpg\",\"contentUrl\":\"https:\\\/\\\/www.eldiario.net\\\/portal\\\/wp-content\\\/uploads\\\/2023\\\/07\\\/logo_ED.jpg\",\"width\":272,\"height\":52,\"caption\":\"El Diario - Decano de la prensa nacional\"},\"image\":{\"@id\":\"https:\\\/\\\/www.eldiario.net\\\/portal\\\/#\\\/schema\\\/logo\\\/image\\\/\"},\"sameAs\":[\"https:\\\/\\\/www.facebook.com\\\/eldiario.bolivia\\\/\",\"https:\\\/\\\/x.com\\\/eldiario_net\"]},{\"@type\":\"Person\",\"@id\":\"https:\\\/\\\/www.eldiario.net\\\/portal\\\/#\\\/schema\\\/person\\\/f46445640444750d7d753ccd04ae01b7\",\"name\":\"Jeanette\",\"image\":{\"@type\":\"ImageObject\",\"inLanguage\":\"es\",\"@id\":\"https:\\\/\\\/secure.gravatar.com\\\/avatar\\\/3ea2118a5f7dad2b7138b1187a6b7ee55f160b9968b66013c3a3ef39dd7e5798?s=96&d=mm&r=g\",\"url\":\"https:\\\/\\\/secure.gravatar.com\\\/avatar\\\/3ea2118a5f7dad2b7138b1187a6b7ee55f160b9968b66013c3a3ef39dd7e5798?s=96&d=mm&r=g\",\"contentUrl\":\"https:\\\/\\\/secure.gravatar.com\\\/avatar\\\/3ea2118a5f7dad2b7138b1187a6b7ee55f160b9968b66013c3a3ef39dd7e5798?s=96&d=mm&r=g\",\"caption\":\"Jeanette\"},\"sameAs\":[\"https:\\\/\\\/www.eldiario.net\\\/portal\"],\"url\":\"https:\\\/\\\/www.eldiario.net\\\/portal\\\/author\\\/jeanette\\\/\"}]}<\/script>\n<!-- \/ Yoast SEO plugin. -->","yoast_head_json":{"title":"Procrastinaci\u00f3n C\u00f3mo hackear el cerebro para superar el autosabotaje - El Diario - Bolivia","robots":{"index":"index","follow":"follow","max-snippet":"max-snippet:-1","max-image-preview":"max-image-preview:large","max-video-preview":"max-video-preview:-1"},"canonical":"https:\/\/www.eldiario.net\/portal\/2026\/09\/04\/procrastinacion-como-hackear-el-cerebro-para-superar-el-autosabotaje-7\/","og_locale":"es_ES","og_type":"article","og_title":"Procrastinaci\u00f3n C\u00f3mo hackear el cerebro para superar el autosabotaje - El Diario - Bolivia","og_description":"Por. Lic. H\u00e9ctor Molina &nbsp; Recordemos que\u2026 &nbsp; La procrastinaci\u00f3n se define como un fallo temporal en la autorregulaci\u00f3n emocional, en el cual el cerebro decide posponer una tarea importante de forma irracional para escapar del estr\u00e9s, el aburrimiento o la frustraci\u00f3n que esta le genera. Lejos de ser un reflejo de flojera o mala [&hellip;]","og_url":"https:\/\/www.eldiario.net\/portal\/2026\/09\/04\/procrastinacion-como-hackear-el-cerebro-para-superar-el-autosabotaje-7\/","og_site_name":"El Diario - Bolivia","article_publisher":"https:\/\/www.facebook.com\/eldiario.bolivia\/","article_published_time":"2026-09-04T10:42:41+00:00","og_image":[{"width":1600,"height":732,"url":"https:\/\/www.eldiario.net\/portal\/wp-content\/uploads\/2026\/09\/Socio-Construccion-del-liderazgo-personal.webp","type":"image\/webp"}],"author":"Jeanette","twitter_card":"summary_large_image","twitter_creator":"@eldiario_net","twitter_site":"@eldiario_net","twitter_misc":{"Escrito por":"Jeanette","Tiempo de lectura":"4 minutos"},"schema":{"@context":"https:\/\/schema.org","@graph":[{"@type":"Article","@id":"https:\/\/www.eldiario.net\/portal\/2026\/09\/04\/procrastinacion-como-hackear-el-cerebro-para-superar-el-autosabotaje-7\/#article","isPartOf":{"@id":"https:\/\/www.eldiario.net\/portal\/2026\/09\/04\/procrastinacion-como-hackear-el-cerebro-para-superar-el-autosabotaje-7\/"},"author":{"name":"Jeanette","@id":"https:\/\/www.eldiario.net\/portal\/#\/schema\/person\/f46445640444750d7d753ccd04ae01b7"},"headline":"Procrastinaci\u00f3n C\u00f3mo hackear el cerebro para superar el autosabotaje","datePublished":"2026-09-04T10:42:41+00:00","mainEntityOfPage":{"@id":"https:\/\/www.eldiario.net\/portal\/2026\/09\/04\/procrastinacion-como-hackear-el-cerebro-para-superar-el-autosabotaje-7\/"},"wordCount":948,"publisher":{"@id":"https:\/\/www.eldiario.net\/portal\/#organization"},"image":{"@id":"https:\/\/www.eldiario.net\/portal\/2026\/09\/04\/procrastinacion-como-hackear-el-cerebro-para-superar-el-autosabotaje-7\/#primaryimage"},"thumbnailUrl":"https:\/\/www.eldiario.net\/portal\/wp-content\/uploads\/2026\/09\/Socio-Construccion-del-liderazgo-personal.webp","articleSection":["Nuevos Horizontes"],"inLanguage":"es"},{"@type":"WebPage","@id":"https:\/\/www.eldiario.net\/portal\/2026\/09\/04\/procrastinacion-como-hackear-el-cerebro-para-superar-el-autosabotaje-7\/","url":"https:\/\/www.eldiario.net\/portal\/2026\/09\/04\/procrastinacion-como-hackear-el-cerebro-para-superar-el-autosabotaje-7\/","name":"Procrastinaci\u00f3n C\u00f3mo hackear el cerebro para superar el autosabotaje - El Diario - Bolivia","isPartOf":{"@id":"https:\/\/www.eldiario.net\/portal\/#website"},"primaryImageOfPage":{"@id":"https:\/\/www.eldiario.net\/portal\/2026\/09\/04\/procrastinacion-como-hackear-el-cerebro-para-superar-el-autosabotaje-7\/#primaryimage"},"image":{"@id":"https:\/\/www.eldiario.net\/portal\/2026\/09\/04\/procrastinacion-como-hackear-el-cerebro-para-superar-el-autosabotaje-7\/#primaryimage"},"thumbnailUrl":"https:\/\/www.eldiario.net\/portal\/wp-content\/uploads\/2026\/09\/Socio-Construccion-del-liderazgo-personal.webp","datePublished":"2026-09-04T10:42:41+00:00","breadcrumb":{"@id":"https:\/\/www.eldiario.net\/portal\/2026\/09\/04\/procrastinacion-como-hackear-el-cerebro-para-superar-el-autosabotaje-7\/#breadcrumb"},"inLanguage":"es","potentialAction":[{"@type":"ReadAction","target":["https:\/\/www.eldiario.net\/portal\/2026\/09\/04\/procrastinacion-como-hackear-el-cerebro-para-superar-el-autosabotaje-7\/"]}]},{"@type":"ImageObject","inLanguage":"es","@id":"https:\/\/www.eldiario.net\/portal\/2026\/09\/04\/procrastinacion-como-hackear-el-cerebro-para-superar-el-autosabotaje-7\/#primaryimage","url":"https:\/\/www.eldiario.net\/portal\/wp-content\/uploads\/2026\/09\/Socio-Construccion-del-liderazgo-personal.webp","contentUrl":"https:\/\/www.eldiario.net\/portal\/wp-content\/uploads\/2026\/09\/Socio-Construccion-del-liderazgo-personal.webp","width":1600,"height":732},{"@type":"BreadcrumbList","@id":"https:\/\/www.eldiario.net\/portal\/2026\/09\/04\/procrastinacion-como-hackear-el-cerebro-para-superar-el-autosabotaje-7\/#breadcrumb","itemListElement":[{"@type":"ListItem","position":1,"name":"Portada","item":"https:\/\/www.eldiario.net\/portal\/"},{"@type":"ListItem","position":2,"name":"Procrastinaci\u00f3n C\u00f3mo hackear el cerebro para superar el autosabotaje"}]},{"@type":"WebSite","@id":"https:\/\/www.eldiario.net\/portal\/#website","url":"https:\/\/www.eldiario.net\/portal\/","name":"El Diario - Decano de la prensa nacional","description":"El Diario - Decano de la prensa nacional","publisher":{"@id":"https:\/\/www.eldiario.net\/portal\/#organization"},"potentialAction":[{"@type":"SearchAction","target":{"@type":"EntryPoint","urlTemplate":"https:\/\/www.eldiario.net\/portal\/?s={search_term_string}"},"query-input":{"@type":"PropertyValueSpecification","valueRequired":true,"valueName":"search_term_string"}}],"inLanguage":"es"},{"@type":"Organization","@id":"https:\/\/www.eldiario.net\/portal\/#organization","name":"El Diario - Decano de la prensa nacional","url":"https:\/\/www.eldiario.net\/portal\/","logo":{"@type":"ImageObject","inLanguage":"es","@id":"https:\/\/www.eldiario.net\/portal\/#\/schema\/logo\/image\/","url":"https:\/\/www.eldiario.net\/portal\/wp-content\/uploads\/2023\/07\/logo_ED.jpg","contentUrl":"https:\/\/www.eldiario.net\/portal\/wp-content\/uploads\/2023\/07\/logo_ED.jpg","width":272,"height":52,"caption":"El Diario - Decano de la prensa nacional"},"image":{"@id":"https:\/\/www.eldiario.net\/portal\/#\/schema\/logo\/image\/"},"sameAs":["https:\/\/www.facebook.com\/eldiario.bolivia\/","https:\/\/x.com\/eldiario_net"]},{"@type":"Person","@id":"https:\/\/www.eldiario.net\/portal\/#\/schema\/person\/f46445640444750d7d753ccd04ae01b7","name":"Jeanette","image":{"@type":"ImageObject","inLanguage":"es","@id":"https:\/\/secure.gravatar.com\/avatar\/3ea2118a5f7dad2b7138b1187a6b7ee55f160b9968b66013c3a3ef39dd7e5798?s=96&d=mm&r=g","url":"https:\/\/secure.gravatar.com\/avatar\/3ea2118a5f7dad2b7138b1187a6b7ee55f160b9968b66013c3a3ef39dd7e5798?s=96&d=mm&r=g","contentUrl":"https:\/\/secure.gravatar.com\/avatar\/3ea2118a5f7dad2b7138b1187a6b7ee55f160b9968b66013c3a3ef39dd7e5798?s=96&d=mm&r=g","caption":"Jeanette"},"sameAs":["https:\/\/www.eldiario.net\/portal"],"url":"https:\/\/www.eldiario.net\/portal\/author\/jeanette\/"}]}},"_links":{"self":[{"href":"https:\/\/www.eldiario.net\/portal\/wp-json\/wp\/v2\/posts\/427648","targetHints":{"allow":["GET"]}}],"collection":[{"href":"https:\/\/www.eldiario.net\/portal\/wp-json\/wp\/v2\/posts"}],"about":[{"href":"https:\/\/www.eldiario.net\/portal\/wp-json\/wp\/v2\/types\/post"}],"author":[{"embeddable":true,"href":"https:\/\/www.eldiario.net\/portal\/wp-json\/wp\/v2\/users\/1"}],"replies":[{"embeddable":true,"href":"https:\/\/www.eldiario.net\/portal\/wp-json\/wp\/v2\/comments?post=427648"}],"version-history":[{"count":1,"href":"https:\/\/www.eldiario.net\/portal\/wp-json\/wp\/v2\/posts\/427648\/revisions"}],"predecessor-version":[{"id":427651,"href":"https:\/\/www.eldiario.net\/portal\/wp-json\/wp\/v2\/posts\/427648\/revisions\/427651"}],"wp:featuredmedia":[{"embeddable":true,"href":"https:\/\/www.eldiario.net\/portal\/wp-json\/wp\/v2\/media\/427650"}],"wp:attachment":[{"href":"https:\/\/www.eldiario.net\/portal\/wp-json\/wp\/v2\/media?parent=427648"}],"wp:term":[{"taxonomy":"category","embeddable":true,"href":"https:\/\/www.eldiario.net\/portal\/wp-json\/wp\/v2\/categories?post=427648"},{"taxonomy":"post_tag","embeddable":true,"href":"https:\/\/www.eldiario.net\/portal\/wp-json\/wp\/v2\/tags?post=427648"}],"curies":[{"name":"wp","href":"https:\/\/api.w.org\/{rel}","templated":true}]}}