{"id":427644,"date":"2026-09-04T06:41:53","date_gmt":"2026-09-04T10:41:53","guid":{"rendered":"https:\/\/www.eldiario.net\/portal\/?p=427644"},"modified":"2026-09-04T06:41:53","modified_gmt":"2026-09-04T10:41:53","slug":"comunicacion-digital-y-pensamiento-critico-la-arquitectura-del-engano-5","status":"publish","type":"post","link":"https:\/\/www.eldiario.net\/portal\/2026\/09\/04\/comunicacion-digital-y-pensamiento-critico-la-arquitectura-del-engano-5\/","title":{"rendered":"Comunicaci\u00f3n digital y pensamiento cr\u00edtico La arquitectura del enga\u00f1o"},"content":{"rendered":"<p><strong>Por. Lic. H\u00e9ctor Molina<\/strong><\/p>\n<p>&nbsp;<\/p>\n<p><strong>Recordemos que\u2026<\/strong><\/p>\n<p>&nbsp;<\/p>\n<p>La comunicaci\u00f3n digital se define como el proceso de intercambio de informaci\u00f3n, significados e interacci\u00f3n social mediado por tecnolog\u00edas electr\u00f3nicas e interconectadas a trav\u00e9s de redes cibern\u00e9ticas, donde la informaci\u00f3n es codificada en datos binarios para ser transmitida, almacenada y procesada de forma instant\u00e1nea, masiva y bidireccional (Castells, 2009; Scolari, 2008).<\/p>\n<p>&nbsp;<\/p>\n<p>Adem\u00e1s, que el pensamiento cr\u00edtico se define como el proceso cognitivo autorregulado, disciplinado y deliberado mediante el cual un individuo analiza, eval\u00faa y sintetiza la informaci\u00f3n de manera objetiva para orientar sus juicios, creencias y acciones (Facione, 1990; Paul &amp; Elder, 2006).<\/p>\n<p>&nbsp;<\/p>\n<p><strong>Soberan\u00eda intelectual &#8211; El poder del prompt y la IA para pasar de consumidor pasivo a creador cr\u00edtico<\/strong><\/p>\n<p>&nbsp;<\/p>\n<p>El cerebro humano opera bajo un principio biol\u00f3gico fundamental: la econom\u00eda de energ\u00eda. El c\u00f3rtex prefrontal, sede de las funciones ejecutivas m\u00e1s complejas, como el juicio cr\u00edtico, la planificaci\u00f3n estrat\u00e9gica y la toma de decisiones deliberada, consume un volumen proporcionalmente elevado de glucosa y ox\u00edgeno en comparaci\u00f3n con su masa. Cuando una herramienta tecnol\u00f3gica ofrece resolver una tarea anal\u00edtica compleja con un esfuerzo m\u00ednimo, el sistema nervioso tiende a adoptar la ruta de menor resistencia.<\/p>\n<p>&nbsp;<\/p>\n<p>En la interacci\u00f3n habitual con modelos de lenguaje generativo (LLM), este fen\u00f3meno se manifiesta como descarga cognitiva no intencionada. Al delegar completamente la redacci\u00f3n, el an\u00e1lisis o el resumen de un texto a un algoritmo, se reduce dr\u00e1sticamente la activaci\u00f3n de las redes neuronales asociadas al procesamiento profundo de la informaci\u00f3n.<\/p>\n<p>&nbsp;<\/p>\n<p>El procesamiento superficial limita la consolidaci\u00f3n de la memoria a largo plazo y debilita la capacidad de formar esquemas mentales complejos. La inteligencia artificial no debe actuar como un sustituto del pensamiento, sino como un andamio cognitivo que amplifique la capacidad anal\u00edtica.<\/p>\n<p>&nbsp;<\/p>\n<p>Para mantener la plasticidad cerebral y la autonom\u00eda intelectual, la clave neurobiol\u00f3gica radica en pasar de una postura de recepci\u00f3n pasiva a un estado de co-creaci\u00f3n de alta demanda cognitiva.<\/p>\n<p>&nbsp;<\/p>\n<p><strong>La cultura algor\u00edtmica y la ilusi\u00f3n de competencia<\/strong><\/p>\n<p>&nbsp;<\/p>\n<p>En la ecolog\u00eda digital contempor\u00e1nea, donde la Generaci\u00f3n Alpha y la Gen Z interact\u00faan fluidamente con herramientas sint\u00e9ticas, existe un riesgo estructural denominado la ilusi\u00f3n de competencia. Esta ocurre cuando un individuo confunde la capacidad de producci\u00f3n instant\u00e1nea de la plataforma con su propia comprensi\u00f3n real del tema.<\/p>\n<p>&nbsp;<\/p>\n<p>La inteligencia artificial generativa no \u00abpiensa\u00bb ni \u00abcomprende\u00bb en el sentido biol\u00f3gico o conceptual; opera mediante el c\u00e1lculo probabil\u00edstico de secuencias de tokens. Por lo tanto, asumir las respuestas generadas como verdades definitivas expone al usuario a sesgos estad\u00edsticos y alucinaciones de contenido.<\/p>\n<p>&nbsp;<\/p>\n<p>Para transformar la relaci\u00f3n con la tecnolog\u00eda, es necesario modificar la arquitectura de la interacci\u00f3n a trav\u00e9s de la ingenier\u00eda de prompts orientada al pensamiento anal\u00edtico.<\/p>\n<p>&nbsp;<\/p>\n<p><strong>Principios de la interacci\u00f3n cr\u00edtica<\/strong><\/p>\n<p>&nbsp;<\/p>\n<ul>\n<li><strong>Evitar la delegaci\u00f3n del juicio inicial.<\/strong> Antes de formular una consulta a un modelo de IA, resulta imprescindible realizar una lluvia de ideas propia o fijar una postura previa. Esto garantiza que la hip\u00f3tesis inicial nazca del razonamiento humano.<\/li>\n<\/ul>\n<p>&nbsp;<\/p>\n<ul>\n<li><strong>Establecer el rol de la IA como contraparte.<\/strong> En lugar de solicitar respuestas directas, se debe instruir al modelo para que adopte el rol de un evaluador cr\u00edtico, identificando fallas l\u00f3gicas, supuestos no verificados o sesgos en los argumentos presentados por el usuario.<\/li>\n<\/ul>\n<p>&nbsp;<\/p>\n<ul>\n<li><strong>Mantenimiento del control estil\u00edstico y conceptual.<\/strong> La IA debe procesar, estructurar o cuestionar la informaci\u00f3n, pero la s\u00edntesis final y la voz narrativa deben permanecer siempre bajo el control del autor.<\/li>\n<\/ul>\n<p>&nbsp;<\/p>\n<p><strong>Estrategias pedag\u00f3gicas para un uso aliado y riguroso<\/strong><\/p>\n<p>&nbsp;<\/p>\n<p>El verdadero dominio del prompting no radica en obtener respuestas r\u00e1pidas, sino en utilizar el lenguaje sint\u00e1ctico como un catalizador del pensamiento anal\u00edtico. A continuaci\u00f3n se presentan tres estrategias operativas para convertir a los sistemas de IA en aliados del aprendizaje acad\u00e9mico y personal:<\/p>\n<p>&nbsp;<\/p>\n<ol>\n<li><strong> El m\u00e9todo del di\u00e1logo socr\u00e1tico sint\u00e9tico<\/strong><\/li>\n<\/ol>\n<p>&nbsp;<\/p>\n<p>Consiste en configurar la herramienta para que no provea resoluciones directas a un problema, sino que gu\u00ede al usuario a trav\u00e9s de preguntas secuenciales.<\/p>\n<p>&nbsp;<\/p>\n<ul>\n<li><strong>Aplicaci\u00f3n.<\/strong> Al estudiar un fen\u00f3meno hist\u00f3rico o cient\u00edfico, se solicita a la plataforma que asuma la postura de un interlocutor socr\u00e1tico. La instrucci\u00f3n exige al algoritmo que ponga a prueba las afirmaciones del usuario, oblig\u00e1ndolo a fundamentar sus respuestas con evidencia contrastable antes de avanzar al siguiente nivel de complejidad.<\/li>\n<\/ul>\n<p>&nbsp;<\/p>\n<ol start=\"2\">\n<li><strong> El protocolo de auditor\u00eda de sesgos y alucinaciones<\/strong><\/li>\n<\/ol>\n<p>&nbsp;<\/p>\n<p>T\u00e9cnica dise\u00f1ada para ejercitar la evaluaci\u00f3n objetiva de la informaci\u00f3n mediante el an\u00e1lisis de los textos producidos por el propio sistema.<\/p>\n<p>&nbsp;<\/p>\n<ul>\n<li><strong>Aplicaci\u00f3n.<\/strong> Tras solicitar un an\u00e1lisis sobre un tema controvertido, el estudiante exige a la herramienta que eval\u00fae su propio texto e identifique potencial falta de neutralidad, vac\u00edos argumentativos o ausencias de fuentes primarias. Posteriormente, el usuario verifica manualmente los datos presentados contra bases de datos acad\u00e9micas e institucionales.<\/li>\n<\/ul>\n<p>&nbsp;<\/p>\n<ol start=\"3\">\n<li><strong> La redacci\u00f3n por capas con preservaci\u00f3n de voz<\/strong><\/li>\n<\/ol>\n<p>&nbsp;<\/p>\n<p>Metodolog\u00eda para trabajar la expresi\u00f3n escrita sin perder la identidad cognitiva ni el estilo propio.<\/p>\n<p>&nbsp;<\/p>\n<ul>\n<li><strong>Aplicaci\u00f3n.<\/strong> El usuario redacta un primer borrador con sus ideas, estructura e interpretaciones personales. La herramienta digital se utiliza exclusivamente para funciones mec\u00e1nicas de revisi\u00f3n gramatical, exploraci\u00f3n de sin\u00f3nimos o propuesta de transiciones l\u00f3gicas, prohibiendo expl\u00edcitamente la alteraci\u00f3n del fondo del argumento o del tono expresivo.<\/li>\n<\/ul>\n<p>&nbsp;<\/p>\n<p><strong>La soberan\u00eda intelectual en la era sint\u00e9tica<\/strong><\/p>\n<p>&nbsp;<\/p>\n<p>El uso estrat\u00e9gico de la inteligencia artificial no busca la automatizaci\u00f3n del conocimiento, sino la optimizaci\u00f3n del proceso de aprendizaje. Un prompt elaborado con criterio no es una simple instrucci\u00f3n operativa; es una declaraci\u00f3n de intenciones intelectuales donde el ser humano define el marco de an\u00e1lisis, las fronteras \u00e9ticas y el nivel de rigor exigido.<\/p>\n<p>&nbsp;<\/p>\n<p>Convertirse en un creador cr\u00edtico implica reconocer que las herramientas digitales son extensiones de la capacidad cognitiva, nunca reemplazos de la conciencia, la intuici\u00f3n y el juicio \u00e9tico. La verdadera soberan\u00eda intelectual en el siglo XXI reside en la habilidad para interrogar con agudeza tanto a la realidad an\u00e1loga como a los algoritmos sint\u00e9ticos que intentan describirla.<\/p>\n\r\n                <style type=\"text\/css\">\r\n                    \r\n                    #tdi_1  .td-doubleSlider-2 .td-item1 {\r\n                        background: url(https:\/\/www.eldiario.net\/portal\/wp-content\/uploads\/2026\/09\/Len-Prompt-e-IA-80x60.webp) 0 0 no-repeat;\r\n                    }\r\n                    #tdi_1  .td-doubleSlider-2 .td-item2 {\r\n                        background: url(https:\/\/www.eldiario.net\/portal\/wp-content\/uploads\/2026\/09\/Len-Dialogo-socratico-sintetico-80x60.webp) 0 0 no-repeat;\r\n                    }\r\n                <\/style>\r\n\r\n                <div id=\"tdi_1\" class=\"td-gallery td-slide-on-2-columns\">\r\n                    <div class=\"post_td_gallery\">\r\n                        <div class=\"td-gallery-slide-top\">\r\n                           <div class=\"td-gallery-title\"><\/div>\r\n\r\n                            <div class=\"td-gallery-controls-wrapper\">\r\n                                <div class=\"td-gallery-slide-count\"><span class=\"td-gallery-slide-item-focus\">1<\/span> de 2<\/div>\r\n                                <div class=\"td-gallery-slide-prev-next-but\">\r\n                                    <i class = \"td-icon-left doubleSliderPrevButton\"><\/i>\r\n                                    <i class = \"td-icon-right doubleSliderNextButton\"><\/i>\r\n                                <\/div>\r\n                            <\/div>\r\n                        <\/div>\r\n\r\n                        <div class = \"td-doubleSlider-1 \">\r\n                            <div class = \"td-slider\">\r\n                                \r\n                    <div class = \"td-slide-item td-item1\">\r\n                        <figure class=\"td-slide-galery-figure td-slide-popup-gallery\">\r\n                            <a class=\"slide-gallery-image-link\" href=\"https:\/\/www.eldiario.net\/portal\/wp-content\/uploads\/2026\/09\/Len-Prompt-e-IA.webp\" title=\"Len - Prompt e IA\"  data-caption=\"\"  data-description=\"\">\r\n                                <img decoding=\"async\" src=\"https:\/\/www.eldiario.net\/portal\/wp-content\/uploads\/2026\/09\/Len-Prompt-e-IA.webp\" srcset=\"https:\/\/www.eldiario.net\/portal\/wp-content\/uploads\/2026\/09\/Len-Prompt-e-IA.webp 601w, https:\/\/www.eldiario.net\/portal\/wp-content\/uploads\/2026\/09\/Len-Prompt-e-IA-300x204.webp 300w, https:\/\/www.eldiario.net\/portal\/wp-content\/uploads\/2026\/09\/Len-Prompt-e-IA-150x102.webp 150w\" sizes=\"(max-width: 601px) 100vw, 601px\" alt=\"\">\r\n                            <\/a>\r\n                            \r\n                        <\/figure>\r\n                    <\/div>\r\n                    <div class = \"td-slide-item td-item2\">\r\n                        <figure class=\"td-slide-galery-figure td-slide-popup-gallery\">\r\n                            <a class=\"slide-gallery-image-link\" href=\"https:\/\/www.eldiario.net\/portal\/wp-content\/uploads\/2026\/09\/Len-Dialogo-socratico-sintetico.webp\" title=\"Len - Di\u00e1logo socr\u00e1tico sint\u00e9tico\"  data-caption=\"\"  data-description=\"\">\r\n                                <img decoding=\"async\" src=\"https:\/\/www.eldiario.net\/portal\/wp-content\/uploads\/2026\/09\/Len-Dialogo-socratico-sintetico.webp\" srcset=\"https:\/\/www.eldiario.net\/portal\/wp-content\/uploads\/2026\/09\/Len-Dialogo-socratico-sintetico.webp 302w, https:\/\/www.eldiario.net\/portal\/wp-content\/uploads\/2026\/09\/Len-Dialogo-socratico-sintetico-273x300.webp 273w, https:\/\/www.eldiario.net\/portal\/wp-content\/uploads\/2026\/09\/Len-Dialogo-socratico-sintetico-150x165.webp 150w, https:\/\/www.eldiario.net\/portal\/wp-content\/uploads\/2026\/09\/Len-Dialogo-socratico-sintetico-300x330.webp 300w\" sizes=\"(max-width: 302px) 100vw, 302px\" alt=\"\">\r\n                            <\/a>\r\n                            \r\n                        <\/figure>\r\n                    <\/div>\r\n                            <\/div>\r\n                        <\/div>\r\n\r\n                        <div class = \"td-doubleSlider-2\">\r\n                            <div class = \"td-slider\">\r\n                                \r\n                    <div class = \"td-button td-item1\">\r\n                        <div class = \"td-border\"><\/div>\r\n                    <\/div>\r\n                    <div class = \"td-button td-item2\">\r\n                        <div class = \"td-border\"><\/div>\r\n                    <\/div>\r\n                            <\/div>\r\n                        <\/div>\r\n\r\n                    <\/div>\r\n\r\n                <\/div>\r\n                \n","protected":false},"excerpt":{"rendered":"<p>Por. Lic. H\u00e9ctor Molina &nbsp; Recordemos que\u2026 &nbsp; La comunicaci\u00f3n digital se define como el proceso de intercambio de informaci\u00f3n, significados e interacci\u00f3n social mediado por tecnolog\u00edas electr\u00f3nicas e interconectadas a trav\u00e9s de redes cibern\u00e9ticas, donde la informaci\u00f3n es codificada en datos binarios para ser transmitida, almacenada y procesada de forma instant\u00e1nea, masiva y bidireccional [&hellip;]<\/p>\n","protected":false},"author":1,"featured_media":427646,"comment_status":"closed","ping_status":"open","sticky":false,"template":"","format":"standard","meta":{"_acf_changed":false,"footnotes":""},"categories":[43],"tags":[],"class_list":["post-427644","post","type-post","status-publish","format-standard","has-post-thumbnail","category-nuevos-horizontes"],"acf":{"antetitulo":"Sexta Parte"},"yoast_head":"<!-- This site is optimized with the Yoast SEO plugin v28.4 - https:\/\/yoast.com\/product\/yoast-seo-wordpress\/ -->\n<title>Comunicaci\u00f3n digital y pensamiento cr\u00edtico La arquitectura del enga\u00f1o - El Diario - Bolivia<\/title>\n<meta name=\"robots\" content=\"index, follow, max-snippet:-1, max-image-preview:large, max-video-preview:-1\" \/>\n<link rel=\"canonical\" href=\"https:\/\/www.eldiario.net\/portal\/2026\/09\/04\/comunicacion-digital-y-pensamiento-critico-la-arquitectura-del-engano-5\/\" \/>\n<meta property=\"og:locale\" content=\"es_ES\" \/>\n<meta property=\"og:type\" content=\"article\" \/>\n<meta property=\"og:title\" content=\"Comunicaci\u00f3n digital y pensamiento cr\u00edtico La arquitectura del enga\u00f1o - El Diario - Bolivia\" \/>\n<meta property=\"og:description\" content=\"Por. Lic. H\u00e9ctor Molina &nbsp; Recordemos que\u2026 &nbsp; La comunicaci\u00f3n digital se define como el proceso de intercambio de informaci\u00f3n, significados e interacci\u00f3n social mediado por tecnolog\u00edas electr\u00f3nicas e interconectadas a trav\u00e9s de redes cibern\u00e9ticas, donde la informaci\u00f3n es codificada en datos binarios para ser transmitida, almacenada y procesada de forma instant\u00e1nea, masiva y bidireccional [&hellip;]\" \/>\n<meta property=\"og:url\" content=\"https:\/\/www.eldiario.net\/portal\/2026\/09\/04\/comunicacion-digital-y-pensamiento-critico-la-arquitectura-del-engano-5\/\" \/>\n<meta property=\"og:site_name\" content=\"El Diario - Bolivia\" \/>\n<meta property=\"article:publisher\" content=\"https:\/\/www.facebook.com\/eldiario.bolivia\/\" \/>\n<meta property=\"article:published_time\" content=\"2026-09-04T10:41:53+00:00\" \/>\n<meta property=\"og:image\" content=\"https:\/\/www.eldiario.net\/portal\/wp-content\/uploads\/2026\/09\/Len-Dialogo-socratico-sintetico.webp\" \/>\n\t<meta property=\"og:image:width\" content=\"302\" \/>\n\t<meta property=\"og:image:height\" content=\"332\" \/>\n\t<meta property=\"og:image:type\" content=\"image\/webp\" \/>\n<meta name=\"author\" content=\"Jeanette\" \/>\n<meta name=\"twitter:card\" content=\"summary_large_image\" \/>\n<meta name=\"twitter:creator\" content=\"@eldiario_net\" \/>\n<meta name=\"twitter:site\" content=\"@eldiario_net\" \/>\n<meta name=\"twitter:label1\" content=\"Escrito por\" \/>\n\t<meta name=\"twitter:data1\" content=\"Jeanette\" \/>\n\t<meta name=\"twitter:label2\" content=\"Tiempo de lectura\" \/>\n\t<meta name=\"twitter:data2\" content=\"5 minutos\" \/>\n<script type=\"application\/ld+json\" class=\"yoast-schema-graph\">{\"@context\":\"https:\\\/\\\/schema.org\",\"@graph\":[{\"@type\":\"Article\",\"@id\":\"https:\\\/\\\/www.eldiario.net\\\/portal\\\/2026\\\/09\\\/04\\\/comunicacion-digital-y-pensamiento-critico-la-arquitectura-del-engano-5\\\/#article\",\"isPartOf\":{\"@id\":\"https:\\\/\\\/www.eldiario.net\\\/portal\\\/2026\\\/09\\\/04\\\/comunicacion-digital-y-pensamiento-critico-la-arquitectura-del-engano-5\\\/\"},\"author\":{\"name\":\"Jeanette\",\"@id\":\"https:\\\/\\\/www.eldiario.net\\\/portal\\\/#\\\/schema\\\/person\\\/f46445640444750d7d753ccd04ae01b7\"},\"headline\":\"Comunicaci\u00f3n digital y pensamiento cr\u00edtico La arquitectura del enga\u00f1o\",\"datePublished\":\"2026-09-04T10:41:53+00:00\",\"mainEntityOfPage\":{\"@id\":\"https:\\\/\\\/www.eldiario.net\\\/portal\\\/2026\\\/09\\\/04\\\/comunicacion-digital-y-pensamiento-critico-la-arquitectura-del-engano-5\\\/\"},\"wordCount\":1129,\"publisher\":{\"@id\":\"https:\\\/\\\/www.eldiario.net\\\/portal\\\/#organization\"},\"image\":{\"@id\":\"https:\\\/\\\/www.eldiario.net\\\/portal\\\/2026\\\/09\\\/04\\\/comunicacion-digital-y-pensamiento-critico-la-arquitectura-del-engano-5\\\/#primaryimage\"},\"thumbnailUrl\":\"https:\\\/\\\/www.eldiario.net\\\/portal\\\/wp-content\\\/uploads\\\/2026\\\/09\\\/Len-Dialogo-socratico-sintetico.webp\",\"articleSection\":[\"Nuevos Horizontes\"],\"inLanguage\":\"es\"},{\"@type\":\"WebPage\",\"@id\":\"https:\\\/\\\/www.eldiario.net\\\/portal\\\/2026\\\/09\\\/04\\\/comunicacion-digital-y-pensamiento-critico-la-arquitectura-del-engano-5\\\/\",\"url\":\"https:\\\/\\\/www.eldiario.net\\\/portal\\\/2026\\\/09\\\/04\\\/comunicacion-digital-y-pensamiento-critico-la-arquitectura-del-engano-5\\\/\",\"name\":\"Comunicaci\u00f3n digital y pensamiento cr\u00edtico La arquitectura del enga\u00f1o - El Diario - Bolivia\",\"isPartOf\":{\"@id\":\"https:\\\/\\\/www.eldiario.net\\\/portal\\\/#website\"},\"primaryImageOfPage\":{\"@id\":\"https:\\\/\\\/www.eldiario.net\\\/portal\\\/2026\\\/09\\\/04\\\/comunicacion-digital-y-pensamiento-critico-la-arquitectura-del-engano-5\\\/#primaryimage\"},\"image\":{\"@id\":\"https:\\\/\\\/www.eldiario.net\\\/portal\\\/2026\\\/09\\\/04\\\/comunicacion-digital-y-pensamiento-critico-la-arquitectura-del-engano-5\\\/#primaryimage\"},\"thumbnailUrl\":\"https:\\\/\\\/www.eldiario.net\\\/portal\\\/wp-content\\\/uploads\\\/2026\\\/09\\\/Len-Dialogo-socratico-sintetico.webp\",\"datePublished\":\"2026-09-04T10:41:53+00:00\",\"breadcrumb\":{\"@id\":\"https:\\\/\\\/www.eldiario.net\\\/portal\\\/2026\\\/09\\\/04\\\/comunicacion-digital-y-pensamiento-critico-la-arquitectura-del-engano-5\\\/#breadcrumb\"},\"inLanguage\":\"es\",\"potentialAction\":[{\"@type\":\"ReadAction\",\"target\":[\"https:\\\/\\\/www.eldiario.net\\\/portal\\\/2026\\\/09\\\/04\\\/comunicacion-digital-y-pensamiento-critico-la-arquitectura-del-engano-5\\\/\"]}]},{\"@type\":\"ImageObject\",\"inLanguage\":\"es\",\"@id\":\"https:\\\/\\\/www.eldiario.net\\\/portal\\\/2026\\\/09\\\/04\\\/comunicacion-digital-y-pensamiento-critico-la-arquitectura-del-engano-5\\\/#primaryimage\",\"url\":\"https:\\\/\\\/www.eldiario.net\\\/portal\\\/wp-content\\\/uploads\\\/2026\\\/09\\\/Len-Dialogo-socratico-sintetico.webp\",\"contentUrl\":\"https:\\\/\\\/www.eldiario.net\\\/portal\\\/wp-content\\\/uploads\\\/2026\\\/09\\\/Len-Dialogo-socratico-sintetico.webp\",\"width\":302,\"height\":332},{\"@type\":\"BreadcrumbList\",\"@id\":\"https:\\\/\\\/www.eldiario.net\\\/portal\\\/2026\\\/09\\\/04\\\/comunicacion-digital-y-pensamiento-critico-la-arquitectura-del-engano-5\\\/#breadcrumb\",\"itemListElement\":[{\"@type\":\"ListItem\",\"position\":1,\"name\":\"Portada\",\"item\":\"https:\\\/\\\/www.eldiario.net\\\/portal\\\/\"},{\"@type\":\"ListItem\",\"position\":2,\"name\":\"Comunicaci\u00f3n digital y pensamiento cr\u00edtico La arquitectura del enga\u00f1o\"}]},{\"@type\":\"WebSite\",\"@id\":\"https:\\\/\\\/www.eldiario.net\\\/portal\\\/#website\",\"url\":\"https:\\\/\\\/www.eldiario.net\\\/portal\\\/\",\"name\":\"El Diario - Decano de la prensa nacional\",\"description\":\"El Diario - Decano de la prensa nacional\",\"publisher\":{\"@id\":\"https:\\\/\\\/www.eldiario.net\\\/portal\\\/#organization\"},\"potentialAction\":[{\"@type\":\"SearchAction\",\"target\":{\"@type\":\"EntryPoint\",\"urlTemplate\":\"https:\\\/\\\/www.eldiario.net\\\/portal\\\/?s={search_term_string}\"},\"query-input\":{\"@type\":\"PropertyValueSpecification\",\"valueRequired\":true,\"valueName\":\"search_term_string\"}}],\"inLanguage\":\"es\"},{\"@type\":\"Organization\",\"@id\":\"https:\\\/\\\/www.eldiario.net\\\/portal\\\/#organization\",\"name\":\"El Diario - Decano de la prensa nacional\",\"url\":\"https:\\\/\\\/www.eldiario.net\\\/portal\\\/\",\"logo\":{\"@type\":\"ImageObject\",\"inLanguage\":\"es\",\"@id\":\"https:\\\/\\\/www.eldiario.net\\\/portal\\\/#\\\/schema\\\/logo\\\/image\\\/\",\"url\":\"https:\\\/\\\/www.eldiario.net\\\/portal\\\/wp-content\\\/uploads\\\/2023\\\/07\\\/logo_ED.jpg\",\"contentUrl\":\"https:\\\/\\\/www.eldiario.net\\\/portal\\\/wp-content\\\/uploads\\\/2023\\\/07\\\/logo_ED.jpg\",\"width\":272,\"height\":52,\"caption\":\"El Diario - Decano de la prensa nacional\"},\"image\":{\"@id\":\"https:\\\/\\\/www.eldiario.net\\\/portal\\\/#\\\/schema\\\/logo\\\/image\\\/\"},\"sameAs\":[\"https:\\\/\\\/www.facebook.com\\\/eldiario.bolivia\\\/\",\"https:\\\/\\\/x.com\\\/eldiario_net\"]},{\"@type\":\"Person\",\"@id\":\"https:\\\/\\\/www.eldiario.net\\\/portal\\\/#\\\/schema\\\/person\\\/f46445640444750d7d753ccd04ae01b7\",\"name\":\"Jeanette\",\"image\":{\"@type\":\"ImageObject\",\"inLanguage\":\"es\",\"@id\":\"https:\\\/\\\/secure.gravatar.com\\\/avatar\\\/3ea2118a5f7dad2b7138b1187a6b7ee55f160b9968b66013c3a3ef39dd7e5798?s=96&d=mm&r=g\",\"url\":\"https:\\\/\\\/secure.gravatar.com\\\/avatar\\\/3ea2118a5f7dad2b7138b1187a6b7ee55f160b9968b66013c3a3ef39dd7e5798?s=96&d=mm&r=g\",\"contentUrl\":\"https:\\\/\\\/secure.gravatar.com\\\/avatar\\\/3ea2118a5f7dad2b7138b1187a6b7ee55f160b9968b66013c3a3ef39dd7e5798?s=96&d=mm&r=g\",\"caption\":\"Jeanette\"},\"sameAs\":[\"https:\\\/\\\/www.eldiario.net\\\/portal\"],\"url\":\"https:\\\/\\\/www.eldiario.net\\\/portal\\\/author\\\/jeanette\\\/\"}]}<\/script>\n<!-- \/ Yoast SEO plugin. -->","yoast_head_json":{"title":"Comunicaci\u00f3n digital y pensamiento cr\u00edtico La arquitectura del enga\u00f1o - El Diario - Bolivia","robots":{"index":"index","follow":"follow","max-snippet":"max-snippet:-1","max-image-preview":"max-image-preview:large","max-video-preview":"max-video-preview:-1"},"canonical":"https:\/\/www.eldiario.net\/portal\/2026\/09\/04\/comunicacion-digital-y-pensamiento-critico-la-arquitectura-del-engano-5\/","og_locale":"es_ES","og_type":"article","og_title":"Comunicaci\u00f3n digital y pensamiento cr\u00edtico La arquitectura del enga\u00f1o - El Diario - Bolivia","og_description":"Por. Lic. H\u00e9ctor Molina &nbsp; Recordemos que\u2026 &nbsp; La comunicaci\u00f3n digital se define como el proceso de intercambio de informaci\u00f3n, significados e interacci\u00f3n social mediado por tecnolog\u00edas electr\u00f3nicas e interconectadas a trav\u00e9s de redes cibern\u00e9ticas, donde la informaci\u00f3n es codificada en datos binarios para ser transmitida, almacenada y procesada de forma instant\u00e1nea, masiva y bidireccional [&hellip;]","og_url":"https:\/\/www.eldiario.net\/portal\/2026\/09\/04\/comunicacion-digital-y-pensamiento-critico-la-arquitectura-del-engano-5\/","og_site_name":"El Diario - Bolivia","article_publisher":"https:\/\/www.facebook.com\/eldiario.bolivia\/","article_published_time":"2026-09-04T10:41:53+00:00","og_image":[{"width":302,"height":332,"url":"https:\/\/www.eldiario.net\/portal\/wp-content\/uploads\/2026\/09\/Len-Dialogo-socratico-sintetico.webp","type":"image\/webp"}],"author":"Jeanette","twitter_card":"summary_large_image","twitter_creator":"@eldiario_net","twitter_site":"@eldiario_net","twitter_misc":{"Escrito por":"Jeanette","Tiempo de lectura":"5 minutos"},"schema":{"@context":"https:\/\/schema.org","@graph":[{"@type":"Article","@id":"https:\/\/www.eldiario.net\/portal\/2026\/09\/04\/comunicacion-digital-y-pensamiento-critico-la-arquitectura-del-engano-5\/#article","isPartOf":{"@id":"https:\/\/www.eldiario.net\/portal\/2026\/09\/04\/comunicacion-digital-y-pensamiento-critico-la-arquitectura-del-engano-5\/"},"author":{"name":"Jeanette","@id":"https:\/\/www.eldiario.net\/portal\/#\/schema\/person\/f46445640444750d7d753ccd04ae01b7"},"headline":"Comunicaci\u00f3n digital y pensamiento cr\u00edtico La arquitectura del enga\u00f1o","datePublished":"2026-09-04T10:41:53+00:00","mainEntityOfPage":{"@id":"https:\/\/www.eldiario.net\/portal\/2026\/09\/04\/comunicacion-digital-y-pensamiento-critico-la-arquitectura-del-engano-5\/"},"wordCount":1129,"publisher":{"@id":"https:\/\/www.eldiario.net\/portal\/#organization"},"image":{"@id":"https:\/\/www.eldiario.net\/portal\/2026\/09\/04\/comunicacion-digital-y-pensamiento-critico-la-arquitectura-del-engano-5\/#primaryimage"},"thumbnailUrl":"https:\/\/www.eldiario.net\/portal\/wp-content\/uploads\/2026\/09\/Len-Dialogo-socratico-sintetico.webp","articleSection":["Nuevos Horizontes"],"inLanguage":"es"},{"@type":"WebPage","@id":"https:\/\/www.eldiario.net\/portal\/2026\/09\/04\/comunicacion-digital-y-pensamiento-critico-la-arquitectura-del-engano-5\/","url":"https:\/\/www.eldiario.net\/portal\/2026\/09\/04\/comunicacion-digital-y-pensamiento-critico-la-arquitectura-del-engano-5\/","name":"Comunicaci\u00f3n digital y pensamiento cr\u00edtico La arquitectura del enga\u00f1o - El Diario - Bolivia","isPartOf":{"@id":"https:\/\/www.eldiario.net\/portal\/#website"},"primaryImageOfPage":{"@id":"https:\/\/www.eldiario.net\/portal\/2026\/09\/04\/comunicacion-digital-y-pensamiento-critico-la-arquitectura-del-engano-5\/#primaryimage"},"image":{"@id":"https:\/\/www.eldiario.net\/portal\/2026\/09\/04\/comunicacion-digital-y-pensamiento-critico-la-arquitectura-del-engano-5\/#primaryimage"},"thumbnailUrl":"https:\/\/www.eldiario.net\/portal\/wp-content\/uploads\/2026\/09\/Len-Dialogo-socratico-sintetico.webp","datePublished":"2026-09-04T10:41:53+00:00","breadcrumb":{"@id":"https:\/\/www.eldiario.net\/portal\/2026\/09\/04\/comunicacion-digital-y-pensamiento-critico-la-arquitectura-del-engano-5\/#breadcrumb"},"inLanguage":"es","potentialAction":[{"@type":"ReadAction","target":["https:\/\/www.eldiario.net\/portal\/2026\/09\/04\/comunicacion-digital-y-pensamiento-critico-la-arquitectura-del-engano-5\/"]}]},{"@type":"ImageObject","inLanguage":"es","@id":"https:\/\/www.eldiario.net\/portal\/2026\/09\/04\/comunicacion-digital-y-pensamiento-critico-la-arquitectura-del-engano-5\/#primaryimage","url":"https:\/\/www.eldiario.net\/portal\/wp-content\/uploads\/2026\/09\/Len-Dialogo-socratico-sintetico.webp","contentUrl":"https:\/\/www.eldiario.net\/portal\/wp-content\/uploads\/2026\/09\/Len-Dialogo-socratico-sintetico.webp","width":302,"height":332},{"@type":"BreadcrumbList","@id":"https:\/\/www.eldiario.net\/portal\/2026\/09\/04\/comunicacion-digital-y-pensamiento-critico-la-arquitectura-del-engano-5\/#breadcrumb","itemListElement":[{"@type":"ListItem","position":1,"name":"Portada","item":"https:\/\/www.eldiario.net\/portal\/"},{"@type":"ListItem","position":2,"name":"Comunicaci\u00f3n digital y pensamiento cr\u00edtico La arquitectura del enga\u00f1o"}]},{"@type":"WebSite","@id":"https:\/\/www.eldiario.net\/portal\/#website","url":"https:\/\/www.eldiario.net\/portal\/","name":"El Diario - Decano de la prensa nacional","description":"El Diario - Decano de la prensa nacional","publisher":{"@id":"https:\/\/www.eldiario.net\/portal\/#organization"},"potentialAction":[{"@type":"SearchAction","target":{"@type":"EntryPoint","urlTemplate":"https:\/\/www.eldiario.net\/portal\/?s={search_term_string}"},"query-input":{"@type":"PropertyValueSpecification","valueRequired":true,"valueName":"search_term_string"}}],"inLanguage":"es"},{"@type":"Organization","@id":"https:\/\/www.eldiario.net\/portal\/#organization","name":"El Diario - Decano de la prensa nacional","url":"https:\/\/www.eldiario.net\/portal\/","logo":{"@type":"ImageObject","inLanguage":"es","@id":"https:\/\/www.eldiario.net\/portal\/#\/schema\/logo\/image\/","url":"https:\/\/www.eldiario.net\/portal\/wp-content\/uploads\/2023\/07\/logo_ED.jpg","contentUrl":"https:\/\/www.eldiario.net\/portal\/wp-content\/uploads\/2023\/07\/logo_ED.jpg","width":272,"height":52,"caption":"El Diario - Decano de la prensa nacional"},"image":{"@id":"https:\/\/www.eldiario.net\/portal\/#\/schema\/logo\/image\/"},"sameAs":["https:\/\/www.facebook.com\/eldiario.bolivia\/","https:\/\/x.com\/eldiario_net"]},{"@type":"Person","@id":"https:\/\/www.eldiario.net\/portal\/#\/schema\/person\/f46445640444750d7d753ccd04ae01b7","name":"Jeanette","image":{"@type":"ImageObject","inLanguage":"es","@id":"https:\/\/secure.gravatar.com\/avatar\/3ea2118a5f7dad2b7138b1187a6b7ee55f160b9968b66013c3a3ef39dd7e5798?s=96&d=mm&r=g","url":"https:\/\/secure.gravatar.com\/avatar\/3ea2118a5f7dad2b7138b1187a6b7ee55f160b9968b66013c3a3ef39dd7e5798?s=96&d=mm&r=g","contentUrl":"https:\/\/secure.gravatar.com\/avatar\/3ea2118a5f7dad2b7138b1187a6b7ee55f160b9968b66013c3a3ef39dd7e5798?s=96&d=mm&r=g","caption":"Jeanette"},"sameAs":["https:\/\/www.eldiario.net\/portal"],"url":"https:\/\/www.eldiario.net\/portal\/author\/jeanette\/"}]}},"_links":{"self":[{"href":"https:\/\/www.eldiario.net\/portal\/wp-json\/wp\/v2\/posts\/427644","targetHints":{"allow":["GET"]}}],"collection":[{"href":"https:\/\/www.eldiario.net\/portal\/wp-json\/wp\/v2\/posts"}],"about":[{"href":"https:\/\/www.eldiario.net\/portal\/wp-json\/wp\/v2\/types\/post"}],"author":[{"embeddable":true,"href":"https:\/\/www.eldiario.net\/portal\/wp-json\/wp\/v2\/users\/1"}],"replies":[{"embeddable":true,"href":"https:\/\/www.eldiario.net\/portal\/wp-json\/wp\/v2\/comments?post=427644"}],"version-history":[{"count":1,"href":"https:\/\/www.eldiario.net\/portal\/wp-json\/wp\/v2\/posts\/427644\/revisions"}],"predecessor-version":[{"id":427647,"href":"https:\/\/www.eldiario.net\/portal\/wp-json\/wp\/v2\/posts\/427644\/revisions\/427647"}],"wp:featuredmedia":[{"embeddable":true,"href":"https:\/\/www.eldiario.net\/portal\/wp-json\/wp\/v2\/media\/427646"}],"wp:attachment":[{"href":"https:\/\/www.eldiario.net\/portal\/wp-json\/wp\/v2\/media?parent=427644"}],"wp:term":[{"taxonomy":"category","embeddable":true,"href":"https:\/\/www.eldiario.net\/portal\/wp-json\/wp\/v2\/categories?post=427644"},{"taxonomy":"post_tag","embeddable":true,"href":"https:\/\/www.eldiario.net\/portal\/wp-json\/wp\/v2\/tags?post=427644"}],"curies":[{"name":"wp","href":"https:\/\/api.w.org\/{rel}","templated":true}]}}