{"id":427638,"date":"2026-09-04T06:41:01","date_gmt":"2026-09-04T10:41:01","guid":{"rendered":"https:\/\/www.eldiario.net\/portal\/?p=427638"},"modified":"2026-09-04T06:41:01","modified_gmt":"2026-09-04T10:41:01","slug":"la-adrenalina-y-como-descargarla-2","status":"publish","type":"post","link":"https:\/\/www.eldiario.net\/portal\/2026\/09\/04\/la-adrenalina-y-como-descargarla-2\/","title":{"rendered":"La adrenalina Y c\u00f3mo descargarla"},"content":{"rendered":"<p><strong>Por. Lic. H\u00e9ctor Molina<\/strong><\/p>\n<p>&nbsp;<\/p>\n<p><strong>Recordemos que\u2026<\/strong><\/p>\n<p>&nbsp;<\/p>\n<p>La adrenalina, denominada cient\u00edficamente como epinefrina, es una mol\u00e9cula org\u00e1nica que cumple una doble funci\u00f3n esencial en el organismo humano: act\u00faa como hormona en el torrente sangu\u00edneo y como neurotransmisor en el sistema nervioso central. Qu\u00edmicamente pertenece al grupo de las catecolaminas, sintetiz\u00e1ndose a partir del amino\u00e1cido tirosina. Su producci\u00f3n principal ocurre en la m\u00e9dula de las gl\u00e1ndulas suprarrenales, ubicadas justo encima de los ri\u00f1ones, desde donde se libera masivamente en respuesta a est\u00edmulos percibidos como amenazas, desaf\u00edos o situaciones de alto estr\u00e9s.<\/p>\n<p>&nbsp;<\/p>\n<p><strong>\u00bfC\u00f3mo act\u00faa en el organismo? &#8211; El mecanismo biol\u00f3gico<\/strong><\/p>\n<p>&nbsp;<\/p>\n<p>Cuando el cerebro percibe un est\u00edmulo de estr\u00e9s, peligro o emoci\u00f3n intensa, la am\u00edgdala cerebral env\u00eda una se\u00f1al de alarma al hipot\u00e1lamo. Esta estructura activa el sistema nervioso simp\u00e1tico y estimula la m\u00e9dula suprarrenal para liberar adrenalina directamente al torrente sangu\u00edneo.<\/p>\n<p>&nbsp;<\/p>\n<p>En cuesti\u00f3n de milisegundos, esta sustancia se acopla a receptores espec\u00edficos (llamados receptores adren\u00e9rgicos alfa y beta) repartidos por diversos \u00f3rganos, desencadenando una cascada de cambios fisiol\u00f3gicos inmediatos.<\/p>\n<p>&nbsp;<\/p>\n<p><strong>Ventajas adaptativas y beneficios biol\u00f3gicos de la Adrenalina<\/strong><\/p>\n<p>&nbsp;<\/p>\n<p>El disparo controlado de adrenalina otorga ventajas biomec\u00e1nicas y cognitivas indispensables para responder con rapidez ante retos del entorno:<\/p>\n<p>&nbsp;<\/p>\n<ul>\n<li><strong>Optimizaci\u00f3n del flujo sangu\u00edneo y oxigenaci\u00f3n.<\/strong> La adrenalina induce la dilataci\u00f3n de las v\u00edas respiratorias (broncodilataci\u00f3n), permitiendo una mayor entrada de ox\u00edgeno a los pulmones. Al mismo tiempo, incrementa la frecuencia card\u00edaca y redirige el flujo de sangre desde \u00f3rganos no esenciales (como el sistema digestivo) hacia los m\u00fasculos esquel\u00e9ticos y el coraz\u00f3n.<\/li>\n<\/ul>\n<p>&nbsp;<\/p>\n<ul>\n<li><strong>Aumento inmediato de energ\u00eda disponible.<\/strong> En el h\u00edgado y el tejido muscular, esta mol\u00e9cula estimula la glucogen\u00f3lisis, proceso bioqu\u00edmico que degrada las reservas de gluc\u00f3geno para transformarlas en glucosa libre. Esto provee un combustible metab\u00f3lico de r\u00e1pida disponibilidad para las c\u00e9lulas.<\/li>\n<\/ul>\n<p>&nbsp;<\/p>\n<ul>\n<li><strong>Agudeza sensorial y enfoque cognitivo.<\/strong> La descarga de epinefrina dilata las pupilas (midriasis) para captar mayor luminosidad y amplitud visual. Adem\u00e1s, incrementa la velocidad de procesamiento neurol\u00f3gico, agudizando la atenci\u00f3n selectiva y reduciendo temporalmente la percepci\u00f3n del dolor gracias a la liberaci\u00f3n concomitante de endorfinas.<\/li>\n<\/ul>\n<p>&nbsp;<\/p>\n<ul>\n<li><strong>Consolidaci\u00f3n de la memoria emocional.<\/strong> Desde la perspectiva neurobiol\u00f3gica, los picos moderados de adrenalina fortalecen las conexiones sin\u00e1pticas en la am\u00edgdala y el hipocampo, lo que ayuda al cerebro a registrar con precisi\u00f3n situaciones de riesgo para evitarlas en el futuro.<\/li>\n<\/ul>\n<p>&nbsp;<\/p>\n<p><strong>Desventajas y riesgos de la sobreexposici\u00f3n a la Adrenalina<\/strong><\/p>\n<p>&nbsp;<\/p>\n<p>Aunque la adrenalina es indispensable en eventos agudos, su presencia prolongada o desregulada genera efectos adversos considerables a nivel celular y org\u00e1nico:<\/p>\n<p>&nbsp;<\/p>\n<ul>\n<li><strong>Desgaste del sistema cardiovascular. <\/strong>La liberaci\u00f3n frecuente de esta sustancia mantiene la presi\u00f3n arterial y la frecuencia card\u00edaca elevadas. A largo plazo, esto puede ocasionar rigidez en los vasos sangu\u00edneos, sobrecarga de trabajo en el m\u00fasculo card\u00edaco y un mayor riesgo de sufrir accidentes cardiovasculares.<\/li>\n<\/ul>\n<p>&nbsp;<\/p>\n<ul>\n<li><strong>Agotamiento metab\u00f3lico y supresi\u00f3n inmune. <\/strong>La movilizaci\u00f3n constante de reservas de glucosa puede generar resistencia a la insulina y desequilibrios metab\u00f3licos. Asimismo, el estado de alerta permanente promueve la liberaci\u00f3n cr\u00f3nica de cortisol, lo que suprime la actividad del sistema inmunol\u00f3gico y deja al organismo m\u00e1s vulnerable a infecciones.<\/li>\n<\/ul>\n<p>&nbsp;<\/p>\n<ul>\n<li><strong>Alteraciones en la funci\u00f3n cerebral y estado de \u00e1nimo. <\/strong>Cuando los niveles de adrenalina se mantienen altos sin un peligro real, la corteza prefrontal, \u00e1rea encargada del razonamiento l\u00f3gico y la toma de decisiones, pierde eficiencia operativa. Esto se traduce en estados de ansiedad constante, irritabilidad, hipervigilancia y dificultades para conciliar el sue\u00f1o reparador (insomnio).<\/li>\n<\/ul>\n<p>&nbsp;<\/p>\n<ul>\n<li><strong>Fatiga suprarrenal y tensi\u00f3n muscular. <\/strong>Mantener el tono muscular en tensi\u00f3n constante provoca dolores cr\u00f3nicos y contracturas. Adicionalmente, la sobreexigencia a las gl\u00e1ndulas suprarrenales altera el equilibrio hormonal global, afectando la energ\u00eda vital cotidiana.<\/li>\n<\/ul>\n<p>&nbsp;<\/p>\n<p>La adrenalina representa un logro evolutivo extraordinario: un catalizador qu\u00edmico que prepara al cuerpo para reaccionar al m\u00e1ximo de sus capacidades cuando la situaci\u00f3n lo exige. No obstante, el dise\u00f1o biol\u00f3gico est\u00e1 pensado para que estos picos sean breves. El verdadero equilibrio de la salud reside en la capacidad del organismo para activar la adrenalina frente al desaf\u00edo y, una vez superado este, retornar a un estado de calma metab\u00f3lica y neurol\u00f3gica.<\/p>\n\r\n                <style type=\"text\/css\">\r\n                    \r\n                    #tdi_1  .td-doubleSlider-2 .td-item1 {\r\n                        background: url(https:\/\/www.eldiario.net\/portal\/wp-content\/uploads\/2026\/09\/Bio-Tension-muscular-80x60.webp) 0 0 no-repeat;\r\n                    }\r\n                    #tdi_1  .td-doubleSlider-2 .td-item2 {\r\n                        background: url(https:\/\/www.eldiario.net\/portal\/wp-content\/uploads\/2026\/09\/bio-Agotamiento-metabolico-80x60.webp) 0 0 no-repeat;\r\n                    }\r\n                    #tdi_1  .td-doubleSlider-2 .td-item3 {\r\n                        background: url(https:\/\/www.eldiario.net\/portal\/wp-content\/uploads\/2026\/09\/Bio-Desgaste-del-sistema-cardiovascular-80x60.webp) 0 0 no-repeat;\r\n                    }\r\n                    #tdi_1  .td-doubleSlider-2 .td-item4 {\r\n                        background: url(https:\/\/www.eldiario.net\/portal\/wp-content\/uploads\/2026\/09\/Bio-Oxigenacion-80x60.webp) 0 0 no-repeat;\r\n                    }\r\n                <\/style>\r\n\r\n                <div id=\"tdi_1\" class=\"td-gallery td-slide-on-2-columns\">\r\n                    <div class=\"post_td_gallery\">\r\n                        <div class=\"td-gallery-slide-top\">\r\n                           <div class=\"td-gallery-title\"><\/div>\r\n\r\n                            <div class=\"td-gallery-controls-wrapper\">\r\n                                <div class=\"td-gallery-slide-count\"><span class=\"td-gallery-slide-item-focus\">1<\/span> de 4<\/div>\r\n                                <div class=\"td-gallery-slide-prev-next-but\">\r\n                                    <i class = \"td-icon-left doubleSliderPrevButton\"><\/i>\r\n                                    <i class = \"td-icon-right doubleSliderNextButton\"><\/i>\r\n                                <\/div>\r\n                            <\/div>\r\n                        <\/div>\r\n\r\n                        <div class = \"td-doubleSlider-1 \">\r\n                            <div class = \"td-slider\">\r\n                                \r\n                    <div class = \"td-slide-item td-item1\">\r\n                        <figure class=\"td-slide-galery-figure td-slide-popup-gallery\">\r\n                            <a class=\"slide-gallery-image-link\" href=\"https:\/\/www.eldiario.net\/portal\/wp-content\/uploads\/2026\/09\/Bio-Tension-muscular.webp\" title=\"Bio - Tensi\u00f3n muscular\"  data-caption=\"\"  data-description=\"\">\r\n                                <img decoding=\"async\" src=\"https:\/\/www.eldiario.net\/portal\/wp-content\/uploads\/2026\/09\/Bio-Tension-muscular.webp\" srcset=\"https:\/\/www.eldiario.net\/portal\/wp-content\/uploads\/2026\/09\/Bio-Tension-muscular.webp 372w, https:\/\/www.eldiario.net\/portal\/wp-content\/uploads\/2026\/09\/Bio-Tension-muscular-300x225.webp 300w, https:\/\/www.eldiario.net\/portal\/wp-content\/uploads\/2026\/09\/Bio-Tension-muscular-80x60.webp 80w, https:\/\/www.eldiario.net\/portal\/wp-content\/uploads\/2026\/09\/Bio-Tension-muscular-150x113.webp 150w\" sizes=\"(max-width: 372px) 100vw, 372px\" alt=\"\">\r\n                            <\/a>\r\n                            \r\n                        <\/figure>\r\n                    <\/div>\r\n                    <div class = \"td-slide-item td-item2\">\r\n                        <figure class=\"td-slide-galery-figure td-slide-popup-gallery\">\r\n                            <a class=\"slide-gallery-image-link\" href=\"https:\/\/www.eldiario.net\/portal\/wp-content\/uploads\/2026\/09\/bio-Agotamiento-metabolico.webp\" title=\"bio - Agotamiento metab\u00f3lico\"  data-caption=\"\"  data-description=\"\">\r\n                                <img decoding=\"async\" src=\"https:\/\/www.eldiario.net\/portal\/wp-content\/uploads\/2026\/09\/bio-Agotamiento-metabolico.webp\" srcset=\"https:\/\/www.eldiario.net\/portal\/wp-content\/uploads\/2026\/09\/bio-Agotamiento-metabolico.webp 444w, https:\/\/www.eldiario.net\/portal\/wp-content\/uploads\/2026\/09\/bio-Agotamiento-metabolico-300x233.webp 300w, https:\/\/www.eldiario.net\/portal\/wp-content\/uploads\/2026\/09\/bio-Agotamiento-metabolico-150x117.webp 150w\" sizes=\"(max-width: 444px) 100vw, 444px\" alt=\"\">\r\n                            <\/a>\r\n                            \r\n                        <\/figure>\r\n                    <\/div>\r\n                    <div class = \"td-slide-item td-item3\">\r\n                        <figure class=\"td-slide-galery-figure td-slide-popup-gallery\">\r\n                            <a class=\"slide-gallery-image-link\" href=\"https:\/\/www.eldiario.net\/portal\/wp-content\/uploads\/2026\/09\/Bio-Desgaste-del-sistema-cardiovascular.webp\" title=\"Bio - Desgaste del sistema cardiovascular\"  data-caption=\"\"  data-description=\"\">\r\n                                <img decoding=\"async\" src=\"https:\/\/www.eldiario.net\/portal\/wp-content\/uploads\/2026\/09\/Bio-Desgaste-del-sistema-cardiovascular.webp\" srcset=\"https:\/\/www.eldiario.net\/portal\/wp-content\/uploads\/2026\/09\/Bio-Desgaste-del-sistema-cardiovascular.webp 400w, https:\/\/www.eldiario.net\/portal\/wp-content\/uploads\/2026\/09\/Bio-Desgaste-del-sistema-cardiovascular-300x300.webp 300w, https:\/\/www.eldiario.net\/portal\/wp-content\/uploads\/2026\/09\/Bio-Desgaste-del-sistema-cardiovascular-150x150.webp 150w\" sizes=\"(max-width: 400px) 100vw, 400px\" alt=\"\">\r\n                            <\/a>\r\n                            \r\n                        <\/figure>\r\n                    <\/div>\r\n                    <div class = \"td-slide-item td-item4\">\r\n                        <figure class=\"td-slide-galery-figure td-slide-popup-gallery\">\r\n                            <a class=\"slide-gallery-image-link\" href=\"https:\/\/www.eldiario.net\/portal\/wp-content\/uploads\/2026\/09\/Bio-Oxigenacion.webp\" title=\"Bio - Oxigenaci\u00f3n\"  data-caption=\"\"  data-description=\"\">\r\n                                <img decoding=\"async\" src=\"https:\/\/www.eldiario.net\/portal\/wp-content\/uploads\/2026\/09\/Bio-Oxigenacion.webp\" srcset=\"https:\/\/www.eldiario.net\/portal\/wp-content\/uploads\/2026\/09\/Bio-Oxigenacion.webp 400w, https:\/\/www.eldiario.net\/portal\/wp-content\/uploads\/2026\/09\/Bio-Oxigenacion-300x203.webp 300w, https:\/\/www.eldiario.net\/portal\/wp-content\/uploads\/2026\/09\/Bio-Oxigenacion-150x101.webp 150w\" sizes=\"(max-width: 400px) 100vw, 400px\" alt=\"\">\r\n                            <\/a>\r\n                            \r\n                        <\/figure>\r\n                    <\/div>\r\n                            <\/div>\r\n                        <\/div>\r\n\r\n                        <div class = \"td-doubleSlider-2\">\r\n                            <div class = \"td-slider\">\r\n                                \r\n                    <div class = \"td-button td-item1\">\r\n                        <div class = \"td-border\"><\/div>\r\n                    <\/div>\r\n                    <div class = \"td-button td-item2\">\r\n                        <div class = \"td-border\"><\/div>\r\n                    <\/div>\r\n                    <div class = \"td-button td-item3\">\r\n                        <div class = \"td-border\"><\/div>\r\n                    <\/div>\r\n                    <div class = \"td-button td-item4\">\r\n                        <div class = \"td-border\"><\/div>\r\n                    <\/div>\r\n                            <\/div>\r\n                        <\/div>\r\n\r\n                    <\/div>\r\n\r\n                <\/div>\r\n                \n","protected":false},"excerpt":{"rendered":"<p>Por. Lic. H\u00e9ctor Molina &nbsp; Recordemos que\u2026 &nbsp; La adrenalina, denominada cient\u00edficamente como epinefrina, es una mol\u00e9cula org\u00e1nica que cumple una doble funci\u00f3n esencial en el organismo humano: act\u00faa como hormona en el torrente sangu\u00edneo y como neurotransmisor en el sistema nervioso central. Qu\u00edmicamente pertenece al grupo de las catecolaminas, sintetiz\u00e1ndose a partir del amino\u00e1cido [&hellip;]<\/p>\n","protected":false},"author":1,"featured_media":427639,"comment_status":"closed","ping_status":"open","sticky":false,"template":"","format":"standard","meta":{"_acf_changed":false,"footnotes":""},"categories":[43],"tags":[],"class_list":["post-427638","post","type-post","status-publish","format-standard","has-post-thumbnail","category-nuevos-horizontes"],"acf":{"antetitulo":"Segunda Parte"},"yoast_head":"<!-- This site is optimized with the Yoast SEO plugin v28.4 - https:\/\/yoast.com\/product\/yoast-seo-wordpress\/ -->\n<title>La adrenalina Y c\u00f3mo descargarla - El Diario - Bolivia<\/title>\n<meta name=\"robots\" content=\"index, follow, max-snippet:-1, max-image-preview:large, max-video-preview:-1\" \/>\n<link rel=\"canonical\" href=\"https:\/\/www.eldiario.net\/portal\/2026\/09\/04\/la-adrenalina-y-como-descargarla-2\/\" \/>\n<meta property=\"og:locale\" content=\"es_ES\" \/>\n<meta property=\"og:type\" content=\"article\" \/>\n<meta property=\"og:title\" content=\"La adrenalina Y c\u00f3mo descargarla - El Diario - Bolivia\" \/>\n<meta property=\"og:description\" content=\"Por. Lic. H\u00e9ctor Molina &nbsp; Recordemos que\u2026 &nbsp; La adrenalina, denominada cient\u00edficamente como epinefrina, es una mol\u00e9cula org\u00e1nica que cumple una doble funci\u00f3n esencial en el organismo humano: act\u00faa como hormona en el torrente sangu\u00edneo y como neurotransmisor en el sistema nervioso central. Qu\u00edmicamente pertenece al grupo de las catecolaminas, sintetiz\u00e1ndose a partir del amino\u00e1cido [&hellip;]\" \/>\n<meta property=\"og:url\" content=\"https:\/\/www.eldiario.net\/portal\/2026\/09\/04\/la-adrenalina-y-como-descargarla-2\/\" \/>\n<meta property=\"og:site_name\" content=\"El Diario - Bolivia\" \/>\n<meta property=\"article:publisher\" content=\"https:\/\/www.facebook.com\/eldiario.bolivia\/\" \/>\n<meta property=\"article:published_time\" content=\"2026-09-04T10:41:01+00:00\" \/>\n<meta property=\"og:image\" content=\"https:\/\/www.eldiario.net\/portal\/wp-content\/uploads\/2026\/09\/Bio-Tension-muscular.webp\" \/>\n\t<meta property=\"og:image:width\" content=\"372\" \/>\n\t<meta property=\"og:image:height\" content=\"279\" \/>\n\t<meta property=\"og:image:type\" content=\"image\/webp\" \/>\n<meta name=\"author\" content=\"Jeanette\" \/>\n<meta name=\"twitter:card\" content=\"summary_large_image\" \/>\n<meta name=\"twitter:creator\" content=\"@eldiario_net\" \/>\n<meta name=\"twitter:site\" content=\"@eldiario_net\" \/>\n<meta name=\"twitter:label1\" content=\"Escrito por\" \/>\n\t<meta name=\"twitter:data1\" content=\"Jeanette\" \/>\n\t<meta name=\"twitter:label2\" content=\"Tiempo de lectura\" \/>\n\t<meta name=\"twitter:data2\" content=\"4 minutos\" \/>\n<script type=\"application\/ld+json\" class=\"yoast-schema-graph\">{\"@context\":\"https:\\\/\\\/schema.org\",\"@graph\":[{\"@type\":\"Article\",\"@id\":\"https:\\\/\\\/www.eldiario.net\\\/portal\\\/2026\\\/09\\\/04\\\/la-adrenalina-y-como-descargarla-2\\\/#article\",\"isPartOf\":{\"@id\":\"https:\\\/\\\/www.eldiario.net\\\/portal\\\/2026\\\/09\\\/04\\\/la-adrenalina-y-como-descargarla-2\\\/\"},\"author\":{\"name\":\"Jeanette\",\"@id\":\"https:\\\/\\\/www.eldiario.net\\\/portal\\\/#\\\/schema\\\/person\\\/2c57cf2b7a7ae032e449e4c9b1019eac\"},\"headline\":\"La adrenalina Y c\u00f3mo descargarla\",\"datePublished\":\"2026-09-04T10:41:01+00:00\",\"mainEntityOfPage\":{\"@id\":\"https:\\\/\\\/www.eldiario.net\\\/portal\\\/2026\\\/09\\\/04\\\/la-adrenalina-y-como-descargarla-2\\\/\"},\"wordCount\":791,\"publisher\":{\"@id\":\"https:\\\/\\\/www.eldiario.net\\\/portal\\\/#organization\"},\"image\":{\"@id\":\"https:\\\/\\\/www.eldiario.net\\\/portal\\\/2026\\\/09\\\/04\\\/la-adrenalina-y-como-descargarla-2\\\/#primaryimage\"},\"thumbnailUrl\":\"https:\\\/\\\/www.eldiario.net\\\/portal\\\/wp-content\\\/uploads\\\/2026\\\/09\\\/Bio-Tension-muscular.webp\",\"articleSection\":[\"Nuevos Horizontes\"],\"inLanguage\":\"es\"},{\"@type\":\"WebPage\",\"@id\":\"https:\\\/\\\/www.eldiario.net\\\/portal\\\/2026\\\/09\\\/04\\\/la-adrenalina-y-como-descargarla-2\\\/\",\"url\":\"https:\\\/\\\/www.eldiario.net\\\/portal\\\/2026\\\/09\\\/04\\\/la-adrenalina-y-como-descargarla-2\\\/\",\"name\":\"La adrenalina Y c\u00f3mo descargarla - El Diario - Bolivia\",\"isPartOf\":{\"@id\":\"https:\\\/\\\/www.eldiario.net\\\/portal\\\/#website\"},\"primaryImageOfPage\":{\"@id\":\"https:\\\/\\\/www.eldiario.net\\\/portal\\\/2026\\\/09\\\/04\\\/la-adrenalina-y-como-descargarla-2\\\/#primaryimage\"},\"image\":{\"@id\":\"https:\\\/\\\/www.eldiario.net\\\/portal\\\/2026\\\/09\\\/04\\\/la-adrenalina-y-como-descargarla-2\\\/#primaryimage\"},\"thumbnailUrl\":\"https:\\\/\\\/www.eldiario.net\\\/portal\\\/wp-content\\\/uploads\\\/2026\\\/09\\\/Bio-Tension-muscular.webp\",\"datePublished\":\"2026-09-04T10:41:01+00:00\",\"breadcrumb\":{\"@id\":\"https:\\\/\\\/www.eldiario.net\\\/portal\\\/2026\\\/09\\\/04\\\/la-adrenalina-y-como-descargarla-2\\\/#breadcrumb\"},\"inLanguage\":\"es\",\"potentialAction\":[{\"@type\":\"ReadAction\",\"target\":[\"https:\\\/\\\/www.eldiario.net\\\/portal\\\/2026\\\/09\\\/04\\\/la-adrenalina-y-como-descargarla-2\\\/\"]}]},{\"@type\":\"ImageObject\",\"inLanguage\":\"es\",\"@id\":\"https:\\\/\\\/www.eldiario.net\\\/portal\\\/2026\\\/09\\\/04\\\/la-adrenalina-y-como-descargarla-2\\\/#primaryimage\",\"url\":\"https:\\\/\\\/www.eldiario.net\\\/portal\\\/wp-content\\\/uploads\\\/2026\\\/09\\\/Bio-Tension-muscular.webp\",\"contentUrl\":\"https:\\\/\\\/www.eldiario.net\\\/portal\\\/wp-content\\\/uploads\\\/2026\\\/09\\\/Bio-Tension-muscular.webp\",\"width\":372,\"height\":279},{\"@type\":\"BreadcrumbList\",\"@id\":\"https:\\\/\\\/www.eldiario.net\\\/portal\\\/2026\\\/09\\\/04\\\/la-adrenalina-y-como-descargarla-2\\\/#breadcrumb\",\"itemListElement\":[{\"@type\":\"ListItem\",\"position\":1,\"name\":\"Portada\",\"item\":\"https:\\\/\\\/www.eldiario.net\\\/portal\\\/\"},{\"@type\":\"ListItem\",\"position\":2,\"name\":\"La adrenalina Y c\u00f3mo descargarla\"}]},{\"@type\":\"WebSite\",\"@id\":\"https:\\\/\\\/www.eldiario.net\\\/portal\\\/#website\",\"url\":\"https:\\\/\\\/www.eldiario.net\\\/portal\\\/\",\"name\":\"El Diario - Decano de la prensa nacional\",\"description\":\"El Diario - Decano de la prensa nacional\",\"publisher\":{\"@id\":\"https:\\\/\\\/www.eldiario.net\\\/portal\\\/#organization\"},\"potentialAction\":[{\"@type\":\"SearchAction\",\"target\":{\"@type\":\"EntryPoint\",\"urlTemplate\":\"https:\\\/\\\/www.eldiario.net\\\/portal\\\/?s={search_term_string}\"},\"query-input\":{\"@type\":\"PropertyValueSpecification\",\"valueRequired\":true,\"valueName\":\"search_term_string\"}}],\"inLanguage\":\"es\"},{\"@type\":\"Organization\",\"@id\":\"https:\\\/\\\/www.eldiario.net\\\/portal\\\/#organization\",\"name\":\"El Diario - Decano de la prensa nacional\",\"url\":\"https:\\\/\\\/www.eldiario.net\\\/portal\\\/\",\"logo\":{\"@type\":\"ImageObject\",\"inLanguage\":\"es\",\"@id\":\"https:\\\/\\\/www.eldiario.net\\\/portal\\\/#\\\/schema\\\/logo\\\/image\\\/\",\"url\":\"https:\\\/\\\/www.eldiario.net\\\/portal\\\/wp-content\\\/uploads\\\/2023\\\/07\\\/logo_ED.jpg\",\"contentUrl\":\"https:\\\/\\\/www.eldiario.net\\\/portal\\\/wp-content\\\/uploads\\\/2023\\\/07\\\/logo_ED.jpg\",\"width\":272,\"height\":52,\"caption\":\"El Diario - Decano de la prensa nacional\"},\"image\":{\"@id\":\"https:\\\/\\\/www.eldiario.net\\\/portal\\\/#\\\/schema\\\/logo\\\/image\\\/\"},\"sameAs\":[\"https:\\\/\\\/www.facebook.com\\\/eldiario.bolivia\\\/\",\"https:\\\/\\\/x.com\\\/eldiario_net\"]},{\"@type\":\"Person\",\"@id\":\"https:\\\/\\\/www.eldiario.net\\\/portal\\\/#\\\/schema\\\/person\\\/2c57cf2b7a7ae032e449e4c9b1019eac\",\"name\":\"Jeanette\",\"image\":{\"@type\":\"ImageObject\",\"inLanguage\":\"es\",\"@id\":\"https:\\\/\\\/secure.gravatar.com\\\/avatar\\\/3ea2118a5f7dad2b7138b1187a6b7ee55f160b9968b66013c3a3ef39dd7e5798?s=96&d=mm&r=g\",\"url\":\"https:\\\/\\\/secure.gravatar.com\\\/avatar\\\/3ea2118a5f7dad2b7138b1187a6b7ee55f160b9968b66013c3a3ef39dd7e5798?s=96&d=mm&r=g\",\"contentUrl\":\"https:\\\/\\\/secure.gravatar.com\\\/avatar\\\/3ea2118a5f7dad2b7138b1187a6b7ee55f160b9968b66013c3a3ef39dd7e5798?s=96&d=mm&r=g\",\"caption\":\"Jeanette\"},\"sameAs\":[\"https:\\\/\\\/www.eldiario.net\\\/portal\"],\"url\":\"https:\\\/\\\/www.eldiario.net\\\/portal\\\/author\\\/jeanette\\\/\"}]}<\/script>\n<!-- \/ Yoast SEO plugin. -->","yoast_head_json":{"title":"La adrenalina Y c\u00f3mo descargarla - El Diario - Bolivia","robots":{"index":"index","follow":"follow","max-snippet":"max-snippet:-1","max-image-preview":"max-image-preview:large","max-video-preview":"max-video-preview:-1"},"canonical":"https:\/\/www.eldiario.net\/portal\/2026\/09\/04\/la-adrenalina-y-como-descargarla-2\/","og_locale":"es_ES","og_type":"article","og_title":"La adrenalina Y c\u00f3mo descargarla - El Diario - Bolivia","og_description":"Por. Lic. H\u00e9ctor Molina &nbsp; Recordemos que\u2026 &nbsp; La adrenalina, denominada cient\u00edficamente como epinefrina, es una mol\u00e9cula org\u00e1nica que cumple una doble funci\u00f3n esencial en el organismo humano: act\u00faa como hormona en el torrente sangu\u00edneo y como neurotransmisor en el sistema nervioso central. Qu\u00edmicamente pertenece al grupo de las catecolaminas, sintetiz\u00e1ndose a partir del amino\u00e1cido [&hellip;]","og_url":"https:\/\/www.eldiario.net\/portal\/2026\/09\/04\/la-adrenalina-y-como-descargarla-2\/","og_site_name":"El Diario - Bolivia","article_publisher":"https:\/\/www.facebook.com\/eldiario.bolivia\/","article_published_time":"2026-09-04T10:41:01+00:00","og_image":[{"width":372,"height":279,"url":"https:\/\/www.eldiario.net\/portal\/wp-content\/uploads\/2026\/09\/Bio-Tension-muscular.webp","type":"image\/webp"}],"author":"Jeanette","twitter_card":"summary_large_image","twitter_creator":"@eldiario_net","twitter_site":"@eldiario_net","twitter_misc":{"Escrito por":"Jeanette","Tiempo de lectura":"4 minutos"},"schema":{"@context":"https:\/\/schema.org","@graph":[{"@type":"Article","@id":"https:\/\/www.eldiario.net\/portal\/2026\/09\/04\/la-adrenalina-y-como-descargarla-2\/#article","isPartOf":{"@id":"https:\/\/www.eldiario.net\/portal\/2026\/09\/04\/la-adrenalina-y-como-descargarla-2\/"},"author":{"name":"Jeanette","@id":"https:\/\/www.eldiario.net\/portal\/#\/schema\/person\/2c57cf2b7a7ae032e449e4c9b1019eac"},"headline":"La adrenalina Y c\u00f3mo descargarla","datePublished":"2026-09-04T10:41:01+00:00","mainEntityOfPage":{"@id":"https:\/\/www.eldiario.net\/portal\/2026\/09\/04\/la-adrenalina-y-como-descargarla-2\/"},"wordCount":791,"publisher":{"@id":"https:\/\/www.eldiario.net\/portal\/#organization"},"image":{"@id":"https:\/\/www.eldiario.net\/portal\/2026\/09\/04\/la-adrenalina-y-como-descargarla-2\/#primaryimage"},"thumbnailUrl":"https:\/\/www.eldiario.net\/portal\/wp-content\/uploads\/2026\/09\/Bio-Tension-muscular.webp","articleSection":["Nuevos Horizontes"],"inLanguage":"es"},{"@type":"WebPage","@id":"https:\/\/www.eldiario.net\/portal\/2026\/09\/04\/la-adrenalina-y-como-descargarla-2\/","url":"https:\/\/www.eldiario.net\/portal\/2026\/09\/04\/la-adrenalina-y-como-descargarla-2\/","name":"La adrenalina Y c\u00f3mo descargarla - El Diario - Bolivia","isPartOf":{"@id":"https:\/\/www.eldiario.net\/portal\/#website"},"primaryImageOfPage":{"@id":"https:\/\/www.eldiario.net\/portal\/2026\/09\/04\/la-adrenalina-y-como-descargarla-2\/#primaryimage"},"image":{"@id":"https:\/\/www.eldiario.net\/portal\/2026\/09\/04\/la-adrenalina-y-como-descargarla-2\/#primaryimage"},"thumbnailUrl":"https:\/\/www.eldiario.net\/portal\/wp-content\/uploads\/2026\/09\/Bio-Tension-muscular.webp","datePublished":"2026-09-04T10:41:01+00:00","breadcrumb":{"@id":"https:\/\/www.eldiario.net\/portal\/2026\/09\/04\/la-adrenalina-y-como-descargarla-2\/#breadcrumb"},"inLanguage":"es","potentialAction":[{"@type":"ReadAction","target":["https:\/\/www.eldiario.net\/portal\/2026\/09\/04\/la-adrenalina-y-como-descargarla-2\/"]}]},{"@type":"ImageObject","inLanguage":"es","@id":"https:\/\/www.eldiario.net\/portal\/2026\/09\/04\/la-adrenalina-y-como-descargarla-2\/#primaryimage","url":"https:\/\/www.eldiario.net\/portal\/wp-content\/uploads\/2026\/09\/Bio-Tension-muscular.webp","contentUrl":"https:\/\/www.eldiario.net\/portal\/wp-content\/uploads\/2026\/09\/Bio-Tension-muscular.webp","width":372,"height":279},{"@type":"BreadcrumbList","@id":"https:\/\/www.eldiario.net\/portal\/2026\/09\/04\/la-adrenalina-y-como-descargarla-2\/#breadcrumb","itemListElement":[{"@type":"ListItem","position":1,"name":"Portada","item":"https:\/\/www.eldiario.net\/portal\/"},{"@type":"ListItem","position":2,"name":"La adrenalina Y c\u00f3mo descargarla"}]},{"@type":"WebSite","@id":"https:\/\/www.eldiario.net\/portal\/#website","url":"https:\/\/www.eldiario.net\/portal\/","name":"El Diario - Decano de la prensa nacional","description":"El Diario - Decano de la prensa nacional","publisher":{"@id":"https:\/\/www.eldiario.net\/portal\/#organization"},"potentialAction":[{"@type":"SearchAction","target":{"@type":"EntryPoint","urlTemplate":"https:\/\/www.eldiario.net\/portal\/?s={search_term_string}"},"query-input":{"@type":"PropertyValueSpecification","valueRequired":true,"valueName":"search_term_string"}}],"inLanguage":"es"},{"@type":"Organization","@id":"https:\/\/www.eldiario.net\/portal\/#organization","name":"El Diario - Decano de la prensa nacional","url":"https:\/\/www.eldiario.net\/portal\/","logo":{"@type":"ImageObject","inLanguage":"es","@id":"https:\/\/www.eldiario.net\/portal\/#\/schema\/logo\/image\/","url":"https:\/\/www.eldiario.net\/portal\/wp-content\/uploads\/2023\/07\/logo_ED.jpg","contentUrl":"https:\/\/www.eldiario.net\/portal\/wp-content\/uploads\/2023\/07\/logo_ED.jpg","width":272,"height":52,"caption":"El Diario - Decano de la prensa nacional"},"image":{"@id":"https:\/\/www.eldiario.net\/portal\/#\/schema\/logo\/image\/"},"sameAs":["https:\/\/www.facebook.com\/eldiario.bolivia\/","https:\/\/x.com\/eldiario_net"]},{"@type":"Person","@id":"https:\/\/www.eldiario.net\/portal\/#\/schema\/person\/2c57cf2b7a7ae032e449e4c9b1019eac","name":"Jeanette","image":{"@type":"ImageObject","inLanguage":"es","@id":"https:\/\/secure.gravatar.com\/avatar\/3ea2118a5f7dad2b7138b1187a6b7ee55f160b9968b66013c3a3ef39dd7e5798?s=96&d=mm&r=g","url":"https:\/\/secure.gravatar.com\/avatar\/3ea2118a5f7dad2b7138b1187a6b7ee55f160b9968b66013c3a3ef39dd7e5798?s=96&d=mm&r=g","contentUrl":"https:\/\/secure.gravatar.com\/avatar\/3ea2118a5f7dad2b7138b1187a6b7ee55f160b9968b66013c3a3ef39dd7e5798?s=96&d=mm&r=g","caption":"Jeanette"},"sameAs":["https:\/\/www.eldiario.net\/portal"],"url":"https:\/\/www.eldiario.net\/portal\/author\/jeanette\/"}]}},"_links":{"self":[{"href":"https:\/\/www.eldiario.net\/portal\/wp-json\/wp\/v2\/posts\/427638","targetHints":{"allow":["GET"]}}],"collection":[{"href":"https:\/\/www.eldiario.net\/portal\/wp-json\/wp\/v2\/posts"}],"about":[{"href":"https:\/\/www.eldiario.net\/portal\/wp-json\/wp\/v2\/types\/post"}],"author":[{"embeddable":true,"href":"https:\/\/www.eldiario.net\/portal\/wp-json\/wp\/v2\/users\/1"}],"replies":[{"embeddable":true,"href":"https:\/\/www.eldiario.net\/portal\/wp-json\/wp\/v2\/comments?post=427638"}],"version-history":[{"count":1,"href":"https:\/\/www.eldiario.net\/portal\/wp-json\/wp\/v2\/posts\/427638\/revisions"}],"predecessor-version":[{"id":427643,"href":"https:\/\/www.eldiario.net\/portal\/wp-json\/wp\/v2\/posts\/427638\/revisions\/427643"}],"wp:featuredmedia":[{"embeddable":true,"href":"https:\/\/www.eldiario.net\/portal\/wp-json\/wp\/v2\/media\/427639"}],"wp:attachment":[{"href":"https:\/\/www.eldiario.net\/portal\/wp-json\/wp\/v2\/media?parent=427638"}],"wp:term":[{"taxonomy":"category","embeddable":true,"href":"https:\/\/www.eldiario.net\/portal\/wp-json\/wp\/v2\/categories?post=427638"},{"taxonomy":"post_tag","embeddable":true,"href":"https:\/\/www.eldiario.net\/portal\/wp-json\/wp\/v2\/tags?post=427638"}],"curies":[{"name":"wp","href":"https:\/\/api.w.org\/{rel}","templated":true}]}}