{"id":427635,"date":"2026-09-04T06:39:52","date_gmt":"2026-09-04T10:39:52","guid":{"rendered":"https:\/\/www.eldiario.net\/portal\/?p=427635"},"modified":"2026-09-04T06:39:52","modified_gmt":"2026-09-04T10:39:52","slug":"bolivia-bienvenida-a-la-cumbre-de-los-brics-2026-cooperacion-india-bolivia-a-traves-de-la-plataforma-brics","status":"publish","type":"post","link":"https:\/\/www.eldiario.net\/portal\/2026\/09\/04\/bolivia-bienvenida-a-la-cumbre-de-los-brics-2026-cooperacion-india-bolivia-a-traves-de-la-plataforma-brics\/","title":{"rendered":"Bolivia, bienvenida a la Cumbre de los BRICS 2026 Cooperaci\u00f3n India-Bolivia a trav\u00e9s de la plataforma BRICS"},"content":{"rendered":"<p>Dado que India ser\u00e1 la anfitriona de la 18.\u00aa Cumbre de los BRICS, que se celebrar\u00e1 los d\u00edas 12 y 13 de septiembre de 2026 en Nueva Delhi, deseo poner de relieve las oportunidades que esta plataforma brinda tanto a India como a Bolivia para la cooperaci\u00f3n y el desarrollo.<\/p>\n<p>En la actualidad, los BRICS est\u00e1n compuestos por 11 miembros plenos y 10 pa\u00edses asociados, entre los cuales se encuentra Bolivia. Hoy en d\u00eda, los BRICS representan casi la mitad de la poblaci\u00f3n mundial (49,5 %) y aproximadamente el 40 % del PIB global. En t\u00e9rminos de paridad de poder adquisitivo, los BRICS han superado a los pa\u00edses del G7 en producci\u00f3n econ\u00f3mica total. El grupo tambi\u00e9n representa el 26 % del comercio internacional total, y controla el 30 % del petr\u00f3leo mundial y el 45 % de la agricultura global.<\/p>\n<p>India asumi\u00f3 la Presidencia rotatoria de los BRICS en enero de 2026, marcando 20 a\u00f1os desde la creaci\u00f3n del grupo. El tema de la Cumbre de 2026 es \u2018Construyendo para la Resiliencia, la Innovaci\u00f3n, la Cooperaci\u00f3n y la Sostenibilidad\u2019. Con un enfoque centrado principalmente en las personas, la acci\u00f3n clim\u00e1tica, las finanzas verdes y la resiliencia de las cadenas de suministro, la Cumbre de los BRICS de este a\u00f1o generar\u00e1 resultados s\u00f3lidos para todos los miembros y pa\u00edses asociados. Hasta la fecha, India ha organizado m\u00e1s de 350 reuniones en 25 ciudades. La Cumbre contar\u00e1 con la participaci\u00f3n de Jefes de Estado y de Gobierno de los pa\u00edses BRICS en Nueva Delhi.<\/p>\n<p>Para la Cumbre de 2026, India ha invitado al Honorable Presidente S.E. Sr. Rodrigo Paz Pereira, quien esperamos asista personalmente o que designe a un Ministro de alto nivel. Se espera la asistencia de m\u00e1s de 15 Presidentes\/Primeros Ministros, adem\u00e1s de otros Vicepresidentes\/Viceprimeros Ministros\/Ministros de alto rango.<\/p>\n<p>Los pilares clave de la Presidencia de India en los BRICS son cuatro: Resiliencia, Innovaci\u00f3n, Cooperaci\u00f3n y Sostenibilidad.<\/p>\n<p>A trav\u00e9s de la Resiliencia, los BRICS se centrar\u00e1n en fortalecer la resiliencia econ\u00f3mica, social e institucional para sortear las incertidumbres globales, las interrupciones de las cadenas de suministro, los desaf\u00edos sanitarios y los riesgos clim\u00e1ticos. India y Bolivia mantienen una s\u00f3lida relaci\u00f3n comercial bilateral con un gran potencial de crecimiento. Ambos pa\u00edses tambi\u00e9n pueden asociarse en el sector de la salud. En este sentido, India apoy\u00f3 a Bolivia con 300.000 dosis de vacunas contra el sarampi\u00f3n. Tambi\u00e9n hemos ofrecido a Bolivia la firma de la Farmacopea India, lo que facilitar\u00e1 y abaratar\u00e1 el movimiento de productos farmac\u00e9uticos entre ambos pa\u00edses.<\/p>\n<p>En materia de Innovaci\u00f3n, India se ha centrado en promover el despliegue de tecnolog\u00edas nuevas y emergentes, como la infraestructura p\u00fablica digital, las tecnolog\u00edas financieras, la inteligencia artificial y el intercambio de conocimientos, para facilitar una prestaci\u00f3n eficaz de servicios y un crecimiento preparado para el futuro. Este es el \u00e1mbito en el que la posibilidad de cooperaci\u00f3n es m\u00e1s fuerte, ya que el Honorable Presidente Rodrigo Paz ha establecido la digitalizaci\u00f3n de la gobernanza como su prioridad. Podemos ofrecer a Bolivia el India Stack, un conjunto de plataformas digitales de c\u00f3digo abierto que ofrecen pleno control soberano y localizaci\u00f3n.<\/p>\n<p>En cuanto a la Cooperaci\u00f3n, los miembros de los BRICS se centrar\u00e1n en profundizar el compromiso multilateral a trav\u00e9s de una mayor coordinaci\u00f3n de pol\u00edticas, financiaci\u00f3n para el desarrollo, facilitaci\u00f3n del comercio, reformas en la gobernanza institucional global y alianzas centradas en las personas. Ambos pa\u00edses han unido esfuerzos en plataformas multilaterales. Bolivia co-patrocin\u00f3 la Resoluci\u00f3n sobre Estilos de Vida Sostenibles propuesta por India en el Programa de las Naciones Unidas para el Medio Ambiente (PNUMA).<\/p>\n<p>La Sostenibilidad se lograr\u00e1 mediante la aceleraci\u00f3n de los esfuerzos colectivos hacia la acci\u00f3n clim\u00e1tica, las finanzas verdes, las transiciones energ\u00e9ticas y el desarrollo sostenible, alineados con las prioridades nacionales y globales. India ha tomado la delantera en energ\u00eda solar con la instalaci\u00f3n de 175 gigavatios de capacidad. Podemos colaborar con Bolivia en este aspecto, ya que el pa\u00eds est\u00e1 bendecido con abundante luz solar durante todo el a\u00f1o.<\/p>\n<p>La participaci\u00f3n de Bolivia en la pr\u00f3xima Cumbre de los BRICS brindar\u00e1 la oportunidad no solo de interactuar con el liderazgo de India, sino tambi\u00e9n con otras 20 econom\u00edas globales como China, Brasil, Rusia, Sud\u00e1frica, Emiratos \u00c1rabes Unidos, Arabia Saudita, Indonesia, Egipto, Malasia, Tailandia y otros. En conjunto, los BRICS pueden centrarse y lograr un crecimiento econ\u00f3mico a trav\u00e9s de los cuatro pilares identificados: Resiliencia, Innovaci\u00f3n, Cooperaci\u00f3n y Sostenibilidad.<\/p>\n<p>India espera fortalecer la asociaci\u00f3n con Bolivia en el plano bilateral, as\u00ed como a trav\u00e9s de la plataforma de los BRICS. Esperamos dar la bienvenida al liderazgo de Bolivia para la Cumbre en Nueva Delhi.<\/p>\n<p>&nbsp;<\/p>\n<p><em>Rohit Vadhwana, Embajador de la India.<\/em><\/p>\n","protected":false},"excerpt":{"rendered":"<p>Dado que India ser\u00e1 la anfitriona de la 18.\u00aa Cumbre de los BRICS, que se celebrar\u00e1 los d\u00edas 12 y 13 de septiembre de 2026 en Nueva Delhi, deseo poner de relieve las oportunidades que esta plataforma brinda tanto a India como a Bolivia para la cooperaci\u00f3n y el desarrollo. En la actualidad, los BRICS [&hellip;]<\/p>\n","protected":false},"author":1,"featured_media":427636,"comment_status":"closed","ping_status":"open","sticky":false,"template":"","format":"standard","meta":{"_acf_changed":false,"footnotes":""},"categories":[9],"tags":[],"class_list":["post-427635","post","type-post","status-publish","format-standard","has-post-thumbnail","category-opinion"],"acf":{"antetitulo":""},"yoast_head":"<!-- This site is optimized with the Yoast SEO plugin v28.4 - https:\/\/yoast.com\/product\/yoast-seo-wordpress\/ -->\n<title>Bolivia, bienvenida a la Cumbre de los BRICS 2026 Cooperaci\u00f3n India-Bolivia a trav\u00e9s de la plataforma BRICS - El Diario - Bolivia<\/title>\n<meta name=\"robots\" content=\"index, follow, max-snippet:-1, max-image-preview:large, max-video-preview:-1\" \/>\n<link rel=\"canonical\" href=\"https:\/\/www.eldiario.net\/portal\/2026\/09\/04\/bolivia-bienvenida-a-la-cumbre-de-los-brics-2026-cooperacion-india-bolivia-a-traves-de-la-plataforma-brics\/\" \/>\n<meta property=\"og:locale\" content=\"es_ES\" \/>\n<meta property=\"og:type\" content=\"article\" \/>\n<meta property=\"og:title\" content=\"Bolivia, bienvenida a la Cumbre de los BRICS 2026 Cooperaci\u00f3n India-Bolivia a trav\u00e9s de la plataforma BRICS - El Diario - Bolivia\" \/>\n<meta property=\"og:description\" content=\"Dado que India ser\u00e1 la anfitriona de la 18.\u00aa Cumbre de los BRICS, que se celebrar\u00e1 los d\u00edas 12 y 13 de septiembre de 2026 en Nueva Delhi, deseo poner de relieve las oportunidades que esta plataforma brinda tanto a India como a Bolivia para la cooperaci\u00f3n y el desarrollo. En la actualidad, los BRICS [&hellip;]\" \/>\n<meta property=\"og:url\" content=\"https:\/\/www.eldiario.net\/portal\/2026\/09\/04\/bolivia-bienvenida-a-la-cumbre-de-los-brics-2026-cooperacion-india-bolivia-a-traves-de-la-plataforma-brics\/\" \/>\n<meta property=\"og:site_name\" content=\"El Diario - Bolivia\" \/>\n<meta property=\"article:publisher\" content=\"https:\/\/www.facebook.com\/eldiario.bolivia\/\" \/>\n<meta property=\"article:published_time\" content=\"2026-09-04T10:39:52+00:00\" \/>\n<meta property=\"og:image\" content=\"https:\/\/www.eldiario.net\/portal\/wp-content\/uploads\/2026\/09\/Rohit-Vadhwana.webp\" \/>\n\t<meta property=\"og:image:width\" content=\"413\" \/>\n\t<meta property=\"og:image:height\" content=\"438\" \/>\n\t<meta property=\"og:image:type\" content=\"image\/webp\" \/>\n<meta name=\"author\" content=\"Jeanette\" \/>\n<meta name=\"twitter:card\" content=\"summary_large_image\" \/>\n<meta name=\"twitter:creator\" content=\"@eldiario_net\" \/>\n<meta name=\"twitter:site\" content=\"@eldiario_net\" \/>\n<meta name=\"twitter:label1\" content=\"Escrito por\" \/>\n\t<meta name=\"twitter:data1\" content=\"Jeanette\" \/>\n\t<meta name=\"twitter:label2\" content=\"Tiempo de lectura\" \/>\n\t<meta name=\"twitter:data2\" content=\"4 minutos\" \/>\n<script type=\"application\/ld+json\" class=\"yoast-schema-graph\">{\"@context\":\"https:\\\/\\\/schema.org\",\"@graph\":[{\"@type\":\"Article\",\"@id\":\"https:\\\/\\\/www.eldiario.net\\\/portal\\\/2026\\\/09\\\/04\\\/bolivia-bienvenida-a-la-cumbre-de-los-brics-2026-cooperacion-india-bolivia-a-traves-de-la-plataforma-brics\\\/#article\",\"isPartOf\":{\"@id\":\"https:\\\/\\\/www.eldiario.net\\\/portal\\\/2026\\\/09\\\/04\\\/bolivia-bienvenida-a-la-cumbre-de-los-brics-2026-cooperacion-india-bolivia-a-traves-de-la-plataforma-brics\\\/\"},\"author\":{\"name\":\"Jeanette\",\"@id\":\"https:\\\/\\\/www.eldiario.net\\\/portal\\\/#\\\/schema\\\/person\\\/f46445640444750d7d753ccd04ae01b7\"},\"headline\":\"Bolivia, bienvenida a la Cumbre de los BRICS 2026 Cooperaci\u00f3n India-Bolivia a trav\u00e9s de la plataforma BRICS\",\"datePublished\":\"2026-09-04T10:39:52+00:00\",\"mainEntityOfPage\":{\"@id\":\"https:\\\/\\\/www.eldiario.net\\\/portal\\\/2026\\\/09\\\/04\\\/bolivia-bienvenida-a-la-cumbre-de-los-brics-2026-cooperacion-india-bolivia-a-traves-de-la-plataforma-brics\\\/\"},\"wordCount\":850,\"publisher\":{\"@id\":\"https:\\\/\\\/www.eldiario.net\\\/portal\\\/#organization\"},\"image\":{\"@id\":\"https:\\\/\\\/www.eldiario.net\\\/portal\\\/2026\\\/09\\\/04\\\/bolivia-bienvenida-a-la-cumbre-de-los-brics-2026-cooperacion-india-bolivia-a-traves-de-la-plataforma-brics\\\/#primaryimage\"},\"thumbnailUrl\":\"https:\\\/\\\/www.eldiario.net\\\/portal\\\/wp-content\\\/uploads\\\/2026\\\/09\\\/Rohit-Vadhwana.webp\",\"articleSection\":[\"Opini\u00f3n\"],\"inLanguage\":\"es\"},{\"@type\":\"WebPage\",\"@id\":\"https:\\\/\\\/www.eldiario.net\\\/portal\\\/2026\\\/09\\\/04\\\/bolivia-bienvenida-a-la-cumbre-de-los-brics-2026-cooperacion-india-bolivia-a-traves-de-la-plataforma-brics\\\/\",\"url\":\"https:\\\/\\\/www.eldiario.net\\\/portal\\\/2026\\\/09\\\/04\\\/bolivia-bienvenida-a-la-cumbre-de-los-brics-2026-cooperacion-india-bolivia-a-traves-de-la-plataforma-brics\\\/\",\"name\":\"Bolivia, bienvenida a la Cumbre de los BRICS 2026 Cooperaci\u00f3n India-Bolivia a trav\u00e9s de la plataforma BRICS - El Diario - Bolivia\",\"isPartOf\":{\"@id\":\"https:\\\/\\\/www.eldiario.net\\\/portal\\\/#website\"},\"primaryImageOfPage\":{\"@id\":\"https:\\\/\\\/www.eldiario.net\\\/portal\\\/2026\\\/09\\\/04\\\/bolivia-bienvenida-a-la-cumbre-de-los-brics-2026-cooperacion-india-bolivia-a-traves-de-la-plataforma-brics\\\/#primaryimage\"},\"image\":{\"@id\":\"https:\\\/\\\/www.eldiario.net\\\/portal\\\/2026\\\/09\\\/04\\\/bolivia-bienvenida-a-la-cumbre-de-los-brics-2026-cooperacion-india-bolivia-a-traves-de-la-plataforma-brics\\\/#primaryimage\"},\"thumbnailUrl\":\"https:\\\/\\\/www.eldiario.net\\\/portal\\\/wp-content\\\/uploads\\\/2026\\\/09\\\/Rohit-Vadhwana.webp\",\"datePublished\":\"2026-09-04T10:39:52+00:00\",\"breadcrumb\":{\"@id\":\"https:\\\/\\\/www.eldiario.net\\\/portal\\\/2026\\\/09\\\/04\\\/bolivia-bienvenida-a-la-cumbre-de-los-brics-2026-cooperacion-india-bolivia-a-traves-de-la-plataforma-brics\\\/#breadcrumb\"},\"inLanguage\":\"es\",\"potentialAction\":[{\"@type\":\"ReadAction\",\"target\":[\"https:\\\/\\\/www.eldiario.net\\\/portal\\\/2026\\\/09\\\/04\\\/bolivia-bienvenida-a-la-cumbre-de-los-brics-2026-cooperacion-india-bolivia-a-traves-de-la-plataforma-brics\\\/\"]}]},{\"@type\":\"ImageObject\",\"inLanguage\":\"es\",\"@id\":\"https:\\\/\\\/www.eldiario.net\\\/portal\\\/2026\\\/09\\\/04\\\/bolivia-bienvenida-a-la-cumbre-de-los-brics-2026-cooperacion-india-bolivia-a-traves-de-la-plataforma-brics\\\/#primaryimage\",\"url\":\"https:\\\/\\\/www.eldiario.net\\\/portal\\\/wp-content\\\/uploads\\\/2026\\\/09\\\/Rohit-Vadhwana.webp\",\"contentUrl\":\"https:\\\/\\\/www.eldiario.net\\\/portal\\\/wp-content\\\/uploads\\\/2026\\\/09\\\/Rohit-Vadhwana.webp\",\"width\":413,\"height\":438,\"caption\":\"Rohit Vadhwana\"},{\"@type\":\"BreadcrumbList\",\"@id\":\"https:\\\/\\\/www.eldiario.net\\\/portal\\\/2026\\\/09\\\/04\\\/bolivia-bienvenida-a-la-cumbre-de-los-brics-2026-cooperacion-india-bolivia-a-traves-de-la-plataforma-brics\\\/#breadcrumb\",\"itemListElement\":[{\"@type\":\"ListItem\",\"position\":1,\"name\":\"Portada\",\"item\":\"https:\\\/\\\/www.eldiario.net\\\/portal\\\/\"},{\"@type\":\"ListItem\",\"position\":2,\"name\":\"Bolivia, bienvenida a la Cumbre de los BRICS 2026 Cooperaci\u00f3n India-Bolivia a trav\u00e9s de la plataforma BRICS\"}]},{\"@type\":\"WebSite\",\"@id\":\"https:\\\/\\\/www.eldiario.net\\\/portal\\\/#website\",\"url\":\"https:\\\/\\\/www.eldiario.net\\\/portal\\\/\",\"name\":\"El Diario - Decano de la prensa nacional\",\"description\":\"El Diario - Decano de la prensa nacional\",\"publisher\":{\"@id\":\"https:\\\/\\\/www.eldiario.net\\\/portal\\\/#organization\"},\"potentialAction\":[{\"@type\":\"SearchAction\",\"target\":{\"@type\":\"EntryPoint\",\"urlTemplate\":\"https:\\\/\\\/www.eldiario.net\\\/portal\\\/?s={search_term_string}\"},\"query-input\":{\"@type\":\"PropertyValueSpecification\",\"valueRequired\":true,\"valueName\":\"search_term_string\"}}],\"inLanguage\":\"es\"},{\"@type\":\"Organization\",\"@id\":\"https:\\\/\\\/www.eldiario.net\\\/portal\\\/#organization\",\"name\":\"El Diario - Decano de la prensa nacional\",\"url\":\"https:\\\/\\\/www.eldiario.net\\\/portal\\\/\",\"logo\":{\"@type\":\"ImageObject\",\"inLanguage\":\"es\",\"@id\":\"https:\\\/\\\/www.eldiario.net\\\/portal\\\/#\\\/schema\\\/logo\\\/image\\\/\",\"url\":\"https:\\\/\\\/www.eldiario.net\\\/portal\\\/wp-content\\\/uploads\\\/2023\\\/07\\\/logo_ED.jpg\",\"contentUrl\":\"https:\\\/\\\/www.eldiario.net\\\/portal\\\/wp-content\\\/uploads\\\/2023\\\/07\\\/logo_ED.jpg\",\"width\":272,\"height\":52,\"caption\":\"El Diario - Decano de la prensa nacional\"},\"image\":{\"@id\":\"https:\\\/\\\/www.eldiario.net\\\/portal\\\/#\\\/schema\\\/logo\\\/image\\\/\"},\"sameAs\":[\"https:\\\/\\\/www.facebook.com\\\/eldiario.bolivia\\\/\",\"https:\\\/\\\/x.com\\\/eldiario_net\"]},{\"@type\":\"Person\",\"@id\":\"https:\\\/\\\/www.eldiario.net\\\/portal\\\/#\\\/schema\\\/person\\\/f46445640444750d7d753ccd04ae01b7\",\"name\":\"Jeanette\",\"image\":{\"@type\":\"ImageObject\",\"inLanguage\":\"es\",\"@id\":\"https:\\\/\\\/secure.gravatar.com\\\/avatar\\\/3ea2118a5f7dad2b7138b1187a6b7ee55f160b9968b66013c3a3ef39dd7e5798?s=96&d=mm&r=g\",\"url\":\"https:\\\/\\\/secure.gravatar.com\\\/avatar\\\/3ea2118a5f7dad2b7138b1187a6b7ee55f160b9968b66013c3a3ef39dd7e5798?s=96&d=mm&r=g\",\"contentUrl\":\"https:\\\/\\\/secure.gravatar.com\\\/avatar\\\/3ea2118a5f7dad2b7138b1187a6b7ee55f160b9968b66013c3a3ef39dd7e5798?s=96&d=mm&r=g\",\"caption\":\"Jeanette\"},\"sameAs\":[\"https:\\\/\\\/www.eldiario.net\\\/portal\"],\"url\":\"https:\\\/\\\/www.eldiario.net\\\/portal\\\/author\\\/jeanette\\\/\"}]}<\/script>\n<!-- \/ Yoast SEO plugin. -->","yoast_head_json":{"title":"Bolivia, bienvenida a la Cumbre de los BRICS 2026 Cooperaci\u00f3n India-Bolivia a trav\u00e9s de la plataforma BRICS - El Diario - Bolivia","robots":{"index":"index","follow":"follow","max-snippet":"max-snippet:-1","max-image-preview":"max-image-preview:large","max-video-preview":"max-video-preview:-1"},"canonical":"https:\/\/www.eldiario.net\/portal\/2026\/09\/04\/bolivia-bienvenida-a-la-cumbre-de-los-brics-2026-cooperacion-india-bolivia-a-traves-de-la-plataforma-brics\/","og_locale":"es_ES","og_type":"article","og_title":"Bolivia, bienvenida a la Cumbre de los BRICS 2026 Cooperaci\u00f3n India-Bolivia a trav\u00e9s de la plataforma BRICS - El Diario - Bolivia","og_description":"Dado que India ser\u00e1 la anfitriona de la 18.\u00aa Cumbre de los BRICS, que se celebrar\u00e1 los d\u00edas 12 y 13 de septiembre de 2026 en Nueva Delhi, deseo poner de relieve las oportunidades que esta plataforma brinda tanto a India como a Bolivia para la cooperaci\u00f3n y el desarrollo. En la actualidad, los BRICS [&hellip;]","og_url":"https:\/\/www.eldiario.net\/portal\/2026\/09\/04\/bolivia-bienvenida-a-la-cumbre-de-los-brics-2026-cooperacion-india-bolivia-a-traves-de-la-plataforma-brics\/","og_site_name":"El Diario - Bolivia","article_publisher":"https:\/\/www.facebook.com\/eldiario.bolivia\/","article_published_time":"2026-09-04T10:39:52+00:00","og_image":[{"width":413,"height":438,"url":"https:\/\/www.eldiario.net\/portal\/wp-content\/uploads\/2026\/09\/Rohit-Vadhwana.webp","type":"image\/webp"}],"author":"Jeanette","twitter_card":"summary_large_image","twitter_creator":"@eldiario_net","twitter_site":"@eldiario_net","twitter_misc":{"Escrito por":"Jeanette","Tiempo de lectura":"4 minutos"},"schema":{"@context":"https:\/\/schema.org","@graph":[{"@type":"Article","@id":"https:\/\/www.eldiario.net\/portal\/2026\/09\/04\/bolivia-bienvenida-a-la-cumbre-de-los-brics-2026-cooperacion-india-bolivia-a-traves-de-la-plataforma-brics\/#article","isPartOf":{"@id":"https:\/\/www.eldiario.net\/portal\/2026\/09\/04\/bolivia-bienvenida-a-la-cumbre-de-los-brics-2026-cooperacion-india-bolivia-a-traves-de-la-plataforma-brics\/"},"author":{"name":"Jeanette","@id":"https:\/\/www.eldiario.net\/portal\/#\/schema\/person\/f46445640444750d7d753ccd04ae01b7"},"headline":"Bolivia, bienvenida a la Cumbre de los BRICS 2026 Cooperaci\u00f3n India-Bolivia a trav\u00e9s de la plataforma BRICS","datePublished":"2026-09-04T10:39:52+00:00","mainEntityOfPage":{"@id":"https:\/\/www.eldiario.net\/portal\/2026\/09\/04\/bolivia-bienvenida-a-la-cumbre-de-los-brics-2026-cooperacion-india-bolivia-a-traves-de-la-plataforma-brics\/"},"wordCount":850,"publisher":{"@id":"https:\/\/www.eldiario.net\/portal\/#organization"},"image":{"@id":"https:\/\/www.eldiario.net\/portal\/2026\/09\/04\/bolivia-bienvenida-a-la-cumbre-de-los-brics-2026-cooperacion-india-bolivia-a-traves-de-la-plataforma-brics\/#primaryimage"},"thumbnailUrl":"https:\/\/www.eldiario.net\/portal\/wp-content\/uploads\/2026\/09\/Rohit-Vadhwana.webp","articleSection":["Opini\u00f3n"],"inLanguage":"es"},{"@type":"WebPage","@id":"https:\/\/www.eldiario.net\/portal\/2026\/09\/04\/bolivia-bienvenida-a-la-cumbre-de-los-brics-2026-cooperacion-india-bolivia-a-traves-de-la-plataforma-brics\/","url":"https:\/\/www.eldiario.net\/portal\/2026\/09\/04\/bolivia-bienvenida-a-la-cumbre-de-los-brics-2026-cooperacion-india-bolivia-a-traves-de-la-plataforma-brics\/","name":"Bolivia, bienvenida a la Cumbre de los BRICS 2026 Cooperaci\u00f3n India-Bolivia a trav\u00e9s de la plataforma BRICS - El Diario - Bolivia","isPartOf":{"@id":"https:\/\/www.eldiario.net\/portal\/#website"},"primaryImageOfPage":{"@id":"https:\/\/www.eldiario.net\/portal\/2026\/09\/04\/bolivia-bienvenida-a-la-cumbre-de-los-brics-2026-cooperacion-india-bolivia-a-traves-de-la-plataforma-brics\/#primaryimage"},"image":{"@id":"https:\/\/www.eldiario.net\/portal\/2026\/09\/04\/bolivia-bienvenida-a-la-cumbre-de-los-brics-2026-cooperacion-india-bolivia-a-traves-de-la-plataforma-brics\/#primaryimage"},"thumbnailUrl":"https:\/\/www.eldiario.net\/portal\/wp-content\/uploads\/2026\/09\/Rohit-Vadhwana.webp","datePublished":"2026-09-04T10:39:52+00:00","breadcrumb":{"@id":"https:\/\/www.eldiario.net\/portal\/2026\/09\/04\/bolivia-bienvenida-a-la-cumbre-de-los-brics-2026-cooperacion-india-bolivia-a-traves-de-la-plataforma-brics\/#breadcrumb"},"inLanguage":"es","potentialAction":[{"@type":"ReadAction","target":["https:\/\/www.eldiario.net\/portal\/2026\/09\/04\/bolivia-bienvenida-a-la-cumbre-de-los-brics-2026-cooperacion-india-bolivia-a-traves-de-la-plataforma-brics\/"]}]},{"@type":"ImageObject","inLanguage":"es","@id":"https:\/\/www.eldiario.net\/portal\/2026\/09\/04\/bolivia-bienvenida-a-la-cumbre-de-los-brics-2026-cooperacion-india-bolivia-a-traves-de-la-plataforma-brics\/#primaryimage","url":"https:\/\/www.eldiario.net\/portal\/wp-content\/uploads\/2026\/09\/Rohit-Vadhwana.webp","contentUrl":"https:\/\/www.eldiario.net\/portal\/wp-content\/uploads\/2026\/09\/Rohit-Vadhwana.webp","width":413,"height":438,"caption":"Rohit Vadhwana"},{"@type":"BreadcrumbList","@id":"https:\/\/www.eldiario.net\/portal\/2026\/09\/04\/bolivia-bienvenida-a-la-cumbre-de-los-brics-2026-cooperacion-india-bolivia-a-traves-de-la-plataforma-brics\/#breadcrumb","itemListElement":[{"@type":"ListItem","position":1,"name":"Portada","item":"https:\/\/www.eldiario.net\/portal\/"},{"@type":"ListItem","position":2,"name":"Bolivia, bienvenida a la Cumbre de los BRICS 2026 Cooperaci\u00f3n India-Bolivia a trav\u00e9s de la plataforma BRICS"}]},{"@type":"WebSite","@id":"https:\/\/www.eldiario.net\/portal\/#website","url":"https:\/\/www.eldiario.net\/portal\/","name":"El Diario - Decano de la prensa nacional","description":"El Diario - Decano de la prensa nacional","publisher":{"@id":"https:\/\/www.eldiario.net\/portal\/#organization"},"potentialAction":[{"@type":"SearchAction","target":{"@type":"EntryPoint","urlTemplate":"https:\/\/www.eldiario.net\/portal\/?s={search_term_string}"},"query-input":{"@type":"PropertyValueSpecification","valueRequired":true,"valueName":"search_term_string"}}],"inLanguage":"es"},{"@type":"Organization","@id":"https:\/\/www.eldiario.net\/portal\/#organization","name":"El Diario - Decano de la prensa nacional","url":"https:\/\/www.eldiario.net\/portal\/","logo":{"@type":"ImageObject","inLanguage":"es","@id":"https:\/\/www.eldiario.net\/portal\/#\/schema\/logo\/image\/","url":"https:\/\/www.eldiario.net\/portal\/wp-content\/uploads\/2023\/07\/logo_ED.jpg","contentUrl":"https:\/\/www.eldiario.net\/portal\/wp-content\/uploads\/2023\/07\/logo_ED.jpg","width":272,"height":52,"caption":"El Diario - Decano de la prensa nacional"},"image":{"@id":"https:\/\/www.eldiario.net\/portal\/#\/schema\/logo\/image\/"},"sameAs":["https:\/\/www.facebook.com\/eldiario.bolivia\/","https:\/\/x.com\/eldiario_net"]},{"@type":"Person","@id":"https:\/\/www.eldiario.net\/portal\/#\/schema\/person\/f46445640444750d7d753ccd04ae01b7","name":"Jeanette","image":{"@type":"ImageObject","inLanguage":"es","@id":"https:\/\/secure.gravatar.com\/avatar\/3ea2118a5f7dad2b7138b1187a6b7ee55f160b9968b66013c3a3ef39dd7e5798?s=96&d=mm&r=g","url":"https:\/\/secure.gravatar.com\/avatar\/3ea2118a5f7dad2b7138b1187a6b7ee55f160b9968b66013c3a3ef39dd7e5798?s=96&d=mm&r=g","contentUrl":"https:\/\/secure.gravatar.com\/avatar\/3ea2118a5f7dad2b7138b1187a6b7ee55f160b9968b66013c3a3ef39dd7e5798?s=96&d=mm&r=g","caption":"Jeanette"},"sameAs":["https:\/\/www.eldiario.net\/portal"],"url":"https:\/\/www.eldiario.net\/portal\/author\/jeanette\/"}]}},"_links":{"self":[{"href":"https:\/\/www.eldiario.net\/portal\/wp-json\/wp\/v2\/posts\/427635","targetHints":{"allow":["GET"]}}],"collection":[{"href":"https:\/\/www.eldiario.net\/portal\/wp-json\/wp\/v2\/posts"}],"about":[{"href":"https:\/\/www.eldiario.net\/portal\/wp-json\/wp\/v2\/types\/post"}],"author":[{"embeddable":true,"href":"https:\/\/www.eldiario.net\/portal\/wp-json\/wp\/v2\/users\/1"}],"replies":[{"embeddable":true,"href":"https:\/\/www.eldiario.net\/portal\/wp-json\/wp\/v2\/comments?post=427635"}],"version-history":[{"count":1,"href":"https:\/\/www.eldiario.net\/portal\/wp-json\/wp\/v2\/posts\/427635\/revisions"}],"predecessor-version":[{"id":427637,"href":"https:\/\/www.eldiario.net\/portal\/wp-json\/wp\/v2\/posts\/427635\/revisions\/427637"}],"wp:featuredmedia":[{"embeddable":true,"href":"https:\/\/www.eldiario.net\/portal\/wp-json\/wp\/v2\/media\/427636"}],"wp:attachment":[{"href":"https:\/\/www.eldiario.net\/portal\/wp-json\/wp\/v2\/media?parent=427635"}],"wp:term":[{"taxonomy":"category","embeddable":true,"href":"https:\/\/www.eldiario.net\/portal\/wp-json\/wp\/v2\/categories?post=427635"},{"taxonomy":"post_tag","embeddable":true,"href":"https:\/\/www.eldiario.net\/portal\/wp-json\/wp\/v2\/tags?post=427635"}],"curies":[{"name":"wp","href":"https:\/\/api.w.org\/{rel}","templated":true}]}}