{"id":427631,"date":"2026-09-04T06:38:53","date_gmt":"2026-09-04T10:38:53","guid":{"rendered":"https:\/\/www.eldiario.net\/portal\/?p=427631"},"modified":"2026-09-04T06:38:53","modified_gmt":"2026-09-04T10:38:53","slug":"pueblo-moseten-exige-restringir-otorgacion-de-derechos-mineros-2","status":"publish","type":"post","link":"https:\/\/www.eldiario.net\/portal\/2026\/09\/04\/pueblo-moseten-exige-restringir-otorgacion-de-derechos-mineros-2\/","title":{"rendered":"Pueblo Moset\u00e9n exige restringir  otorgaci\u00f3n de derechos mineros"},"content":{"rendered":"<p>El Pueblo Ind\u00edgena Moset\u00e9n de los municipios de Palos Blancos y Cocapata, en La Paz y Cochabamba, respectivamente y con el aval de sus organizaciones, presentaron en las \u00faltimas horas una carta ante la Autoridad Jurisdiccional Administrativa Minera (AJAM) en la que exigen la restricci\u00f3n total en su territorio a la otorgaci\u00f3n de derechos mineros.<br \/>\nPor la importancia de la resoluci\u00f3n N\u00b0 001\/2026 de la TCO Moset\u00e9n (Tierra Comunitaria de Origen) Respeto y Cumplimiento por parte de la AJAM de la demanda de restricci\u00f3n total para la otorgaci\u00f3n de derechos mineros sobre el territorio ind\u00edgena Moset\u00e9n, transcribimos en su integridad el art\u00edculo segundo:<br \/>\n\u201cExigir a la AJAM que, en el marco de sus competencias y en cumplimiento de esta determinaci\u00f3n de la m\u00e1xima instancia de la Jurisdicci\u00f3n Ind\u00edgena Originaria del Pueblo Moset\u00e9n, proceda de manera inmediata a la restricci\u00f3n de toda el \u00e1rea georeferenciada del territorio del Pueblo Ind\u00edgena Moset\u00e9n consignada en los planos entregados a la AJAM en fecha 24 de junio de 2025, suspendiendo y revocando de manera definitiva todo tr\u00e1mite que est\u00e9 en curso, y rechazando toda nueva solicitud de derechos mineros en la totalidad del territorio moset\u00e9n, completando las \u00e1reas que a la fecha no cuentan con restricci\u00f3n\u201d.<br \/>\nAl respecto, Benigno Wasna Miro, presidente de la Organizaci\u00f3n de Pueblos Ind\u00edgenas Mosetenes (OPIM), revel\u00f3 que existen solicitudes para realizar trabajos mineros al interior de ese territorio, pese a que los ind\u00edgenas mosetenes en asamblea determinaron rechazar todo ello y se encuentran adem\u00e1s en tres departamentos: La Paz, Beni y Cochabamba. \u201cLa mayor parte est\u00e1 pues en el municipio de Palos Blancos, en el cual estamos asentados como territorio moset\u00e9n ancestralmente, hay espacios tanto en Cochabamba al lado de Beni\u201d, dijo.<br \/>\nEn referencia al cercano municipio de La Asunta, donde \u00faltimamente los comunarios procedieron a quemar la maquinaria minera que operaba en ese lugar, Huasnamiro consider\u00f3 que la contaminaci\u00f3n que all\u00ed provoca la actividad minera tambi\u00e9n afecta, por v\u00eda fluvial, al municipio de Palos Blancos donde se encuentra la mayor\u00eda del pueblo moset\u00e9n:<br \/>\n\u201cIgualmente all\u00e1 yo creo que hay concesiones mineras que ya se est\u00e1n trabajando, pero tambi\u00e9n llega a afectar al municipio de Palos Blancos porque el r\u00edo (Boopi) atrae y llega y nos afecta totalmente, como all\u00e1 somos productores org\u00e1nicos, a eso m\u00e1s que todo es la petici\u00f3n (ante la AJAM)\u201d, observ\u00f3 el dirigente.<br \/>\nWasna Miro tampoco dej\u00f3 de subrayar la afectaci\u00f3n que por v\u00eda fluvial sufren los pueblos de aguas abajo, \u201cpese que ya digamos en los otros municipios como La Asunta, Cocapata, m\u00e1s arriba que es Cochabamba, ya hay (actividad minera) y el r\u00edo siempre va ser afectado por la transici\u00f3n del r\u00edo que baja al municipio de Palos Blancos, ah\u00ed estamos las diecinueve comunidades que estamos dentro y siempre va haber afectaci\u00f3n de la miner\u00eda\u201d.<br \/>\nDe la misma manera y en referencia a la consulta previa, libre e informada, el dirigente consultado indic\u00f3 que esta no llega a los pueblos ind\u00edgenas afectados, tal como establece la ley. \u201cBueno, all\u00e1 no llega directamente hacia las organizaciones, sino directamente ya presentan las concesiones mineras directamente a la AJAM y sin hacer la consulta previa a los pueblos originarios\u201d, sostuvo.<br \/>\nEn el municipio de Palos Blancos destaca la producci\u00f3n de cacao, banano, c\u00edtricos y arroz, entre otros, donde en su gran mayor\u00eda la producci\u00f3n es org\u00e1nica la cual es es un sistema de cultivo y crianza que cuida la fertilidad de la tierra y la salud del ecosistema sin usar qu\u00edmicos sint\u00e9ticos como pesticidas, fertilizantes artificiales, antibi\u00f3ticos ni organismos modificados en laboratorio, incidiendo en la protecci\u00f3n del agua, el aire y la biodiversidad.<br \/>\nAlgunas comunidades registradas en el municipio de Palos Blancos (Prov. Sud Yungas) son Muchane, Santa Ana de Mosetenes, Covendo, San Pedro de Cogotay, Simay, Inicua Moset\u00e9n, San Jos\u00e9, Playa Verde, Agua Clara y Villa Concepci\u00f3n, en tanto que el municipio de Cocapata (Tercera Secci\u00f3n de la provincia Ayopaya en Cochabamba) registra a la comunidad de Iyo\u2019pa\u00f1i Ipiri.<br \/>\nEn esa l\u00ednea, Pablo Sol\u00f3n, director de la Fundaci\u00f3n Sol\u00f3n, estim\u00f3 que para principios de 2025 exist\u00edan en Bolivia m\u00e1s de 12.500 tr\u00e1mites, \u201cde los cuales un diez por ciento (1.240) ten\u00edan alg\u00fan tipo de contrato minero, 30% eran Autorizaciones Transitorias Especiales (ATEs) que debieron adecuarse a la Ley Minera 535 (4.000) y 60% eran tr\u00e1mites nuevos post Ley Minera 535 de 2014 (7.300)\u201d (\u201cEl laberinto de los derechos mineros\u201d, Pablo Sol\u00f3n, 902\/09\/26, ANA Bolivia).<br \/>\nLegin Mira Chac\u00f3n, presidenta de la Organizaci\u00f3n de la Mujer Ind\u00edgena Moset\u00e9n (OMIM), subray\u00f3 que el tema es amplio y hay mucho para hablar, \u201cyo solo pido que nos ayuden con esta solicitud porque nuestro lugar es \u00e1rea de producci\u00f3n, es agroecol\u00f3gica y nosotros no podemos aceptar que nos sigan pisoteando esa ley (Consulta previa), que a nosotros nos ampara\u201d. (ANA)<\/p>\n<figure id=\"attachment_427632\" aria-describedby=\"caption-attachment-427632\" style=\"width: 805px\" class=\"wp-caption aligncenter\"><img loading=\"lazy\" decoding=\"async\" class=\"size-full wp-image-427632\" src=\"https:\/\/www.eldiario.net\/portal\/wp-content\/uploads\/2026\/09\/11-NAL-COLOR.webp\" alt=\"\" width=\"805\" height=\"387\" srcset=\"https:\/\/www.eldiario.net\/portal\/wp-content\/uploads\/2026\/09\/11-NAL-COLOR.webp 805w, https:\/\/www.eldiario.net\/portal\/wp-content\/uploads\/2026\/09\/11-NAL-COLOR-300x144.webp 300w, https:\/\/www.eldiario.net\/portal\/wp-content\/uploads\/2026\/09\/11-NAL-COLOR-768x369.webp 768w, https:\/\/www.eldiario.net\/portal\/wp-content\/uploads\/2026\/09\/11-NAL-COLOR-150x72.webp 150w, https:\/\/www.eldiario.net\/portal\/wp-content\/uploads\/2026\/09\/11-NAL-COLOR-696x335.webp 696w\" sizes=\"auto, (max-width: 805px) 100vw, 805px\" \/><figcaption id=\"caption-attachment-427632\" class=\"wp-caption-text\">Palos Blancos y su belleza.<\/figcaption><\/figure>\n","protected":false},"excerpt":{"rendered":"<p>El Pueblo Ind\u00edgena Moset\u00e9n de los municipios de Palos Blancos y Cocapata, en La Paz y Cochabamba, respectivamente y con el aval de sus organizaciones, presentaron en las \u00faltimas horas una carta ante la Autoridad Jurisdiccional Administrativa Minera (AJAM) en la que exigen la restricci\u00f3n total en su territorio a la otorgaci\u00f3n de derechos mineros. [&hellip;]<\/p>\n","protected":false},"author":1,"featured_media":427633,"comment_status":"closed","ping_status":"open","sticky":false,"template":"","format":"standard","meta":{"_acf_changed":false,"footnotes":""},"categories":[12],"tags":[],"class_list":["post-427631","post","type-post","status-publish","format-standard","has-post-thumbnail","category-nacional"],"acf":{"antetitulo":""},"yoast_head":"<!-- This site is optimized with the Yoast SEO plugin v28.4 - https:\/\/yoast.com\/product\/yoast-seo-wordpress\/ -->\n<title>Pueblo Moset\u00e9n exige restringir otorgaci\u00f3n de derechos mineros - El Diario - Bolivia<\/title>\n<meta name=\"robots\" content=\"index, follow, max-snippet:-1, max-image-preview:large, max-video-preview:-1\" \/>\n<link rel=\"canonical\" href=\"https:\/\/www.eldiario.net\/portal\/2026\/09\/04\/pueblo-moseten-exige-restringir-otorgacion-de-derechos-mineros-2\/\" \/>\n<meta property=\"og:locale\" content=\"es_ES\" \/>\n<meta property=\"og:type\" content=\"article\" \/>\n<meta property=\"og:title\" content=\"Pueblo Moset\u00e9n exige restringir otorgaci\u00f3n de derechos mineros - El Diario - Bolivia\" \/>\n<meta property=\"og:description\" content=\"El Pueblo Ind\u00edgena Moset\u00e9n de los municipios de Palos Blancos y Cocapata, en La Paz y Cochabamba, respectivamente y con el aval de sus organizaciones, presentaron en las \u00faltimas horas una carta ante la Autoridad Jurisdiccional Administrativa Minera (AJAM) en la que exigen la restricci\u00f3n total en su territorio a la otorgaci\u00f3n de derechos mineros. [&hellip;]\" \/>\n<meta property=\"og:url\" content=\"https:\/\/www.eldiario.net\/portal\/2026\/09\/04\/pueblo-moseten-exige-restringir-otorgacion-de-derechos-mineros-2\/\" \/>\n<meta property=\"og:site_name\" content=\"El Diario - Bolivia\" \/>\n<meta property=\"article:publisher\" content=\"https:\/\/www.facebook.com\/eldiario.bolivia\/\" \/>\n<meta property=\"article:published_time\" content=\"2026-09-04T10:38:53+00:00\" \/>\n<meta property=\"og:image\" content=\"https:\/\/www.eldiario.net\/portal\/wp-content\/uploads\/2026\/09\/10-NAL-COLOR-.webp\" \/>\n\t<meta property=\"og:image:width\" content=\"750\" \/>\n\t<meta property=\"og:image:height\" content=\"375\" \/>\n\t<meta property=\"og:image:type\" content=\"image\/webp\" \/>\n<meta name=\"author\" content=\"Jeanette\" \/>\n<meta name=\"twitter:card\" content=\"summary_large_image\" \/>\n<meta name=\"twitter:creator\" content=\"@eldiario_net\" \/>\n<meta name=\"twitter:site\" content=\"@eldiario_net\" \/>\n<meta name=\"twitter:label1\" content=\"Escrito por\" \/>\n\t<meta name=\"twitter:data1\" content=\"Jeanette\" \/>\n\t<meta name=\"twitter:label2\" content=\"Tiempo de lectura\" \/>\n\t<meta name=\"twitter:data2\" content=\"5 minutos\" \/>\n<script type=\"application\/ld+json\" class=\"yoast-schema-graph\">{\"@context\":\"https:\\\/\\\/schema.org\",\"@graph\":[{\"@type\":\"Article\",\"@id\":\"https:\\\/\\\/www.eldiario.net\\\/portal\\\/2026\\\/09\\\/04\\\/pueblo-moseten-exige-restringir-otorgacion-de-derechos-mineros-2\\\/#article\",\"isPartOf\":{\"@id\":\"https:\\\/\\\/www.eldiario.net\\\/portal\\\/2026\\\/09\\\/04\\\/pueblo-moseten-exige-restringir-otorgacion-de-derechos-mineros-2\\\/\"},\"author\":{\"name\":\"Jeanette\",\"@id\":\"https:\\\/\\\/www.eldiario.net\\\/portal\\\/#\\\/schema\\\/person\\\/f46445640444750d7d753ccd04ae01b7\"},\"headline\":\"Pueblo Moset\u00e9n exige restringir otorgaci\u00f3n de derechos mineros\",\"datePublished\":\"2026-09-04T10:38:53+00:00\",\"mainEntityOfPage\":{\"@id\":\"https:\\\/\\\/www.eldiario.net\\\/portal\\\/2026\\\/09\\\/04\\\/pueblo-moseten-exige-restringir-otorgacion-de-derechos-mineros-2\\\/\"},\"wordCount\":876,\"publisher\":{\"@id\":\"https:\\\/\\\/www.eldiario.net\\\/portal\\\/#organization\"},\"image\":{\"@id\":\"https:\\\/\\\/www.eldiario.net\\\/portal\\\/2026\\\/09\\\/04\\\/pueblo-moseten-exige-restringir-otorgacion-de-derechos-mineros-2\\\/#primaryimage\"},\"thumbnailUrl\":\"https:\\\/\\\/www.eldiario.net\\\/portal\\\/wp-content\\\/uploads\\\/2026\\\/09\\\/10-NAL-COLOR-.webp\",\"articleSection\":[\"Nacional\"],\"inLanguage\":\"es\"},{\"@type\":\"WebPage\",\"@id\":\"https:\\\/\\\/www.eldiario.net\\\/portal\\\/2026\\\/09\\\/04\\\/pueblo-moseten-exige-restringir-otorgacion-de-derechos-mineros-2\\\/\",\"url\":\"https:\\\/\\\/www.eldiario.net\\\/portal\\\/2026\\\/09\\\/04\\\/pueblo-moseten-exige-restringir-otorgacion-de-derechos-mineros-2\\\/\",\"name\":\"Pueblo Moset\u00e9n exige restringir otorgaci\u00f3n de derechos mineros - El Diario - Bolivia\",\"isPartOf\":{\"@id\":\"https:\\\/\\\/www.eldiario.net\\\/portal\\\/#website\"},\"primaryImageOfPage\":{\"@id\":\"https:\\\/\\\/www.eldiario.net\\\/portal\\\/2026\\\/09\\\/04\\\/pueblo-moseten-exige-restringir-otorgacion-de-derechos-mineros-2\\\/#primaryimage\"},\"image\":{\"@id\":\"https:\\\/\\\/www.eldiario.net\\\/portal\\\/2026\\\/09\\\/04\\\/pueblo-moseten-exige-restringir-otorgacion-de-derechos-mineros-2\\\/#primaryimage\"},\"thumbnailUrl\":\"https:\\\/\\\/www.eldiario.net\\\/portal\\\/wp-content\\\/uploads\\\/2026\\\/09\\\/10-NAL-COLOR-.webp\",\"datePublished\":\"2026-09-04T10:38:53+00:00\",\"breadcrumb\":{\"@id\":\"https:\\\/\\\/www.eldiario.net\\\/portal\\\/2026\\\/09\\\/04\\\/pueblo-moseten-exige-restringir-otorgacion-de-derechos-mineros-2\\\/#breadcrumb\"},\"inLanguage\":\"es\",\"potentialAction\":[{\"@type\":\"ReadAction\",\"target\":[\"https:\\\/\\\/www.eldiario.net\\\/portal\\\/2026\\\/09\\\/04\\\/pueblo-moseten-exige-restringir-otorgacion-de-derechos-mineros-2\\\/\"]}]},{\"@type\":\"ImageObject\",\"inLanguage\":\"es\",\"@id\":\"https:\\\/\\\/www.eldiario.net\\\/portal\\\/2026\\\/09\\\/04\\\/pueblo-moseten-exige-restringir-otorgacion-de-derechos-mineros-2\\\/#primaryimage\",\"url\":\"https:\\\/\\\/www.eldiario.net\\\/portal\\\/wp-content\\\/uploads\\\/2026\\\/09\\\/10-NAL-COLOR-.webp\",\"contentUrl\":\"https:\\\/\\\/www.eldiario.net\\\/portal\\\/wp-content\\\/uploads\\\/2026\\\/09\\\/10-NAL-COLOR-.webp\",\"width\":750,\"height\":375,\"caption\":\"Representantes del pueblo moset\u00e9n.\"},{\"@type\":\"BreadcrumbList\",\"@id\":\"https:\\\/\\\/www.eldiario.net\\\/portal\\\/2026\\\/09\\\/04\\\/pueblo-moseten-exige-restringir-otorgacion-de-derechos-mineros-2\\\/#breadcrumb\",\"itemListElement\":[{\"@type\":\"ListItem\",\"position\":1,\"name\":\"Portada\",\"item\":\"https:\\\/\\\/www.eldiario.net\\\/portal\\\/\"},{\"@type\":\"ListItem\",\"position\":2,\"name\":\"Pueblo Moset\u00e9n exige restringir otorgaci\u00f3n de derechos mineros\"}]},{\"@type\":\"WebSite\",\"@id\":\"https:\\\/\\\/www.eldiario.net\\\/portal\\\/#website\",\"url\":\"https:\\\/\\\/www.eldiario.net\\\/portal\\\/\",\"name\":\"El Diario - Decano de la prensa nacional\",\"description\":\"El Diario - Decano de la prensa nacional\",\"publisher\":{\"@id\":\"https:\\\/\\\/www.eldiario.net\\\/portal\\\/#organization\"},\"potentialAction\":[{\"@type\":\"SearchAction\",\"target\":{\"@type\":\"EntryPoint\",\"urlTemplate\":\"https:\\\/\\\/www.eldiario.net\\\/portal\\\/?s={search_term_string}\"},\"query-input\":{\"@type\":\"PropertyValueSpecification\",\"valueRequired\":true,\"valueName\":\"search_term_string\"}}],\"inLanguage\":\"es\"},{\"@type\":\"Organization\",\"@id\":\"https:\\\/\\\/www.eldiario.net\\\/portal\\\/#organization\",\"name\":\"El Diario - Decano de la prensa nacional\",\"url\":\"https:\\\/\\\/www.eldiario.net\\\/portal\\\/\",\"logo\":{\"@type\":\"ImageObject\",\"inLanguage\":\"es\",\"@id\":\"https:\\\/\\\/www.eldiario.net\\\/portal\\\/#\\\/schema\\\/logo\\\/image\\\/\",\"url\":\"https:\\\/\\\/www.eldiario.net\\\/portal\\\/wp-content\\\/uploads\\\/2023\\\/07\\\/logo_ED.jpg\",\"contentUrl\":\"https:\\\/\\\/www.eldiario.net\\\/portal\\\/wp-content\\\/uploads\\\/2023\\\/07\\\/logo_ED.jpg\",\"width\":272,\"height\":52,\"caption\":\"El Diario - Decano de la prensa nacional\"},\"image\":{\"@id\":\"https:\\\/\\\/www.eldiario.net\\\/portal\\\/#\\\/schema\\\/logo\\\/image\\\/\"},\"sameAs\":[\"https:\\\/\\\/www.facebook.com\\\/eldiario.bolivia\\\/\",\"https:\\\/\\\/x.com\\\/eldiario_net\"]},{\"@type\":\"Person\",\"@id\":\"https:\\\/\\\/www.eldiario.net\\\/portal\\\/#\\\/schema\\\/person\\\/f46445640444750d7d753ccd04ae01b7\",\"name\":\"Jeanette\",\"image\":{\"@type\":\"ImageObject\",\"inLanguage\":\"es\",\"@id\":\"https:\\\/\\\/secure.gravatar.com\\\/avatar\\\/3ea2118a5f7dad2b7138b1187a6b7ee55f160b9968b66013c3a3ef39dd7e5798?s=96&d=mm&r=g\",\"url\":\"https:\\\/\\\/secure.gravatar.com\\\/avatar\\\/3ea2118a5f7dad2b7138b1187a6b7ee55f160b9968b66013c3a3ef39dd7e5798?s=96&d=mm&r=g\",\"contentUrl\":\"https:\\\/\\\/secure.gravatar.com\\\/avatar\\\/3ea2118a5f7dad2b7138b1187a6b7ee55f160b9968b66013c3a3ef39dd7e5798?s=96&d=mm&r=g\",\"caption\":\"Jeanette\"},\"sameAs\":[\"https:\\\/\\\/www.eldiario.net\\\/portal\"],\"url\":\"https:\\\/\\\/www.eldiario.net\\\/portal\\\/author\\\/jeanette\\\/\"}]}<\/script>\n<!-- \/ Yoast SEO plugin. -->","yoast_head_json":{"title":"Pueblo Moset\u00e9n exige restringir otorgaci\u00f3n de derechos mineros - El Diario - Bolivia","robots":{"index":"index","follow":"follow","max-snippet":"max-snippet:-1","max-image-preview":"max-image-preview:large","max-video-preview":"max-video-preview:-1"},"canonical":"https:\/\/www.eldiario.net\/portal\/2026\/09\/04\/pueblo-moseten-exige-restringir-otorgacion-de-derechos-mineros-2\/","og_locale":"es_ES","og_type":"article","og_title":"Pueblo Moset\u00e9n exige restringir otorgaci\u00f3n de derechos mineros - El Diario - Bolivia","og_description":"El Pueblo Ind\u00edgena Moset\u00e9n de los municipios de Palos Blancos y Cocapata, en La Paz y Cochabamba, respectivamente y con el aval de sus organizaciones, presentaron en las \u00faltimas horas una carta ante la Autoridad Jurisdiccional Administrativa Minera (AJAM) en la que exigen la restricci\u00f3n total en su territorio a la otorgaci\u00f3n de derechos mineros. [&hellip;]","og_url":"https:\/\/www.eldiario.net\/portal\/2026\/09\/04\/pueblo-moseten-exige-restringir-otorgacion-de-derechos-mineros-2\/","og_site_name":"El Diario - Bolivia","article_publisher":"https:\/\/www.facebook.com\/eldiario.bolivia\/","article_published_time":"2026-09-04T10:38:53+00:00","og_image":[{"width":750,"height":375,"url":"https:\/\/www.eldiario.net\/portal\/wp-content\/uploads\/2026\/09\/10-NAL-COLOR-.webp","type":"image\/webp"}],"author":"Jeanette","twitter_card":"summary_large_image","twitter_creator":"@eldiario_net","twitter_site":"@eldiario_net","twitter_misc":{"Escrito por":"Jeanette","Tiempo de lectura":"5 minutos"},"schema":{"@context":"https:\/\/schema.org","@graph":[{"@type":"Article","@id":"https:\/\/www.eldiario.net\/portal\/2026\/09\/04\/pueblo-moseten-exige-restringir-otorgacion-de-derechos-mineros-2\/#article","isPartOf":{"@id":"https:\/\/www.eldiario.net\/portal\/2026\/09\/04\/pueblo-moseten-exige-restringir-otorgacion-de-derechos-mineros-2\/"},"author":{"name":"Jeanette","@id":"https:\/\/www.eldiario.net\/portal\/#\/schema\/person\/f46445640444750d7d753ccd04ae01b7"},"headline":"Pueblo Moset\u00e9n exige restringir otorgaci\u00f3n de derechos mineros","datePublished":"2026-09-04T10:38:53+00:00","mainEntityOfPage":{"@id":"https:\/\/www.eldiario.net\/portal\/2026\/09\/04\/pueblo-moseten-exige-restringir-otorgacion-de-derechos-mineros-2\/"},"wordCount":876,"publisher":{"@id":"https:\/\/www.eldiario.net\/portal\/#organization"},"image":{"@id":"https:\/\/www.eldiario.net\/portal\/2026\/09\/04\/pueblo-moseten-exige-restringir-otorgacion-de-derechos-mineros-2\/#primaryimage"},"thumbnailUrl":"https:\/\/www.eldiario.net\/portal\/wp-content\/uploads\/2026\/09\/10-NAL-COLOR-.webp","articleSection":["Nacional"],"inLanguage":"es"},{"@type":"WebPage","@id":"https:\/\/www.eldiario.net\/portal\/2026\/09\/04\/pueblo-moseten-exige-restringir-otorgacion-de-derechos-mineros-2\/","url":"https:\/\/www.eldiario.net\/portal\/2026\/09\/04\/pueblo-moseten-exige-restringir-otorgacion-de-derechos-mineros-2\/","name":"Pueblo Moset\u00e9n exige restringir otorgaci\u00f3n de derechos mineros - El Diario - Bolivia","isPartOf":{"@id":"https:\/\/www.eldiario.net\/portal\/#website"},"primaryImageOfPage":{"@id":"https:\/\/www.eldiario.net\/portal\/2026\/09\/04\/pueblo-moseten-exige-restringir-otorgacion-de-derechos-mineros-2\/#primaryimage"},"image":{"@id":"https:\/\/www.eldiario.net\/portal\/2026\/09\/04\/pueblo-moseten-exige-restringir-otorgacion-de-derechos-mineros-2\/#primaryimage"},"thumbnailUrl":"https:\/\/www.eldiario.net\/portal\/wp-content\/uploads\/2026\/09\/10-NAL-COLOR-.webp","datePublished":"2026-09-04T10:38:53+00:00","breadcrumb":{"@id":"https:\/\/www.eldiario.net\/portal\/2026\/09\/04\/pueblo-moseten-exige-restringir-otorgacion-de-derechos-mineros-2\/#breadcrumb"},"inLanguage":"es","potentialAction":[{"@type":"ReadAction","target":["https:\/\/www.eldiario.net\/portal\/2026\/09\/04\/pueblo-moseten-exige-restringir-otorgacion-de-derechos-mineros-2\/"]}]},{"@type":"ImageObject","inLanguage":"es","@id":"https:\/\/www.eldiario.net\/portal\/2026\/09\/04\/pueblo-moseten-exige-restringir-otorgacion-de-derechos-mineros-2\/#primaryimage","url":"https:\/\/www.eldiario.net\/portal\/wp-content\/uploads\/2026\/09\/10-NAL-COLOR-.webp","contentUrl":"https:\/\/www.eldiario.net\/portal\/wp-content\/uploads\/2026\/09\/10-NAL-COLOR-.webp","width":750,"height":375,"caption":"Representantes del pueblo moset\u00e9n."},{"@type":"BreadcrumbList","@id":"https:\/\/www.eldiario.net\/portal\/2026\/09\/04\/pueblo-moseten-exige-restringir-otorgacion-de-derechos-mineros-2\/#breadcrumb","itemListElement":[{"@type":"ListItem","position":1,"name":"Portada","item":"https:\/\/www.eldiario.net\/portal\/"},{"@type":"ListItem","position":2,"name":"Pueblo Moset\u00e9n exige restringir otorgaci\u00f3n de derechos mineros"}]},{"@type":"WebSite","@id":"https:\/\/www.eldiario.net\/portal\/#website","url":"https:\/\/www.eldiario.net\/portal\/","name":"El Diario - Decano de la prensa nacional","description":"El Diario - Decano de la prensa nacional","publisher":{"@id":"https:\/\/www.eldiario.net\/portal\/#organization"},"potentialAction":[{"@type":"SearchAction","target":{"@type":"EntryPoint","urlTemplate":"https:\/\/www.eldiario.net\/portal\/?s={search_term_string}"},"query-input":{"@type":"PropertyValueSpecification","valueRequired":true,"valueName":"search_term_string"}}],"inLanguage":"es"},{"@type":"Organization","@id":"https:\/\/www.eldiario.net\/portal\/#organization","name":"El Diario - Decano de la prensa nacional","url":"https:\/\/www.eldiario.net\/portal\/","logo":{"@type":"ImageObject","inLanguage":"es","@id":"https:\/\/www.eldiario.net\/portal\/#\/schema\/logo\/image\/","url":"https:\/\/www.eldiario.net\/portal\/wp-content\/uploads\/2023\/07\/logo_ED.jpg","contentUrl":"https:\/\/www.eldiario.net\/portal\/wp-content\/uploads\/2023\/07\/logo_ED.jpg","width":272,"height":52,"caption":"El Diario - Decano de la prensa nacional"},"image":{"@id":"https:\/\/www.eldiario.net\/portal\/#\/schema\/logo\/image\/"},"sameAs":["https:\/\/www.facebook.com\/eldiario.bolivia\/","https:\/\/x.com\/eldiario_net"]},{"@type":"Person","@id":"https:\/\/www.eldiario.net\/portal\/#\/schema\/person\/f46445640444750d7d753ccd04ae01b7","name":"Jeanette","image":{"@type":"ImageObject","inLanguage":"es","@id":"https:\/\/secure.gravatar.com\/avatar\/3ea2118a5f7dad2b7138b1187a6b7ee55f160b9968b66013c3a3ef39dd7e5798?s=96&d=mm&r=g","url":"https:\/\/secure.gravatar.com\/avatar\/3ea2118a5f7dad2b7138b1187a6b7ee55f160b9968b66013c3a3ef39dd7e5798?s=96&d=mm&r=g","contentUrl":"https:\/\/secure.gravatar.com\/avatar\/3ea2118a5f7dad2b7138b1187a6b7ee55f160b9968b66013c3a3ef39dd7e5798?s=96&d=mm&r=g","caption":"Jeanette"},"sameAs":["https:\/\/www.eldiario.net\/portal"],"url":"https:\/\/www.eldiario.net\/portal\/author\/jeanette\/"}]}},"_links":{"self":[{"href":"https:\/\/www.eldiario.net\/portal\/wp-json\/wp\/v2\/posts\/427631","targetHints":{"allow":["GET"]}}],"collection":[{"href":"https:\/\/www.eldiario.net\/portal\/wp-json\/wp\/v2\/posts"}],"about":[{"href":"https:\/\/www.eldiario.net\/portal\/wp-json\/wp\/v2\/types\/post"}],"author":[{"embeddable":true,"href":"https:\/\/www.eldiario.net\/portal\/wp-json\/wp\/v2\/users\/1"}],"replies":[{"embeddable":true,"href":"https:\/\/www.eldiario.net\/portal\/wp-json\/wp\/v2\/comments?post=427631"}],"version-history":[{"count":1,"href":"https:\/\/www.eldiario.net\/portal\/wp-json\/wp\/v2\/posts\/427631\/revisions"}],"predecessor-version":[{"id":427634,"href":"https:\/\/www.eldiario.net\/portal\/wp-json\/wp\/v2\/posts\/427631\/revisions\/427634"}],"wp:featuredmedia":[{"embeddable":true,"href":"https:\/\/www.eldiario.net\/portal\/wp-json\/wp\/v2\/media\/427633"}],"wp:attachment":[{"href":"https:\/\/www.eldiario.net\/portal\/wp-json\/wp\/v2\/media?parent=427631"}],"wp:term":[{"taxonomy":"category","embeddable":true,"href":"https:\/\/www.eldiario.net\/portal\/wp-json\/wp\/v2\/categories?post=427631"},{"taxonomy":"post_tag","embeddable":true,"href":"https:\/\/www.eldiario.net\/portal\/wp-json\/wp\/v2\/tags?post=427631"}],"curies":[{"name":"wp","href":"https:\/\/api.w.org\/{rel}","templated":true}]}}