{"id":427628,"date":"2026-09-04T06:38:03","date_gmt":"2026-09-04T10:38:03","guid":{"rendered":"https:\/\/www.eldiario.net\/portal\/?p=427628"},"modified":"2026-09-04T06:38:03","modified_gmt":"2026-09-04T10:38:03","slug":"universitarios-levantan-bloqueo-en-ruta-cochabamba-santa-cruz","status":"publish","type":"post","link":"https:\/\/www.eldiario.net\/portal\/2026\/09\/04\/universitarios-levantan-bloqueo-en-ruta-cochabamba-santa-cruz\/","title":{"rendered":"Universitarios levantan bloqueo en ruta Cochabamba-Santa Cruz"},"content":{"rendered":"<p>Estudiantes de la Universidad Ind\u00edgena Boliviana \u201cCasimiro Huanca\u201d (Unibol Quechua) levantaron ayer cerca de las 17:00 horas el bloqueo instalado en la carretera nueva Cochabamba-Santa Cruz, a la altura de Senda 2, en el municipio de Chimor\u00e9, y declararon un cuarto intermedio hasta la pr\u00f3xima semana.<br \/>\nLa medida de presi\u00f3n se mantuvo durante varias horas y provoc\u00f3 la interrupci\u00f3n del tr\u00e1nsito en la v\u00eda interdepartamental. Los universitarios exigen la presencia de autoridades del Ministerio de Educaci\u00f3n para instalar una mesa de di\u00e1logo y exponer los problemas institucionales y econ\u00f3micos que, seg\u00fan denunciaron, atraviesa la casa de estudios.<br \/>\nUno de los dirigentes de los movilizados explic\u00f3 que el sector busca hacer conocer su situaci\u00f3n al titular de Educaci\u00f3n y cuestion\u00f3 la gesti\u00f3n del actual rector de la universidad.<br \/>\n\u201cPedimos derecho al estudio, queremos hacer conocer al ministro de Educaci\u00f3n. Esta es la \u00fanica forma de hacer conocer que nuestra universidad est\u00e1 teniendo problemas econ\u00f3micos luego de que nos han impuesto a este nuevo rector\u201d, manifest\u00f3.<br \/>\nLos estudiantes solicitaron que representantes del Ministerio de Educaci\u00f3n se trasladen hasta la universidad para atender sus demandas y establecer un espacio de negociaci\u00f3n. Advirtieron que, si no reciben una respuesta favorable durante los pr\u00f3ximos d\u00edas, retomar\u00e1n las medidas de presi\u00f3n.<br \/>\n\u201cPedimos que el ministro de Educaci\u00f3n venga a nuestra casa de estudios. Caso contrario, vamos a continuar con las medidas de presi\u00f3n\u201d, se\u00f1al\u00f3 otro representante del sector, quien adem\u00e1s ofreci\u00f3 disculpas a las personas afectadas por la interrupci\u00f3n del tr\u00e1nsito.<br \/>\nLos universitarios anunciaron que el cuarto intermedio se mantendr\u00e1 hasta la pr\u00f3xima semana, per\u00edodo en el que esperan una convocatoria o la presencia de las autoridades educativas. En caso contrario, anticiparon que podr\u00edan reinstalar el bloqueo de manera indefinida. (Cochabamba, agencias)<\/p>\n","protected":false},"excerpt":{"rendered":"<p>Estudiantes de la Universidad Ind\u00edgena Boliviana \u201cCasimiro Huanca\u201d (Unibol Quechua) levantaron ayer cerca de las 17:00 horas el bloqueo instalado en la carretera nueva Cochabamba-Santa Cruz, a la altura de Senda 2, en el municipio de Chimor\u00e9, y declararon un cuarto intermedio hasta la pr\u00f3xima semana. La medida de presi\u00f3n se mantuvo durante varias horas [&hellip;]<\/p>\n","protected":false},"author":1,"featured_media":427629,"comment_status":"closed","ping_status":"open","sticky":false,"template":"","format":"standard","meta":{"_acf_changed":false,"footnotes":""},"categories":[12],"tags":[],"class_list":["post-427628","post","type-post","status-publish","format-standard","has-post-thumbnail","category-nacional"],"acf":{"antetitulo":""},"yoast_head":"<!-- This site is optimized with the Yoast SEO plugin v28.4 - https:\/\/yoast.com\/product\/yoast-seo-wordpress\/ -->\n<title>Universitarios levantan bloqueo en ruta Cochabamba-Santa Cruz - El Diario - Bolivia<\/title>\n<meta name=\"robots\" content=\"index, follow, max-snippet:-1, max-image-preview:large, max-video-preview:-1\" \/>\n<link rel=\"canonical\" href=\"https:\/\/www.eldiario.net\/portal\/2026\/09\/04\/universitarios-levantan-bloqueo-en-ruta-cochabamba-santa-cruz\/\" \/>\n<meta property=\"og:locale\" content=\"es_ES\" \/>\n<meta property=\"og:type\" content=\"article\" \/>\n<meta property=\"og:title\" content=\"Universitarios levantan bloqueo en ruta Cochabamba-Santa Cruz - El Diario - Bolivia\" \/>\n<meta property=\"og:description\" content=\"Estudiantes de la Universidad Ind\u00edgena Boliviana \u201cCasimiro Huanca\u201d (Unibol Quechua) levantaron ayer cerca de las 17:00 horas el bloqueo instalado en la carretera nueva Cochabamba-Santa Cruz, a la altura de Senda 2, en el municipio de Chimor\u00e9, y declararon un cuarto intermedio hasta la pr\u00f3xima semana. La medida de presi\u00f3n se mantuvo durante varias horas [&hellip;]\" \/>\n<meta property=\"og:url\" content=\"https:\/\/www.eldiario.net\/portal\/2026\/09\/04\/universitarios-levantan-bloqueo-en-ruta-cochabamba-santa-cruz\/\" \/>\n<meta property=\"og:site_name\" content=\"El Diario - Bolivia\" \/>\n<meta property=\"article:publisher\" content=\"https:\/\/www.facebook.com\/eldiario.bolivia\/\" \/>\n<meta property=\"article:published_time\" content=\"2026-09-04T10:38:03+00:00\" \/>\n<meta property=\"og:image\" content=\"https:\/\/www.eldiario.net\/portal\/wp-content\/uploads\/2026\/09\/13-NAL-COLOR-1.webp\" \/>\n\t<meta property=\"og:image:width\" content=\"1024\" \/>\n\t<meta property=\"og:image:height\" content=\"436\" \/>\n\t<meta property=\"og:image:type\" content=\"image\/webp\" \/>\n<meta name=\"author\" content=\"Jeanette\" \/>\n<meta name=\"twitter:card\" content=\"summary_large_image\" \/>\n<meta name=\"twitter:creator\" content=\"@eldiario_net\" \/>\n<meta name=\"twitter:site\" content=\"@eldiario_net\" \/>\n<meta name=\"twitter:label1\" content=\"Escrito por\" \/>\n\t<meta name=\"twitter:data1\" content=\"Jeanette\" \/>\n\t<meta name=\"twitter:label2\" content=\"Tiempo de lectura\" \/>\n\t<meta name=\"twitter:data2\" content=\"2 minutos\" \/>\n<script type=\"application\/ld+json\" class=\"yoast-schema-graph\">{\"@context\":\"https:\\\/\\\/schema.org\",\"@graph\":[{\"@type\":\"Article\",\"@id\":\"https:\\\/\\\/www.eldiario.net\\\/portal\\\/2026\\\/09\\\/04\\\/universitarios-levantan-bloqueo-en-ruta-cochabamba-santa-cruz\\\/#article\",\"isPartOf\":{\"@id\":\"https:\\\/\\\/www.eldiario.net\\\/portal\\\/2026\\\/09\\\/04\\\/universitarios-levantan-bloqueo-en-ruta-cochabamba-santa-cruz\\\/\"},\"author\":{\"name\":\"Jeanette\",\"@id\":\"https:\\\/\\\/www.eldiario.net\\\/portal\\\/#\\\/schema\\\/person\\\/2c57cf2b7a7ae032e449e4c9b1019eac\"},\"headline\":\"Universitarios levantan bloqueo en ruta Cochabamba-Santa Cruz\",\"datePublished\":\"2026-09-04T10:38:03+00:00\",\"mainEntityOfPage\":{\"@id\":\"https:\\\/\\\/www.eldiario.net\\\/portal\\\/2026\\\/09\\\/04\\\/universitarios-levantan-bloqueo-en-ruta-cochabamba-santa-cruz\\\/\"},\"wordCount\":321,\"publisher\":{\"@id\":\"https:\\\/\\\/www.eldiario.net\\\/portal\\\/#organization\"},\"image\":{\"@id\":\"https:\\\/\\\/www.eldiario.net\\\/portal\\\/2026\\\/09\\\/04\\\/universitarios-levantan-bloqueo-en-ruta-cochabamba-santa-cruz\\\/#primaryimage\"},\"thumbnailUrl\":\"https:\\\/\\\/www.eldiario.net\\\/portal\\\/wp-content\\\/uploads\\\/2026\\\/09\\\/13-NAL-COLOR-1.webp\",\"articleSection\":[\"Nacional\"],\"inLanguage\":\"es\"},{\"@type\":\"WebPage\",\"@id\":\"https:\\\/\\\/www.eldiario.net\\\/portal\\\/2026\\\/09\\\/04\\\/universitarios-levantan-bloqueo-en-ruta-cochabamba-santa-cruz\\\/\",\"url\":\"https:\\\/\\\/www.eldiario.net\\\/portal\\\/2026\\\/09\\\/04\\\/universitarios-levantan-bloqueo-en-ruta-cochabamba-santa-cruz\\\/\",\"name\":\"Universitarios levantan bloqueo en ruta Cochabamba-Santa Cruz - El Diario - Bolivia\",\"isPartOf\":{\"@id\":\"https:\\\/\\\/www.eldiario.net\\\/portal\\\/#website\"},\"primaryImageOfPage\":{\"@id\":\"https:\\\/\\\/www.eldiario.net\\\/portal\\\/2026\\\/09\\\/04\\\/universitarios-levantan-bloqueo-en-ruta-cochabamba-santa-cruz\\\/#primaryimage\"},\"image\":{\"@id\":\"https:\\\/\\\/www.eldiario.net\\\/portal\\\/2026\\\/09\\\/04\\\/universitarios-levantan-bloqueo-en-ruta-cochabamba-santa-cruz\\\/#primaryimage\"},\"thumbnailUrl\":\"https:\\\/\\\/www.eldiario.net\\\/portal\\\/wp-content\\\/uploads\\\/2026\\\/09\\\/13-NAL-COLOR-1.webp\",\"datePublished\":\"2026-09-04T10:38:03+00:00\",\"breadcrumb\":{\"@id\":\"https:\\\/\\\/www.eldiario.net\\\/portal\\\/2026\\\/09\\\/04\\\/universitarios-levantan-bloqueo-en-ruta-cochabamba-santa-cruz\\\/#breadcrumb\"},\"inLanguage\":\"es\",\"potentialAction\":[{\"@type\":\"ReadAction\",\"target\":[\"https:\\\/\\\/www.eldiario.net\\\/portal\\\/2026\\\/09\\\/04\\\/universitarios-levantan-bloqueo-en-ruta-cochabamba-santa-cruz\\\/\"]}]},{\"@type\":\"ImageObject\",\"inLanguage\":\"es\",\"@id\":\"https:\\\/\\\/www.eldiario.net\\\/portal\\\/2026\\\/09\\\/04\\\/universitarios-levantan-bloqueo-en-ruta-cochabamba-santa-cruz\\\/#primaryimage\",\"url\":\"https:\\\/\\\/www.eldiario.net\\\/portal\\\/wp-content\\\/uploads\\\/2026\\\/09\\\/13-NAL-COLOR-1.webp\",\"contentUrl\":\"https:\\\/\\\/www.eldiario.net\\\/portal\\\/wp-content\\\/uploads\\\/2026\\\/09\\\/13-NAL-COLOR-1.webp\",\"width\":1024,\"height\":436,\"caption\":\"Estudiantes de Unibol bloquearon ayer por varias horas la ruta Cochabamba-Santa Cruz.\"},{\"@type\":\"BreadcrumbList\",\"@id\":\"https:\\\/\\\/www.eldiario.net\\\/portal\\\/2026\\\/09\\\/04\\\/universitarios-levantan-bloqueo-en-ruta-cochabamba-santa-cruz\\\/#breadcrumb\",\"itemListElement\":[{\"@type\":\"ListItem\",\"position\":1,\"name\":\"Portada\",\"item\":\"https:\\\/\\\/www.eldiario.net\\\/portal\\\/\"},{\"@type\":\"ListItem\",\"position\":2,\"name\":\"Universitarios levantan bloqueo en ruta Cochabamba-Santa Cruz\"}]},{\"@type\":\"WebSite\",\"@id\":\"https:\\\/\\\/www.eldiario.net\\\/portal\\\/#website\",\"url\":\"https:\\\/\\\/www.eldiario.net\\\/portal\\\/\",\"name\":\"El Diario - Decano de la prensa nacional\",\"description\":\"El Diario - Decano de la prensa nacional\",\"publisher\":{\"@id\":\"https:\\\/\\\/www.eldiario.net\\\/portal\\\/#organization\"},\"potentialAction\":[{\"@type\":\"SearchAction\",\"target\":{\"@type\":\"EntryPoint\",\"urlTemplate\":\"https:\\\/\\\/www.eldiario.net\\\/portal\\\/?s={search_term_string}\"},\"query-input\":{\"@type\":\"PropertyValueSpecification\",\"valueRequired\":true,\"valueName\":\"search_term_string\"}}],\"inLanguage\":\"es\"},{\"@type\":\"Organization\",\"@id\":\"https:\\\/\\\/www.eldiario.net\\\/portal\\\/#organization\",\"name\":\"El Diario - Decano de la prensa nacional\",\"url\":\"https:\\\/\\\/www.eldiario.net\\\/portal\\\/\",\"logo\":{\"@type\":\"ImageObject\",\"inLanguage\":\"es\",\"@id\":\"https:\\\/\\\/www.eldiario.net\\\/portal\\\/#\\\/schema\\\/logo\\\/image\\\/\",\"url\":\"https:\\\/\\\/www.eldiario.net\\\/portal\\\/wp-content\\\/uploads\\\/2023\\\/07\\\/logo_ED.jpg\",\"contentUrl\":\"https:\\\/\\\/www.eldiario.net\\\/portal\\\/wp-content\\\/uploads\\\/2023\\\/07\\\/logo_ED.jpg\",\"width\":272,\"height\":52,\"caption\":\"El Diario - Decano de la prensa nacional\"},\"image\":{\"@id\":\"https:\\\/\\\/www.eldiario.net\\\/portal\\\/#\\\/schema\\\/logo\\\/image\\\/\"},\"sameAs\":[\"https:\\\/\\\/www.facebook.com\\\/eldiario.bolivia\\\/\",\"https:\\\/\\\/x.com\\\/eldiario_net\"]},{\"@type\":\"Person\",\"@id\":\"https:\\\/\\\/www.eldiario.net\\\/portal\\\/#\\\/schema\\\/person\\\/2c57cf2b7a7ae032e449e4c9b1019eac\",\"name\":\"Jeanette\",\"image\":{\"@type\":\"ImageObject\",\"inLanguage\":\"es\",\"@id\":\"https:\\\/\\\/secure.gravatar.com\\\/avatar\\\/3ea2118a5f7dad2b7138b1187a6b7ee55f160b9968b66013c3a3ef39dd7e5798?s=96&d=mm&r=g\",\"url\":\"https:\\\/\\\/secure.gravatar.com\\\/avatar\\\/3ea2118a5f7dad2b7138b1187a6b7ee55f160b9968b66013c3a3ef39dd7e5798?s=96&d=mm&r=g\",\"contentUrl\":\"https:\\\/\\\/secure.gravatar.com\\\/avatar\\\/3ea2118a5f7dad2b7138b1187a6b7ee55f160b9968b66013c3a3ef39dd7e5798?s=96&d=mm&r=g\",\"caption\":\"Jeanette\"},\"sameAs\":[\"https:\\\/\\\/www.eldiario.net\\\/portal\"],\"url\":\"https:\\\/\\\/www.eldiario.net\\\/portal\\\/author\\\/jeanette\\\/\"}]}<\/script>\n<!-- \/ Yoast SEO plugin. -->","yoast_head_json":{"title":"Universitarios levantan bloqueo en ruta Cochabamba-Santa Cruz - El Diario - Bolivia","robots":{"index":"index","follow":"follow","max-snippet":"max-snippet:-1","max-image-preview":"max-image-preview:large","max-video-preview":"max-video-preview:-1"},"canonical":"https:\/\/www.eldiario.net\/portal\/2026\/09\/04\/universitarios-levantan-bloqueo-en-ruta-cochabamba-santa-cruz\/","og_locale":"es_ES","og_type":"article","og_title":"Universitarios levantan bloqueo en ruta Cochabamba-Santa Cruz - El Diario - Bolivia","og_description":"Estudiantes de la Universidad Ind\u00edgena Boliviana \u201cCasimiro Huanca\u201d (Unibol Quechua) levantaron ayer cerca de las 17:00 horas el bloqueo instalado en la carretera nueva Cochabamba-Santa Cruz, a la altura de Senda 2, en el municipio de Chimor\u00e9, y declararon un cuarto intermedio hasta la pr\u00f3xima semana. La medida de presi\u00f3n se mantuvo durante varias horas [&hellip;]","og_url":"https:\/\/www.eldiario.net\/portal\/2026\/09\/04\/universitarios-levantan-bloqueo-en-ruta-cochabamba-santa-cruz\/","og_site_name":"El Diario - Bolivia","article_publisher":"https:\/\/www.facebook.com\/eldiario.bolivia\/","article_published_time":"2026-09-04T10:38:03+00:00","og_image":[{"width":1024,"height":436,"url":"https:\/\/www.eldiario.net\/portal\/wp-content\/uploads\/2026\/09\/13-NAL-COLOR-1.webp","type":"image\/webp"}],"author":"Jeanette","twitter_card":"summary_large_image","twitter_creator":"@eldiario_net","twitter_site":"@eldiario_net","twitter_misc":{"Escrito por":"Jeanette","Tiempo de lectura":"2 minutos"},"schema":{"@context":"https:\/\/schema.org","@graph":[{"@type":"Article","@id":"https:\/\/www.eldiario.net\/portal\/2026\/09\/04\/universitarios-levantan-bloqueo-en-ruta-cochabamba-santa-cruz\/#article","isPartOf":{"@id":"https:\/\/www.eldiario.net\/portal\/2026\/09\/04\/universitarios-levantan-bloqueo-en-ruta-cochabamba-santa-cruz\/"},"author":{"name":"Jeanette","@id":"https:\/\/www.eldiario.net\/portal\/#\/schema\/person\/2c57cf2b7a7ae032e449e4c9b1019eac"},"headline":"Universitarios levantan bloqueo en ruta Cochabamba-Santa Cruz","datePublished":"2026-09-04T10:38:03+00:00","mainEntityOfPage":{"@id":"https:\/\/www.eldiario.net\/portal\/2026\/09\/04\/universitarios-levantan-bloqueo-en-ruta-cochabamba-santa-cruz\/"},"wordCount":321,"publisher":{"@id":"https:\/\/www.eldiario.net\/portal\/#organization"},"image":{"@id":"https:\/\/www.eldiario.net\/portal\/2026\/09\/04\/universitarios-levantan-bloqueo-en-ruta-cochabamba-santa-cruz\/#primaryimage"},"thumbnailUrl":"https:\/\/www.eldiario.net\/portal\/wp-content\/uploads\/2026\/09\/13-NAL-COLOR-1.webp","articleSection":["Nacional"],"inLanguage":"es"},{"@type":"WebPage","@id":"https:\/\/www.eldiario.net\/portal\/2026\/09\/04\/universitarios-levantan-bloqueo-en-ruta-cochabamba-santa-cruz\/","url":"https:\/\/www.eldiario.net\/portal\/2026\/09\/04\/universitarios-levantan-bloqueo-en-ruta-cochabamba-santa-cruz\/","name":"Universitarios levantan bloqueo en ruta Cochabamba-Santa Cruz - El Diario - Bolivia","isPartOf":{"@id":"https:\/\/www.eldiario.net\/portal\/#website"},"primaryImageOfPage":{"@id":"https:\/\/www.eldiario.net\/portal\/2026\/09\/04\/universitarios-levantan-bloqueo-en-ruta-cochabamba-santa-cruz\/#primaryimage"},"image":{"@id":"https:\/\/www.eldiario.net\/portal\/2026\/09\/04\/universitarios-levantan-bloqueo-en-ruta-cochabamba-santa-cruz\/#primaryimage"},"thumbnailUrl":"https:\/\/www.eldiario.net\/portal\/wp-content\/uploads\/2026\/09\/13-NAL-COLOR-1.webp","datePublished":"2026-09-04T10:38:03+00:00","breadcrumb":{"@id":"https:\/\/www.eldiario.net\/portal\/2026\/09\/04\/universitarios-levantan-bloqueo-en-ruta-cochabamba-santa-cruz\/#breadcrumb"},"inLanguage":"es","potentialAction":[{"@type":"ReadAction","target":["https:\/\/www.eldiario.net\/portal\/2026\/09\/04\/universitarios-levantan-bloqueo-en-ruta-cochabamba-santa-cruz\/"]}]},{"@type":"ImageObject","inLanguage":"es","@id":"https:\/\/www.eldiario.net\/portal\/2026\/09\/04\/universitarios-levantan-bloqueo-en-ruta-cochabamba-santa-cruz\/#primaryimage","url":"https:\/\/www.eldiario.net\/portal\/wp-content\/uploads\/2026\/09\/13-NAL-COLOR-1.webp","contentUrl":"https:\/\/www.eldiario.net\/portal\/wp-content\/uploads\/2026\/09\/13-NAL-COLOR-1.webp","width":1024,"height":436,"caption":"Estudiantes de Unibol bloquearon ayer por varias horas la ruta Cochabamba-Santa Cruz."},{"@type":"BreadcrumbList","@id":"https:\/\/www.eldiario.net\/portal\/2026\/09\/04\/universitarios-levantan-bloqueo-en-ruta-cochabamba-santa-cruz\/#breadcrumb","itemListElement":[{"@type":"ListItem","position":1,"name":"Portada","item":"https:\/\/www.eldiario.net\/portal\/"},{"@type":"ListItem","position":2,"name":"Universitarios levantan bloqueo en ruta Cochabamba-Santa Cruz"}]},{"@type":"WebSite","@id":"https:\/\/www.eldiario.net\/portal\/#website","url":"https:\/\/www.eldiario.net\/portal\/","name":"El Diario - Decano de la prensa nacional","description":"El Diario - Decano de la prensa nacional","publisher":{"@id":"https:\/\/www.eldiario.net\/portal\/#organization"},"potentialAction":[{"@type":"SearchAction","target":{"@type":"EntryPoint","urlTemplate":"https:\/\/www.eldiario.net\/portal\/?s={search_term_string}"},"query-input":{"@type":"PropertyValueSpecification","valueRequired":true,"valueName":"search_term_string"}}],"inLanguage":"es"},{"@type":"Organization","@id":"https:\/\/www.eldiario.net\/portal\/#organization","name":"El Diario - Decano de la prensa nacional","url":"https:\/\/www.eldiario.net\/portal\/","logo":{"@type":"ImageObject","inLanguage":"es","@id":"https:\/\/www.eldiario.net\/portal\/#\/schema\/logo\/image\/","url":"https:\/\/www.eldiario.net\/portal\/wp-content\/uploads\/2023\/07\/logo_ED.jpg","contentUrl":"https:\/\/www.eldiario.net\/portal\/wp-content\/uploads\/2023\/07\/logo_ED.jpg","width":272,"height":52,"caption":"El Diario - Decano de la prensa nacional"},"image":{"@id":"https:\/\/www.eldiario.net\/portal\/#\/schema\/logo\/image\/"},"sameAs":["https:\/\/www.facebook.com\/eldiario.bolivia\/","https:\/\/x.com\/eldiario_net"]},{"@type":"Person","@id":"https:\/\/www.eldiario.net\/portal\/#\/schema\/person\/2c57cf2b7a7ae032e449e4c9b1019eac","name":"Jeanette","image":{"@type":"ImageObject","inLanguage":"es","@id":"https:\/\/secure.gravatar.com\/avatar\/3ea2118a5f7dad2b7138b1187a6b7ee55f160b9968b66013c3a3ef39dd7e5798?s=96&d=mm&r=g","url":"https:\/\/secure.gravatar.com\/avatar\/3ea2118a5f7dad2b7138b1187a6b7ee55f160b9968b66013c3a3ef39dd7e5798?s=96&d=mm&r=g","contentUrl":"https:\/\/secure.gravatar.com\/avatar\/3ea2118a5f7dad2b7138b1187a6b7ee55f160b9968b66013c3a3ef39dd7e5798?s=96&d=mm&r=g","caption":"Jeanette"},"sameAs":["https:\/\/www.eldiario.net\/portal"],"url":"https:\/\/www.eldiario.net\/portal\/author\/jeanette\/"}]}},"_links":{"self":[{"href":"https:\/\/www.eldiario.net\/portal\/wp-json\/wp\/v2\/posts\/427628","targetHints":{"allow":["GET"]}}],"collection":[{"href":"https:\/\/www.eldiario.net\/portal\/wp-json\/wp\/v2\/posts"}],"about":[{"href":"https:\/\/www.eldiario.net\/portal\/wp-json\/wp\/v2\/types\/post"}],"author":[{"embeddable":true,"href":"https:\/\/www.eldiario.net\/portal\/wp-json\/wp\/v2\/users\/1"}],"replies":[{"embeddable":true,"href":"https:\/\/www.eldiario.net\/portal\/wp-json\/wp\/v2\/comments?post=427628"}],"version-history":[{"count":1,"href":"https:\/\/www.eldiario.net\/portal\/wp-json\/wp\/v2\/posts\/427628\/revisions"}],"predecessor-version":[{"id":427630,"href":"https:\/\/www.eldiario.net\/portal\/wp-json\/wp\/v2\/posts\/427628\/revisions\/427630"}],"wp:featuredmedia":[{"embeddable":true,"href":"https:\/\/www.eldiario.net\/portal\/wp-json\/wp\/v2\/media\/427629"}],"wp:attachment":[{"href":"https:\/\/www.eldiario.net\/portal\/wp-json\/wp\/v2\/media?parent=427628"}],"wp:term":[{"taxonomy":"category","embeddable":true,"href":"https:\/\/www.eldiario.net\/portal\/wp-json\/wp\/v2\/categories?post=427628"},{"taxonomy":"post_tag","embeddable":true,"href":"https:\/\/www.eldiario.net\/portal\/wp-json\/wp\/v2\/tags?post=427628"}],"curies":[{"name":"wp","href":"https:\/\/api.w.org\/{rel}","templated":true}]}}