{"id":427622,"date":"2026-09-04T06:36:53","date_gmt":"2026-09-04T10:36:53","guid":{"rendered":"https:\/\/www.eldiario.net\/portal\/?p=427622"},"modified":"2026-09-04T06:36:53","modified_gmt":"2026-09-04T10:36:53","slug":"dos-pichones-de-paraba-azul-nacen-en-el-pantanal-boliviano","status":"publish","type":"post","link":"https:\/\/www.eldiario.net\/portal\/2026\/09\/04\/dos-pichones-de-paraba-azul-nacen-en-el-pantanal-boliviano\/","title":{"rendered":"Dos pichones de paraba azul  nacen en el Pantanal boliviano"},"content":{"rendered":"<p>Dos pichones de paraba azul nacieron por primera vez en una caja nido instalada en el Pantanal boliviano, dentro del \u00c1rea Natural de Manejo Integrado (ANMI) San Mat\u00edas, en Santa Cruz. El hecho constituye el primer registro exitoso de reproducci\u00f3n de esta especie en una estructura artificial en esa zona protegida.<br \/>\nLas cr\u00edas, bautizadas como Saturnina y Avelino en homenaje a los primeros pobladores del lugar, pertenecen a la especie paraba azul (Anodorhynchus hyacinthinus), catalogada en peligro en el Libro Rojo de los Vertebrados de Bolivia 2026.<br \/>\nEl nacimiento se produjo seis meses despu\u00e9s del inicio de un proyecto que instal\u00f3 cajas nido como alternativa ante la p\u00e9rdida de \u00e1rboles grandes con cavidades naturales utilizados por estas aves para reproducirse.<br \/>\nLa iniciativa es desarrollada por el Servicio Nacional de \u00c1reas Protegidas (Sernap), guardaparques del ANMI San Mat\u00edas, la Fundaci\u00f3n Conservaci\u00f3n de Loros en Bolivia (CLB) y el Fondo Mundial para los Loros.<br \/>\nLa pareja de parabas ocup\u00f3 durante meses una de las cajas colocadas en el retiro El Cussy, en Candelaria, y acondicion\u00f3 el espacio hasta concretar la nidificaci\u00f3n.<br \/>\nHasta ahora fueron instaladas 30 cajas nido en Candelaria, Santo Rosario, Santo Coraz\u00f3n, San Fernando y Pozones. Las estructuras fueron adaptadas al tama\u00f1o de la paraba azul, con mayores dimensiones y madera m\u00e1s gruesa en la entrada.<br \/>\nGuardaparques advirtieron que los incendios registrados desde 2019 redujeron los \u00e1rboles de gran porte utilizados para anidar. En 2024, el fuego afect\u00f3 alrededor del 75% del ANMI San Mat\u00edas y da\u00f1\u00f3 palmeras, cuyos frutos sirven de alimento a distintas especies.<br \/>\nLa p\u00e9rdida de cavidades naturales increment\u00f3 adem\u00e1s la competencia entre aves por los sitios de reproducci\u00f3n.<br \/>\nTras este nacimiento, las organizaciones prev\u00e9n ampliar la participaci\u00f3n de las comunidades mediante la elaboraci\u00f3n de cajas nido, la formaci\u00f3n de monitores ambientales y el impulso del aviturismo vinculado a la conservaci\u00f3n. (Con informaci\u00f3n de ABI)<\/p>\n","protected":false},"excerpt":{"rendered":"<p>Dos pichones de paraba azul nacieron por primera vez en una caja nido instalada en el Pantanal boliviano, dentro del \u00c1rea Natural de Manejo Integrado (ANMI) San Mat\u00edas, en Santa Cruz. El hecho constituye el primer registro exitoso de reproducci\u00f3n de esta especie en una estructura artificial en esa zona protegida. Las cr\u00edas, bautizadas como [&hellip;]<\/p>\n","protected":false},"author":1,"featured_media":427623,"comment_status":"closed","ping_status":"open","sticky":false,"template":"","format":"standard","meta":{"_acf_changed":false,"footnotes":""},"categories":[12],"tags":[],"class_list":["post-427622","post","type-post","status-publish","format-standard","has-post-thumbnail","category-nacional"],"acf":{"antetitulo":""},"yoast_head":"<!-- This site is optimized with the Yoast SEO plugin v28.4 - https:\/\/yoast.com\/product\/yoast-seo-wordpress\/ -->\n<title>Dos pichones de paraba azul nacen en el Pantanal boliviano - El Diario - Bolivia<\/title>\n<meta name=\"robots\" content=\"index, follow, max-snippet:-1, max-image-preview:large, max-video-preview:-1\" \/>\n<link rel=\"canonical\" href=\"https:\/\/www.eldiario.net\/portal\/2026\/09\/04\/dos-pichones-de-paraba-azul-nacen-en-el-pantanal-boliviano\/\" \/>\n<meta property=\"og:locale\" content=\"es_ES\" \/>\n<meta property=\"og:type\" content=\"article\" \/>\n<meta property=\"og:title\" content=\"Dos pichones de paraba azul nacen en el Pantanal boliviano - El Diario - Bolivia\" \/>\n<meta property=\"og:description\" content=\"Dos pichones de paraba azul nacieron por primera vez en una caja nido instalada en el Pantanal boliviano, dentro del \u00c1rea Natural de Manejo Integrado (ANMI) San Mat\u00edas, en Santa Cruz. El hecho constituye el primer registro exitoso de reproducci\u00f3n de esta especie en una estructura artificial en esa zona protegida. Las cr\u00edas, bautizadas como [&hellip;]\" \/>\n<meta property=\"og:url\" content=\"https:\/\/www.eldiario.net\/portal\/2026\/09\/04\/dos-pichones-de-paraba-azul-nacen-en-el-pantanal-boliviano\/\" \/>\n<meta property=\"og:site_name\" content=\"El Diario - Bolivia\" \/>\n<meta property=\"article:publisher\" content=\"https:\/\/www.facebook.com\/eldiario.bolivia\/\" \/>\n<meta property=\"article:published_time\" content=\"2026-09-04T10:36:53+00:00\" \/>\n<meta property=\"og:image\" content=\"https:\/\/www.eldiario.net\/portal\/wp-content\/uploads\/2026\/09\/12-NAL-COLOR.webp\" \/>\n\t<meta property=\"og:image:width\" content=\"768\" \/>\n\t<meta property=\"og:image:height\" content=\"431\" \/>\n\t<meta property=\"og:image:type\" content=\"image\/webp\" \/>\n<meta name=\"author\" content=\"Jeanette\" \/>\n<meta name=\"twitter:card\" content=\"summary_large_image\" \/>\n<meta name=\"twitter:creator\" content=\"@eldiario_net\" \/>\n<meta name=\"twitter:site\" content=\"@eldiario_net\" \/>\n<meta name=\"twitter:label1\" content=\"Escrito por\" \/>\n\t<meta name=\"twitter:data1\" content=\"Jeanette\" \/>\n\t<meta name=\"twitter:label2\" content=\"Tiempo de lectura\" \/>\n\t<meta name=\"twitter:data2\" content=\"2 minutos\" \/>\n<script type=\"application\/ld+json\" class=\"yoast-schema-graph\">{\"@context\":\"https:\\\/\\\/schema.org\",\"@graph\":[{\"@type\":\"Article\",\"@id\":\"https:\\\/\\\/www.eldiario.net\\\/portal\\\/2026\\\/09\\\/04\\\/dos-pichones-de-paraba-azul-nacen-en-el-pantanal-boliviano\\\/#article\",\"isPartOf\":{\"@id\":\"https:\\\/\\\/www.eldiario.net\\\/portal\\\/2026\\\/09\\\/04\\\/dos-pichones-de-paraba-azul-nacen-en-el-pantanal-boliviano\\\/\"},\"author\":{\"name\":\"Jeanette\",\"@id\":\"https:\\\/\\\/www.eldiario.net\\\/portal\\\/#\\\/schema\\\/person\\\/f46445640444750d7d753ccd04ae01b7\"},\"headline\":\"Dos pichones de paraba azul nacen en el Pantanal boliviano\",\"datePublished\":\"2026-09-04T10:36:53+00:00\",\"mainEntityOfPage\":{\"@id\":\"https:\\\/\\\/www.eldiario.net\\\/portal\\\/2026\\\/09\\\/04\\\/dos-pichones-de-paraba-azul-nacen-en-el-pantanal-boliviano\\\/\"},\"wordCount\":335,\"publisher\":{\"@id\":\"https:\\\/\\\/www.eldiario.net\\\/portal\\\/#organization\"},\"image\":{\"@id\":\"https:\\\/\\\/www.eldiario.net\\\/portal\\\/2026\\\/09\\\/04\\\/dos-pichones-de-paraba-azul-nacen-en-el-pantanal-boliviano\\\/#primaryimage\"},\"thumbnailUrl\":\"https:\\\/\\\/www.eldiario.net\\\/portal\\\/wp-content\\\/uploads\\\/2026\\\/09\\\/12-NAL-COLOR.webp\",\"articleSection\":[\"Nacional\"],\"inLanguage\":\"es\"},{\"@type\":\"WebPage\",\"@id\":\"https:\\\/\\\/www.eldiario.net\\\/portal\\\/2026\\\/09\\\/04\\\/dos-pichones-de-paraba-azul-nacen-en-el-pantanal-boliviano\\\/\",\"url\":\"https:\\\/\\\/www.eldiario.net\\\/portal\\\/2026\\\/09\\\/04\\\/dos-pichones-de-paraba-azul-nacen-en-el-pantanal-boliviano\\\/\",\"name\":\"Dos pichones de paraba azul nacen en el Pantanal boliviano - El Diario - Bolivia\",\"isPartOf\":{\"@id\":\"https:\\\/\\\/www.eldiario.net\\\/portal\\\/#website\"},\"primaryImageOfPage\":{\"@id\":\"https:\\\/\\\/www.eldiario.net\\\/portal\\\/2026\\\/09\\\/04\\\/dos-pichones-de-paraba-azul-nacen-en-el-pantanal-boliviano\\\/#primaryimage\"},\"image\":{\"@id\":\"https:\\\/\\\/www.eldiario.net\\\/portal\\\/2026\\\/09\\\/04\\\/dos-pichones-de-paraba-azul-nacen-en-el-pantanal-boliviano\\\/#primaryimage\"},\"thumbnailUrl\":\"https:\\\/\\\/www.eldiario.net\\\/portal\\\/wp-content\\\/uploads\\\/2026\\\/09\\\/12-NAL-COLOR.webp\",\"datePublished\":\"2026-09-04T10:36:53+00:00\",\"breadcrumb\":{\"@id\":\"https:\\\/\\\/www.eldiario.net\\\/portal\\\/2026\\\/09\\\/04\\\/dos-pichones-de-paraba-azul-nacen-en-el-pantanal-boliviano\\\/#breadcrumb\"},\"inLanguage\":\"es\",\"potentialAction\":[{\"@type\":\"ReadAction\",\"target\":[\"https:\\\/\\\/www.eldiario.net\\\/portal\\\/2026\\\/09\\\/04\\\/dos-pichones-de-paraba-azul-nacen-en-el-pantanal-boliviano\\\/\"]}]},{\"@type\":\"ImageObject\",\"inLanguage\":\"es\",\"@id\":\"https:\\\/\\\/www.eldiario.net\\\/portal\\\/2026\\\/09\\\/04\\\/dos-pichones-de-paraba-azul-nacen-en-el-pantanal-boliviano\\\/#primaryimage\",\"url\":\"https:\\\/\\\/www.eldiario.net\\\/portal\\\/wp-content\\\/uploads\\\/2026\\\/09\\\/12-NAL-COLOR.webp\",\"contentUrl\":\"https:\\\/\\\/www.eldiario.net\\\/portal\\\/wp-content\\\/uploads\\\/2026\\\/09\\\/12-NAL-COLOR.webp\",\"width\":768,\"height\":431,\"caption\":\"La belleza de las parabas azules tambi\u00e9n refleja la riqueza natural del Pantanal boliviano.\"},{\"@type\":\"BreadcrumbList\",\"@id\":\"https:\\\/\\\/www.eldiario.net\\\/portal\\\/2026\\\/09\\\/04\\\/dos-pichones-de-paraba-azul-nacen-en-el-pantanal-boliviano\\\/#breadcrumb\",\"itemListElement\":[{\"@type\":\"ListItem\",\"position\":1,\"name\":\"Portada\",\"item\":\"https:\\\/\\\/www.eldiario.net\\\/portal\\\/\"},{\"@type\":\"ListItem\",\"position\":2,\"name\":\"Dos pichones de paraba azul nacen en el Pantanal boliviano\"}]},{\"@type\":\"WebSite\",\"@id\":\"https:\\\/\\\/www.eldiario.net\\\/portal\\\/#website\",\"url\":\"https:\\\/\\\/www.eldiario.net\\\/portal\\\/\",\"name\":\"El Diario - Decano de la prensa nacional\",\"description\":\"El Diario - Decano de la prensa nacional\",\"publisher\":{\"@id\":\"https:\\\/\\\/www.eldiario.net\\\/portal\\\/#organization\"},\"potentialAction\":[{\"@type\":\"SearchAction\",\"target\":{\"@type\":\"EntryPoint\",\"urlTemplate\":\"https:\\\/\\\/www.eldiario.net\\\/portal\\\/?s={search_term_string}\"},\"query-input\":{\"@type\":\"PropertyValueSpecification\",\"valueRequired\":true,\"valueName\":\"search_term_string\"}}],\"inLanguage\":\"es\"},{\"@type\":\"Organization\",\"@id\":\"https:\\\/\\\/www.eldiario.net\\\/portal\\\/#organization\",\"name\":\"El Diario - Decano de la prensa nacional\",\"url\":\"https:\\\/\\\/www.eldiario.net\\\/portal\\\/\",\"logo\":{\"@type\":\"ImageObject\",\"inLanguage\":\"es\",\"@id\":\"https:\\\/\\\/www.eldiario.net\\\/portal\\\/#\\\/schema\\\/logo\\\/image\\\/\",\"url\":\"https:\\\/\\\/www.eldiario.net\\\/portal\\\/wp-content\\\/uploads\\\/2023\\\/07\\\/logo_ED.jpg\",\"contentUrl\":\"https:\\\/\\\/www.eldiario.net\\\/portal\\\/wp-content\\\/uploads\\\/2023\\\/07\\\/logo_ED.jpg\",\"width\":272,\"height\":52,\"caption\":\"El Diario - Decano de la prensa nacional\"},\"image\":{\"@id\":\"https:\\\/\\\/www.eldiario.net\\\/portal\\\/#\\\/schema\\\/logo\\\/image\\\/\"},\"sameAs\":[\"https:\\\/\\\/www.facebook.com\\\/eldiario.bolivia\\\/\",\"https:\\\/\\\/x.com\\\/eldiario_net\"]},{\"@type\":\"Person\",\"@id\":\"https:\\\/\\\/www.eldiario.net\\\/portal\\\/#\\\/schema\\\/person\\\/f46445640444750d7d753ccd04ae01b7\",\"name\":\"Jeanette\",\"image\":{\"@type\":\"ImageObject\",\"inLanguage\":\"es\",\"@id\":\"https:\\\/\\\/secure.gravatar.com\\\/avatar\\\/3ea2118a5f7dad2b7138b1187a6b7ee55f160b9968b66013c3a3ef39dd7e5798?s=96&d=mm&r=g\",\"url\":\"https:\\\/\\\/secure.gravatar.com\\\/avatar\\\/3ea2118a5f7dad2b7138b1187a6b7ee55f160b9968b66013c3a3ef39dd7e5798?s=96&d=mm&r=g\",\"contentUrl\":\"https:\\\/\\\/secure.gravatar.com\\\/avatar\\\/3ea2118a5f7dad2b7138b1187a6b7ee55f160b9968b66013c3a3ef39dd7e5798?s=96&d=mm&r=g\",\"caption\":\"Jeanette\"},\"sameAs\":[\"https:\\\/\\\/www.eldiario.net\\\/portal\"],\"url\":\"https:\\\/\\\/www.eldiario.net\\\/portal\\\/author\\\/jeanette\\\/\"}]}<\/script>\n<!-- \/ Yoast SEO plugin. -->","yoast_head_json":{"title":"Dos pichones de paraba azul nacen en el Pantanal boliviano - El Diario - Bolivia","robots":{"index":"index","follow":"follow","max-snippet":"max-snippet:-1","max-image-preview":"max-image-preview:large","max-video-preview":"max-video-preview:-1"},"canonical":"https:\/\/www.eldiario.net\/portal\/2026\/09\/04\/dos-pichones-de-paraba-azul-nacen-en-el-pantanal-boliviano\/","og_locale":"es_ES","og_type":"article","og_title":"Dos pichones de paraba azul nacen en el Pantanal boliviano - El Diario - Bolivia","og_description":"Dos pichones de paraba azul nacieron por primera vez en una caja nido instalada en el Pantanal boliviano, dentro del \u00c1rea Natural de Manejo Integrado (ANMI) San Mat\u00edas, en Santa Cruz. El hecho constituye el primer registro exitoso de reproducci\u00f3n de esta especie en una estructura artificial en esa zona protegida. Las cr\u00edas, bautizadas como [&hellip;]","og_url":"https:\/\/www.eldiario.net\/portal\/2026\/09\/04\/dos-pichones-de-paraba-azul-nacen-en-el-pantanal-boliviano\/","og_site_name":"El Diario - Bolivia","article_publisher":"https:\/\/www.facebook.com\/eldiario.bolivia\/","article_published_time":"2026-09-04T10:36:53+00:00","og_image":[{"width":768,"height":431,"url":"https:\/\/www.eldiario.net\/portal\/wp-content\/uploads\/2026\/09\/12-NAL-COLOR.webp","type":"image\/webp"}],"author":"Jeanette","twitter_card":"summary_large_image","twitter_creator":"@eldiario_net","twitter_site":"@eldiario_net","twitter_misc":{"Escrito por":"Jeanette","Tiempo de lectura":"2 minutos"},"schema":{"@context":"https:\/\/schema.org","@graph":[{"@type":"Article","@id":"https:\/\/www.eldiario.net\/portal\/2026\/09\/04\/dos-pichones-de-paraba-azul-nacen-en-el-pantanal-boliviano\/#article","isPartOf":{"@id":"https:\/\/www.eldiario.net\/portal\/2026\/09\/04\/dos-pichones-de-paraba-azul-nacen-en-el-pantanal-boliviano\/"},"author":{"name":"Jeanette","@id":"https:\/\/www.eldiario.net\/portal\/#\/schema\/person\/f46445640444750d7d753ccd04ae01b7"},"headline":"Dos pichones de paraba azul nacen en el Pantanal boliviano","datePublished":"2026-09-04T10:36:53+00:00","mainEntityOfPage":{"@id":"https:\/\/www.eldiario.net\/portal\/2026\/09\/04\/dos-pichones-de-paraba-azul-nacen-en-el-pantanal-boliviano\/"},"wordCount":335,"publisher":{"@id":"https:\/\/www.eldiario.net\/portal\/#organization"},"image":{"@id":"https:\/\/www.eldiario.net\/portal\/2026\/09\/04\/dos-pichones-de-paraba-azul-nacen-en-el-pantanal-boliviano\/#primaryimage"},"thumbnailUrl":"https:\/\/www.eldiario.net\/portal\/wp-content\/uploads\/2026\/09\/12-NAL-COLOR.webp","articleSection":["Nacional"],"inLanguage":"es"},{"@type":"WebPage","@id":"https:\/\/www.eldiario.net\/portal\/2026\/09\/04\/dos-pichones-de-paraba-azul-nacen-en-el-pantanal-boliviano\/","url":"https:\/\/www.eldiario.net\/portal\/2026\/09\/04\/dos-pichones-de-paraba-azul-nacen-en-el-pantanal-boliviano\/","name":"Dos pichones de paraba azul nacen en el Pantanal boliviano - El Diario - Bolivia","isPartOf":{"@id":"https:\/\/www.eldiario.net\/portal\/#website"},"primaryImageOfPage":{"@id":"https:\/\/www.eldiario.net\/portal\/2026\/09\/04\/dos-pichones-de-paraba-azul-nacen-en-el-pantanal-boliviano\/#primaryimage"},"image":{"@id":"https:\/\/www.eldiario.net\/portal\/2026\/09\/04\/dos-pichones-de-paraba-azul-nacen-en-el-pantanal-boliviano\/#primaryimage"},"thumbnailUrl":"https:\/\/www.eldiario.net\/portal\/wp-content\/uploads\/2026\/09\/12-NAL-COLOR.webp","datePublished":"2026-09-04T10:36:53+00:00","breadcrumb":{"@id":"https:\/\/www.eldiario.net\/portal\/2026\/09\/04\/dos-pichones-de-paraba-azul-nacen-en-el-pantanal-boliviano\/#breadcrumb"},"inLanguage":"es","potentialAction":[{"@type":"ReadAction","target":["https:\/\/www.eldiario.net\/portal\/2026\/09\/04\/dos-pichones-de-paraba-azul-nacen-en-el-pantanal-boliviano\/"]}]},{"@type":"ImageObject","inLanguage":"es","@id":"https:\/\/www.eldiario.net\/portal\/2026\/09\/04\/dos-pichones-de-paraba-azul-nacen-en-el-pantanal-boliviano\/#primaryimage","url":"https:\/\/www.eldiario.net\/portal\/wp-content\/uploads\/2026\/09\/12-NAL-COLOR.webp","contentUrl":"https:\/\/www.eldiario.net\/portal\/wp-content\/uploads\/2026\/09\/12-NAL-COLOR.webp","width":768,"height":431,"caption":"La belleza de las parabas azules tambi\u00e9n refleja la riqueza natural del Pantanal boliviano."},{"@type":"BreadcrumbList","@id":"https:\/\/www.eldiario.net\/portal\/2026\/09\/04\/dos-pichones-de-paraba-azul-nacen-en-el-pantanal-boliviano\/#breadcrumb","itemListElement":[{"@type":"ListItem","position":1,"name":"Portada","item":"https:\/\/www.eldiario.net\/portal\/"},{"@type":"ListItem","position":2,"name":"Dos pichones de paraba azul nacen en el Pantanal boliviano"}]},{"@type":"WebSite","@id":"https:\/\/www.eldiario.net\/portal\/#website","url":"https:\/\/www.eldiario.net\/portal\/","name":"El Diario - Decano de la prensa nacional","description":"El Diario - Decano de la prensa nacional","publisher":{"@id":"https:\/\/www.eldiario.net\/portal\/#organization"},"potentialAction":[{"@type":"SearchAction","target":{"@type":"EntryPoint","urlTemplate":"https:\/\/www.eldiario.net\/portal\/?s={search_term_string}"},"query-input":{"@type":"PropertyValueSpecification","valueRequired":true,"valueName":"search_term_string"}}],"inLanguage":"es"},{"@type":"Organization","@id":"https:\/\/www.eldiario.net\/portal\/#organization","name":"El Diario - Decano de la prensa nacional","url":"https:\/\/www.eldiario.net\/portal\/","logo":{"@type":"ImageObject","inLanguage":"es","@id":"https:\/\/www.eldiario.net\/portal\/#\/schema\/logo\/image\/","url":"https:\/\/www.eldiario.net\/portal\/wp-content\/uploads\/2023\/07\/logo_ED.jpg","contentUrl":"https:\/\/www.eldiario.net\/portal\/wp-content\/uploads\/2023\/07\/logo_ED.jpg","width":272,"height":52,"caption":"El Diario - Decano de la prensa nacional"},"image":{"@id":"https:\/\/www.eldiario.net\/portal\/#\/schema\/logo\/image\/"},"sameAs":["https:\/\/www.facebook.com\/eldiario.bolivia\/","https:\/\/x.com\/eldiario_net"]},{"@type":"Person","@id":"https:\/\/www.eldiario.net\/portal\/#\/schema\/person\/f46445640444750d7d753ccd04ae01b7","name":"Jeanette","image":{"@type":"ImageObject","inLanguage":"es","@id":"https:\/\/secure.gravatar.com\/avatar\/3ea2118a5f7dad2b7138b1187a6b7ee55f160b9968b66013c3a3ef39dd7e5798?s=96&d=mm&r=g","url":"https:\/\/secure.gravatar.com\/avatar\/3ea2118a5f7dad2b7138b1187a6b7ee55f160b9968b66013c3a3ef39dd7e5798?s=96&d=mm&r=g","contentUrl":"https:\/\/secure.gravatar.com\/avatar\/3ea2118a5f7dad2b7138b1187a6b7ee55f160b9968b66013c3a3ef39dd7e5798?s=96&d=mm&r=g","caption":"Jeanette"},"sameAs":["https:\/\/www.eldiario.net\/portal"],"url":"https:\/\/www.eldiario.net\/portal\/author\/jeanette\/"}]}},"_links":{"self":[{"href":"https:\/\/www.eldiario.net\/portal\/wp-json\/wp\/v2\/posts\/427622","targetHints":{"allow":["GET"]}}],"collection":[{"href":"https:\/\/www.eldiario.net\/portal\/wp-json\/wp\/v2\/posts"}],"about":[{"href":"https:\/\/www.eldiario.net\/portal\/wp-json\/wp\/v2\/types\/post"}],"author":[{"embeddable":true,"href":"https:\/\/www.eldiario.net\/portal\/wp-json\/wp\/v2\/users\/1"}],"replies":[{"embeddable":true,"href":"https:\/\/www.eldiario.net\/portal\/wp-json\/wp\/v2\/comments?post=427622"}],"version-history":[{"count":1,"href":"https:\/\/www.eldiario.net\/portal\/wp-json\/wp\/v2\/posts\/427622\/revisions"}],"predecessor-version":[{"id":427624,"href":"https:\/\/www.eldiario.net\/portal\/wp-json\/wp\/v2\/posts\/427622\/revisions\/427624"}],"wp:featuredmedia":[{"embeddable":true,"href":"https:\/\/www.eldiario.net\/portal\/wp-json\/wp\/v2\/media\/427623"}],"wp:attachment":[{"href":"https:\/\/www.eldiario.net\/portal\/wp-json\/wp\/v2\/media?parent=427622"}],"wp:term":[{"taxonomy":"category","embeddable":true,"href":"https:\/\/www.eldiario.net\/portal\/wp-json\/wp\/v2\/categories?post=427622"},{"taxonomy":"post_tag","embeddable":true,"href":"https:\/\/www.eldiario.net\/portal\/wp-json\/wp\/v2\/tags?post=427622"}],"curies":[{"name":"wp","href":"https:\/\/api.w.org\/{rel}","templated":true}]}}