{"id":427616,"date":"2026-09-04T06:34:35","date_gmt":"2026-09-04T10:34:35","guid":{"rendered":"https:\/\/www.eldiario.net\/portal\/?p=427616"},"modified":"2026-09-04T06:34:35","modified_gmt":"2026-09-04T10:34:35","slug":"frenando-la-inflacion-o-acelerando-el-deterioro-del-pib","status":"publish","type":"post","link":"https:\/\/www.eldiario.net\/portal\/2026\/09\/04\/frenando-la-inflacion-o-acelerando-el-deterioro-del-pib\/","title":{"rendered":"\u00bfFrenando la inflaci\u00f3n o acelerando el deterioro del PIB?"},"content":{"rendered":"<p>Bolivia enfrenta un dilema que el propio Banco Central (BCB) reconoce en su \u00faltimo Reporte sobre Inflaci\u00f3n y Pol\u00edtica Monetaria (RIPoM): Mientras la inflaci\u00f3n se desacelera con fuerza, la econom\u00eda contin\u00faa hundi\u00e9ndose.<br \/>\nEn el primer semestre, el BCB retir\u00f3 una cantidad extraordinaria de liquidez, al tiempo que la actividad econ\u00f3mica acumul\u00f3 una ca\u00edda importante de \u22123,34% y el mercado laboral perdi\u00f3 m\u00e1s de 200 mil empleos. La pol\u00edtica monetaria del BCB se ha convertido en el principal freno de la actividad econ\u00f3mica. El problema es que ese freno se est\u00e1 aplicando con una intensidad mayor a la capacidad del pa\u00eds para absorberlo.<br \/>\nEn lugar de equilibrar el ciclo, el ajuste corre el riesgo de profundizar la recesi\u00f3n justo cuando el Programa Monetario reformulado del BCB anuncia una contracci\u00f3n a\u00fan m\u00e1s severa para el segundo semestre. El desaf\u00edo ya no es solo contener la inflaci\u00f3n, sino evitar que el remedio acelere el deterioro del PIB. La pol\u00edtica monetaria no deber\u00eda actuar como un freno absoluto, sino convertirse en un freno inteligente coordinado con la pol\u00edtica fiscal y con la agenda de oferta.<br \/>\nEl BCB est\u00e1 usando simult\u00e1neamente toda su artiller\u00eda para controlar la inflaci\u00f3n: Operaciones de mercado abierto m\u00e1s agresivas, Encaje legal m\u00e1s alto, Ventanillas de liquidez m\u00e1s estrictas y Posici\u00f3n de cambios m\u00e1s r\u00edgida. Esto es un combo contractivo muy fuerte, aplicado en un momento en que la econom\u00eda ya est\u00e1 debilitada por choques de oferta (escasez de di\u00e9sel, bloqueos y log\u00edstica). La pregunta no es si debe retirar liquidez, eso es necesario para evitar efectos de segunda vuelta, sino si debe hacerlo tan r\u00e1pido.<br \/>\nLa velocidad del retiro de liquidez no es coherente con una econom\u00eda que ya est\u00e1 en recesi\u00f3n y con un mercado laboral deteriorado. El propio BCB reconoce en el documento que la econom\u00eda acumula diez trimestres consecutivos de ca\u00edda y el empleo es la variable m\u00e1s afectada, con deterioro en cantidad y calidad. El PIB podr\u00eda caer \u20133,6% este a\u00f1o (sin considerar a\u00fan el programa del FMI y la amenaza de efectos clim\u00e1ticos que el mismo informa reconoce como un riesgo). Esto implica que el mercado laboral ya est\u00e1 absorbiendo el costo del ajuste. En ese contexto, cada punto adicional de contracci\u00f3n de liquidez golpea directamente al empleo formal y al cr\u00e9dito productivo.<br \/>\nUn retiro excesivo de liquidez podr\u00eda empeorar el empleo, porque con encajes m\u00e1s altos y reportos m\u00e1s estrictos, los bancos reducen sus pr\u00e9stamos y priorizan liquidez. Las PYMES y el sector formal son los primeros afectados porque hay menor capital de trabajo, no hay d\u00f3nde prestarse en el mercado formal y las empresas con m\u00e1rgenes estrechos tiene que recortar turnos y optar por contratos temporales en lugar de permanentes. Esto es exactamente lo que el RIPoM describe como \u201cdeterioro de la calidad del empleo\u201d.<br \/>\nTambi\u00e9n est\u00e1 el efecto sobre las expectativas: si el sector privado percibe que el BCB continuar\u00e1 retirando liquidez con el ritmo actual, pospondr\u00e1 inversi\u00f3n y contrataci\u00f3n. En recesi\u00f3n, las expectativas pesan m\u00e1s que los datos. Un ajuste demasiado r\u00e1pido puede profundizar la ca\u00edda del empleo y del PIB.<br \/>\nLos riesgos inflacionarios persisten, pero no provienen de exceso de demanda, sino de oferta y expectativas. La Inflaci\u00f3n por falta de di\u00e9sel, amenazas de paros y bloqueos, log\u00edstica rota o escasez de divisas no se corrige subiendo el encaje ni retirando liquidez compulsivamente: se corrige con gesti\u00f3n de abastecimiento, reglas de juego y seguridad jur\u00eddica.<br \/>\nPor \u00faltimo, conviene recordar que el Gobierno prev\u00e9 activar el ajuste con el FMI en el segundo semestre. Ese programa exigir\u00e1 una correcci\u00f3n fiscal significativa. Aplicar dos frenos simult\u00e1neos: el fiscal y el monetario, puede ayudar a estabilizar los precios, pero tambi\u00e9n se corre el riesgo de profundizar la recesi\u00f3n y deteriorar el empleo.<br \/>\nLas acciones que aplica el BCB parecen extra\u00eddas de los manuales cl\u00e1sicos para contener la inflaci\u00f3n, pero el resultado no armoniza con la realidad que el propio RIPoM evidencia. En tiempos de crisis, la prudencia y la coordinaci\u00f3n suelen ser m\u00e1s efectivas que cualquier pol\u00edtica dura aplicada en solitario.<br \/>\nEl autor es economista.<\/p>\n","protected":false},"excerpt":{"rendered":"<p>Bolivia enfrenta un dilema que el propio Banco Central (BCB) reconoce en su \u00faltimo Reporte sobre Inflaci\u00f3n y Pol\u00edtica Monetaria (RIPoM): Mientras la inflaci\u00f3n se desacelera con fuerza, la econom\u00eda contin\u00faa hundi\u00e9ndose. En el primer semestre, el BCB retir\u00f3 una cantidad extraordinaria de liquidez, al tiempo que la actividad econ\u00f3mica acumul\u00f3 una ca\u00edda importante de [&hellip;]<\/p>\n","protected":false},"author":1,"featured_media":373742,"comment_status":"closed","ping_status":"open","sticky":false,"template":"","format":"standard","meta":{"_acf_changed":false,"footnotes":""},"categories":[9],"tags":[],"class_list":["post-427616","post","type-post","status-publish","format-standard","has-post-thumbnail","category-opinion"],"acf":{"antetitulo":""},"yoast_head":"<!-- This site is optimized with the Yoast SEO plugin v28.4 - https:\/\/yoast.com\/product\/yoast-seo-wordpress\/ -->\n<title>\u00bfFrenando la inflaci\u00f3n o acelerando el deterioro del PIB? - El Diario - Bolivia<\/title>\n<meta name=\"robots\" content=\"index, follow, max-snippet:-1, max-image-preview:large, max-video-preview:-1\" \/>\n<link rel=\"canonical\" href=\"https:\/\/www.eldiario.net\/portal\/2026\/09\/04\/frenando-la-inflacion-o-acelerando-el-deterioro-del-pib\/\" \/>\n<meta property=\"og:locale\" content=\"es_ES\" \/>\n<meta property=\"og:type\" content=\"article\" \/>\n<meta property=\"og:title\" content=\"\u00bfFrenando la inflaci\u00f3n o acelerando el deterioro del PIB? - El Diario - Bolivia\" \/>\n<meta property=\"og:description\" content=\"Bolivia enfrenta un dilema que el propio Banco Central (BCB) reconoce en su \u00faltimo Reporte sobre Inflaci\u00f3n y Pol\u00edtica Monetaria (RIPoM): Mientras la inflaci\u00f3n se desacelera con fuerza, la econom\u00eda contin\u00faa hundi\u00e9ndose. En el primer semestre, el BCB retir\u00f3 una cantidad extraordinaria de liquidez, al tiempo que la actividad econ\u00f3mica acumul\u00f3 una ca\u00edda importante de [&hellip;]\" \/>\n<meta property=\"og:url\" content=\"https:\/\/www.eldiario.net\/portal\/2026\/09\/04\/frenando-la-inflacion-o-acelerando-el-deterioro-del-pib\/\" \/>\n<meta property=\"og:site_name\" content=\"El Diario - Bolivia\" \/>\n<meta property=\"article:publisher\" content=\"https:\/\/www.facebook.com\/eldiario.bolivia\/\" \/>\n<meta property=\"article:published_time\" content=\"2026-09-04T10:34:35+00:00\" \/>\n<meta property=\"og:image\" content=\"https:\/\/www.eldiario.net\/portal\/wp-content\/uploads\/2026\/03\/Oswaldo-Irusta-Diaz.webp\" \/>\n\t<meta property=\"og:image:width\" content=\"1200\" \/>\n\t<meta property=\"og:image:height\" content=\"628\" \/>\n\t<meta property=\"og:image:type\" content=\"image\/webp\" \/>\n<meta name=\"author\" content=\"Jeanette\" \/>\n<meta name=\"twitter:card\" content=\"summary_large_image\" \/>\n<meta name=\"twitter:creator\" content=\"@eldiario_net\" \/>\n<meta name=\"twitter:site\" content=\"@eldiario_net\" \/>\n<meta name=\"twitter:label1\" content=\"Escrito por\" \/>\n\t<meta name=\"twitter:data1\" content=\"Jeanette\" \/>\n\t<meta name=\"twitter:label2\" content=\"Tiempo de lectura\" \/>\n\t<meta name=\"twitter:data2\" content=\"4 minutos\" \/>\n<script type=\"application\/ld+json\" class=\"yoast-schema-graph\">{\"@context\":\"https:\\\/\\\/schema.org\",\"@graph\":[{\"@type\":\"Article\",\"@id\":\"https:\\\/\\\/www.eldiario.net\\\/portal\\\/2026\\\/09\\\/04\\\/frenando-la-inflacion-o-acelerando-el-deterioro-del-pib\\\/#article\",\"isPartOf\":{\"@id\":\"https:\\\/\\\/www.eldiario.net\\\/portal\\\/2026\\\/09\\\/04\\\/frenando-la-inflacion-o-acelerando-el-deterioro-del-pib\\\/\"},\"author\":{\"name\":\"Jeanette\",\"@id\":\"https:\\\/\\\/www.eldiario.net\\\/portal\\\/#\\\/schema\\\/person\\\/f46445640444750d7d753ccd04ae01b7\"},\"headline\":\"\u00bfFrenando la inflaci\u00f3n o acelerando el deterioro del PIB?\",\"datePublished\":\"2026-09-04T10:34:35+00:00\",\"mainEntityOfPage\":{\"@id\":\"https:\\\/\\\/www.eldiario.net\\\/portal\\\/2026\\\/09\\\/04\\\/frenando-la-inflacion-o-acelerando-el-deterioro-del-pib\\\/\"},\"wordCount\":752,\"publisher\":{\"@id\":\"https:\\\/\\\/www.eldiario.net\\\/portal\\\/#organization\"},\"image\":{\"@id\":\"https:\\\/\\\/www.eldiario.net\\\/portal\\\/2026\\\/09\\\/04\\\/frenando-la-inflacion-o-acelerando-el-deterioro-del-pib\\\/#primaryimage\"},\"thumbnailUrl\":\"https:\\\/\\\/www.eldiario.net\\\/portal\\\/wp-content\\\/uploads\\\/2026\\\/03\\\/Oswaldo-Irusta-Diaz.webp\",\"articleSection\":[\"Opini\u00f3n\"],\"inLanguage\":\"es\"},{\"@type\":\"WebPage\",\"@id\":\"https:\\\/\\\/www.eldiario.net\\\/portal\\\/2026\\\/09\\\/04\\\/frenando-la-inflacion-o-acelerando-el-deterioro-del-pib\\\/\",\"url\":\"https:\\\/\\\/www.eldiario.net\\\/portal\\\/2026\\\/09\\\/04\\\/frenando-la-inflacion-o-acelerando-el-deterioro-del-pib\\\/\",\"name\":\"\u00bfFrenando la inflaci\u00f3n o acelerando el deterioro del PIB? - El Diario - Bolivia\",\"isPartOf\":{\"@id\":\"https:\\\/\\\/www.eldiario.net\\\/portal\\\/#website\"},\"primaryImageOfPage\":{\"@id\":\"https:\\\/\\\/www.eldiario.net\\\/portal\\\/2026\\\/09\\\/04\\\/frenando-la-inflacion-o-acelerando-el-deterioro-del-pib\\\/#primaryimage\"},\"image\":{\"@id\":\"https:\\\/\\\/www.eldiario.net\\\/portal\\\/2026\\\/09\\\/04\\\/frenando-la-inflacion-o-acelerando-el-deterioro-del-pib\\\/#primaryimage\"},\"thumbnailUrl\":\"https:\\\/\\\/www.eldiario.net\\\/portal\\\/wp-content\\\/uploads\\\/2026\\\/03\\\/Oswaldo-Irusta-Diaz.webp\",\"datePublished\":\"2026-09-04T10:34:35+00:00\",\"breadcrumb\":{\"@id\":\"https:\\\/\\\/www.eldiario.net\\\/portal\\\/2026\\\/09\\\/04\\\/frenando-la-inflacion-o-acelerando-el-deterioro-del-pib\\\/#breadcrumb\"},\"inLanguage\":\"es\",\"potentialAction\":[{\"@type\":\"ReadAction\",\"target\":[\"https:\\\/\\\/www.eldiario.net\\\/portal\\\/2026\\\/09\\\/04\\\/frenando-la-inflacion-o-acelerando-el-deterioro-del-pib\\\/\"]}]},{\"@type\":\"ImageObject\",\"inLanguage\":\"es\",\"@id\":\"https:\\\/\\\/www.eldiario.net\\\/portal\\\/2026\\\/09\\\/04\\\/frenando-la-inflacion-o-acelerando-el-deterioro-del-pib\\\/#primaryimage\",\"url\":\"https:\\\/\\\/www.eldiario.net\\\/portal\\\/wp-content\\\/uploads\\\/2026\\\/03\\\/Oswaldo-Irusta-Diaz.webp\",\"contentUrl\":\"https:\\\/\\\/www.eldiario.net\\\/portal\\\/wp-content\\\/uploads\\\/2026\\\/03\\\/Oswaldo-Irusta-Diaz.webp\",\"width\":1200,\"height\":628,\"caption\":\"Oswaldo Irusta D\u00edaz\"},{\"@type\":\"BreadcrumbList\",\"@id\":\"https:\\\/\\\/www.eldiario.net\\\/portal\\\/2026\\\/09\\\/04\\\/frenando-la-inflacion-o-acelerando-el-deterioro-del-pib\\\/#breadcrumb\",\"itemListElement\":[{\"@type\":\"ListItem\",\"position\":1,\"name\":\"Portada\",\"item\":\"https:\\\/\\\/www.eldiario.net\\\/portal\\\/\"},{\"@type\":\"ListItem\",\"position\":2,\"name\":\"\u00bfFrenando la inflaci\u00f3n o acelerando el deterioro del PIB?\"}]},{\"@type\":\"WebSite\",\"@id\":\"https:\\\/\\\/www.eldiario.net\\\/portal\\\/#website\",\"url\":\"https:\\\/\\\/www.eldiario.net\\\/portal\\\/\",\"name\":\"El Diario - Decano de la prensa nacional\",\"description\":\"El Diario - Decano de la prensa nacional\",\"publisher\":{\"@id\":\"https:\\\/\\\/www.eldiario.net\\\/portal\\\/#organization\"},\"potentialAction\":[{\"@type\":\"SearchAction\",\"target\":{\"@type\":\"EntryPoint\",\"urlTemplate\":\"https:\\\/\\\/www.eldiario.net\\\/portal\\\/?s={search_term_string}\"},\"query-input\":{\"@type\":\"PropertyValueSpecification\",\"valueRequired\":true,\"valueName\":\"search_term_string\"}}],\"inLanguage\":\"es\"},{\"@type\":\"Organization\",\"@id\":\"https:\\\/\\\/www.eldiario.net\\\/portal\\\/#organization\",\"name\":\"El Diario - Decano de la prensa nacional\",\"url\":\"https:\\\/\\\/www.eldiario.net\\\/portal\\\/\",\"logo\":{\"@type\":\"ImageObject\",\"inLanguage\":\"es\",\"@id\":\"https:\\\/\\\/www.eldiario.net\\\/portal\\\/#\\\/schema\\\/logo\\\/image\\\/\",\"url\":\"https:\\\/\\\/www.eldiario.net\\\/portal\\\/wp-content\\\/uploads\\\/2023\\\/07\\\/logo_ED.jpg\",\"contentUrl\":\"https:\\\/\\\/www.eldiario.net\\\/portal\\\/wp-content\\\/uploads\\\/2023\\\/07\\\/logo_ED.jpg\",\"width\":272,\"height\":52,\"caption\":\"El Diario - Decano de la prensa nacional\"},\"image\":{\"@id\":\"https:\\\/\\\/www.eldiario.net\\\/portal\\\/#\\\/schema\\\/logo\\\/image\\\/\"},\"sameAs\":[\"https:\\\/\\\/www.facebook.com\\\/eldiario.bolivia\\\/\",\"https:\\\/\\\/x.com\\\/eldiario_net\"]},{\"@type\":\"Person\",\"@id\":\"https:\\\/\\\/www.eldiario.net\\\/portal\\\/#\\\/schema\\\/person\\\/f46445640444750d7d753ccd04ae01b7\",\"name\":\"Jeanette\",\"image\":{\"@type\":\"ImageObject\",\"inLanguage\":\"es\",\"@id\":\"https:\\\/\\\/secure.gravatar.com\\\/avatar\\\/3ea2118a5f7dad2b7138b1187a6b7ee55f160b9968b66013c3a3ef39dd7e5798?s=96&d=mm&r=g\",\"url\":\"https:\\\/\\\/secure.gravatar.com\\\/avatar\\\/3ea2118a5f7dad2b7138b1187a6b7ee55f160b9968b66013c3a3ef39dd7e5798?s=96&d=mm&r=g\",\"contentUrl\":\"https:\\\/\\\/secure.gravatar.com\\\/avatar\\\/3ea2118a5f7dad2b7138b1187a6b7ee55f160b9968b66013c3a3ef39dd7e5798?s=96&d=mm&r=g\",\"caption\":\"Jeanette\"},\"sameAs\":[\"https:\\\/\\\/www.eldiario.net\\\/portal\"],\"url\":\"https:\\\/\\\/www.eldiario.net\\\/portal\\\/author\\\/jeanette\\\/\"}]}<\/script>\n<!-- \/ Yoast SEO plugin. -->","yoast_head_json":{"title":"\u00bfFrenando la inflaci\u00f3n o acelerando el deterioro del PIB? - El Diario - Bolivia","robots":{"index":"index","follow":"follow","max-snippet":"max-snippet:-1","max-image-preview":"max-image-preview:large","max-video-preview":"max-video-preview:-1"},"canonical":"https:\/\/www.eldiario.net\/portal\/2026\/09\/04\/frenando-la-inflacion-o-acelerando-el-deterioro-del-pib\/","og_locale":"es_ES","og_type":"article","og_title":"\u00bfFrenando la inflaci\u00f3n o acelerando el deterioro del PIB? - El Diario - Bolivia","og_description":"Bolivia enfrenta un dilema que el propio Banco Central (BCB) reconoce en su \u00faltimo Reporte sobre Inflaci\u00f3n y Pol\u00edtica Monetaria (RIPoM): Mientras la inflaci\u00f3n se desacelera con fuerza, la econom\u00eda contin\u00faa hundi\u00e9ndose. En el primer semestre, el BCB retir\u00f3 una cantidad extraordinaria de liquidez, al tiempo que la actividad econ\u00f3mica acumul\u00f3 una ca\u00edda importante de [&hellip;]","og_url":"https:\/\/www.eldiario.net\/portal\/2026\/09\/04\/frenando-la-inflacion-o-acelerando-el-deterioro-del-pib\/","og_site_name":"El Diario - Bolivia","article_publisher":"https:\/\/www.facebook.com\/eldiario.bolivia\/","article_published_time":"2026-09-04T10:34:35+00:00","og_image":[{"width":1200,"height":628,"url":"https:\/\/www.eldiario.net\/portal\/wp-content\/uploads\/2026\/03\/Oswaldo-Irusta-Diaz.webp","type":"image\/webp"}],"author":"Jeanette","twitter_card":"summary_large_image","twitter_creator":"@eldiario_net","twitter_site":"@eldiario_net","twitter_misc":{"Escrito por":"Jeanette","Tiempo de lectura":"4 minutos"},"schema":{"@context":"https:\/\/schema.org","@graph":[{"@type":"Article","@id":"https:\/\/www.eldiario.net\/portal\/2026\/09\/04\/frenando-la-inflacion-o-acelerando-el-deterioro-del-pib\/#article","isPartOf":{"@id":"https:\/\/www.eldiario.net\/portal\/2026\/09\/04\/frenando-la-inflacion-o-acelerando-el-deterioro-del-pib\/"},"author":{"name":"Jeanette","@id":"https:\/\/www.eldiario.net\/portal\/#\/schema\/person\/f46445640444750d7d753ccd04ae01b7"},"headline":"\u00bfFrenando la inflaci\u00f3n o acelerando el deterioro del PIB?","datePublished":"2026-09-04T10:34:35+00:00","mainEntityOfPage":{"@id":"https:\/\/www.eldiario.net\/portal\/2026\/09\/04\/frenando-la-inflacion-o-acelerando-el-deterioro-del-pib\/"},"wordCount":752,"publisher":{"@id":"https:\/\/www.eldiario.net\/portal\/#organization"},"image":{"@id":"https:\/\/www.eldiario.net\/portal\/2026\/09\/04\/frenando-la-inflacion-o-acelerando-el-deterioro-del-pib\/#primaryimage"},"thumbnailUrl":"https:\/\/www.eldiario.net\/portal\/wp-content\/uploads\/2026\/03\/Oswaldo-Irusta-Diaz.webp","articleSection":["Opini\u00f3n"],"inLanguage":"es"},{"@type":"WebPage","@id":"https:\/\/www.eldiario.net\/portal\/2026\/09\/04\/frenando-la-inflacion-o-acelerando-el-deterioro-del-pib\/","url":"https:\/\/www.eldiario.net\/portal\/2026\/09\/04\/frenando-la-inflacion-o-acelerando-el-deterioro-del-pib\/","name":"\u00bfFrenando la inflaci\u00f3n o acelerando el deterioro del PIB? - El Diario - Bolivia","isPartOf":{"@id":"https:\/\/www.eldiario.net\/portal\/#website"},"primaryImageOfPage":{"@id":"https:\/\/www.eldiario.net\/portal\/2026\/09\/04\/frenando-la-inflacion-o-acelerando-el-deterioro-del-pib\/#primaryimage"},"image":{"@id":"https:\/\/www.eldiario.net\/portal\/2026\/09\/04\/frenando-la-inflacion-o-acelerando-el-deterioro-del-pib\/#primaryimage"},"thumbnailUrl":"https:\/\/www.eldiario.net\/portal\/wp-content\/uploads\/2026\/03\/Oswaldo-Irusta-Diaz.webp","datePublished":"2026-09-04T10:34:35+00:00","breadcrumb":{"@id":"https:\/\/www.eldiario.net\/portal\/2026\/09\/04\/frenando-la-inflacion-o-acelerando-el-deterioro-del-pib\/#breadcrumb"},"inLanguage":"es","potentialAction":[{"@type":"ReadAction","target":["https:\/\/www.eldiario.net\/portal\/2026\/09\/04\/frenando-la-inflacion-o-acelerando-el-deterioro-del-pib\/"]}]},{"@type":"ImageObject","inLanguage":"es","@id":"https:\/\/www.eldiario.net\/portal\/2026\/09\/04\/frenando-la-inflacion-o-acelerando-el-deterioro-del-pib\/#primaryimage","url":"https:\/\/www.eldiario.net\/portal\/wp-content\/uploads\/2026\/03\/Oswaldo-Irusta-Diaz.webp","contentUrl":"https:\/\/www.eldiario.net\/portal\/wp-content\/uploads\/2026\/03\/Oswaldo-Irusta-Diaz.webp","width":1200,"height":628,"caption":"Oswaldo Irusta D\u00edaz"},{"@type":"BreadcrumbList","@id":"https:\/\/www.eldiario.net\/portal\/2026\/09\/04\/frenando-la-inflacion-o-acelerando-el-deterioro-del-pib\/#breadcrumb","itemListElement":[{"@type":"ListItem","position":1,"name":"Portada","item":"https:\/\/www.eldiario.net\/portal\/"},{"@type":"ListItem","position":2,"name":"\u00bfFrenando la inflaci\u00f3n o acelerando el deterioro del PIB?"}]},{"@type":"WebSite","@id":"https:\/\/www.eldiario.net\/portal\/#website","url":"https:\/\/www.eldiario.net\/portal\/","name":"El Diario - Decano de la prensa nacional","description":"El Diario - Decano de la prensa nacional","publisher":{"@id":"https:\/\/www.eldiario.net\/portal\/#organization"},"potentialAction":[{"@type":"SearchAction","target":{"@type":"EntryPoint","urlTemplate":"https:\/\/www.eldiario.net\/portal\/?s={search_term_string}"},"query-input":{"@type":"PropertyValueSpecification","valueRequired":true,"valueName":"search_term_string"}}],"inLanguage":"es"},{"@type":"Organization","@id":"https:\/\/www.eldiario.net\/portal\/#organization","name":"El Diario - Decano de la prensa nacional","url":"https:\/\/www.eldiario.net\/portal\/","logo":{"@type":"ImageObject","inLanguage":"es","@id":"https:\/\/www.eldiario.net\/portal\/#\/schema\/logo\/image\/","url":"https:\/\/www.eldiario.net\/portal\/wp-content\/uploads\/2023\/07\/logo_ED.jpg","contentUrl":"https:\/\/www.eldiario.net\/portal\/wp-content\/uploads\/2023\/07\/logo_ED.jpg","width":272,"height":52,"caption":"El Diario - Decano de la prensa nacional"},"image":{"@id":"https:\/\/www.eldiario.net\/portal\/#\/schema\/logo\/image\/"},"sameAs":["https:\/\/www.facebook.com\/eldiario.bolivia\/","https:\/\/x.com\/eldiario_net"]},{"@type":"Person","@id":"https:\/\/www.eldiario.net\/portal\/#\/schema\/person\/f46445640444750d7d753ccd04ae01b7","name":"Jeanette","image":{"@type":"ImageObject","inLanguage":"es","@id":"https:\/\/secure.gravatar.com\/avatar\/3ea2118a5f7dad2b7138b1187a6b7ee55f160b9968b66013c3a3ef39dd7e5798?s=96&d=mm&r=g","url":"https:\/\/secure.gravatar.com\/avatar\/3ea2118a5f7dad2b7138b1187a6b7ee55f160b9968b66013c3a3ef39dd7e5798?s=96&d=mm&r=g","contentUrl":"https:\/\/secure.gravatar.com\/avatar\/3ea2118a5f7dad2b7138b1187a6b7ee55f160b9968b66013c3a3ef39dd7e5798?s=96&d=mm&r=g","caption":"Jeanette"},"sameAs":["https:\/\/www.eldiario.net\/portal"],"url":"https:\/\/www.eldiario.net\/portal\/author\/jeanette\/"}]}},"_links":{"self":[{"href":"https:\/\/www.eldiario.net\/portal\/wp-json\/wp\/v2\/posts\/427616","targetHints":{"allow":["GET"]}}],"collection":[{"href":"https:\/\/www.eldiario.net\/portal\/wp-json\/wp\/v2\/posts"}],"about":[{"href":"https:\/\/www.eldiario.net\/portal\/wp-json\/wp\/v2\/types\/post"}],"author":[{"embeddable":true,"href":"https:\/\/www.eldiario.net\/portal\/wp-json\/wp\/v2\/users\/1"}],"replies":[{"embeddable":true,"href":"https:\/\/www.eldiario.net\/portal\/wp-json\/wp\/v2\/comments?post=427616"}],"version-history":[{"count":1,"href":"https:\/\/www.eldiario.net\/portal\/wp-json\/wp\/v2\/posts\/427616\/revisions"}],"predecessor-version":[{"id":427617,"href":"https:\/\/www.eldiario.net\/portal\/wp-json\/wp\/v2\/posts\/427616\/revisions\/427617"}],"wp:featuredmedia":[{"embeddable":true,"href":"https:\/\/www.eldiario.net\/portal\/wp-json\/wp\/v2\/media\/373742"}],"wp:attachment":[{"href":"https:\/\/www.eldiario.net\/portal\/wp-json\/wp\/v2\/media?parent=427616"}],"wp:term":[{"taxonomy":"category","embeddable":true,"href":"https:\/\/www.eldiario.net\/portal\/wp-json\/wp\/v2\/categories?post=427616"},{"taxonomy":"post_tag","embeddable":true,"href":"https:\/\/www.eldiario.net\/portal\/wp-json\/wp\/v2\/tags?post=427616"}],"curies":[{"name":"wp","href":"https:\/\/api.w.org\/{rel}","templated":true}]}}