{"id":427611,"date":"2026-09-04T06:32:27","date_gmt":"2026-09-04T10:32:27","guid":{"rendered":"https:\/\/www.eldiario.net\/portal\/?p=427611"},"modified":"2026-09-04T06:32:27","modified_gmt":"2026-09-04T10:32:27","slug":"plantean-convocar-a-especialistas-para-disenar-nueva-politica-energetica","status":"publish","type":"post","link":"https:\/\/www.eldiario.net\/portal\/2026\/09\/04\/plantean-convocar-a-especialistas-para-disenar-nueva-politica-energetica\/","title":{"rendered":"Plantean convocar a especialistas  para dise\u00f1ar nueva pol\u00edtica energ\u00e9tica"},"content":{"rendered":"<p>El gobierno de Rodrigo Paz Pereira debe convocar a un Consejo Nacional de Energ\u00eda, integrado por expertos en el tema, con el objetivo de dise\u00f1ar una pol\u00edtica energ\u00e9tica para encarar la crisis de los hidrocarburos y los futuros problemas que se presenten en la generaci\u00f3n el\u00e9ctrica, de acuerdo con el consultor internacional y expresidente de la Comisi\u00f3n de Integraci\u00f3n Energ\u00e9tica Regional de Latinoam\u00e9rica en Energ\u00eda (CIER), Boris Santos G\u00f3mez \u00dazqueda.<br \/>\nEl Ejecutivo viene anunciando la elaboraci\u00f3n de una ley de hidrocarburos y de electricidad, con el objetivo de atraer inversiones y revertir la situaci\u00f3n del sector del gas y el petr\u00f3leo, que baj\u00f3 la producci\u00f3n en los \u00faltimos a\u00f1os, pero tambi\u00e9n asegurar la provisi\u00f3n de energ\u00eda el\u00e9ctrica.<br \/>\nPero no s\u00f3lo la propuesta del experto apunta a la producci\u00f3n de hidrocarburos y la provisi\u00f3n de electricidad, mediante la inversi\u00f3n extranjera, sino tambi\u00e9n apuntar a otras energ\u00edas alternativas.<br \/>\n\u201cLo importante en esta coyuntura es entender que Bolivia necesita reformar la Constituci\u00f3n para abrir que capitales privados internacionales puedan participar en toda la cadena productiva y particular en el sector de hidrocarburos y energ\u00eda el\u00e9ctrica\u201d, explic\u00f3 G\u00f3mez \u00dazqueda.<br \/>\nEl experto en el tema de hidrocarburos de la Fundaci\u00f3n Jubileo, Ra\u00fal Vel\u00e1squez, en reiteradas oportunidades plante\u00f3 la necesidad de elaborar una nueva ley para el sector, urgente, ya que la inversi\u00f3n toma tiempo para mostrar sus resultados.<br \/>\nLa apertura de la Constituci\u00f3n permitir\u00e1 atraer inversi\u00f3n privada e implementarla a escala, en el caso de los hidrocarburos permitir\u00e1 modernizar el sector y los procesos de refinaci\u00f3n; y la comercializaci\u00f3n deber\u00eda estar a cargo de empresarios y no del Estado, reflexion\u00f3 el experto.<br \/>\nUna de las primeras tareas que propone el consultor en Hidrocarburos, \u00c1lvaro R\u00edos, es la eliminaci\u00f3n de los subsidios e implementar precios de acuerdo al mercado internacional, de lo contrario nadie vendr\u00e1 al pa\u00eds para invertir.<br \/>\nFracaso<br \/>\nG\u00f3mez asegura que el Estado s\u00f3lo debe ser intermediador, debido al fracaso del socialismo de 19 a\u00f1os y tambi\u00e9n el sector privado tendr\u00e1 que invertir en la generaci\u00f3n de energ\u00eda el\u00e9ctrica, para ello se requiere una ley.<br \/>\nBolivia actualmente enfrenta una crisis energ\u00e9tica, producto del mal manejo de los hidrocarburos por el Movimiento al Socialismo (MAS), que no invirti\u00f3 en el sector y s\u00f3lo gast\u00f3 el dinero ingresado por la venta de gas natural a Argentina y Brasil.<br \/>\nLa importaci\u00f3n del di\u00e9sel bordea el 90% y la de gasolina alrededor del 60%, que requiere recursos y d\u00f3lares, mientras el subsidio tambi\u00e9n provoca erogaci\u00f3n de bolivianos.<br \/>\nPol\u00edtica<br \/>\nAnte ese panorama, el consultor insiste en la redacci\u00f3n y visi\u00f3n de una nueva pol\u00edtica energ\u00e9tica, para ello se debe convocar a un Consejo Consultivo en energ\u00eda para que haga las reformas en las empresas estatales y en las normativas, cuya tarea sea realizado por especialista en la industria.<br \/>\nMientras otros expertos en hidrocarburos plantean que las propuestas vengan acompa\u00f1adas de la institucionalizaci\u00f3n, caracter\u00edstica que se perdi\u00f3 en los \u00faltimos 20 a\u00f1os, ya que se nombraron a personas que no ten\u00edan nada que ver con los sectores en donde fueron posesionados.<br \/>\nCambios en YPFB<br \/>\ny ENDE<br \/>\nEl consultor sugiere una reducci\u00f3n de 50% del personal de las corporaciones y avanzar en la fusi\u00f3n de subsidiarias y filiales de Yacimientos Petrol\u00edferos Fiscales Bolivianos (YPFB) y de la Empresas Nacional de Electricidad (ENDE).<br \/>\nEl mi\u00e9rcoles y ayer, el Gobierno decidi\u00f3 intervenir YPFB y ANH, esta \u00faltima ingresar\u00eda en un proceso de cierre hasta crear una nueva entidad reguladora que reemplazar\u00e1 a la Agencia Nacional de Hidrocarburos.<br \/>\nLa propuesta para una nueva pol\u00edtica energ\u00e9tica resalta ante la necesidad de recuperar reservas de gas, garantizar el abastecimiento interno y reducir la dependencia de las importaciones de combustibles.<br \/>\nComo es de conocimiento, la producci\u00f3n de gas baj\u00f3 en m\u00e1s del 50%, de 60 millones de metros c\u00fabicos (MMmcd) a 27 MMmcd en la presente gesti\u00f3n, y las reservas est\u00e1n por los 3 a 4 TCF, seg\u00fan las estimaciones de los expertos.<\/p>\n","protected":false},"excerpt":{"rendered":"<p>El gobierno de Rodrigo Paz Pereira debe convocar a un Consejo Nacional de Energ\u00eda, integrado por expertos en el tema, con el objetivo de dise\u00f1ar una pol\u00edtica energ\u00e9tica para encarar la crisis de los hidrocarburos y los futuros problemas que se presenten en la generaci\u00f3n el\u00e9ctrica, de acuerdo con el consultor internacional y expresidente de [&hellip;]<\/p>\n","protected":false},"author":1,"featured_media":427612,"comment_status":"closed","ping_status":"open","sticky":false,"template":"","format":"standard","meta":{"_acf_changed":false,"footnotes":""},"categories":[7],"tags":[],"class_list":["post-427611","post","type-post","status-publish","format-standard","has-post-thumbnail","category-economia"],"acf":{"antetitulo":""},"yoast_head":"<!-- This site is optimized with the Yoast SEO plugin v28.4 - https:\/\/yoast.com\/product\/yoast-seo-wordpress\/ -->\n<title>Plantean convocar a especialistas para dise\u00f1ar nueva pol\u00edtica energ\u00e9tica - El Diario - Bolivia<\/title>\n<meta name=\"robots\" content=\"index, follow, max-snippet:-1, max-image-preview:large, max-video-preview:-1\" \/>\n<link rel=\"canonical\" href=\"https:\/\/www.eldiario.net\/portal\/2026\/09\/04\/plantean-convocar-a-especialistas-para-disenar-nueva-politica-energetica\/\" \/>\n<meta property=\"og:locale\" content=\"es_ES\" \/>\n<meta property=\"og:type\" content=\"article\" \/>\n<meta property=\"og:title\" content=\"Plantean convocar a especialistas para dise\u00f1ar nueva pol\u00edtica energ\u00e9tica - El Diario - Bolivia\" \/>\n<meta property=\"og:description\" content=\"El gobierno de Rodrigo Paz Pereira debe convocar a un Consejo Nacional de Energ\u00eda, integrado por expertos en el tema, con el objetivo de dise\u00f1ar una pol\u00edtica energ\u00e9tica para encarar la crisis de los hidrocarburos y los futuros problemas que se presenten en la generaci\u00f3n el\u00e9ctrica, de acuerdo con el consultor internacional y expresidente de [&hellip;]\" \/>\n<meta property=\"og:url\" content=\"https:\/\/www.eldiario.net\/portal\/2026\/09\/04\/plantean-convocar-a-especialistas-para-disenar-nueva-politica-energetica\/\" \/>\n<meta property=\"og:site_name\" content=\"El Diario - Bolivia\" \/>\n<meta property=\"article:publisher\" content=\"https:\/\/www.facebook.com\/eldiario.bolivia\/\" \/>\n<meta property=\"article:published_time\" content=\"2026-09-04T10:32:27+00:00\" \/>\n<meta property=\"og:image\" content=\"https:\/\/www.eldiario.net\/portal\/wp-content\/uploads\/2026\/09\/boris.webp\" \/>\n\t<meta property=\"og:image:width\" content=\"1080\" \/>\n\t<meta property=\"og:image:height\" content=\"1184\" \/>\n\t<meta property=\"og:image:type\" content=\"image\/webp\" \/>\n<meta name=\"author\" content=\"Jeanette\" \/>\n<meta name=\"twitter:card\" content=\"summary_large_image\" \/>\n<meta name=\"twitter:creator\" content=\"@eldiario_net\" \/>\n<meta name=\"twitter:site\" content=\"@eldiario_net\" \/>\n<meta name=\"twitter:label1\" content=\"Escrito por\" \/>\n\t<meta name=\"twitter:data1\" content=\"Jeanette\" \/>\n\t<meta name=\"twitter:label2\" content=\"Tiempo de lectura\" \/>\n\t<meta name=\"twitter:data2\" content=\"4 minutos\" \/>\n<script type=\"application\/ld+json\" class=\"yoast-schema-graph\">{\"@context\":\"https:\\\/\\\/schema.org\",\"@graph\":[{\"@type\":\"Article\",\"@id\":\"https:\\\/\\\/www.eldiario.net\\\/portal\\\/2026\\\/09\\\/04\\\/plantean-convocar-a-especialistas-para-disenar-nueva-politica-energetica\\\/#article\",\"isPartOf\":{\"@id\":\"https:\\\/\\\/www.eldiario.net\\\/portal\\\/2026\\\/09\\\/04\\\/plantean-convocar-a-especialistas-para-disenar-nueva-politica-energetica\\\/\"},\"author\":{\"name\":\"Jeanette\",\"@id\":\"https:\\\/\\\/www.eldiario.net\\\/portal\\\/#\\\/schema\\\/person\\\/f46445640444750d7d753ccd04ae01b7\"},\"headline\":\"Plantean convocar a especialistas para dise\u00f1ar nueva pol\u00edtica energ\u00e9tica\",\"datePublished\":\"2026-09-04T10:32:27+00:00\",\"mainEntityOfPage\":{\"@id\":\"https:\\\/\\\/www.eldiario.net\\\/portal\\\/2026\\\/09\\\/04\\\/plantean-convocar-a-especialistas-para-disenar-nueva-politica-energetica\\\/\"},\"wordCount\":729,\"publisher\":{\"@id\":\"https:\\\/\\\/www.eldiario.net\\\/portal\\\/#organization\"},\"image\":{\"@id\":\"https:\\\/\\\/www.eldiario.net\\\/portal\\\/2026\\\/09\\\/04\\\/plantean-convocar-a-especialistas-para-disenar-nueva-politica-energetica\\\/#primaryimage\"},\"thumbnailUrl\":\"https:\\\/\\\/www.eldiario.net\\\/portal\\\/wp-content\\\/uploads\\\/2026\\\/09\\\/boris.webp\",\"articleSection\":[\"Econom\u00eda\"],\"inLanguage\":\"es\"},{\"@type\":\"WebPage\",\"@id\":\"https:\\\/\\\/www.eldiario.net\\\/portal\\\/2026\\\/09\\\/04\\\/plantean-convocar-a-especialistas-para-disenar-nueva-politica-energetica\\\/\",\"url\":\"https:\\\/\\\/www.eldiario.net\\\/portal\\\/2026\\\/09\\\/04\\\/plantean-convocar-a-especialistas-para-disenar-nueva-politica-energetica\\\/\",\"name\":\"Plantean convocar a especialistas para dise\u00f1ar nueva pol\u00edtica energ\u00e9tica - El Diario - Bolivia\",\"isPartOf\":{\"@id\":\"https:\\\/\\\/www.eldiario.net\\\/portal\\\/#website\"},\"primaryImageOfPage\":{\"@id\":\"https:\\\/\\\/www.eldiario.net\\\/portal\\\/2026\\\/09\\\/04\\\/plantean-convocar-a-especialistas-para-disenar-nueva-politica-energetica\\\/#primaryimage\"},\"image\":{\"@id\":\"https:\\\/\\\/www.eldiario.net\\\/portal\\\/2026\\\/09\\\/04\\\/plantean-convocar-a-especialistas-para-disenar-nueva-politica-energetica\\\/#primaryimage\"},\"thumbnailUrl\":\"https:\\\/\\\/www.eldiario.net\\\/portal\\\/wp-content\\\/uploads\\\/2026\\\/09\\\/boris.webp\",\"datePublished\":\"2026-09-04T10:32:27+00:00\",\"breadcrumb\":{\"@id\":\"https:\\\/\\\/www.eldiario.net\\\/portal\\\/2026\\\/09\\\/04\\\/plantean-convocar-a-especialistas-para-disenar-nueva-politica-energetica\\\/#breadcrumb\"},\"inLanguage\":\"es\",\"potentialAction\":[{\"@type\":\"ReadAction\",\"target\":[\"https:\\\/\\\/www.eldiario.net\\\/portal\\\/2026\\\/09\\\/04\\\/plantean-convocar-a-especialistas-para-disenar-nueva-politica-energetica\\\/\"]}]},{\"@type\":\"ImageObject\",\"inLanguage\":\"es\",\"@id\":\"https:\\\/\\\/www.eldiario.net\\\/portal\\\/2026\\\/09\\\/04\\\/plantean-convocar-a-especialistas-para-disenar-nueva-politica-energetica\\\/#primaryimage\",\"url\":\"https:\\\/\\\/www.eldiario.net\\\/portal\\\/wp-content\\\/uploads\\\/2026\\\/09\\\/boris.webp\",\"contentUrl\":\"https:\\\/\\\/www.eldiario.net\\\/portal\\\/wp-content\\\/uploads\\\/2026\\\/09\\\/boris.webp\",\"width\":1080,\"height\":1184,\"caption\":\"El Consultor en energ\u00eda, Boris G\u00f3mez \u00dazqueda.\"},{\"@type\":\"BreadcrumbList\",\"@id\":\"https:\\\/\\\/www.eldiario.net\\\/portal\\\/2026\\\/09\\\/04\\\/plantean-convocar-a-especialistas-para-disenar-nueva-politica-energetica\\\/#breadcrumb\",\"itemListElement\":[{\"@type\":\"ListItem\",\"position\":1,\"name\":\"Portada\",\"item\":\"https:\\\/\\\/www.eldiario.net\\\/portal\\\/\"},{\"@type\":\"ListItem\",\"position\":2,\"name\":\"Plantean convocar a especialistas para dise\u00f1ar nueva pol\u00edtica energ\u00e9tica\"}]},{\"@type\":\"WebSite\",\"@id\":\"https:\\\/\\\/www.eldiario.net\\\/portal\\\/#website\",\"url\":\"https:\\\/\\\/www.eldiario.net\\\/portal\\\/\",\"name\":\"El Diario - Decano de la prensa nacional\",\"description\":\"El Diario - Decano de la prensa nacional\",\"publisher\":{\"@id\":\"https:\\\/\\\/www.eldiario.net\\\/portal\\\/#organization\"},\"potentialAction\":[{\"@type\":\"SearchAction\",\"target\":{\"@type\":\"EntryPoint\",\"urlTemplate\":\"https:\\\/\\\/www.eldiario.net\\\/portal\\\/?s={search_term_string}\"},\"query-input\":{\"@type\":\"PropertyValueSpecification\",\"valueRequired\":true,\"valueName\":\"search_term_string\"}}],\"inLanguage\":\"es\"},{\"@type\":\"Organization\",\"@id\":\"https:\\\/\\\/www.eldiario.net\\\/portal\\\/#organization\",\"name\":\"El Diario - Decano de la prensa nacional\",\"url\":\"https:\\\/\\\/www.eldiario.net\\\/portal\\\/\",\"logo\":{\"@type\":\"ImageObject\",\"inLanguage\":\"es\",\"@id\":\"https:\\\/\\\/www.eldiario.net\\\/portal\\\/#\\\/schema\\\/logo\\\/image\\\/\",\"url\":\"https:\\\/\\\/www.eldiario.net\\\/portal\\\/wp-content\\\/uploads\\\/2023\\\/07\\\/logo_ED.jpg\",\"contentUrl\":\"https:\\\/\\\/www.eldiario.net\\\/portal\\\/wp-content\\\/uploads\\\/2023\\\/07\\\/logo_ED.jpg\",\"width\":272,\"height\":52,\"caption\":\"El Diario - Decano de la prensa nacional\"},\"image\":{\"@id\":\"https:\\\/\\\/www.eldiario.net\\\/portal\\\/#\\\/schema\\\/logo\\\/image\\\/\"},\"sameAs\":[\"https:\\\/\\\/www.facebook.com\\\/eldiario.bolivia\\\/\",\"https:\\\/\\\/x.com\\\/eldiario_net\"]},{\"@type\":\"Person\",\"@id\":\"https:\\\/\\\/www.eldiario.net\\\/portal\\\/#\\\/schema\\\/person\\\/f46445640444750d7d753ccd04ae01b7\",\"name\":\"Jeanette\",\"image\":{\"@type\":\"ImageObject\",\"inLanguage\":\"es\",\"@id\":\"https:\\\/\\\/secure.gravatar.com\\\/avatar\\\/3ea2118a5f7dad2b7138b1187a6b7ee55f160b9968b66013c3a3ef39dd7e5798?s=96&d=mm&r=g\",\"url\":\"https:\\\/\\\/secure.gravatar.com\\\/avatar\\\/3ea2118a5f7dad2b7138b1187a6b7ee55f160b9968b66013c3a3ef39dd7e5798?s=96&d=mm&r=g\",\"contentUrl\":\"https:\\\/\\\/secure.gravatar.com\\\/avatar\\\/3ea2118a5f7dad2b7138b1187a6b7ee55f160b9968b66013c3a3ef39dd7e5798?s=96&d=mm&r=g\",\"caption\":\"Jeanette\"},\"sameAs\":[\"https:\\\/\\\/www.eldiario.net\\\/portal\"],\"url\":\"https:\\\/\\\/www.eldiario.net\\\/portal\\\/author\\\/jeanette\\\/\"}]}<\/script>\n<!-- \/ Yoast SEO plugin. -->","yoast_head_json":{"title":"Plantean convocar a especialistas para dise\u00f1ar nueva pol\u00edtica energ\u00e9tica - El Diario - Bolivia","robots":{"index":"index","follow":"follow","max-snippet":"max-snippet:-1","max-image-preview":"max-image-preview:large","max-video-preview":"max-video-preview:-1"},"canonical":"https:\/\/www.eldiario.net\/portal\/2026\/09\/04\/plantean-convocar-a-especialistas-para-disenar-nueva-politica-energetica\/","og_locale":"es_ES","og_type":"article","og_title":"Plantean convocar a especialistas para dise\u00f1ar nueva pol\u00edtica energ\u00e9tica - El Diario - Bolivia","og_description":"El gobierno de Rodrigo Paz Pereira debe convocar a un Consejo Nacional de Energ\u00eda, integrado por expertos en el tema, con el objetivo de dise\u00f1ar una pol\u00edtica energ\u00e9tica para encarar la crisis de los hidrocarburos y los futuros problemas que se presenten en la generaci\u00f3n el\u00e9ctrica, de acuerdo con el consultor internacional y expresidente de [&hellip;]","og_url":"https:\/\/www.eldiario.net\/portal\/2026\/09\/04\/plantean-convocar-a-especialistas-para-disenar-nueva-politica-energetica\/","og_site_name":"El Diario - Bolivia","article_publisher":"https:\/\/www.facebook.com\/eldiario.bolivia\/","article_published_time":"2026-09-04T10:32:27+00:00","og_image":[{"width":1080,"height":1184,"url":"https:\/\/www.eldiario.net\/portal\/wp-content\/uploads\/2026\/09\/boris.webp","type":"image\/webp"}],"author":"Jeanette","twitter_card":"summary_large_image","twitter_creator":"@eldiario_net","twitter_site":"@eldiario_net","twitter_misc":{"Escrito por":"Jeanette","Tiempo de lectura":"4 minutos"},"schema":{"@context":"https:\/\/schema.org","@graph":[{"@type":"Article","@id":"https:\/\/www.eldiario.net\/portal\/2026\/09\/04\/plantean-convocar-a-especialistas-para-disenar-nueva-politica-energetica\/#article","isPartOf":{"@id":"https:\/\/www.eldiario.net\/portal\/2026\/09\/04\/plantean-convocar-a-especialistas-para-disenar-nueva-politica-energetica\/"},"author":{"name":"Jeanette","@id":"https:\/\/www.eldiario.net\/portal\/#\/schema\/person\/f46445640444750d7d753ccd04ae01b7"},"headline":"Plantean convocar a especialistas para dise\u00f1ar nueva pol\u00edtica energ\u00e9tica","datePublished":"2026-09-04T10:32:27+00:00","mainEntityOfPage":{"@id":"https:\/\/www.eldiario.net\/portal\/2026\/09\/04\/plantean-convocar-a-especialistas-para-disenar-nueva-politica-energetica\/"},"wordCount":729,"publisher":{"@id":"https:\/\/www.eldiario.net\/portal\/#organization"},"image":{"@id":"https:\/\/www.eldiario.net\/portal\/2026\/09\/04\/plantean-convocar-a-especialistas-para-disenar-nueva-politica-energetica\/#primaryimage"},"thumbnailUrl":"https:\/\/www.eldiario.net\/portal\/wp-content\/uploads\/2026\/09\/boris.webp","articleSection":["Econom\u00eda"],"inLanguage":"es"},{"@type":"WebPage","@id":"https:\/\/www.eldiario.net\/portal\/2026\/09\/04\/plantean-convocar-a-especialistas-para-disenar-nueva-politica-energetica\/","url":"https:\/\/www.eldiario.net\/portal\/2026\/09\/04\/plantean-convocar-a-especialistas-para-disenar-nueva-politica-energetica\/","name":"Plantean convocar a especialistas para dise\u00f1ar nueva pol\u00edtica energ\u00e9tica - El Diario - Bolivia","isPartOf":{"@id":"https:\/\/www.eldiario.net\/portal\/#website"},"primaryImageOfPage":{"@id":"https:\/\/www.eldiario.net\/portal\/2026\/09\/04\/plantean-convocar-a-especialistas-para-disenar-nueva-politica-energetica\/#primaryimage"},"image":{"@id":"https:\/\/www.eldiario.net\/portal\/2026\/09\/04\/plantean-convocar-a-especialistas-para-disenar-nueva-politica-energetica\/#primaryimage"},"thumbnailUrl":"https:\/\/www.eldiario.net\/portal\/wp-content\/uploads\/2026\/09\/boris.webp","datePublished":"2026-09-04T10:32:27+00:00","breadcrumb":{"@id":"https:\/\/www.eldiario.net\/portal\/2026\/09\/04\/plantean-convocar-a-especialistas-para-disenar-nueva-politica-energetica\/#breadcrumb"},"inLanguage":"es","potentialAction":[{"@type":"ReadAction","target":["https:\/\/www.eldiario.net\/portal\/2026\/09\/04\/plantean-convocar-a-especialistas-para-disenar-nueva-politica-energetica\/"]}]},{"@type":"ImageObject","inLanguage":"es","@id":"https:\/\/www.eldiario.net\/portal\/2026\/09\/04\/plantean-convocar-a-especialistas-para-disenar-nueva-politica-energetica\/#primaryimage","url":"https:\/\/www.eldiario.net\/portal\/wp-content\/uploads\/2026\/09\/boris.webp","contentUrl":"https:\/\/www.eldiario.net\/portal\/wp-content\/uploads\/2026\/09\/boris.webp","width":1080,"height":1184,"caption":"El Consultor en energ\u00eda, Boris G\u00f3mez \u00dazqueda."},{"@type":"BreadcrumbList","@id":"https:\/\/www.eldiario.net\/portal\/2026\/09\/04\/plantean-convocar-a-especialistas-para-disenar-nueva-politica-energetica\/#breadcrumb","itemListElement":[{"@type":"ListItem","position":1,"name":"Portada","item":"https:\/\/www.eldiario.net\/portal\/"},{"@type":"ListItem","position":2,"name":"Plantean convocar a especialistas para dise\u00f1ar nueva pol\u00edtica energ\u00e9tica"}]},{"@type":"WebSite","@id":"https:\/\/www.eldiario.net\/portal\/#website","url":"https:\/\/www.eldiario.net\/portal\/","name":"El Diario - Decano de la prensa nacional","description":"El Diario - Decano de la prensa nacional","publisher":{"@id":"https:\/\/www.eldiario.net\/portal\/#organization"},"potentialAction":[{"@type":"SearchAction","target":{"@type":"EntryPoint","urlTemplate":"https:\/\/www.eldiario.net\/portal\/?s={search_term_string}"},"query-input":{"@type":"PropertyValueSpecification","valueRequired":true,"valueName":"search_term_string"}}],"inLanguage":"es"},{"@type":"Organization","@id":"https:\/\/www.eldiario.net\/portal\/#organization","name":"El Diario - Decano de la prensa nacional","url":"https:\/\/www.eldiario.net\/portal\/","logo":{"@type":"ImageObject","inLanguage":"es","@id":"https:\/\/www.eldiario.net\/portal\/#\/schema\/logo\/image\/","url":"https:\/\/www.eldiario.net\/portal\/wp-content\/uploads\/2023\/07\/logo_ED.jpg","contentUrl":"https:\/\/www.eldiario.net\/portal\/wp-content\/uploads\/2023\/07\/logo_ED.jpg","width":272,"height":52,"caption":"El Diario - Decano de la prensa nacional"},"image":{"@id":"https:\/\/www.eldiario.net\/portal\/#\/schema\/logo\/image\/"},"sameAs":["https:\/\/www.facebook.com\/eldiario.bolivia\/","https:\/\/x.com\/eldiario_net"]},{"@type":"Person","@id":"https:\/\/www.eldiario.net\/portal\/#\/schema\/person\/f46445640444750d7d753ccd04ae01b7","name":"Jeanette","image":{"@type":"ImageObject","inLanguage":"es","@id":"https:\/\/secure.gravatar.com\/avatar\/3ea2118a5f7dad2b7138b1187a6b7ee55f160b9968b66013c3a3ef39dd7e5798?s=96&d=mm&r=g","url":"https:\/\/secure.gravatar.com\/avatar\/3ea2118a5f7dad2b7138b1187a6b7ee55f160b9968b66013c3a3ef39dd7e5798?s=96&d=mm&r=g","contentUrl":"https:\/\/secure.gravatar.com\/avatar\/3ea2118a5f7dad2b7138b1187a6b7ee55f160b9968b66013c3a3ef39dd7e5798?s=96&d=mm&r=g","caption":"Jeanette"},"sameAs":["https:\/\/www.eldiario.net\/portal"],"url":"https:\/\/www.eldiario.net\/portal\/author\/jeanette\/"}]}},"_links":{"self":[{"href":"https:\/\/www.eldiario.net\/portal\/wp-json\/wp\/v2\/posts\/427611","targetHints":{"allow":["GET"]}}],"collection":[{"href":"https:\/\/www.eldiario.net\/portal\/wp-json\/wp\/v2\/posts"}],"about":[{"href":"https:\/\/www.eldiario.net\/portal\/wp-json\/wp\/v2\/types\/post"}],"author":[{"embeddable":true,"href":"https:\/\/www.eldiario.net\/portal\/wp-json\/wp\/v2\/users\/1"}],"replies":[{"embeddable":true,"href":"https:\/\/www.eldiario.net\/portal\/wp-json\/wp\/v2\/comments?post=427611"}],"version-history":[{"count":1,"href":"https:\/\/www.eldiario.net\/portal\/wp-json\/wp\/v2\/posts\/427611\/revisions"}],"predecessor-version":[{"id":427613,"href":"https:\/\/www.eldiario.net\/portal\/wp-json\/wp\/v2\/posts\/427611\/revisions\/427613"}],"wp:featuredmedia":[{"embeddable":true,"href":"https:\/\/www.eldiario.net\/portal\/wp-json\/wp\/v2\/media\/427612"}],"wp:attachment":[{"href":"https:\/\/www.eldiario.net\/portal\/wp-json\/wp\/v2\/media?parent=427611"}],"wp:term":[{"taxonomy":"category","embeddable":true,"href":"https:\/\/www.eldiario.net\/portal\/wp-json\/wp\/v2\/categories?post=427611"},{"taxonomy":"post_tag","embeddable":true,"href":"https:\/\/www.eldiario.net\/portal\/wp-json\/wp\/v2\/tags?post=427611"}],"curies":[{"name":"wp","href":"https:\/\/api.w.org\/{rel}","templated":true}]}}