{"id":427608,"date":"2026-09-04T06:31:47","date_gmt":"2026-09-04T10:31:47","guid":{"rendered":"https:\/\/www.eldiario.net\/portal\/?p=427608"},"modified":"2026-09-04T06:31:47","modified_gmt":"2026-09-04T10:31:47","slug":"confirman-cierre-de-la-anh-y-preven-nuevo-ente-regulador","status":"publish","type":"post","link":"https:\/\/www.eldiario.net\/portal\/2026\/09\/04\/confirman-cierre-de-la-anh-y-preven-nuevo-ente-regulador\/","title":{"rendered":"Confirman cierre de la ANH y  prev\u00e9n nuevo ente regulador"},"content":{"rendered":"<p>Una reestructuraci\u00f3n profunda en el sector energ\u00e9tico boliviano fue anunciada por el ministro de Hidrocarburos y Energ\u00edas, Marcelo Blanco, quien confirm\u00f3 el cierre de la Agencia Nacional de Hidrocarburos (ANH). La actual instituci\u00f3n ser\u00e1 reemplazada por un nuevo organismo regulador que contar\u00e1 con un enfoque t\u00e9cnico renovado y un cambio total de personal.<br \/>\nLa autoridad dijo, tras la intervenci\u00f3n, que la ANH desaparecer\u00e1 y que trabajar\u00e1n con organismos internacionales para la contrataci\u00f3n de profesionales, cumpliendo la disposici\u00f3n del Gobierno, por meritocracia.<br \/>\nSe\u00f1al\u00f3 que las intervenciones tanto en Yacimientos Petrol\u00edferos Fiscales Bolivianos (YPFB) y la ANH, obedecen al desabastecimiento generado por malos funcionarios de ambas entidades, que pusieron tranca para nuevas inversiones en la provisi\u00f3n de combustibles y la eliminaci\u00f3n de los controles.<br \/>\nBlanco sostuvo que se requiere m\u00e1s gente en la calle y no en los escritorios, adem\u00e1s pedir\u00e1n a las entidades correspondientes que las penas sean m\u00e1s duras contra personas que incurrieran en actos ilegales.<br \/>\nReflexion\u00f3 al indicar que hab\u00eda gente que frenaba procesos de importaci\u00f3n, as\u00ed como frenaba la apertura de nuevas estaciones de servicio.<br \/>\nTambi\u00e9n mencion\u00f3 que se detect\u00f3 que 600 personas que no forman parte de YPFB operaban en la estatal petrolera.<\/p>\n<p>Provisi\u00f3n<br \/>\nMientras tanto, el ministro de Producci\u00f3n Sostenible, Medio Ambiente y Agua, \u00d3scar Mario Justiniano, se\u00f1al\u00f3 que, a pesar de que se importa entre 100% a 120% de combustible para el mercado nacional, se observa desabastecimiento.<br \/>\nDetall\u00f3 que se observ\u00f3 una vulnerabilidad en los sistemas de la ANH. \u201c(\u2026) un gran consumidor pagaba a yacimientos y enviaba el combustible, pero el problema era que la ANH no controlaba cu\u00e1nto sale de la bomba del surtidor\u201d, cuestion\u00f3.<br \/>\nApunt\u00f3 que los sistemas quedaron desvinculados por personal de la ANH y por ello no hab\u00eda el control sobre la comercializaci\u00f3n de los combustibles en las estaciones de servicio.<\/p>\n<p>Norma<br \/>\nLa intervenci\u00f3n de la ANH se da en el marco del Decreto Supremo 5699, que dispone con car\u00e1cter extraordinario, temporal y de aplicaci\u00f3n inmediata, la intervenci\u00f3n estatal de la entidad reguladora ante las deficiencias, riesgos y vulnerabilidades identificados en los mecanismos de regulaci\u00f3n, supervisi\u00f3n, control y fiscalizaci\u00f3n de las actividades hidrocarbur\u00edferas.<br \/>\nPor su parte, el ministro de Producci\u00f3n Sostenible, Medio Ambiente y Agua inform\u00f3 que se est\u00e1 haciendo un mapeo de todas las instituciones y las \u00e1reas que han sido hist\u00f3ricamente focos de denuncias de corrupci\u00f3n, especialmente en el sector de hidrocarburos, que ocupa el primer lugar entre las entidades denunciadas.<br \/>\n\u201cVamos a continuar con todas las acciones legales que puedan evitar la corrupci\u00f3n, que puedan evitar el desv\u00edo y el favorecimiento de ciertos proveedores y de ciertos distribuidores\u201d, apunt\u00f3 Justiniano.<br \/>\nEn este contexto, afirm\u00f3 que el Gobierno boliviano no solo busca transparentar los graves hechos de corrupci\u00f3n detectados, sino tambi\u00e9n coordinar acciones inmediatas con las nuevas autoridades del sector. Es por ello que, el flamante director de la ANH, Jorge Gumucio, quien asumi\u00f3 el cargo hace una semana, trabajar\u00e1 junto al equipo interventor para identificar y solucionar las irregularidades que contin\u00faan detect\u00e1ndose en la instituci\u00f3n.<br \/>\nAsimismo, advirti\u00f3 que la diferencia entre el precio de subvenci\u00f3n y el precio real en el exterior alimenta el mercado negro. \u201cCualquier precio que est\u00e9 lejos del precio internacional va a seguir causando desv\u00edos y reventa. Tenemos que luchar contra esas diferencias de precio para evitar que la corrupci\u00f3n la termine pagando la gente que trabaja y produce\u201d, acot\u00f3.<br \/>\nPIE DE FOTO<br \/>\nFoto<\/p>\n","protected":false},"excerpt":{"rendered":"<p>Una reestructuraci\u00f3n profunda en el sector energ\u00e9tico boliviano fue anunciada por el ministro de Hidrocarburos y Energ\u00edas, Marcelo Blanco, quien confirm\u00f3 el cierre de la Agencia Nacional de Hidrocarburos (ANH). La actual instituci\u00f3n ser\u00e1 reemplazada por un nuevo organismo regulador que contar\u00e1 con un enfoque t\u00e9cnico renovado y un cambio total de personal. La autoridad [&hellip;]<\/p>\n","protected":false},"author":1,"featured_media":427609,"comment_status":"closed","ping_status":"open","sticky":false,"template":"","format":"standard","meta":{"_acf_changed":false,"footnotes":""},"categories":[7],"tags":[],"class_list":["post-427608","post","type-post","status-publish","format-standard","has-post-thumbnail","category-economia"],"acf":{"antetitulo":""},"yoast_head":"<!-- This site is optimized with the Yoast SEO plugin v28.4 - https:\/\/yoast.com\/product\/yoast-seo-wordpress\/ -->\n<title>Confirman cierre de la ANH y prev\u00e9n nuevo ente regulador - El Diario - Bolivia<\/title>\n<meta name=\"robots\" content=\"index, follow, max-snippet:-1, max-image-preview:large, max-video-preview:-1\" \/>\n<link rel=\"canonical\" href=\"https:\/\/www.eldiario.net\/portal\/2026\/09\/04\/confirman-cierre-de-la-anh-y-preven-nuevo-ente-regulador\/\" \/>\n<meta property=\"og:locale\" content=\"es_ES\" \/>\n<meta property=\"og:type\" content=\"article\" \/>\n<meta property=\"og:title\" content=\"Confirman cierre de la ANH y prev\u00e9n nuevo ente regulador - El Diario - Bolivia\" \/>\n<meta property=\"og:description\" content=\"Una reestructuraci\u00f3n profunda en el sector energ\u00e9tico boliviano fue anunciada por el ministro de Hidrocarburos y Energ\u00edas, Marcelo Blanco, quien confirm\u00f3 el cierre de la Agencia Nacional de Hidrocarburos (ANH). La actual instituci\u00f3n ser\u00e1 reemplazada por un nuevo organismo regulador que contar\u00e1 con un enfoque t\u00e9cnico renovado y un cambio total de personal. La autoridad [&hellip;]\" \/>\n<meta property=\"og:url\" content=\"https:\/\/www.eldiario.net\/portal\/2026\/09\/04\/confirman-cierre-de-la-anh-y-preven-nuevo-ente-regulador\/\" \/>\n<meta property=\"og:site_name\" content=\"El Diario - Bolivia\" \/>\n<meta property=\"article:publisher\" content=\"https:\/\/www.facebook.com\/eldiario.bolivia\/\" \/>\n<meta property=\"article:published_time\" content=\"2026-09-04T10:31:47+00:00\" \/>\n<meta property=\"og:image\" content=\"https:\/\/www.eldiario.net\/portal\/wp-content\/uploads\/2026\/09\/anh.webp\" \/>\n\t<meta property=\"og:image:width\" content=\"1600\" \/>\n\t<meta property=\"og:image:height\" content=\"885\" \/>\n\t<meta property=\"og:image:type\" content=\"image\/webp\" \/>\n<meta name=\"author\" content=\"Jeanette\" \/>\n<meta name=\"twitter:card\" content=\"summary_large_image\" \/>\n<meta name=\"twitter:creator\" content=\"@eldiario_net\" \/>\n<meta name=\"twitter:site\" content=\"@eldiario_net\" \/>\n<meta name=\"twitter:label1\" content=\"Escrito por\" \/>\n\t<meta name=\"twitter:data1\" content=\"Jeanette\" \/>\n\t<meta name=\"twitter:label2\" content=\"Tiempo de lectura\" \/>\n\t<meta name=\"twitter:data2\" content=\"3 minutos\" \/>\n<script type=\"application\/ld+json\" class=\"yoast-schema-graph\">{\"@context\":\"https:\\\/\\\/schema.org\",\"@graph\":[{\"@type\":\"Article\",\"@id\":\"https:\\\/\\\/www.eldiario.net\\\/portal\\\/2026\\\/09\\\/04\\\/confirman-cierre-de-la-anh-y-preven-nuevo-ente-regulador\\\/#article\",\"isPartOf\":{\"@id\":\"https:\\\/\\\/www.eldiario.net\\\/portal\\\/2026\\\/09\\\/04\\\/confirman-cierre-de-la-anh-y-preven-nuevo-ente-regulador\\\/\"},\"author\":{\"name\":\"Jeanette\",\"@id\":\"https:\\\/\\\/www.eldiario.net\\\/portal\\\/#\\\/schema\\\/person\\\/f46445640444750d7d753ccd04ae01b7\"},\"headline\":\"Confirman cierre de la ANH y prev\u00e9n nuevo ente regulador\",\"datePublished\":\"2026-09-04T10:31:47+00:00\",\"mainEntityOfPage\":{\"@id\":\"https:\\\/\\\/www.eldiario.net\\\/portal\\\/2026\\\/09\\\/04\\\/confirman-cierre-de-la-anh-y-preven-nuevo-ente-regulador\\\/\"},\"wordCount\":614,\"publisher\":{\"@id\":\"https:\\\/\\\/www.eldiario.net\\\/portal\\\/#organization\"},\"image\":{\"@id\":\"https:\\\/\\\/www.eldiario.net\\\/portal\\\/2026\\\/09\\\/04\\\/confirman-cierre-de-la-anh-y-preven-nuevo-ente-regulador\\\/#primaryimage\"},\"thumbnailUrl\":\"https:\\\/\\\/www.eldiario.net\\\/portal\\\/wp-content\\\/uploads\\\/2026\\\/09\\\/anh.webp\",\"articleSection\":[\"Econom\u00eda\"],\"inLanguage\":\"es\"},{\"@type\":\"WebPage\",\"@id\":\"https:\\\/\\\/www.eldiario.net\\\/portal\\\/2026\\\/09\\\/04\\\/confirman-cierre-de-la-anh-y-preven-nuevo-ente-regulador\\\/\",\"url\":\"https:\\\/\\\/www.eldiario.net\\\/portal\\\/2026\\\/09\\\/04\\\/confirman-cierre-de-la-anh-y-preven-nuevo-ente-regulador\\\/\",\"name\":\"Confirman cierre de la ANH y prev\u00e9n nuevo ente regulador - El Diario - Bolivia\",\"isPartOf\":{\"@id\":\"https:\\\/\\\/www.eldiario.net\\\/portal\\\/#website\"},\"primaryImageOfPage\":{\"@id\":\"https:\\\/\\\/www.eldiario.net\\\/portal\\\/2026\\\/09\\\/04\\\/confirman-cierre-de-la-anh-y-preven-nuevo-ente-regulador\\\/#primaryimage\"},\"image\":{\"@id\":\"https:\\\/\\\/www.eldiario.net\\\/portal\\\/2026\\\/09\\\/04\\\/confirman-cierre-de-la-anh-y-preven-nuevo-ente-regulador\\\/#primaryimage\"},\"thumbnailUrl\":\"https:\\\/\\\/www.eldiario.net\\\/portal\\\/wp-content\\\/uploads\\\/2026\\\/09\\\/anh.webp\",\"datePublished\":\"2026-09-04T10:31:47+00:00\",\"breadcrumb\":{\"@id\":\"https:\\\/\\\/www.eldiario.net\\\/portal\\\/2026\\\/09\\\/04\\\/confirman-cierre-de-la-anh-y-preven-nuevo-ente-regulador\\\/#breadcrumb\"},\"inLanguage\":\"es\",\"potentialAction\":[{\"@type\":\"ReadAction\",\"target\":[\"https:\\\/\\\/www.eldiario.net\\\/portal\\\/2026\\\/09\\\/04\\\/confirman-cierre-de-la-anh-y-preven-nuevo-ente-regulador\\\/\"]}]},{\"@type\":\"ImageObject\",\"inLanguage\":\"es\",\"@id\":\"https:\\\/\\\/www.eldiario.net\\\/portal\\\/2026\\\/09\\\/04\\\/confirman-cierre-de-la-anh-y-preven-nuevo-ente-regulador\\\/#primaryimage\",\"url\":\"https:\\\/\\\/www.eldiario.net\\\/portal\\\/wp-content\\\/uploads\\\/2026\\\/09\\\/anh.webp\",\"contentUrl\":\"https:\\\/\\\/www.eldiario.net\\\/portal\\\/wp-content\\\/uploads\\\/2026\\\/09\\\/anh.webp\",\"width\":1600,\"height\":885,\"caption\":\"Autoridades del gobierno en conferencia de prensa.\"},{\"@type\":\"BreadcrumbList\",\"@id\":\"https:\\\/\\\/www.eldiario.net\\\/portal\\\/2026\\\/09\\\/04\\\/confirman-cierre-de-la-anh-y-preven-nuevo-ente-regulador\\\/#breadcrumb\",\"itemListElement\":[{\"@type\":\"ListItem\",\"position\":1,\"name\":\"Portada\",\"item\":\"https:\\\/\\\/www.eldiario.net\\\/portal\\\/\"},{\"@type\":\"ListItem\",\"position\":2,\"name\":\"Confirman cierre de la ANH y prev\u00e9n nuevo ente regulador\"}]},{\"@type\":\"WebSite\",\"@id\":\"https:\\\/\\\/www.eldiario.net\\\/portal\\\/#website\",\"url\":\"https:\\\/\\\/www.eldiario.net\\\/portal\\\/\",\"name\":\"El Diario - Decano de la prensa nacional\",\"description\":\"El Diario - Decano de la prensa nacional\",\"publisher\":{\"@id\":\"https:\\\/\\\/www.eldiario.net\\\/portal\\\/#organization\"},\"potentialAction\":[{\"@type\":\"SearchAction\",\"target\":{\"@type\":\"EntryPoint\",\"urlTemplate\":\"https:\\\/\\\/www.eldiario.net\\\/portal\\\/?s={search_term_string}\"},\"query-input\":{\"@type\":\"PropertyValueSpecification\",\"valueRequired\":true,\"valueName\":\"search_term_string\"}}],\"inLanguage\":\"es\"},{\"@type\":\"Organization\",\"@id\":\"https:\\\/\\\/www.eldiario.net\\\/portal\\\/#organization\",\"name\":\"El Diario - Decano de la prensa nacional\",\"url\":\"https:\\\/\\\/www.eldiario.net\\\/portal\\\/\",\"logo\":{\"@type\":\"ImageObject\",\"inLanguage\":\"es\",\"@id\":\"https:\\\/\\\/www.eldiario.net\\\/portal\\\/#\\\/schema\\\/logo\\\/image\\\/\",\"url\":\"https:\\\/\\\/www.eldiario.net\\\/portal\\\/wp-content\\\/uploads\\\/2023\\\/07\\\/logo_ED.jpg\",\"contentUrl\":\"https:\\\/\\\/www.eldiario.net\\\/portal\\\/wp-content\\\/uploads\\\/2023\\\/07\\\/logo_ED.jpg\",\"width\":272,\"height\":52,\"caption\":\"El Diario - Decano de la prensa nacional\"},\"image\":{\"@id\":\"https:\\\/\\\/www.eldiario.net\\\/portal\\\/#\\\/schema\\\/logo\\\/image\\\/\"},\"sameAs\":[\"https:\\\/\\\/www.facebook.com\\\/eldiario.bolivia\\\/\",\"https:\\\/\\\/x.com\\\/eldiario_net\"]},{\"@type\":\"Person\",\"@id\":\"https:\\\/\\\/www.eldiario.net\\\/portal\\\/#\\\/schema\\\/person\\\/f46445640444750d7d753ccd04ae01b7\",\"name\":\"Jeanette\",\"image\":{\"@type\":\"ImageObject\",\"inLanguage\":\"es\",\"@id\":\"https:\\\/\\\/secure.gravatar.com\\\/avatar\\\/3ea2118a5f7dad2b7138b1187a6b7ee55f160b9968b66013c3a3ef39dd7e5798?s=96&d=mm&r=g\",\"url\":\"https:\\\/\\\/secure.gravatar.com\\\/avatar\\\/3ea2118a5f7dad2b7138b1187a6b7ee55f160b9968b66013c3a3ef39dd7e5798?s=96&d=mm&r=g\",\"contentUrl\":\"https:\\\/\\\/secure.gravatar.com\\\/avatar\\\/3ea2118a5f7dad2b7138b1187a6b7ee55f160b9968b66013c3a3ef39dd7e5798?s=96&d=mm&r=g\",\"caption\":\"Jeanette\"},\"sameAs\":[\"https:\\\/\\\/www.eldiario.net\\\/portal\"],\"url\":\"https:\\\/\\\/www.eldiario.net\\\/portal\\\/author\\\/jeanette\\\/\"}]}<\/script>\n<!-- \/ Yoast SEO plugin. -->","yoast_head_json":{"title":"Confirman cierre de la ANH y prev\u00e9n nuevo ente regulador - El Diario - Bolivia","robots":{"index":"index","follow":"follow","max-snippet":"max-snippet:-1","max-image-preview":"max-image-preview:large","max-video-preview":"max-video-preview:-1"},"canonical":"https:\/\/www.eldiario.net\/portal\/2026\/09\/04\/confirman-cierre-de-la-anh-y-preven-nuevo-ente-regulador\/","og_locale":"es_ES","og_type":"article","og_title":"Confirman cierre de la ANH y prev\u00e9n nuevo ente regulador - El Diario - Bolivia","og_description":"Una reestructuraci\u00f3n profunda en el sector energ\u00e9tico boliviano fue anunciada por el ministro de Hidrocarburos y Energ\u00edas, Marcelo Blanco, quien confirm\u00f3 el cierre de la Agencia Nacional de Hidrocarburos (ANH). La actual instituci\u00f3n ser\u00e1 reemplazada por un nuevo organismo regulador que contar\u00e1 con un enfoque t\u00e9cnico renovado y un cambio total de personal. La autoridad [&hellip;]","og_url":"https:\/\/www.eldiario.net\/portal\/2026\/09\/04\/confirman-cierre-de-la-anh-y-preven-nuevo-ente-regulador\/","og_site_name":"El Diario - Bolivia","article_publisher":"https:\/\/www.facebook.com\/eldiario.bolivia\/","article_published_time":"2026-09-04T10:31:47+00:00","og_image":[{"width":1600,"height":885,"url":"https:\/\/www.eldiario.net\/portal\/wp-content\/uploads\/2026\/09\/anh.webp","type":"image\/webp"}],"author":"Jeanette","twitter_card":"summary_large_image","twitter_creator":"@eldiario_net","twitter_site":"@eldiario_net","twitter_misc":{"Escrito por":"Jeanette","Tiempo de lectura":"3 minutos"},"schema":{"@context":"https:\/\/schema.org","@graph":[{"@type":"Article","@id":"https:\/\/www.eldiario.net\/portal\/2026\/09\/04\/confirman-cierre-de-la-anh-y-preven-nuevo-ente-regulador\/#article","isPartOf":{"@id":"https:\/\/www.eldiario.net\/portal\/2026\/09\/04\/confirman-cierre-de-la-anh-y-preven-nuevo-ente-regulador\/"},"author":{"name":"Jeanette","@id":"https:\/\/www.eldiario.net\/portal\/#\/schema\/person\/f46445640444750d7d753ccd04ae01b7"},"headline":"Confirman cierre de la ANH y prev\u00e9n nuevo ente regulador","datePublished":"2026-09-04T10:31:47+00:00","mainEntityOfPage":{"@id":"https:\/\/www.eldiario.net\/portal\/2026\/09\/04\/confirman-cierre-de-la-anh-y-preven-nuevo-ente-regulador\/"},"wordCount":614,"publisher":{"@id":"https:\/\/www.eldiario.net\/portal\/#organization"},"image":{"@id":"https:\/\/www.eldiario.net\/portal\/2026\/09\/04\/confirman-cierre-de-la-anh-y-preven-nuevo-ente-regulador\/#primaryimage"},"thumbnailUrl":"https:\/\/www.eldiario.net\/portal\/wp-content\/uploads\/2026\/09\/anh.webp","articleSection":["Econom\u00eda"],"inLanguage":"es"},{"@type":"WebPage","@id":"https:\/\/www.eldiario.net\/portal\/2026\/09\/04\/confirman-cierre-de-la-anh-y-preven-nuevo-ente-regulador\/","url":"https:\/\/www.eldiario.net\/portal\/2026\/09\/04\/confirman-cierre-de-la-anh-y-preven-nuevo-ente-regulador\/","name":"Confirman cierre de la ANH y prev\u00e9n nuevo ente regulador - El Diario - Bolivia","isPartOf":{"@id":"https:\/\/www.eldiario.net\/portal\/#website"},"primaryImageOfPage":{"@id":"https:\/\/www.eldiario.net\/portal\/2026\/09\/04\/confirman-cierre-de-la-anh-y-preven-nuevo-ente-regulador\/#primaryimage"},"image":{"@id":"https:\/\/www.eldiario.net\/portal\/2026\/09\/04\/confirman-cierre-de-la-anh-y-preven-nuevo-ente-regulador\/#primaryimage"},"thumbnailUrl":"https:\/\/www.eldiario.net\/portal\/wp-content\/uploads\/2026\/09\/anh.webp","datePublished":"2026-09-04T10:31:47+00:00","breadcrumb":{"@id":"https:\/\/www.eldiario.net\/portal\/2026\/09\/04\/confirman-cierre-de-la-anh-y-preven-nuevo-ente-regulador\/#breadcrumb"},"inLanguage":"es","potentialAction":[{"@type":"ReadAction","target":["https:\/\/www.eldiario.net\/portal\/2026\/09\/04\/confirman-cierre-de-la-anh-y-preven-nuevo-ente-regulador\/"]}]},{"@type":"ImageObject","inLanguage":"es","@id":"https:\/\/www.eldiario.net\/portal\/2026\/09\/04\/confirman-cierre-de-la-anh-y-preven-nuevo-ente-regulador\/#primaryimage","url":"https:\/\/www.eldiario.net\/portal\/wp-content\/uploads\/2026\/09\/anh.webp","contentUrl":"https:\/\/www.eldiario.net\/portal\/wp-content\/uploads\/2026\/09\/anh.webp","width":1600,"height":885,"caption":"Autoridades del gobierno en conferencia de prensa."},{"@type":"BreadcrumbList","@id":"https:\/\/www.eldiario.net\/portal\/2026\/09\/04\/confirman-cierre-de-la-anh-y-preven-nuevo-ente-regulador\/#breadcrumb","itemListElement":[{"@type":"ListItem","position":1,"name":"Portada","item":"https:\/\/www.eldiario.net\/portal\/"},{"@type":"ListItem","position":2,"name":"Confirman cierre de la ANH y prev\u00e9n nuevo ente regulador"}]},{"@type":"WebSite","@id":"https:\/\/www.eldiario.net\/portal\/#website","url":"https:\/\/www.eldiario.net\/portal\/","name":"El Diario - Decano de la prensa nacional","description":"El Diario - Decano de la prensa nacional","publisher":{"@id":"https:\/\/www.eldiario.net\/portal\/#organization"},"potentialAction":[{"@type":"SearchAction","target":{"@type":"EntryPoint","urlTemplate":"https:\/\/www.eldiario.net\/portal\/?s={search_term_string}"},"query-input":{"@type":"PropertyValueSpecification","valueRequired":true,"valueName":"search_term_string"}}],"inLanguage":"es"},{"@type":"Organization","@id":"https:\/\/www.eldiario.net\/portal\/#organization","name":"El Diario - Decano de la prensa nacional","url":"https:\/\/www.eldiario.net\/portal\/","logo":{"@type":"ImageObject","inLanguage":"es","@id":"https:\/\/www.eldiario.net\/portal\/#\/schema\/logo\/image\/","url":"https:\/\/www.eldiario.net\/portal\/wp-content\/uploads\/2023\/07\/logo_ED.jpg","contentUrl":"https:\/\/www.eldiario.net\/portal\/wp-content\/uploads\/2023\/07\/logo_ED.jpg","width":272,"height":52,"caption":"El Diario - Decano de la prensa nacional"},"image":{"@id":"https:\/\/www.eldiario.net\/portal\/#\/schema\/logo\/image\/"},"sameAs":["https:\/\/www.facebook.com\/eldiario.bolivia\/","https:\/\/x.com\/eldiario_net"]},{"@type":"Person","@id":"https:\/\/www.eldiario.net\/portal\/#\/schema\/person\/f46445640444750d7d753ccd04ae01b7","name":"Jeanette","image":{"@type":"ImageObject","inLanguage":"es","@id":"https:\/\/secure.gravatar.com\/avatar\/3ea2118a5f7dad2b7138b1187a6b7ee55f160b9968b66013c3a3ef39dd7e5798?s=96&d=mm&r=g","url":"https:\/\/secure.gravatar.com\/avatar\/3ea2118a5f7dad2b7138b1187a6b7ee55f160b9968b66013c3a3ef39dd7e5798?s=96&d=mm&r=g","contentUrl":"https:\/\/secure.gravatar.com\/avatar\/3ea2118a5f7dad2b7138b1187a6b7ee55f160b9968b66013c3a3ef39dd7e5798?s=96&d=mm&r=g","caption":"Jeanette"},"sameAs":["https:\/\/www.eldiario.net\/portal"],"url":"https:\/\/www.eldiario.net\/portal\/author\/jeanette\/"}]}},"_links":{"self":[{"href":"https:\/\/www.eldiario.net\/portal\/wp-json\/wp\/v2\/posts\/427608","targetHints":{"allow":["GET"]}}],"collection":[{"href":"https:\/\/www.eldiario.net\/portal\/wp-json\/wp\/v2\/posts"}],"about":[{"href":"https:\/\/www.eldiario.net\/portal\/wp-json\/wp\/v2\/types\/post"}],"author":[{"embeddable":true,"href":"https:\/\/www.eldiario.net\/portal\/wp-json\/wp\/v2\/users\/1"}],"replies":[{"embeddable":true,"href":"https:\/\/www.eldiario.net\/portal\/wp-json\/wp\/v2\/comments?post=427608"}],"version-history":[{"count":1,"href":"https:\/\/www.eldiario.net\/portal\/wp-json\/wp\/v2\/posts\/427608\/revisions"}],"predecessor-version":[{"id":427610,"href":"https:\/\/www.eldiario.net\/portal\/wp-json\/wp\/v2\/posts\/427608\/revisions\/427610"}],"wp:featuredmedia":[{"embeddable":true,"href":"https:\/\/www.eldiario.net\/portal\/wp-json\/wp\/v2\/media\/427609"}],"wp:attachment":[{"href":"https:\/\/www.eldiario.net\/portal\/wp-json\/wp\/v2\/media?parent=427608"}],"wp:term":[{"taxonomy":"category","embeddable":true,"href":"https:\/\/www.eldiario.net\/portal\/wp-json\/wp\/v2\/categories?post=427608"},{"taxonomy":"post_tag","embeddable":true,"href":"https:\/\/www.eldiario.net\/portal\/wp-json\/wp\/v2\/tags?post=427608"}],"curies":[{"name":"wp","href":"https:\/\/api.w.org\/{rel}","templated":true}]}}