{"id":427605,"date":"2026-09-04T06:31:13","date_gmt":"2026-09-04T10:31:13","guid":{"rendered":"https:\/\/www.eldiario.net\/portal\/?p=427605"},"modified":"2026-09-04T06:31:13","modified_gmt":"2026-09-04T10:31:13","slug":"posesionan-nuevas-autoridades-en-el-ministerio-de-economia","status":"publish","type":"post","link":"https:\/\/www.eldiario.net\/portal\/2026\/09\/04\/posesionan-nuevas-autoridades-en-el-ministerio-de-economia\/","title":{"rendered":"Posesionan nuevas autoridades  en el Ministerio de Econom\u00eda"},"content":{"rendered":"<p>El ministro de Econom\u00eda y Finanzas P\u00fablicas, Christian Morales, posesion\u00f3 a los viceministros de Inversi\u00f3n P\u00fablica, Presupuesto y Contabilidad Fiscal y de Tesoro y Cr\u00e9dito P\u00fablico, Fernando Jim\u00e9nez, Edwin Aldunate y \u00d3scar Navarro.<br \/>\nEl nuevo equipo viceministerial tendr\u00e1 como prioridades elaborar el Presupuesto 2027, el avance del 50\/50, la estabilidad fiscal, una mayor ejecuci\u00f3n de inversi\u00f3n p\u00fablica y la captaci\u00f3n de financiamiento externo para el desarrollo.<br \/>\nEl Ministerio de Econom\u00eda y Finanzas P\u00fablicas reforz\u00f3 ayer su estructura de conducci\u00f3n con la posesi\u00f3n de tres nuevas autoridades, en una etapa marcada por la necesidad de consolidar la estabilidad fiscal, fortalecer la administraci\u00f3n de los recursos p\u00fablicos y acelerar la inversi\u00f3n como motor del desarrollo, indica la nota de la entidad estatal.<br \/>\nDurante el acto, la autoridad econ\u00f3mica dej\u00f3 clara la hoja de ruta del nuevo equipo: responsabilidad fiscal, transparencia, coordinaci\u00f3n y una mayor articulaci\u00f3n entre Tesoro, Presupuesto, financiamiento e inversi\u00f3n p\u00fablica.<br \/>\n\u201cTenemos que continuar con todas las medidas que nos hemos trazado para poder sacar adelante nuestro pa\u00eds\u201d, afirm\u00f3 la autoridad ministerial.<br \/>\nUno de los principales desaf\u00edos estar\u00e1 en el \u00e1rea de Presupuesto, donde el Gobierno ya tiene en perspectiva la formulaci\u00f3n del Presupuesto General del Estado (PGE) 2027, que incorporar\u00e1 entre sus ejes el avance del 50\/50, junto con la continuidad de una pol\u00edtica de ajuste responsable de las finanzas p\u00fablicas.<br \/>\nEn Tesoro y Cr\u00e9dito P\u00fablico, la instrucci\u00f3n es administrar con prudencia los recursos fiscales, precautelar los recursos del Estado, fortalecer la transparencia y consolidar la estabilidad fiscal del Tesoro General de la Naci\u00f3n (TGN).<br \/>\nLa nueva configuraci\u00f3n del equipo econ\u00f3mico tambi\u00e9n incorpora al Viceministerio de Inversi\u00f3n P\u00fablica y Financiamiento Externo dentro del Ministerio de Econom\u00eda, con el objetivo de fortalecer la articulaci\u00f3n entre financiamiento, programaci\u00f3n fiscal y ejecuci\u00f3n de proyectos.<br \/>\nLa nueva autoridad de esa \u00e1rea tendr\u00e1 entre sus tareas incrementar la ejecuci\u00f3n de la inversi\u00f3n p\u00fablica y profundizar las negociaciones con organismos multilaterales para captar recursos destinados a proyectos de desarrollo.<br \/>\nEsa reorganizaci\u00f3n permite concentrar en una misma cartera de Estado \u00e1reas centrales de la pol\u00edtica econ\u00f3mica y avanzar hacia una coordinaci\u00f3n m\u00e1s estrecha entre la administraci\u00f3n de los recursos, la planificaci\u00f3n presupuestaria, el financiamiento y la inversi\u00f3n, sostiene la nota.<br \/>\nEn su intervenci\u00f3n, el ministro remarc\u00f3 que el manejo de las finanzas p\u00fablicas debe partir de una premisa central: los recursos del Estado pertenecen a la poblaci\u00f3n y deben ser administrados con responsabilidad.<br \/>\nEl mensaje busca consolidar una l\u00ednea de gesti\u00f3n basada en disciplina fiscal, transparencia y responsabilidad en el uso de los recursos p\u00fablicos, con el objetivo de que cada decisi\u00f3n econ\u00f3mica contribuya a fortalecer la estabilidad y ampliar las oportunidades de desarrollo.<\/p>\n","protected":false},"excerpt":{"rendered":"<p>El ministro de Econom\u00eda y Finanzas P\u00fablicas, Christian Morales, posesion\u00f3 a los viceministros de Inversi\u00f3n P\u00fablica, Presupuesto y Contabilidad Fiscal y de Tesoro y Cr\u00e9dito P\u00fablico, Fernando Jim\u00e9nez, Edwin Aldunate y \u00d3scar Navarro. El nuevo equipo viceministerial tendr\u00e1 como prioridades elaborar el Presupuesto 2027, el avance del 50\/50, la estabilidad fiscal, una mayor ejecuci\u00f3n de [&hellip;]<\/p>\n","protected":false},"author":1,"featured_media":427606,"comment_status":"closed","ping_status":"open","sticky":false,"template":"","format":"standard","meta":{"_acf_changed":false,"footnotes":""},"categories":[7],"tags":[],"class_list":["post-427605","post","type-post","status-publish","format-standard","has-post-thumbnail","category-economia"],"acf":{"antetitulo":""},"yoast_head":"<!-- This site is optimized with the Yoast SEO plugin v28.4 - https:\/\/yoast.com\/product\/yoast-seo-wordpress\/ -->\n<title>Posesionan nuevas autoridades en el Ministerio de Econom\u00eda - El Diario - Bolivia<\/title>\n<meta name=\"robots\" content=\"index, follow, max-snippet:-1, max-image-preview:large, max-video-preview:-1\" \/>\n<link rel=\"canonical\" href=\"https:\/\/www.eldiario.net\/portal\/2026\/09\/04\/posesionan-nuevas-autoridades-en-el-ministerio-de-economia\/\" \/>\n<meta property=\"og:locale\" content=\"es_ES\" \/>\n<meta property=\"og:type\" content=\"article\" \/>\n<meta property=\"og:title\" content=\"Posesionan nuevas autoridades en el Ministerio de Econom\u00eda - El Diario - Bolivia\" \/>\n<meta property=\"og:description\" content=\"El ministro de Econom\u00eda y Finanzas P\u00fablicas, Christian Morales, posesion\u00f3 a los viceministros de Inversi\u00f3n P\u00fablica, Presupuesto y Contabilidad Fiscal y de Tesoro y Cr\u00e9dito P\u00fablico, Fernando Jim\u00e9nez, Edwin Aldunate y \u00d3scar Navarro. El nuevo equipo viceministerial tendr\u00e1 como prioridades elaborar el Presupuesto 2027, el avance del 50\/50, la estabilidad fiscal, una mayor ejecuci\u00f3n de [&hellip;]\" \/>\n<meta property=\"og:url\" content=\"https:\/\/www.eldiario.net\/portal\/2026\/09\/04\/posesionan-nuevas-autoridades-en-el-ministerio-de-economia\/\" \/>\n<meta property=\"og:site_name\" content=\"El Diario - Bolivia\" \/>\n<meta property=\"article:publisher\" content=\"https:\/\/www.facebook.com\/eldiario.bolivia\/\" \/>\n<meta property=\"article:published_time\" content=\"2026-09-04T10:31:13+00:00\" \/>\n<meta property=\"og:image\" content=\"https:\/\/www.eldiario.net\/portal\/wp-content\/uploads\/2026\/09\/nuevos.webp\" \/>\n\t<meta property=\"og:image:width\" content=\"1124\" \/>\n\t<meta property=\"og:image:height\" content=\"750\" \/>\n\t<meta property=\"og:image:type\" content=\"image\/webp\" \/>\n<meta name=\"author\" content=\"Jeanette\" \/>\n<meta name=\"twitter:card\" content=\"summary_large_image\" \/>\n<meta name=\"twitter:creator\" content=\"@eldiario_net\" \/>\n<meta name=\"twitter:site\" content=\"@eldiario_net\" \/>\n<meta name=\"twitter:label1\" content=\"Escrito por\" \/>\n\t<meta name=\"twitter:data1\" content=\"Jeanette\" \/>\n\t<meta name=\"twitter:label2\" content=\"Tiempo de lectura\" \/>\n\t<meta name=\"twitter:data2\" content=\"3 minutos\" \/>\n<script type=\"application\/ld+json\" class=\"yoast-schema-graph\">{\"@context\":\"https:\\\/\\\/schema.org\",\"@graph\":[{\"@type\":\"Article\",\"@id\":\"https:\\\/\\\/www.eldiario.net\\\/portal\\\/2026\\\/09\\\/04\\\/posesionan-nuevas-autoridades-en-el-ministerio-de-economia\\\/#article\",\"isPartOf\":{\"@id\":\"https:\\\/\\\/www.eldiario.net\\\/portal\\\/2026\\\/09\\\/04\\\/posesionan-nuevas-autoridades-en-el-ministerio-de-economia\\\/\"},\"author\":{\"name\":\"Jeanette\",\"@id\":\"https:\\\/\\\/www.eldiario.net\\\/portal\\\/#\\\/schema\\\/person\\\/f46445640444750d7d753ccd04ae01b7\"},\"headline\":\"Posesionan nuevas autoridades en el Ministerio de Econom\u00eda\",\"datePublished\":\"2026-09-04T10:31:13+00:00\",\"mainEntityOfPage\":{\"@id\":\"https:\\\/\\\/www.eldiario.net\\\/portal\\\/2026\\\/09\\\/04\\\/posesionan-nuevas-autoridades-en-el-ministerio-de-economia\\\/\"},\"wordCount\":502,\"publisher\":{\"@id\":\"https:\\\/\\\/www.eldiario.net\\\/portal\\\/#organization\"},\"image\":{\"@id\":\"https:\\\/\\\/www.eldiario.net\\\/portal\\\/2026\\\/09\\\/04\\\/posesionan-nuevas-autoridades-en-el-ministerio-de-economia\\\/#primaryimage\"},\"thumbnailUrl\":\"https:\\\/\\\/www.eldiario.net\\\/portal\\\/wp-content\\\/uploads\\\/2026\\\/09\\\/nuevos.webp\",\"articleSection\":[\"Econom\u00eda\"],\"inLanguage\":\"es\"},{\"@type\":\"WebPage\",\"@id\":\"https:\\\/\\\/www.eldiario.net\\\/portal\\\/2026\\\/09\\\/04\\\/posesionan-nuevas-autoridades-en-el-ministerio-de-economia\\\/\",\"url\":\"https:\\\/\\\/www.eldiario.net\\\/portal\\\/2026\\\/09\\\/04\\\/posesionan-nuevas-autoridades-en-el-ministerio-de-economia\\\/\",\"name\":\"Posesionan nuevas autoridades en el Ministerio de Econom\u00eda - El Diario - Bolivia\",\"isPartOf\":{\"@id\":\"https:\\\/\\\/www.eldiario.net\\\/portal\\\/#website\"},\"primaryImageOfPage\":{\"@id\":\"https:\\\/\\\/www.eldiario.net\\\/portal\\\/2026\\\/09\\\/04\\\/posesionan-nuevas-autoridades-en-el-ministerio-de-economia\\\/#primaryimage\"},\"image\":{\"@id\":\"https:\\\/\\\/www.eldiario.net\\\/portal\\\/2026\\\/09\\\/04\\\/posesionan-nuevas-autoridades-en-el-ministerio-de-economia\\\/#primaryimage\"},\"thumbnailUrl\":\"https:\\\/\\\/www.eldiario.net\\\/portal\\\/wp-content\\\/uploads\\\/2026\\\/09\\\/nuevos.webp\",\"datePublished\":\"2026-09-04T10:31:13+00:00\",\"breadcrumb\":{\"@id\":\"https:\\\/\\\/www.eldiario.net\\\/portal\\\/2026\\\/09\\\/04\\\/posesionan-nuevas-autoridades-en-el-ministerio-de-economia\\\/#breadcrumb\"},\"inLanguage\":\"es\",\"potentialAction\":[{\"@type\":\"ReadAction\",\"target\":[\"https:\\\/\\\/www.eldiario.net\\\/portal\\\/2026\\\/09\\\/04\\\/posesionan-nuevas-autoridades-en-el-ministerio-de-economia\\\/\"]}]},{\"@type\":\"ImageObject\",\"inLanguage\":\"es\",\"@id\":\"https:\\\/\\\/www.eldiario.net\\\/portal\\\/2026\\\/09\\\/04\\\/posesionan-nuevas-autoridades-en-el-ministerio-de-economia\\\/#primaryimage\",\"url\":\"https:\\\/\\\/www.eldiario.net\\\/portal\\\/wp-content\\\/uploads\\\/2026\\\/09\\\/nuevos.webp\",\"contentUrl\":\"https:\\\/\\\/www.eldiario.net\\\/portal\\\/wp-content\\\/uploads\\\/2026\\\/09\\\/nuevos.webp\",\"width\":1124,\"height\":750,\"caption\":\"Nuevas autoridades juraron al cargo.\"},{\"@type\":\"BreadcrumbList\",\"@id\":\"https:\\\/\\\/www.eldiario.net\\\/portal\\\/2026\\\/09\\\/04\\\/posesionan-nuevas-autoridades-en-el-ministerio-de-economia\\\/#breadcrumb\",\"itemListElement\":[{\"@type\":\"ListItem\",\"position\":1,\"name\":\"Portada\",\"item\":\"https:\\\/\\\/www.eldiario.net\\\/portal\\\/\"},{\"@type\":\"ListItem\",\"position\":2,\"name\":\"Posesionan nuevas autoridades en el Ministerio de Econom\u00eda\"}]},{\"@type\":\"WebSite\",\"@id\":\"https:\\\/\\\/www.eldiario.net\\\/portal\\\/#website\",\"url\":\"https:\\\/\\\/www.eldiario.net\\\/portal\\\/\",\"name\":\"El Diario - Decano de la prensa nacional\",\"description\":\"El Diario - Decano de la prensa nacional\",\"publisher\":{\"@id\":\"https:\\\/\\\/www.eldiario.net\\\/portal\\\/#organization\"},\"potentialAction\":[{\"@type\":\"SearchAction\",\"target\":{\"@type\":\"EntryPoint\",\"urlTemplate\":\"https:\\\/\\\/www.eldiario.net\\\/portal\\\/?s={search_term_string}\"},\"query-input\":{\"@type\":\"PropertyValueSpecification\",\"valueRequired\":true,\"valueName\":\"search_term_string\"}}],\"inLanguage\":\"es\"},{\"@type\":\"Organization\",\"@id\":\"https:\\\/\\\/www.eldiario.net\\\/portal\\\/#organization\",\"name\":\"El Diario - Decano de la prensa nacional\",\"url\":\"https:\\\/\\\/www.eldiario.net\\\/portal\\\/\",\"logo\":{\"@type\":\"ImageObject\",\"inLanguage\":\"es\",\"@id\":\"https:\\\/\\\/www.eldiario.net\\\/portal\\\/#\\\/schema\\\/logo\\\/image\\\/\",\"url\":\"https:\\\/\\\/www.eldiario.net\\\/portal\\\/wp-content\\\/uploads\\\/2023\\\/07\\\/logo_ED.jpg\",\"contentUrl\":\"https:\\\/\\\/www.eldiario.net\\\/portal\\\/wp-content\\\/uploads\\\/2023\\\/07\\\/logo_ED.jpg\",\"width\":272,\"height\":52,\"caption\":\"El Diario - Decano de la prensa nacional\"},\"image\":{\"@id\":\"https:\\\/\\\/www.eldiario.net\\\/portal\\\/#\\\/schema\\\/logo\\\/image\\\/\"},\"sameAs\":[\"https:\\\/\\\/www.facebook.com\\\/eldiario.bolivia\\\/\",\"https:\\\/\\\/x.com\\\/eldiario_net\"]},{\"@type\":\"Person\",\"@id\":\"https:\\\/\\\/www.eldiario.net\\\/portal\\\/#\\\/schema\\\/person\\\/f46445640444750d7d753ccd04ae01b7\",\"name\":\"Jeanette\",\"image\":{\"@type\":\"ImageObject\",\"inLanguage\":\"es\",\"@id\":\"https:\\\/\\\/secure.gravatar.com\\\/avatar\\\/3ea2118a5f7dad2b7138b1187a6b7ee55f160b9968b66013c3a3ef39dd7e5798?s=96&d=mm&r=g\",\"url\":\"https:\\\/\\\/secure.gravatar.com\\\/avatar\\\/3ea2118a5f7dad2b7138b1187a6b7ee55f160b9968b66013c3a3ef39dd7e5798?s=96&d=mm&r=g\",\"contentUrl\":\"https:\\\/\\\/secure.gravatar.com\\\/avatar\\\/3ea2118a5f7dad2b7138b1187a6b7ee55f160b9968b66013c3a3ef39dd7e5798?s=96&d=mm&r=g\",\"caption\":\"Jeanette\"},\"sameAs\":[\"https:\\\/\\\/www.eldiario.net\\\/portal\"],\"url\":\"https:\\\/\\\/www.eldiario.net\\\/portal\\\/author\\\/jeanette\\\/\"}]}<\/script>\n<!-- \/ Yoast SEO plugin. -->","yoast_head_json":{"title":"Posesionan nuevas autoridades en el Ministerio de Econom\u00eda - El Diario - Bolivia","robots":{"index":"index","follow":"follow","max-snippet":"max-snippet:-1","max-image-preview":"max-image-preview:large","max-video-preview":"max-video-preview:-1"},"canonical":"https:\/\/www.eldiario.net\/portal\/2026\/09\/04\/posesionan-nuevas-autoridades-en-el-ministerio-de-economia\/","og_locale":"es_ES","og_type":"article","og_title":"Posesionan nuevas autoridades en el Ministerio de Econom\u00eda - El Diario - Bolivia","og_description":"El ministro de Econom\u00eda y Finanzas P\u00fablicas, Christian Morales, posesion\u00f3 a los viceministros de Inversi\u00f3n P\u00fablica, Presupuesto y Contabilidad Fiscal y de Tesoro y Cr\u00e9dito P\u00fablico, Fernando Jim\u00e9nez, Edwin Aldunate y \u00d3scar Navarro. El nuevo equipo viceministerial tendr\u00e1 como prioridades elaborar el Presupuesto 2027, el avance del 50\/50, la estabilidad fiscal, una mayor ejecuci\u00f3n de [&hellip;]","og_url":"https:\/\/www.eldiario.net\/portal\/2026\/09\/04\/posesionan-nuevas-autoridades-en-el-ministerio-de-economia\/","og_site_name":"El Diario - Bolivia","article_publisher":"https:\/\/www.facebook.com\/eldiario.bolivia\/","article_published_time":"2026-09-04T10:31:13+00:00","og_image":[{"width":1124,"height":750,"url":"https:\/\/www.eldiario.net\/portal\/wp-content\/uploads\/2026\/09\/nuevos.webp","type":"image\/webp"}],"author":"Jeanette","twitter_card":"summary_large_image","twitter_creator":"@eldiario_net","twitter_site":"@eldiario_net","twitter_misc":{"Escrito por":"Jeanette","Tiempo de lectura":"3 minutos"},"schema":{"@context":"https:\/\/schema.org","@graph":[{"@type":"Article","@id":"https:\/\/www.eldiario.net\/portal\/2026\/09\/04\/posesionan-nuevas-autoridades-en-el-ministerio-de-economia\/#article","isPartOf":{"@id":"https:\/\/www.eldiario.net\/portal\/2026\/09\/04\/posesionan-nuevas-autoridades-en-el-ministerio-de-economia\/"},"author":{"name":"Jeanette","@id":"https:\/\/www.eldiario.net\/portal\/#\/schema\/person\/f46445640444750d7d753ccd04ae01b7"},"headline":"Posesionan nuevas autoridades en el Ministerio de Econom\u00eda","datePublished":"2026-09-04T10:31:13+00:00","mainEntityOfPage":{"@id":"https:\/\/www.eldiario.net\/portal\/2026\/09\/04\/posesionan-nuevas-autoridades-en-el-ministerio-de-economia\/"},"wordCount":502,"publisher":{"@id":"https:\/\/www.eldiario.net\/portal\/#organization"},"image":{"@id":"https:\/\/www.eldiario.net\/portal\/2026\/09\/04\/posesionan-nuevas-autoridades-en-el-ministerio-de-economia\/#primaryimage"},"thumbnailUrl":"https:\/\/www.eldiario.net\/portal\/wp-content\/uploads\/2026\/09\/nuevos.webp","articleSection":["Econom\u00eda"],"inLanguage":"es"},{"@type":"WebPage","@id":"https:\/\/www.eldiario.net\/portal\/2026\/09\/04\/posesionan-nuevas-autoridades-en-el-ministerio-de-economia\/","url":"https:\/\/www.eldiario.net\/portal\/2026\/09\/04\/posesionan-nuevas-autoridades-en-el-ministerio-de-economia\/","name":"Posesionan nuevas autoridades en el Ministerio de Econom\u00eda - El Diario - Bolivia","isPartOf":{"@id":"https:\/\/www.eldiario.net\/portal\/#website"},"primaryImageOfPage":{"@id":"https:\/\/www.eldiario.net\/portal\/2026\/09\/04\/posesionan-nuevas-autoridades-en-el-ministerio-de-economia\/#primaryimage"},"image":{"@id":"https:\/\/www.eldiario.net\/portal\/2026\/09\/04\/posesionan-nuevas-autoridades-en-el-ministerio-de-economia\/#primaryimage"},"thumbnailUrl":"https:\/\/www.eldiario.net\/portal\/wp-content\/uploads\/2026\/09\/nuevos.webp","datePublished":"2026-09-04T10:31:13+00:00","breadcrumb":{"@id":"https:\/\/www.eldiario.net\/portal\/2026\/09\/04\/posesionan-nuevas-autoridades-en-el-ministerio-de-economia\/#breadcrumb"},"inLanguage":"es","potentialAction":[{"@type":"ReadAction","target":["https:\/\/www.eldiario.net\/portal\/2026\/09\/04\/posesionan-nuevas-autoridades-en-el-ministerio-de-economia\/"]}]},{"@type":"ImageObject","inLanguage":"es","@id":"https:\/\/www.eldiario.net\/portal\/2026\/09\/04\/posesionan-nuevas-autoridades-en-el-ministerio-de-economia\/#primaryimage","url":"https:\/\/www.eldiario.net\/portal\/wp-content\/uploads\/2026\/09\/nuevos.webp","contentUrl":"https:\/\/www.eldiario.net\/portal\/wp-content\/uploads\/2026\/09\/nuevos.webp","width":1124,"height":750,"caption":"Nuevas autoridades juraron al cargo."},{"@type":"BreadcrumbList","@id":"https:\/\/www.eldiario.net\/portal\/2026\/09\/04\/posesionan-nuevas-autoridades-en-el-ministerio-de-economia\/#breadcrumb","itemListElement":[{"@type":"ListItem","position":1,"name":"Portada","item":"https:\/\/www.eldiario.net\/portal\/"},{"@type":"ListItem","position":2,"name":"Posesionan nuevas autoridades en el Ministerio de Econom\u00eda"}]},{"@type":"WebSite","@id":"https:\/\/www.eldiario.net\/portal\/#website","url":"https:\/\/www.eldiario.net\/portal\/","name":"El Diario - Decano de la prensa nacional","description":"El Diario - Decano de la prensa nacional","publisher":{"@id":"https:\/\/www.eldiario.net\/portal\/#organization"},"potentialAction":[{"@type":"SearchAction","target":{"@type":"EntryPoint","urlTemplate":"https:\/\/www.eldiario.net\/portal\/?s={search_term_string}"},"query-input":{"@type":"PropertyValueSpecification","valueRequired":true,"valueName":"search_term_string"}}],"inLanguage":"es"},{"@type":"Organization","@id":"https:\/\/www.eldiario.net\/portal\/#organization","name":"El Diario - Decano de la prensa nacional","url":"https:\/\/www.eldiario.net\/portal\/","logo":{"@type":"ImageObject","inLanguage":"es","@id":"https:\/\/www.eldiario.net\/portal\/#\/schema\/logo\/image\/","url":"https:\/\/www.eldiario.net\/portal\/wp-content\/uploads\/2023\/07\/logo_ED.jpg","contentUrl":"https:\/\/www.eldiario.net\/portal\/wp-content\/uploads\/2023\/07\/logo_ED.jpg","width":272,"height":52,"caption":"El Diario - Decano de la prensa nacional"},"image":{"@id":"https:\/\/www.eldiario.net\/portal\/#\/schema\/logo\/image\/"},"sameAs":["https:\/\/www.facebook.com\/eldiario.bolivia\/","https:\/\/x.com\/eldiario_net"]},{"@type":"Person","@id":"https:\/\/www.eldiario.net\/portal\/#\/schema\/person\/f46445640444750d7d753ccd04ae01b7","name":"Jeanette","image":{"@type":"ImageObject","inLanguage":"es","@id":"https:\/\/secure.gravatar.com\/avatar\/3ea2118a5f7dad2b7138b1187a6b7ee55f160b9968b66013c3a3ef39dd7e5798?s=96&d=mm&r=g","url":"https:\/\/secure.gravatar.com\/avatar\/3ea2118a5f7dad2b7138b1187a6b7ee55f160b9968b66013c3a3ef39dd7e5798?s=96&d=mm&r=g","contentUrl":"https:\/\/secure.gravatar.com\/avatar\/3ea2118a5f7dad2b7138b1187a6b7ee55f160b9968b66013c3a3ef39dd7e5798?s=96&d=mm&r=g","caption":"Jeanette"},"sameAs":["https:\/\/www.eldiario.net\/portal"],"url":"https:\/\/www.eldiario.net\/portal\/author\/jeanette\/"}]}},"_links":{"self":[{"href":"https:\/\/www.eldiario.net\/portal\/wp-json\/wp\/v2\/posts\/427605","targetHints":{"allow":["GET"]}}],"collection":[{"href":"https:\/\/www.eldiario.net\/portal\/wp-json\/wp\/v2\/posts"}],"about":[{"href":"https:\/\/www.eldiario.net\/portal\/wp-json\/wp\/v2\/types\/post"}],"author":[{"embeddable":true,"href":"https:\/\/www.eldiario.net\/portal\/wp-json\/wp\/v2\/users\/1"}],"replies":[{"embeddable":true,"href":"https:\/\/www.eldiario.net\/portal\/wp-json\/wp\/v2\/comments?post=427605"}],"version-history":[{"count":1,"href":"https:\/\/www.eldiario.net\/portal\/wp-json\/wp\/v2\/posts\/427605\/revisions"}],"predecessor-version":[{"id":427607,"href":"https:\/\/www.eldiario.net\/portal\/wp-json\/wp\/v2\/posts\/427605\/revisions\/427607"}],"wp:featuredmedia":[{"embeddable":true,"href":"https:\/\/www.eldiario.net\/portal\/wp-json\/wp\/v2\/media\/427606"}],"wp:attachment":[{"href":"https:\/\/www.eldiario.net\/portal\/wp-json\/wp\/v2\/media?parent=427605"}],"wp:term":[{"taxonomy":"category","embeddable":true,"href":"https:\/\/www.eldiario.net\/portal\/wp-json\/wp\/v2\/categories?post=427605"},{"taxonomy":"post_tag","embeddable":true,"href":"https:\/\/www.eldiario.net\/portal\/wp-json\/wp\/v2\/tags?post=427605"}],"curies":[{"name":"wp","href":"https:\/\/api.w.org\/{rel}","templated":true}]}}