{"id":427600,"date":"2026-09-04T06:29:46","date_gmt":"2026-09-04T10:29:46","guid":{"rendered":"https:\/\/www.eldiario.net\/portal\/?p=427600"},"modified":"2026-09-04T06:29:46","modified_gmt":"2026-09-04T10:29:46","slug":"un-rapidito","status":"publish","type":"post","link":"https:\/\/www.eldiario.net\/portal\/2026\/09\/04\/un-rapidito\/","title":{"rendered":"\u201cUn rapidito\u201d"},"content":{"rendered":"<p>Rodrigo Paz ha encontrado una palabra para reformar la Constituci\u00f3n: \u201crapidito\u201d. Los bloqueos duraron m\u00e1s de cincuenta d\u00edas, la gasolina y el di\u00e9sel no aparecen rapidito, los d\u00f3lares tampoco y las soluciones de su gobierno caminan sin apuro. Pero, cuando se trata de tocar la norma m\u00e1s importante del pa\u00eds, el presidente descubre las virtudes de la velocidad.<br \/>\nPaz habl\u00f3 de hacer \u201cdos, tres, cuatro reformas\u201d claves aprovechando los dos tercios de la Asamblea. No dijo cu\u00e1les ni qu\u00e9 art\u00edculos modificar\u00eda. Jorge Tuto Quiroga, en cambio, puso sobre la mesa 111 modificaciones organizadas en cinco ejes. Samuel Doria Medina respalda una f\u00f3rmula de dos art\u00edculos. Sus propuestas podr\u00e1n gustar o no, ser viables o discutibles, pero tienen contenido. Tuto tiene 111 art\u00edculos; Doria Medina, dos; Paz, un adverbio.<br \/>\nEl presidente ya decidi\u00f3 que quiere ir rapidito. Solo le faltaba saber ad\u00f3nde. Le tom\u00f3 la palabra a Tuto y anunci\u00f3 que lo llamar\u00e1. Tuto lleva el proyecto, Doria Medina propone el atajo y Paz ofrece conducir. La reforma ya no tendr\u00e1 que prest\u00e1rsela la oposici\u00f3n: acaba de ped\u00edrsela.<br \/>\nLa primera pregunta no es cu\u00e1nto tardar\u00e1 la reforma, sino qu\u00e9 se quiere reformar. Una Constituci\u00f3n no es una pared a la que se le quitan \u201cdos, tres o cuatro\u201d ladrillos para ver despu\u00e9s qu\u00e9 ocurre. Cada modificaci\u00f3n altera competencias, derechos o equilibrios institucionales. Antes de calcular la velocidad convendr\u00eda conocer el destino. De lo contrario, el \u201crapidito\u201d no es un m\u00e9todo: es ineficacia disfrazada de iniciativa.<br \/>\nLa segunda pregunta es con qu\u00e9 votos. Paz parece mirar los dos tercios como una cifra que espera ser completada. Pero los dos tercios no son una cifra: son una coalici\u00f3n. Cada voto llega con una organizaci\u00f3n, una propuesta y sus propios intereses. Libre ya posee la reforma de Tuto. Unidad tampoco abandonar\u00e1 sus prioridades para llenar los espacios en blanco del oficialismo.<br \/>\nAll\u00ed aparece el precio pol\u00edtico. Quien necesita los votos es Paz; quienes pueden fijar el contenido son sus eventuales aliados. Para alcanzar los dos tercios tendr\u00e1 que negociar no solo apoyos, sino el sentido de la reforma. Puede terminar reuniendo la mayor\u00eda y perdiendo la autor\u00eda: ocupar el asiento del chofer mientras otros trazan la ruta y se\u00f1alan el destino.<br \/>\nQueda la tercera pregunta: qui\u00e9n decide al final. La respuesta no est\u00e1 en la Asamblea. El art\u00edculo 411 de la Carta Magna establece que cualquier reforma parcial necesita un referendo constitucional aprobatorio. Los dos tercios no cambian la Constituci\u00f3n; \u00fanicamente habilitan una propuesta que la ciudadan\u00eda puede aceptar o rechazar.<br \/>\nEl antecedente deber\u00eda bastar. En 2015, el MAS reuni\u00f3 los dos tercios para modificar el art\u00edculo 168 y habilitar otra reelecci\u00f3n. En febrero de 2016, el electorado dijo no. La aritm\u00e9tica parlamentaria no se convirti\u00f3 en mayor\u00eda ciudadana. El final del tr\u00e1mite en la Asamblea fue apenas el comienzo del referendo.<br \/>\nPaz cree que la reforma depende de la velocidad con que consiga dos tercios. En realidad, depende de definir qu\u00e9 quiere cambiar, construir una coalici\u00f3n dispuesta a acompa\u00f1arlo y convencer a una mayor\u00eda ciudadana. Ha comenzado por el final: cuenta votos sin tener una propuesta, anuncia la velocidad antes de conocer el camino e imagina la llegada sin tomar en cuenta que la \u00faltima palabra la tiene la ciudadan\u00eda.<br \/>\nEl presidente puede levantarse temprano, convocar a Tuto y a Doria Medina y contar hasta 111 antes del desayuno. Aun as\u00ed, no por madrugar amanece m\u00e1s temprano.<\/p>\n<p>El autor es expresidente de la Asociaci\u00f3n de Periodistas de La Paz, docente universitario, analista pol\u00edtico.<\/p>\n","protected":false},"excerpt":{"rendered":"<p>Rodrigo Paz ha encontrado una palabra para reformar la Constituci\u00f3n: \u201crapidito\u201d. Los bloqueos duraron m\u00e1s de cincuenta d\u00edas, la gasolina y el di\u00e9sel no aparecen rapidito, los d\u00f3lares tampoco y las soluciones de su gobierno caminan sin apuro. Pero, cuando se trata de tocar la norma m\u00e1s importante del pa\u00eds, el presidente descubre las virtudes [&hellip;]<\/p>\n","protected":false},"author":1,"featured_media":384581,"comment_status":"closed","ping_status":"open","sticky":false,"template":"","format":"standard","meta":{"_acf_changed":false,"footnotes":""},"categories":[9],"tags":[],"class_list":["post-427600","post","type-post","status-publish","format-standard","has-post-thumbnail","category-opinion"],"acf":{"antetitulo":""},"yoast_head":"<!-- This site is optimized with the Yoast SEO plugin v28.4 - https:\/\/yoast.com\/product\/yoast-seo-wordpress\/ -->\n<title>\u201cUn rapidito\u201d - El Diario - Bolivia<\/title>\n<meta name=\"robots\" content=\"index, follow, max-snippet:-1, max-image-preview:large, max-video-preview:-1\" \/>\n<link rel=\"canonical\" href=\"https:\/\/www.eldiario.net\/portal\/2026\/09\/04\/un-rapidito\/\" \/>\n<meta property=\"og:locale\" content=\"es_ES\" \/>\n<meta property=\"og:type\" content=\"article\" \/>\n<meta property=\"og:title\" content=\"\u201cUn rapidito\u201d - El Diario - Bolivia\" \/>\n<meta property=\"og:description\" content=\"Rodrigo Paz ha encontrado una palabra para reformar la Constituci\u00f3n: \u201crapidito\u201d. Los bloqueos duraron m\u00e1s de cincuenta d\u00edas, la gasolina y el di\u00e9sel no aparecen rapidito, los d\u00f3lares tampoco y las soluciones de su gobierno caminan sin apuro. Pero, cuando se trata de tocar la norma m\u00e1s importante del pa\u00eds, el presidente descubre las virtudes [&hellip;]\" \/>\n<meta property=\"og:url\" content=\"https:\/\/www.eldiario.net\/portal\/2026\/09\/04\/un-rapidito\/\" \/>\n<meta property=\"og:site_name\" content=\"El Diario - Bolivia\" \/>\n<meta property=\"article:publisher\" content=\"https:\/\/www.facebook.com\/eldiario.bolivia\/\" \/>\n<meta property=\"article:published_time\" content=\"2026-09-04T10:29:46+00:00\" \/>\n<meta property=\"og:image\" content=\"https:\/\/www.eldiario.net\/portal\/wp-content\/uploads\/2026\/04\/Antonio-Vargas-Rios.webp\" \/>\n\t<meta property=\"og:image:width\" content=\"1200\" \/>\n\t<meta property=\"og:image:height\" content=\"628\" \/>\n\t<meta property=\"og:image:type\" content=\"image\/webp\" \/>\n<meta name=\"author\" content=\"Jeanette\" \/>\n<meta name=\"twitter:card\" content=\"summary_large_image\" \/>\n<meta name=\"twitter:creator\" content=\"@eldiario_net\" \/>\n<meta name=\"twitter:site\" content=\"@eldiario_net\" \/>\n<meta name=\"twitter:label1\" content=\"Escrito por\" \/>\n\t<meta name=\"twitter:data1\" content=\"Jeanette\" \/>\n\t<meta name=\"twitter:label2\" content=\"Tiempo de lectura\" \/>\n\t<meta name=\"twitter:data2\" content=\"3 minutos\" \/>\n<script type=\"application\/ld+json\" class=\"yoast-schema-graph\">{\"@context\":\"https:\\\/\\\/schema.org\",\"@graph\":[{\"@type\":\"Article\",\"@id\":\"https:\\\/\\\/www.eldiario.net\\\/portal\\\/2026\\\/09\\\/04\\\/un-rapidito\\\/#article\",\"isPartOf\":{\"@id\":\"https:\\\/\\\/www.eldiario.net\\\/portal\\\/2026\\\/09\\\/04\\\/un-rapidito\\\/\"},\"author\":{\"name\":\"Jeanette\",\"@id\":\"https:\\\/\\\/www.eldiario.net\\\/portal\\\/#\\\/schema\\\/person\\\/f46445640444750d7d753ccd04ae01b7\"},\"headline\":\"\u201cUn rapidito\u201d\",\"datePublished\":\"2026-09-04T10:29:46+00:00\",\"mainEntityOfPage\":{\"@id\":\"https:\\\/\\\/www.eldiario.net\\\/portal\\\/2026\\\/09\\\/04\\\/un-rapidito\\\/\"},\"wordCount\":622,\"publisher\":{\"@id\":\"https:\\\/\\\/www.eldiario.net\\\/portal\\\/#organization\"},\"image\":{\"@id\":\"https:\\\/\\\/www.eldiario.net\\\/portal\\\/2026\\\/09\\\/04\\\/un-rapidito\\\/#primaryimage\"},\"thumbnailUrl\":\"https:\\\/\\\/www.eldiario.net\\\/portal\\\/wp-content\\\/uploads\\\/2026\\\/04\\\/Antonio-Vargas-Rios.webp\",\"articleSection\":[\"Opini\u00f3n\"],\"inLanguage\":\"es\"},{\"@type\":\"WebPage\",\"@id\":\"https:\\\/\\\/www.eldiario.net\\\/portal\\\/2026\\\/09\\\/04\\\/un-rapidito\\\/\",\"url\":\"https:\\\/\\\/www.eldiario.net\\\/portal\\\/2026\\\/09\\\/04\\\/un-rapidito\\\/\",\"name\":\"\u201cUn rapidito\u201d - El Diario - Bolivia\",\"isPartOf\":{\"@id\":\"https:\\\/\\\/www.eldiario.net\\\/portal\\\/#website\"},\"primaryImageOfPage\":{\"@id\":\"https:\\\/\\\/www.eldiario.net\\\/portal\\\/2026\\\/09\\\/04\\\/un-rapidito\\\/#primaryimage\"},\"image\":{\"@id\":\"https:\\\/\\\/www.eldiario.net\\\/portal\\\/2026\\\/09\\\/04\\\/un-rapidito\\\/#primaryimage\"},\"thumbnailUrl\":\"https:\\\/\\\/www.eldiario.net\\\/portal\\\/wp-content\\\/uploads\\\/2026\\\/04\\\/Antonio-Vargas-Rios.webp\",\"datePublished\":\"2026-09-04T10:29:46+00:00\",\"breadcrumb\":{\"@id\":\"https:\\\/\\\/www.eldiario.net\\\/portal\\\/2026\\\/09\\\/04\\\/un-rapidito\\\/#breadcrumb\"},\"inLanguage\":\"es\",\"potentialAction\":[{\"@type\":\"ReadAction\",\"target\":[\"https:\\\/\\\/www.eldiario.net\\\/portal\\\/2026\\\/09\\\/04\\\/un-rapidito\\\/\"]}]},{\"@type\":\"ImageObject\",\"inLanguage\":\"es\",\"@id\":\"https:\\\/\\\/www.eldiario.net\\\/portal\\\/2026\\\/09\\\/04\\\/un-rapidito\\\/#primaryimage\",\"url\":\"https:\\\/\\\/www.eldiario.net\\\/portal\\\/wp-content\\\/uploads\\\/2026\\\/04\\\/Antonio-Vargas-Rios.webp\",\"contentUrl\":\"https:\\\/\\\/www.eldiario.net\\\/portal\\\/wp-content\\\/uploads\\\/2026\\\/04\\\/Antonio-Vargas-Rios.webp\",\"width\":1200,\"height\":628,\"caption\":\"Antonio Vargas R\u00edos\"},{\"@type\":\"BreadcrumbList\",\"@id\":\"https:\\\/\\\/www.eldiario.net\\\/portal\\\/2026\\\/09\\\/04\\\/un-rapidito\\\/#breadcrumb\",\"itemListElement\":[{\"@type\":\"ListItem\",\"position\":1,\"name\":\"Portada\",\"item\":\"https:\\\/\\\/www.eldiario.net\\\/portal\\\/\"},{\"@type\":\"ListItem\",\"position\":2,\"name\":\"\u201cUn rapidito\u201d\"}]},{\"@type\":\"WebSite\",\"@id\":\"https:\\\/\\\/www.eldiario.net\\\/portal\\\/#website\",\"url\":\"https:\\\/\\\/www.eldiario.net\\\/portal\\\/\",\"name\":\"El Diario - Decano de la prensa nacional\",\"description\":\"El Diario - Decano de la prensa nacional\",\"publisher\":{\"@id\":\"https:\\\/\\\/www.eldiario.net\\\/portal\\\/#organization\"},\"potentialAction\":[{\"@type\":\"SearchAction\",\"target\":{\"@type\":\"EntryPoint\",\"urlTemplate\":\"https:\\\/\\\/www.eldiario.net\\\/portal\\\/?s={search_term_string}\"},\"query-input\":{\"@type\":\"PropertyValueSpecification\",\"valueRequired\":true,\"valueName\":\"search_term_string\"}}],\"inLanguage\":\"es\"},{\"@type\":\"Organization\",\"@id\":\"https:\\\/\\\/www.eldiario.net\\\/portal\\\/#organization\",\"name\":\"El Diario - Decano de la prensa nacional\",\"url\":\"https:\\\/\\\/www.eldiario.net\\\/portal\\\/\",\"logo\":{\"@type\":\"ImageObject\",\"inLanguage\":\"es\",\"@id\":\"https:\\\/\\\/www.eldiario.net\\\/portal\\\/#\\\/schema\\\/logo\\\/image\\\/\",\"url\":\"https:\\\/\\\/www.eldiario.net\\\/portal\\\/wp-content\\\/uploads\\\/2023\\\/07\\\/logo_ED.jpg\",\"contentUrl\":\"https:\\\/\\\/www.eldiario.net\\\/portal\\\/wp-content\\\/uploads\\\/2023\\\/07\\\/logo_ED.jpg\",\"width\":272,\"height\":52,\"caption\":\"El Diario - Decano de la prensa nacional\"},\"image\":{\"@id\":\"https:\\\/\\\/www.eldiario.net\\\/portal\\\/#\\\/schema\\\/logo\\\/image\\\/\"},\"sameAs\":[\"https:\\\/\\\/www.facebook.com\\\/eldiario.bolivia\\\/\",\"https:\\\/\\\/x.com\\\/eldiario_net\"]},{\"@type\":\"Person\",\"@id\":\"https:\\\/\\\/www.eldiario.net\\\/portal\\\/#\\\/schema\\\/person\\\/f46445640444750d7d753ccd04ae01b7\",\"name\":\"Jeanette\",\"image\":{\"@type\":\"ImageObject\",\"inLanguage\":\"es\",\"@id\":\"https:\\\/\\\/secure.gravatar.com\\\/avatar\\\/3ea2118a5f7dad2b7138b1187a6b7ee55f160b9968b66013c3a3ef39dd7e5798?s=96&d=mm&r=g\",\"url\":\"https:\\\/\\\/secure.gravatar.com\\\/avatar\\\/3ea2118a5f7dad2b7138b1187a6b7ee55f160b9968b66013c3a3ef39dd7e5798?s=96&d=mm&r=g\",\"contentUrl\":\"https:\\\/\\\/secure.gravatar.com\\\/avatar\\\/3ea2118a5f7dad2b7138b1187a6b7ee55f160b9968b66013c3a3ef39dd7e5798?s=96&d=mm&r=g\",\"caption\":\"Jeanette\"},\"sameAs\":[\"https:\\\/\\\/www.eldiario.net\\\/portal\"],\"url\":\"https:\\\/\\\/www.eldiario.net\\\/portal\\\/author\\\/jeanette\\\/\"}]}<\/script>\n<!-- \/ Yoast SEO plugin. -->","yoast_head_json":{"title":"\u201cUn rapidito\u201d - El Diario - Bolivia","robots":{"index":"index","follow":"follow","max-snippet":"max-snippet:-1","max-image-preview":"max-image-preview:large","max-video-preview":"max-video-preview:-1"},"canonical":"https:\/\/www.eldiario.net\/portal\/2026\/09\/04\/un-rapidito\/","og_locale":"es_ES","og_type":"article","og_title":"\u201cUn rapidito\u201d - El Diario - Bolivia","og_description":"Rodrigo Paz ha encontrado una palabra para reformar la Constituci\u00f3n: \u201crapidito\u201d. Los bloqueos duraron m\u00e1s de cincuenta d\u00edas, la gasolina y el di\u00e9sel no aparecen rapidito, los d\u00f3lares tampoco y las soluciones de su gobierno caminan sin apuro. Pero, cuando se trata de tocar la norma m\u00e1s importante del pa\u00eds, el presidente descubre las virtudes [&hellip;]","og_url":"https:\/\/www.eldiario.net\/portal\/2026\/09\/04\/un-rapidito\/","og_site_name":"El Diario - Bolivia","article_publisher":"https:\/\/www.facebook.com\/eldiario.bolivia\/","article_published_time":"2026-09-04T10:29:46+00:00","og_image":[{"width":1200,"height":628,"url":"https:\/\/www.eldiario.net\/portal\/wp-content\/uploads\/2026\/04\/Antonio-Vargas-Rios.webp","type":"image\/webp"}],"author":"Jeanette","twitter_card":"summary_large_image","twitter_creator":"@eldiario_net","twitter_site":"@eldiario_net","twitter_misc":{"Escrito por":"Jeanette","Tiempo de lectura":"3 minutos"},"schema":{"@context":"https:\/\/schema.org","@graph":[{"@type":"Article","@id":"https:\/\/www.eldiario.net\/portal\/2026\/09\/04\/un-rapidito\/#article","isPartOf":{"@id":"https:\/\/www.eldiario.net\/portal\/2026\/09\/04\/un-rapidito\/"},"author":{"name":"Jeanette","@id":"https:\/\/www.eldiario.net\/portal\/#\/schema\/person\/f46445640444750d7d753ccd04ae01b7"},"headline":"\u201cUn rapidito\u201d","datePublished":"2026-09-04T10:29:46+00:00","mainEntityOfPage":{"@id":"https:\/\/www.eldiario.net\/portal\/2026\/09\/04\/un-rapidito\/"},"wordCount":622,"publisher":{"@id":"https:\/\/www.eldiario.net\/portal\/#organization"},"image":{"@id":"https:\/\/www.eldiario.net\/portal\/2026\/09\/04\/un-rapidito\/#primaryimage"},"thumbnailUrl":"https:\/\/www.eldiario.net\/portal\/wp-content\/uploads\/2026\/04\/Antonio-Vargas-Rios.webp","articleSection":["Opini\u00f3n"],"inLanguage":"es"},{"@type":"WebPage","@id":"https:\/\/www.eldiario.net\/portal\/2026\/09\/04\/un-rapidito\/","url":"https:\/\/www.eldiario.net\/portal\/2026\/09\/04\/un-rapidito\/","name":"\u201cUn rapidito\u201d - El Diario - Bolivia","isPartOf":{"@id":"https:\/\/www.eldiario.net\/portal\/#website"},"primaryImageOfPage":{"@id":"https:\/\/www.eldiario.net\/portal\/2026\/09\/04\/un-rapidito\/#primaryimage"},"image":{"@id":"https:\/\/www.eldiario.net\/portal\/2026\/09\/04\/un-rapidito\/#primaryimage"},"thumbnailUrl":"https:\/\/www.eldiario.net\/portal\/wp-content\/uploads\/2026\/04\/Antonio-Vargas-Rios.webp","datePublished":"2026-09-04T10:29:46+00:00","breadcrumb":{"@id":"https:\/\/www.eldiario.net\/portal\/2026\/09\/04\/un-rapidito\/#breadcrumb"},"inLanguage":"es","potentialAction":[{"@type":"ReadAction","target":["https:\/\/www.eldiario.net\/portal\/2026\/09\/04\/un-rapidito\/"]}]},{"@type":"ImageObject","inLanguage":"es","@id":"https:\/\/www.eldiario.net\/portal\/2026\/09\/04\/un-rapidito\/#primaryimage","url":"https:\/\/www.eldiario.net\/portal\/wp-content\/uploads\/2026\/04\/Antonio-Vargas-Rios.webp","contentUrl":"https:\/\/www.eldiario.net\/portal\/wp-content\/uploads\/2026\/04\/Antonio-Vargas-Rios.webp","width":1200,"height":628,"caption":"Antonio Vargas R\u00edos"},{"@type":"BreadcrumbList","@id":"https:\/\/www.eldiario.net\/portal\/2026\/09\/04\/un-rapidito\/#breadcrumb","itemListElement":[{"@type":"ListItem","position":1,"name":"Portada","item":"https:\/\/www.eldiario.net\/portal\/"},{"@type":"ListItem","position":2,"name":"\u201cUn rapidito\u201d"}]},{"@type":"WebSite","@id":"https:\/\/www.eldiario.net\/portal\/#website","url":"https:\/\/www.eldiario.net\/portal\/","name":"El Diario - Decano de la prensa nacional","description":"El Diario - Decano de la prensa nacional","publisher":{"@id":"https:\/\/www.eldiario.net\/portal\/#organization"},"potentialAction":[{"@type":"SearchAction","target":{"@type":"EntryPoint","urlTemplate":"https:\/\/www.eldiario.net\/portal\/?s={search_term_string}"},"query-input":{"@type":"PropertyValueSpecification","valueRequired":true,"valueName":"search_term_string"}}],"inLanguage":"es"},{"@type":"Organization","@id":"https:\/\/www.eldiario.net\/portal\/#organization","name":"El Diario - Decano de la prensa nacional","url":"https:\/\/www.eldiario.net\/portal\/","logo":{"@type":"ImageObject","inLanguage":"es","@id":"https:\/\/www.eldiario.net\/portal\/#\/schema\/logo\/image\/","url":"https:\/\/www.eldiario.net\/portal\/wp-content\/uploads\/2023\/07\/logo_ED.jpg","contentUrl":"https:\/\/www.eldiario.net\/portal\/wp-content\/uploads\/2023\/07\/logo_ED.jpg","width":272,"height":52,"caption":"El Diario - Decano de la prensa nacional"},"image":{"@id":"https:\/\/www.eldiario.net\/portal\/#\/schema\/logo\/image\/"},"sameAs":["https:\/\/www.facebook.com\/eldiario.bolivia\/","https:\/\/x.com\/eldiario_net"]},{"@type":"Person","@id":"https:\/\/www.eldiario.net\/portal\/#\/schema\/person\/f46445640444750d7d753ccd04ae01b7","name":"Jeanette","image":{"@type":"ImageObject","inLanguage":"es","@id":"https:\/\/secure.gravatar.com\/avatar\/3ea2118a5f7dad2b7138b1187a6b7ee55f160b9968b66013c3a3ef39dd7e5798?s=96&d=mm&r=g","url":"https:\/\/secure.gravatar.com\/avatar\/3ea2118a5f7dad2b7138b1187a6b7ee55f160b9968b66013c3a3ef39dd7e5798?s=96&d=mm&r=g","contentUrl":"https:\/\/secure.gravatar.com\/avatar\/3ea2118a5f7dad2b7138b1187a6b7ee55f160b9968b66013c3a3ef39dd7e5798?s=96&d=mm&r=g","caption":"Jeanette"},"sameAs":["https:\/\/www.eldiario.net\/portal"],"url":"https:\/\/www.eldiario.net\/portal\/author\/jeanette\/"}]}},"_links":{"self":[{"href":"https:\/\/www.eldiario.net\/portal\/wp-json\/wp\/v2\/posts\/427600","targetHints":{"allow":["GET"]}}],"collection":[{"href":"https:\/\/www.eldiario.net\/portal\/wp-json\/wp\/v2\/posts"}],"about":[{"href":"https:\/\/www.eldiario.net\/portal\/wp-json\/wp\/v2\/types\/post"}],"author":[{"embeddable":true,"href":"https:\/\/www.eldiario.net\/portal\/wp-json\/wp\/v2\/users\/1"}],"replies":[{"embeddable":true,"href":"https:\/\/www.eldiario.net\/portal\/wp-json\/wp\/v2\/comments?post=427600"}],"version-history":[{"count":1,"href":"https:\/\/www.eldiario.net\/portal\/wp-json\/wp\/v2\/posts\/427600\/revisions"}],"predecessor-version":[{"id":427601,"href":"https:\/\/www.eldiario.net\/portal\/wp-json\/wp\/v2\/posts\/427600\/revisions\/427601"}],"wp:featuredmedia":[{"embeddable":true,"href":"https:\/\/www.eldiario.net\/portal\/wp-json\/wp\/v2\/media\/384581"}],"wp:attachment":[{"href":"https:\/\/www.eldiario.net\/portal\/wp-json\/wp\/v2\/media?parent=427600"}],"wp:term":[{"taxonomy":"category","embeddable":true,"href":"https:\/\/www.eldiario.net\/portal\/wp-json\/wp\/v2\/categories?post=427600"},{"taxonomy":"post_tag","embeddable":true,"href":"https:\/\/www.eldiario.net\/portal\/wp-json\/wp\/v2\/tags?post=427600"}],"curies":[{"name":"wp","href":"https:\/\/api.w.org\/{rel}","templated":true}]}}