{"id":427596,"date":"2026-09-04T06:28:42","date_gmt":"2026-09-04T10:28:42","guid":{"rendered":"https:\/\/www.eldiario.net\/portal\/?p=427596"},"modified":"2026-09-04T06:28:42","modified_gmt":"2026-09-04T10:28:42","slug":"el-juicio-final","status":"publish","type":"post","link":"https:\/\/www.eldiario.net\/portal\/2026\/09\/04\/el-juicio-final\/","title":{"rendered":"El juicio final"},"content":{"rendered":"<p>La m\u00e1quina de hacer dinero que es Hollywood ha reestrenado a fines de agosto la pel\u00edcula \u201cTerminator 2: Judgement day\u201d, conmemorando su 35 aniversario. Como saben los seguidores de la saga, la segunda parte de ese t\u00edtulo significa \u201cel d\u00eda del juicio final\u201d, una referencia directa a la fecha en la que una inteligencia artificial denominada Skynet \u201cadquiere conciencia de s\u00ed misma\u201d y provoca una guerra nuclear entre Rusia y Estados Unidos que casi extermina a la raza humana.<br \/>\nEn el argumento de la cinta, el d\u00eda del juicio final deb\u00eda ser el 29 de agosto de 1997; es decir, hace ya 29 a\u00f1os. La fecha temida lleg\u00f3 y, como todas las predicciones apocal\u00edpticas, nada pas\u00f3. Es cierto: hoy en d\u00eda tenemos a la inteligencia artificial muy desarrollada, y ya se hacen pruebas con robots en diferentes partes del mundo, pero nada se compara a lo que se supone que pasa en el universo ficticio de \u201cTerminator\u201d o \u201cEl exterminador\u201d.<br \/>\nPero la l\u00ednea argumental que me interesa para este art\u00edculo no est\u00e1 en la segunda, sino en la primera pel\u00edcula, la que se estren\u00f3 en 1984 y nos cuenta la historia de un cyborg asesino que viaja desde el futuro para matar a Sarah Connor, futura madre del l\u00edder de la resistencia humana. Otro viajero temporal, Kyle Reese, tambi\u00e9n llega, pero para protegerla, y es \u00e9l quien le cuenta que, en el futuro, las m\u00e1quinas, manipuladas por Skynet, se rebelar\u00e1n contra los seres humanos y provocar\u00e1n la ca\u00edda de la civilizaci\u00f3n.<br \/>\nEsta pel\u00edcula termina con una Sarah Connor viajando por la frontera con M\u00e9xico cuando un ni\u00f1o le toma una foto. Luego de vend\u00e9rsela, el muchacho se aleja, pero, al ver nubes negras en el horizonte dice, en espa\u00f1ol, que \u201cviene una tormenta\u201d. Sarah dice que lo sabe, pero no est\u00e1 hablando del fen\u00f3meno atmosf\u00e9rico sino del futuro debacle de la humanidad.<br \/>\nHoy, en Bolivia, est\u00e1 pasando algo parecido: viene una tormenta y nadie parece imaginar su magnitud. El estado de excepci\u00f3n est\u00e1 a punto de terminar y la Asamblea Legislativa Plurinacional no ha llevado al plenario el an\u00e1lisis de los proyectos de ley anti-bloqueos.<br \/>\nDiversos sectores ya han anunciado protestas: Transportistas, campesinos, productores, gremiales, cooperativistas mineros y otros sectores han anunciado medidas contra el Gobierno, principalmente por el precio y la escasez de di\u00e9sel, y algunos ya hablan de bloqueos. En estos casos, los reclamos tienen asidero, puesto que las filas por combustible no han cesado y el Gobierno central no ha resuelto este problema que es uno m\u00e1s de los elementos de una crisis econ\u00f3mica que amenaza con acentuarse.<br \/>\nPero el n\u00facleo del conflicto no estar\u00e1 en esos sectores, sino en el tr\u00f3pico de Cochabamba. Sin necesidad de desarrollar una inteligencia artificial genocida, como es Skynet en \u201cEl exterminador\u201d, all\u00ed est\u00e1 Evo Morales con una hiperactividad que es dif\u00edcil de creer en el caso de una persona que tiene hasta dos \u00f3rdenes de aprehensi\u00f3n.<br \/>\nDurante el estado de excepci\u00f3n, el \u201cevismo\u201d no ha bloqueado caminos, pero ha trabajado en su prop\u00f3sito de dotarse de personer\u00eda jur\u00eddica para participar en las pr\u00f3ximas elecciones y ah\u00ed est\u00e1 la clave del conflicto que se viene: Morales no va a esperar que Rodrigo Paz cumpla su periodo de cinco a\u00f1os, puesto que trabaja para acortarlo. Sin estado de excepci\u00f3n, nada frenar\u00e1 la ola de protestas; es decir, la tormenta que se avecina.<br \/>\n\u00bfPodr\u00e1 soportar el pa\u00eds un nuevo panorama de bloqueos como el que se viv\u00eda hasta antes del estado de excepci\u00f3n? La Asamblea no ha tratado una ley anti-bloqueos que ni siquiera estaba en agenda en esta semana.<br \/>\nEl calendario avanza y no hay se\u00f1ales de acciones para evitar, o por lo menos mitigar, la tormenta que se viene. Frente a esa inactividad, los exterminadores no solo est\u00e1n recargando sus armas y afilando sus guada\u00f1as, sino que se frotan las manos porque saben que, esta vez s\u00ed, est\u00e1 cerca el d\u00eda del juicio final.<\/p>\n<p>Juan Jos\u00e9 Toro es Premio Nacional en Historia del Periodismo.<\/p>\n","protected":false},"excerpt":{"rendered":"<p>La m\u00e1quina de hacer dinero que es Hollywood ha reestrenado a fines de agosto la pel\u00edcula \u201cTerminator 2: Judgement day\u201d, conmemorando su 35 aniversario. Como saben los seguidores de la saga, la segunda parte de ese t\u00edtulo significa \u201cel d\u00eda del juicio final\u201d, una referencia directa a la fecha en la que una inteligencia artificial [&hellip;]<\/p>\n","protected":false},"author":1,"featured_media":163829,"comment_status":"closed","ping_status":"open","sticky":false,"template":"","format":"standard","meta":{"_acf_changed":false,"footnotes":""},"categories":[9],"tags":[],"class_list":["post-427596","post","type-post","status-publish","format-standard","has-post-thumbnail","category-opinion"],"acf":{"antetitulo":"Surazo"},"yoast_head":"<!-- This site is optimized with the Yoast SEO plugin v28.4 - https:\/\/yoast.com\/product\/yoast-seo-wordpress\/ -->\n<title>El juicio final - El Diario - Bolivia<\/title>\n<meta name=\"robots\" content=\"index, follow, max-snippet:-1, max-image-preview:large, max-video-preview:-1\" \/>\n<link rel=\"canonical\" href=\"https:\/\/www.eldiario.net\/portal\/2026\/09\/04\/el-juicio-final\/\" \/>\n<meta property=\"og:locale\" content=\"es_ES\" \/>\n<meta property=\"og:type\" content=\"article\" \/>\n<meta property=\"og:title\" content=\"El juicio final - El Diario - Bolivia\" \/>\n<meta property=\"og:description\" content=\"La m\u00e1quina de hacer dinero que es Hollywood ha reestrenado a fines de agosto la pel\u00edcula \u201cTerminator 2: Judgement day\u201d, conmemorando su 35 aniversario. Como saben los seguidores de la saga, la segunda parte de ese t\u00edtulo significa \u201cel d\u00eda del juicio final\u201d, una referencia directa a la fecha en la que una inteligencia artificial [&hellip;]\" \/>\n<meta property=\"og:url\" content=\"https:\/\/www.eldiario.net\/portal\/2026\/09\/04\/el-juicio-final\/\" \/>\n<meta property=\"og:site_name\" content=\"El Diario - Bolivia\" \/>\n<meta property=\"article:publisher\" content=\"https:\/\/www.facebook.com\/eldiario.bolivia\/\" \/>\n<meta property=\"article:published_time\" content=\"2026-09-04T10:28:42+00:00\" \/>\n<meta property=\"og:image\" content=\"https:\/\/www.eldiario.net\/portal\/wp-content\/uploads\/2023\/07\/Juan-Jose-Toro-Montoya.jpg\" \/>\n\t<meta property=\"og:image:width\" content=\"1200\" \/>\n\t<meta property=\"og:image:height\" content=\"628\" \/>\n\t<meta property=\"og:image:type\" content=\"image\/jpeg\" \/>\n<meta name=\"author\" content=\"Jeanette\" \/>\n<meta name=\"twitter:card\" content=\"summary_large_image\" \/>\n<meta name=\"twitter:creator\" content=\"@eldiario_net\" \/>\n<meta name=\"twitter:site\" content=\"@eldiario_net\" \/>\n<meta name=\"twitter:label1\" content=\"Escrito por\" \/>\n\t<meta name=\"twitter:data1\" content=\"Jeanette\" \/>\n\t<meta name=\"twitter:label2\" content=\"Tiempo de lectura\" \/>\n\t<meta name=\"twitter:data2\" content=\"4 minutos\" \/>\n<script type=\"application\/ld+json\" class=\"yoast-schema-graph\">{\"@context\":\"https:\\\/\\\/schema.org\",\"@graph\":[{\"@type\":\"Article\",\"@id\":\"https:\\\/\\\/www.eldiario.net\\\/portal\\\/2026\\\/09\\\/04\\\/el-juicio-final\\\/#article\",\"isPartOf\":{\"@id\":\"https:\\\/\\\/www.eldiario.net\\\/portal\\\/2026\\\/09\\\/04\\\/el-juicio-final\\\/\"},\"author\":{\"name\":\"Jeanette\",\"@id\":\"https:\\\/\\\/www.eldiario.net\\\/portal\\\/#\\\/schema\\\/person\\\/f46445640444750d7d753ccd04ae01b7\"},\"headline\":\"El juicio final\",\"datePublished\":\"2026-09-04T10:28:42+00:00\",\"mainEntityOfPage\":{\"@id\":\"https:\\\/\\\/www.eldiario.net\\\/portal\\\/2026\\\/09\\\/04\\\/el-juicio-final\\\/\"},\"wordCount\":709,\"publisher\":{\"@id\":\"https:\\\/\\\/www.eldiario.net\\\/portal\\\/#organization\"},\"image\":{\"@id\":\"https:\\\/\\\/www.eldiario.net\\\/portal\\\/2026\\\/09\\\/04\\\/el-juicio-final\\\/#primaryimage\"},\"thumbnailUrl\":\"https:\\\/\\\/www.eldiario.net\\\/portal\\\/wp-content\\\/uploads\\\/2023\\\/07\\\/Juan-Jose-Toro-Montoya.jpg\",\"articleSection\":[\"Opini\u00f3n\"],\"inLanguage\":\"es\"},{\"@type\":\"WebPage\",\"@id\":\"https:\\\/\\\/www.eldiario.net\\\/portal\\\/2026\\\/09\\\/04\\\/el-juicio-final\\\/\",\"url\":\"https:\\\/\\\/www.eldiario.net\\\/portal\\\/2026\\\/09\\\/04\\\/el-juicio-final\\\/\",\"name\":\"El juicio final - El Diario - Bolivia\",\"isPartOf\":{\"@id\":\"https:\\\/\\\/www.eldiario.net\\\/portal\\\/#website\"},\"primaryImageOfPage\":{\"@id\":\"https:\\\/\\\/www.eldiario.net\\\/portal\\\/2026\\\/09\\\/04\\\/el-juicio-final\\\/#primaryimage\"},\"image\":{\"@id\":\"https:\\\/\\\/www.eldiario.net\\\/portal\\\/2026\\\/09\\\/04\\\/el-juicio-final\\\/#primaryimage\"},\"thumbnailUrl\":\"https:\\\/\\\/www.eldiario.net\\\/portal\\\/wp-content\\\/uploads\\\/2023\\\/07\\\/Juan-Jose-Toro-Montoya.jpg\",\"datePublished\":\"2026-09-04T10:28:42+00:00\",\"breadcrumb\":{\"@id\":\"https:\\\/\\\/www.eldiario.net\\\/portal\\\/2026\\\/09\\\/04\\\/el-juicio-final\\\/#breadcrumb\"},\"inLanguage\":\"es\",\"potentialAction\":[{\"@type\":\"ReadAction\",\"target\":[\"https:\\\/\\\/www.eldiario.net\\\/portal\\\/2026\\\/09\\\/04\\\/el-juicio-final\\\/\"]}]},{\"@type\":\"ImageObject\",\"inLanguage\":\"es\",\"@id\":\"https:\\\/\\\/www.eldiario.net\\\/portal\\\/2026\\\/09\\\/04\\\/el-juicio-final\\\/#primaryimage\",\"url\":\"https:\\\/\\\/www.eldiario.net\\\/portal\\\/wp-content\\\/uploads\\\/2023\\\/07\\\/Juan-Jose-Toro-Montoya.jpg\",\"contentUrl\":\"https:\\\/\\\/www.eldiario.net\\\/portal\\\/wp-content\\\/uploads\\\/2023\\\/07\\\/Juan-Jose-Toro-Montoya.jpg\",\"width\":1200,\"height\":628,\"caption\":\"Juan Jos\u00e9 Toro Montoya\"},{\"@type\":\"BreadcrumbList\",\"@id\":\"https:\\\/\\\/www.eldiario.net\\\/portal\\\/2026\\\/09\\\/04\\\/el-juicio-final\\\/#breadcrumb\",\"itemListElement\":[{\"@type\":\"ListItem\",\"position\":1,\"name\":\"Portada\",\"item\":\"https:\\\/\\\/www.eldiario.net\\\/portal\\\/\"},{\"@type\":\"ListItem\",\"position\":2,\"name\":\"El juicio final\"}]},{\"@type\":\"WebSite\",\"@id\":\"https:\\\/\\\/www.eldiario.net\\\/portal\\\/#website\",\"url\":\"https:\\\/\\\/www.eldiario.net\\\/portal\\\/\",\"name\":\"El Diario - Decano de la prensa nacional\",\"description\":\"El Diario - Decano de la prensa nacional\",\"publisher\":{\"@id\":\"https:\\\/\\\/www.eldiario.net\\\/portal\\\/#organization\"},\"potentialAction\":[{\"@type\":\"SearchAction\",\"target\":{\"@type\":\"EntryPoint\",\"urlTemplate\":\"https:\\\/\\\/www.eldiario.net\\\/portal\\\/?s={search_term_string}\"},\"query-input\":{\"@type\":\"PropertyValueSpecification\",\"valueRequired\":true,\"valueName\":\"search_term_string\"}}],\"inLanguage\":\"es\"},{\"@type\":\"Organization\",\"@id\":\"https:\\\/\\\/www.eldiario.net\\\/portal\\\/#organization\",\"name\":\"El Diario - Decano de la prensa nacional\",\"url\":\"https:\\\/\\\/www.eldiario.net\\\/portal\\\/\",\"logo\":{\"@type\":\"ImageObject\",\"inLanguage\":\"es\",\"@id\":\"https:\\\/\\\/www.eldiario.net\\\/portal\\\/#\\\/schema\\\/logo\\\/image\\\/\",\"url\":\"https:\\\/\\\/www.eldiario.net\\\/portal\\\/wp-content\\\/uploads\\\/2023\\\/07\\\/logo_ED.jpg\",\"contentUrl\":\"https:\\\/\\\/www.eldiario.net\\\/portal\\\/wp-content\\\/uploads\\\/2023\\\/07\\\/logo_ED.jpg\",\"width\":272,\"height\":52,\"caption\":\"El Diario - Decano de la prensa nacional\"},\"image\":{\"@id\":\"https:\\\/\\\/www.eldiario.net\\\/portal\\\/#\\\/schema\\\/logo\\\/image\\\/\"},\"sameAs\":[\"https:\\\/\\\/www.facebook.com\\\/eldiario.bolivia\\\/\",\"https:\\\/\\\/x.com\\\/eldiario_net\"]},{\"@type\":\"Person\",\"@id\":\"https:\\\/\\\/www.eldiario.net\\\/portal\\\/#\\\/schema\\\/person\\\/f46445640444750d7d753ccd04ae01b7\",\"name\":\"Jeanette\",\"image\":{\"@type\":\"ImageObject\",\"inLanguage\":\"es\",\"@id\":\"https:\\\/\\\/secure.gravatar.com\\\/avatar\\\/3ea2118a5f7dad2b7138b1187a6b7ee55f160b9968b66013c3a3ef39dd7e5798?s=96&d=mm&r=g\",\"url\":\"https:\\\/\\\/secure.gravatar.com\\\/avatar\\\/3ea2118a5f7dad2b7138b1187a6b7ee55f160b9968b66013c3a3ef39dd7e5798?s=96&d=mm&r=g\",\"contentUrl\":\"https:\\\/\\\/secure.gravatar.com\\\/avatar\\\/3ea2118a5f7dad2b7138b1187a6b7ee55f160b9968b66013c3a3ef39dd7e5798?s=96&d=mm&r=g\",\"caption\":\"Jeanette\"},\"sameAs\":[\"https:\\\/\\\/www.eldiario.net\\\/portal\"],\"url\":\"https:\\\/\\\/www.eldiario.net\\\/portal\\\/author\\\/jeanette\\\/\"}]}<\/script>\n<!-- \/ Yoast SEO plugin. -->","yoast_head_json":{"title":"El juicio final - El Diario - Bolivia","robots":{"index":"index","follow":"follow","max-snippet":"max-snippet:-1","max-image-preview":"max-image-preview:large","max-video-preview":"max-video-preview:-1"},"canonical":"https:\/\/www.eldiario.net\/portal\/2026\/09\/04\/el-juicio-final\/","og_locale":"es_ES","og_type":"article","og_title":"El juicio final - El Diario - Bolivia","og_description":"La m\u00e1quina de hacer dinero que es Hollywood ha reestrenado a fines de agosto la pel\u00edcula \u201cTerminator 2: Judgement day\u201d, conmemorando su 35 aniversario. Como saben los seguidores de la saga, la segunda parte de ese t\u00edtulo significa \u201cel d\u00eda del juicio final\u201d, una referencia directa a la fecha en la que una inteligencia artificial [&hellip;]","og_url":"https:\/\/www.eldiario.net\/portal\/2026\/09\/04\/el-juicio-final\/","og_site_name":"El Diario - Bolivia","article_publisher":"https:\/\/www.facebook.com\/eldiario.bolivia\/","article_published_time":"2026-09-04T10:28:42+00:00","og_image":[{"width":1200,"height":628,"url":"https:\/\/www.eldiario.net\/portal\/wp-content\/uploads\/2023\/07\/Juan-Jose-Toro-Montoya.jpg","type":"image\/jpeg"}],"author":"Jeanette","twitter_card":"summary_large_image","twitter_creator":"@eldiario_net","twitter_site":"@eldiario_net","twitter_misc":{"Escrito por":"Jeanette","Tiempo de lectura":"4 minutos"},"schema":{"@context":"https:\/\/schema.org","@graph":[{"@type":"Article","@id":"https:\/\/www.eldiario.net\/portal\/2026\/09\/04\/el-juicio-final\/#article","isPartOf":{"@id":"https:\/\/www.eldiario.net\/portal\/2026\/09\/04\/el-juicio-final\/"},"author":{"name":"Jeanette","@id":"https:\/\/www.eldiario.net\/portal\/#\/schema\/person\/f46445640444750d7d753ccd04ae01b7"},"headline":"El juicio final","datePublished":"2026-09-04T10:28:42+00:00","mainEntityOfPage":{"@id":"https:\/\/www.eldiario.net\/portal\/2026\/09\/04\/el-juicio-final\/"},"wordCount":709,"publisher":{"@id":"https:\/\/www.eldiario.net\/portal\/#organization"},"image":{"@id":"https:\/\/www.eldiario.net\/portal\/2026\/09\/04\/el-juicio-final\/#primaryimage"},"thumbnailUrl":"https:\/\/www.eldiario.net\/portal\/wp-content\/uploads\/2023\/07\/Juan-Jose-Toro-Montoya.jpg","articleSection":["Opini\u00f3n"],"inLanguage":"es"},{"@type":"WebPage","@id":"https:\/\/www.eldiario.net\/portal\/2026\/09\/04\/el-juicio-final\/","url":"https:\/\/www.eldiario.net\/portal\/2026\/09\/04\/el-juicio-final\/","name":"El juicio final - El Diario - Bolivia","isPartOf":{"@id":"https:\/\/www.eldiario.net\/portal\/#website"},"primaryImageOfPage":{"@id":"https:\/\/www.eldiario.net\/portal\/2026\/09\/04\/el-juicio-final\/#primaryimage"},"image":{"@id":"https:\/\/www.eldiario.net\/portal\/2026\/09\/04\/el-juicio-final\/#primaryimage"},"thumbnailUrl":"https:\/\/www.eldiario.net\/portal\/wp-content\/uploads\/2023\/07\/Juan-Jose-Toro-Montoya.jpg","datePublished":"2026-09-04T10:28:42+00:00","breadcrumb":{"@id":"https:\/\/www.eldiario.net\/portal\/2026\/09\/04\/el-juicio-final\/#breadcrumb"},"inLanguage":"es","potentialAction":[{"@type":"ReadAction","target":["https:\/\/www.eldiario.net\/portal\/2026\/09\/04\/el-juicio-final\/"]}]},{"@type":"ImageObject","inLanguage":"es","@id":"https:\/\/www.eldiario.net\/portal\/2026\/09\/04\/el-juicio-final\/#primaryimage","url":"https:\/\/www.eldiario.net\/portal\/wp-content\/uploads\/2023\/07\/Juan-Jose-Toro-Montoya.jpg","contentUrl":"https:\/\/www.eldiario.net\/portal\/wp-content\/uploads\/2023\/07\/Juan-Jose-Toro-Montoya.jpg","width":1200,"height":628,"caption":"Juan Jos\u00e9 Toro Montoya"},{"@type":"BreadcrumbList","@id":"https:\/\/www.eldiario.net\/portal\/2026\/09\/04\/el-juicio-final\/#breadcrumb","itemListElement":[{"@type":"ListItem","position":1,"name":"Portada","item":"https:\/\/www.eldiario.net\/portal\/"},{"@type":"ListItem","position":2,"name":"El juicio final"}]},{"@type":"WebSite","@id":"https:\/\/www.eldiario.net\/portal\/#website","url":"https:\/\/www.eldiario.net\/portal\/","name":"El Diario - Decano de la prensa nacional","description":"El Diario - Decano de la prensa nacional","publisher":{"@id":"https:\/\/www.eldiario.net\/portal\/#organization"},"potentialAction":[{"@type":"SearchAction","target":{"@type":"EntryPoint","urlTemplate":"https:\/\/www.eldiario.net\/portal\/?s={search_term_string}"},"query-input":{"@type":"PropertyValueSpecification","valueRequired":true,"valueName":"search_term_string"}}],"inLanguage":"es"},{"@type":"Organization","@id":"https:\/\/www.eldiario.net\/portal\/#organization","name":"El Diario - Decano de la prensa nacional","url":"https:\/\/www.eldiario.net\/portal\/","logo":{"@type":"ImageObject","inLanguage":"es","@id":"https:\/\/www.eldiario.net\/portal\/#\/schema\/logo\/image\/","url":"https:\/\/www.eldiario.net\/portal\/wp-content\/uploads\/2023\/07\/logo_ED.jpg","contentUrl":"https:\/\/www.eldiario.net\/portal\/wp-content\/uploads\/2023\/07\/logo_ED.jpg","width":272,"height":52,"caption":"El Diario - Decano de la prensa nacional"},"image":{"@id":"https:\/\/www.eldiario.net\/portal\/#\/schema\/logo\/image\/"},"sameAs":["https:\/\/www.facebook.com\/eldiario.bolivia\/","https:\/\/x.com\/eldiario_net"]},{"@type":"Person","@id":"https:\/\/www.eldiario.net\/portal\/#\/schema\/person\/f46445640444750d7d753ccd04ae01b7","name":"Jeanette","image":{"@type":"ImageObject","inLanguage":"es","@id":"https:\/\/secure.gravatar.com\/avatar\/3ea2118a5f7dad2b7138b1187a6b7ee55f160b9968b66013c3a3ef39dd7e5798?s=96&d=mm&r=g","url":"https:\/\/secure.gravatar.com\/avatar\/3ea2118a5f7dad2b7138b1187a6b7ee55f160b9968b66013c3a3ef39dd7e5798?s=96&d=mm&r=g","contentUrl":"https:\/\/secure.gravatar.com\/avatar\/3ea2118a5f7dad2b7138b1187a6b7ee55f160b9968b66013c3a3ef39dd7e5798?s=96&d=mm&r=g","caption":"Jeanette"},"sameAs":["https:\/\/www.eldiario.net\/portal"],"url":"https:\/\/www.eldiario.net\/portal\/author\/jeanette\/"}]}},"_links":{"self":[{"href":"https:\/\/www.eldiario.net\/portal\/wp-json\/wp\/v2\/posts\/427596","targetHints":{"allow":["GET"]}}],"collection":[{"href":"https:\/\/www.eldiario.net\/portal\/wp-json\/wp\/v2\/posts"}],"about":[{"href":"https:\/\/www.eldiario.net\/portal\/wp-json\/wp\/v2\/types\/post"}],"author":[{"embeddable":true,"href":"https:\/\/www.eldiario.net\/portal\/wp-json\/wp\/v2\/users\/1"}],"replies":[{"embeddable":true,"href":"https:\/\/www.eldiario.net\/portal\/wp-json\/wp\/v2\/comments?post=427596"}],"version-history":[{"count":1,"href":"https:\/\/www.eldiario.net\/portal\/wp-json\/wp\/v2\/posts\/427596\/revisions"}],"predecessor-version":[{"id":427597,"href":"https:\/\/www.eldiario.net\/portal\/wp-json\/wp\/v2\/posts\/427596\/revisions\/427597"}],"wp:featuredmedia":[{"embeddable":true,"href":"https:\/\/www.eldiario.net\/portal\/wp-json\/wp\/v2\/media\/163829"}],"wp:attachment":[{"href":"https:\/\/www.eldiario.net\/portal\/wp-json\/wp\/v2\/media?parent=427596"}],"wp:term":[{"taxonomy":"category","embeddable":true,"href":"https:\/\/www.eldiario.net\/portal\/wp-json\/wp\/v2\/categories?post=427596"},{"taxonomy":"post_tag","embeddable":true,"href":"https:\/\/www.eldiario.net\/portal\/wp-json\/wp\/v2\/tags?post=427596"}],"curies":[{"name":"wp","href":"https:\/\/api.w.org\/{rel}","templated":true}]}}