{"id":427591,"date":"2026-09-04T06:27:22","date_gmt":"2026-09-04T10:27:22","guid":{"rendered":"https:\/\/www.eldiario.net\/portal\/?p=427591"},"modified":"2026-09-04T06:27:22","modified_gmt":"2026-09-04T10:27:22","slug":"la-nueva-normalidad-de-filas-y-saqueo-de-ypfb","status":"publish","type":"post","link":"https:\/\/www.eldiario.net\/portal\/2026\/09\/04\/la-nueva-normalidad-de-filas-y-saqueo-de-ypfb\/","title":{"rendered":"La \u201cnueva normalidad\u201d de filas y saqueo de YPFB"},"content":{"rendered":"<p>Las interminables filas de veh\u00edculos en los surtidores de di\u00e9sel y gasolina han dejado de ser una emergencia temporal en Bolivia; hoy se han enquistado como una indignante \u201cnueva normalidad\u201d que hay que ir aceptando con estoicismo o impavidez. Ciudadanos, transportistas y productores agr\u00edcolas pierden jornadas enteras de trabajo esperando abastecerse, atrapados en un paisaje de par\u00e1lisis urbana y rural. Esta degradaci\u00f3n cotidiana del derecho a trabajar y circular es el reflejo m\u00e1s descarnado del colapso del modelo econ\u00f3mico vigente y de la quiebra t\u00e9cnica e institucional del sector.<br \/>\nDetr\u00e1s de los surtidores vac\u00edos se esconde el verdadero culpable: la galopante corrupci\u00f3n en Yacimientos Petrol\u00edferos Fiscales Bolivianos (YPFB). Lejos de ser un fen\u00f3meno reciente, el saqueo institucional de la estatal petrolera es una herencia directa de las gestiones del MAS, que convirtieron a la empresa m\u00e1s grande del pa\u00eds en un bot\u00edn pol\u00edtico y en una caja chica corporativa para otorgar pegas a los pros\u00e9litos y a los amigos. Mientras la poblaci\u00f3n sufre el desabastecimiento, los recientes esc\u00e1ndalos, los desv\u00edos masivos de carburantes subvencionados y las denuncias de millonarios negociados en la importaci\u00f3n evidencian una estructura mafiosa incrustada que opera con total impunidad.<br \/>\nAnte esta debacle, parches e intervenciones gubernamentales de corto plazo resultan insuficientes. Es una necesidad imperativa realizar una auditor\u00eda internacional profunda y forense en YPFB, con el fin de procesar a los corruptos que robaron millones de d\u00f3lares y de reparar una situaci\u00f3n cada vez m\u00e1s dif\u00edcil. El pa\u00eds tiene derecho a saber a d\u00f3nde fueron a parar las millonarias ganancias de la bonanza y bajo qu\u00e9 criterios se maneja la cadena log\u00edstica actual. El secretismo estatal solo alimenta la complicidad con el desfalco y agrava la crisis econ\u00f3mica y moral.<br \/>\nSin embargo, el problema de fondo es estructural y como una bomba de tiempo. Si Bolivia no implementa de manera inmediata un plan agresivo y transparente para explorar nuevos pozos de gas, el desastre ser\u00e1 irreversible, pues el pa\u00eds tendr\u00e1 que comenzar a importar gas. El pa\u00eds que alguna vez pretendi\u00f3 ser el coraz\u00f3n energ\u00e9tico de la regi\u00f3n se encuentra a un paso de convertirse en un importador neto de gas para su subsistencia b\u00e1sica. Sin exploraci\u00f3n real, las filas actuales no ser\u00e1n m\u00e1s que el pre\u00e1mbulo de un inminente apag\u00f3n nacional.<br \/>\nEl gobierno actual todav\u00eda est\u00e1 a tiempo de decidir si es la continuidad del MAS o el inicio de una nueva etapa. Hasta ahora, lamentablemente, no ha modificado los cimientos anquilosados del desastre masista; ni siquiera ha puesto parches, solo ha salido del paso con discursos populistas. Pero no deber\u00eda esperar hasta que la paciencia de la ciudadan\u00eda se agote, sino actuar con decisi\u00f3n, con un horizonte claro e ideas, sin pusilanimidad. Adem\u00e1s, la Asamblea Legislativa deber\u00eda a ponerse a trabajar en serio, dejando la politiquer\u00eda a un lado. Bolivia necesita respuestas concretas.<\/p>\n","protected":false},"excerpt":{"rendered":"<p>Las interminables filas de veh\u00edculos en los surtidores de di\u00e9sel y gasolina han dejado de ser una emergencia temporal en Bolivia; hoy se han enquistado como una indignante \u201cnueva normalidad\u201d que hay que ir aceptando con estoicismo o impavidez. Ciudadanos, transportistas y productores agr\u00edcolas pierden jornadas enteras de trabajo esperando abastecerse, atrapados en un paisaje [&hellip;]<\/p>\n","protected":false},"author":1,"featured_media":194776,"comment_status":"closed","ping_status":"open","sticky":false,"template":"","format":"standard","meta":{"_acf_changed":false,"footnotes":""},"categories":[4],"tags":[],"class_list":["post-427591","post","type-post","status-publish","format-standard","has-post-thumbnail","category-editorial"],"acf":{"antetitulo":""},"yoast_head":"<!-- This site is optimized with the Yoast SEO plugin v28.4 - https:\/\/yoast.com\/product\/yoast-seo-wordpress\/ -->\n<title>La \u201cnueva normalidad\u201d de filas y saqueo de YPFB - El Diario - Bolivia<\/title>\n<meta name=\"robots\" content=\"index, follow, max-snippet:-1, max-image-preview:large, max-video-preview:-1\" \/>\n<link rel=\"canonical\" href=\"https:\/\/www.eldiario.net\/portal\/2026\/09\/04\/la-nueva-normalidad-de-filas-y-saqueo-de-ypfb\/\" \/>\n<meta property=\"og:locale\" content=\"es_ES\" \/>\n<meta property=\"og:type\" content=\"article\" \/>\n<meta property=\"og:title\" content=\"La \u201cnueva normalidad\u201d de filas y saqueo de YPFB - El Diario - Bolivia\" \/>\n<meta property=\"og:description\" content=\"Las interminables filas de veh\u00edculos en los surtidores de di\u00e9sel y gasolina han dejado de ser una emergencia temporal en Bolivia; hoy se han enquistado como una indignante \u201cnueva normalidad\u201d que hay que ir aceptando con estoicismo o impavidez. Ciudadanos, transportistas y productores agr\u00edcolas pierden jornadas enteras de trabajo esperando abastecerse, atrapados en un paisaje [&hellip;]\" \/>\n<meta property=\"og:url\" content=\"https:\/\/www.eldiario.net\/portal\/2026\/09\/04\/la-nueva-normalidad-de-filas-y-saqueo-de-ypfb\/\" \/>\n<meta property=\"og:site_name\" content=\"El Diario - Bolivia\" \/>\n<meta property=\"article:publisher\" content=\"https:\/\/www.facebook.com\/eldiario.bolivia\/\" \/>\n<meta property=\"article:published_time\" content=\"2026-09-04T10:27:22+00:00\" \/>\n<meta property=\"og:image\" content=\"https:\/\/www.eldiario.net\/portal\/wp-content\/uploads\/2023\/12\/Editorial.jpg\" \/>\n\t<meta property=\"og:image:width\" content=\"800\" \/>\n\t<meta property=\"og:image:height\" content=\"500\" \/>\n\t<meta property=\"og:image:type\" content=\"image\/jpeg\" \/>\n<meta name=\"author\" content=\"Jeanette\" \/>\n<meta name=\"twitter:card\" content=\"summary_large_image\" \/>\n<meta name=\"twitter:creator\" content=\"@eldiario_net\" \/>\n<meta name=\"twitter:site\" content=\"@eldiario_net\" \/>\n<meta name=\"twitter:label1\" content=\"Escrito por\" \/>\n\t<meta name=\"twitter:data1\" content=\"Jeanette\" \/>\n\t<meta name=\"twitter:label2\" content=\"Tiempo de lectura\" \/>\n\t<meta name=\"twitter:data2\" content=\"3 minutos\" \/>\n<script type=\"application\/ld+json\" class=\"yoast-schema-graph\">{\"@context\":\"https:\\\/\\\/schema.org\",\"@graph\":[{\"@type\":\"Article\",\"@id\":\"https:\\\/\\\/www.eldiario.net\\\/portal\\\/2026\\\/09\\\/04\\\/la-nueva-normalidad-de-filas-y-saqueo-de-ypfb\\\/#article\",\"isPartOf\":{\"@id\":\"https:\\\/\\\/www.eldiario.net\\\/portal\\\/2026\\\/09\\\/04\\\/la-nueva-normalidad-de-filas-y-saqueo-de-ypfb\\\/\"},\"author\":{\"name\":\"Jeanette\",\"@id\":\"https:\\\/\\\/www.eldiario.net\\\/portal\\\/#\\\/schema\\\/person\\\/2c57cf2b7a7ae032e449e4c9b1019eac\"},\"headline\":\"La \u201cnueva normalidad\u201d de filas y saqueo de YPFB\",\"datePublished\":\"2026-09-04T10:27:22+00:00\",\"mainEntityOfPage\":{\"@id\":\"https:\\\/\\\/www.eldiario.net\\\/portal\\\/2026\\\/09\\\/04\\\/la-nueva-normalidad-de-filas-y-saqueo-de-ypfb\\\/\"},\"wordCount\":527,\"publisher\":{\"@id\":\"https:\\\/\\\/www.eldiario.net\\\/portal\\\/#organization\"},\"image\":{\"@id\":\"https:\\\/\\\/www.eldiario.net\\\/portal\\\/2026\\\/09\\\/04\\\/la-nueva-normalidad-de-filas-y-saqueo-de-ypfb\\\/#primaryimage\"},\"thumbnailUrl\":\"https:\\\/\\\/www.eldiario.net\\\/portal\\\/wp-content\\\/uploads\\\/2023\\\/12\\\/Editorial.jpg\",\"articleSection\":[\"Editorial\"],\"inLanguage\":\"es\"},{\"@type\":\"WebPage\",\"@id\":\"https:\\\/\\\/www.eldiario.net\\\/portal\\\/2026\\\/09\\\/04\\\/la-nueva-normalidad-de-filas-y-saqueo-de-ypfb\\\/\",\"url\":\"https:\\\/\\\/www.eldiario.net\\\/portal\\\/2026\\\/09\\\/04\\\/la-nueva-normalidad-de-filas-y-saqueo-de-ypfb\\\/\",\"name\":\"La \u201cnueva normalidad\u201d de filas y saqueo de YPFB - El Diario - Bolivia\",\"isPartOf\":{\"@id\":\"https:\\\/\\\/www.eldiario.net\\\/portal\\\/#website\"},\"primaryImageOfPage\":{\"@id\":\"https:\\\/\\\/www.eldiario.net\\\/portal\\\/2026\\\/09\\\/04\\\/la-nueva-normalidad-de-filas-y-saqueo-de-ypfb\\\/#primaryimage\"},\"image\":{\"@id\":\"https:\\\/\\\/www.eldiario.net\\\/portal\\\/2026\\\/09\\\/04\\\/la-nueva-normalidad-de-filas-y-saqueo-de-ypfb\\\/#primaryimage\"},\"thumbnailUrl\":\"https:\\\/\\\/www.eldiario.net\\\/portal\\\/wp-content\\\/uploads\\\/2023\\\/12\\\/Editorial.jpg\",\"datePublished\":\"2026-09-04T10:27:22+00:00\",\"breadcrumb\":{\"@id\":\"https:\\\/\\\/www.eldiario.net\\\/portal\\\/2026\\\/09\\\/04\\\/la-nueva-normalidad-de-filas-y-saqueo-de-ypfb\\\/#breadcrumb\"},\"inLanguage\":\"es\",\"potentialAction\":[{\"@type\":\"ReadAction\",\"target\":[\"https:\\\/\\\/www.eldiario.net\\\/portal\\\/2026\\\/09\\\/04\\\/la-nueva-normalidad-de-filas-y-saqueo-de-ypfb\\\/\"]}]},{\"@type\":\"ImageObject\",\"inLanguage\":\"es\",\"@id\":\"https:\\\/\\\/www.eldiario.net\\\/portal\\\/2026\\\/09\\\/04\\\/la-nueva-normalidad-de-filas-y-saqueo-de-ypfb\\\/#primaryimage\",\"url\":\"https:\\\/\\\/www.eldiario.net\\\/portal\\\/wp-content\\\/uploads\\\/2023\\\/12\\\/Editorial.jpg\",\"contentUrl\":\"https:\\\/\\\/www.eldiario.net\\\/portal\\\/wp-content\\\/uploads\\\/2023\\\/12\\\/Editorial.jpg\",\"width\":800,\"height\":500},{\"@type\":\"BreadcrumbList\",\"@id\":\"https:\\\/\\\/www.eldiario.net\\\/portal\\\/2026\\\/09\\\/04\\\/la-nueva-normalidad-de-filas-y-saqueo-de-ypfb\\\/#breadcrumb\",\"itemListElement\":[{\"@type\":\"ListItem\",\"position\":1,\"name\":\"Portada\",\"item\":\"https:\\\/\\\/www.eldiario.net\\\/portal\\\/\"},{\"@type\":\"ListItem\",\"position\":2,\"name\":\"La \u201cnueva normalidad\u201d de filas y saqueo de YPFB\"}]},{\"@type\":\"WebSite\",\"@id\":\"https:\\\/\\\/www.eldiario.net\\\/portal\\\/#website\",\"url\":\"https:\\\/\\\/www.eldiario.net\\\/portal\\\/\",\"name\":\"El Diario - Decano de la prensa nacional\",\"description\":\"El Diario - Decano de la prensa nacional\",\"publisher\":{\"@id\":\"https:\\\/\\\/www.eldiario.net\\\/portal\\\/#organization\"},\"potentialAction\":[{\"@type\":\"SearchAction\",\"target\":{\"@type\":\"EntryPoint\",\"urlTemplate\":\"https:\\\/\\\/www.eldiario.net\\\/portal\\\/?s={search_term_string}\"},\"query-input\":{\"@type\":\"PropertyValueSpecification\",\"valueRequired\":true,\"valueName\":\"search_term_string\"}}],\"inLanguage\":\"es\"},{\"@type\":\"Organization\",\"@id\":\"https:\\\/\\\/www.eldiario.net\\\/portal\\\/#organization\",\"name\":\"El Diario - Decano de la prensa nacional\",\"url\":\"https:\\\/\\\/www.eldiario.net\\\/portal\\\/\",\"logo\":{\"@type\":\"ImageObject\",\"inLanguage\":\"es\",\"@id\":\"https:\\\/\\\/www.eldiario.net\\\/portal\\\/#\\\/schema\\\/logo\\\/image\\\/\",\"url\":\"https:\\\/\\\/www.eldiario.net\\\/portal\\\/wp-content\\\/uploads\\\/2023\\\/07\\\/logo_ED.jpg\",\"contentUrl\":\"https:\\\/\\\/www.eldiario.net\\\/portal\\\/wp-content\\\/uploads\\\/2023\\\/07\\\/logo_ED.jpg\",\"width\":272,\"height\":52,\"caption\":\"El Diario - Decano de la prensa nacional\"},\"image\":{\"@id\":\"https:\\\/\\\/www.eldiario.net\\\/portal\\\/#\\\/schema\\\/logo\\\/image\\\/\"},\"sameAs\":[\"https:\\\/\\\/www.facebook.com\\\/eldiario.bolivia\\\/\",\"https:\\\/\\\/x.com\\\/eldiario_net\"]},{\"@type\":\"Person\",\"@id\":\"https:\\\/\\\/www.eldiario.net\\\/portal\\\/#\\\/schema\\\/person\\\/2c57cf2b7a7ae032e449e4c9b1019eac\",\"name\":\"Jeanette\",\"image\":{\"@type\":\"ImageObject\",\"inLanguage\":\"es\",\"@id\":\"https:\\\/\\\/secure.gravatar.com\\\/avatar\\\/3ea2118a5f7dad2b7138b1187a6b7ee55f160b9968b66013c3a3ef39dd7e5798?s=96&d=mm&r=g\",\"url\":\"https:\\\/\\\/secure.gravatar.com\\\/avatar\\\/3ea2118a5f7dad2b7138b1187a6b7ee55f160b9968b66013c3a3ef39dd7e5798?s=96&d=mm&r=g\",\"contentUrl\":\"https:\\\/\\\/secure.gravatar.com\\\/avatar\\\/3ea2118a5f7dad2b7138b1187a6b7ee55f160b9968b66013c3a3ef39dd7e5798?s=96&d=mm&r=g\",\"caption\":\"Jeanette\"},\"sameAs\":[\"https:\\\/\\\/www.eldiario.net\\\/portal\"],\"url\":\"https:\\\/\\\/www.eldiario.net\\\/portal\\\/author\\\/jeanette\\\/\"}]}<\/script>\n<!-- \/ Yoast SEO plugin. -->","yoast_head_json":{"title":"La \u201cnueva normalidad\u201d de filas y saqueo de YPFB - El Diario - Bolivia","robots":{"index":"index","follow":"follow","max-snippet":"max-snippet:-1","max-image-preview":"max-image-preview:large","max-video-preview":"max-video-preview:-1"},"canonical":"https:\/\/www.eldiario.net\/portal\/2026\/09\/04\/la-nueva-normalidad-de-filas-y-saqueo-de-ypfb\/","og_locale":"es_ES","og_type":"article","og_title":"La \u201cnueva normalidad\u201d de filas y saqueo de YPFB - El Diario - Bolivia","og_description":"Las interminables filas de veh\u00edculos en los surtidores de di\u00e9sel y gasolina han dejado de ser una emergencia temporal en Bolivia; hoy se han enquistado como una indignante \u201cnueva normalidad\u201d que hay que ir aceptando con estoicismo o impavidez. Ciudadanos, transportistas y productores agr\u00edcolas pierden jornadas enteras de trabajo esperando abastecerse, atrapados en un paisaje [&hellip;]","og_url":"https:\/\/www.eldiario.net\/portal\/2026\/09\/04\/la-nueva-normalidad-de-filas-y-saqueo-de-ypfb\/","og_site_name":"El Diario - Bolivia","article_publisher":"https:\/\/www.facebook.com\/eldiario.bolivia\/","article_published_time":"2026-09-04T10:27:22+00:00","og_image":[{"width":800,"height":500,"url":"https:\/\/www.eldiario.net\/portal\/wp-content\/uploads\/2023\/12\/Editorial.jpg","type":"image\/jpeg"}],"author":"Jeanette","twitter_card":"summary_large_image","twitter_creator":"@eldiario_net","twitter_site":"@eldiario_net","twitter_misc":{"Escrito por":"Jeanette","Tiempo de lectura":"3 minutos"},"schema":{"@context":"https:\/\/schema.org","@graph":[{"@type":"Article","@id":"https:\/\/www.eldiario.net\/portal\/2026\/09\/04\/la-nueva-normalidad-de-filas-y-saqueo-de-ypfb\/#article","isPartOf":{"@id":"https:\/\/www.eldiario.net\/portal\/2026\/09\/04\/la-nueva-normalidad-de-filas-y-saqueo-de-ypfb\/"},"author":{"name":"Jeanette","@id":"https:\/\/www.eldiario.net\/portal\/#\/schema\/person\/2c57cf2b7a7ae032e449e4c9b1019eac"},"headline":"La \u201cnueva normalidad\u201d de filas y saqueo de YPFB","datePublished":"2026-09-04T10:27:22+00:00","mainEntityOfPage":{"@id":"https:\/\/www.eldiario.net\/portal\/2026\/09\/04\/la-nueva-normalidad-de-filas-y-saqueo-de-ypfb\/"},"wordCount":527,"publisher":{"@id":"https:\/\/www.eldiario.net\/portal\/#organization"},"image":{"@id":"https:\/\/www.eldiario.net\/portal\/2026\/09\/04\/la-nueva-normalidad-de-filas-y-saqueo-de-ypfb\/#primaryimage"},"thumbnailUrl":"https:\/\/www.eldiario.net\/portal\/wp-content\/uploads\/2023\/12\/Editorial.jpg","articleSection":["Editorial"],"inLanguage":"es"},{"@type":"WebPage","@id":"https:\/\/www.eldiario.net\/portal\/2026\/09\/04\/la-nueva-normalidad-de-filas-y-saqueo-de-ypfb\/","url":"https:\/\/www.eldiario.net\/portal\/2026\/09\/04\/la-nueva-normalidad-de-filas-y-saqueo-de-ypfb\/","name":"La \u201cnueva normalidad\u201d de filas y saqueo de YPFB - El Diario - Bolivia","isPartOf":{"@id":"https:\/\/www.eldiario.net\/portal\/#website"},"primaryImageOfPage":{"@id":"https:\/\/www.eldiario.net\/portal\/2026\/09\/04\/la-nueva-normalidad-de-filas-y-saqueo-de-ypfb\/#primaryimage"},"image":{"@id":"https:\/\/www.eldiario.net\/portal\/2026\/09\/04\/la-nueva-normalidad-de-filas-y-saqueo-de-ypfb\/#primaryimage"},"thumbnailUrl":"https:\/\/www.eldiario.net\/portal\/wp-content\/uploads\/2023\/12\/Editorial.jpg","datePublished":"2026-09-04T10:27:22+00:00","breadcrumb":{"@id":"https:\/\/www.eldiario.net\/portal\/2026\/09\/04\/la-nueva-normalidad-de-filas-y-saqueo-de-ypfb\/#breadcrumb"},"inLanguage":"es","potentialAction":[{"@type":"ReadAction","target":["https:\/\/www.eldiario.net\/portal\/2026\/09\/04\/la-nueva-normalidad-de-filas-y-saqueo-de-ypfb\/"]}]},{"@type":"ImageObject","inLanguage":"es","@id":"https:\/\/www.eldiario.net\/portal\/2026\/09\/04\/la-nueva-normalidad-de-filas-y-saqueo-de-ypfb\/#primaryimage","url":"https:\/\/www.eldiario.net\/portal\/wp-content\/uploads\/2023\/12\/Editorial.jpg","contentUrl":"https:\/\/www.eldiario.net\/portal\/wp-content\/uploads\/2023\/12\/Editorial.jpg","width":800,"height":500},{"@type":"BreadcrumbList","@id":"https:\/\/www.eldiario.net\/portal\/2026\/09\/04\/la-nueva-normalidad-de-filas-y-saqueo-de-ypfb\/#breadcrumb","itemListElement":[{"@type":"ListItem","position":1,"name":"Portada","item":"https:\/\/www.eldiario.net\/portal\/"},{"@type":"ListItem","position":2,"name":"La \u201cnueva normalidad\u201d de filas y saqueo de YPFB"}]},{"@type":"WebSite","@id":"https:\/\/www.eldiario.net\/portal\/#website","url":"https:\/\/www.eldiario.net\/portal\/","name":"El Diario - Decano de la prensa nacional","description":"El Diario - Decano de la prensa nacional","publisher":{"@id":"https:\/\/www.eldiario.net\/portal\/#organization"},"potentialAction":[{"@type":"SearchAction","target":{"@type":"EntryPoint","urlTemplate":"https:\/\/www.eldiario.net\/portal\/?s={search_term_string}"},"query-input":{"@type":"PropertyValueSpecification","valueRequired":true,"valueName":"search_term_string"}}],"inLanguage":"es"},{"@type":"Organization","@id":"https:\/\/www.eldiario.net\/portal\/#organization","name":"El Diario - Decano de la prensa nacional","url":"https:\/\/www.eldiario.net\/portal\/","logo":{"@type":"ImageObject","inLanguage":"es","@id":"https:\/\/www.eldiario.net\/portal\/#\/schema\/logo\/image\/","url":"https:\/\/www.eldiario.net\/portal\/wp-content\/uploads\/2023\/07\/logo_ED.jpg","contentUrl":"https:\/\/www.eldiario.net\/portal\/wp-content\/uploads\/2023\/07\/logo_ED.jpg","width":272,"height":52,"caption":"El Diario - Decano de la prensa nacional"},"image":{"@id":"https:\/\/www.eldiario.net\/portal\/#\/schema\/logo\/image\/"},"sameAs":["https:\/\/www.facebook.com\/eldiario.bolivia\/","https:\/\/x.com\/eldiario_net"]},{"@type":"Person","@id":"https:\/\/www.eldiario.net\/portal\/#\/schema\/person\/2c57cf2b7a7ae032e449e4c9b1019eac","name":"Jeanette","image":{"@type":"ImageObject","inLanguage":"es","@id":"https:\/\/secure.gravatar.com\/avatar\/3ea2118a5f7dad2b7138b1187a6b7ee55f160b9968b66013c3a3ef39dd7e5798?s=96&d=mm&r=g","url":"https:\/\/secure.gravatar.com\/avatar\/3ea2118a5f7dad2b7138b1187a6b7ee55f160b9968b66013c3a3ef39dd7e5798?s=96&d=mm&r=g","contentUrl":"https:\/\/secure.gravatar.com\/avatar\/3ea2118a5f7dad2b7138b1187a6b7ee55f160b9968b66013c3a3ef39dd7e5798?s=96&d=mm&r=g","caption":"Jeanette"},"sameAs":["https:\/\/www.eldiario.net\/portal"],"url":"https:\/\/www.eldiario.net\/portal\/author\/jeanette\/"}]}},"_links":{"self":[{"href":"https:\/\/www.eldiario.net\/portal\/wp-json\/wp\/v2\/posts\/427591","targetHints":{"allow":["GET"]}}],"collection":[{"href":"https:\/\/www.eldiario.net\/portal\/wp-json\/wp\/v2\/posts"}],"about":[{"href":"https:\/\/www.eldiario.net\/portal\/wp-json\/wp\/v2\/types\/post"}],"author":[{"embeddable":true,"href":"https:\/\/www.eldiario.net\/portal\/wp-json\/wp\/v2\/users\/1"}],"replies":[{"embeddable":true,"href":"https:\/\/www.eldiario.net\/portal\/wp-json\/wp\/v2\/comments?post=427591"}],"version-history":[{"count":1,"href":"https:\/\/www.eldiario.net\/portal\/wp-json\/wp\/v2\/posts\/427591\/revisions"}],"predecessor-version":[{"id":427592,"href":"https:\/\/www.eldiario.net\/portal\/wp-json\/wp\/v2\/posts\/427591\/revisions\/427592"}],"wp:featuredmedia":[{"embeddable":true,"href":"https:\/\/www.eldiario.net\/portal\/wp-json\/wp\/v2\/media\/194776"}],"wp:attachment":[{"href":"https:\/\/www.eldiario.net\/portal\/wp-json\/wp\/v2\/media?parent=427591"}],"wp:term":[{"taxonomy":"category","embeddable":true,"href":"https:\/\/www.eldiario.net\/portal\/wp-json\/wp\/v2\/categories?post=427591"},{"taxonomy":"post_tag","embeddable":true,"href":"https:\/\/www.eldiario.net\/portal\/wp-json\/wp\/v2\/tags?post=427591"}],"curies":[{"name":"wp","href":"https:\/\/api.w.org\/{rel}","templated":true}]}}