{"id":427588,"date":"2026-09-04T06:26:28","date_gmt":"2026-09-04T10:26:28","guid":{"rendered":"https:\/\/www.eldiario.net\/portal\/?p=427588"},"modified":"2026-09-04T06:26:28","modified_gmt":"2026-09-04T10:26:28","slug":"abel-pintos-presenta-ibuprofeno","status":"publish","type":"post","link":"https:\/\/www.eldiario.net\/portal\/2026\/09\/04\/abel-pintos-presenta-ibuprofeno\/","title":{"rendered":"Abel Pintos presenta \u201cIbuprofeno\u201d"},"content":{"rendered":"<p>El reconocido cantautor argentino Abel Pintos vuelve a sorprender a su p\u00fablico con el lanzamiento de \u201cIbuprofeno\u201d, esperado single acompa\u00f1ado por videoclip. Con una propuesta profunda y sensible, el artista nos sumerge en una obra visual y musical que busca reconectarnos con lo esencial en tiempos de constante distracci\u00f3n.<br \/>\nPropuesta est\u00e9tica<br \/>\nen blanco y negro<br \/>\nEl videoclip oficial, bajo la direcci\u00f3n de Niko Sedano y protagonizado por el propio Abel junto a sus m\u00fasicos, fue filmado en una sola e intensa jornada de rodaje. La producci\u00f3n destaca por una cuidada est\u00e9tica completamente en blanco y negro, una decisi\u00f3n conceptual que va mucho m\u00e1s all\u00e1 de lo meramente decorativo.<br \/>\n\u201cEl blanco y negro simboliza la dualidad que habita constantemente en nosotros: por un lado, la conexi\u00f3n con nuestra espiritualidad y el cuidado de nuestras emociones; por el otro, la tendencia a buscar la felicidad en el afuera y en las cosas materiales. Encontrar el equilibrio entre esos dos mundos es delicado, pero ese ir y venir tambi\u00e9n forma parte de la experiencia humana. Esa tensi\u00f3n es la que buscamos representar visualmente en el video\u201d, explica el int\u00e9rprete.<br \/>\nNostalgia, identidad y<br \/>\nla b\u00fasqueda de la paz<br \/>\n\u201cIbuprofeno\u201d nace como un b\u00e1lsamo frente al ritmo vertiginoso del mundo contempor\u00e1neo, planteando un di\u00e1logo \u00edntimo entre el pasado y el presente. La l\u00edrica y el concepto detr\u00e1s de la pieza invitan a volver la mirada hacia la infancia y el valor del momento presente.<br \/>\n\u201cHay algo de esos primeros a\u00f1os que todav\u00eda extra\u00f1o: la inocencia, la capacidad de habitar el presente y de sorprenderme con lo nuevo. Siento que hoy vivimos m\u00e1s distra\u00eddos, buscando muchas veces afuera respuestas que quiz\u00e1s est\u00e1n m\u00e1s cerca de lo que pensamos. De esa tensi\u00f3n entre lo que fuimos y lo que somos nace esta canci\u00f3n y una pregunta que la atraviesa: \u00bfc\u00f3mo ser\u00e1 vivir sin miedo? Yo imagino que vivir sin miedo debe sentirse como vivir verdaderamente en paz\u201d, reflexiona el artista.<br \/>\nCon este nuevo lanzamiento, Abel Pintos no solo consolida una vez m\u00e1s su vigencia en la escena musical latinoamericana, sino que reafirma su compromiso con una canci\u00f3n de autor profunda, capaz de conmover y despertar interrogantes universales. \u201cIbuprofeno\u201d ya se encuentra disponible en todas las plataformas digitales.<\/p>\n","protected":false},"excerpt":{"rendered":"<p>El reconocido cantautor argentino Abel Pintos vuelve a sorprender a su p\u00fablico con el lanzamiento de \u201cIbuprofeno\u201d, esperado single acompa\u00f1ado por videoclip. Con una propuesta profunda y sensible, el artista nos sumerge en una obra visual y musical que busca reconectarnos con lo esencial en tiempos de constante distracci\u00f3n. Propuesta est\u00e9tica en blanco y negro [&hellip;]<\/p>\n","protected":false},"author":1,"featured_media":427589,"comment_status":"closed","ping_status":"open","sticky":false,"template":"","format":"standard","meta":{"_acf_changed":false,"footnotes":""},"categories":[8],"tags":[],"class_list":["post-427588","post","type-post","status-publish","format-standard","has-post-thumbnail","category-cultural"],"acf":{"antetitulo":"Single y video"},"yoast_head":"<!-- This site is optimized with the Yoast SEO plugin v28.4 - https:\/\/yoast.com\/product\/yoast-seo-wordpress\/ -->\n<title>Abel Pintos presenta \u201cIbuprofeno\u201d - El Diario - Bolivia<\/title>\n<meta name=\"robots\" content=\"index, follow, max-snippet:-1, max-image-preview:large, max-video-preview:-1\" \/>\n<link rel=\"canonical\" href=\"https:\/\/www.eldiario.net\/portal\/2026\/09\/04\/abel-pintos-presenta-ibuprofeno\/\" \/>\n<meta property=\"og:locale\" content=\"es_ES\" \/>\n<meta property=\"og:type\" content=\"article\" \/>\n<meta property=\"og:title\" content=\"Abel Pintos presenta \u201cIbuprofeno\u201d - El Diario - Bolivia\" \/>\n<meta property=\"og:description\" content=\"El reconocido cantautor argentino Abel Pintos vuelve a sorprender a su p\u00fablico con el lanzamiento de \u201cIbuprofeno\u201d, esperado single acompa\u00f1ado por videoclip. Con una propuesta profunda y sensible, el artista nos sumerge en una obra visual y musical que busca reconectarnos con lo esencial en tiempos de constante distracci\u00f3n. Propuesta est\u00e9tica en blanco y negro [&hellip;]\" \/>\n<meta property=\"og:url\" content=\"https:\/\/www.eldiario.net\/portal\/2026\/09\/04\/abel-pintos-presenta-ibuprofeno\/\" \/>\n<meta property=\"og:site_name\" content=\"El Diario - Bolivia\" \/>\n<meta property=\"article:publisher\" content=\"https:\/\/www.facebook.com\/eldiario.bolivia\/\" \/>\n<meta property=\"article:published_time\" content=\"2026-09-04T10:26:28+00:00\" \/>\n<meta property=\"og:image\" content=\"https:\/\/www.eldiario.net\/portal\/wp-content\/uploads\/2026\/09\/ABEL.webp\" \/>\n\t<meta property=\"og:image:width\" content=\"1200\" \/>\n\t<meta property=\"og:image:height\" content=\"1145\" \/>\n\t<meta property=\"og:image:type\" content=\"image\/webp\" \/>\n<meta name=\"author\" content=\"Jeanette\" \/>\n<meta name=\"twitter:card\" content=\"summary_large_image\" \/>\n<meta name=\"twitter:creator\" content=\"@eldiario_net\" \/>\n<meta name=\"twitter:site\" content=\"@eldiario_net\" \/>\n<meta name=\"twitter:label1\" content=\"Escrito por\" \/>\n\t<meta name=\"twitter:data1\" content=\"Jeanette\" \/>\n\t<meta name=\"twitter:label2\" content=\"Tiempo de lectura\" \/>\n\t<meta name=\"twitter:data2\" content=\"2 minutos\" \/>\n<script type=\"application\/ld+json\" class=\"yoast-schema-graph\">{\"@context\":\"https:\\\/\\\/schema.org\",\"@graph\":[{\"@type\":\"Article\",\"@id\":\"https:\\\/\\\/www.eldiario.net\\\/portal\\\/2026\\\/09\\\/04\\\/abel-pintos-presenta-ibuprofeno\\\/#article\",\"isPartOf\":{\"@id\":\"https:\\\/\\\/www.eldiario.net\\\/portal\\\/2026\\\/09\\\/04\\\/abel-pintos-presenta-ibuprofeno\\\/\"},\"author\":{\"name\":\"Jeanette\",\"@id\":\"https:\\\/\\\/www.eldiario.net\\\/portal\\\/#\\\/schema\\\/person\\\/2c57cf2b7a7ae032e449e4c9b1019eac\"},\"headline\":\"Abel Pintos presenta \u201cIbuprofeno\u201d\",\"datePublished\":\"2026-09-04T10:26:28+00:00\",\"mainEntityOfPage\":{\"@id\":\"https:\\\/\\\/www.eldiario.net\\\/portal\\\/2026\\\/09\\\/04\\\/abel-pintos-presenta-ibuprofeno\\\/\"},\"wordCount\":407,\"publisher\":{\"@id\":\"https:\\\/\\\/www.eldiario.net\\\/portal\\\/#organization\"},\"image\":{\"@id\":\"https:\\\/\\\/www.eldiario.net\\\/portal\\\/2026\\\/09\\\/04\\\/abel-pintos-presenta-ibuprofeno\\\/#primaryimage\"},\"thumbnailUrl\":\"https:\\\/\\\/www.eldiario.net\\\/portal\\\/wp-content\\\/uploads\\\/2026\\\/09\\\/ABEL.webp\",\"articleSection\":[\"Cultural\"],\"inLanguage\":\"es\"},{\"@type\":\"WebPage\",\"@id\":\"https:\\\/\\\/www.eldiario.net\\\/portal\\\/2026\\\/09\\\/04\\\/abel-pintos-presenta-ibuprofeno\\\/\",\"url\":\"https:\\\/\\\/www.eldiario.net\\\/portal\\\/2026\\\/09\\\/04\\\/abel-pintos-presenta-ibuprofeno\\\/\",\"name\":\"Abel Pintos presenta \u201cIbuprofeno\u201d - El Diario - Bolivia\",\"isPartOf\":{\"@id\":\"https:\\\/\\\/www.eldiario.net\\\/portal\\\/#website\"},\"primaryImageOfPage\":{\"@id\":\"https:\\\/\\\/www.eldiario.net\\\/portal\\\/2026\\\/09\\\/04\\\/abel-pintos-presenta-ibuprofeno\\\/#primaryimage\"},\"image\":{\"@id\":\"https:\\\/\\\/www.eldiario.net\\\/portal\\\/2026\\\/09\\\/04\\\/abel-pintos-presenta-ibuprofeno\\\/#primaryimage\"},\"thumbnailUrl\":\"https:\\\/\\\/www.eldiario.net\\\/portal\\\/wp-content\\\/uploads\\\/2026\\\/09\\\/ABEL.webp\",\"datePublished\":\"2026-09-04T10:26:28+00:00\",\"breadcrumb\":{\"@id\":\"https:\\\/\\\/www.eldiario.net\\\/portal\\\/2026\\\/09\\\/04\\\/abel-pintos-presenta-ibuprofeno\\\/#breadcrumb\"},\"inLanguage\":\"es\",\"potentialAction\":[{\"@type\":\"ReadAction\",\"target\":[\"https:\\\/\\\/www.eldiario.net\\\/portal\\\/2026\\\/09\\\/04\\\/abel-pintos-presenta-ibuprofeno\\\/\"]}]},{\"@type\":\"ImageObject\",\"inLanguage\":\"es\",\"@id\":\"https:\\\/\\\/www.eldiario.net\\\/portal\\\/2026\\\/09\\\/04\\\/abel-pintos-presenta-ibuprofeno\\\/#primaryimage\",\"url\":\"https:\\\/\\\/www.eldiario.net\\\/portal\\\/wp-content\\\/uploads\\\/2026\\\/09\\\/ABEL.webp\",\"contentUrl\":\"https:\\\/\\\/www.eldiario.net\\\/portal\\\/wp-content\\\/uploads\\\/2026\\\/09\\\/ABEL.webp\",\"width\":1200,\"height\":1145,\"caption\":\"ABEL PINTOS CONTRAPONE LO ESPIRITUAL Y LO MATERIAL EN LA EST\u00c9TICA VISUAL DE \u201cIBUPROFENO\u201d.\"},{\"@type\":\"BreadcrumbList\",\"@id\":\"https:\\\/\\\/www.eldiario.net\\\/portal\\\/2026\\\/09\\\/04\\\/abel-pintos-presenta-ibuprofeno\\\/#breadcrumb\",\"itemListElement\":[{\"@type\":\"ListItem\",\"position\":1,\"name\":\"Portada\",\"item\":\"https:\\\/\\\/www.eldiario.net\\\/portal\\\/\"},{\"@type\":\"ListItem\",\"position\":2,\"name\":\"Abel Pintos presenta \u201cIbuprofeno\u201d\"}]},{\"@type\":\"WebSite\",\"@id\":\"https:\\\/\\\/www.eldiario.net\\\/portal\\\/#website\",\"url\":\"https:\\\/\\\/www.eldiario.net\\\/portal\\\/\",\"name\":\"El Diario - Decano de la prensa nacional\",\"description\":\"El Diario - Decano de la prensa nacional\",\"publisher\":{\"@id\":\"https:\\\/\\\/www.eldiario.net\\\/portal\\\/#organization\"},\"potentialAction\":[{\"@type\":\"SearchAction\",\"target\":{\"@type\":\"EntryPoint\",\"urlTemplate\":\"https:\\\/\\\/www.eldiario.net\\\/portal\\\/?s={search_term_string}\"},\"query-input\":{\"@type\":\"PropertyValueSpecification\",\"valueRequired\":true,\"valueName\":\"search_term_string\"}}],\"inLanguage\":\"es\"},{\"@type\":\"Organization\",\"@id\":\"https:\\\/\\\/www.eldiario.net\\\/portal\\\/#organization\",\"name\":\"El Diario - Decano de la prensa nacional\",\"url\":\"https:\\\/\\\/www.eldiario.net\\\/portal\\\/\",\"logo\":{\"@type\":\"ImageObject\",\"inLanguage\":\"es\",\"@id\":\"https:\\\/\\\/www.eldiario.net\\\/portal\\\/#\\\/schema\\\/logo\\\/image\\\/\",\"url\":\"https:\\\/\\\/www.eldiario.net\\\/portal\\\/wp-content\\\/uploads\\\/2023\\\/07\\\/logo_ED.jpg\",\"contentUrl\":\"https:\\\/\\\/www.eldiario.net\\\/portal\\\/wp-content\\\/uploads\\\/2023\\\/07\\\/logo_ED.jpg\",\"width\":272,\"height\":52,\"caption\":\"El Diario - Decano de la prensa nacional\"},\"image\":{\"@id\":\"https:\\\/\\\/www.eldiario.net\\\/portal\\\/#\\\/schema\\\/logo\\\/image\\\/\"},\"sameAs\":[\"https:\\\/\\\/www.facebook.com\\\/eldiario.bolivia\\\/\",\"https:\\\/\\\/x.com\\\/eldiario_net\"]},{\"@type\":\"Person\",\"@id\":\"https:\\\/\\\/www.eldiario.net\\\/portal\\\/#\\\/schema\\\/person\\\/2c57cf2b7a7ae032e449e4c9b1019eac\",\"name\":\"Jeanette\",\"image\":{\"@type\":\"ImageObject\",\"inLanguage\":\"es\",\"@id\":\"https:\\\/\\\/secure.gravatar.com\\\/avatar\\\/3ea2118a5f7dad2b7138b1187a6b7ee55f160b9968b66013c3a3ef39dd7e5798?s=96&d=mm&r=g\",\"url\":\"https:\\\/\\\/secure.gravatar.com\\\/avatar\\\/3ea2118a5f7dad2b7138b1187a6b7ee55f160b9968b66013c3a3ef39dd7e5798?s=96&d=mm&r=g\",\"contentUrl\":\"https:\\\/\\\/secure.gravatar.com\\\/avatar\\\/3ea2118a5f7dad2b7138b1187a6b7ee55f160b9968b66013c3a3ef39dd7e5798?s=96&d=mm&r=g\",\"caption\":\"Jeanette\"},\"sameAs\":[\"https:\\\/\\\/www.eldiario.net\\\/portal\"],\"url\":\"https:\\\/\\\/www.eldiario.net\\\/portal\\\/author\\\/jeanette\\\/\"}]}<\/script>\n<!-- \/ Yoast SEO plugin. -->","yoast_head_json":{"title":"Abel Pintos presenta \u201cIbuprofeno\u201d - El Diario - Bolivia","robots":{"index":"index","follow":"follow","max-snippet":"max-snippet:-1","max-image-preview":"max-image-preview:large","max-video-preview":"max-video-preview:-1"},"canonical":"https:\/\/www.eldiario.net\/portal\/2026\/09\/04\/abel-pintos-presenta-ibuprofeno\/","og_locale":"es_ES","og_type":"article","og_title":"Abel Pintos presenta \u201cIbuprofeno\u201d - El Diario - Bolivia","og_description":"El reconocido cantautor argentino Abel Pintos vuelve a sorprender a su p\u00fablico con el lanzamiento de \u201cIbuprofeno\u201d, esperado single acompa\u00f1ado por videoclip. Con una propuesta profunda y sensible, el artista nos sumerge en una obra visual y musical que busca reconectarnos con lo esencial en tiempos de constante distracci\u00f3n. Propuesta est\u00e9tica en blanco y negro [&hellip;]","og_url":"https:\/\/www.eldiario.net\/portal\/2026\/09\/04\/abel-pintos-presenta-ibuprofeno\/","og_site_name":"El Diario - Bolivia","article_publisher":"https:\/\/www.facebook.com\/eldiario.bolivia\/","article_published_time":"2026-09-04T10:26:28+00:00","og_image":[{"width":1200,"height":1145,"url":"https:\/\/www.eldiario.net\/portal\/wp-content\/uploads\/2026\/09\/ABEL.webp","type":"image\/webp"}],"author":"Jeanette","twitter_card":"summary_large_image","twitter_creator":"@eldiario_net","twitter_site":"@eldiario_net","twitter_misc":{"Escrito por":"Jeanette","Tiempo de lectura":"2 minutos"},"schema":{"@context":"https:\/\/schema.org","@graph":[{"@type":"Article","@id":"https:\/\/www.eldiario.net\/portal\/2026\/09\/04\/abel-pintos-presenta-ibuprofeno\/#article","isPartOf":{"@id":"https:\/\/www.eldiario.net\/portal\/2026\/09\/04\/abel-pintos-presenta-ibuprofeno\/"},"author":{"name":"Jeanette","@id":"https:\/\/www.eldiario.net\/portal\/#\/schema\/person\/2c57cf2b7a7ae032e449e4c9b1019eac"},"headline":"Abel Pintos presenta \u201cIbuprofeno\u201d","datePublished":"2026-09-04T10:26:28+00:00","mainEntityOfPage":{"@id":"https:\/\/www.eldiario.net\/portal\/2026\/09\/04\/abel-pintos-presenta-ibuprofeno\/"},"wordCount":407,"publisher":{"@id":"https:\/\/www.eldiario.net\/portal\/#organization"},"image":{"@id":"https:\/\/www.eldiario.net\/portal\/2026\/09\/04\/abel-pintos-presenta-ibuprofeno\/#primaryimage"},"thumbnailUrl":"https:\/\/www.eldiario.net\/portal\/wp-content\/uploads\/2026\/09\/ABEL.webp","articleSection":["Cultural"],"inLanguage":"es"},{"@type":"WebPage","@id":"https:\/\/www.eldiario.net\/portal\/2026\/09\/04\/abel-pintos-presenta-ibuprofeno\/","url":"https:\/\/www.eldiario.net\/portal\/2026\/09\/04\/abel-pintos-presenta-ibuprofeno\/","name":"Abel Pintos presenta \u201cIbuprofeno\u201d - El Diario - Bolivia","isPartOf":{"@id":"https:\/\/www.eldiario.net\/portal\/#website"},"primaryImageOfPage":{"@id":"https:\/\/www.eldiario.net\/portal\/2026\/09\/04\/abel-pintos-presenta-ibuprofeno\/#primaryimage"},"image":{"@id":"https:\/\/www.eldiario.net\/portal\/2026\/09\/04\/abel-pintos-presenta-ibuprofeno\/#primaryimage"},"thumbnailUrl":"https:\/\/www.eldiario.net\/portal\/wp-content\/uploads\/2026\/09\/ABEL.webp","datePublished":"2026-09-04T10:26:28+00:00","breadcrumb":{"@id":"https:\/\/www.eldiario.net\/portal\/2026\/09\/04\/abel-pintos-presenta-ibuprofeno\/#breadcrumb"},"inLanguage":"es","potentialAction":[{"@type":"ReadAction","target":["https:\/\/www.eldiario.net\/portal\/2026\/09\/04\/abel-pintos-presenta-ibuprofeno\/"]}]},{"@type":"ImageObject","inLanguage":"es","@id":"https:\/\/www.eldiario.net\/portal\/2026\/09\/04\/abel-pintos-presenta-ibuprofeno\/#primaryimage","url":"https:\/\/www.eldiario.net\/portal\/wp-content\/uploads\/2026\/09\/ABEL.webp","contentUrl":"https:\/\/www.eldiario.net\/portal\/wp-content\/uploads\/2026\/09\/ABEL.webp","width":1200,"height":1145,"caption":"ABEL PINTOS CONTRAPONE LO ESPIRITUAL Y LO MATERIAL EN LA EST\u00c9TICA VISUAL DE \u201cIBUPROFENO\u201d."},{"@type":"BreadcrumbList","@id":"https:\/\/www.eldiario.net\/portal\/2026\/09\/04\/abel-pintos-presenta-ibuprofeno\/#breadcrumb","itemListElement":[{"@type":"ListItem","position":1,"name":"Portada","item":"https:\/\/www.eldiario.net\/portal\/"},{"@type":"ListItem","position":2,"name":"Abel Pintos presenta \u201cIbuprofeno\u201d"}]},{"@type":"WebSite","@id":"https:\/\/www.eldiario.net\/portal\/#website","url":"https:\/\/www.eldiario.net\/portal\/","name":"El Diario - Decano de la prensa nacional","description":"El Diario - Decano de la prensa nacional","publisher":{"@id":"https:\/\/www.eldiario.net\/portal\/#organization"},"potentialAction":[{"@type":"SearchAction","target":{"@type":"EntryPoint","urlTemplate":"https:\/\/www.eldiario.net\/portal\/?s={search_term_string}"},"query-input":{"@type":"PropertyValueSpecification","valueRequired":true,"valueName":"search_term_string"}}],"inLanguage":"es"},{"@type":"Organization","@id":"https:\/\/www.eldiario.net\/portal\/#organization","name":"El Diario - Decano de la prensa nacional","url":"https:\/\/www.eldiario.net\/portal\/","logo":{"@type":"ImageObject","inLanguage":"es","@id":"https:\/\/www.eldiario.net\/portal\/#\/schema\/logo\/image\/","url":"https:\/\/www.eldiario.net\/portal\/wp-content\/uploads\/2023\/07\/logo_ED.jpg","contentUrl":"https:\/\/www.eldiario.net\/portal\/wp-content\/uploads\/2023\/07\/logo_ED.jpg","width":272,"height":52,"caption":"El Diario - Decano de la prensa nacional"},"image":{"@id":"https:\/\/www.eldiario.net\/portal\/#\/schema\/logo\/image\/"},"sameAs":["https:\/\/www.facebook.com\/eldiario.bolivia\/","https:\/\/x.com\/eldiario_net"]},{"@type":"Person","@id":"https:\/\/www.eldiario.net\/portal\/#\/schema\/person\/2c57cf2b7a7ae032e449e4c9b1019eac","name":"Jeanette","image":{"@type":"ImageObject","inLanguage":"es","@id":"https:\/\/secure.gravatar.com\/avatar\/3ea2118a5f7dad2b7138b1187a6b7ee55f160b9968b66013c3a3ef39dd7e5798?s=96&d=mm&r=g","url":"https:\/\/secure.gravatar.com\/avatar\/3ea2118a5f7dad2b7138b1187a6b7ee55f160b9968b66013c3a3ef39dd7e5798?s=96&d=mm&r=g","contentUrl":"https:\/\/secure.gravatar.com\/avatar\/3ea2118a5f7dad2b7138b1187a6b7ee55f160b9968b66013c3a3ef39dd7e5798?s=96&d=mm&r=g","caption":"Jeanette"},"sameAs":["https:\/\/www.eldiario.net\/portal"],"url":"https:\/\/www.eldiario.net\/portal\/author\/jeanette\/"}]}},"_links":{"self":[{"href":"https:\/\/www.eldiario.net\/portal\/wp-json\/wp\/v2\/posts\/427588","targetHints":{"allow":["GET"]}}],"collection":[{"href":"https:\/\/www.eldiario.net\/portal\/wp-json\/wp\/v2\/posts"}],"about":[{"href":"https:\/\/www.eldiario.net\/portal\/wp-json\/wp\/v2\/types\/post"}],"author":[{"embeddable":true,"href":"https:\/\/www.eldiario.net\/portal\/wp-json\/wp\/v2\/users\/1"}],"replies":[{"embeddable":true,"href":"https:\/\/www.eldiario.net\/portal\/wp-json\/wp\/v2\/comments?post=427588"}],"version-history":[{"count":1,"href":"https:\/\/www.eldiario.net\/portal\/wp-json\/wp\/v2\/posts\/427588\/revisions"}],"predecessor-version":[{"id":427590,"href":"https:\/\/www.eldiario.net\/portal\/wp-json\/wp\/v2\/posts\/427588\/revisions\/427590"}],"wp:featuredmedia":[{"embeddable":true,"href":"https:\/\/www.eldiario.net\/portal\/wp-json\/wp\/v2\/media\/427589"}],"wp:attachment":[{"href":"https:\/\/www.eldiario.net\/portal\/wp-json\/wp\/v2\/media?parent=427588"}],"wp:term":[{"taxonomy":"category","embeddable":true,"href":"https:\/\/www.eldiario.net\/portal\/wp-json\/wp\/v2\/categories?post=427588"},{"taxonomy":"post_tag","embeddable":true,"href":"https:\/\/www.eldiario.net\/portal\/wp-json\/wp\/v2\/tags?post=427588"}],"curies":[{"name":"wp","href":"https:\/\/api.w.org\/{rel}","templated":true}]}}