{"id":427583,"date":"2026-09-04T06:21:40","date_gmt":"2026-09-04T10:21:40","guid":{"rendered":"https:\/\/www.eldiario.net\/portal\/?p=427583"},"modified":"2026-09-04T06:21:40","modified_gmt":"2026-09-04T10:21:40","slug":"existe-respaldo-politico-para-viabilizar-reformas-en-la-cpe","status":"publish","type":"post","link":"https:\/\/www.eldiario.net\/portal\/2026\/09\/04\/existe-respaldo-politico-para-viabilizar-reformas-en-la-cpe\/","title":{"rendered":"Existe respaldo pol\u00edtico para viabilizar reformas en la CPE"},"content":{"rendered":"<p>El presidente de la C\u00e1mara de Senadores, Diego \u00c1vila, anunci\u00f3 que representantes de las diferentes bancadas en la Asamblea Legislativa Plurinacional (ALP) acordaron respaldar e impulsar la aprobaci\u00f3n de normativa que permita hacer reformas parciales en el texto de la Constituci\u00f3n Pol\u00edtica del Estado (CPE).<br \/>\nEn conferencia de prensa, \u00c1vila destac\u00f3 la predisposici\u00f3n expresada por las distintas bancadas en el Parlamento, en procura de alcanzar los consensos necesarios para hacer reformas en la CPE, en temas como econom\u00eda, justicia, autonom\u00edas y otras \u00e1reas, sobre la base del proyecto de ley presentado recientemente por el diputado pace\u00f1o Carlos Alarc\u00f3n.<br \/>\n\u201cQueremos anunciar que hemos alcanzado un acuerdo, un compromiso entre las distintas bancadas para impulsar el proceso de la reforma constitucional. Ha habido proyectos que se han presentado tanto en la C\u00e1mara de Diputados como en Senadores. Lo que queremos anunciar es que hay un acuerdo y la voluntad para poder impulsar el proceso para la forma y procedimiento m\u00e1s r\u00e1pido que nos permita encarar el tema de la reforma constitucional tan necesaria para nuestro pa\u00eds\u201d, se\u00f1al\u00f3 la autoridad legislativa.<br \/>\n\u00c1vila explic\u00f3 que el acuerdo involucra a las dos c\u00e1maras legislativas, donde se debatir\u00e1n los alcances de la norma en cuesti\u00f3n, en un plazo relativamente corto, para lograr aplicar los cambios normativos que el pa\u00eds requiere en lo referido a un nuevo modelo de desarrollo, la articulaci\u00f3n entre \u00f3rganos del Estado, mejorar las capacidades productivas, garantizar el respeto de los derechos ciudadanos, procesos electorales limpios y otros.<br \/>\n\u201cSon muchos temas los que deber\u00e1n trabajarse, seguramente en equipos y mesas de trabajo que van a permitir generar propuestas para la reforma constitucional\u201d, a\u00f1adi\u00f3 \u00c1vila, se\u00f1alando que el acuerdo es un paso fundamental que requerir\u00e1 del aporte de los otros \u00f3rganos del Estado.<br \/>\nAl respecto, el diputado por la alianza Unidad, Carlos Alarc\u00f3n, afirm\u00f3 que el proceso para viabilizar reformas parciales en la Carta Magna, se trata del desaf\u00edo hist\u00f3rico m\u00e1s grande que tiene el pa\u00eds para encaminar su progreso, eliminando \u201ccandados constitucionales y judiciales\u201d que provocaron la actual situaci\u00f3n de crisis.<br \/>\nEn esa l\u00ednea, explic\u00f3 que la primera fase para conseguir una reforma parcial de la Constituci\u00f3n, iniciar\u00e1 en la C\u00e1mara Alta por la alta representatividad de esta instancia en el tema regional, posteriormente el tratamiento continuar\u00e1 en Diputados.<br \/>\nLa segunda fase ser\u00e1 el tratamiento de la propuesta en el pleno de la ALP, en busca de fortalecer los alcances y la redacci\u00f3n de la norma.<br \/>\nFinalmente, la tercera fase tiene que ver con la convocatoria a refer\u00e9ndum para que los ciudadanos acepten o rechacen las modificaciones propuestas por la ALP.<br \/>\n\u201cEstamos convencidos que con el esfuerzo de todos los diputados y senadores lograremos ser parte de la soluci\u00f3n que necesita Bolivia y no ser parte del problema\u201d, finaliz\u00f3.<br \/>\nDurante la 166 sesi\u00f3n ordinaria de la C\u00e1mara Alta, \u00c1vila y Alarc\u00f3n presentaron ante el Pleno de esta instancia el Proyecto de Ley de Reforma Parcial de la Constituci\u00f3n Pol\u00edtica del Estado, una iniciativa que plantea modificaciones a la Carta Magna y abre formalmente su tratamiento en la Asamblea Legislativa Plurinacional.<br \/>\nUno de los ejes centrales del proyecto est\u00e1 relacionado con el r\u00e9gimen de competencias y autonom\u00edas. La iniciativa propone incorporar un nuevo art\u00edculo 412 a la Constituci\u00f3n, mediante el cual determinados art\u00edculos de la Carta Magna sean \u201cdesconstitucionalizados\u201d, permitiendo que sus contenidos puedan ser regulados, modificados o derogados posteriormente mediante leyes de la ALP, sancionadas con dos tercios de votos de los asamble\u00edstas presentes.<br \/>\nEl segundo eje est\u00e1 referido a las inversiones nacionales y extranjeras. El proyecto plantea incorporar un nuevo art\u00edculo 413, que establece la prohibici\u00f3n de expropiaci\u00f3n, nacionalizaci\u00f3n, estatizaci\u00f3n o reversi\u00f3n de inversiones nacionales y extranjeras bajo determinadas condiciones, adem\u00e1s de establecer mecanismos para la resoluci\u00f3n de controversias entre el Estado y los inversionistas.<br \/>\nLa propuesta incorpora adem\u00e1s una Disposici\u00f3n Transitoria Und\u00e9cima, que establece que la ALP deber\u00e1 sancionar, en un \u201cplazo m\u00e1ximo de un a\u00f1o desde la vigencia de la reforma parcial, las leyes estructurales y sectoriales relacionadas con los art\u00edculos desconstitucionalizados\u201d. El proyecto vincula esta adecuaci\u00f3n legislativa con la transformaci\u00f3n del sistema judicial y el cambio del modelo econ\u00f3mico, de acuerdo con los contenidos planteados en el nuevo art\u00edculo 413.<br \/>\nTras su presentaci\u00f3n ante la C\u00e1mara de Senadores, el proyecto fue remitido a la Comisi\u00f3n de Constituci\u00f3n, Derechos Humanos, Legislaci\u00f3n y Sistema Electoral para su an\u00e1lisis. Concluida esta etapa, retornar\u00e1 al Pleno de la C\u00e1mara Alta para su tratamiento y, de obtener la aprobaci\u00f3n correspondiente, ser\u00e1 remitido a la C\u00e1mara de Diputados para continuar con el procedimiento legislativo previsto para una reforma parcial de la Constituci\u00f3n.<br \/>\nEsta semana, asegurando que es necesario evaluar y analizar los aspectos positivos y negativos de la actual Carta Magna, en el \u00faltimo tiempo, el presidente del Tribunal Supremo Electoral (TSE), Gustavo \u00c1vila, se\u00f1al\u00f3 que respalda todos los planteamientos expresados por parlamentarios y l\u00edderes pol\u00edticos para hacer una reforma parcial en la CPE.<br \/>\nSeg\u00fan la m\u00e1xima autoridad electoral del pa\u00eds, toda reforma es buena, porque a trav\u00e9s de esta, se puede mejorar y salir adelante. En el caso de la CPE, sostuvo que un proceso de reforma permitir\u00e1 revisar y evaluar lo bueno y lo malo del texto constitucional vigente.<br \/>\n\u201cHe escuchado que existen muchos actores pol\u00edticos que est\u00e1n proponiendo una reforma constitucional, adelante. Desde el \u00d3rgano Electoral, todo nuestro apoyo, es necesario evaluar todo lo que ha pasado durante este tiempo\u201d, dijo.<br \/>\n\u201cHagamos un mea culpa, veamos esa Constituci\u00f3n, esa bendita Constituci\u00f3n, \u00bfqu\u00e9 ha generado?, \u00bfqu\u00e9 ha producido?, \u00bfqui\u00e9nes la han redactado?, \u00bfpor qu\u00e9 la hicieron de esa manera y qui\u00e9nes debemos ahora proponer reformas constitucionales para un mejor pa\u00eds?\u201d, cuestion\u00f3.<\/p>\n","protected":false},"excerpt":{"rendered":"<p>El presidente de la C\u00e1mara de Senadores, Diego \u00c1vila, anunci\u00f3 que representantes de las diferentes bancadas en la Asamblea Legislativa Plurinacional (ALP) acordaron respaldar e impulsar la aprobaci\u00f3n de normativa que permita hacer reformas parciales en el texto de la Constituci\u00f3n Pol\u00edtica del Estado (CPE). En conferencia de prensa, \u00c1vila destac\u00f3 la predisposici\u00f3n expresada por [&hellip;]<\/p>\n","protected":false},"author":1,"featured_media":427584,"comment_status":"closed","ping_status":"open","sticky":false,"template":"","format":"standard","meta":{"_acf_changed":false,"footnotes":""},"categories":[14],"tags":[],"class_list":["post-427583","post","type-post","status-publish","format-standard","has-post-thumbnail","category-politica"],"acf":{"antetitulo":"En busca de cambios que requiere el pa\u00eds"},"yoast_head":"<!-- This site is optimized with the Yoast SEO plugin v28.4 - https:\/\/yoast.com\/product\/yoast-seo-wordpress\/ -->\n<title>Existe respaldo pol\u00edtico para viabilizar reformas en la CPE - El Diario - Bolivia<\/title>\n<meta name=\"robots\" content=\"index, follow, max-snippet:-1, max-image-preview:large, max-video-preview:-1\" \/>\n<link rel=\"canonical\" href=\"https:\/\/www.eldiario.net\/portal\/2026\/09\/04\/existe-respaldo-politico-para-viabilizar-reformas-en-la-cpe\/\" \/>\n<meta property=\"og:locale\" content=\"es_ES\" \/>\n<meta property=\"og:type\" content=\"article\" \/>\n<meta property=\"og:title\" content=\"Existe respaldo pol\u00edtico para viabilizar reformas en la CPE - El Diario - Bolivia\" \/>\n<meta property=\"og:description\" content=\"El presidente de la C\u00e1mara de Senadores, Diego \u00c1vila, anunci\u00f3 que representantes de las diferentes bancadas en la Asamblea Legislativa Plurinacional (ALP) acordaron respaldar e impulsar la aprobaci\u00f3n de normativa que permita hacer reformas parciales en el texto de la Constituci\u00f3n Pol\u00edtica del Estado (CPE). En conferencia de prensa, \u00c1vila destac\u00f3 la predisposici\u00f3n expresada por [&hellip;]\" \/>\n<meta property=\"og:url\" content=\"https:\/\/www.eldiario.net\/portal\/2026\/09\/04\/existe-respaldo-politico-para-viabilizar-reformas-en-la-cpe\/\" \/>\n<meta property=\"og:site_name\" content=\"El Diario - Bolivia\" \/>\n<meta property=\"article:publisher\" content=\"https:\/\/www.facebook.com\/eldiario.bolivia\/\" \/>\n<meta property=\"article:published_time\" content=\"2026-09-04T10:21:40+00:00\" \/>\n<meta property=\"og:image\" content=\"https:\/\/www.eldiario.net\/portal\/wp-content\/uploads\/2026\/09\/40-POL-1.webp\" \/>\n\t<meta property=\"og:image:width\" content=\"1280\" \/>\n\t<meta property=\"og:image:height\" content=\"853\" \/>\n\t<meta property=\"og:image:type\" content=\"image\/webp\" \/>\n<meta name=\"author\" content=\"Jeanette\" \/>\n<meta name=\"twitter:card\" content=\"summary_large_image\" \/>\n<meta name=\"twitter:creator\" content=\"@eldiario_net\" \/>\n<meta name=\"twitter:site\" content=\"@eldiario_net\" \/>\n<meta name=\"twitter:label1\" content=\"Escrito por\" \/>\n\t<meta name=\"twitter:data1\" content=\"Jeanette\" \/>\n\t<meta name=\"twitter:label2\" content=\"Tiempo de lectura\" \/>\n\t<meta name=\"twitter:data2\" content=\"5 minutos\" \/>\n<script type=\"application\/ld+json\" class=\"yoast-schema-graph\">{\"@context\":\"https:\\\/\\\/schema.org\",\"@graph\":[{\"@type\":\"Article\",\"@id\":\"https:\\\/\\\/www.eldiario.net\\\/portal\\\/2026\\\/09\\\/04\\\/existe-respaldo-politico-para-viabilizar-reformas-en-la-cpe\\\/#article\",\"isPartOf\":{\"@id\":\"https:\\\/\\\/www.eldiario.net\\\/portal\\\/2026\\\/09\\\/04\\\/existe-respaldo-politico-para-viabilizar-reformas-en-la-cpe\\\/\"},\"author\":{\"name\":\"Jeanette\",\"@id\":\"https:\\\/\\\/www.eldiario.net\\\/portal\\\/#\\\/schema\\\/person\\\/f46445640444750d7d753ccd04ae01b7\"},\"headline\":\"Existe respaldo pol\u00edtico para viabilizar reformas en la CPE\",\"datePublished\":\"2026-09-04T10:21:40+00:00\",\"mainEntityOfPage\":{\"@id\":\"https:\\\/\\\/www.eldiario.net\\\/portal\\\/2026\\\/09\\\/04\\\/existe-respaldo-politico-para-viabilizar-reformas-en-la-cpe\\\/\"},\"wordCount\":1021,\"publisher\":{\"@id\":\"https:\\\/\\\/www.eldiario.net\\\/portal\\\/#organization\"},\"image\":{\"@id\":\"https:\\\/\\\/www.eldiario.net\\\/portal\\\/2026\\\/09\\\/04\\\/existe-respaldo-politico-para-viabilizar-reformas-en-la-cpe\\\/#primaryimage\"},\"thumbnailUrl\":\"https:\\\/\\\/www.eldiario.net\\\/portal\\\/wp-content\\\/uploads\\\/2026\\\/09\\\/40-POL-1.webp\",\"articleSection\":[\"Pol\u00edtica\"],\"inLanguage\":\"es\"},{\"@type\":\"WebPage\",\"@id\":\"https:\\\/\\\/www.eldiario.net\\\/portal\\\/2026\\\/09\\\/04\\\/existe-respaldo-politico-para-viabilizar-reformas-en-la-cpe\\\/\",\"url\":\"https:\\\/\\\/www.eldiario.net\\\/portal\\\/2026\\\/09\\\/04\\\/existe-respaldo-politico-para-viabilizar-reformas-en-la-cpe\\\/\",\"name\":\"Existe respaldo pol\u00edtico para viabilizar reformas en la CPE - El Diario - Bolivia\",\"isPartOf\":{\"@id\":\"https:\\\/\\\/www.eldiario.net\\\/portal\\\/#website\"},\"primaryImageOfPage\":{\"@id\":\"https:\\\/\\\/www.eldiario.net\\\/portal\\\/2026\\\/09\\\/04\\\/existe-respaldo-politico-para-viabilizar-reformas-en-la-cpe\\\/#primaryimage\"},\"image\":{\"@id\":\"https:\\\/\\\/www.eldiario.net\\\/portal\\\/2026\\\/09\\\/04\\\/existe-respaldo-politico-para-viabilizar-reformas-en-la-cpe\\\/#primaryimage\"},\"thumbnailUrl\":\"https:\\\/\\\/www.eldiario.net\\\/portal\\\/wp-content\\\/uploads\\\/2026\\\/09\\\/40-POL-1.webp\",\"datePublished\":\"2026-09-04T10:21:40+00:00\",\"breadcrumb\":{\"@id\":\"https:\\\/\\\/www.eldiario.net\\\/portal\\\/2026\\\/09\\\/04\\\/existe-respaldo-politico-para-viabilizar-reformas-en-la-cpe\\\/#breadcrumb\"},\"inLanguage\":\"es\",\"potentialAction\":[{\"@type\":\"ReadAction\",\"target\":[\"https:\\\/\\\/www.eldiario.net\\\/portal\\\/2026\\\/09\\\/04\\\/existe-respaldo-politico-para-viabilizar-reformas-en-la-cpe\\\/\"]}]},{\"@type\":\"ImageObject\",\"inLanguage\":\"es\",\"@id\":\"https:\\\/\\\/www.eldiario.net\\\/portal\\\/2026\\\/09\\\/04\\\/existe-respaldo-politico-para-viabilizar-reformas-en-la-cpe\\\/#primaryimage\",\"url\":\"https:\\\/\\\/www.eldiario.net\\\/portal\\\/wp-content\\\/uploads\\\/2026\\\/09\\\/40-POL-1.webp\",\"contentUrl\":\"https:\\\/\\\/www.eldiario.net\\\/portal\\\/wp-content\\\/uploads\\\/2026\\\/09\\\/40-POL-1.webp\",\"width\":1280,\"height\":853,\"caption\":\"El presidente del Senado, Diego \u00c1vila, anuncia acuerdos junto a otros asamble\u00edstas.\"},{\"@type\":\"BreadcrumbList\",\"@id\":\"https:\\\/\\\/www.eldiario.net\\\/portal\\\/2026\\\/09\\\/04\\\/existe-respaldo-politico-para-viabilizar-reformas-en-la-cpe\\\/#breadcrumb\",\"itemListElement\":[{\"@type\":\"ListItem\",\"position\":1,\"name\":\"Portada\",\"item\":\"https:\\\/\\\/www.eldiario.net\\\/portal\\\/\"},{\"@type\":\"ListItem\",\"position\":2,\"name\":\"Existe respaldo pol\u00edtico para viabilizar reformas en la CPE\"}]},{\"@type\":\"WebSite\",\"@id\":\"https:\\\/\\\/www.eldiario.net\\\/portal\\\/#website\",\"url\":\"https:\\\/\\\/www.eldiario.net\\\/portal\\\/\",\"name\":\"El Diario - Decano de la prensa nacional\",\"description\":\"El Diario - Decano de la prensa nacional\",\"publisher\":{\"@id\":\"https:\\\/\\\/www.eldiario.net\\\/portal\\\/#organization\"},\"potentialAction\":[{\"@type\":\"SearchAction\",\"target\":{\"@type\":\"EntryPoint\",\"urlTemplate\":\"https:\\\/\\\/www.eldiario.net\\\/portal\\\/?s={search_term_string}\"},\"query-input\":{\"@type\":\"PropertyValueSpecification\",\"valueRequired\":true,\"valueName\":\"search_term_string\"}}],\"inLanguage\":\"es\"},{\"@type\":\"Organization\",\"@id\":\"https:\\\/\\\/www.eldiario.net\\\/portal\\\/#organization\",\"name\":\"El Diario - Decano de la prensa nacional\",\"url\":\"https:\\\/\\\/www.eldiario.net\\\/portal\\\/\",\"logo\":{\"@type\":\"ImageObject\",\"inLanguage\":\"es\",\"@id\":\"https:\\\/\\\/www.eldiario.net\\\/portal\\\/#\\\/schema\\\/logo\\\/image\\\/\",\"url\":\"https:\\\/\\\/www.eldiario.net\\\/portal\\\/wp-content\\\/uploads\\\/2023\\\/07\\\/logo_ED.jpg\",\"contentUrl\":\"https:\\\/\\\/www.eldiario.net\\\/portal\\\/wp-content\\\/uploads\\\/2023\\\/07\\\/logo_ED.jpg\",\"width\":272,\"height\":52,\"caption\":\"El Diario - Decano de la prensa nacional\"},\"image\":{\"@id\":\"https:\\\/\\\/www.eldiario.net\\\/portal\\\/#\\\/schema\\\/logo\\\/image\\\/\"},\"sameAs\":[\"https:\\\/\\\/www.facebook.com\\\/eldiario.bolivia\\\/\",\"https:\\\/\\\/x.com\\\/eldiario_net\"]},{\"@type\":\"Person\",\"@id\":\"https:\\\/\\\/www.eldiario.net\\\/portal\\\/#\\\/schema\\\/person\\\/f46445640444750d7d753ccd04ae01b7\",\"name\":\"Jeanette\",\"image\":{\"@type\":\"ImageObject\",\"inLanguage\":\"es\",\"@id\":\"https:\\\/\\\/secure.gravatar.com\\\/avatar\\\/3ea2118a5f7dad2b7138b1187a6b7ee55f160b9968b66013c3a3ef39dd7e5798?s=96&d=mm&r=g\",\"url\":\"https:\\\/\\\/secure.gravatar.com\\\/avatar\\\/3ea2118a5f7dad2b7138b1187a6b7ee55f160b9968b66013c3a3ef39dd7e5798?s=96&d=mm&r=g\",\"contentUrl\":\"https:\\\/\\\/secure.gravatar.com\\\/avatar\\\/3ea2118a5f7dad2b7138b1187a6b7ee55f160b9968b66013c3a3ef39dd7e5798?s=96&d=mm&r=g\",\"caption\":\"Jeanette\"},\"sameAs\":[\"https:\\\/\\\/www.eldiario.net\\\/portal\"],\"url\":\"https:\\\/\\\/www.eldiario.net\\\/portal\\\/author\\\/jeanette\\\/\"}]}<\/script>\n<!-- \/ Yoast SEO plugin. -->","yoast_head_json":{"title":"Existe respaldo pol\u00edtico para viabilizar reformas en la CPE - El Diario - Bolivia","robots":{"index":"index","follow":"follow","max-snippet":"max-snippet:-1","max-image-preview":"max-image-preview:large","max-video-preview":"max-video-preview:-1"},"canonical":"https:\/\/www.eldiario.net\/portal\/2026\/09\/04\/existe-respaldo-politico-para-viabilizar-reformas-en-la-cpe\/","og_locale":"es_ES","og_type":"article","og_title":"Existe respaldo pol\u00edtico para viabilizar reformas en la CPE - El Diario - Bolivia","og_description":"El presidente de la C\u00e1mara de Senadores, Diego \u00c1vila, anunci\u00f3 que representantes de las diferentes bancadas en la Asamblea Legislativa Plurinacional (ALP) acordaron respaldar e impulsar la aprobaci\u00f3n de normativa que permita hacer reformas parciales en el texto de la Constituci\u00f3n Pol\u00edtica del Estado (CPE). En conferencia de prensa, \u00c1vila destac\u00f3 la predisposici\u00f3n expresada por [&hellip;]","og_url":"https:\/\/www.eldiario.net\/portal\/2026\/09\/04\/existe-respaldo-politico-para-viabilizar-reformas-en-la-cpe\/","og_site_name":"El Diario - Bolivia","article_publisher":"https:\/\/www.facebook.com\/eldiario.bolivia\/","article_published_time":"2026-09-04T10:21:40+00:00","og_image":[{"width":1280,"height":853,"url":"https:\/\/www.eldiario.net\/portal\/wp-content\/uploads\/2026\/09\/40-POL-1.webp","type":"image\/webp"}],"author":"Jeanette","twitter_card":"summary_large_image","twitter_creator":"@eldiario_net","twitter_site":"@eldiario_net","twitter_misc":{"Escrito por":"Jeanette","Tiempo de lectura":"5 minutos"},"schema":{"@context":"https:\/\/schema.org","@graph":[{"@type":"Article","@id":"https:\/\/www.eldiario.net\/portal\/2026\/09\/04\/existe-respaldo-politico-para-viabilizar-reformas-en-la-cpe\/#article","isPartOf":{"@id":"https:\/\/www.eldiario.net\/portal\/2026\/09\/04\/existe-respaldo-politico-para-viabilizar-reformas-en-la-cpe\/"},"author":{"name":"Jeanette","@id":"https:\/\/www.eldiario.net\/portal\/#\/schema\/person\/f46445640444750d7d753ccd04ae01b7"},"headline":"Existe respaldo pol\u00edtico para viabilizar reformas en la CPE","datePublished":"2026-09-04T10:21:40+00:00","mainEntityOfPage":{"@id":"https:\/\/www.eldiario.net\/portal\/2026\/09\/04\/existe-respaldo-politico-para-viabilizar-reformas-en-la-cpe\/"},"wordCount":1021,"publisher":{"@id":"https:\/\/www.eldiario.net\/portal\/#organization"},"image":{"@id":"https:\/\/www.eldiario.net\/portal\/2026\/09\/04\/existe-respaldo-politico-para-viabilizar-reformas-en-la-cpe\/#primaryimage"},"thumbnailUrl":"https:\/\/www.eldiario.net\/portal\/wp-content\/uploads\/2026\/09\/40-POL-1.webp","articleSection":["Pol\u00edtica"],"inLanguage":"es"},{"@type":"WebPage","@id":"https:\/\/www.eldiario.net\/portal\/2026\/09\/04\/existe-respaldo-politico-para-viabilizar-reformas-en-la-cpe\/","url":"https:\/\/www.eldiario.net\/portal\/2026\/09\/04\/existe-respaldo-politico-para-viabilizar-reformas-en-la-cpe\/","name":"Existe respaldo pol\u00edtico para viabilizar reformas en la CPE - El Diario - Bolivia","isPartOf":{"@id":"https:\/\/www.eldiario.net\/portal\/#website"},"primaryImageOfPage":{"@id":"https:\/\/www.eldiario.net\/portal\/2026\/09\/04\/existe-respaldo-politico-para-viabilizar-reformas-en-la-cpe\/#primaryimage"},"image":{"@id":"https:\/\/www.eldiario.net\/portal\/2026\/09\/04\/existe-respaldo-politico-para-viabilizar-reformas-en-la-cpe\/#primaryimage"},"thumbnailUrl":"https:\/\/www.eldiario.net\/portal\/wp-content\/uploads\/2026\/09\/40-POL-1.webp","datePublished":"2026-09-04T10:21:40+00:00","breadcrumb":{"@id":"https:\/\/www.eldiario.net\/portal\/2026\/09\/04\/existe-respaldo-politico-para-viabilizar-reformas-en-la-cpe\/#breadcrumb"},"inLanguage":"es","potentialAction":[{"@type":"ReadAction","target":["https:\/\/www.eldiario.net\/portal\/2026\/09\/04\/existe-respaldo-politico-para-viabilizar-reformas-en-la-cpe\/"]}]},{"@type":"ImageObject","inLanguage":"es","@id":"https:\/\/www.eldiario.net\/portal\/2026\/09\/04\/existe-respaldo-politico-para-viabilizar-reformas-en-la-cpe\/#primaryimage","url":"https:\/\/www.eldiario.net\/portal\/wp-content\/uploads\/2026\/09\/40-POL-1.webp","contentUrl":"https:\/\/www.eldiario.net\/portal\/wp-content\/uploads\/2026\/09\/40-POL-1.webp","width":1280,"height":853,"caption":"El presidente del Senado, Diego \u00c1vila, anuncia acuerdos junto a otros asamble\u00edstas."},{"@type":"BreadcrumbList","@id":"https:\/\/www.eldiario.net\/portal\/2026\/09\/04\/existe-respaldo-politico-para-viabilizar-reformas-en-la-cpe\/#breadcrumb","itemListElement":[{"@type":"ListItem","position":1,"name":"Portada","item":"https:\/\/www.eldiario.net\/portal\/"},{"@type":"ListItem","position":2,"name":"Existe respaldo pol\u00edtico para viabilizar reformas en la CPE"}]},{"@type":"WebSite","@id":"https:\/\/www.eldiario.net\/portal\/#website","url":"https:\/\/www.eldiario.net\/portal\/","name":"El Diario - Decano de la prensa nacional","description":"El Diario - Decano de la prensa nacional","publisher":{"@id":"https:\/\/www.eldiario.net\/portal\/#organization"},"potentialAction":[{"@type":"SearchAction","target":{"@type":"EntryPoint","urlTemplate":"https:\/\/www.eldiario.net\/portal\/?s={search_term_string}"},"query-input":{"@type":"PropertyValueSpecification","valueRequired":true,"valueName":"search_term_string"}}],"inLanguage":"es"},{"@type":"Organization","@id":"https:\/\/www.eldiario.net\/portal\/#organization","name":"El Diario - Decano de la prensa nacional","url":"https:\/\/www.eldiario.net\/portal\/","logo":{"@type":"ImageObject","inLanguage":"es","@id":"https:\/\/www.eldiario.net\/portal\/#\/schema\/logo\/image\/","url":"https:\/\/www.eldiario.net\/portal\/wp-content\/uploads\/2023\/07\/logo_ED.jpg","contentUrl":"https:\/\/www.eldiario.net\/portal\/wp-content\/uploads\/2023\/07\/logo_ED.jpg","width":272,"height":52,"caption":"El Diario - Decano de la prensa nacional"},"image":{"@id":"https:\/\/www.eldiario.net\/portal\/#\/schema\/logo\/image\/"},"sameAs":["https:\/\/www.facebook.com\/eldiario.bolivia\/","https:\/\/x.com\/eldiario_net"]},{"@type":"Person","@id":"https:\/\/www.eldiario.net\/portal\/#\/schema\/person\/f46445640444750d7d753ccd04ae01b7","name":"Jeanette","image":{"@type":"ImageObject","inLanguage":"es","@id":"https:\/\/secure.gravatar.com\/avatar\/3ea2118a5f7dad2b7138b1187a6b7ee55f160b9968b66013c3a3ef39dd7e5798?s=96&d=mm&r=g","url":"https:\/\/secure.gravatar.com\/avatar\/3ea2118a5f7dad2b7138b1187a6b7ee55f160b9968b66013c3a3ef39dd7e5798?s=96&d=mm&r=g","contentUrl":"https:\/\/secure.gravatar.com\/avatar\/3ea2118a5f7dad2b7138b1187a6b7ee55f160b9968b66013c3a3ef39dd7e5798?s=96&d=mm&r=g","caption":"Jeanette"},"sameAs":["https:\/\/www.eldiario.net\/portal"],"url":"https:\/\/www.eldiario.net\/portal\/author\/jeanette\/"}]}},"_links":{"self":[{"href":"https:\/\/www.eldiario.net\/portal\/wp-json\/wp\/v2\/posts\/427583","targetHints":{"allow":["GET"]}}],"collection":[{"href":"https:\/\/www.eldiario.net\/portal\/wp-json\/wp\/v2\/posts"}],"about":[{"href":"https:\/\/www.eldiario.net\/portal\/wp-json\/wp\/v2\/types\/post"}],"author":[{"embeddable":true,"href":"https:\/\/www.eldiario.net\/portal\/wp-json\/wp\/v2\/users\/1"}],"replies":[{"embeddable":true,"href":"https:\/\/www.eldiario.net\/portal\/wp-json\/wp\/v2\/comments?post=427583"}],"version-history":[{"count":1,"href":"https:\/\/www.eldiario.net\/portal\/wp-json\/wp\/v2\/posts\/427583\/revisions"}],"predecessor-version":[{"id":427585,"href":"https:\/\/www.eldiario.net\/portal\/wp-json\/wp\/v2\/posts\/427583\/revisions\/427585"}],"wp:featuredmedia":[{"embeddable":true,"href":"https:\/\/www.eldiario.net\/portal\/wp-json\/wp\/v2\/media\/427584"}],"wp:attachment":[{"href":"https:\/\/www.eldiario.net\/portal\/wp-json\/wp\/v2\/media?parent=427583"}],"wp:term":[{"taxonomy":"category","embeddable":true,"href":"https:\/\/www.eldiario.net\/portal\/wp-json\/wp\/v2\/categories?post=427583"},{"taxonomy":"post_tag","embeddable":true,"href":"https:\/\/www.eldiario.net\/portal\/wp-json\/wp\/v2\/tags?post=427583"}],"curies":[{"name":"wp","href":"https:\/\/api.w.org\/{rel}","templated":true}]}}