{"id":427580,"date":"2026-09-04T06:20:19","date_gmt":"2026-09-04T10:20:19","guid":{"rendered":"https:\/\/www.eldiario.net\/portal\/?p=427580"},"modified":"2026-09-04T06:20:19","modified_gmt":"2026-09-04T10:20:19","slug":"interpelaciones-perjudican-la-gestion-de-autoridades","status":"publish","type":"post","link":"https:\/\/www.eldiario.net\/portal\/2026\/09\/04\/interpelaciones-perjudican-la-gestion-de-autoridades\/","title":{"rendered":"Interpelaciones perjudican la gesti\u00f3n de autoridades"},"content":{"rendered":"<p>Tras la suspensi\u00f3n de la sesi\u00f3n plenaria de la Asamblea Legislativa Plurinacional (ALP), convocada para interpelar al ministro de Gobierno Marco Oviedo, el diputado por la alianza Unidad, Alejandro Reyes, cuestion\u00f3 la falta de sensatez con que la presidencia del Parlamento programa este tipo de actos de fiscalizaci\u00f3n, lamentando que c\u00e1lculos pol\u00edticos perjudiquen la gesti\u00f3n y desprestigien la labor legislativa.<br \/>\nEn criterio del asamble\u00edsta pace\u00f1o, es lamentable que, producto de c\u00e1lculos pol\u00edticos, se sature la agenda de la Asamblea Legislativa Plurinacional (ALP) con actos de interpelaci\u00f3n que solo perjudican otras actividades en el Parlamento y la propia labor de las autoridades convocadas para rendir informe ante el pleno de la ALP.<br \/>\n\u201cLe estamos quitando tiempo a los ministros en su labor tan importante, para atender un c\u00e1lculo pol\u00edtico que no le da redito a nadie y solo desprestigia a la Asamblea Legislativa\u201d, expres\u00f3 Reyes.<br \/>\nAsimismo, apunt\u00f3 al presidente nato de la ALP, Edmand Lara, por la falta de criterio y coordinaci\u00f3n para programar las interpelaciones a ministros de Estado, hecho que calific\u00f3 como una lamentable falta de sensatez por parte de la segunda autoridad del Estado boliviano y cabeza del \u00d3rgano Legislativo.<br \/>\n\u201cEl vicepresidente debe entender que no podemos estar interpelando ministros cada semana, con este tipo de determinaciones se le est\u00e1 quitando seriedad al trabajo de la Asamblea Legislativa. Creo que, lo que le est\u00e1 faltando es asesoramiento y sentido com\u00fan, porque no podemos perjudicar a los parlamentarios y a los propios ministros para venir a perder todo un d\u00eda de trabajo una vez por semana\u201d, asever\u00f3.<br \/>\nAyer, luego de no haber alcanzado el qu\u00f3rum necesario para instalar una sesi\u00f3n plenaria convocada para interpelar al ministro de Gobierno Marco Oviedo, el vicepresidente Edmand Lara determin\u00f3 suspender dicho acto de fiscalizaci\u00f3n, sin precisar una fecha para su reprogramaci\u00f3n.<br \/>\nOviedo deb\u00eda ser interpelado respecto a las pol\u00edticas p\u00fablicas destinadas a restablecer el orden p\u00fablico en territorio nacional, a solicitud de los diputados Lissa Claros y Rafael L\u00f3pez.<br \/>\nLa comparecencia de Oviedo ante el pleno de la ALP era la segunda programada en menos de una semana y se espera una nueva convocatoria para los siguientes d\u00edas.<\/p>\n","protected":false},"excerpt":{"rendered":"<p>Tras la suspensi\u00f3n de la sesi\u00f3n plenaria de la Asamblea Legislativa Plurinacional (ALP), convocada para interpelar al ministro de Gobierno Marco Oviedo, el diputado por la alianza Unidad, Alejandro Reyes, cuestion\u00f3 la falta de sensatez con que la presidencia del Parlamento programa este tipo de actos de fiscalizaci\u00f3n, lamentando que c\u00e1lculos pol\u00edticos perjudiquen la gesti\u00f3n [&hellip;]<\/p>\n","protected":false},"author":1,"featured_media":427581,"comment_status":"closed","ping_status":"open","sticky":false,"template":"","format":"standard","meta":{"_acf_changed":false,"footnotes":""},"categories":[14],"tags":[],"class_list":["post-427580","post","type-post","status-publish","format-standard","has-post-thumbnail","category-politica"],"acf":{"antetitulo":"Ven falta de criterio y asesoramiento"},"yoast_head":"<!-- This site is optimized with the Yoast SEO plugin v28.4 - https:\/\/yoast.com\/product\/yoast-seo-wordpress\/ -->\n<title>Interpelaciones perjudican la gesti\u00f3n de autoridades - El Diario - Bolivia<\/title>\n<meta name=\"robots\" content=\"index, follow, max-snippet:-1, max-image-preview:large, max-video-preview:-1\" \/>\n<link rel=\"canonical\" href=\"https:\/\/www.eldiario.net\/portal\/2026\/09\/04\/interpelaciones-perjudican-la-gestion-de-autoridades\/\" \/>\n<meta property=\"og:locale\" content=\"es_ES\" \/>\n<meta property=\"og:type\" content=\"article\" \/>\n<meta property=\"og:title\" content=\"Interpelaciones perjudican la gesti\u00f3n de autoridades - El Diario - Bolivia\" \/>\n<meta property=\"og:description\" content=\"Tras la suspensi\u00f3n de la sesi\u00f3n plenaria de la Asamblea Legislativa Plurinacional (ALP), convocada para interpelar al ministro de Gobierno Marco Oviedo, el diputado por la alianza Unidad, Alejandro Reyes, cuestion\u00f3 la falta de sensatez con que la presidencia del Parlamento programa este tipo de actos de fiscalizaci\u00f3n, lamentando que c\u00e1lculos pol\u00edticos perjudiquen la gesti\u00f3n [&hellip;]\" \/>\n<meta property=\"og:url\" content=\"https:\/\/www.eldiario.net\/portal\/2026\/09\/04\/interpelaciones-perjudican-la-gestion-de-autoridades\/\" \/>\n<meta property=\"og:site_name\" content=\"El Diario - Bolivia\" \/>\n<meta property=\"article:publisher\" content=\"https:\/\/www.facebook.com\/eldiario.bolivia\/\" \/>\n<meta property=\"article:published_time\" content=\"2026-09-04T10:20:19+00:00\" \/>\n<meta property=\"og:image\" content=\"https:\/\/www.eldiario.net\/portal\/wp-content\/uploads\/2026\/09\/41-POL-1.webp\" \/>\n\t<meta property=\"og:image:width\" content=\"1280\" \/>\n\t<meta property=\"og:image:height\" content=\"853\" \/>\n\t<meta property=\"og:image:type\" content=\"image\/webp\" \/>\n<meta name=\"author\" content=\"Jeanette\" \/>\n<meta name=\"twitter:card\" content=\"summary_large_image\" \/>\n<meta name=\"twitter:creator\" content=\"@eldiario_net\" \/>\n<meta name=\"twitter:site\" content=\"@eldiario_net\" \/>\n<meta name=\"twitter:label1\" content=\"Escrito por\" \/>\n\t<meta name=\"twitter:data1\" content=\"Jeanette\" \/>\n\t<meta name=\"twitter:label2\" content=\"Tiempo de lectura\" \/>\n\t<meta name=\"twitter:data2\" content=\"2 minutos\" \/>\n<script type=\"application\/ld+json\" class=\"yoast-schema-graph\">{\"@context\":\"https:\\\/\\\/schema.org\",\"@graph\":[{\"@type\":\"Article\",\"@id\":\"https:\\\/\\\/www.eldiario.net\\\/portal\\\/2026\\\/09\\\/04\\\/interpelaciones-perjudican-la-gestion-de-autoridades\\\/#article\",\"isPartOf\":{\"@id\":\"https:\\\/\\\/www.eldiario.net\\\/portal\\\/2026\\\/09\\\/04\\\/interpelaciones-perjudican-la-gestion-de-autoridades\\\/\"},\"author\":{\"name\":\"Jeanette\",\"@id\":\"https:\\\/\\\/www.eldiario.net\\\/portal\\\/#\\\/schema\\\/person\\\/f46445640444750d7d753ccd04ae01b7\"},\"headline\":\"Interpelaciones perjudican la gesti\u00f3n de autoridades\",\"datePublished\":\"2026-09-04T10:20:19+00:00\",\"mainEntityOfPage\":{\"@id\":\"https:\\\/\\\/www.eldiario.net\\\/portal\\\/2026\\\/09\\\/04\\\/interpelaciones-perjudican-la-gestion-de-autoridades\\\/\"},\"wordCount\":388,\"publisher\":{\"@id\":\"https:\\\/\\\/www.eldiario.net\\\/portal\\\/#organization\"},\"image\":{\"@id\":\"https:\\\/\\\/www.eldiario.net\\\/portal\\\/2026\\\/09\\\/04\\\/interpelaciones-perjudican-la-gestion-de-autoridades\\\/#primaryimage\"},\"thumbnailUrl\":\"https:\\\/\\\/www.eldiario.net\\\/portal\\\/wp-content\\\/uploads\\\/2026\\\/09\\\/41-POL-1.webp\",\"articleSection\":[\"Pol\u00edtica\"],\"inLanguage\":\"es\"},{\"@type\":\"WebPage\",\"@id\":\"https:\\\/\\\/www.eldiario.net\\\/portal\\\/2026\\\/09\\\/04\\\/interpelaciones-perjudican-la-gestion-de-autoridades\\\/\",\"url\":\"https:\\\/\\\/www.eldiario.net\\\/portal\\\/2026\\\/09\\\/04\\\/interpelaciones-perjudican-la-gestion-de-autoridades\\\/\",\"name\":\"Interpelaciones perjudican la gesti\u00f3n de autoridades - El Diario - Bolivia\",\"isPartOf\":{\"@id\":\"https:\\\/\\\/www.eldiario.net\\\/portal\\\/#website\"},\"primaryImageOfPage\":{\"@id\":\"https:\\\/\\\/www.eldiario.net\\\/portal\\\/2026\\\/09\\\/04\\\/interpelaciones-perjudican-la-gestion-de-autoridades\\\/#primaryimage\"},\"image\":{\"@id\":\"https:\\\/\\\/www.eldiario.net\\\/portal\\\/2026\\\/09\\\/04\\\/interpelaciones-perjudican-la-gestion-de-autoridades\\\/#primaryimage\"},\"thumbnailUrl\":\"https:\\\/\\\/www.eldiario.net\\\/portal\\\/wp-content\\\/uploads\\\/2026\\\/09\\\/41-POL-1.webp\",\"datePublished\":\"2026-09-04T10:20:19+00:00\",\"breadcrumb\":{\"@id\":\"https:\\\/\\\/www.eldiario.net\\\/portal\\\/2026\\\/09\\\/04\\\/interpelaciones-perjudican-la-gestion-de-autoridades\\\/#breadcrumb\"},\"inLanguage\":\"es\",\"potentialAction\":[{\"@type\":\"ReadAction\",\"target\":[\"https:\\\/\\\/www.eldiario.net\\\/portal\\\/2026\\\/09\\\/04\\\/interpelaciones-perjudican-la-gestion-de-autoridades\\\/\"]}]},{\"@type\":\"ImageObject\",\"inLanguage\":\"es\",\"@id\":\"https:\\\/\\\/www.eldiario.net\\\/portal\\\/2026\\\/09\\\/04\\\/interpelaciones-perjudican-la-gestion-de-autoridades\\\/#primaryimage\",\"url\":\"https:\\\/\\\/www.eldiario.net\\\/portal\\\/wp-content\\\/uploads\\\/2026\\\/09\\\/41-POL-1.webp\",\"contentUrl\":\"https:\\\/\\\/www.eldiario.net\\\/portal\\\/wp-content\\\/uploads\\\/2026\\\/09\\\/41-POL-1.webp\",\"width\":1280,\"height\":853,\"caption\":\"Diputado Alejandro Reyes (Unidad)\"},{\"@type\":\"BreadcrumbList\",\"@id\":\"https:\\\/\\\/www.eldiario.net\\\/portal\\\/2026\\\/09\\\/04\\\/interpelaciones-perjudican-la-gestion-de-autoridades\\\/#breadcrumb\",\"itemListElement\":[{\"@type\":\"ListItem\",\"position\":1,\"name\":\"Portada\",\"item\":\"https:\\\/\\\/www.eldiario.net\\\/portal\\\/\"},{\"@type\":\"ListItem\",\"position\":2,\"name\":\"Interpelaciones perjudican la gesti\u00f3n de autoridades\"}]},{\"@type\":\"WebSite\",\"@id\":\"https:\\\/\\\/www.eldiario.net\\\/portal\\\/#website\",\"url\":\"https:\\\/\\\/www.eldiario.net\\\/portal\\\/\",\"name\":\"El Diario - Decano de la prensa nacional\",\"description\":\"El Diario - Decano de la prensa nacional\",\"publisher\":{\"@id\":\"https:\\\/\\\/www.eldiario.net\\\/portal\\\/#organization\"},\"potentialAction\":[{\"@type\":\"SearchAction\",\"target\":{\"@type\":\"EntryPoint\",\"urlTemplate\":\"https:\\\/\\\/www.eldiario.net\\\/portal\\\/?s={search_term_string}\"},\"query-input\":{\"@type\":\"PropertyValueSpecification\",\"valueRequired\":true,\"valueName\":\"search_term_string\"}}],\"inLanguage\":\"es\"},{\"@type\":\"Organization\",\"@id\":\"https:\\\/\\\/www.eldiario.net\\\/portal\\\/#organization\",\"name\":\"El Diario - Decano de la prensa nacional\",\"url\":\"https:\\\/\\\/www.eldiario.net\\\/portal\\\/\",\"logo\":{\"@type\":\"ImageObject\",\"inLanguage\":\"es\",\"@id\":\"https:\\\/\\\/www.eldiario.net\\\/portal\\\/#\\\/schema\\\/logo\\\/image\\\/\",\"url\":\"https:\\\/\\\/www.eldiario.net\\\/portal\\\/wp-content\\\/uploads\\\/2023\\\/07\\\/logo_ED.jpg\",\"contentUrl\":\"https:\\\/\\\/www.eldiario.net\\\/portal\\\/wp-content\\\/uploads\\\/2023\\\/07\\\/logo_ED.jpg\",\"width\":272,\"height\":52,\"caption\":\"El Diario - Decano de la prensa nacional\"},\"image\":{\"@id\":\"https:\\\/\\\/www.eldiario.net\\\/portal\\\/#\\\/schema\\\/logo\\\/image\\\/\"},\"sameAs\":[\"https:\\\/\\\/www.facebook.com\\\/eldiario.bolivia\\\/\",\"https:\\\/\\\/x.com\\\/eldiario_net\"]},{\"@type\":\"Person\",\"@id\":\"https:\\\/\\\/www.eldiario.net\\\/portal\\\/#\\\/schema\\\/person\\\/f46445640444750d7d753ccd04ae01b7\",\"name\":\"Jeanette\",\"image\":{\"@type\":\"ImageObject\",\"inLanguage\":\"es\",\"@id\":\"https:\\\/\\\/secure.gravatar.com\\\/avatar\\\/3ea2118a5f7dad2b7138b1187a6b7ee55f160b9968b66013c3a3ef39dd7e5798?s=96&d=mm&r=g\",\"url\":\"https:\\\/\\\/secure.gravatar.com\\\/avatar\\\/3ea2118a5f7dad2b7138b1187a6b7ee55f160b9968b66013c3a3ef39dd7e5798?s=96&d=mm&r=g\",\"contentUrl\":\"https:\\\/\\\/secure.gravatar.com\\\/avatar\\\/3ea2118a5f7dad2b7138b1187a6b7ee55f160b9968b66013c3a3ef39dd7e5798?s=96&d=mm&r=g\",\"caption\":\"Jeanette\"},\"sameAs\":[\"https:\\\/\\\/www.eldiario.net\\\/portal\"],\"url\":\"https:\\\/\\\/www.eldiario.net\\\/portal\\\/author\\\/jeanette\\\/\"}]}<\/script>\n<!-- \/ Yoast SEO plugin. -->","yoast_head_json":{"title":"Interpelaciones perjudican la gesti\u00f3n de autoridades - El Diario - Bolivia","robots":{"index":"index","follow":"follow","max-snippet":"max-snippet:-1","max-image-preview":"max-image-preview:large","max-video-preview":"max-video-preview:-1"},"canonical":"https:\/\/www.eldiario.net\/portal\/2026\/09\/04\/interpelaciones-perjudican-la-gestion-de-autoridades\/","og_locale":"es_ES","og_type":"article","og_title":"Interpelaciones perjudican la gesti\u00f3n de autoridades - El Diario - Bolivia","og_description":"Tras la suspensi\u00f3n de la sesi\u00f3n plenaria de la Asamblea Legislativa Plurinacional (ALP), convocada para interpelar al ministro de Gobierno Marco Oviedo, el diputado por la alianza Unidad, Alejandro Reyes, cuestion\u00f3 la falta de sensatez con que la presidencia del Parlamento programa este tipo de actos de fiscalizaci\u00f3n, lamentando que c\u00e1lculos pol\u00edticos perjudiquen la gesti\u00f3n [&hellip;]","og_url":"https:\/\/www.eldiario.net\/portal\/2026\/09\/04\/interpelaciones-perjudican-la-gestion-de-autoridades\/","og_site_name":"El Diario - Bolivia","article_publisher":"https:\/\/www.facebook.com\/eldiario.bolivia\/","article_published_time":"2026-09-04T10:20:19+00:00","og_image":[{"width":1280,"height":853,"url":"https:\/\/www.eldiario.net\/portal\/wp-content\/uploads\/2026\/09\/41-POL-1.webp","type":"image\/webp"}],"author":"Jeanette","twitter_card":"summary_large_image","twitter_creator":"@eldiario_net","twitter_site":"@eldiario_net","twitter_misc":{"Escrito por":"Jeanette","Tiempo de lectura":"2 minutos"},"schema":{"@context":"https:\/\/schema.org","@graph":[{"@type":"Article","@id":"https:\/\/www.eldiario.net\/portal\/2026\/09\/04\/interpelaciones-perjudican-la-gestion-de-autoridades\/#article","isPartOf":{"@id":"https:\/\/www.eldiario.net\/portal\/2026\/09\/04\/interpelaciones-perjudican-la-gestion-de-autoridades\/"},"author":{"name":"Jeanette","@id":"https:\/\/www.eldiario.net\/portal\/#\/schema\/person\/f46445640444750d7d753ccd04ae01b7"},"headline":"Interpelaciones perjudican la gesti\u00f3n de autoridades","datePublished":"2026-09-04T10:20:19+00:00","mainEntityOfPage":{"@id":"https:\/\/www.eldiario.net\/portal\/2026\/09\/04\/interpelaciones-perjudican-la-gestion-de-autoridades\/"},"wordCount":388,"publisher":{"@id":"https:\/\/www.eldiario.net\/portal\/#organization"},"image":{"@id":"https:\/\/www.eldiario.net\/portal\/2026\/09\/04\/interpelaciones-perjudican-la-gestion-de-autoridades\/#primaryimage"},"thumbnailUrl":"https:\/\/www.eldiario.net\/portal\/wp-content\/uploads\/2026\/09\/41-POL-1.webp","articleSection":["Pol\u00edtica"],"inLanguage":"es"},{"@type":"WebPage","@id":"https:\/\/www.eldiario.net\/portal\/2026\/09\/04\/interpelaciones-perjudican-la-gestion-de-autoridades\/","url":"https:\/\/www.eldiario.net\/portal\/2026\/09\/04\/interpelaciones-perjudican-la-gestion-de-autoridades\/","name":"Interpelaciones perjudican la gesti\u00f3n de autoridades - El Diario - Bolivia","isPartOf":{"@id":"https:\/\/www.eldiario.net\/portal\/#website"},"primaryImageOfPage":{"@id":"https:\/\/www.eldiario.net\/portal\/2026\/09\/04\/interpelaciones-perjudican-la-gestion-de-autoridades\/#primaryimage"},"image":{"@id":"https:\/\/www.eldiario.net\/portal\/2026\/09\/04\/interpelaciones-perjudican-la-gestion-de-autoridades\/#primaryimage"},"thumbnailUrl":"https:\/\/www.eldiario.net\/portal\/wp-content\/uploads\/2026\/09\/41-POL-1.webp","datePublished":"2026-09-04T10:20:19+00:00","breadcrumb":{"@id":"https:\/\/www.eldiario.net\/portal\/2026\/09\/04\/interpelaciones-perjudican-la-gestion-de-autoridades\/#breadcrumb"},"inLanguage":"es","potentialAction":[{"@type":"ReadAction","target":["https:\/\/www.eldiario.net\/portal\/2026\/09\/04\/interpelaciones-perjudican-la-gestion-de-autoridades\/"]}]},{"@type":"ImageObject","inLanguage":"es","@id":"https:\/\/www.eldiario.net\/portal\/2026\/09\/04\/interpelaciones-perjudican-la-gestion-de-autoridades\/#primaryimage","url":"https:\/\/www.eldiario.net\/portal\/wp-content\/uploads\/2026\/09\/41-POL-1.webp","contentUrl":"https:\/\/www.eldiario.net\/portal\/wp-content\/uploads\/2026\/09\/41-POL-1.webp","width":1280,"height":853,"caption":"Diputado Alejandro Reyes (Unidad)"},{"@type":"BreadcrumbList","@id":"https:\/\/www.eldiario.net\/portal\/2026\/09\/04\/interpelaciones-perjudican-la-gestion-de-autoridades\/#breadcrumb","itemListElement":[{"@type":"ListItem","position":1,"name":"Portada","item":"https:\/\/www.eldiario.net\/portal\/"},{"@type":"ListItem","position":2,"name":"Interpelaciones perjudican la gesti\u00f3n de autoridades"}]},{"@type":"WebSite","@id":"https:\/\/www.eldiario.net\/portal\/#website","url":"https:\/\/www.eldiario.net\/portal\/","name":"El Diario - Decano de la prensa nacional","description":"El Diario - Decano de la prensa nacional","publisher":{"@id":"https:\/\/www.eldiario.net\/portal\/#organization"},"potentialAction":[{"@type":"SearchAction","target":{"@type":"EntryPoint","urlTemplate":"https:\/\/www.eldiario.net\/portal\/?s={search_term_string}"},"query-input":{"@type":"PropertyValueSpecification","valueRequired":true,"valueName":"search_term_string"}}],"inLanguage":"es"},{"@type":"Organization","@id":"https:\/\/www.eldiario.net\/portal\/#organization","name":"El Diario - Decano de la prensa nacional","url":"https:\/\/www.eldiario.net\/portal\/","logo":{"@type":"ImageObject","inLanguage":"es","@id":"https:\/\/www.eldiario.net\/portal\/#\/schema\/logo\/image\/","url":"https:\/\/www.eldiario.net\/portal\/wp-content\/uploads\/2023\/07\/logo_ED.jpg","contentUrl":"https:\/\/www.eldiario.net\/portal\/wp-content\/uploads\/2023\/07\/logo_ED.jpg","width":272,"height":52,"caption":"El Diario - Decano de la prensa nacional"},"image":{"@id":"https:\/\/www.eldiario.net\/portal\/#\/schema\/logo\/image\/"},"sameAs":["https:\/\/www.facebook.com\/eldiario.bolivia\/","https:\/\/x.com\/eldiario_net"]},{"@type":"Person","@id":"https:\/\/www.eldiario.net\/portal\/#\/schema\/person\/f46445640444750d7d753ccd04ae01b7","name":"Jeanette","image":{"@type":"ImageObject","inLanguage":"es","@id":"https:\/\/secure.gravatar.com\/avatar\/3ea2118a5f7dad2b7138b1187a6b7ee55f160b9968b66013c3a3ef39dd7e5798?s=96&d=mm&r=g","url":"https:\/\/secure.gravatar.com\/avatar\/3ea2118a5f7dad2b7138b1187a6b7ee55f160b9968b66013c3a3ef39dd7e5798?s=96&d=mm&r=g","contentUrl":"https:\/\/secure.gravatar.com\/avatar\/3ea2118a5f7dad2b7138b1187a6b7ee55f160b9968b66013c3a3ef39dd7e5798?s=96&d=mm&r=g","caption":"Jeanette"},"sameAs":["https:\/\/www.eldiario.net\/portal"],"url":"https:\/\/www.eldiario.net\/portal\/author\/jeanette\/"}]}},"_links":{"self":[{"href":"https:\/\/www.eldiario.net\/portal\/wp-json\/wp\/v2\/posts\/427580","targetHints":{"allow":["GET"]}}],"collection":[{"href":"https:\/\/www.eldiario.net\/portal\/wp-json\/wp\/v2\/posts"}],"about":[{"href":"https:\/\/www.eldiario.net\/portal\/wp-json\/wp\/v2\/types\/post"}],"author":[{"embeddable":true,"href":"https:\/\/www.eldiario.net\/portal\/wp-json\/wp\/v2\/users\/1"}],"replies":[{"embeddable":true,"href":"https:\/\/www.eldiario.net\/portal\/wp-json\/wp\/v2\/comments?post=427580"}],"version-history":[{"count":1,"href":"https:\/\/www.eldiario.net\/portal\/wp-json\/wp\/v2\/posts\/427580\/revisions"}],"predecessor-version":[{"id":427582,"href":"https:\/\/www.eldiario.net\/portal\/wp-json\/wp\/v2\/posts\/427580\/revisions\/427582"}],"wp:featuredmedia":[{"embeddable":true,"href":"https:\/\/www.eldiario.net\/portal\/wp-json\/wp\/v2\/media\/427581"}],"wp:attachment":[{"href":"https:\/\/www.eldiario.net\/portal\/wp-json\/wp\/v2\/media?parent=427580"}],"wp:term":[{"taxonomy":"category","embeddable":true,"href":"https:\/\/www.eldiario.net\/portal\/wp-json\/wp\/v2\/categories?post=427580"},{"taxonomy":"post_tag","embeddable":true,"href":"https:\/\/www.eldiario.net\/portal\/wp-json\/wp\/v2\/tags?post=427580"}],"curies":[{"name":"wp","href":"https:\/\/api.w.org\/{rel}","templated":true}]}}