{"id":427575,"date":"2026-09-04T06:17:35","date_gmt":"2026-09-04T10:17:35","guid":{"rendered":"https:\/\/www.eldiario.net\/portal\/?p=427575"},"modified":"2026-09-04T06:17:35","modified_gmt":"2026-09-04T10:17:35","slug":"senado-pide-crear-la-direccion-de-la-amazonia-para-prevencion-y-desarrollo","status":"publish","type":"post","link":"https:\/\/www.eldiario.net\/portal\/2026\/09\/04\/senado-pide-crear-la-direccion-de-la-amazonia-para-prevencion-y-desarrollo\/","title":{"rendered":"Senado pide crear la Direcci\u00f3n de la  Amazonia para prevenci\u00f3n y desarrollo"},"content":{"rendered":"<p>El pleno de la C\u00e1mara de Senadores aprob\u00f3 la Minuta de Comunicaci\u00f3n que recomienda al ministro de Producci\u00f3n Sostenible, Medio Ambiente y Agua, \u00d3scar Mario Justiniano, disponer la creaci\u00f3n de la Direcci\u00f3n de la Amazonia para efectuar pol\u00edticas de desarrollo, coordinar con los gobiernos regional y locales, ocuparse de la prevenci\u00f3n, denunciar la deforestaci\u00f3n, los incendios, la miner\u00eda ilegal, el tr\u00e1fico de fauna y flora y otros.<br \/>\nDisponer la Creaci\u00f3n de la \u201cDirecci\u00f3n de la Amazon\u00eda\u201d, como instancia t\u00e9cnica y operativa dependiente del Viceministerio de Medio Ambiente, Cambio Clim\u00e1tico, Desarrollo Forestal y Biodiversidad, a trav\u00e9s de Resoluci\u00f3n Ministerial, previa emisi\u00f3n de informes t\u00e9cnicos y legales y de disponibilidad presupuestaria correspondientes, se\u00f1ala la Minuta de Comunicaci\u00f3n.<br \/>\n\u201cPorque ah\u00ed (est\u00e1) el 80% de nuestra biodiversidad, nuestros principales reservorios de agua y porque la regi\u00f3n es la m\u00e1s golpeada por el cambio clim\u00e1tico, los incendios forestales, la miner\u00eda ilegal y la falta de presencia del Estado\u201d. Actualmente, no existe una instancia que articule pol\u00edticas siendo que la Constituci\u00f3n Pol\u00edtica del Estado, en su art\u00edculo 391, par\u00e1grafo 3, refiere que \u201cel Estado en coordinaci\u00f3n con las autoridades ind\u00edgena originario campesinas y los habitantes de la amazonia, crear\u00e1 un organismo especial, descentralizado, con sede en la amazonia, para promover actividades propias de la regi\u00f3n\u201d, justific\u00f3 Julio Diego Roma\u00f1a, el legislador proyectista.<br \/>\nLa Direcci\u00f3n de la Amazonia, entre sus funciones, deber\u00e1 dise\u00f1ar, ejecutar, monitorear y evaluar pol\u00edticas, planes, programas y proyectos integrales espec\u00edficos para la Amazonia boliviana, en el marco del desarrollo sostenible y la resiliencia clim\u00e1tica. Coordinar con los Gobiernos Aut\u00f3nomos Departamentales, Gobiernos Aut\u00f3nomos Municipales, Gobiernos Aut\u00f3nomos Ind\u00edgena Originario Campesinos y organizaciones sociales de la regi\u00f3n amaz\u00f3nica, para garantizar una gesti\u00f3n concurrente y participativa, agrega.<br \/>\nAdem\u00e1s de monitorear, prevenir y denunciar la deforestaci\u00f3n, los incendios forestales, la miner\u00eda ilegal, el tr\u00e1fico de fauna y flora, y otros delitos ambientales en la regi\u00f3n amaz\u00f3nica, en coordinaci\u00f3n con instancias competentes. Tambi\u00e9n gestionar, captar y administrar recursos de cooperaci\u00f3n internacional, fondos clim\u00e1ticos y financiamiento p\u00fablico-privado destinados a la conservaci\u00f3n, restauraci\u00f3n y desarrollo sostenible de la Amazonia, entre otras, seg\u00fan el documento.<\/p>\n","protected":false},"excerpt":{"rendered":"<p>El pleno de la C\u00e1mara de Senadores aprob\u00f3 la Minuta de Comunicaci\u00f3n que recomienda al ministro de Producci\u00f3n Sostenible, Medio Ambiente y Agua, \u00d3scar Mario Justiniano, disponer la creaci\u00f3n de la Direcci\u00f3n de la Amazonia para efectuar pol\u00edticas de desarrollo, coordinar con los gobiernos regional y locales, ocuparse de la prevenci\u00f3n, denunciar la deforestaci\u00f3n, los [&hellip;]<\/p>\n","protected":false},"author":1,"featured_media":194754,"comment_status":"closed","ping_status":"open","sticky":false,"template":"","format":"standard","meta":{"_acf_changed":false,"footnotes":""},"categories":[14],"tags":[],"class_list":["post-427575","post","type-post","status-publish","format-standard","has-post-thumbnail","category-politica"],"acf":{"antetitulo":""},"yoast_head":"<!-- This site is optimized with the Yoast SEO plugin v28.4 - https:\/\/yoast.com\/product\/yoast-seo-wordpress\/ -->\n<title>Senado pide crear la Direcci\u00f3n de la Amazonia para prevenci\u00f3n y desarrollo - El Diario - Bolivia<\/title>\n<meta name=\"robots\" content=\"index, follow, max-snippet:-1, max-image-preview:large, max-video-preview:-1\" \/>\n<link rel=\"canonical\" href=\"https:\/\/www.eldiario.net\/portal\/2026\/09\/04\/senado-pide-crear-la-direccion-de-la-amazonia-para-prevencion-y-desarrollo\/\" \/>\n<meta property=\"og:locale\" content=\"es_ES\" \/>\n<meta property=\"og:type\" content=\"article\" \/>\n<meta property=\"og:title\" content=\"Senado pide crear la Direcci\u00f3n de la Amazonia para prevenci\u00f3n y desarrollo - El Diario - Bolivia\" \/>\n<meta property=\"og:description\" content=\"El pleno de la C\u00e1mara de Senadores aprob\u00f3 la Minuta de Comunicaci\u00f3n que recomienda al ministro de Producci\u00f3n Sostenible, Medio Ambiente y Agua, \u00d3scar Mario Justiniano, disponer la creaci\u00f3n de la Direcci\u00f3n de la Amazonia para efectuar pol\u00edticas de desarrollo, coordinar con los gobiernos regional y locales, ocuparse de la prevenci\u00f3n, denunciar la deforestaci\u00f3n, los [&hellip;]\" \/>\n<meta property=\"og:url\" content=\"https:\/\/www.eldiario.net\/portal\/2026\/09\/04\/senado-pide-crear-la-direccion-de-la-amazonia-para-prevencion-y-desarrollo\/\" \/>\n<meta property=\"og:site_name\" content=\"El Diario - Bolivia\" \/>\n<meta property=\"article:publisher\" content=\"https:\/\/www.facebook.com\/eldiario.bolivia\/\" \/>\n<meta property=\"article:published_time\" content=\"2026-09-04T10:17:35+00:00\" \/>\n<meta property=\"og:image\" content=\"https:\/\/www.eldiario.net\/portal\/wp-content\/uploads\/2023\/12\/Politica.jpg\" \/>\n\t<meta property=\"og:image:width\" content=\"800\" \/>\n\t<meta property=\"og:image:height\" content=\"500\" \/>\n\t<meta property=\"og:image:type\" content=\"image\/jpeg\" \/>\n<meta name=\"author\" content=\"Jeanette\" \/>\n<meta name=\"twitter:card\" content=\"summary_large_image\" \/>\n<meta name=\"twitter:creator\" content=\"@eldiario_net\" \/>\n<meta name=\"twitter:site\" content=\"@eldiario_net\" \/>\n<meta name=\"twitter:label1\" content=\"Escrito por\" \/>\n\t<meta name=\"twitter:data1\" content=\"Jeanette\" \/>\n\t<meta name=\"twitter:label2\" content=\"Tiempo de lectura\" \/>\n\t<meta name=\"twitter:data2\" content=\"2 minutos\" \/>\n<script type=\"application\/ld+json\" class=\"yoast-schema-graph\">{\"@context\":\"https:\\\/\\\/schema.org\",\"@graph\":[{\"@type\":\"Article\",\"@id\":\"https:\\\/\\\/www.eldiario.net\\\/portal\\\/2026\\\/09\\\/04\\\/senado-pide-crear-la-direccion-de-la-amazonia-para-prevencion-y-desarrollo\\\/#article\",\"isPartOf\":{\"@id\":\"https:\\\/\\\/www.eldiario.net\\\/portal\\\/2026\\\/09\\\/04\\\/senado-pide-crear-la-direccion-de-la-amazonia-para-prevencion-y-desarrollo\\\/\"},\"author\":{\"name\":\"Jeanette\",\"@id\":\"https:\\\/\\\/www.eldiario.net\\\/portal\\\/#\\\/schema\\\/person\\\/f46445640444750d7d753ccd04ae01b7\"},\"headline\":\"Senado pide crear la Direcci\u00f3n de la Amazonia para prevenci\u00f3n y desarrollo\",\"datePublished\":\"2026-09-04T10:17:35+00:00\",\"mainEntityOfPage\":{\"@id\":\"https:\\\/\\\/www.eldiario.net\\\/portal\\\/2026\\\/09\\\/04\\\/senado-pide-crear-la-direccion-de-la-amazonia-para-prevencion-y-desarrollo\\\/\"},\"wordCount\":414,\"publisher\":{\"@id\":\"https:\\\/\\\/www.eldiario.net\\\/portal\\\/#organization\"},\"image\":{\"@id\":\"https:\\\/\\\/www.eldiario.net\\\/portal\\\/2026\\\/09\\\/04\\\/senado-pide-crear-la-direccion-de-la-amazonia-para-prevencion-y-desarrollo\\\/#primaryimage\"},\"thumbnailUrl\":\"https:\\\/\\\/www.eldiario.net\\\/portal\\\/wp-content\\\/uploads\\\/2023\\\/12\\\/Politica.jpg\",\"articleSection\":[\"Pol\u00edtica\"],\"inLanguage\":\"es\"},{\"@type\":\"WebPage\",\"@id\":\"https:\\\/\\\/www.eldiario.net\\\/portal\\\/2026\\\/09\\\/04\\\/senado-pide-crear-la-direccion-de-la-amazonia-para-prevencion-y-desarrollo\\\/\",\"url\":\"https:\\\/\\\/www.eldiario.net\\\/portal\\\/2026\\\/09\\\/04\\\/senado-pide-crear-la-direccion-de-la-amazonia-para-prevencion-y-desarrollo\\\/\",\"name\":\"Senado pide crear la Direcci\u00f3n de la Amazonia para prevenci\u00f3n y desarrollo - El Diario - Bolivia\",\"isPartOf\":{\"@id\":\"https:\\\/\\\/www.eldiario.net\\\/portal\\\/#website\"},\"primaryImageOfPage\":{\"@id\":\"https:\\\/\\\/www.eldiario.net\\\/portal\\\/2026\\\/09\\\/04\\\/senado-pide-crear-la-direccion-de-la-amazonia-para-prevencion-y-desarrollo\\\/#primaryimage\"},\"image\":{\"@id\":\"https:\\\/\\\/www.eldiario.net\\\/portal\\\/2026\\\/09\\\/04\\\/senado-pide-crear-la-direccion-de-la-amazonia-para-prevencion-y-desarrollo\\\/#primaryimage\"},\"thumbnailUrl\":\"https:\\\/\\\/www.eldiario.net\\\/portal\\\/wp-content\\\/uploads\\\/2023\\\/12\\\/Politica.jpg\",\"datePublished\":\"2026-09-04T10:17:35+00:00\",\"breadcrumb\":{\"@id\":\"https:\\\/\\\/www.eldiario.net\\\/portal\\\/2026\\\/09\\\/04\\\/senado-pide-crear-la-direccion-de-la-amazonia-para-prevencion-y-desarrollo\\\/#breadcrumb\"},\"inLanguage\":\"es\",\"potentialAction\":[{\"@type\":\"ReadAction\",\"target\":[\"https:\\\/\\\/www.eldiario.net\\\/portal\\\/2026\\\/09\\\/04\\\/senado-pide-crear-la-direccion-de-la-amazonia-para-prevencion-y-desarrollo\\\/\"]}]},{\"@type\":\"ImageObject\",\"inLanguage\":\"es\",\"@id\":\"https:\\\/\\\/www.eldiario.net\\\/portal\\\/2026\\\/09\\\/04\\\/senado-pide-crear-la-direccion-de-la-amazonia-para-prevencion-y-desarrollo\\\/#primaryimage\",\"url\":\"https:\\\/\\\/www.eldiario.net\\\/portal\\\/wp-content\\\/uploads\\\/2023\\\/12\\\/Politica.jpg\",\"contentUrl\":\"https:\\\/\\\/www.eldiario.net\\\/portal\\\/wp-content\\\/uploads\\\/2023\\\/12\\\/Politica.jpg\",\"width\":800,\"height\":500},{\"@type\":\"BreadcrumbList\",\"@id\":\"https:\\\/\\\/www.eldiario.net\\\/portal\\\/2026\\\/09\\\/04\\\/senado-pide-crear-la-direccion-de-la-amazonia-para-prevencion-y-desarrollo\\\/#breadcrumb\",\"itemListElement\":[{\"@type\":\"ListItem\",\"position\":1,\"name\":\"Portada\",\"item\":\"https:\\\/\\\/www.eldiario.net\\\/portal\\\/\"},{\"@type\":\"ListItem\",\"position\":2,\"name\":\"Senado pide crear la Direcci\u00f3n de la Amazonia para prevenci\u00f3n y desarrollo\"}]},{\"@type\":\"WebSite\",\"@id\":\"https:\\\/\\\/www.eldiario.net\\\/portal\\\/#website\",\"url\":\"https:\\\/\\\/www.eldiario.net\\\/portal\\\/\",\"name\":\"El Diario - Decano de la prensa nacional\",\"description\":\"El Diario - Decano de la prensa nacional\",\"publisher\":{\"@id\":\"https:\\\/\\\/www.eldiario.net\\\/portal\\\/#organization\"},\"potentialAction\":[{\"@type\":\"SearchAction\",\"target\":{\"@type\":\"EntryPoint\",\"urlTemplate\":\"https:\\\/\\\/www.eldiario.net\\\/portal\\\/?s={search_term_string}\"},\"query-input\":{\"@type\":\"PropertyValueSpecification\",\"valueRequired\":true,\"valueName\":\"search_term_string\"}}],\"inLanguage\":\"es\"},{\"@type\":\"Organization\",\"@id\":\"https:\\\/\\\/www.eldiario.net\\\/portal\\\/#organization\",\"name\":\"El Diario - Decano de la prensa nacional\",\"url\":\"https:\\\/\\\/www.eldiario.net\\\/portal\\\/\",\"logo\":{\"@type\":\"ImageObject\",\"inLanguage\":\"es\",\"@id\":\"https:\\\/\\\/www.eldiario.net\\\/portal\\\/#\\\/schema\\\/logo\\\/image\\\/\",\"url\":\"https:\\\/\\\/www.eldiario.net\\\/portal\\\/wp-content\\\/uploads\\\/2023\\\/07\\\/logo_ED.jpg\",\"contentUrl\":\"https:\\\/\\\/www.eldiario.net\\\/portal\\\/wp-content\\\/uploads\\\/2023\\\/07\\\/logo_ED.jpg\",\"width\":272,\"height\":52,\"caption\":\"El Diario - Decano de la prensa nacional\"},\"image\":{\"@id\":\"https:\\\/\\\/www.eldiario.net\\\/portal\\\/#\\\/schema\\\/logo\\\/image\\\/\"},\"sameAs\":[\"https:\\\/\\\/www.facebook.com\\\/eldiario.bolivia\\\/\",\"https:\\\/\\\/x.com\\\/eldiario_net\"]},{\"@type\":\"Person\",\"@id\":\"https:\\\/\\\/www.eldiario.net\\\/portal\\\/#\\\/schema\\\/person\\\/f46445640444750d7d753ccd04ae01b7\",\"name\":\"Jeanette\",\"image\":{\"@type\":\"ImageObject\",\"inLanguage\":\"es\",\"@id\":\"https:\\\/\\\/secure.gravatar.com\\\/avatar\\\/3ea2118a5f7dad2b7138b1187a6b7ee55f160b9968b66013c3a3ef39dd7e5798?s=96&d=mm&r=g\",\"url\":\"https:\\\/\\\/secure.gravatar.com\\\/avatar\\\/3ea2118a5f7dad2b7138b1187a6b7ee55f160b9968b66013c3a3ef39dd7e5798?s=96&d=mm&r=g\",\"contentUrl\":\"https:\\\/\\\/secure.gravatar.com\\\/avatar\\\/3ea2118a5f7dad2b7138b1187a6b7ee55f160b9968b66013c3a3ef39dd7e5798?s=96&d=mm&r=g\",\"caption\":\"Jeanette\"},\"sameAs\":[\"https:\\\/\\\/www.eldiario.net\\\/portal\"],\"url\":\"https:\\\/\\\/www.eldiario.net\\\/portal\\\/author\\\/jeanette\\\/\"}]}<\/script>\n<!-- \/ Yoast SEO plugin. -->","yoast_head_json":{"title":"Senado pide crear la Direcci\u00f3n de la Amazonia para prevenci\u00f3n y desarrollo - El Diario - Bolivia","robots":{"index":"index","follow":"follow","max-snippet":"max-snippet:-1","max-image-preview":"max-image-preview:large","max-video-preview":"max-video-preview:-1"},"canonical":"https:\/\/www.eldiario.net\/portal\/2026\/09\/04\/senado-pide-crear-la-direccion-de-la-amazonia-para-prevencion-y-desarrollo\/","og_locale":"es_ES","og_type":"article","og_title":"Senado pide crear la Direcci\u00f3n de la Amazonia para prevenci\u00f3n y desarrollo - El Diario - Bolivia","og_description":"El pleno de la C\u00e1mara de Senadores aprob\u00f3 la Minuta de Comunicaci\u00f3n que recomienda al ministro de Producci\u00f3n Sostenible, Medio Ambiente y Agua, \u00d3scar Mario Justiniano, disponer la creaci\u00f3n de la Direcci\u00f3n de la Amazonia para efectuar pol\u00edticas de desarrollo, coordinar con los gobiernos regional y locales, ocuparse de la prevenci\u00f3n, denunciar la deforestaci\u00f3n, los [&hellip;]","og_url":"https:\/\/www.eldiario.net\/portal\/2026\/09\/04\/senado-pide-crear-la-direccion-de-la-amazonia-para-prevencion-y-desarrollo\/","og_site_name":"El Diario - Bolivia","article_publisher":"https:\/\/www.facebook.com\/eldiario.bolivia\/","article_published_time":"2026-09-04T10:17:35+00:00","og_image":[{"width":800,"height":500,"url":"https:\/\/www.eldiario.net\/portal\/wp-content\/uploads\/2023\/12\/Politica.jpg","type":"image\/jpeg"}],"author":"Jeanette","twitter_card":"summary_large_image","twitter_creator":"@eldiario_net","twitter_site":"@eldiario_net","twitter_misc":{"Escrito por":"Jeanette","Tiempo de lectura":"2 minutos"},"schema":{"@context":"https:\/\/schema.org","@graph":[{"@type":"Article","@id":"https:\/\/www.eldiario.net\/portal\/2026\/09\/04\/senado-pide-crear-la-direccion-de-la-amazonia-para-prevencion-y-desarrollo\/#article","isPartOf":{"@id":"https:\/\/www.eldiario.net\/portal\/2026\/09\/04\/senado-pide-crear-la-direccion-de-la-amazonia-para-prevencion-y-desarrollo\/"},"author":{"name":"Jeanette","@id":"https:\/\/www.eldiario.net\/portal\/#\/schema\/person\/f46445640444750d7d753ccd04ae01b7"},"headline":"Senado pide crear la Direcci\u00f3n de la Amazonia para prevenci\u00f3n y desarrollo","datePublished":"2026-09-04T10:17:35+00:00","mainEntityOfPage":{"@id":"https:\/\/www.eldiario.net\/portal\/2026\/09\/04\/senado-pide-crear-la-direccion-de-la-amazonia-para-prevencion-y-desarrollo\/"},"wordCount":414,"publisher":{"@id":"https:\/\/www.eldiario.net\/portal\/#organization"},"image":{"@id":"https:\/\/www.eldiario.net\/portal\/2026\/09\/04\/senado-pide-crear-la-direccion-de-la-amazonia-para-prevencion-y-desarrollo\/#primaryimage"},"thumbnailUrl":"https:\/\/www.eldiario.net\/portal\/wp-content\/uploads\/2023\/12\/Politica.jpg","articleSection":["Pol\u00edtica"],"inLanguage":"es"},{"@type":"WebPage","@id":"https:\/\/www.eldiario.net\/portal\/2026\/09\/04\/senado-pide-crear-la-direccion-de-la-amazonia-para-prevencion-y-desarrollo\/","url":"https:\/\/www.eldiario.net\/portal\/2026\/09\/04\/senado-pide-crear-la-direccion-de-la-amazonia-para-prevencion-y-desarrollo\/","name":"Senado pide crear la Direcci\u00f3n de la Amazonia para prevenci\u00f3n y desarrollo - El Diario - Bolivia","isPartOf":{"@id":"https:\/\/www.eldiario.net\/portal\/#website"},"primaryImageOfPage":{"@id":"https:\/\/www.eldiario.net\/portal\/2026\/09\/04\/senado-pide-crear-la-direccion-de-la-amazonia-para-prevencion-y-desarrollo\/#primaryimage"},"image":{"@id":"https:\/\/www.eldiario.net\/portal\/2026\/09\/04\/senado-pide-crear-la-direccion-de-la-amazonia-para-prevencion-y-desarrollo\/#primaryimage"},"thumbnailUrl":"https:\/\/www.eldiario.net\/portal\/wp-content\/uploads\/2023\/12\/Politica.jpg","datePublished":"2026-09-04T10:17:35+00:00","breadcrumb":{"@id":"https:\/\/www.eldiario.net\/portal\/2026\/09\/04\/senado-pide-crear-la-direccion-de-la-amazonia-para-prevencion-y-desarrollo\/#breadcrumb"},"inLanguage":"es","potentialAction":[{"@type":"ReadAction","target":["https:\/\/www.eldiario.net\/portal\/2026\/09\/04\/senado-pide-crear-la-direccion-de-la-amazonia-para-prevencion-y-desarrollo\/"]}]},{"@type":"ImageObject","inLanguage":"es","@id":"https:\/\/www.eldiario.net\/portal\/2026\/09\/04\/senado-pide-crear-la-direccion-de-la-amazonia-para-prevencion-y-desarrollo\/#primaryimage","url":"https:\/\/www.eldiario.net\/portal\/wp-content\/uploads\/2023\/12\/Politica.jpg","contentUrl":"https:\/\/www.eldiario.net\/portal\/wp-content\/uploads\/2023\/12\/Politica.jpg","width":800,"height":500},{"@type":"BreadcrumbList","@id":"https:\/\/www.eldiario.net\/portal\/2026\/09\/04\/senado-pide-crear-la-direccion-de-la-amazonia-para-prevencion-y-desarrollo\/#breadcrumb","itemListElement":[{"@type":"ListItem","position":1,"name":"Portada","item":"https:\/\/www.eldiario.net\/portal\/"},{"@type":"ListItem","position":2,"name":"Senado pide crear la Direcci\u00f3n de la Amazonia para prevenci\u00f3n y desarrollo"}]},{"@type":"WebSite","@id":"https:\/\/www.eldiario.net\/portal\/#website","url":"https:\/\/www.eldiario.net\/portal\/","name":"El Diario - Decano de la prensa nacional","description":"El Diario - Decano de la prensa nacional","publisher":{"@id":"https:\/\/www.eldiario.net\/portal\/#organization"},"potentialAction":[{"@type":"SearchAction","target":{"@type":"EntryPoint","urlTemplate":"https:\/\/www.eldiario.net\/portal\/?s={search_term_string}"},"query-input":{"@type":"PropertyValueSpecification","valueRequired":true,"valueName":"search_term_string"}}],"inLanguage":"es"},{"@type":"Organization","@id":"https:\/\/www.eldiario.net\/portal\/#organization","name":"El Diario - Decano de la prensa nacional","url":"https:\/\/www.eldiario.net\/portal\/","logo":{"@type":"ImageObject","inLanguage":"es","@id":"https:\/\/www.eldiario.net\/portal\/#\/schema\/logo\/image\/","url":"https:\/\/www.eldiario.net\/portal\/wp-content\/uploads\/2023\/07\/logo_ED.jpg","contentUrl":"https:\/\/www.eldiario.net\/portal\/wp-content\/uploads\/2023\/07\/logo_ED.jpg","width":272,"height":52,"caption":"El Diario - Decano de la prensa nacional"},"image":{"@id":"https:\/\/www.eldiario.net\/portal\/#\/schema\/logo\/image\/"},"sameAs":["https:\/\/www.facebook.com\/eldiario.bolivia\/","https:\/\/x.com\/eldiario_net"]},{"@type":"Person","@id":"https:\/\/www.eldiario.net\/portal\/#\/schema\/person\/f46445640444750d7d753ccd04ae01b7","name":"Jeanette","image":{"@type":"ImageObject","inLanguage":"es","@id":"https:\/\/secure.gravatar.com\/avatar\/3ea2118a5f7dad2b7138b1187a6b7ee55f160b9968b66013c3a3ef39dd7e5798?s=96&d=mm&r=g","url":"https:\/\/secure.gravatar.com\/avatar\/3ea2118a5f7dad2b7138b1187a6b7ee55f160b9968b66013c3a3ef39dd7e5798?s=96&d=mm&r=g","contentUrl":"https:\/\/secure.gravatar.com\/avatar\/3ea2118a5f7dad2b7138b1187a6b7ee55f160b9968b66013c3a3ef39dd7e5798?s=96&d=mm&r=g","caption":"Jeanette"},"sameAs":["https:\/\/www.eldiario.net\/portal"],"url":"https:\/\/www.eldiario.net\/portal\/author\/jeanette\/"}]}},"_links":{"self":[{"href":"https:\/\/www.eldiario.net\/portal\/wp-json\/wp\/v2\/posts\/427575","targetHints":{"allow":["GET"]}}],"collection":[{"href":"https:\/\/www.eldiario.net\/portal\/wp-json\/wp\/v2\/posts"}],"about":[{"href":"https:\/\/www.eldiario.net\/portal\/wp-json\/wp\/v2\/types\/post"}],"author":[{"embeddable":true,"href":"https:\/\/www.eldiario.net\/portal\/wp-json\/wp\/v2\/users\/1"}],"replies":[{"embeddable":true,"href":"https:\/\/www.eldiario.net\/portal\/wp-json\/wp\/v2\/comments?post=427575"}],"version-history":[{"count":1,"href":"https:\/\/www.eldiario.net\/portal\/wp-json\/wp\/v2\/posts\/427575\/revisions"}],"predecessor-version":[{"id":427576,"href":"https:\/\/www.eldiario.net\/portal\/wp-json\/wp\/v2\/posts\/427575\/revisions\/427576"}],"wp:featuredmedia":[{"embeddable":true,"href":"https:\/\/www.eldiario.net\/portal\/wp-json\/wp\/v2\/media\/194754"}],"wp:attachment":[{"href":"https:\/\/www.eldiario.net\/portal\/wp-json\/wp\/v2\/media?parent=427575"}],"wp:term":[{"taxonomy":"category","embeddable":true,"href":"https:\/\/www.eldiario.net\/portal\/wp-json\/wp\/v2\/categories?post=427575"},{"taxonomy":"post_tag","embeddable":true,"href":"https:\/\/www.eldiario.net\/portal\/wp-json\/wp\/v2\/tags?post=427575"}],"curies":[{"name":"wp","href":"https:\/\/api.w.org\/{rel}","templated":true}]}}