{"id":427572,"date":"2026-09-04T06:16:57","date_gmt":"2026-09-04T10:16:57","guid":{"rendered":"https:\/\/www.eldiario.net\/portal\/?p=427572"},"modified":"2026-09-04T06:16:57","modified_gmt":"2026-09-04T10:16:57","slug":"fallece-gloria-steinem-un-icono-del-feminismo","status":"publish","type":"post","link":"https:\/\/www.eldiario.net\/portal\/2026\/09\/04\/fallece-gloria-steinem-un-icono-del-feminismo\/","title":{"rendered":"Fallece Gloria Steinem  un \u00edcono del feminismo"},"content":{"rendered":"<p class=\"v1MsoNormal\"><span lang=\"ES-BO\">La periodista estadounidense y figura emblem\u00e1tica del feminismo Gloria Steinem muri\u00f3 a los 92 a\u00f1os, inform\u00f3 su fundaci\u00f3n en un comunicado difundido ayer.<\/span><\/p>\n<p class=\"v1MsoNormal\"><span lang=\"ES-BO\">\u00abGloria Steinem falleci\u00f3 en paz en su casa de Nueva York, rodeada de algunas de las muchas personas que la quer\u00edan\u00bb, se\u00f1al\u00f3 la Gloria&#8217;s Foundation en un comunicado publicado en Instagram, sin precisar la causa de la muerte.<\/span><\/p>\n<p class=\"v1MsoNormal\"><span lang=\"ES-BO\">Steinem comenz\u00f3 su carrera en el periodismo a principios de los a\u00f1os 1960, cuando muchas mujeres necesitaban a\u00fan una autorizaci\u00f3n de sus esposos para tener una cuenta bancaria. En aquella \u00e9poca, escribi\u00f3 un reportaje de investigaci\u00f3n sobre el sexismo generalizado que enfrentaban las camareras \u00abconejitas\u00bb en el club Playboy de Nueva York.<\/span><\/p>\n<p class=\"v1MsoNormal\"><span lang=\"ES-BO\">Su despertar feminista ocurri\u00f3 durante una reuni\u00f3n en 1969 en la que las mujeres hablaron abiertamente sobre la experiencia de abortar, seg\u00fan relat\u00f3. \u00abEso dio un sentido a mi propia experiencia. Yo hab\u00eda abortado y no se lo hab\u00eda dicho a nadie\u00bb, escribi\u00f3 luego en el New York Magazine.<\/span><\/p>\n<p class=\"v1MsoNormal\"><span lang=\"ES-BO\">Poco a poco, pas\u00f3 de la escritura a los discursos y el debate p\u00fablico. Durante a\u00f1os viaj\u00f3 por Estados Unidos y el mundo para participar en conferencias y protestas. En la d\u00e9cada de 1970, Steinem fund\u00f3 la revista Ms. y el National Women&#8217;s Political Caucus, y organiz\u00f3 la primera Conferencia Nacional de Mujeres en Houston.<\/span><\/p>\n<p class=\"v1MsoNormal\"><span lang=\"ES-BO\">\u00abLos casi 100 a\u00f1os de Gloria fueron a\u00f1os bien vividos, y sigui\u00f3 trabajando por la igualdad hasta el final\u00bb, declar\u00f3 su fundaci\u00f3n.<\/span><\/p>\n<p class=\"v1MsoNormal\"><span lang=\"ES-BO\">\u00abEl mayor don de Gloria era su capacidad para escuchar a los dem\u00e1s, para hacer que se sintieran vistos y escuchados. Gloria vivi\u00f3 fiel a su esp\u00edritu independiente, siempre con curiosidad y un gran sentido del humor\u00bb, apunt\u00f3.<\/span><\/p>\n<p class=\"v1MsoNormal\"><span lang=\"ES-BO\">Los medios norteamericanos publicaron completos perfiles sobre su vida y su pensamiento. \u00abNo todas las personas con \u00fatero tienen que tener un hijo, al igual que no todas las personas con cuerdas vocales tienen que ser cantantes de \u00f3pera. Es una elecci\u00f3n, y es una elecci\u00f3n maravillosa, pero si todo el mundo tiene que hacerlo, deja de ser una elecci\u00f3n\u00bb, record\u00f3 que dec\u00eda Steinem el diario The New York Times.<\/span><\/p>\n<p class=\"v1MsoNormal\"><span lang=\"ES-BO\">Steinem fue una de las primeras mujeres en hablar abiertamente del aborto y ella misma narr\u00f3 que interrumpi\u00f3 su embarazo cuando solo era legal hacerlo porque corr\u00eda riesgo la vida de la madre. La periodista cont\u00f3 en una ocasi\u00f3n, seg\u00fan la BBC, que el m\u00e9dico le sostuvo: \u00abDebes prometerme dos cosas. Primero, no le dir\u00e1s a nadie mi nombre. Segundo, har\u00e1s con tu vida lo que quieras\u00bb.<\/span><\/p>\n<p class=\"v1MsoNormal\"><span lang=\"ES-BO\">La mujer fue una de las voces m\u00e1s poderosas en Estados Unidos sobre la libertad reproductiva. Uno de sus art\u00edculos m\u00e1s le\u00eddos se titulaba \u00abSi los hombres pudieran menstruar\u00bb. Sobre el matrimonio dec\u00eda: \u00abNo puedo tener pareja en cautiverio\u00bb.<\/span><\/p>\n<p class=\"v1MsoNormal\"><span lang=\"ES-BO\">En una ocasi\u00f3n, Steinem narr\u00f3 las cr\u00edticas que produc\u00eda su forma de pensar: \u00abSiempre me acusaban de aprovecharme de los hombres, de ser demasiado sexual. Una vez alguien me envi\u00f3 una caricatura de una l\u00e1pida que dec\u00eda &#8216;por fin duerme sola'\u00bb.(Semana)<\/span><\/p>\n","protected":false},"excerpt":{"rendered":"<p>La periodista estadounidense y figura emblem\u00e1tica del feminismo Gloria Steinem muri\u00f3 a los 92 a\u00f1os, inform\u00f3 su fundaci\u00f3n en un comunicado difundido ayer. \u00abGloria Steinem falleci\u00f3 en paz en su casa de Nueva York, rodeada de algunas de las muchas personas que la quer\u00edan\u00bb, se\u00f1al\u00f3 la Gloria&#8217;s Foundation en un comunicado publicado en Instagram, sin [&hellip;]<\/p>\n","protected":false},"author":1,"featured_media":427573,"comment_status":"closed","ping_status":"open","sticky":false,"template":"","format":"standard","meta":{"_acf_changed":false,"footnotes":""},"categories":[3],"tags":[],"class_list":["post-427572","post","type-post","status-publish","format-standard","has-post-thumbnail","category-internacional"],"acf":{"antetitulo":"Estados Unidos"},"yoast_head":"<!-- This site is optimized with the Yoast SEO plugin v28.4 - https:\/\/yoast.com\/product\/yoast-seo-wordpress\/ -->\n<title>Fallece Gloria Steinem un \u00edcono del feminismo - El Diario - Bolivia<\/title>\n<meta name=\"robots\" content=\"index, follow, max-snippet:-1, max-image-preview:large, max-video-preview:-1\" \/>\n<link rel=\"canonical\" href=\"https:\/\/www.eldiario.net\/portal\/2026\/09\/04\/fallece-gloria-steinem-un-icono-del-feminismo\/\" \/>\n<meta property=\"og:locale\" content=\"es_ES\" \/>\n<meta property=\"og:type\" content=\"article\" \/>\n<meta property=\"og:title\" content=\"Fallece Gloria Steinem un \u00edcono del feminismo - El Diario - Bolivia\" \/>\n<meta property=\"og:description\" content=\"La periodista estadounidense y figura emblem\u00e1tica del feminismo Gloria Steinem muri\u00f3 a los 92 a\u00f1os, inform\u00f3 su fundaci\u00f3n en un comunicado difundido ayer. \u00abGloria Steinem falleci\u00f3 en paz en su casa de Nueva York, rodeada de algunas de las muchas personas que la quer\u00edan\u00bb, se\u00f1al\u00f3 la Gloria&#8217;s Foundation en un comunicado publicado en Instagram, sin [&hellip;]\" \/>\n<meta property=\"og:url\" content=\"https:\/\/www.eldiario.net\/portal\/2026\/09\/04\/fallece-gloria-steinem-un-icono-del-feminismo\/\" \/>\n<meta property=\"og:site_name\" content=\"El Diario - Bolivia\" \/>\n<meta property=\"article:publisher\" content=\"https:\/\/www.facebook.com\/eldiario.bolivia\/\" \/>\n<meta property=\"article:published_time\" content=\"2026-09-04T10:16:57+00:00\" \/>\n<meta property=\"og:image\" content=\"https:\/\/www.eldiario.net\/portal\/wp-content\/uploads\/2026\/09\/GLORIA-AP.webp\" \/>\n\t<meta property=\"og:image:width\" content=\"1368\" \/>\n\t<meta property=\"og:image:height\" content=\"912\" \/>\n\t<meta property=\"og:image:type\" content=\"image\/webp\" \/>\n<meta name=\"author\" content=\"Jeanette\" \/>\n<meta name=\"twitter:card\" content=\"summary_large_image\" \/>\n<meta name=\"twitter:creator\" content=\"@eldiario_net\" \/>\n<meta name=\"twitter:site\" content=\"@eldiario_net\" \/>\n<meta name=\"twitter:label1\" content=\"Escrito por\" \/>\n\t<meta name=\"twitter:data1\" content=\"Jeanette\" \/>\n\t<meta name=\"twitter:label2\" content=\"Tiempo de lectura\" \/>\n\t<meta name=\"twitter:data2\" content=\"3 minutos\" \/>\n<script type=\"application\/ld+json\" class=\"yoast-schema-graph\">{\"@context\":\"https:\\\/\\\/schema.org\",\"@graph\":[{\"@type\":\"Article\",\"@id\":\"https:\\\/\\\/www.eldiario.net\\\/portal\\\/2026\\\/09\\\/04\\\/fallece-gloria-steinem-un-icono-del-feminismo\\\/#article\",\"isPartOf\":{\"@id\":\"https:\\\/\\\/www.eldiario.net\\\/portal\\\/2026\\\/09\\\/04\\\/fallece-gloria-steinem-un-icono-del-feminismo\\\/\"},\"author\":{\"name\":\"Jeanette\",\"@id\":\"https:\\\/\\\/www.eldiario.net\\\/portal\\\/#\\\/schema\\\/person\\\/2c57cf2b7a7ae032e449e4c9b1019eac\"},\"headline\":\"Fallece Gloria Steinem un \u00edcono del feminismo\",\"datePublished\":\"2026-09-04T10:16:57+00:00\",\"mainEntityOfPage\":{\"@id\":\"https:\\\/\\\/www.eldiario.net\\\/portal\\\/2026\\\/09\\\/04\\\/fallece-gloria-steinem-un-icono-del-feminismo\\\/\"},\"wordCount\":540,\"publisher\":{\"@id\":\"https:\\\/\\\/www.eldiario.net\\\/portal\\\/#organization\"},\"image\":{\"@id\":\"https:\\\/\\\/www.eldiario.net\\\/portal\\\/2026\\\/09\\\/04\\\/fallece-gloria-steinem-un-icono-del-feminismo\\\/#primaryimage\"},\"thumbnailUrl\":\"https:\\\/\\\/www.eldiario.net\\\/portal\\\/wp-content\\\/uploads\\\/2026\\\/09\\\/GLORIA-AP.webp\",\"articleSection\":[\"Internacional\"],\"inLanguage\":\"es\"},{\"@type\":\"WebPage\",\"@id\":\"https:\\\/\\\/www.eldiario.net\\\/portal\\\/2026\\\/09\\\/04\\\/fallece-gloria-steinem-un-icono-del-feminismo\\\/\",\"url\":\"https:\\\/\\\/www.eldiario.net\\\/portal\\\/2026\\\/09\\\/04\\\/fallece-gloria-steinem-un-icono-del-feminismo\\\/\",\"name\":\"Fallece Gloria Steinem un \u00edcono del feminismo - El Diario - Bolivia\",\"isPartOf\":{\"@id\":\"https:\\\/\\\/www.eldiario.net\\\/portal\\\/#website\"},\"primaryImageOfPage\":{\"@id\":\"https:\\\/\\\/www.eldiario.net\\\/portal\\\/2026\\\/09\\\/04\\\/fallece-gloria-steinem-un-icono-del-feminismo\\\/#primaryimage\"},\"image\":{\"@id\":\"https:\\\/\\\/www.eldiario.net\\\/portal\\\/2026\\\/09\\\/04\\\/fallece-gloria-steinem-un-icono-del-feminismo\\\/#primaryimage\"},\"thumbnailUrl\":\"https:\\\/\\\/www.eldiario.net\\\/portal\\\/wp-content\\\/uploads\\\/2026\\\/09\\\/GLORIA-AP.webp\",\"datePublished\":\"2026-09-04T10:16:57+00:00\",\"breadcrumb\":{\"@id\":\"https:\\\/\\\/www.eldiario.net\\\/portal\\\/2026\\\/09\\\/04\\\/fallece-gloria-steinem-un-icono-del-feminismo\\\/#breadcrumb\"},\"inLanguage\":\"es\",\"potentialAction\":[{\"@type\":\"ReadAction\",\"target\":[\"https:\\\/\\\/www.eldiario.net\\\/portal\\\/2026\\\/09\\\/04\\\/fallece-gloria-steinem-un-icono-del-feminismo\\\/\"]}]},{\"@type\":\"ImageObject\",\"inLanguage\":\"es\",\"@id\":\"https:\\\/\\\/www.eldiario.net\\\/portal\\\/2026\\\/09\\\/04\\\/fallece-gloria-steinem-un-icono-del-feminismo\\\/#primaryimage\",\"url\":\"https:\\\/\\\/www.eldiario.net\\\/portal\\\/wp-content\\\/uploads\\\/2026\\\/09\\\/GLORIA-AP.webp\",\"contentUrl\":\"https:\\\/\\\/www.eldiario.net\\\/portal\\\/wp-content\\\/uploads\\\/2026\\\/09\\\/GLORIA-AP.webp\",\"width\":1368,\"height\":912,\"caption\":\"La activista y periodista, Gloria Steinem. CREDITO: AP\"},{\"@type\":\"BreadcrumbList\",\"@id\":\"https:\\\/\\\/www.eldiario.net\\\/portal\\\/2026\\\/09\\\/04\\\/fallece-gloria-steinem-un-icono-del-feminismo\\\/#breadcrumb\",\"itemListElement\":[{\"@type\":\"ListItem\",\"position\":1,\"name\":\"Portada\",\"item\":\"https:\\\/\\\/www.eldiario.net\\\/portal\\\/\"},{\"@type\":\"ListItem\",\"position\":2,\"name\":\"Fallece Gloria Steinem un \u00edcono del feminismo\"}]},{\"@type\":\"WebSite\",\"@id\":\"https:\\\/\\\/www.eldiario.net\\\/portal\\\/#website\",\"url\":\"https:\\\/\\\/www.eldiario.net\\\/portal\\\/\",\"name\":\"El Diario - Decano de la prensa nacional\",\"description\":\"El Diario - Decano de la prensa nacional\",\"publisher\":{\"@id\":\"https:\\\/\\\/www.eldiario.net\\\/portal\\\/#organization\"},\"potentialAction\":[{\"@type\":\"SearchAction\",\"target\":{\"@type\":\"EntryPoint\",\"urlTemplate\":\"https:\\\/\\\/www.eldiario.net\\\/portal\\\/?s={search_term_string}\"},\"query-input\":{\"@type\":\"PropertyValueSpecification\",\"valueRequired\":true,\"valueName\":\"search_term_string\"}}],\"inLanguage\":\"es\"},{\"@type\":\"Organization\",\"@id\":\"https:\\\/\\\/www.eldiario.net\\\/portal\\\/#organization\",\"name\":\"El Diario - Decano de la prensa nacional\",\"url\":\"https:\\\/\\\/www.eldiario.net\\\/portal\\\/\",\"logo\":{\"@type\":\"ImageObject\",\"inLanguage\":\"es\",\"@id\":\"https:\\\/\\\/www.eldiario.net\\\/portal\\\/#\\\/schema\\\/logo\\\/image\\\/\",\"url\":\"https:\\\/\\\/www.eldiario.net\\\/portal\\\/wp-content\\\/uploads\\\/2023\\\/07\\\/logo_ED.jpg\",\"contentUrl\":\"https:\\\/\\\/www.eldiario.net\\\/portal\\\/wp-content\\\/uploads\\\/2023\\\/07\\\/logo_ED.jpg\",\"width\":272,\"height\":52,\"caption\":\"El Diario - Decano de la prensa nacional\"},\"image\":{\"@id\":\"https:\\\/\\\/www.eldiario.net\\\/portal\\\/#\\\/schema\\\/logo\\\/image\\\/\"},\"sameAs\":[\"https:\\\/\\\/www.facebook.com\\\/eldiario.bolivia\\\/\",\"https:\\\/\\\/x.com\\\/eldiario_net\"]},{\"@type\":\"Person\",\"@id\":\"https:\\\/\\\/www.eldiario.net\\\/portal\\\/#\\\/schema\\\/person\\\/2c57cf2b7a7ae032e449e4c9b1019eac\",\"name\":\"Jeanette\",\"image\":{\"@type\":\"ImageObject\",\"inLanguage\":\"es\",\"@id\":\"https:\\\/\\\/secure.gravatar.com\\\/avatar\\\/3ea2118a5f7dad2b7138b1187a6b7ee55f160b9968b66013c3a3ef39dd7e5798?s=96&d=mm&r=g\",\"url\":\"https:\\\/\\\/secure.gravatar.com\\\/avatar\\\/3ea2118a5f7dad2b7138b1187a6b7ee55f160b9968b66013c3a3ef39dd7e5798?s=96&d=mm&r=g\",\"contentUrl\":\"https:\\\/\\\/secure.gravatar.com\\\/avatar\\\/3ea2118a5f7dad2b7138b1187a6b7ee55f160b9968b66013c3a3ef39dd7e5798?s=96&d=mm&r=g\",\"caption\":\"Jeanette\"},\"sameAs\":[\"https:\\\/\\\/www.eldiario.net\\\/portal\"],\"url\":\"https:\\\/\\\/www.eldiario.net\\\/portal\\\/author\\\/jeanette\\\/\"}]}<\/script>\n<!-- \/ Yoast SEO plugin. -->","yoast_head_json":{"title":"Fallece Gloria Steinem un \u00edcono del feminismo - El Diario - Bolivia","robots":{"index":"index","follow":"follow","max-snippet":"max-snippet:-1","max-image-preview":"max-image-preview:large","max-video-preview":"max-video-preview:-1"},"canonical":"https:\/\/www.eldiario.net\/portal\/2026\/09\/04\/fallece-gloria-steinem-un-icono-del-feminismo\/","og_locale":"es_ES","og_type":"article","og_title":"Fallece Gloria Steinem un \u00edcono del feminismo - El Diario - Bolivia","og_description":"La periodista estadounidense y figura emblem\u00e1tica del feminismo Gloria Steinem muri\u00f3 a los 92 a\u00f1os, inform\u00f3 su fundaci\u00f3n en un comunicado difundido ayer. \u00abGloria Steinem falleci\u00f3 en paz en su casa de Nueva York, rodeada de algunas de las muchas personas que la quer\u00edan\u00bb, se\u00f1al\u00f3 la Gloria&#8217;s Foundation en un comunicado publicado en Instagram, sin [&hellip;]","og_url":"https:\/\/www.eldiario.net\/portal\/2026\/09\/04\/fallece-gloria-steinem-un-icono-del-feminismo\/","og_site_name":"El Diario - Bolivia","article_publisher":"https:\/\/www.facebook.com\/eldiario.bolivia\/","article_published_time":"2026-09-04T10:16:57+00:00","og_image":[{"width":1368,"height":912,"url":"https:\/\/www.eldiario.net\/portal\/wp-content\/uploads\/2026\/09\/GLORIA-AP.webp","type":"image\/webp"}],"author":"Jeanette","twitter_card":"summary_large_image","twitter_creator":"@eldiario_net","twitter_site":"@eldiario_net","twitter_misc":{"Escrito por":"Jeanette","Tiempo de lectura":"3 minutos"},"schema":{"@context":"https:\/\/schema.org","@graph":[{"@type":"Article","@id":"https:\/\/www.eldiario.net\/portal\/2026\/09\/04\/fallece-gloria-steinem-un-icono-del-feminismo\/#article","isPartOf":{"@id":"https:\/\/www.eldiario.net\/portal\/2026\/09\/04\/fallece-gloria-steinem-un-icono-del-feminismo\/"},"author":{"name":"Jeanette","@id":"https:\/\/www.eldiario.net\/portal\/#\/schema\/person\/2c57cf2b7a7ae032e449e4c9b1019eac"},"headline":"Fallece Gloria Steinem un \u00edcono del feminismo","datePublished":"2026-09-04T10:16:57+00:00","mainEntityOfPage":{"@id":"https:\/\/www.eldiario.net\/portal\/2026\/09\/04\/fallece-gloria-steinem-un-icono-del-feminismo\/"},"wordCount":540,"publisher":{"@id":"https:\/\/www.eldiario.net\/portal\/#organization"},"image":{"@id":"https:\/\/www.eldiario.net\/portal\/2026\/09\/04\/fallece-gloria-steinem-un-icono-del-feminismo\/#primaryimage"},"thumbnailUrl":"https:\/\/www.eldiario.net\/portal\/wp-content\/uploads\/2026\/09\/GLORIA-AP.webp","articleSection":["Internacional"],"inLanguage":"es"},{"@type":"WebPage","@id":"https:\/\/www.eldiario.net\/portal\/2026\/09\/04\/fallece-gloria-steinem-un-icono-del-feminismo\/","url":"https:\/\/www.eldiario.net\/portal\/2026\/09\/04\/fallece-gloria-steinem-un-icono-del-feminismo\/","name":"Fallece Gloria Steinem un \u00edcono del feminismo - El Diario - Bolivia","isPartOf":{"@id":"https:\/\/www.eldiario.net\/portal\/#website"},"primaryImageOfPage":{"@id":"https:\/\/www.eldiario.net\/portal\/2026\/09\/04\/fallece-gloria-steinem-un-icono-del-feminismo\/#primaryimage"},"image":{"@id":"https:\/\/www.eldiario.net\/portal\/2026\/09\/04\/fallece-gloria-steinem-un-icono-del-feminismo\/#primaryimage"},"thumbnailUrl":"https:\/\/www.eldiario.net\/portal\/wp-content\/uploads\/2026\/09\/GLORIA-AP.webp","datePublished":"2026-09-04T10:16:57+00:00","breadcrumb":{"@id":"https:\/\/www.eldiario.net\/portal\/2026\/09\/04\/fallece-gloria-steinem-un-icono-del-feminismo\/#breadcrumb"},"inLanguage":"es","potentialAction":[{"@type":"ReadAction","target":["https:\/\/www.eldiario.net\/portal\/2026\/09\/04\/fallece-gloria-steinem-un-icono-del-feminismo\/"]}]},{"@type":"ImageObject","inLanguage":"es","@id":"https:\/\/www.eldiario.net\/portal\/2026\/09\/04\/fallece-gloria-steinem-un-icono-del-feminismo\/#primaryimage","url":"https:\/\/www.eldiario.net\/portal\/wp-content\/uploads\/2026\/09\/GLORIA-AP.webp","contentUrl":"https:\/\/www.eldiario.net\/portal\/wp-content\/uploads\/2026\/09\/GLORIA-AP.webp","width":1368,"height":912,"caption":"La activista y periodista, Gloria Steinem. CREDITO: AP"},{"@type":"BreadcrumbList","@id":"https:\/\/www.eldiario.net\/portal\/2026\/09\/04\/fallece-gloria-steinem-un-icono-del-feminismo\/#breadcrumb","itemListElement":[{"@type":"ListItem","position":1,"name":"Portada","item":"https:\/\/www.eldiario.net\/portal\/"},{"@type":"ListItem","position":2,"name":"Fallece Gloria Steinem un \u00edcono del feminismo"}]},{"@type":"WebSite","@id":"https:\/\/www.eldiario.net\/portal\/#website","url":"https:\/\/www.eldiario.net\/portal\/","name":"El Diario - Decano de la prensa nacional","description":"El Diario - Decano de la prensa nacional","publisher":{"@id":"https:\/\/www.eldiario.net\/portal\/#organization"},"potentialAction":[{"@type":"SearchAction","target":{"@type":"EntryPoint","urlTemplate":"https:\/\/www.eldiario.net\/portal\/?s={search_term_string}"},"query-input":{"@type":"PropertyValueSpecification","valueRequired":true,"valueName":"search_term_string"}}],"inLanguage":"es"},{"@type":"Organization","@id":"https:\/\/www.eldiario.net\/portal\/#organization","name":"El Diario - Decano de la prensa nacional","url":"https:\/\/www.eldiario.net\/portal\/","logo":{"@type":"ImageObject","inLanguage":"es","@id":"https:\/\/www.eldiario.net\/portal\/#\/schema\/logo\/image\/","url":"https:\/\/www.eldiario.net\/portal\/wp-content\/uploads\/2023\/07\/logo_ED.jpg","contentUrl":"https:\/\/www.eldiario.net\/portal\/wp-content\/uploads\/2023\/07\/logo_ED.jpg","width":272,"height":52,"caption":"El Diario - Decano de la prensa nacional"},"image":{"@id":"https:\/\/www.eldiario.net\/portal\/#\/schema\/logo\/image\/"},"sameAs":["https:\/\/www.facebook.com\/eldiario.bolivia\/","https:\/\/x.com\/eldiario_net"]},{"@type":"Person","@id":"https:\/\/www.eldiario.net\/portal\/#\/schema\/person\/2c57cf2b7a7ae032e449e4c9b1019eac","name":"Jeanette","image":{"@type":"ImageObject","inLanguage":"es","@id":"https:\/\/secure.gravatar.com\/avatar\/3ea2118a5f7dad2b7138b1187a6b7ee55f160b9968b66013c3a3ef39dd7e5798?s=96&d=mm&r=g","url":"https:\/\/secure.gravatar.com\/avatar\/3ea2118a5f7dad2b7138b1187a6b7ee55f160b9968b66013c3a3ef39dd7e5798?s=96&d=mm&r=g","contentUrl":"https:\/\/secure.gravatar.com\/avatar\/3ea2118a5f7dad2b7138b1187a6b7ee55f160b9968b66013c3a3ef39dd7e5798?s=96&d=mm&r=g","caption":"Jeanette"},"sameAs":["https:\/\/www.eldiario.net\/portal"],"url":"https:\/\/www.eldiario.net\/portal\/author\/jeanette\/"}]}},"_links":{"self":[{"href":"https:\/\/www.eldiario.net\/portal\/wp-json\/wp\/v2\/posts\/427572","targetHints":{"allow":["GET"]}}],"collection":[{"href":"https:\/\/www.eldiario.net\/portal\/wp-json\/wp\/v2\/posts"}],"about":[{"href":"https:\/\/www.eldiario.net\/portal\/wp-json\/wp\/v2\/types\/post"}],"author":[{"embeddable":true,"href":"https:\/\/www.eldiario.net\/portal\/wp-json\/wp\/v2\/users\/1"}],"replies":[{"embeddable":true,"href":"https:\/\/www.eldiario.net\/portal\/wp-json\/wp\/v2\/comments?post=427572"}],"version-history":[{"count":1,"href":"https:\/\/www.eldiario.net\/portal\/wp-json\/wp\/v2\/posts\/427572\/revisions"}],"predecessor-version":[{"id":427574,"href":"https:\/\/www.eldiario.net\/portal\/wp-json\/wp\/v2\/posts\/427572\/revisions\/427574"}],"wp:featuredmedia":[{"embeddable":true,"href":"https:\/\/www.eldiario.net\/portal\/wp-json\/wp\/v2\/media\/427573"}],"wp:attachment":[{"href":"https:\/\/www.eldiario.net\/portal\/wp-json\/wp\/v2\/media?parent=427572"}],"wp:term":[{"taxonomy":"category","embeddable":true,"href":"https:\/\/www.eldiario.net\/portal\/wp-json\/wp\/v2\/categories?post=427572"},{"taxonomy":"post_tag","embeddable":true,"href":"https:\/\/www.eldiario.net\/portal\/wp-json\/wp\/v2\/tags?post=427572"}],"curies":[{"name":"wp","href":"https:\/\/api.w.org\/{rel}","templated":true}]}}