{"id":427570,"date":"2026-09-04T06:16:17","date_gmt":"2026-09-04T10:16:17","guid":{"rendered":"https:\/\/www.eldiario.net\/portal\/?p=427570"},"modified":"2026-09-04T06:16:17","modified_gmt":"2026-09-04T10:16:17","slug":"iran-ataca-kuwait-en-represalia-por-los-bombardeos-de-eeuu-2","status":"publish","type":"post","link":"https:\/\/www.eldiario.net\/portal\/2026\/09\/04\/iran-ataca-kuwait-en-represalia-por-los-bombardeos-de-eeuu-2\/","title":{"rendered":"Ir\u00e1n ataca Kuwait en represalia por los bombardeos de EEUU"},"content":{"rendered":"<p>Ir\u00e1n dispar\u00f3 contra Kuwait ayer mientras sigue adelante con las represalias por los bombardeos de Estados Unidos a principios de semana. Por su parte, el primer ministro de Israel, Benjam\u00edn Netanyahu, intenta unificar a la derecha del pa\u00eds antes de las elecciones de octubre.<br \/>\nMientras el ej\u00e9rcito iran\u00ed atacaba bases estadounidenses en los Emiratos \u00c1rabes Unidos, a pesar de las amenazas de nuevos ataques por parte del presidente de Estados Unidos, el jefe de Defensa de Israel advirti\u00f3 que las presiones econ\u00f3micas derivadas de las sanciones podr\u00edan llevar a Teher\u00e1n a intensificar el conflicto con \u201cmedidas m\u00e1s extremas\u201d.<br \/>\n\u201cEsta ma\u00f1ana, el ej\u00e9rcito atac\u00f3 con misiles y drones los sistemas de comunicaci\u00f3n por sat\u00e9lite, los dep\u00f3sitos de equipos y los hangares de aviones de combate del ej\u00e9rcito terrorista estadounidense en la base a\u00e9rea Ahmad al-Jaber en Kuwait\u201d, sostuvo el ej\u00e9rcito iran\u00ed ayer en un comunicado difundido por la televisi\u00f3n estatal.<br \/>\n\u201cLa ubicaci\u00f3n de las fuerzas y los sistemas de radar del ej\u00e9rcito estadounidense asesino de ni\u00f1os en la base a\u00e9rea de Al Minhad en los Emiratos \u00c1rabes Unidos tambi\u00e9n fueron atacados con misiles y drones del ej\u00e9rcito\u201d, agreg\u00f3.<br \/>\nEn una publicaci\u00f3n en X, el Ministerio de Defensa de Kuwait afirm\u00f3 que sus defensas a\u00e9reas hab\u00edan interceptado ataques con misiles y drones durante una \u201cflagrante agresi\u00f3n iran\u00ed.<br \/>\nLa declaraci\u00f3n de Kuwait se produjo despu\u00e9s de que Bahr\u00e9in y Jordania, aliados de Estados Unidos, afirmaran que sus sistemas de defensa a\u00e9rea interceptaron varios ataques a\u00e9reos iran\u00edes.<br \/>\nLos enfrentamientos entre Estados Unidos e Ir\u00e1n se intensificaron esta semana despu\u00e9s de que Estados Unidos atacara el domingo lanzacohetes iran\u00edes en una isla del estrecho de Ormuz, alegando que Ir\u00e1n planeaba utilizarlos para lanzar minas al estrecho.<br \/>\nEl \u00faltimo recrudecimiento del conflicto se produce en medio de escasas pruebas de que la administraci\u00f3n Trump est\u00e9 logrando avanzar en sus nebulosos objetivos b\u00e9licos, ya sea en el campo de batalla o a trav\u00e9s de la mediaci\u00f3n, a pesar de las repetidas afirmaciones del presidente estadounidense de haber abierto el estrecho de Ormuz al tr\u00e1fico de petr\u00f3leo.<br \/>\nEn cambio, el tr\u00e1fico a trav\u00e9s de esta importante v\u00eda mar\u00edtima se mantiene muy por debajo de los niveles previos a la guerra, y los precios del petr\u00f3leo permanecen obstinadamente elevados a la espera de las elecciones de mitad de mandato en Estados Unidos. Los precios del petr\u00f3leo volvieron a subir ayer tras los ataques iran\u00edes.<br \/>\nEntre las armas que Ir\u00e1n utiliz\u00f3 esta semana se encuentra su sistema de misiles bal\u00edsticos de alcance medio Kheibar Shekan. Este misil, econ\u00f3mico y preciso, puede ser lanzado en cuesti\u00f3n de minutos y se convirti\u00f3 en un elemento fundamental de los ataques iran\u00edes.<br \/>\nEl motor de combustible s\u00f3lido del cohete permite que no requiera largos periodos de repostaje. Puede desplegarse con gran rapidez para evitar ser detectado y puede equiparse con una etapa final motorizada y orientable para contrarrestar los sistemas antimisiles.<br \/>\nA pesar de las afirmaciones de la administraci\u00f3n Trump de que Teher\u00e1n se est\u00e1 quedando sin cohetes, Ir\u00e1n contin\u00faa disparando misiles que son considerablemente m\u00e1s baratos de producir que los interceptores estadounidenses utilizados para derribarlos.<br \/>\nIr\u00e1n asegur\u00f3, incluso a finales de agosto, que manten\u00eda tanto arsenales de misiles como la capacidad de fabricarlos.<br \/>\n\u201cInicialmente, algunos cre\u00edan que Ir\u00e1n solo ten\u00eda un n\u00famero limitado de misiles y que sus reservas se agotar\u00edan con el tiempo a medida que continuara la guerra\u201d, dijo el portavoz del Cuerpo de la Guardia Revolucionaria Isl\u00e1mica, el general de brigada Hossein Mohebbi.<br \/>\nSin embargo, esa suposici\u00f3n result\u00f3 ser incorrecta, ya que la capacidad misil\u00edstica de Ir\u00e1n se mantuvo y su producci\u00f3n de misiles continu\u00f3.<br \/>\nLa descripci\u00f3n que hizo Mohebbi de los arsenales de misiles iran\u00edes no pudo verificarse.<br \/>\nLos continuos ataques se produjeron mientras el ministro de Defensa de Israel, Israel Katz, afirmaba que, si bien las nuevas sanciones econ\u00f3micas estadounidenses parec\u00edan ser efectivas, el aumento de la presi\u00f3n podr\u00eda llevar a Teher\u00e1n a tomar medidas extremas.<br \/>\n\u201cObservamos indicios que apuntan a que la fuerte presi\u00f3n econ\u00f3mica a la que est\u00e1n sometidos, as\u00ed como el temor a un levantamiento y al colapso del r\u00e9gimen, podr\u00edan empujarlos a tomar medidas desesperadas\u201d, declar\u00f3 Katz en una ceremonia para empleados del Ministerio de Defensa.<br \/>\nEl ministro, conocido por su l\u00ednea dura, reiter\u00f3 las amenazas contra la Rep\u00fablica Isl\u00e1mica que profiri\u00f3 en los \u00faltimos meses.<br \/>\n\u201cUn ataque iran\u00ed contra Israel liberar\u00e1 a Israel de cualquier restricci\u00f3n existente\u201d, asever\u00f3. \u201cAtacaremos toda la infraestructura militar y civil de Ir\u00e1n, incluida la infraestructura energ\u00e9tica, y haremos retroceder a Ir\u00e1n a la Edad de Piedra\u201d. (The Guardian)<\/p>\n","protected":false},"excerpt":{"rendered":"<p>Ir\u00e1n dispar\u00f3 contra Kuwait ayer mientras sigue adelante con las represalias por los bombardeos de Estados Unidos a principios de semana. Por su parte, el primer ministro de Israel, Benjam\u00edn Netanyahu, intenta unificar a la derecha del pa\u00eds antes de las elecciones de octubre. Mientras el ej\u00e9rcito iran\u00ed atacaba bases estadounidenses en los Emiratos \u00c1rabes [&hellip;]<\/p>\n","protected":false},"author":1,"featured_media":194703,"comment_status":"closed","ping_status":"open","sticky":false,"template":"","format":"standard","meta":{"_acf_changed":false,"footnotes":""},"categories":[3],"tags":[],"class_list":["post-427570","post","type-post","status-publish","format-standard","has-post-thumbnail","category-internacional"],"acf":{"antetitulo":""},"yoast_head":"<!-- This site is optimized with the Yoast SEO plugin v28.4 - https:\/\/yoast.com\/product\/yoast-seo-wordpress\/ -->\n<title>Ir\u00e1n ataca Kuwait en represalia por los bombardeos de EEUU - El Diario - Bolivia<\/title>\n<meta name=\"robots\" content=\"index, follow, max-snippet:-1, max-image-preview:large, max-video-preview:-1\" \/>\n<link rel=\"canonical\" href=\"https:\/\/www.eldiario.net\/portal\/2026\/09\/04\/iran-ataca-kuwait-en-represalia-por-los-bombardeos-de-eeuu-2\/\" \/>\n<meta property=\"og:locale\" content=\"es_ES\" \/>\n<meta property=\"og:type\" content=\"article\" \/>\n<meta property=\"og:title\" content=\"Ir\u00e1n ataca Kuwait en represalia por los bombardeos de EEUU - El Diario - Bolivia\" \/>\n<meta property=\"og:description\" content=\"Ir\u00e1n dispar\u00f3 contra Kuwait ayer mientras sigue adelante con las represalias por los bombardeos de Estados Unidos a principios de semana. Por su parte, el primer ministro de Israel, Benjam\u00edn Netanyahu, intenta unificar a la derecha del pa\u00eds antes de las elecciones de octubre. Mientras el ej\u00e9rcito iran\u00ed atacaba bases estadounidenses en los Emiratos \u00c1rabes [&hellip;]\" \/>\n<meta property=\"og:url\" content=\"https:\/\/www.eldiario.net\/portal\/2026\/09\/04\/iran-ataca-kuwait-en-represalia-por-los-bombardeos-de-eeuu-2\/\" \/>\n<meta property=\"og:site_name\" content=\"El Diario - Bolivia\" \/>\n<meta property=\"article:publisher\" content=\"https:\/\/www.facebook.com\/eldiario.bolivia\/\" \/>\n<meta property=\"article:published_time\" content=\"2026-09-04T10:16:17+00:00\" \/>\n<meta property=\"og:image\" content=\"https:\/\/www.eldiario.net\/portal\/wp-content\/uploads\/2023\/12\/Internacional.jpg\" \/>\n\t<meta property=\"og:image:width\" content=\"800\" \/>\n\t<meta property=\"og:image:height\" content=\"500\" \/>\n\t<meta property=\"og:image:type\" content=\"image\/jpeg\" \/>\n<meta name=\"author\" content=\"Jeanette\" \/>\n<meta name=\"twitter:card\" content=\"summary_large_image\" \/>\n<meta name=\"twitter:creator\" content=\"@eldiario_net\" \/>\n<meta name=\"twitter:site\" content=\"@eldiario_net\" \/>\n<meta name=\"twitter:label1\" content=\"Escrito por\" \/>\n\t<meta name=\"twitter:data1\" content=\"Jeanette\" \/>\n\t<meta name=\"twitter:label2\" content=\"Tiempo de lectura\" \/>\n\t<meta name=\"twitter:data2\" content=\"4 minutos\" \/>\n<script type=\"application\/ld+json\" class=\"yoast-schema-graph\">{\"@context\":\"https:\\\/\\\/schema.org\",\"@graph\":[{\"@type\":\"Article\",\"@id\":\"https:\\\/\\\/www.eldiario.net\\\/portal\\\/2026\\\/09\\\/04\\\/iran-ataca-kuwait-en-represalia-por-los-bombardeos-de-eeuu-2\\\/#article\",\"isPartOf\":{\"@id\":\"https:\\\/\\\/www.eldiario.net\\\/portal\\\/2026\\\/09\\\/04\\\/iran-ataca-kuwait-en-represalia-por-los-bombardeos-de-eeuu-2\\\/\"},\"author\":{\"name\":\"Jeanette\",\"@id\":\"https:\\\/\\\/www.eldiario.net\\\/portal\\\/#\\\/schema\\\/person\\\/f46445640444750d7d753ccd04ae01b7\"},\"headline\":\"Ir\u00e1n ataca Kuwait en represalia por los bombardeos de EEUU\",\"datePublished\":\"2026-09-04T10:16:17+00:00\",\"mainEntityOfPage\":{\"@id\":\"https:\\\/\\\/www.eldiario.net\\\/portal\\\/2026\\\/09\\\/04\\\/iran-ataca-kuwait-en-represalia-por-los-bombardeos-de-eeuu-2\\\/\"},\"wordCount\":853,\"publisher\":{\"@id\":\"https:\\\/\\\/www.eldiario.net\\\/portal\\\/#organization\"},\"image\":{\"@id\":\"https:\\\/\\\/www.eldiario.net\\\/portal\\\/2026\\\/09\\\/04\\\/iran-ataca-kuwait-en-represalia-por-los-bombardeos-de-eeuu-2\\\/#primaryimage\"},\"thumbnailUrl\":\"https:\\\/\\\/www.eldiario.net\\\/portal\\\/wp-content\\\/uploads\\\/2023\\\/12\\\/Internacional.jpg\",\"articleSection\":[\"Internacional\"],\"inLanguage\":\"es\"},{\"@type\":\"WebPage\",\"@id\":\"https:\\\/\\\/www.eldiario.net\\\/portal\\\/2026\\\/09\\\/04\\\/iran-ataca-kuwait-en-represalia-por-los-bombardeos-de-eeuu-2\\\/\",\"url\":\"https:\\\/\\\/www.eldiario.net\\\/portal\\\/2026\\\/09\\\/04\\\/iran-ataca-kuwait-en-represalia-por-los-bombardeos-de-eeuu-2\\\/\",\"name\":\"Ir\u00e1n ataca Kuwait en represalia por los bombardeos de EEUU - El Diario - Bolivia\",\"isPartOf\":{\"@id\":\"https:\\\/\\\/www.eldiario.net\\\/portal\\\/#website\"},\"primaryImageOfPage\":{\"@id\":\"https:\\\/\\\/www.eldiario.net\\\/portal\\\/2026\\\/09\\\/04\\\/iran-ataca-kuwait-en-represalia-por-los-bombardeos-de-eeuu-2\\\/#primaryimage\"},\"image\":{\"@id\":\"https:\\\/\\\/www.eldiario.net\\\/portal\\\/2026\\\/09\\\/04\\\/iran-ataca-kuwait-en-represalia-por-los-bombardeos-de-eeuu-2\\\/#primaryimage\"},\"thumbnailUrl\":\"https:\\\/\\\/www.eldiario.net\\\/portal\\\/wp-content\\\/uploads\\\/2023\\\/12\\\/Internacional.jpg\",\"datePublished\":\"2026-09-04T10:16:17+00:00\",\"breadcrumb\":{\"@id\":\"https:\\\/\\\/www.eldiario.net\\\/portal\\\/2026\\\/09\\\/04\\\/iran-ataca-kuwait-en-represalia-por-los-bombardeos-de-eeuu-2\\\/#breadcrumb\"},\"inLanguage\":\"es\",\"potentialAction\":[{\"@type\":\"ReadAction\",\"target\":[\"https:\\\/\\\/www.eldiario.net\\\/portal\\\/2026\\\/09\\\/04\\\/iran-ataca-kuwait-en-represalia-por-los-bombardeos-de-eeuu-2\\\/\"]}]},{\"@type\":\"ImageObject\",\"inLanguage\":\"es\",\"@id\":\"https:\\\/\\\/www.eldiario.net\\\/portal\\\/2026\\\/09\\\/04\\\/iran-ataca-kuwait-en-represalia-por-los-bombardeos-de-eeuu-2\\\/#primaryimage\",\"url\":\"https:\\\/\\\/www.eldiario.net\\\/portal\\\/wp-content\\\/uploads\\\/2023\\\/12\\\/Internacional.jpg\",\"contentUrl\":\"https:\\\/\\\/www.eldiario.net\\\/portal\\\/wp-content\\\/uploads\\\/2023\\\/12\\\/Internacional.jpg\",\"width\":800,\"height\":500},{\"@type\":\"BreadcrumbList\",\"@id\":\"https:\\\/\\\/www.eldiario.net\\\/portal\\\/2026\\\/09\\\/04\\\/iran-ataca-kuwait-en-represalia-por-los-bombardeos-de-eeuu-2\\\/#breadcrumb\",\"itemListElement\":[{\"@type\":\"ListItem\",\"position\":1,\"name\":\"Portada\",\"item\":\"https:\\\/\\\/www.eldiario.net\\\/portal\\\/\"},{\"@type\":\"ListItem\",\"position\":2,\"name\":\"Ir\u00e1n ataca Kuwait en represalia por los bombardeos de EEUU\"}]},{\"@type\":\"WebSite\",\"@id\":\"https:\\\/\\\/www.eldiario.net\\\/portal\\\/#website\",\"url\":\"https:\\\/\\\/www.eldiario.net\\\/portal\\\/\",\"name\":\"El Diario - Decano de la prensa nacional\",\"description\":\"El Diario - Decano de la prensa nacional\",\"publisher\":{\"@id\":\"https:\\\/\\\/www.eldiario.net\\\/portal\\\/#organization\"},\"potentialAction\":[{\"@type\":\"SearchAction\",\"target\":{\"@type\":\"EntryPoint\",\"urlTemplate\":\"https:\\\/\\\/www.eldiario.net\\\/portal\\\/?s={search_term_string}\"},\"query-input\":{\"@type\":\"PropertyValueSpecification\",\"valueRequired\":true,\"valueName\":\"search_term_string\"}}],\"inLanguage\":\"es\"},{\"@type\":\"Organization\",\"@id\":\"https:\\\/\\\/www.eldiario.net\\\/portal\\\/#organization\",\"name\":\"El Diario - Decano de la prensa nacional\",\"url\":\"https:\\\/\\\/www.eldiario.net\\\/portal\\\/\",\"logo\":{\"@type\":\"ImageObject\",\"inLanguage\":\"es\",\"@id\":\"https:\\\/\\\/www.eldiario.net\\\/portal\\\/#\\\/schema\\\/logo\\\/image\\\/\",\"url\":\"https:\\\/\\\/www.eldiario.net\\\/portal\\\/wp-content\\\/uploads\\\/2023\\\/07\\\/logo_ED.jpg\",\"contentUrl\":\"https:\\\/\\\/www.eldiario.net\\\/portal\\\/wp-content\\\/uploads\\\/2023\\\/07\\\/logo_ED.jpg\",\"width\":272,\"height\":52,\"caption\":\"El Diario - Decano de la prensa nacional\"},\"image\":{\"@id\":\"https:\\\/\\\/www.eldiario.net\\\/portal\\\/#\\\/schema\\\/logo\\\/image\\\/\"},\"sameAs\":[\"https:\\\/\\\/www.facebook.com\\\/eldiario.bolivia\\\/\",\"https:\\\/\\\/x.com\\\/eldiario_net\"]},{\"@type\":\"Person\",\"@id\":\"https:\\\/\\\/www.eldiario.net\\\/portal\\\/#\\\/schema\\\/person\\\/f46445640444750d7d753ccd04ae01b7\",\"name\":\"Jeanette\",\"image\":{\"@type\":\"ImageObject\",\"inLanguage\":\"es\",\"@id\":\"https:\\\/\\\/secure.gravatar.com\\\/avatar\\\/3ea2118a5f7dad2b7138b1187a6b7ee55f160b9968b66013c3a3ef39dd7e5798?s=96&d=mm&r=g\",\"url\":\"https:\\\/\\\/secure.gravatar.com\\\/avatar\\\/3ea2118a5f7dad2b7138b1187a6b7ee55f160b9968b66013c3a3ef39dd7e5798?s=96&d=mm&r=g\",\"contentUrl\":\"https:\\\/\\\/secure.gravatar.com\\\/avatar\\\/3ea2118a5f7dad2b7138b1187a6b7ee55f160b9968b66013c3a3ef39dd7e5798?s=96&d=mm&r=g\",\"caption\":\"Jeanette\"},\"sameAs\":[\"https:\\\/\\\/www.eldiario.net\\\/portal\"],\"url\":\"https:\\\/\\\/www.eldiario.net\\\/portal\\\/author\\\/jeanette\\\/\"}]}<\/script>\n<!-- \/ Yoast SEO plugin. -->","yoast_head_json":{"title":"Ir\u00e1n ataca Kuwait en represalia por los bombardeos de EEUU - El Diario - Bolivia","robots":{"index":"index","follow":"follow","max-snippet":"max-snippet:-1","max-image-preview":"max-image-preview:large","max-video-preview":"max-video-preview:-1"},"canonical":"https:\/\/www.eldiario.net\/portal\/2026\/09\/04\/iran-ataca-kuwait-en-represalia-por-los-bombardeos-de-eeuu-2\/","og_locale":"es_ES","og_type":"article","og_title":"Ir\u00e1n ataca Kuwait en represalia por los bombardeos de EEUU - El Diario - Bolivia","og_description":"Ir\u00e1n dispar\u00f3 contra Kuwait ayer mientras sigue adelante con las represalias por los bombardeos de Estados Unidos a principios de semana. Por su parte, el primer ministro de Israel, Benjam\u00edn Netanyahu, intenta unificar a la derecha del pa\u00eds antes de las elecciones de octubre. Mientras el ej\u00e9rcito iran\u00ed atacaba bases estadounidenses en los Emiratos \u00c1rabes [&hellip;]","og_url":"https:\/\/www.eldiario.net\/portal\/2026\/09\/04\/iran-ataca-kuwait-en-represalia-por-los-bombardeos-de-eeuu-2\/","og_site_name":"El Diario - Bolivia","article_publisher":"https:\/\/www.facebook.com\/eldiario.bolivia\/","article_published_time":"2026-09-04T10:16:17+00:00","og_image":[{"width":800,"height":500,"url":"https:\/\/www.eldiario.net\/portal\/wp-content\/uploads\/2023\/12\/Internacional.jpg","type":"image\/jpeg"}],"author":"Jeanette","twitter_card":"summary_large_image","twitter_creator":"@eldiario_net","twitter_site":"@eldiario_net","twitter_misc":{"Escrito por":"Jeanette","Tiempo de lectura":"4 minutos"},"schema":{"@context":"https:\/\/schema.org","@graph":[{"@type":"Article","@id":"https:\/\/www.eldiario.net\/portal\/2026\/09\/04\/iran-ataca-kuwait-en-represalia-por-los-bombardeos-de-eeuu-2\/#article","isPartOf":{"@id":"https:\/\/www.eldiario.net\/portal\/2026\/09\/04\/iran-ataca-kuwait-en-represalia-por-los-bombardeos-de-eeuu-2\/"},"author":{"name":"Jeanette","@id":"https:\/\/www.eldiario.net\/portal\/#\/schema\/person\/f46445640444750d7d753ccd04ae01b7"},"headline":"Ir\u00e1n ataca Kuwait en represalia por los bombardeos de EEUU","datePublished":"2026-09-04T10:16:17+00:00","mainEntityOfPage":{"@id":"https:\/\/www.eldiario.net\/portal\/2026\/09\/04\/iran-ataca-kuwait-en-represalia-por-los-bombardeos-de-eeuu-2\/"},"wordCount":853,"publisher":{"@id":"https:\/\/www.eldiario.net\/portal\/#organization"},"image":{"@id":"https:\/\/www.eldiario.net\/portal\/2026\/09\/04\/iran-ataca-kuwait-en-represalia-por-los-bombardeos-de-eeuu-2\/#primaryimage"},"thumbnailUrl":"https:\/\/www.eldiario.net\/portal\/wp-content\/uploads\/2023\/12\/Internacional.jpg","articleSection":["Internacional"],"inLanguage":"es"},{"@type":"WebPage","@id":"https:\/\/www.eldiario.net\/portal\/2026\/09\/04\/iran-ataca-kuwait-en-represalia-por-los-bombardeos-de-eeuu-2\/","url":"https:\/\/www.eldiario.net\/portal\/2026\/09\/04\/iran-ataca-kuwait-en-represalia-por-los-bombardeos-de-eeuu-2\/","name":"Ir\u00e1n ataca Kuwait en represalia por los bombardeos de EEUU - El Diario - Bolivia","isPartOf":{"@id":"https:\/\/www.eldiario.net\/portal\/#website"},"primaryImageOfPage":{"@id":"https:\/\/www.eldiario.net\/portal\/2026\/09\/04\/iran-ataca-kuwait-en-represalia-por-los-bombardeos-de-eeuu-2\/#primaryimage"},"image":{"@id":"https:\/\/www.eldiario.net\/portal\/2026\/09\/04\/iran-ataca-kuwait-en-represalia-por-los-bombardeos-de-eeuu-2\/#primaryimage"},"thumbnailUrl":"https:\/\/www.eldiario.net\/portal\/wp-content\/uploads\/2023\/12\/Internacional.jpg","datePublished":"2026-09-04T10:16:17+00:00","breadcrumb":{"@id":"https:\/\/www.eldiario.net\/portal\/2026\/09\/04\/iran-ataca-kuwait-en-represalia-por-los-bombardeos-de-eeuu-2\/#breadcrumb"},"inLanguage":"es","potentialAction":[{"@type":"ReadAction","target":["https:\/\/www.eldiario.net\/portal\/2026\/09\/04\/iran-ataca-kuwait-en-represalia-por-los-bombardeos-de-eeuu-2\/"]}]},{"@type":"ImageObject","inLanguage":"es","@id":"https:\/\/www.eldiario.net\/portal\/2026\/09\/04\/iran-ataca-kuwait-en-represalia-por-los-bombardeos-de-eeuu-2\/#primaryimage","url":"https:\/\/www.eldiario.net\/portal\/wp-content\/uploads\/2023\/12\/Internacional.jpg","contentUrl":"https:\/\/www.eldiario.net\/portal\/wp-content\/uploads\/2023\/12\/Internacional.jpg","width":800,"height":500},{"@type":"BreadcrumbList","@id":"https:\/\/www.eldiario.net\/portal\/2026\/09\/04\/iran-ataca-kuwait-en-represalia-por-los-bombardeos-de-eeuu-2\/#breadcrumb","itemListElement":[{"@type":"ListItem","position":1,"name":"Portada","item":"https:\/\/www.eldiario.net\/portal\/"},{"@type":"ListItem","position":2,"name":"Ir\u00e1n ataca Kuwait en represalia por los bombardeos de EEUU"}]},{"@type":"WebSite","@id":"https:\/\/www.eldiario.net\/portal\/#website","url":"https:\/\/www.eldiario.net\/portal\/","name":"El Diario - Decano de la prensa nacional","description":"El Diario - Decano de la prensa nacional","publisher":{"@id":"https:\/\/www.eldiario.net\/portal\/#organization"},"potentialAction":[{"@type":"SearchAction","target":{"@type":"EntryPoint","urlTemplate":"https:\/\/www.eldiario.net\/portal\/?s={search_term_string}"},"query-input":{"@type":"PropertyValueSpecification","valueRequired":true,"valueName":"search_term_string"}}],"inLanguage":"es"},{"@type":"Organization","@id":"https:\/\/www.eldiario.net\/portal\/#organization","name":"El Diario - Decano de la prensa nacional","url":"https:\/\/www.eldiario.net\/portal\/","logo":{"@type":"ImageObject","inLanguage":"es","@id":"https:\/\/www.eldiario.net\/portal\/#\/schema\/logo\/image\/","url":"https:\/\/www.eldiario.net\/portal\/wp-content\/uploads\/2023\/07\/logo_ED.jpg","contentUrl":"https:\/\/www.eldiario.net\/portal\/wp-content\/uploads\/2023\/07\/logo_ED.jpg","width":272,"height":52,"caption":"El Diario - Decano de la prensa nacional"},"image":{"@id":"https:\/\/www.eldiario.net\/portal\/#\/schema\/logo\/image\/"},"sameAs":["https:\/\/www.facebook.com\/eldiario.bolivia\/","https:\/\/x.com\/eldiario_net"]},{"@type":"Person","@id":"https:\/\/www.eldiario.net\/portal\/#\/schema\/person\/f46445640444750d7d753ccd04ae01b7","name":"Jeanette","image":{"@type":"ImageObject","inLanguage":"es","@id":"https:\/\/secure.gravatar.com\/avatar\/3ea2118a5f7dad2b7138b1187a6b7ee55f160b9968b66013c3a3ef39dd7e5798?s=96&d=mm&r=g","url":"https:\/\/secure.gravatar.com\/avatar\/3ea2118a5f7dad2b7138b1187a6b7ee55f160b9968b66013c3a3ef39dd7e5798?s=96&d=mm&r=g","contentUrl":"https:\/\/secure.gravatar.com\/avatar\/3ea2118a5f7dad2b7138b1187a6b7ee55f160b9968b66013c3a3ef39dd7e5798?s=96&d=mm&r=g","caption":"Jeanette"},"sameAs":["https:\/\/www.eldiario.net\/portal"],"url":"https:\/\/www.eldiario.net\/portal\/author\/jeanette\/"}]}},"_links":{"self":[{"href":"https:\/\/www.eldiario.net\/portal\/wp-json\/wp\/v2\/posts\/427570","targetHints":{"allow":["GET"]}}],"collection":[{"href":"https:\/\/www.eldiario.net\/portal\/wp-json\/wp\/v2\/posts"}],"about":[{"href":"https:\/\/www.eldiario.net\/portal\/wp-json\/wp\/v2\/types\/post"}],"author":[{"embeddable":true,"href":"https:\/\/www.eldiario.net\/portal\/wp-json\/wp\/v2\/users\/1"}],"replies":[{"embeddable":true,"href":"https:\/\/www.eldiario.net\/portal\/wp-json\/wp\/v2\/comments?post=427570"}],"version-history":[{"count":1,"href":"https:\/\/www.eldiario.net\/portal\/wp-json\/wp\/v2\/posts\/427570\/revisions"}],"predecessor-version":[{"id":427571,"href":"https:\/\/www.eldiario.net\/portal\/wp-json\/wp\/v2\/posts\/427570\/revisions\/427571"}],"wp:featuredmedia":[{"embeddable":true,"href":"https:\/\/www.eldiario.net\/portal\/wp-json\/wp\/v2\/media\/194703"}],"wp:attachment":[{"href":"https:\/\/www.eldiario.net\/portal\/wp-json\/wp\/v2\/media?parent=427570"}],"wp:term":[{"taxonomy":"category","embeddable":true,"href":"https:\/\/www.eldiario.net\/portal\/wp-json\/wp\/v2\/categories?post=427570"},{"taxonomy":"post_tag","embeddable":true,"href":"https:\/\/www.eldiario.net\/portal\/wp-json\/wp\/v2\/tags?post=427570"}],"curies":[{"name":"wp","href":"https:\/\/api.w.org\/{rel}","templated":true}]}}