{"id":427567,"date":"2026-09-04T06:14:21","date_gmt":"2026-09-04T10:14:21","guid":{"rendered":"https:\/\/www.eldiario.net\/portal\/?p=427567"},"modified":"2026-09-04T06:14:21","modified_gmt":"2026-09-04T10:14:21","slug":"machado-cuestiona-el-acuerdo-petrolero-con-regimen-chavista-2","status":"publish","type":"post","link":"https:\/\/www.eldiario.net\/portal\/2026\/09\/04\/machado-cuestiona-el-acuerdo-petrolero-con-regimen-chavista-2\/","title":{"rendered":"Machado cuestiona el acuerdo  petrolero con r\u00e9gimen chavista"},"content":{"rendered":"<p>La l\u00edder de la oposici\u00f3n venezolana, Mar\u00eda Corina Machado, cuestion\u00f3 el acuerdo petrolero de Estados Unidos con el gobierno interino de Venezuela, afirmando que los recursos naturales del pa\u00eds no pertenecen a \u201cun r\u00e9gimen ileg\u00edtimo\u201d.<br \/>\nEn sus primeras declaraciones p\u00fablicas desde que Trump anunciara el viernes pasado lo que \u00e9l denomin\u00f3 \u201cel mayor acuerdo petrolero de la historia mundial\u201d con Venezuela, Machado mantuvo un delicado equilibrio diplom\u00e1tico entre cuestionar el acuerdo y tratar de no irritar a la Casa Blanca.<br \/>\nEn un video publicado en redes sociales, el premio Nobel de la Paz afirm\u00f3: \u201cPor supuesto que Estados Unidos es el principal socio que Venezuela necesita para desarrollar plenamente su potencial estrat\u00e9gico. Esto es lo que cree la mayor\u00eda de los venezolanos\u2026 y es algo que he defendido durante toda mi vida\u201d.<br \/>\nSin embargo, Machado asegur\u00f3 que los actuales ocupantes del palacio presidencial de Miraflores en Caracas eran \u201cenemigos de Estados Unidos\u201d, y que no ten\u00edan el derecho ni el mandato democr\u00e1tico para negociar los recursos naturales de Venezuela. \u201cLa riqueza de nuestro subsuelo no pertenece a un r\u00e9gimen ileg\u00edtimo, sino al pueblo venezolano\u201d, declar\u00f3, y agreg\u00f3 que sus partidarios sent\u00edan \u201ctristeza e indignaci\u00f3n\u201d por haber sido excluidos del proceso de toma de decisiones.<br \/>\nVenezuela posee las mayores reservas probadas de petr\u00f3leo crudo del mundo, con un estimado de 303 mil millones de barriles, de los cuales m\u00e1s de 65 mil millones de barriles est\u00e1n incluidos en el acuerdo.<br \/>\nEl acuerdo de Trump se cerr\u00f3 con la presidenta interina no electa, Delcy Rodr\u00edguez, quien asumi\u00f3 el poder en enero despu\u00e9s de que su predecesor, Nicol\u00e1s Maduro, fuera secuestrado por las fuerzas especiales estadounidenses.<br \/>\nMuchos observadores esperaban que Trump sustituyera a Maduro por Machado, una activista conservadora por la democracia que posteriormente le entreg\u00f3 al presidente estadounidense su premio Nobel. Aunque Trump respald\u00f3 a Rodr\u00edguez, amenazando con que \u201csi no hace lo correcto, pagar\u00e1 un precio muy alto, probablemente mayor que el de Maduro\u201d, y releg\u00f3 a Machado a un segundo plano.<br \/>\nLa Casa Blanca sostiene que el acuerdo petrolero ayudar\u00e1 a asegurar el \u201cdominio energ\u00e9tico de Estados Unidos durante el pr\u00f3ximo siglo\u201d, as\u00ed como a \u201celiminar la influencia extranjera maligna de nuestro entorno\u201d al excluir a China y Rusia.<br \/>\nEl mi\u00e9rcoles, a las afueras del palacio de Miraflores, el secretario de Energ\u00eda de Estados Unidos, Chris Wright, declar\u00f3 que el objetivo era \u201caumentar enormemente la producci\u00f3n y las oportunidades econ\u00f3micas en Venezuela\u201d. \u201cEl presidente Trump tiene una misi\u00f3n clara en Venezuela. La misi\u00f3n es brindar paz, libertad, oportunidades y prosperidad a todos los venezolanos\u201d, dijo.<br \/>\nPero hubo una condena generalizada de lo que los cr\u00edticos califican de apropiaci\u00f3n de tierras depredadora y de estilo colonial. Los partidarios de Machado temen que el acuerdo haga que Washington est\u00e9 mucho menos dispuesto a presionar para que se celebren nuevas elecciones presidenciales.<br \/>\nSe cree que el movimiento de Machado derrot\u00f3 a Maduro por una amplia mayor\u00eda en la \u00faltima votaci\u00f3n de este tipo, en 2024, pero \u00e9l se neg\u00f3 a aceptar el resultado y se aferr\u00f3 al poder hasta su dram\u00e1tica entrega el 3 de enero de este a\u00f1o.<br \/>\nEl mi\u00e9rcoles, Trump y Rodr\u00edguez restaron importancia a las preguntas sobre cu\u00e1ndo podr\u00edan celebrarse elecciones. \u201cEn Venezuela hubo una dictadura muy poderosa y muy cruel, y todav\u00eda no est\u00e1n preparados para ello\u201d, sostuvo Trump a los periodistas, antes de agregar vagamente: \u201cPero pronto\u201d.<br \/>\n\u201cHabr\u00e1 un proceso electoral, pero cuando Venezuela est\u00e9 lista.\u201cYo no fijo fechas\u201d, finaliz\u00f3 Rodr\u00edguez. (The Guardian)<\/p>\n<p>&nbsp;<\/p>\n","protected":false},"excerpt":{"rendered":"<p>La l\u00edder de la oposici\u00f3n venezolana, Mar\u00eda Corina Machado, cuestion\u00f3 el acuerdo petrolero de Estados Unidos con el gobierno interino de Venezuela, afirmando que los recursos naturales del pa\u00eds no pertenecen a \u201cun r\u00e9gimen ileg\u00edtimo\u201d. En sus primeras declaraciones p\u00fablicas desde que Trump anunciara el viernes pasado lo que \u00e9l denomin\u00f3 \u201cel mayor acuerdo petrolero [&hellip;]<\/p>\n","protected":false},"author":1,"featured_media":427568,"comment_status":"closed","ping_status":"open","sticky":false,"template":"","format":"standard","meta":{"_acf_changed":false,"footnotes":""},"categories":[3],"tags":[],"class_list":["post-427567","post","type-post","status-publish","format-standard","has-post-thumbnail","category-internacional"],"acf":{"antetitulo":""},"yoast_head":"<!-- This site is optimized with the Yoast SEO plugin v28.4 - https:\/\/yoast.com\/product\/yoast-seo-wordpress\/ -->\n<title>Machado cuestiona el acuerdo petrolero con r\u00e9gimen chavista - El Diario - Bolivia<\/title>\n<meta name=\"robots\" content=\"index, follow, max-snippet:-1, max-image-preview:large, max-video-preview:-1\" \/>\n<link rel=\"canonical\" href=\"https:\/\/www.eldiario.net\/portal\/2026\/09\/04\/machado-cuestiona-el-acuerdo-petrolero-con-regimen-chavista-2\/\" \/>\n<meta property=\"og:locale\" content=\"es_ES\" \/>\n<meta property=\"og:type\" content=\"article\" \/>\n<meta property=\"og:title\" content=\"Machado cuestiona el acuerdo petrolero con r\u00e9gimen chavista - El Diario - Bolivia\" \/>\n<meta property=\"og:description\" content=\"La l\u00edder de la oposici\u00f3n venezolana, Mar\u00eda Corina Machado, cuestion\u00f3 el acuerdo petrolero de Estados Unidos con el gobierno interino de Venezuela, afirmando que los recursos naturales del pa\u00eds no pertenecen a \u201cun r\u00e9gimen ileg\u00edtimo\u201d. En sus primeras declaraciones p\u00fablicas desde que Trump anunciara el viernes pasado lo que \u00e9l denomin\u00f3 \u201cel mayor acuerdo petrolero [&hellip;]\" \/>\n<meta property=\"og:url\" content=\"https:\/\/www.eldiario.net\/portal\/2026\/09\/04\/machado-cuestiona-el-acuerdo-petrolero-con-regimen-chavista-2\/\" \/>\n<meta property=\"og:site_name\" content=\"El Diario - Bolivia\" \/>\n<meta property=\"article:publisher\" content=\"https:\/\/www.facebook.com\/eldiario.bolivia\/\" \/>\n<meta property=\"article:published_time\" content=\"2026-09-04T10:14:21+00:00\" \/>\n<meta property=\"og:image\" content=\"https:\/\/www.eldiario.net\/portal\/wp-content\/uploads\/2026\/09\/CORINA-Getty-Images.webp\" \/>\n\t<meta property=\"og:image:width\" content=\"620\" \/>\n\t<meta property=\"og:image:height\" content=\"496\" \/>\n\t<meta property=\"og:image:type\" content=\"image\/webp\" \/>\n<meta name=\"author\" content=\"Jeanette\" \/>\n<meta name=\"twitter:card\" content=\"summary_large_image\" \/>\n<meta name=\"twitter:creator\" content=\"@eldiario_net\" \/>\n<meta name=\"twitter:site\" content=\"@eldiario_net\" \/>\n<meta name=\"twitter:label1\" content=\"Escrito por\" \/>\n\t<meta name=\"twitter:data1\" content=\"Jeanette\" \/>\n\t<meta name=\"twitter:label2\" content=\"Tiempo de lectura\" \/>\n\t<meta name=\"twitter:data2\" content=\"3 minutos\" \/>\n<script type=\"application\/ld+json\" class=\"yoast-schema-graph\">{\"@context\":\"https:\\\/\\\/schema.org\",\"@graph\":[{\"@type\":\"Article\",\"@id\":\"https:\\\/\\\/www.eldiario.net\\\/portal\\\/2026\\\/09\\\/04\\\/machado-cuestiona-el-acuerdo-petrolero-con-regimen-chavista-2\\\/#article\",\"isPartOf\":{\"@id\":\"https:\\\/\\\/www.eldiario.net\\\/portal\\\/2026\\\/09\\\/04\\\/machado-cuestiona-el-acuerdo-petrolero-con-regimen-chavista-2\\\/\"},\"author\":{\"name\":\"Jeanette\",\"@id\":\"https:\\\/\\\/www.eldiario.net\\\/portal\\\/#\\\/schema\\\/person\\\/2c57cf2b7a7ae032e449e4c9b1019eac\"},\"headline\":\"Machado cuestiona el acuerdo petrolero con r\u00e9gimen chavista\",\"datePublished\":\"2026-09-04T10:14:21+00:00\",\"mainEntityOfPage\":{\"@id\":\"https:\\\/\\\/www.eldiario.net\\\/portal\\\/2026\\\/09\\\/04\\\/machado-cuestiona-el-acuerdo-petrolero-con-regimen-chavista-2\\\/\"},\"wordCount\":626,\"publisher\":{\"@id\":\"https:\\\/\\\/www.eldiario.net\\\/portal\\\/#organization\"},\"image\":{\"@id\":\"https:\\\/\\\/www.eldiario.net\\\/portal\\\/2026\\\/09\\\/04\\\/machado-cuestiona-el-acuerdo-petrolero-con-regimen-chavista-2\\\/#primaryimage\"},\"thumbnailUrl\":\"https:\\\/\\\/www.eldiario.net\\\/portal\\\/wp-content\\\/uploads\\\/2026\\\/09\\\/CORINA-Getty-Images.webp\",\"articleSection\":[\"Internacional\"],\"inLanguage\":\"es\"},{\"@type\":\"WebPage\",\"@id\":\"https:\\\/\\\/www.eldiario.net\\\/portal\\\/2026\\\/09\\\/04\\\/machado-cuestiona-el-acuerdo-petrolero-con-regimen-chavista-2\\\/\",\"url\":\"https:\\\/\\\/www.eldiario.net\\\/portal\\\/2026\\\/09\\\/04\\\/machado-cuestiona-el-acuerdo-petrolero-con-regimen-chavista-2\\\/\",\"name\":\"Machado cuestiona el acuerdo petrolero con r\u00e9gimen chavista - El Diario - Bolivia\",\"isPartOf\":{\"@id\":\"https:\\\/\\\/www.eldiario.net\\\/portal\\\/#website\"},\"primaryImageOfPage\":{\"@id\":\"https:\\\/\\\/www.eldiario.net\\\/portal\\\/2026\\\/09\\\/04\\\/machado-cuestiona-el-acuerdo-petrolero-con-regimen-chavista-2\\\/#primaryimage\"},\"image\":{\"@id\":\"https:\\\/\\\/www.eldiario.net\\\/portal\\\/2026\\\/09\\\/04\\\/machado-cuestiona-el-acuerdo-petrolero-con-regimen-chavista-2\\\/#primaryimage\"},\"thumbnailUrl\":\"https:\\\/\\\/www.eldiario.net\\\/portal\\\/wp-content\\\/uploads\\\/2026\\\/09\\\/CORINA-Getty-Images.webp\",\"datePublished\":\"2026-09-04T10:14:21+00:00\",\"breadcrumb\":{\"@id\":\"https:\\\/\\\/www.eldiario.net\\\/portal\\\/2026\\\/09\\\/04\\\/machado-cuestiona-el-acuerdo-petrolero-con-regimen-chavista-2\\\/#breadcrumb\"},\"inLanguage\":\"es\",\"potentialAction\":[{\"@type\":\"ReadAction\",\"target\":[\"https:\\\/\\\/www.eldiario.net\\\/portal\\\/2026\\\/09\\\/04\\\/machado-cuestiona-el-acuerdo-petrolero-con-regimen-chavista-2\\\/\"]}]},{\"@type\":\"ImageObject\",\"inLanguage\":\"es\",\"@id\":\"https:\\\/\\\/www.eldiario.net\\\/portal\\\/2026\\\/09\\\/04\\\/machado-cuestiona-el-acuerdo-petrolero-con-regimen-chavista-2\\\/#primaryimage\",\"url\":\"https:\\\/\\\/www.eldiario.net\\\/portal\\\/wp-content\\\/uploads\\\/2026\\\/09\\\/CORINA-Getty-Images.webp\",\"contentUrl\":\"https:\\\/\\\/www.eldiario.net\\\/portal\\\/wp-content\\\/uploads\\\/2026\\\/09\\\/CORINA-Getty-Images.webp\",\"width\":620,\"height\":496,\"caption\":\"La Premio Nobel de la Paz, Mar\u00eda Corina Machado.\"},{\"@type\":\"BreadcrumbList\",\"@id\":\"https:\\\/\\\/www.eldiario.net\\\/portal\\\/2026\\\/09\\\/04\\\/machado-cuestiona-el-acuerdo-petrolero-con-regimen-chavista-2\\\/#breadcrumb\",\"itemListElement\":[{\"@type\":\"ListItem\",\"position\":1,\"name\":\"Portada\",\"item\":\"https:\\\/\\\/www.eldiario.net\\\/portal\\\/\"},{\"@type\":\"ListItem\",\"position\":2,\"name\":\"Machado cuestiona el acuerdo petrolero con r\u00e9gimen chavista\"}]},{\"@type\":\"WebSite\",\"@id\":\"https:\\\/\\\/www.eldiario.net\\\/portal\\\/#website\",\"url\":\"https:\\\/\\\/www.eldiario.net\\\/portal\\\/\",\"name\":\"El Diario - Decano de la prensa nacional\",\"description\":\"El Diario - Decano de la prensa nacional\",\"publisher\":{\"@id\":\"https:\\\/\\\/www.eldiario.net\\\/portal\\\/#organization\"},\"potentialAction\":[{\"@type\":\"SearchAction\",\"target\":{\"@type\":\"EntryPoint\",\"urlTemplate\":\"https:\\\/\\\/www.eldiario.net\\\/portal\\\/?s={search_term_string}\"},\"query-input\":{\"@type\":\"PropertyValueSpecification\",\"valueRequired\":true,\"valueName\":\"search_term_string\"}}],\"inLanguage\":\"es\"},{\"@type\":\"Organization\",\"@id\":\"https:\\\/\\\/www.eldiario.net\\\/portal\\\/#organization\",\"name\":\"El Diario - Decano de la prensa nacional\",\"url\":\"https:\\\/\\\/www.eldiario.net\\\/portal\\\/\",\"logo\":{\"@type\":\"ImageObject\",\"inLanguage\":\"es\",\"@id\":\"https:\\\/\\\/www.eldiario.net\\\/portal\\\/#\\\/schema\\\/logo\\\/image\\\/\",\"url\":\"https:\\\/\\\/www.eldiario.net\\\/portal\\\/wp-content\\\/uploads\\\/2023\\\/07\\\/logo_ED.jpg\",\"contentUrl\":\"https:\\\/\\\/www.eldiario.net\\\/portal\\\/wp-content\\\/uploads\\\/2023\\\/07\\\/logo_ED.jpg\",\"width\":272,\"height\":52,\"caption\":\"El Diario - Decano de la prensa nacional\"},\"image\":{\"@id\":\"https:\\\/\\\/www.eldiario.net\\\/portal\\\/#\\\/schema\\\/logo\\\/image\\\/\"},\"sameAs\":[\"https:\\\/\\\/www.facebook.com\\\/eldiario.bolivia\\\/\",\"https:\\\/\\\/x.com\\\/eldiario_net\"]},{\"@type\":\"Person\",\"@id\":\"https:\\\/\\\/www.eldiario.net\\\/portal\\\/#\\\/schema\\\/person\\\/2c57cf2b7a7ae032e449e4c9b1019eac\",\"name\":\"Jeanette\",\"image\":{\"@type\":\"ImageObject\",\"inLanguage\":\"es\",\"@id\":\"https:\\\/\\\/secure.gravatar.com\\\/avatar\\\/3ea2118a5f7dad2b7138b1187a6b7ee55f160b9968b66013c3a3ef39dd7e5798?s=96&d=mm&r=g\",\"url\":\"https:\\\/\\\/secure.gravatar.com\\\/avatar\\\/3ea2118a5f7dad2b7138b1187a6b7ee55f160b9968b66013c3a3ef39dd7e5798?s=96&d=mm&r=g\",\"contentUrl\":\"https:\\\/\\\/secure.gravatar.com\\\/avatar\\\/3ea2118a5f7dad2b7138b1187a6b7ee55f160b9968b66013c3a3ef39dd7e5798?s=96&d=mm&r=g\",\"caption\":\"Jeanette\"},\"sameAs\":[\"https:\\\/\\\/www.eldiario.net\\\/portal\"],\"url\":\"https:\\\/\\\/www.eldiario.net\\\/portal\\\/author\\\/jeanette\\\/\"}]}<\/script>\n<!-- \/ Yoast SEO plugin. -->","yoast_head_json":{"title":"Machado cuestiona el acuerdo petrolero con r\u00e9gimen chavista - El Diario - Bolivia","robots":{"index":"index","follow":"follow","max-snippet":"max-snippet:-1","max-image-preview":"max-image-preview:large","max-video-preview":"max-video-preview:-1"},"canonical":"https:\/\/www.eldiario.net\/portal\/2026\/09\/04\/machado-cuestiona-el-acuerdo-petrolero-con-regimen-chavista-2\/","og_locale":"es_ES","og_type":"article","og_title":"Machado cuestiona el acuerdo petrolero con r\u00e9gimen chavista - El Diario - Bolivia","og_description":"La l\u00edder de la oposici\u00f3n venezolana, Mar\u00eda Corina Machado, cuestion\u00f3 el acuerdo petrolero de Estados Unidos con el gobierno interino de Venezuela, afirmando que los recursos naturales del pa\u00eds no pertenecen a \u201cun r\u00e9gimen ileg\u00edtimo\u201d. En sus primeras declaraciones p\u00fablicas desde que Trump anunciara el viernes pasado lo que \u00e9l denomin\u00f3 \u201cel mayor acuerdo petrolero [&hellip;]","og_url":"https:\/\/www.eldiario.net\/portal\/2026\/09\/04\/machado-cuestiona-el-acuerdo-petrolero-con-regimen-chavista-2\/","og_site_name":"El Diario - Bolivia","article_publisher":"https:\/\/www.facebook.com\/eldiario.bolivia\/","article_published_time":"2026-09-04T10:14:21+00:00","og_image":[{"width":620,"height":496,"url":"https:\/\/www.eldiario.net\/portal\/wp-content\/uploads\/2026\/09\/CORINA-Getty-Images.webp","type":"image\/webp"}],"author":"Jeanette","twitter_card":"summary_large_image","twitter_creator":"@eldiario_net","twitter_site":"@eldiario_net","twitter_misc":{"Escrito por":"Jeanette","Tiempo de lectura":"3 minutos"},"schema":{"@context":"https:\/\/schema.org","@graph":[{"@type":"Article","@id":"https:\/\/www.eldiario.net\/portal\/2026\/09\/04\/machado-cuestiona-el-acuerdo-petrolero-con-regimen-chavista-2\/#article","isPartOf":{"@id":"https:\/\/www.eldiario.net\/portal\/2026\/09\/04\/machado-cuestiona-el-acuerdo-petrolero-con-regimen-chavista-2\/"},"author":{"name":"Jeanette","@id":"https:\/\/www.eldiario.net\/portal\/#\/schema\/person\/2c57cf2b7a7ae032e449e4c9b1019eac"},"headline":"Machado cuestiona el acuerdo petrolero con r\u00e9gimen chavista","datePublished":"2026-09-04T10:14:21+00:00","mainEntityOfPage":{"@id":"https:\/\/www.eldiario.net\/portal\/2026\/09\/04\/machado-cuestiona-el-acuerdo-petrolero-con-regimen-chavista-2\/"},"wordCount":626,"publisher":{"@id":"https:\/\/www.eldiario.net\/portal\/#organization"},"image":{"@id":"https:\/\/www.eldiario.net\/portal\/2026\/09\/04\/machado-cuestiona-el-acuerdo-petrolero-con-regimen-chavista-2\/#primaryimage"},"thumbnailUrl":"https:\/\/www.eldiario.net\/portal\/wp-content\/uploads\/2026\/09\/CORINA-Getty-Images.webp","articleSection":["Internacional"],"inLanguage":"es"},{"@type":"WebPage","@id":"https:\/\/www.eldiario.net\/portal\/2026\/09\/04\/machado-cuestiona-el-acuerdo-petrolero-con-regimen-chavista-2\/","url":"https:\/\/www.eldiario.net\/portal\/2026\/09\/04\/machado-cuestiona-el-acuerdo-petrolero-con-regimen-chavista-2\/","name":"Machado cuestiona el acuerdo petrolero con r\u00e9gimen chavista - El Diario - Bolivia","isPartOf":{"@id":"https:\/\/www.eldiario.net\/portal\/#website"},"primaryImageOfPage":{"@id":"https:\/\/www.eldiario.net\/portal\/2026\/09\/04\/machado-cuestiona-el-acuerdo-petrolero-con-regimen-chavista-2\/#primaryimage"},"image":{"@id":"https:\/\/www.eldiario.net\/portal\/2026\/09\/04\/machado-cuestiona-el-acuerdo-petrolero-con-regimen-chavista-2\/#primaryimage"},"thumbnailUrl":"https:\/\/www.eldiario.net\/portal\/wp-content\/uploads\/2026\/09\/CORINA-Getty-Images.webp","datePublished":"2026-09-04T10:14:21+00:00","breadcrumb":{"@id":"https:\/\/www.eldiario.net\/portal\/2026\/09\/04\/machado-cuestiona-el-acuerdo-petrolero-con-regimen-chavista-2\/#breadcrumb"},"inLanguage":"es","potentialAction":[{"@type":"ReadAction","target":["https:\/\/www.eldiario.net\/portal\/2026\/09\/04\/machado-cuestiona-el-acuerdo-petrolero-con-regimen-chavista-2\/"]}]},{"@type":"ImageObject","inLanguage":"es","@id":"https:\/\/www.eldiario.net\/portal\/2026\/09\/04\/machado-cuestiona-el-acuerdo-petrolero-con-regimen-chavista-2\/#primaryimage","url":"https:\/\/www.eldiario.net\/portal\/wp-content\/uploads\/2026\/09\/CORINA-Getty-Images.webp","contentUrl":"https:\/\/www.eldiario.net\/portal\/wp-content\/uploads\/2026\/09\/CORINA-Getty-Images.webp","width":620,"height":496,"caption":"La Premio Nobel de la Paz, Mar\u00eda Corina Machado."},{"@type":"BreadcrumbList","@id":"https:\/\/www.eldiario.net\/portal\/2026\/09\/04\/machado-cuestiona-el-acuerdo-petrolero-con-regimen-chavista-2\/#breadcrumb","itemListElement":[{"@type":"ListItem","position":1,"name":"Portada","item":"https:\/\/www.eldiario.net\/portal\/"},{"@type":"ListItem","position":2,"name":"Machado cuestiona el acuerdo petrolero con r\u00e9gimen chavista"}]},{"@type":"WebSite","@id":"https:\/\/www.eldiario.net\/portal\/#website","url":"https:\/\/www.eldiario.net\/portal\/","name":"El Diario - Decano de la prensa nacional","description":"El Diario - Decano de la prensa nacional","publisher":{"@id":"https:\/\/www.eldiario.net\/portal\/#organization"},"potentialAction":[{"@type":"SearchAction","target":{"@type":"EntryPoint","urlTemplate":"https:\/\/www.eldiario.net\/portal\/?s={search_term_string}"},"query-input":{"@type":"PropertyValueSpecification","valueRequired":true,"valueName":"search_term_string"}}],"inLanguage":"es"},{"@type":"Organization","@id":"https:\/\/www.eldiario.net\/portal\/#organization","name":"El Diario - Decano de la prensa nacional","url":"https:\/\/www.eldiario.net\/portal\/","logo":{"@type":"ImageObject","inLanguage":"es","@id":"https:\/\/www.eldiario.net\/portal\/#\/schema\/logo\/image\/","url":"https:\/\/www.eldiario.net\/portal\/wp-content\/uploads\/2023\/07\/logo_ED.jpg","contentUrl":"https:\/\/www.eldiario.net\/portal\/wp-content\/uploads\/2023\/07\/logo_ED.jpg","width":272,"height":52,"caption":"El Diario - Decano de la prensa nacional"},"image":{"@id":"https:\/\/www.eldiario.net\/portal\/#\/schema\/logo\/image\/"},"sameAs":["https:\/\/www.facebook.com\/eldiario.bolivia\/","https:\/\/x.com\/eldiario_net"]},{"@type":"Person","@id":"https:\/\/www.eldiario.net\/portal\/#\/schema\/person\/2c57cf2b7a7ae032e449e4c9b1019eac","name":"Jeanette","image":{"@type":"ImageObject","inLanguage":"es","@id":"https:\/\/secure.gravatar.com\/avatar\/3ea2118a5f7dad2b7138b1187a6b7ee55f160b9968b66013c3a3ef39dd7e5798?s=96&d=mm&r=g","url":"https:\/\/secure.gravatar.com\/avatar\/3ea2118a5f7dad2b7138b1187a6b7ee55f160b9968b66013c3a3ef39dd7e5798?s=96&d=mm&r=g","contentUrl":"https:\/\/secure.gravatar.com\/avatar\/3ea2118a5f7dad2b7138b1187a6b7ee55f160b9968b66013c3a3ef39dd7e5798?s=96&d=mm&r=g","caption":"Jeanette"},"sameAs":["https:\/\/www.eldiario.net\/portal"],"url":"https:\/\/www.eldiario.net\/portal\/author\/jeanette\/"}]}},"_links":{"self":[{"href":"https:\/\/www.eldiario.net\/portal\/wp-json\/wp\/v2\/posts\/427567","targetHints":{"allow":["GET"]}}],"collection":[{"href":"https:\/\/www.eldiario.net\/portal\/wp-json\/wp\/v2\/posts"}],"about":[{"href":"https:\/\/www.eldiario.net\/portal\/wp-json\/wp\/v2\/types\/post"}],"author":[{"embeddable":true,"href":"https:\/\/www.eldiario.net\/portal\/wp-json\/wp\/v2\/users\/1"}],"replies":[{"embeddable":true,"href":"https:\/\/www.eldiario.net\/portal\/wp-json\/wp\/v2\/comments?post=427567"}],"version-history":[{"count":1,"href":"https:\/\/www.eldiario.net\/portal\/wp-json\/wp\/v2\/posts\/427567\/revisions"}],"predecessor-version":[{"id":427569,"href":"https:\/\/www.eldiario.net\/portal\/wp-json\/wp\/v2\/posts\/427567\/revisions\/427569"}],"wp:featuredmedia":[{"embeddable":true,"href":"https:\/\/www.eldiario.net\/portal\/wp-json\/wp\/v2\/media\/427568"}],"wp:attachment":[{"href":"https:\/\/www.eldiario.net\/portal\/wp-json\/wp\/v2\/media?parent=427567"}],"wp:term":[{"taxonomy":"category","embeddable":true,"href":"https:\/\/www.eldiario.net\/portal\/wp-json\/wp\/v2\/categories?post=427567"},{"taxonomy":"post_tag","embeddable":true,"href":"https:\/\/www.eldiario.net\/portal\/wp-json\/wp\/v2\/tags?post=427567"}],"curies":[{"name":"wp","href":"https:\/\/api.w.org\/{rel}","templated":true}]}}