{"id":427565,"date":"2026-09-04T06:13:54","date_gmt":"2026-09-04T10:13:54","guid":{"rendered":"https:\/\/www.eldiario.net\/portal\/?p=427565"},"modified":"2026-09-04T06:13:54","modified_gmt":"2026-09-04T10:13:54","slug":"naves-espaciales-de-europa-y-japon-se-acercan-a-mercurio-2","status":"publish","type":"post","link":"https:\/\/www.eldiario.net\/portal\/2026\/09\/04\/naves-espaciales-de-europa-y-japon-se-acercan-a-mercurio-2\/","title":{"rendered":"Naves espaciales de Europa y Jap\u00f3n se acercan a Mercurio"},"content":{"rendered":"<p>Dos naves espaciales con destino a Mercurio dejaron atr\u00e1s su nave nodriza ayer y encararon el tramo final de su viaje de casi una d\u00e9cada hacia el planeta m\u00e1s peque\u00f1o del sistema solar y el m\u00e1s cercano al Sol.<br \/>\nLas naves europea y japonesa, unidas entre s\u00ed, se separaron de su crucero como estaba previsto, pero los controladores tuvieron que esperar dos horas de ansiedad para recibir la confirmaci\u00f3n mediante se\u00f1ales de radio. La operaci\u00f3n crucial se transmiti\u00f3 desde el centro de control de la Agencia Espacial Europea en Alemania, a m\u00e1s de 200 millones de kil\u00f3metros (124 millones de millas) de distancia.<br \/>\n\u201cEs un momento brillante\u201d, afirm\u00f3 el cient\u00edfico principal del proyecto, Geraint Jones.<br \/>\nSi todo sale bien, las naves acopladas conocidas como BepiColombo entrar\u00e1n en \u00f3rbita alrededor de Mercurio en noviembre y se separar\u00e1n entre s\u00ed en diciembre para cartografiar y estudiar todo el planeta desde distintas altitudes. Hasta ayer, a la nave a\u00fan le faltaban 3,3 millones de kil\u00f3metros (2 millones de millas) para llegar a su destino.<br \/>\nLanzada en 2018, la misi\u00f3n BepiColombo lleva el nombre del matem\u00e1tico italiano que particip\u00f3 en la misi\u00f3n Mariner 10 de la NASA a Mercurio en la d\u00e9cada de 1970. S\u00f3lo otra nave espacial, la Messenger de la NASA, explor\u00f3 este desconcertante y abrasador planeta, apenas un poco m\u00e1s grande que nuestra Luna.<br \/>\n\u201cLo diminuto que es Mercurio y aun as\u00ed alberga algunos de los mayores misterios de nuestro sistema solar\u201d, coment\u00f3 la directora de la misi\u00f3n, Santa Martinez, a principios de semana.<br \/>\nJones agreg\u00f3: \u201cTodav\u00eda queda much\u00edsimo por aprender\u201d.<br \/>\nBepiColombo ya recorri\u00f3 m\u00e1s de 10.000 millones de kil\u00f3metros (6.000 millones de millas) en su ruta indirecta, seg\u00fan Martinez.<br \/>\nNecesit\u00f3 nueve sobrevuelos planetarios para reducir lo suficiente su energ\u00eda como para quedar atrapada en la \u00f3rbita de Mercurio. El \u00faltimo sobrevuelo, en enero de 2025, arroj\u00f3 fotos impresionantes de los cr\u00e1teres de impacto y las llanuras volc\u00e1nicas de Mercurio.<br \/>\nA partir de la pr\u00f3xima primavera, una bater\u00eda de instrumentos cient\u00edficos en las naves europea y japonesa estudiar\u00e1 el campo magn\u00e9tico que envuelve a Mercurio, el denso interior del planeta y los procesos geol\u00f3gicos en la superficie, incluidos los \u201chuecos\u201d, o depresiones, que los cient\u00edficos creen que est\u00e1n siendo erosionados por minerales que se vaporizan de las rocas.<br \/>\nEs un mundo extra\u00f1o de contrastes. En un planeta donde la temperatura puede superar los 427 grados Celsius (800 grados Fahrenheit), los polos son g\u00e9lidos, con cr\u00e1teres profundos y permanentemente en sombra, repletos de hielo.<br \/>\nDada la proximidad de Mercurio al Sol, los ingenieros tuvieron que dise\u00f1ar la nave para resistir condiciones \u201cextremadamente implacables\u201d, detall\u00f3 Ignacio Tanco, de la Agencia Espacial Europea, jefe de operaciones de la misi\u00f3n.<br \/>\n\u201cEs, en esencia, equivalente a operar con un horno de pizza muy caliente funcionando justo en tu espalda\u201d, explic\u00f3 Tanco.<br \/>\nLas observaciones cient\u00edficas deber\u00e1n iniciar la pr\u00f3xima primavera, y la Agencia Espacial Europea cubrir\u00e1 la mayor parte del costo de la misi\u00f3n, de 2.000 millones de d\u00f3lares (1.700 millones de euros). (Independent)<\/p>\n<p>&nbsp;<\/p>\n","protected":false},"excerpt":{"rendered":"<p>Dos naves espaciales con destino a Mercurio dejaron atr\u00e1s su nave nodriza ayer y encararon el tramo final de su viaje de casi una d\u00e9cada hacia el planeta m\u00e1s peque\u00f1o del sistema solar y el m\u00e1s cercano al Sol. Las naves europea y japonesa, unidas entre s\u00ed, se separaron de su crucero como estaba previsto, [&hellip;]<\/p>\n","protected":false},"author":1,"featured_media":194703,"comment_status":"closed","ping_status":"open","sticky":false,"template":"","format":"standard","meta":{"_acf_changed":false,"footnotes":""},"categories":[3],"tags":[],"class_list":["post-427565","post","type-post","status-publish","format-standard","has-post-thumbnail","category-internacional"],"acf":{"antetitulo":""},"yoast_head":"<!-- This site is optimized with the Yoast SEO plugin v28.4 - https:\/\/yoast.com\/product\/yoast-seo-wordpress\/ -->\n<title>Naves espaciales de Europa y Jap\u00f3n se acercan a Mercurio - El Diario - Bolivia<\/title>\n<meta name=\"robots\" content=\"index, follow, max-snippet:-1, max-image-preview:large, max-video-preview:-1\" \/>\n<link rel=\"canonical\" href=\"https:\/\/www.eldiario.net\/portal\/2026\/09\/04\/naves-espaciales-de-europa-y-japon-se-acercan-a-mercurio-2\/\" \/>\n<meta property=\"og:locale\" content=\"es_ES\" \/>\n<meta property=\"og:type\" content=\"article\" \/>\n<meta property=\"og:title\" content=\"Naves espaciales de Europa y Jap\u00f3n se acercan a Mercurio - El Diario - Bolivia\" \/>\n<meta property=\"og:description\" content=\"Dos naves espaciales con destino a Mercurio dejaron atr\u00e1s su nave nodriza ayer y encararon el tramo final de su viaje de casi una d\u00e9cada hacia el planeta m\u00e1s peque\u00f1o del sistema solar y el m\u00e1s cercano al Sol. Las naves europea y japonesa, unidas entre s\u00ed, se separaron de su crucero como estaba previsto, [&hellip;]\" \/>\n<meta property=\"og:url\" content=\"https:\/\/www.eldiario.net\/portal\/2026\/09\/04\/naves-espaciales-de-europa-y-japon-se-acercan-a-mercurio-2\/\" \/>\n<meta property=\"og:site_name\" content=\"El Diario - Bolivia\" \/>\n<meta property=\"article:publisher\" content=\"https:\/\/www.facebook.com\/eldiario.bolivia\/\" \/>\n<meta property=\"article:published_time\" content=\"2026-09-04T10:13:54+00:00\" \/>\n<meta property=\"og:image\" content=\"https:\/\/www.eldiario.net\/portal\/wp-content\/uploads\/2023\/12\/Internacional.jpg\" \/>\n\t<meta property=\"og:image:width\" content=\"800\" \/>\n\t<meta property=\"og:image:height\" content=\"500\" \/>\n\t<meta property=\"og:image:type\" content=\"image\/jpeg\" \/>\n<meta name=\"author\" content=\"Jeanette\" \/>\n<meta name=\"twitter:card\" content=\"summary_large_image\" \/>\n<meta name=\"twitter:creator\" content=\"@eldiario_net\" \/>\n<meta name=\"twitter:site\" content=\"@eldiario_net\" \/>\n<meta name=\"twitter:label1\" content=\"Escrito por\" \/>\n\t<meta name=\"twitter:data1\" content=\"Jeanette\" \/>\n\t<meta name=\"twitter:label2\" content=\"Tiempo de lectura\" \/>\n\t<meta name=\"twitter:data2\" content=\"3 minutos\" \/>\n<script type=\"application\/ld+json\" class=\"yoast-schema-graph\">{\"@context\":\"https:\\\/\\\/schema.org\",\"@graph\":[{\"@type\":\"Article\",\"@id\":\"https:\\\/\\\/www.eldiario.net\\\/portal\\\/2026\\\/09\\\/04\\\/naves-espaciales-de-europa-y-japon-se-acercan-a-mercurio-2\\\/#article\",\"isPartOf\":{\"@id\":\"https:\\\/\\\/www.eldiario.net\\\/portal\\\/2026\\\/09\\\/04\\\/naves-espaciales-de-europa-y-japon-se-acercan-a-mercurio-2\\\/\"},\"author\":{\"name\":\"Jeanette\",\"@id\":\"https:\\\/\\\/www.eldiario.net\\\/portal\\\/#\\\/schema\\\/person\\\/f46445640444750d7d753ccd04ae01b7\"},\"headline\":\"Naves espaciales de Europa y Jap\u00f3n se acercan a Mercurio\",\"datePublished\":\"2026-09-04T10:13:54+00:00\",\"mainEntityOfPage\":{\"@id\":\"https:\\\/\\\/www.eldiario.net\\\/portal\\\/2026\\\/09\\\/04\\\/naves-espaciales-de-europa-y-japon-se-acercan-a-mercurio-2\\\/\"},\"wordCount\":542,\"publisher\":{\"@id\":\"https:\\\/\\\/www.eldiario.net\\\/portal\\\/#organization\"},\"image\":{\"@id\":\"https:\\\/\\\/www.eldiario.net\\\/portal\\\/2026\\\/09\\\/04\\\/naves-espaciales-de-europa-y-japon-se-acercan-a-mercurio-2\\\/#primaryimage\"},\"thumbnailUrl\":\"https:\\\/\\\/www.eldiario.net\\\/portal\\\/wp-content\\\/uploads\\\/2023\\\/12\\\/Internacional.jpg\",\"articleSection\":[\"Internacional\"],\"inLanguage\":\"es\"},{\"@type\":\"WebPage\",\"@id\":\"https:\\\/\\\/www.eldiario.net\\\/portal\\\/2026\\\/09\\\/04\\\/naves-espaciales-de-europa-y-japon-se-acercan-a-mercurio-2\\\/\",\"url\":\"https:\\\/\\\/www.eldiario.net\\\/portal\\\/2026\\\/09\\\/04\\\/naves-espaciales-de-europa-y-japon-se-acercan-a-mercurio-2\\\/\",\"name\":\"Naves espaciales de Europa y Jap\u00f3n se acercan a Mercurio - El Diario - Bolivia\",\"isPartOf\":{\"@id\":\"https:\\\/\\\/www.eldiario.net\\\/portal\\\/#website\"},\"primaryImageOfPage\":{\"@id\":\"https:\\\/\\\/www.eldiario.net\\\/portal\\\/2026\\\/09\\\/04\\\/naves-espaciales-de-europa-y-japon-se-acercan-a-mercurio-2\\\/#primaryimage\"},\"image\":{\"@id\":\"https:\\\/\\\/www.eldiario.net\\\/portal\\\/2026\\\/09\\\/04\\\/naves-espaciales-de-europa-y-japon-se-acercan-a-mercurio-2\\\/#primaryimage\"},\"thumbnailUrl\":\"https:\\\/\\\/www.eldiario.net\\\/portal\\\/wp-content\\\/uploads\\\/2023\\\/12\\\/Internacional.jpg\",\"datePublished\":\"2026-09-04T10:13:54+00:00\",\"breadcrumb\":{\"@id\":\"https:\\\/\\\/www.eldiario.net\\\/portal\\\/2026\\\/09\\\/04\\\/naves-espaciales-de-europa-y-japon-se-acercan-a-mercurio-2\\\/#breadcrumb\"},\"inLanguage\":\"es\",\"potentialAction\":[{\"@type\":\"ReadAction\",\"target\":[\"https:\\\/\\\/www.eldiario.net\\\/portal\\\/2026\\\/09\\\/04\\\/naves-espaciales-de-europa-y-japon-se-acercan-a-mercurio-2\\\/\"]}]},{\"@type\":\"ImageObject\",\"inLanguage\":\"es\",\"@id\":\"https:\\\/\\\/www.eldiario.net\\\/portal\\\/2026\\\/09\\\/04\\\/naves-espaciales-de-europa-y-japon-se-acercan-a-mercurio-2\\\/#primaryimage\",\"url\":\"https:\\\/\\\/www.eldiario.net\\\/portal\\\/wp-content\\\/uploads\\\/2023\\\/12\\\/Internacional.jpg\",\"contentUrl\":\"https:\\\/\\\/www.eldiario.net\\\/portal\\\/wp-content\\\/uploads\\\/2023\\\/12\\\/Internacional.jpg\",\"width\":800,\"height\":500},{\"@type\":\"BreadcrumbList\",\"@id\":\"https:\\\/\\\/www.eldiario.net\\\/portal\\\/2026\\\/09\\\/04\\\/naves-espaciales-de-europa-y-japon-se-acercan-a-mercurio-2\\\/#breadcrumb\",\"itemListElement\":[{\"@type\":\"ListItem\",\"position\":1,\"name\":\"Portada\",\"item\":\"https:\\\/\\\/www.eldiario.net\\\/portal\\\/\"},{\"@type\":\"ListItem\",\"position\":2,\"name\":\"Naves espaciales de Europa y Jap\u00f3n se acercan a Mercurio\"}]},{\"@type\":\"WebSite\",\"@id\":\"https:\\\/\\\/www.eldiario.net\\\/portal\\\/#website\",\"url\":\"https:\\\/\\\/www.eldiario.net\\\/portal\\\/\",\"name\":\"El Diario - Decano de la prensa nacional\",\"description\":\"El Diario - Decano de la prensa nacional\",\"publisher\":{\"@id\":\"https:\\\/\\\/www.eldiario.net\\\/portal\\\/#organization\"},\"potentialAction\":[{\"@type\":\"SearchAction\",\"target\":{\"@type\":\"EntryPoint\",\"urlTemplate\":\"https:\\\/\\\/www.eldiario.net\\\/portal\\\/?s={search_term_string}\"},\"query-input\":{\"@type\":\"PropertyValueSpecification\",\"valueRequired\":true,\"valueName\":\"search_term_string\"}}],\"inLanguage\":\"es\"},{\"@type\":\"Organization\",\"@id\":\"https:\\\/\\\/www.eldiario.net\\\/portal\\\/#organization\",\"name\":\"El Diario - Decano de la prensa nacional\",\"url\":\"https:\\\/\\\/www.eldiario.net\\\/portal\\\/\",\"logo\":{\"@type\":\"ImageObject\",\"inLanguage\":\"es\",\"@id\":\"https:\\\/\\\/www.eldiario.net\\\/portal\\\/#\\\/schema\\\/logo\\\/image\\\/\",\"url\":\"https:\\\/\\\/www.eldiario.net\\\/portal\\\/wp-content\\\/uploads\\\/2023\\\/07\\\/logo_ED.jpg\",\"contentUrl\":\"https:\\\/\\\/www.eldiario.net\\\/portal\\\/wp-content\\\/uploads\\\/2023\\\/07\\\/logo_ED.jpg\",\"width\":272,\"height\":52,\"caption\":\"El Diario - Decano de la prensa nacional\"},\"image\":{\"@id\":\"https:\\\/\\\/www.eldiario.net\\\/portal\\\/#\\\/schema\\\/logo\\\/image\\\/\"},\"sameAs\":[\"https:\\\/\\\/www.facebook.com\\\/eldiario.bolivia\\\/\",\"https:\\\/\\\/x.com\\\/eldiario_net\"]},{\"@type\":\"Person\",\"@id\":\"https:\\\/\\\/www.eldiario.net\\\/portal\\\/#\\\/schema\\\/person\\\/f46445640444750d7d753ccd04ae01b7\",\"name\":\"Jeanette\",\"image\":{\"@type\":\"ImageObject\",\"inLanguage\":\"es\",\"@id\":\"https:\\\/\\\/secure.gravatar.com\\\/avatar\\\/3ea2118a5f7dad2b7138b1187a6b7ee55f160b9968b66013c3a3ef39dd7e5798?s=96&d=mm&r=g\",\"url\":\"https:\\\/\\\/secure.gravatar.com\\\/avatar\\\/3ea2118a5f7dad2b7138b1187a6b7ee55f160b9968b66013c3a3ef39dd7e5798?s=96&d=mm&r=g\",\"contentUrl\":\"https:\\\/\\\/secure.gravatar.com\\\/avatar\\\/3ea2118a5f7dad2b7138b1187a6b7ee55f160b9968b66013c3a3ef39dd7e5798?s=96&d=mm&r=g\",\"caption\":\"Jeanette\"},\"sameAs\":[\"https:\\\/\\\/www.eldiario.net\\\/portal\"],\"url\":\"https:\\\/\\\/www.eldiario.net\\\/portal\\\/author\\\/jeanette\\\/\"}]}<\/script>\n<!-- \/ Yoast SEO plugin. -->","yoast_head_json":{"title":"Naves espaciales de Europa y Jap\u00f3n se acercan a Mercurio - El Diario - Bolivia","robots":{"index":"index","follow":"follow","max-snippet":"max-snippet:-1","max-image-preview":"max-image-preview:large","max-video-preview":"max-video-preview:-1"},"canonical":"https:\/\/www.eldiario.net\/portal\/2026\/09\/04\/naves-espaciales-de-europa-y-japon-se-acercan-a-mercurio-2\/","og_locale":"es_ES","og_type":"article","og_title":"Naves espaciales de Europa y Jap\u00f3n se acercan a Mercurio - El Diario - Bolivia","og_description":"Dos naves espaciales con destino a Mercurio dejaron atr\u00e1s su nave nodriza ayer y encararon el tramo final de su viaje de casi una d\u00e9cada hacia el planeta m\u00e1s peque\u00f1o del sistema solar y el m\u00e1s cercano al Sol. Las naves europea y japonesa, unidas entre s\u00ed, se separaron de su crucero como estaba previsto, [&hellip;]","og_url":"https:\/\/www.eldiario.net\/portal\/2026\/09\/04\/naves-espaciales-de-europa-y-japon-se-acercan-a-mercurio-2\/","og_site_name":"El Diario - Bolivia","article_publisher":"https:\/\/www.facebook.com\/eldiario.bolivia\/","article_published_time":"2026-09-04T10:13:54+00:00","og_image":[{"width":800,"height":500,"url":"https:\/\/www.eldiario.net\/portal\/wp-content\/uploads\/2023\/12\/Internacional.jpg","type":"image\/jpeg"}],"author":"Jeanette","twitter_card":"summary_large_image","twitter_creator":"@eldiario_net","twitter_site":"@eldiario_net","twitter_misc":{"Escrito por":"Jeanette","Tiempo de lectura":"3 minutos"},"schema":{"@context":"https:\/\/schema.org","@graph":[{"@type":"Article","@id":"https:\/\/www.eldiario.net\/portal\/2026\/09\/04\/naves-espaciales-de-europa-y-japon-se-acercan-a-mercurio-2\/#article","isPartOf":{"@id":"https:\/\/www.eldiario.net\/portal\/2026\/09\/04\/naves-espaciales-de-europa-y-japon-se-acercan-a-mercurio-2\/"},"author":{"name":"Jeanette","@id":"https:\/\/www.eldiario.net\/portal\/#\/schema\/person\/f46445640444750d7d753ccd04ae01b7"},"headline":"Naves espaciales de Europa y Jap\u00f3n se acercan a Mercurio","datePublished":"2026-09-04T10:13:54+00:00","mainEntityOfPage":{"@id":"https:\/\/www.eldiario.net\/portal\/2026\/09\/04\/naves-espaciales-de-europa-y-japon-se-acercan-a-mercurio-2\/"},"wordCount":542,"publisher":{"@id":"https:\/\/www.eldiario.net\/portal\/#organization"},"image":{"@id":"https:\/\/www.eldiario.net\/portal\/2026\/09\/04\/naves-espaciales-de-europa-y-japon-se-acercan-a-mercurio-2\/#primaryimage"},"thumbnailUrl":"https:\/\/www.eldiario.net\/portal\/wp-content\/uploads\/2023\/12\/Internacional.jpg","articleSection":["Internacional"],"inLanguage":"es"},{"@type":"WebPage","@id":"https:\/\/www.eldiario.net\/portal\/2026\/09\/04\/naves-espaciales-de-europa-y-japon-se-acercan-a-mercurio-2\/","url":"https:\/\/www.eldiario.net\/portal\/2026\/09\/04\/naves-espaciales-de-europa-y-japon-se-acercan-a-mercurio-2\/","name":"Naves espaciales de Europa y Jap\u00f3n se acercan a Mercurio - El Diario - Bolivia","isPartOf":{"@id":"https:\/\/www.eldiario.net\/portal\/#website"},"primaryImageOfPage":{"@id":"https:\/\/www.eldiario.net\/portal\/2026\/09\/04\/naves-espaciales-de-europa-y-japon-se-acercan-a-mercurio-2\/#primaryimage"},"image":{"@id":"https:\/\/www.eldiario.net\/portal\/2026\/09\/04\/naves-espaciales-de-europa-y-japon-se-acercan-a-mercurio-2\/#primaryimage"},"thumbnailUrl":"https:\/\/www.eldiario.net\/portal\/wp-content\/uploads\/2023\/12\/Internacional.jpg","datePublished":"2026-09-04T10:13:54+00:00","breadcrumb":{"@id":"https:\/\/www.eldiario.net\/portal\/2026\/09\/04\/naves-espaciales-de-europa-y-japon-se-acercan-a-mercurio-2\/#breadcrumb"},"inLanguage":"es","potentialAction":[{"@type":"ReadAction","target":["https:\/\/www.eldiario.net\/portal\/2026\/09\/04\/naves-espaciales-de-europa-y-japon-se-acercan-a-mercurio-2\/"]}]},{"@type":"ImageObject","inLanguage":"es","@id":"https:\/\/www.eldiario.net\/portal\/2026\/09\/04\/naves-espaciales-de-europa-y-japon-se-acercan-a-mercurio-2\/#primaryimage","url":"https:\/\/www.eldiario.net\/portal\/wp-content\/uploads\/2023\/12\/Internacional.jpg","contentUrl":"https:\/\/www.eldiario.net\/portal\/wp-content\/uploads\/2023\/12\/Internacional.jpg","width":800,"height":500},{"@type":"BreadcrumbList","@id":"https:\/\/www.eldiario.net\/portal\/2026\/09\/04\/naves-espaciales-de-europa-y-japon-se-acercan-a-mercurio-2\/#breadcrumb","itemListElement":[{"@type":"ListItem","position":1,"name":"Portada","item":"https:\/\/www.eldiario.net\/portal\/"},{"@type":"ListItem","position":2,"name":"Naves espaciales de Europa y Jap\u00f3n se acercan a Mercurio"}]},{"@type":"WebSite","@id":"https:\/\/www.eldiario.net\/portal\/#website","url":"https:\/\/www.eldiario.net\/portal\/","name":"El Diario - Decano de la prensa nacional","description":"El Diario - Decano de la prensa nacional","publisher":{"@id":"https:\/\/www.eldiario.net\/portal\/#organization"},"potentialAction":[{"@type":"SearchAction","target":{"@type":"EntryPoint","urlTemplate":"https:\/\/www.eldiario.net\/portal\/?s={search_term_string}"},"query-input":{"@type":"PropertyValueSpecification","valueRequired":true,"valueName":"search_term_string"}}],"inLanguage":"es"},{"@type":"Organization","@id":"https:\/\/www.eldiario.net\/portal\/#organization","name":"El Diario - Decano de la prensa nacional","url":"https:\/\/www.eldiario.net\/portal\/","logo":{"@type":"ImageObject","inLanguage":"es","@id":"https:\/\/www.eldiario.net\/portal\/#\/schema\/logo\/image\/","url":"https:\/\/www.eldiario.net\/portal\/wp-content\/uploads\/2023\/07\/logo_ED.jpg","contentUrl":"https:\/\/www.eldiario.net\/portal\/wp-content\/uploads\/2023\/07\/logo_ED.jpg","width":272,"height":52,"caption":"El Diario - Decano de la prensa nacional"},"image":{"@id":"https:\/\/www.eldiario.net\/portal\/#\/schema\/logo\/image\/"},"sameAs":["https:\/\/www.facebook.com\/eldiario.bolivia\/","https:\/\/x.com\/eldiario_net"]},{"@type":"Person","@id":"https:\/\/www.eldiario.net\/portal\/#\/schema\/person\/f46445640444750d7d753ccd04ae01b7","name":"Jeanette","image":{"@type":"ImageObject","inLanguage":"es","@id":"https:\/\/secure.gravatar.com\/avatar\/3ea2118a5f7dad2b7138b1187a6b7ee55f160b9968b66013c3a3ef39dd7e5798?s=96&d=mm&r=g","url":"https:\/\/secure.gravatar.com\/avatar\/3ea2118a5f7dad2b7138b1187a6b7ee55f160b9968b66013c3a3ef39dd7e5798?s=96&d=mm&r=g","contentUrl":"https:\/\/secure.gravatar.com\/avatar\/3ea2118a5f7dad2b7138b1187a6b7ee55f160b9968b66013c3a3ef39dd7e5798?s=96&d=mm&r=g","caption":"Jeanette"},"sameAs":["https:\/\/www.eldiario.net\/portal"],"url":"https:\/\/www.eldiario.net\/portal\/author\/jeanette\/"}]}},"_links":{"self":[{"href":"https:\/\/www.eldiario.net\/portal\/wp-json\/wp\/v2\/posts\/427565","targetHints":{"allow":["GET"]}}],"collection":[{"href":"https:\/\/www.eldiario.net\/portal\/wp-json\/wp\/v2\/posts"}],"about":[{"href":"https:\/\/www.eldiario.net\/portal\/wp-json\/wp\/v2\/types\/post"}],"author":[{"embeddable":true,"href":"https:\/\/www.eldiario.net\/portal\/wp-json\/wp\/v2\/users\/1"}],"replies":[{"embeddable":true,"href":"https:\/\/www.eldiario.net\/portal\/wp-json\/wp\/v2\/comments?post=427565"}],"version-history":[{"count":1,"href":"https:\/\/www.eldiario.net\/portal\/wp-json\/wp\/v2\/posts\/427565\/revisions"}],"predecessor-version":[{"id":427566,"href":"https:\/\/www.eldiario.net\/portal\/wp-json\/wp\/v2\/posts\/427565\/revisions\/427566"}],"wp:featuredmedia":[{"embeddable":true,"href":"https:\/\/www.eldiario.net\/portal\/wp-json\/wp\/v2\/media\/194703"}],"wp:attachment":[{"href":"https:\/\/www.eldiario.net\/portal\/wp-json\/wp\/v2\/media?parent=427565"}],"wp:term":[{"taxonomy":"category","embeddable":true,"href":"https:\/\/www.eldiario.net\/portal\/wp-json\/wp\/v2\/categories?post=427565"},{"taxonomy":"post_tag","embeddable":true,"href":"https:\/\/www.eldiario.net\/portal\/wp-json\/wp\/v2\/tags?post=427565"}],"curies":[{"name":"wp","href":"https:\/\/api.w.org\/{rel}","templated":true}]}}