{"id":427562,"date":"2026-09-04T06:13:22","date_gmt":"2026-09-04T10:13:22","guid":{"rendered":"https:\/\/www.eldiario.net\/portal\/?p=427562"},"modified":"2026-09-04T06:13:22","modified_gmt":"2026-09-04T10:13:22","slug":"burnham-y-macron-conversan-de-ucrania-y-migracion-ilegal","status":"publish","type":"post","link":"https:\/\/www.eldiario.net\/portal\/2026\/09\/04\/burnham-y-macron-conversan-de-ucrania-y-migracion-ilegal\/","title":{"rendered":"Burnham y Macron conversan de Ucrania y migraci\u00f3n ilegal"},"content":{"rendered":"<p>El primer ministro de Reino Unido, Andy Burnham, y el presidente de Francia, Emmanuel Macron, abordar\u00f3n ayer c\u00f3mo combatir la llegada irregular de migrantes desde Francia a Inglaterra por el canal de la Mancha, as\u00ed como el apoyo a Ucrania, en su primera reuni\u00f3n bilateral en Downing Street.<br \/>\nMacron y su esposa Brigitte realizan una visita de dos d\u00edas al Reino Unido con motivo del traslado a Londres, por primera vez en casi mil a\u00f1os, del emblem\u00e1tico Tapiz de Bayeux, una obra de 70 metros de largo que describe la conquista normanda de Inglaterra en 1066.<br \/>\nLos reyes brit\u00e1nicos, Carlos III y Camila, inauguraron el mi\u00e9rcoles, junto a la pareja francesa, la exposici\u00f3n de la valiosa pieza en el Museo Brit\u00e1nico, donde se mostrar\u00e1 al p\u00fablico desde el 10 de septiembre como s\u00edmbolo de la relaci\u00f3n amistosa entre ambos pa\u00edses.<br \/>\nSe prev\u00e9 que Burnham, que tambi\u00e9n asisti\u00f3 al acto en la instituci\u00f3n londinense, reciba a Macron en su residencia oficial de Downing Street a partir de las 11:00 horas (10:00 GMT) para almorzar juntos y abordar asuntos de inter\u00e9s com\u00fan.<br \/>\nSer\u00e1 la primera cita pol\u00edtica entre ambos desde que Burnham asumi\u00f3 el liderazgo del Partido Laborista y el cargo de primer ministro el pasado 20 de julio, en sustituci\u00f3n de Keir Starmer.<br \/>\nSeg\u00fan un comunicado, los l\u00edderes analizar\u00e1n una mayor cooperaci\u00f3n para combatir las llegadas de inmigrantes en botes por el canal de la Mancha, que se redujeron a su nivel m\u00e1s bajo desde 2020 tras la firma en abril de un acuerdo por el que Londres pagar\u00e1 766 millones de euros a Par\u00eds en tres a\u00f1os para reforzar la seguridad costera.<br \/>\nLos dos mandatarios tambi\u00e9n analizar\u00e1n c\u00f3mo Europa puede incrementar su apoyo a Ucrania de cara al invierno y avanzar en los esfuerzos para reabrir el estrecho de Ormuz, en medio del aumento de las tensiones entre Estados Unidos e Ir\u00e1n en Oriente Medio.<br \/>\nBurnham subrayar\u00e1 tambi\u00e9n que la cooperaci\u00f3n con la Uni\u00f3n Europea es clave para impulsar la econom\u00eda brit\u00e1nica, que contin\u00faa estancada y registra un crecimiento d\u00e9bil.<br \/>\nAntes de la reuni\u00f3n, el jefe del Ejecutivo afirm\u00f3 que, pese a los avances, en la cuesti\u00f3n de la inmigraci\u00f3n \u201cno se puede bajar la guardia\u201d, ya que \u201clas bandas de traficantes est\u00e1n adaptando constantemente sus t\u00e1cticas\u201d. (Dw)<br \/>\n\u201cLa crisis de las peque\u00f1as embarcaciones es un desaf\u00edo europeo compartido y ning\u00fan pa\u00eds puede resolverlo por s\u00ed solo\u201d, sostuvo el dirigente laborista sobre uno de los asuntos clave de la pol\u00edtica brit\u00e1nica.(Dw)<\/p>\n","protected":false},"excerpt":{"rendered":"<p>El primer ministro de Reino Unido, Andy Burnham, y el presidente de Francia, Emmanuel Macron, abordar\u00f3n ayer c\u00f3mo combatir la llegada irregular de migrantes desde Francia a Inglaterra por el canal de la Mancha, as\u00ed como el apoyo a Ucrania, en su primera reuni\u00f3n bilateral en Downing Street. Macron y su esposa Brigitte realizan una [&hellip;]<\/p>\n","protected":false},"author":1,"featured_media":427563,"comment_status":"closed","ping_status":"open","sticky":false,"template":"","format":"standard","meta":{"_acf_changed":false,"footnotes":""},"categories":[3],"tags":[],"class_list":["post-427562","post","type-post","status-publish","format-standard","has-post-thumbnail","category-internacional"],"acf":{"antetitulo":"Reino Unido"},"yoast_head":"<!-- This site is optimized with the Yoast SEO plugin v28.4 - https:\/\/yoast.com\/product\/yoast-seo-wordpress\/ -->\n<title>Burnham y Macron conversan de Ucrania y migraci\u00f3n ilegal - El Diario - Bolivia<\/title>\n<meta name=\"robots\" content=\"index, follow, max-snippet:-1, max-image-preview:large, max-video-preview:-1\" \/>\n<link rel=\"canonical\" href=\"https:\/\/www.eldiario.net\/portal\/2026\/09\/04\/burnham-y-macron-conversan-de-ucrania-y-migracion-ilegal\/\" \/>\n<meta property=\"og:locale\" content=\"es_ES\" \/>\n<meta property=\"og:type\" content=\"article\" \/>\n<meta property=\"og:title\" content=\"Burnham y Macron conversan de Ucrania y migraci\u00f3n ilegal - El Diario - Bolivia\" \/>\n<meta property=\"og:description\" content=\"El primer ministro de Reino Unido, Andy Burnham, y el presidente de Francia, Emmanuel Macron, abordar\u00f3n ayer c\u00f3mo combatir la llegada irregular de migrantes desde Francia a Inglaterra por el canal de la Mancha, as\u00ed como el apoyo a Ucrania, en su primera reuni\u00f3n bilateral en Downing Street. Macron y su esposa Brigitte realizan una [&hellip;]\" \/>\n<meta property=\"og:url\" content=\"https:\/\/www.eldiario.net\/portal\/2026\/09\/04\/burnham-y-macron-conversan-de-ucrania-y-migracion-ilegal\/\" \/>\n<meta property=\"og:site_name\" content=\"El Diario - Bolivia\" \/>\n<meta property=\"article:publisher\" content=\"https:\/\/www.facebook.com\/eldiario.bolivia\/\" \/>\n<meta property=\"article:published_time\" content=\"2026-09-04T10:13:22+00:00\" \/>\n<meta property=\"og:image\" content=\"https:\/\/www.eldiario.net\/portal\/wp-content\/uploads\/2026\/09\/REINO-Reuters.webp\" \/>\n\t<meta property=\"og:image:width\" content=\"1200\" \/>\n\t<meta property=\"og:image:height\" content=\"525\" \/>\n\t<meta property=\"og:image:type\" content=\"image\/webp\" \/>\n<meta name=\"author\" content=\"Jeanette\" \/>\n<meta name=\"twitter:card\" content=\"summary_large_image\" \/>\n<meta name=\"twitter:creator\" content=\"@eldiario_net\" \/>\n<meta name=\"twitter:site\" content=\"@eldiario_net\" \/>\n<meta name=\"twitter:label1\" content=\"Escrito por\" \/>\n\t<meta name=\"twitter:data1\" content=\"Jeanette\" \/>\n\t<meta name=\"twitter:label2\" content=\"Tiempo de lectura\" \/>\n\t<meta name=\"twitter:data2\" content=\"3 minutos\" \/>\n<script type=\"application\/ld+json\" class=\"yoast-schema-graph\">{\"@context\":\"https:\\\/\\\/schema.org\",\"@graph\":[{\"@type\":\"Article\",\"@id\":\"https:\\\/\\\/www.eldiario.net\\\/portal\\\/2026\\\/09\\\/04\\\/burnham-y-macron-conversan-de-ucrania-y-migracion-ilegal\\\/#article\",\"isPartOf\":{\"@id\":\"https:\\\/\\\/www.eldiario.net\\\/portal\\\/2026\\\/09\\\/04\\\/burnham-y-macron-conversan-de-ucrania-y-migracion-ilegal\\\/\"},\"author\":{\"name\":\"Jeanette\",\"@id\":\"https:\\\/\\\/www.eldiario.net\\\/portal\\\/#\\\/schema\\\/person\\\/f46445640444750d7d753ccd04ae01b7\"},\"headline\":\"Burnham y Macron conversan de Ucrania y migraci\u00f3n ilegal\",\"datePublished\":\"2026-09-04T10:13:22+00:00\",\"mainEntityOfPage\":{\"@id\":\"https:\\\/\\\/www.eldiario.net\\\/portal\\\/2026\\\/09\\\/04\\\/burnham-y-macron-conversan-de-ucrania-y-migracion-ilegal\\\/\"},\"wordCount\":463,\"publisher\":{\"@id\":\"https:\\\/\\\/www.eldiario.net\\\/portal\\\/#organization\"},\"image\":{\"@id\":\"https:\\\/\\\/www.eldiario.net\\\/portal\\\/2026\\\/09\\\/04\\\/burnham-y-macron-conversan-de-ucrania-y-migracion-ilegal\\\/#primaryimage\"},\"thumbnailUrl\":\"https:\\\/\\\/www.eldiario.net\\\/portal\\\/wp-content\\\/uploads\\\/2026\\\/09\\\/REINO-Reuters.webp\",\"articleSection\":[\"Internacional\"],\"inLanguage\":\"es\"},{\"@type\":\"WebPage\",\"@id\":\"https:\\\/\\\/www.eldiario.net\\\/portal\\\/2026\\\/09\\\/04\\\/burnham-y-macron-conversan-de-ucrania-y-migracion-ilegal\\\/\",\"url\":\"https:\\\/\\\/www.eldiario.net\\\/portal\\\/2026\\\/09\\\/04\\\/burnham-y-macron-conversan-de-ucrania-y-migracion-ilegal\\\/\",\"name\":\"Burnham y Macron conversan de Ucrania y migraci\u00f3n ilegal - El Diario - Bolivia\",\"isPartOf\":{\"@id\":\"https:\\\/\\\/www.eldiario.net\\\/portal\\\/#website\"},\"primaryImageOfPage\":{\"@id\":\"https:\\\/\\\/www.eldiario.net\\\/portal\\\/2026\\\/09\\\/04\\\/burnham-y-macron-conversan-de-ucrania-y-migracion-ilegal\\\/#primaryimage\"},\"image\":{\"@id\":\"https:\\\/\\\/www.eldiario.net\\\/portal\\\/2026\\\/09\\\/04\\\/burnham-y-macron-conversan-de-ucrania-y-migracion-ilegal\\\/#primaryimage\"},\"thumbnailUrl\":\"https:\\\/\\\/www.eldiario.net\\\/portal\\\/wp-content\\\/uploads\\\/2026\\\/09\\\/REINO-Reuters.webp\",\"datePublished\":\"2026-09-04T10:13:22+00:00\",\"breadcrumb\":{\"@id\":\"https:\\\/\\\/www.eldiario.net\\\/portal\\\/2026\\\/09\\\/04\\\/burnham-y-macron-conversan-de-ucrania-y-migracion-ilegal\\\/#breadcrumb\"},\"inLanguage\":\"es\",\"potentialAction\":[{\"@type\":\"ReadAction\",\"target\":[\"https:\\\/\\\/www.eldiario.net\\\/portal\\\/2026\\\/09\\\/04\\\/burnham-y-macron-conversan-de-ucrania-y-migracion-ilegal\\\/\"]}]},{\"@type\":\"ImageObject\",\"inLanguage\":\"es\",\"@id\":\"https:\\\/\\\/www.eldiario.net\\\/portal\\\/2026\\\/09\\\/04\\\/burnham-y-macron-conversan-de-ucrania-y-migracion-ilegal\\\/#primaryimage\",\"url\":\"https:\\\/\\\/www.eldiario.net\\\/portal\\\/wp-content\\\/uploads\\\/2026\\\/09\\\/REINO-Reuters.webp\",\"contentUrl\":\"https:\\\/\\\/www.eldiario.net\\\/portal\\\/wp-content\\\/uploads\\\/2026\\\/09\\\/REINO-Reuters.webp\",\"width\":1200,\"height\":525,\"caption\":\"El primer ministro brit\u00e1nico, Andy Burnham y el presidente franc\u00e9s, Emmanuel Macron.\"},{\"@type\":\"BreadcrumbList\",\"@id\":\"https:\\\/\\\/www.eldiario.net\\\/portal\\\/2026\\\/09\\\/04\\\/burnham-y-macron-conversan-de-ucrania-y-migracion-ilegal\\\/#breadcrumb\",\"itemListElement\":[{\"@type\":\"ListItem\",\"position\":1,\"name\":\"Portada\",\"item\":\"https:\\\/\\\/www.eldiario.net\\\/portal\\\/\"},{\"@type\":\"ListItem\",\"position\":2,\"name\":\"Burnham y Macron conversan de Ucrania y migraci\u00f3n ilegal\"}]},{\"@type\":\"WebSite\",\"@id\":\"https:\\\/\\\/www.eldiario.net\\\/portal\\\/#website\",\"url\":\"https:\\\/\\\/www.eldiario.net\\\/portal\\\/\",\"name\":\"El Diario - Decano de la prensa nacional\",\"description\":\"El Diario - Decano de la prensa nacional\",\"publisher\":{\"@id\":\"https:\\\/\\\/www.eldiario.net\\\/portal\\\/#organization\"},\"potentialAction\":[{\"@type\":\"SearchAction\",\"target\":{\"@type\":\"EntryPoint\",\"urlTemplate\":\"https:\\\/\\\/www.eldiario.net\\\/portal\\\/?s={search_term_string}\"},\"query-input\":{\"@type\":\"PropertyValueSpecification\",\"valueRequired\":true,\"valueName\":\"search_term_string\"}}],\"inLanguage\":\"es\"},{\"@type\":\"Organization\",\"@id\":\"https:\\\/\\\/www.eldiario.net\\\/portal\\\/#organization\",\"name\":\"El Diario - Decano de la prensa nacional\",\"url\":\"https:\\\/\\\/www.eldiario.net\\\/portal\\\/\",\"logo\":{\"@type\":\"ImageObject\",\"inLanguage\":\"es\",\"@id\":\"https:\\\/\\\/www.eldiario.net\\\/portal\\\/#\\\/schema\\\/logo\\\/image\\\/\",\"url\":\"https:\\\/\\\/www.eldiario.net\\\/portal\\\/wp-content\\\/uploads\\\/2023\\\/07\\\/logo_ED.jpg\",\"contentUrl\":\"https:\\\/\\\/www.eldiario.net\\\/portal\\\/wp-content\\\/uploads\\\/2023\\\/07\\\/logo_ED.jpg\",\"width\":272,\"height\":52,\"caption\":\"El Diario - Decano de la prensa nacional\"},\"image\":{\"@id\":\"https:\\\/\\\/www.eldiario.net\\\/portal\\\/#\\\/schema\\\/logo\\\/image\\\/\"},\"sameAs\":[\"https:\\\/\\\/www.facebook.com\\\/eldiario.bolivia\\\/\",\"https:\\\/\\\/x.com\\\/eldiario_net\"]},{\"@type\":\"Person\",\"@id\":\"https:\\\/\\\/www.eldiario.net\\\/portal\\\/#\\\/schema\\\/person\\\/f46445640444750d7d753ccd04ae01b7\",\"name\":\"Jeanette\",\"image\":{\"@type\":\"ImageObject\",\"inLanguage\":\"es\",\"@id\":\"https:\\\/\\\/secure.gravatar.com\\\/avatar\\\/3ea2118a5f7dad2b7138b1187a6b7ee55f160b9968b66013c3a3ef39dd7e5798?s=96&d=mm&r=g\",\"url\":\"https:\\\/\\\/secure.gravatar.com\\\/avatar\\\/3ea2118a5f7dad2b7138b1187a6b7ee55f160b9968b66013c3a3ef39dd7e5798?s=96&d=mm&r=g\",\"contentUrl\":\"https:\\\/\\\/secure.gravatar.com\\\/avatar\\\/3ea2118a5f7dad2b7138b1187a6b7ee55f160b9968b66013c3a3ef39dd7e5798?s=96&d=mm&r=g\",\"caption\":\"Jeanette\"},\"sameAs\":[\"https:\\\/\\\/www.eldiario.net\\\/portal\"],\"url\":\"https:\\\/\\\/www.eldiario.net\\\/portal\\\/author\\\/jeanette\\\/\"}]}<\/script>\n<!-- \/ Yoast SEO plugin. -->","yoast_head_json":{"title":"Burnham y Macron conversan de Ucrania y migraci\u00f3n ilegal - El Diario - Bolivia","robots":{"index":"index","follow":"follow","max-snippet":"max-snippet:-1","max-image-preview":"max-image-preview:large","max-video-preview":"max-video-preview:-1"},"canonical":"https:\/\/www.eldiario.net\/portal\/2026\/09\/04\/burnham-y-macron-conversan-de-ucrania-y-migracion-ilegal\/","og_locale":"es_ES","og_type":"article","og_title":"Burnham y Macron conversan de Ucrania y migraci\u00f3n ilegal - El Diario - Bolivia","og_description":"El primer ministro de Reino Unido, Andy Burnham, y el presidente de Francia, Emmanuel Macron, abordar\u00f3n ayer c\u00f3mo combatir la llegada irregular de migrantes desde Francia a Inglaterra por el canal de la Mancha, as\u00ed como el apoyo a Ucrania, en su primera reuni\u00f3n bilateral en Downing Street. Macron y su esposa Brigitte realizan una [&hellip;]","og_url":"https:\/\/www.eldiario.net\/portal\/2026\/09\/04\/burnham-y-macron-conversan-de-ucrania-y-migracion-ilegal\/","og_site_name":"El Diario - Bolivia","article_publisher":"https:\/\/www.facebook.com\/eldiario.bolivia\/","article_published_time":"2026-09-04T10:13:22+00:00","og_image":[{"width":1200,"height":525,"url":"https:\/\/www.eldiario.net\/portal\/wp-content\/uploads\/2026\/09\/REINO-Reuters.webp","type":"image\/webp"}],"author":"Jeanette","twitter_card":"summary_large_image","twitter_creator":"@eldiario_net","twitter_site":"@eldiario_net","twitter_misc":{"Escrito por":"Jeanette","Tiempo de lectura":"3 minutos"},"schema":{"@context":"https:\/\/schema.org","@graph":[{"@type":"Article","@id":"https:\/\/www.eldiario.net\/portal\/2026\/09\/04\/burnham-y-macron-conversan-de-ucrania-y-migracion-ilegal\/#article","isPartOf":{"@id":"https:\/\/www.eldiario.net\/portal\/2026\/09\/04\/burnham-y-macron-conversan-de-ucrania-y-migracion-ilegal\/"},"author":{"name":"Jeanette","@id":"https:\/\/www.eldiario.net\/portal\/#\/schema\/person\/f46445640444750d7d753ccd04ae01b7"},"headline":"Burnham y Macron conversan de Ucrania y migraci\u00f3n ilegal","datePublished":"2026-09-04T10:13:22+00:00","mainEntityOfPage":{"@id":"https:\/\/www.eldiario.net\/portal\/2026\/09\/04\/burnham-y-macron-conversan-de-ucrania-y-migracion-ilegal\/"},"wordCount":463,"publisher":{"@id":"https:\/\/www.eldiario.net\/portal\/#organization"},"image":{"@id":"https:\/\/www.eldiario.net\/portal\/2026\/09\/04\/burnham-y-macron-conversan-de-ucrania-y-migracion-ilegal\/#primaryimage"},"thumbnailUrl":"https:\/\/www.eldiario.net\/portal\/wp-content\/uploads\/2026\/09\/REINO-Reuters.webp","articleSection":["Internacional"],"inLanguage":"es"},{"@type":"WebPage","@id":"https:\/\/www.eldiario.net\/portal\/2026\/09\/04\/burnham-y-macron-conversan-de-ucrania-y-migracion-ilegal\/","url":"https:\/\/www.eldiario.net\/portal\/2026\/09\/04\/burnham-y-macron-conversan-de-ucrania-y-migracion-ilegal\/","name":"Burnham y Macron conversan de Ucrania y migraci\u00f3n ilegal - El Diario - Bolivia","isPartOf":{"@id":"https:\/\/www.eldiario.net\/portal\/#website"},"primaryImageOfPage":{"@id":"https:\/\/www.eldiario.net\/portal\/2026\/09\/04\/burnham-y-macron-conversan-de-ucrania-y-migracion-ilegal\/#primaryimage"},"image":{"@id":"https:\/\/www.eldiario.net\/portal\/2026\/09\/04\/burnham-y-macron-conversan-de-ucrania-y-migracion-ilegal\/#primaryimage"},"thumbnailUrl":"https:\/\/www.eldiario.net\/portal\/wp-content\/uploads\/2026\/09\/REINO-Reuters.webp","datePublished":"2026-09-04T10:13:22+00:00","breadcrumb":{"@id":"https:\/\/www.eldiario.net\/portal\/2026\/09\/04\/burnham-y-macron-conversan-de-ucrania-y-migracion-ilegal\/#breadcrumb"},"inLanguage":"es","potentialAction":[{"@type":"ReadAction","target":["https:\/\/www.eldiario.net\/portal\/2026\/09\/04\/burnham-y-macron-conversan-de-ucrania-y-migracion-ilegal\/"]}]},{"@type":"ImageObject","inLanguage":"es","@id":"https:\/\/www.eldiario.net\/portal\/2026\/09\/04\/burnham-y-macron-conversan-de-ucrania-y-migracion-ilegal\/#primaryimage","url":"https:\/\/www.eldiario.net\/portal\/wp-content\/uploads\/2026\/09\/REINO-Reuters.webp","contentUrl":"https:\/\/www.eldiario.net\/portal\/wp-content\/uploads\/2026\/09\/REINO-Reuters.webp","width":1200,"height":525,"caption":"El primer ministro brit\u00e1nico, Andy Burnham y el presidente franc\u00e9s, Emmanuel Macron."},{"@type":"BreadcrumbList","@id":"https:\/\/www.eldiario.net\/portal\/2026\/09\/04\/burnham-y-macron-conversan-de-ucrania-y-migracion-ilegal\/#breadcrumb","itemListElement":[{"@type":"ListItem","position":1,"name":"Portada","item":"https:\/\/www.eldiario.net\/portal\/"},{"@type":"ListItem","position":2,"name":"Burnham y Macron conversan de Ucrania y migraci\u00f3n ilegal"}]},{"@type":"WebSite","@id":"https:\/\/www.eldiario.net\/portal\/#website","url":"https:\/\/www.eldiario.net\/portal\/","name":"El Diario - Decano de la prensa nacional","description":"El Diario - Decano de la prensa nacional","publisher":{"@id":"https:\/\/www.eldiario.net\/portal\/#organization"},"potentialAction":[{"@type":"SearchAction","target":{"@type":"EntryPoint","urlTemplate":"https:\/\/www.eldiario.net\/portal\/?s={search_term_string}"},"query-input":{"@type":"PropertyValueSpecification","valueRequired":true,"valueName":"search_term_string"}}],"inLanguage":"es"},{"@type":"Organization","@id":"https:\/\/www.eldiario.net\/portal\/#organization","name":"El Diario - Decano de la prensa nacional","url":"https:\/\/www.eldiario.net\/portal\/","logo":{"@type":"ImageObject","inLanguage":"es","@id":"https:\/\/www.eldiario.net\/portal\/#\/schema\/logo\/image\/","url":"https:\/\/www.eldiario.net\/portal\/wp-content\/uploads\/2023\/07\/logo_ED.jpg","contentUrl":"https:\/\/www.eldiario.net\/portal\/wp-content\/uploads\/2023\/07\/logo_ED.jpg","width":272,"height":52,"caption":"El Diario - Decano de la prensa nacional"},"image":{"@id":"https:\/\/www.eldiario.net\/portal\/#\/schema\/logo\/image\/"},"sameAs":["https:\/\/www.facebook.com\/eldiario.bolivia\/","https:\/\/x.com\/eldiario_net"]},{"@type":"Person","@id":"https:\/\/www.eldiario.net\/portal\/#\/schema\/person\/f46445640444750d7d753ccd04ae01b7","name":"Jeanette","image":{"@type":"ImageObject","inLanguage":"es","@id":"https:\/\/secure.gravatar.com\/avatar\/3ea2118a5f7dad2b7138b1187a6b7ee55f160b9968b66013c3a3ef39dd7e5798?s=96&d=mm&r=g","url":"https:\/\/secure.gravatar.com\/avatar\/3ea2118a5f7dad2b7138b1187a6b7ee55f160b9968b66013c3a3ef39dd7e5798?s=96&d=mm&r=g","contentUrl":"https:\/\/secure.gravatar.com\/avatar\/3ea2118a5f7dad2b7138b1187a6b7ee55f160b9968b66013c3a3ef39dd7e5798?s=96&d=mm&r=g","caption":"Jeanette"},"sameAs":["https:\/\/www.eldiario.net\/portal"],"url":"https:\/\/www.eldiario.net\/portal\/author\/jeanette\/"}]}},"_links":{"self":[{"href":"https:\/\/www.eldiario.net\/portal\/wp-json\/wp\/v2\/posts\/427562","targetHints":{"allow":["GET"]}}],"collection":[{"href":"https:\/\/www.eldiario.net\/portal\/wp-json\/wp\/v2\/posts"}],"about":[{"href":"https:\/\/www.eldiario.net\/portal\/wp-json\/wp\/v2\/types\/post"}],"author":[{"embeddable":true,"href":"https:\/\/www.eldiario.net\/portal\/wp-json\/wp\/v2\/users\/1"}],"replies":[{"embeddable":true,"href":"https:\/\/www.eldiario.net\/portal\/wp-json\/wp\/v2\/comments?post=427562"}],"version-history":[{"count":1,"href":"https:\/\/www.eldiario.net\/portal\/wp-json\/wp\/v2\/posts\/427562\/revisions"}],"predecessor-version":[{"id":427564,"href":"https:\/\/www.eldiario.net\/portal\/wp-json\/wp\/v2\/posts\/427562\/revisions\/427564"}],"wp:featuredmedia":[{"embeddable":true,"href":"https:\/\/www.eldiario.net\/portal\/wp-json\/wp\/v2\/media\/427563"}],"wp:attachment":[{"href":"https:\/\/www.eldiario.net\/portal\/wp-json\/wp\/v2\/media?parent=427562"}],"wp:term":[{"taxonomy":"category","embeddable":true,"href":"https:\/\/www.eldiario.net\/portal\/wp-json\/wp\/v2\/categories?post=427562"},{"taxonomy":"post_tag","embeddable":true,"href":"https:\/\/www.eldiario.net\/portal\/wp-json\/wp\/v2\/tags?post=427562"}],"curies":[{"name":"wp","href":"https:\/\/api.w.org\/{rel}","templated":true}]}}