{"id":427547,"date":"2026-09-04T06:08:48","date_gmt":"2026-09-04T10:08:48","guid":{"rendered":"https:\/\/www.eldiario.net\/portal\/?p=427547"},"modified":"2026-09-04T07:22:22","modified_gmt":"2026-09-04T11:22:22","slug":"anuncian-estudios-para-dos-nuevas-lineas-de-teleferico","status":"publish","type":"post","link":"https:\/\/www.eldiario.net\/portal\/2026\/09\/04\/anuncian-estudios-para-dos-nuevas-lineas-de-teleferico\/","title":{"rendered":"Anuncian estudios para dos  nuevas l\u00edneas de telef\u00e9rico"},"content":{"rendered":"<p>El presidente Rodrigo Paz anunci\u00f3 ayer que el Gobierno ya consigui\u00f3 recursos para realizar los estudios de factibilidad de dos nuevas l\u00edneas de Mi Telef\u00e9rico en El Alto, aunque aclar\u00f3 que el proyecto a\u00fan debe cumplir procesos administrativos antes de su ejecuci\u00f3n. Actualmente, Mi Telef\u00e9rico cuenta con 10 l\u00edneas en operaci\u00f3n<br \/>\nEl mandatario vincul\u00f3 la posibilidad de construir m\u00e1s l\u00edneas con la generaci\u00f3n de recursos provenientes de los hidrocarburos y la miner\u00eda.<br \/>\n\u201cSi conseguimos gas y la miner\u00eda nos da platita, va a ser m\u00e1s f\u00e1cil construir telef\u00e9ricos, no dos, tres, cuatro, cinco\u201d, sostuvo.<\/p>\n<p>&nbsp;<\/p>\n","protected":false},"excerpt":{"rendered":"<p>El presidente Rodrigo Paz anunci\u00f3 ayer que el Gobierno ya consigui\u00f3 recursos para realizar los estudios de factibilidad de dos nuevas l\u00edneas de Mi Telef\u00e9rico en El Alto, aunque aclar\u00f3 que el proyecto a\u00fan debe cumplir procesos administrativos antes de su ejecuci\u00f3n. Actualmente, Mi Telef\u00e9rico cuenta con 10 l\u00edneas en operaci\u00f3n El mandatario vincul\u00f3 la [&hellip;]<\/p>\n","protected":false},"author":1,"featured_media":427653,"comment_status":"closed","ping_status":"open","sticky":false,"template":"","format":"standard","meta":{"_acf_changed":false,"footnotes":""},"categories":[15],"tags":[],"class_list":["post-427547","post","type-post","status-publish","format-standard","has-post-thumbnail","category-portada"],"acf":{"antetitulo":"En El Alto"},"yoast_head":"<!-- This site is optimized with the Yoast SEO plugin v28.4 - https:\/\/yoast.com\/product\/yoast-seo-wordpress\/ -->\n<title>Anuncian estudios para dos nuevas l\u00edneas de telef\u00e9rico - El Diario - Bolivia<\/title>\n<meta name=\"robots\" content=\"index, follow, max-snippet:-1, max-image-preview:large, max-video-preview:-1\" \/>\n<link rel=\"canonical\" href=\"https:\/\/www.eldiario.net\/portal\/2026\/09\/04\/anuncian-estudios-para-dos-nuevas-lineas-de-teleferico\/\" \/>\n<meta property=\"og:locale\" content=\"es_ES\" \/>\n<meta property=\"og:type\" content=\"article\" \/>\n<meta property=\"og:title\" content=\"Anuncian estudios para dos nuevas l\u00edneas de telef\u00e9rico - El Diario - Bolivia\" \/>\n<meta property=\"og:description\" content=\"El presidente Rodrigo Paz anunci\u00f3 ayer que el Gobierno ya consigui\u00f3 recursos para realizar los estudios de factibilidad de dos nuevas l\u00edneas de Mi Telef\u00e9rico en El Alto, aunque aclar\u00f3 que el proyecto a\u00fan debe cumplir procesos administrativos antes de su ejecuci\u00f3n. Actualmente, Mi Telef\u00e9rico cuenta con 10 l\u00edneas en operaci\u00f3n El mandatario vincul\u00f3 la [&hellip;]\" \/>\n<meta property=\"og:url\" content=\"https:\/\/www.eldiario.net\/portal\/2026\/09\/04\/anuncian-estudios-para-dos-nuevas-lineas-de-teleferico\/\" \/>\n<meta property=\"og:site_name\" content=\"El Diario - Bolivia\" \/>\n<meta property=\"article:publisher\" content=\"https:\/\/www.facebook.com\/eldiario.bolivia\/\" \/>\n<meta property=\"article:published_time\" content=\"2026-09-04T10:08:48+00:00\" \/>\n<meta property=\"article:modified_time\" content=\"2026-09-04T11:22:22+00:00\" \/>\n<meta property=\"og:image\" content=\"https:\/\/www.eldiario.net\/portal\/wp-content\/uploads\/2026\/09\/teleferico-El-Alto-copia.webp\" \/>\n\t<meta property=\"og:image:width\" content=\"1100\" \/>\n\t<meta property=\"og:image:height\" content=\"728\" \/>\n\t<meta property=\"og:image:type\" content=\"image\/webp\" \/>\n<meta name=\"author\" content=\"Jeanette\" \/>\n<meta name=\"twitter:card\" content=\"summary_large_image\" \/>\n<meta name=\"twitter:creator\" content=\"@eldiario_net\" \/>\n<meta name=\"twitter:site\" content=\"@eldiario_net\" \/>\n<meta name=\"twitter:label1\" content=\"Escrito por\" \/>\n\t<meta name=\"twitter:data1\" content=\"Jeanette\" \/>\n\t<meta name=\"twitter:label2\" content=\"Tiempo de lectura\" \/>\n\t<meta name=\"twitter:data2\" content=\"1 minuto\" \/>\n<script type=\"application\/ld+json\" class=\"yoast-schema-graph\">{\"@context\":\"https:\\\/\\\/schema.org\",\"@graph\":[{\"@type\":\"Article\",\"@id\":\"https:\\\/\\\/www.eldiario.net\\\/portal\\\/2026\\\/09\\\/04\\\/anuncian-estudios-para-dos-nuevas-lineas-de-teleferico\\\/#article\",\"isPartOf\":{\"@id\":\"https:\\\/\\\/www.eldiario.net\\\/portal\\\/2026\\\/09\\\/04\\\/anuncian-estudios-para-dos-nuevas-lineas-de-teleferico\\\/\"},\"author\":{\"name\":\"Jeanette\",\"@id\":\"https:\\\/\\\/www.eldiario.net\\\/portal\\\/#\\\/schema\\\/person\\\/f46445640444750d7d753ccd04ae01b7\"},\"headline\":\"Anuncian estudios para dos nuevas l\u00edneas de telef\u00e9rico\",\"datePublished\":\"2026-09-04T10:08:48+00:00\",\"dateModified\":\"2026-09-04T11:22:22+00:00\",\"mainEntityOfPage\":{\"@id\":\"https:\\\/\\\/www.eldiario.net\\\/portal\\\/2026\\\/09\\\/04\\\/anuncian-estudios-para-dos-nuevas-lineas-de-teleferico\\\/\"},\"wordCount\":119,\"publisher\":{\"@id\":\"https:\\\/\\\/www.eldiario.net\\\/portal\\\/#organization\"},\"image\":{\"@id\":\"https:\\\/\\\/www.eldiario.net\\\/portal\\\/2026\\\/09\\\/04\\\/anuncian-estudios-para-dos-nuevas-lineas-de-teleferico\\\/#primaryimage\"},\"thumbnailUrl\":\"https:\\\/\\\/www.eldiario.net\\\/portal\\\/wp-content\\\/uploads\\\/2026\\\/09\\\/teleferico-El-Alto-copia.webp\",\"articleSection\":[\"Portada\"],\"inLanguage\":\"es\"},{\"@type\":\"WebPage\",\"@id\":\"https:\\\/\\\/www.eldiario.net\\\/portal\\\/2026\\\/09\\\/04\\\/anuncian-estudios-para-dos-nuevas-lineas-de-teleferico\\\/\",\"url\":\"https:\\\/\\\/www.eldiario.net\\\/portal\\\/2026\\\/09\\\/04\\\/anuncian-estudios-para-dos-nuevas-lineas-de-teleferico\\\/\",\"name\":\"Anuncian estudios para dos nuevas l\u00edneas de telef\u00e9rico - El Diario - Bolivia\",\"isPartOf\":{\"@id\":\"https:\\\/\\\/www.eldiario.net\\\/portal\\\/#website\"},\"primaryImageOfPage\":{\"@id\":\"https:\\\/\\\/www.eldiario.net\\\/portal\\\/2026\\\/09\\\/04\\\/anuncian-estudios-para-dos-nuevas-lineas-de-teleferico\\\/#primaryimage\"},\"image\":{\"@id\":\"https:\\\/\\\/www.eldiario.net\\\/portal\\\/2026\\\/09\\\/04\\\/anuncian-estudios-para-dos-nuevas-lineas-de-teleferico\\\/#primaryimage\"},\"thumbnailUrl\":\"https:\\\/\\\/www.eldiario.net\\\/portal\\\/wp-content\\\/uploads\\\/2026\\\/09\\\/teleferico-El-Alto-copia.webp\",\"datePublished\":\"2026-09-04T10:08:48+00:00\",\"dateModified\":\"2026-09-04T11:22:22+00:00\",\"breadcrumb\":{\"@id\":\"https:\\\/\\\/www.eldiario.net\\\/portal\\\/2026\\\/09\\\/04\\\/anuncian-estudios-para-dos-nuevas-lineas-de-teleferico\\\/#breadcrumb\"},\"inLanguage\":\"es\",\"potentialAction\":[{\"@type\":\"ReadAction\",\"target\":[\"https:\\\/\\\/www.eldiario.net\\\/portal\\\/2026\\\/09\\\/04\\\/anuncian-estudios-para-dos-nuevas-lineas-de-teleferico\\\/\"]}]},{\"@type\":\"ImageObject\",\"inLanguage\":\"es\",\"@id\":\"https:\\\/\\\/www.eldiario.net\\\/portal\\\/2026\\\/09\\\/04\\\/anuncian-estudios-para-dos-nuevas-lineas-de-teleferico\\\/#primaryimage\",\"url\":\"https:\\\/\\\/www.eldiario.net\\\/portal\\\/wp-content\\\/uploads\\\/2026\\\/09\\\/teleferico-El-Alto-copia.webp\",\"contentUrl\":\"https:\\\/\\\/www.eldiario.net\\\/portal\\\/wp-content\\\/uploads\\\/2026\\\/09\\\/teleferico-El-Alto-copia.webp\",\"width\":1100,\"height\":728},{\"@type\":\"BreadcrumbList\",\"@id\":\"https:\\\/\\\/www.eldiario.net\\\/portal\\\/2026\\\/09\\\/04\\\/anuncian-estudios-para-dos-nuevas-lineas-de-teleferico\\\/#breadcrumb\",\"itemListElement\":[{\"@type\":\"ListItem\",\"position\":1,\"name\":\"Portada\",\"item\":\"https:\\\/\\\/www.eldiario.net\\\/portal\\\/\"},{\"@type\":\"ListItem\",\"position\":2,\"name\":\"Anuncian estudios para dos nuevas l\u00edneas de telef\u00e9rico\"}]},{\"@type\":\"WebSite\",\"@id\":\"https:\\\/\\\/www.eldiario.net\\\/portal\\\/#website\",\"url\":\"https:\\\/\\\/www.eldiario.net\\\/portal\\\/\",\"name\":\"El Diario - Decano de la prensa nacional\",\"description\":\"El Diario - Decano de la prensa nacional\",\"publisher\":{\"@id\":\"https:\\\/\\\/www.eldiario.net\\\/portal\\\/#organization\"},\"potentialAction\":[{\"@type\":\"SearchAction\",\"target\":{\"@type\":\"EntryPoint\",\"urlTemplate\":\"https:\\\/\\\/www.eldiario.net\\\/portal\\\/?s={search_term_string}\"},\"query-input\":{\"@type\":\"PropertyValueSpecification\",\"valueRequired\":true,\"valueName\":\"search_term_string\"}}],\"inLanguage\":\"es\"},{\"@type\":\"Organization\",\"@id\":\"https:\\\/\\\/www.eldiario.net\\\/portal\\\/#organization\",\"name\":\"El Diario - Decano de la prensa nacional\",\"url\":\"https:\\\/\\\/www.eldiario.net\\\/portal\\\/\",\"logo\":{\"@type\":\"ImageObject\",\"inLanguage\":\"es\",\"@id\":\"https:\\\/\\\/www.eldiario.net\\\/portal\\\/#\\\/schema\\\/logo\\\/image\\\/\",\"url\":\"https:\\\/\\\/www.eldiario.net\\\/portal\\\/wp-content\\\/uploads\\\/2023\\\/07\\\/logo_ED.jpg\",\"contentUrl\":\"https:\\\/\\\/www.eldiario.net\\\/portal\\\/wp-content\\\/uploads\\\/2023\\\/07\\\/logo_ED.jpg\",\"width\":272,\"height\":52,\"caption\":\"El Diario - Decano de la prensa nacional\"},\"image\":{\"@id\":\"https:\\\/\\\/www.eldiario.net\\\/portal\\\/#\\\/schema\\\/logo\\\/image\\\/\"},\"sameAs\":[\"https:\\\/\\\/www.facebook.com\\\/eldiario.bolivia\\\/\",\"https:\\\/\\\/x.com\\\/eldiario_net\"]},{\"@type\":\"Person\",\"@id\":\"https:\\\/\\\/www.eldiario.net\\\/portal\\\/#\\\/schema\\\/person\\\/f46445640444750d7d753ccd04ae01b7\",\"name\":\"Jeanette\",\"image\":{\"@type\":\"ImageObject\",\"inLanguage\":\"es\",\"@id\":\"https:\\\/\\\/secure.gravatar.com\\\/avatar\\\/3ea2118a5f7dad2b7138b1187a6b7ee55f160b9968b66013c3a3ef39dd7e5798?s=96&d=mm&r=g\",\"url\":\"https:\\\/\\\/secure.gravatar.com\\\/avatar\\\/3ea2118a5f7dad2b7138b1187a6b7ee55f160b9968b66013c3a3ef39dd7e5798?s=96&d=mm&r=g\",\"contentUrl\":\"https:\\\/\\\/secure.gravatar.com\\\/avatar\\\/3ea2118a5f7dad2b7138b1187a6b7ee55f160b9968b66013c3a3ef39dd7e5798?s=96&d=mm&r=g\",\"caption\":\"Jeanette\"},\"sameAs\":[\"https:\\\/\\\/www.eldiario.net\\\/portal\"],\"url\":\"https:\\\/\\\/www.eldiario.net\\\/portal\\\/author\\\/jeanette\\\/\"}]}<\/script>\n<!-- \/ Yoast SEO plugin. -->","yoast_head_json":{"title":"Anuncian estudios para dos nuevas l\u00edneas de telef\u00e9rico - El Diario - Bolivia","robots":{"index":"index","follow":"follow","max-snippet":"max-snippet:-1","max-image-preview":"max-image-preview:large","max-video-preview":"max-video-preview:-1"},"canonical":"https:\/\/www.eldiario.net\/portal\/2026\/09\/04\/anuncian-estudios-para-dos-nuevas-lineas-de-teleferico\/","og_locale":"es_ES","og_type":"article","og_title":"Anuncian estudios para dos nuevas l\u00edneas de telef\u00e9rico - El Diario - Bolivia","og_description":"El presidente Rodrigo Paz anunci\u00f3 ayer que el Gobierno ya consigui\u00f3 recursos para realizar los estudios de factibilidad de dos nuevas l\u00edneas de Mi Telef\u00e9rico en El Alto, aunque aclar\u00f3 que el proyecto a\u00fan debe cumplir procesos administrativos antes de su ejecuci\u00f3n. Actualmente, Mi Telef\u00e9rico cuenta con 10 l\u00edneas en operaci\u00f3n El mandatario vincul\u00f3 la [&hellip;]","og_url":"https:\/\/www.eldiario.net\/portal\/2026\/09\/04\/anuncian-estudios-para-dos-nuevas-lineas-de-teleferico\/","og_site_name":"El Diario - Bolivia","article_publisher":"https:\/\/www.facebook.com\/eldiario.bolivia\/","article_published_time":"2026-09-04T10:08:48+00:00","article_modified_time":"2026-09-04T11:22:22+00:00","og_image":[{"width":1100,"height":728,"url":"https:\/\/www.eldiario.net\/portal\/wp-content\/uploads\/2026\/09\/teleferico-El-Alto-copia.webp","type":"image\/webp"}],"author":"Jeanette","twitter_card":"summary_large_image","twitter_creator":"@eldiario_net","twitter_site":"@eldiario_net","twitter_misc":{"Escrito por":"Jeanette","Tiempo de lectura":"1 minuto"},"schema":{"@context":"https:\/\/schema.org","@graph":[{"@type":"Article","@id":"https:\/\/www.eldiario.net\/portal\/2026\/09\/04\/anuncian-estudios-para-dos-nuevas-lineas-de-teleferico\/#article","isPartOf":{"@id":"https:\/\/www.eldiario.net\/portal\/2026\/09\/04\/anuncian-estudios-para-dos-nuevas-lineas-de-teleferico\/"},"author":{"name":"Jeanette","@id":"https:\/\/www.eldiario.net\/portal\/#\/schema\/person\/f46445640444750d7d753ccd04ae01b7"},"headline":"Anuncian estudios para dos nuevas l\u00edneas de telef\u00e9rico","datePublished":"2026-09-04T10:08:48+00:00","dateModified":"2026-09-04T11:22:22+00:00","mainEntityOfPage":{"@id":"https:\/\/www.eldiario.net\/portal\/2026\/09\/04\/anuncian-estudios-para-dos-nuevas-lineas-de-teleferico\/"},"wordCount":119,"publisher":{"@id":"https:\/\/www.eldiario.net\/portal\/#organization"},"image":{"@id":"https:\/\/www.eldiario.net\/portal\/2026\/09\/04\/anuncian-estudios-para-dos-nuevas-lineas-de-teleferico\/#primaryimage"},"thumbnailUrl":"https:\/\/www.eldiario.net\/portal\/wp-content\/uploads\/2026\/09\/teleferico-El-Alto-copia.webp","articleSection":["Portada"],"inLanguage":"es"},{"@type":"WebPage","@id":"https:\/\/www.eldiario.net\/portal\/2026\/09\/04\/anuncian-estudios-para-dos-nuevas-lineas-de-teleferico\/","url":"https:\/\/www.eldiario.net\/portal\/2026\/09\/04\/anuncian-estudios-para-dos-nuevas-lineas-de-teleferico\/","name":"Anuncian estudios para dos nuevas l\u00edneas de telef\u00e9rico - El Diario - Bolivia","isPartOf":{"@id":"https:\/\/www.eldiario.net\/portal\/#website"},"primaryImageOfPage":{"@id":"https:\/\/www.eldiario.net\/portal\/2026\/09\/04\/anuncian-estudios-para-dos-nuevas-lineas-de-teleferico\/#primaryimage"},"image":{"@id":"https:\/\/www.eldiario.net\/portal\/2026\/09\/04\/anuncian-estudios-para-dos-nuevas-lineas-de-teleferico\/#primaryimage"},"thumbnailUrl":"https:\/\/www.eldiario.net\/portal\/wp-content\/uploads\/2026\/09\/teleferico-El-Alto-copia.webp","datePublished":"2026-09-04T10:08:48+00:00","dateModified":"2026-09-04T11:22:22+00:00","breadcrumb":{"@id":"https:\/\/www.eldiario.net\/portal\/2026\/09\/04\/anuncian-estudios-para-dos-nuevas-lineas-de-teleferico\/#breadcrumb"},"inLanguage":"es","potentialAction":[{"@type":"ReadAction","target":["https:\/\/www.eldiario.net\/portal\/2026\/09\/04\/anuncian-estudios-para-dos-nuevas-lineas-de-teleferico\/"]}]},{"@type":"ImageObject","inLanguage":"es","@id":"https:\/\/www.eldiario.net\/portal\/2026\/09\/04\/anuncian-estudios-para-dos-nuevas-lineas-de-teleferico\/#primaryimage","url":"https:\/\/www.eldiario.net\/portal\/wp-content\/uploads\/2026\/09\/teleferico-El-Alto-copia.webp","contentUrl":"https:\/\/www.eldiario.net\/portal\/wp-content\/uploads\/2026\/09\/teleferico-El-Alto-copia.webp","width":1100,"height":728},{"@type":"BreadcrumbList","@id":"https:\/\/www.eldiario.net\/portal\/2026\/09\/04\/anuncian-estudios-para-dos-nuevas-lineas-de-teleferico\/#breadcrumb","itemListElement":[{"@type":"ListItem","position":1,"name":"Portada","item":"https:\/\/www.eldiario.net\/portal\/"},{"@type":"ListItem","position":2,"name":"Anuncian estudios para dos nuevas l\u00edneas de telef\u00e9rico"}]},{"@type":"WebSite","@id":"https:\/\/www.eldiario.net\/portal\/#website","url":"https:\/\/www.eldiario.net\/portal\/","name":"El Diario - Decano de la prensa nacional","description":"El Diario - Decano de la prensa nacional","publisher":{"@id":"https:\/\/www.eldiario.net\/portal\/#organization"},"potentialAction":[{"@type":"SearchAction","target":{"@type":"EntryPoint","urlTemplate":"https:\/\/www.eldiario.net\/portal\/?s={search_term_string}"},"query-input":{"@type":"PropertyValueSpecification","valueRequired":true,"valueName":"search_term_string"}}],"inLanguage":"es"},{"@type":"Organization","@id":"https:\/\/www.eldiario.net\/portal\/#organization","name":"El Diario - Decano de la prensa nacional","url":"https:\/\/www.eldiario.net\/portal\/","logo":{"@type":"ImageObject","inLanguage":"es","@id":"https:\/\/www.eldiario.net\/portal\/#\/schema\/logo\/image\/","url":"https:\/\/www.eldiario.net\/portal\/wp-content\/uploads\/2023\/07\/logo_ED.jpg","contentUrl":"https:\/\/www.eldiario.net\/portal\/wp-content\/uploads\/2023\/07\/logo_ED.jpg","width":272,"height":52,"caption":"El Diario - Decano de la prensa nacional"},"image":{"@id":"https:\/\/www.eldiario.net\/portal\/#\/schema\/logo\/image\/"},"sameAs":["https:\/\/www.facebook.com\/eldiario.bolivia\/","https:\/\/x.com\/eldiario_net"]},{"@type":"Person","@id":"https:\/\/www.eldiario.net\/portal\/#\/schema\/person\/f46445640444750d7d753ccd04ae01b7","name":"Jeanette","image":{"@type":"ImageObject","inLanguage":"es","@id":"https:\/\/secure.gravatar.com\/avatar\/3ea2118a5f7dad2b7138b1187a6b7ee55f160b9968b66013c3a3ef39dd7e5798?s=96&d=mm&r=g","url":"https:\/\/secure.gravatar.com\/avatar\/3ea2118a5f7dad2b7138b1187a6b7ee55f160b9968b66013c3a3ef39dd7e5798?s=96&d=mm&r=g","contentUrl":"https:\/\/secure.gravatar.com\/avatar\/3ea2118a5f7dad2b7138b1187a6b7ee55f160b9968b66013c3a3ef39dd7e5798?s=96&d=mm&r=g","caption":"Jeanette"},"sameAs":["https:\/\/www.eldiario.net\/portal"],"url":"https:\/\/www.eldiario.net\/portal\/author\/jeanette\/"}]}},"_links":{"self":[{"href":"https:\/\/www.eldiario.net\/portal\/wp-json\/wp\/v2\/posts\/427547","targetHints":{"allow":["GET"]}}],"collection":[{"href":"https:\/\/www.eldiario.net\/portal\/wp-json\/wp\/v2\/posts"}],"about":[{"href":"https:\/\/www.eldiario.net\/portal\/wp-json\/wp\/v2\/types\/post"}],"author":[{"embeddable":true,"href":"https:\/\/www.eldiario.net\/portal\/wp-json\/wp\/v2\/users\/1"}],"replies":[{"embeddable":true,"href":"https:\/\/www.eldiario.net\/portal\/wp-json\/wp\/v2\/comments?post=427547"}],"version-history":[{"count":1,"href":"https:\/\/www.eldiario.net\/portal\/wp-json\/wp\/v2\/posts\/427547\/revisions"}],"predecessor-version":[{"id":427548,"href":"https:\/\/www.eldiario.net\/portal\/wp-json\/wp\/v2\/posts\/427547\/revisions\/427548"}],"wp:featuredmedia":[{"embeddable":true,"href":"https:\/\/www.eldiario.net\/portal\/wp-json\/wp\/v2\/media\/427653"}],"wp:attachment":[{"href":"https:\/\/www.eldiario.net\/portal\/wp-json\/wp\/v2\/media?parent=427547"}],"wp:term":[{"taxonomy":"category","embeddable":true,"href":"https:\/\/www.eldiario.net\/portal\/wp-json\/wp\/v2\/categories?post=427547"},{"taxonomy":"post_tag","embeddable":true,"href":"https:\/\/www.eldiario.net\/portal\/wp-json\/wp\/v2\/tags?post=427547"}],"curies":[{"name":"wp","href":"https:\/\/api.w.org\/{rel}","templated":true}]}}