{"id":427541,"date":"2026-09-04T06:04:19","date_gmt":"2026-09-04T10:04:19","guid":{"rendered":"https:\/\/www.eldiario.net\/portal\/?p=427541"},"modified":"2026-09-04T06:04:19","modified_gmt":"2026-09-04T10:04:19","slug":"impulsan-trabajolicos-anonimos-un-espacio-para-enfrentar-el-estres-laboral","status":"publish","type":"post","link":"https:\/\/www.eldiario.net\/portal\/2026\/09\/04\/impulsan-trabajolicos-anonimos-un-espacio-para-enfrentar-el-estres-laboral\/","title":{"rendered":"Impulsan Trabaj\u00f3licos An\u00f3nimos, un  espacio para enfrentar el estr\u00e9s laboral"},"content":{"rendered":"<p>El trabajo ocupa una parte enorme de nuestras vidas, pero sus efectos no siempre se quedan en la oficina, la f\u00e1brica, el comercio o frente a una computadora. La presi\u00f3n acumulada durante la jornada puede acompa\u00f1arnos al llegar a casa y aparecer en forma de cansancio extremo, mal humor, ansiedad, dificultades para dormir, conflictos familiares o una sensaci\u00f3n permanente de no poder desconectarnos. Para ello, mejorar esas situaciones, Trabaj\u00f3licos An\u00f3nimos ofrece un espacio virtual y gratuito para trabajadores en Bolivia.<br \/>\nLa iniciativa es impulsada por el Cap\u00edtulo Boliviano de la Felicidad, una iniciativa online y completamente gratuita dirigida a trabajadores que quieran aprender a manejar mejor el estr\u00e9s laboral y construir una relaci\u00f3n m\u00e1s sana con su trabajo.<br \/>\nEl programa comenzar\u00e1 el 26 de septiembre y las inscripciones ya est\u00e1n abiertas. La especialista en felicidad organizacional y neurociencia aplicada al trabajo y una de las fundadoras del Cap\u00edtulo Boliviano de la Felicidad, Daniela Jines, se\u00f1al\u00f3 que la iniciativa busca llegar especialmente a personas que normalmente no tienen acceso a programas de bienestar, capacitaci\u00f3n o acompa\u00f1amiento.<br \/>\n\u201cEl estr\u00e9s laboral no afecta solamente al trabajador. Muchas veces llega a casa y termina afectando nuestras relaciones, nuestra paciencia, nuestro descanso y la manera en que compartimos con las personas que queremos. Queremos acercar herramientas sencillas y \u00fatiles a quienes realmente las necesitan, sin que el dinero sea una barrera\u201d, explic\u00f3 la experta, quien reside actualmente en Haw\u00e1i y mantiene su trabajo y colaboraci\u00f3n online con Bolivia.<br \/>\nTIEMPO<br \/>\nTrabaj\u00f3licos An\u00f3nimos funcionar\u00e1 a trav\u00e9s de encuentros online semanales, abiertos a personas de cualquier profesi\u00f3n, ocupaci\u00f3n o nivel laboral.<br \/>\nDurante las reuniones se compartir\u00e1n herramientas pr\u00e1cticas relacionadas con el manejo del estr\u00e9s, la regulaci\u00f3n emocional y el bienestar en el trabajo. Sin embargo, uno de los componentes centrales ser\u00e1 escuchar las experiencias reales de los propios trabajadores.<br \/>\nLos participantes podr\u00e1n conversar sobre las dificultades que enfrentan en su vida laboral, escuchar c\u00f3mo otras personas atraviesan situaciones similares y explorar colectivamente alternativas que puedan aplicar en su d\u00eda a d\u00eda.<br \/>\n\u201cNo se trata de reunirnos para hablar mal de nuestros trabajos o simplemente enumerar problemas. Queremos crear una comunidad donde podamos decir: esto me est\u00e1 pasando, \u00bfqu\u00e9 puedo aprender?, \u00bfqu\u00e9 han hecho otros?, \u00bfqu\u00e9 alternativas podemos encontrar juntos?\u201d, explic\u00f3 Jines.<br \/>\nEL BIENESTAR LABORAL NO DEBE DEPENDER DEL BOLSILLO<br \/>\nUno de los principios de la iniciativa es garantizar que cualquier persona pueda participar, independientemente de sus posibilidades econ\u00f3micas. Por ello, la inscripci\u00f3n, las capacitaciones y las certificaciones ser\u00e1n completamente gratuitas.<br \/>\nAdem\u00e1s, no ser\u00e1 necesario pertenecer a una empresa participante. Cada trabajador podr\u00e1 registrarse individualmente y formar parte de los encuentros por decisi\u00f3n propia.<br \/>\nTambi\u00e9n podr\u00e1n sumarse grupos de trabajadores, empresas, instituciones y organizaciones interesadas en acercar estas herramientas a sus equipos.<br \/>\nDe acuerdo con un reporte institucional, desde el Cap\u00edtulo Boliviano de la Felicidad se busca poner sobre la mesa una conversaci\u00f3n que muchas veces se posterga: cuidar la salud emocional y aprender a relacionarnos mejor con nuestro trabajo no deber\u00eda ser algo reservado \u00fanicamente para quienes pueden pagar terapia, cursos o programas corporativos.<br \/>\n\u201cUna persona puede pasar ocho, diez o incluso m\u00e1s horas al d\u00eda trabajando. Lo que sucede durante esas horas influye inevitablemente en el resto de su vida\u201d, se lee en la nota.<br \/>\nTrabaj\u00f3licos An\u00f3nimos nace precisamente para crear un lugar donde los trabajadores puedan detenerse una vez por semana, aprender herramientas, compartir lo que est\u00e1n viviendo y descubrir que otras personas enfrentan desaf\u00edos similares.<br \/>\n\u00bfC\u00d3MO PARTICIPAR?<br \/>\nLas inscripciones ya est\u00e1n abiertas y los encuentros comenzar\u00e1n el 26 de septiembre. La participaci\u00f3n puede realizarse de manera individual o grupal. Tambi\u00e9n pueden solicitar informaci\u00f3n empresas, instituciones y organizaciones interesadas en participar con sus trabajadores. La participaci\u00f3n, las capacitaciones y las certificaciones ser\u00e1n 100% gratuitas.<br \/>\nPara recibir mayor informaci\u00f3n o solicitar el formulario de inscripci\u00f3n, escribir a: jines@happyorganizations.org<\/p>\n","protected":false},"excerpt":{"rendered":"<p>El trabajo ocupa una parte enorme de nuestras vidas, pero sus efectos no siempre se quedan en la oficina, la f\u00e1brica, el comercio o frente a una computadora. La presi\u00f3n acumulada durante la jornada puede acompa\u00f1arnos al llegar a casa y aparecer en forma de cansancio extremo, mal humor, ansiedad, dificultades para dormir, conflictos familiares [&hellip;]<\/p>\n","protected":false},"author":1,"featured_media":427542,"comment_status":"closed","ping_status":"open","sticky":false,"template":"","format":"standard","meta":{"_acf_changed":false,"footnotes":""},"categories":[12],"tags":[],"class_list":["post-427541","post","type-post","status-publish","format-standard","has-post-thumbnail","category-nacional"],"acf":{"antetitulo":""},"yoast_head":"<!-- This site is optimized with the Yoast SEO plugin v28.4 - https:\/\/yoast.com\/product\/yoast-seo-wordpress\/ -->\n<title>Impulsan Trabaj\u00f3licos An\u00f3nimos, un espacio para enfrentar el estr\u00e9s laboral - El Diario - Bolivia<\/title>\n<meta name=\"robots\" content=\"index, follow, max-snippet:-1, max-image-preview:large, max-video-preview:-1\" \/>\n<link rel=\"canonical\" href=\"https:\/\/www.eldiario.net\/portal\/2026\/09\/04\/impulsan-trabajolicos-anonimos-un-espacio-para-enfrentar-el-estres-laboral\/\" \/>\n<meta property=\"og:locale\" content=\"es_ES\" \/>\n<meta property=\"og:type\" content=\"article\" \/>\n<meta property=\"og:title\" content=\"Impulsan Trabaj\u00f3licos An\u00f3nimos, un espacio para enfrentar el estr\u00e9s laboral - El Diario - Bolivia\" \/>\n<meta property=\"og:description\" content=\"El trabajo ocupa una parte enorme de nuestras vidas, pero sus efectos no siempre se quedan en la oficina, la f\u00e1brica, el comercio o frente a una computadora. La presi\u00f3n acumulada durante la jornada puede acompa\u00f1arnos al llegar a casa y aparecer en forma de cansancio extremo, mal humor, ansiedad, dificultades para dormir, conflictos familiares [&hellip;]\" \/>\n<meta property=\"og:url\" content=\"https:\/\/www.eldiario.net\/portal\/2026\/09\/04\/impulsan-trabajolicos-anonimos-un-espacio-para-enfrentar-el-estres-laboral\/\" \/>\n<meta property=\"og:site_name\" content=\"El Diario - Bolivia\" \/>\n<meta property=\"article:publisher\" content=\"https:\/\/www.facebook.com\/eldiario.bolivia\/\" \/>\n<meta property=\"article:published_time\" content=\"2026-09-04T10:04:19+00:00\" \/>\n<meta property=\"og:image\" content=\"https:\/\/www.eldiario.net\/portal\/wp-content\/uploads\/2026\/09\/F-1-trabajolicos.webp\" \/>\n\t<meta property=\"og:image:width\" content=\"1536\" \/>\n\t<meta property=\"og:image:height\" content=\"1024\" \/>\n\t<meta property=\"og:image:type\" content=\"image\/webp\" \/>\n<meta name=\"author\" content=\"Jeanette\" \/>\n<meta name=\"twitter:card\" content=\"summary_large_image\" \/>\n<meta name=\"twitter:creator\" content=\"@eldiario_net\" \/>\n<meta name=\"twitter:site\" content=\"@eldiario_net\" \/>\n<meta name=\"twitter:label1\" content=\"Escrito por\" \/>\n\t<meta name=\"twitter:data1\" content=\"Jeanette\" \/>\n\t<meta name=\"twitter:label2\" content=\"Tiempo de lectura\" \/>\n\t<meta name=\"twitter:data2\" content=\"4 minutos\" \/>\n<script type=\"application\/ld+json\" class=\"yoast-schema-graph\">{\"@context\":\"https:\\\/\\\/schema.org\",\"@graph\":[{\"@type\":\"Article\",\"@id\":\"https:\\\/\\\/www.eldiario.net\\\/portal\\\/2026\\\/09\\\/04\\\/impulsan-trabajolicos-anonimos-un-espacio-para-enfrentar-el-estres-laboral\\\/#article\",\"isPartOf\":{\"@id\":\"https:\\\/\\\/www.eldiario.net\\\/portal\\\/2026\\\/09\\\/04\\\/impulsan-trabajolicos-anonimos-un-espacio-para-enfrentar-el-estres-laboral\\\/\"},\"author\":{\"name\":\"Jeanette\",\"@id\":\"https:\\\/\\\/www.eldiario.net\\\/portal\\\/#\\\/schema\\\/person\\\/f46445640444750d7d753ccd04ae01b7\"},\"headline\":\"Impulsan Trabaj\u00f3licos An\u00f3nimos, un espacio para enfrentar el estr\u00e9s laboral\",\"datePublished\":\"2026-09-04T10:04:19+00:00\",\"mainEntityOfPage\":{\"@id\":\"https:\\\/\\\/www.eldiario.net\\\/portal\\\/2026\\\/09\\\/04\\\/impulsan-trabajolicos-anonimos-un-espacio-para-enfrentar-el-estres-laboral\\\/\"},\"wordCount\":700,\"publisher\":{\"@id\":\"https:\\\/\\\/www.eldiario.net\\\/portal\\\/#organization\"},\"image\":{\"@id\":\"https:\\\/\\\/www.eldiario.net\\\/portal\\\/2026\\\/09\\\/04\\\/impulsan-trabajolicos-anonimos-un-espacio-para-enfrentar-el-estres-laboral\\\/#primaryimage\"},\"thumbnailUrl\":\"https:\\\/\\\/www.eldiario.net\\\/portal\\\/wp-content\\\/uploads\\\/2026\\\/09\\\/F-1-trabajolicos.webp\",\"articleSection\":[\"Nacional\"],\"inLanguage\":\"es\"},{\"@type\":\"WebPage\",\"@id\":\"https:\\\/\\\/www.eldiario.net\\\/portal\\\/2026\\\/09\\\/04\\\/impulsan-trabajolicos-anonimos-un-espacio-para-enfrentar-el-estres-laboral\\\/\",\"url\":\"https:\\\/\\\/www.eldiario.net\\\/portal\\\/2026\\\/09\\\/04\\\/impulsan-trabajolicos-anonimos-un-espacio-para-enfrentar-el-estres-laboral\\\/\",\"name\":\"Impulsan Trabaj\u00f3licos An\u00f3nimos, un espacio para enfrentar el estr\u00e9s laboral - El Diario - Bolivia\",\"isPartOf\":{\"@id\":\"https:\\\/\\\/www.eldiario.net\\\/portal\\\/#website\"},\"primaryImageOfPage\":{\"@id\":\"https:\\\/\\\/www.eldiario.net\\\/portal\\\/2026\\\/09\\\/04\\\/impulsan-trabajolicos-anonimos-un-espacio-para-enfrentar-el-estres-laboral\\\/#primaryimage\"},\"image\":{\"@id\":\"https:\\\/\\\/www.eldiario.net\\\/portal\\\/2026\\\/09\\\/04\\\/impulsan-trabajolicos-anonimos-un-espacio-para-enfrentar-el-estres-laboral\\\/#primaryimage\"},\"thumbnailUrl\":\"https:\\\/\\\/www.eldiario.net\\\/portal\\\/wp-content\\\/uploads\\\/2026\\\/09\\\/F-1-trabajolicos.webp\",\"datePublished\":\"2026-09-04T10:04:19+00:00\",\"breadcrumb\":{\"@id\":\"https:\\\/\\\/www.eldiario.net\\\/portal\\\/2026\\\/09\\\/04\\\/impulsan-trabajolicos-anonimos-un-espacio-para-enfrentar-el-estres-laboral\\\/#breadcrumb\"},\"inLanguage\":\"es\",\"potentialAction\":[{\"@type\":\"ReadAction\",\"target\":[\"https:\\\/\\\/www.eldiario.net\\\/portal\\\/2026\\\/09\\\/04\\\/impulsan-trabajolicos-anonimos-un-espacio-para-enfrentar-el-estres-laboral\\\/\"]}]},{\"@type\":\"ImageObject\",\"inLanguage\":\"es\",\"@id\":\"https:\\\/\\\/www.eldiario.net\\\/portal\\\/2026\\\/09\\\/04\\\/impulsan-trabajolicos-anonimos-un-espacio-para-enfrentar-el-estres-laboral\\\/#primaryimage\",\"url\":\"https:\\\/\\\/www.eldiario.net\\\/portal\\\/wp-content\\\/uploads\\\/2026\\\/09\\\/F-1-trabajolicos.webp\",\"contentUrl\":\"https:\\\/\\\/www.eldiario.net\\\/portal\\\/wp-content\\\/uploads\\\/2026\\\/09\\\/F-1-trabajolicos.webp\",\"width\":1536,\"height\":1024,\"caption\":\"Expertos que promueven la iniciativa, durante una reuni\u00f3n.\"},{\"@type\":\"BreadcrumbList\",\"@id\":\"https:\\\/\\\/www.eldiario.net\\\/portal\\\/2026\\\/09\\\/04\\\/impulsan-trabajolicos-anonimos-un-espacio-para-enfrentar-el-estres-laboral\\\/#breadcrumb\",\"itemListElement\":[{\"@type\":\"ListItem\",\"position\":1,\"name\":\"Portada\",\"item\":\"https:\\\/\\\/www.eldiario.net\\\/portal\\\/\"},{\"@type\":\"ListItem\",\"position\":2,\"name\":\"Impulsan Trabaj\u00f3licos An\u00f3nimos, un espacio para enfrentar el estr\u00e9s laboral\"}]},{\"@type\":\"WebSite\",\"@id\":\"https:\\\/\\\/www.eldiario.net\\\/portal\\\/#website\",\"url\":\"https:\\\/\\\/www.eldiario.net\\\/portal\\\/\",\"name\":\"El Diario - Decano de la prensa nacional\",\"description\":\"El Diario - Decano de la prensa nacional\",\"publisher\":{\"@id\":\"https:\\\/\\\/www.eldiario.net\\\/portal\\\/#organization\"},\"potentialAction\":[{\"@type\":\"SearchAction\",\"target\":{\"@type\":\"EntryPoint\",\"urlTemplate\":\"https:\\\/\\\/www.eldiario.net\\\/portal\\\/?s={search_term_string}\"},\"query-input\":{\"@type\":\"PropertyValueSpecification\",\"valueRequired\":true,\"valueName\":\"search_term_string\"}}],\"inLanguage\":\"es\"},{\"@type\":\"Organization\",\"@id\":\"https:\\\/\\\/www.eldiario.net\\\/portal\\\/#organization\",\"name\":\"El Diario - Decano de la prensa nacional\",\"url\":\"https:\\\/\\\/www.eldiario.net\\\/portal\\\/\",\"logo\":{\"@type\":\"ImageObject\",\"inLanguage\":\"es\",\"@id\":\"https:\\\/\\\/www.eldiario.net\\\/portal\\\/#\\\/schema\\\/logo\\\/image\\\/\",\"url\":\"https:\\\/\\\/www.eldiario.net\\\/portal\\\/wp-content\\\/uploads\\\/2023\\\/07\\\/logo_ED.jpg\",\"contentUrl\":\"https:\\\/\\\/www.eldiario.net\\\/portal\\\/wp-content\\\/uploads\\\/2023\\\/07\\\/logo_ED.jpg\",\"width\":272,\"height\":52,\"caption\":\"El Diario - Decano de la prensa nacional\"},\"image\":{\"@id\":\"https:\\\/\\\/www.eldiario.net\\\/portal\\\/#\\\/schema\\\/logo\\\/image\\\/\"},\"sameAs\":[\"https:\\\/\\\/www.facebook.com\\\/eldiario.bolivia\\\/\",\"https:\\\/\\\/x.com\\\/eldiario_net\"]},{\"@type\":\"Person\",\"@id\":\"https:\\\/\\\/www.eldiario.net\\\/portal\\\/#\\\/schema\\\/person\\\/f46445640444750d7d753ccd04ae01b7\",\"name\":\"Jeanette\",\"image\":{\"@type\":\"ImageObject\",\"inLanguage\":\"es\",\"@id\":\"https:\\\/\\\/secure.gravatar.com\\\/avatar\\\/3ea2118a5f7dad2b7138b1187a6b7ee55f160b9968b66013c3a3ef39dd7e5798?s=96&d=mm&r=g\",\"url\":\"https:\\\/\\\/secure.gravatar.com\\\/avatar\\\/3ea2118a5f7dad2b7138b1187a6b7ee55f160b9968b66013c3a3ef39dd7e5798?s=96&d=mm&r=g\",\"contentUrl\":\"https:\\\/\\\/secure.gravatar.com\\\/avatar\\\/3ea2118a5f7dad2b7138b1187a6b7ee55f160b9968b66013c3a3ef39dd7e5798?s=96&d=mm&r=g\",\"caption\":\"Jeanette\"},\"sameAs\":[\"https:\\\/\\\/www.eldiario.net\\\/portal\"],\"url\":\"https:\\\/\\\/www.eldiario.net\\\/portal\\\/author\\\/jeanette\\\/\"}]}<\/script>\n<!-- \/ Yoast SEO plugin. -->","yoast_head_json":{"title":"Impulsan Trabaj\u00f3licos An\u00f3nimos, un espacio para enfrentar el estr\u00e9s laboral - El Diario - Bolivia","robots":{"index":"index","follow":"follow","max-snippet":"max-snippet:-1","max-image-preview":"max-image-preview:large","max-video-preview":"max-video-preview:-1"},"canonical":"https:\/\/www.eldiario.net\/portal\/2026\/09\/04\/impulsan-trabajolicos-anonimos-un-espacio-para-enfrentar-el-estres-laboral\/","og_locale":"es_ES","og_type":"article","og_title":"Impulsan Trabaj\u00f3licos An\u00f3nimos, un espacio para enfrentar el estr\u00e9s laboral - El Diario - Bolivia","og_description":"El trabajo ocupa una parte enorme de nuestras vidas, pero sus efectos no siempre se quedan en la oficina, la f\u00e1brica, el comercio o frente a una computadora. La presi\u00f3n acumulada durante la jornada puede acompa\u00f1arnos al llegar a casa y aparecer en forma de cansancio extremo, mal humor, ansiedad, dificultades para dormir, conflictos familiares [&hellip;]","og_url":"https:\/\/www.eldiario.net\/portal\/2026\/09\/04\/impulsan-trabajolicos-anonimos-un-espacio-para-enfrentar-el-estres-laboral\/","og_site_name":"El Diario - Bolivia","article_publisher":"https:\/\/www.facebook.com\/eldiario.bolivia\/","article_published_time":"2026-09-04T10:04:19+00:00","og_image":[{"width":1536,"height":1024,"url":"https:\/\/www.eldiario.net\/portal\/wp-content\/uploads\/2026\/09\/F-1-trabajolicos.webp","type":"image\/webp"}],"author":"Jeanette","twitter_card":"summary_large_image","twitter_creator":"@eldiario_net","twitter_site":"@eldiario_net","twitter_misc":{"Escrito por":"Jeanette","Tiempo de lectura":"4 minutos"},"schema":{"@context":"https:\/\/schema.org","@graph":[{"@type":"Article","@id":"https:\/\/www.eldiario.net\/portal\/2026\/09\/04\/impulsan-trabajolicos-anonimos-un-espacio-para-enfrentar-el-estres-laboral\/#article","isPartOf":{"@id":"https:\/\/www.eldiario.net\/portal\/2026\/09\/04\/impulsan-trabajolicos-anonimos-un-espacio-para-enfrentar-el-estres-laboral\/"},"author":{"name":"Jeanette","@id":"https:\/\/www.eldiario.net\/portal\/#\/schema\/person\/f46445640444750d7d753ccd04ae01b7"},"headline":"Impulsan Trabaj\u00f3licos An\u00f3nimos, un espacio para enfrentar el estr\u00e9s laboral","datePublished":"2026-09-04T10:04:19+00:00","mainEntityOfPage":{"@id":"https:\/\/www.eldiario.net\/portal\/2026\/09\/04\/impulsan-trabajolicos-anonimos-un-espacio-para-enfrentar-el-estres-laboral\/"},"wordCount":700,"publisher":{"@id":"https:\/\/www.eldiario.net\/portal\/#organization"},"image":{"@id":"https:\/\/www.eldiario.net\/portal\/2026\/09\/04\/impulsan-trabajolicos-anonimos-un-espacio-para-enfrentar-el-estres-laboral\/#primaryimage"},"thumbnailUrl":"https:\/\/www.eldiario.net\/portal\/wp-content\/uploads\/2026\/09\/F-1-trabajolicos.webp","articleSection":["Nacional"],"inLanguage":"es"},{"@type":"WebPage","@id":"https:\/\/www.eldiario.net\/portal\/2026\/09\/04\/impulsan-trabajolicos-anonimos-un-espacio-para-enfrentar-el-estres-laboral\/","url":"https:\/\/www.eldiario.net\/portal\/2026\/09\/04\/impulsan-trabajolicos-anonimos-un-espacio-para-enfrentar-el-estres-laboral\/","name":"Impulsan Trabaj\u00f3licos An\u00f3nimos, un espacio para enfrentar el estr\u00e9s laboral - El Diario - Bolivia","isPartOf":{"@id":"https:\/\/www.eldiario.net\/portal\/#website"},"primaryImageOfPage":{"@id":"https:\/\/www.eldiario.net\/portal\/2026\/09\/04\/impulsan-trabajolicos-anonimos-un-espacio-para-enfrentar-el-estres-laboral\/#primaryimage"},"image":{"@id":"https:\/\/www.eldiario.net\/portal\/2026\/09\/04\/impulsan-trabajolicos-anonimos-un-espacio-para-enfrentar-el-estres-laboral\/#primaryimage"},"thumbnailUrl":"https:\/\/www.eldiario.net\/portal\/wp-content\/uploads\/2026\/09\/F-1-trabajolicos.webp","datePublished":"2026-09-04T10:04:19+00:00","breadcrumb":{"@id":"https:\/\/www.eldiario.net\/portal\/2026\/09\/04\/impulsan-trabajolicos-anonimos-un-espacio-para-enfrentar-el-estres-laboral\/#breadcrumb"},"inLanguage":"es","potentialAction":[{"@type":"ReadAction","target":["https:\/\/www.eldiario.net\/portal\/2026\/09\/04\/impulsan-trabajolicos-anonimos-un-espacio-para-enfrentar-el-estres-laboral\/"]}]},{"@type":"ImageObject","inLanguage":"es","@id":"https:\/\/www.eldiario.net\/portal\/2026\/09\/04\/impulsan-trabajolicos-anonimos-un-espacio-para-enfrentar-el-estres-laboral\/#primaryimage","url":"https:\/\/www.eldiario.net\/portal\/wp-content\/uploads\/2026\/09\/F-1-trabajolicos.webp","contentUrl":"https:\/\/www.eldiario.net\/portal\/wp-content\/uploads\/2026\/09\/F-1-trabajolicos.webp","width":1536,"height":1024,"caption":"Expertos que promueven la iniciativa, durante una reuni\u00f3n."},{"@type":"BreadcrumbList","@id":"https:\/\/www.eldiario.net\/portal\/2026\/09\/04\/impulsan-trabajolicos-anonimos-un-espacio-para-enfrentar-el-estres-laboral\/#breadcrumb","itemListElement":[{"@type":"ListItem","position":1,"name":"Portada","item":"https:\/\/www.eldiario.net\/portal\/"},{"@type":"ListItem","position":2,"name":"Impulsan Trabaj\u00f3licos An\u00f3nimos, un espacio para enfrentar el estr\u00e9s laboral"}]},{"@type":"WebSite","@id":"https:\/\/www.eldiario.net\/portal\/#website","url":"https:\/\/www.eldiario.net\/portal\/","name":"El Diario - Decano de la prensa nacional","description":"El Diario - Decano de la prensa nacional","publisher":{"@id":"https:\/\/www.eldiario.net\/portal\/#organization"},"potentialAction":[{"@type":"SearchAction","target":{"@type":"EntryPoint","urlTemplate":"https:\/\/www.eldiario.net\/portal\/?s={search_term_string}"},"query-input":{"@type":"PropertyValueSpecification","valueRequired":true,"valueName":"search_term_string"}}],"inLanguage":"es"},{"@type":"Organization","@id":"https:\/\/www.eldiario.net\/portal\/#organization","name":"El Diario - Decano de la prensa nacional","url":"https:\/\/www.eldiario.net\/portal\/","logo":{"@type":"ImageObject","inLanguage":"es","@id":"https:\/\/www.eldiario.net\/portal\/#\/schema\/logo\/image\/","url":"https:\/\/www.eldiario.net\/portal\/wp-content\/uploads\/2023\/07\/logo_ED.jpg","contentUrl":"https:\/\/www.eldiario.net\/portal\/wp-content\/uploads\/2023\/07\/logo_ED.jpg","width":272,"height":52,"caption":"El Diario - Decano de la prensa nacional"},"image":{"@id":"https:\/\/www.eldiario.net\/portal\/#\/schema\/logo\/image\/"},"sameAs":["https:\/\/www.facebook.com\/eldiario.bolivia\/","https:\/\/x.com\/eldiario_net"]},{"@type":"Person","@id":"https:\/\/www.eldiario.net\/portal\/#\/schema\/person\/f46445640444750d7d753ccd04ae01b7","name":"Jeanette","image":{"@type":"ImageObject","inLanguage":"es","@id":"https:\/\/secure.gravatar.com\/avatar\/3ea2118a5f7dad2b7138b1187a6b7ee55f160b9968b66013c3a3ef39dd7e5798?s=96&d=mm&r=g","url":"https:\/\/secure.gravatar.com\/avatar\/3ea2118a5f7dad2b7138b1187a6b7ee55f160b9968b66013c3a3ef39dd7e5798?s=96&d=mm&r=g","contentUrl":"https:\/\/secure.gravatar.com\/avatar\/3ea2118a5f7dad2b7138b1187a6b7ee55f160b9968b66013c3a3ef39dd7e5798?s=96&d=mm&r=g","caption":"Jeanette"},"sameAs":["https:\/\/www.eldiario.net\/portal"],"url":"https:\/\/www.eldiario.net\/portal\/author\/jeanette\/"}]}},"_links":{"self":[{"href":"https:\/\/www.eldiario.net\/portal\/wp-json\/wp\/v2\/posts\/427541","targetHints":{"allow":["GET"]}}],"collection":[{"href":"https:\/\/www.eldiario.net\/portal\/wp-json\/wp\/v2\/posts"}],"about":[{"href":"https:\/\/www.eldiario.net\/portal\/wp-json\/wp\/v2\/types\/post"}],"author":[{"embeddable":true,"href":"https:\/\/www.eldiario.net\/portal\/wp-json\/wp\/v2\/users\/1"}],"replies":[{"embeddable":true,"href":"https:\/\/www.eldiario.net\/portal\/wp-json\/wp\/v2\/comments?post=427541"}],"version-history":[{"count":1,"href":"https:\/\/www.eldiario.net\/portal\/wp-json\/wp\/v2\/posts\/427541\/revisions"}],"predecessor-version":[{"id":427543,"href":"https:\/\/www.eldiario.net\/portal\/wp-json\/wp\/v2\/posts\/427541\/revisions\/427543"}],"wp:featuredmedia":[{"embeddable":true,"href":"https:\/\/www.eldiario.net\/portal\/wp-json\/wp\/v2\/media\/427542"}],"wp:attachment":[{"href":"https:\/\/www.eldiario.net\/portal\/wp-json\/wp\/v2\/media?parent=427541"}],"wp:term":[{"taxonomy":"category","embeddable":true,"href":"https:\/\/www.eldiario.net\/portal\/wp-json\/wp\/v2\/categories?post=427541"},{"taxonomy":"post_tag","embeddable":true,"href":"https:\/\/www.eldiario.net\/portal\/wp-json\/wp\/v2\/tags?post=427541"}],"curies":[{"name":"wp","href":"https:\/\/api.w.org\/{rel}","templated":true}]}}