{"id":427535,"date":"2026-09-04T06:03:08","date_gmt":"2026-09-04T10:03:08","guid":{"rendered":"https:\/\/www.eldiario.net\/portal\/?p=427535"},"modified":"2026-09-04T06:03:08","modified_gmt":"2026-09-04T10:03:08","slug":"30-000-familias-del-pais-accederan-a-titulacion-propietaria-de-sus-viviendas","status":"publish","type":"post","link":"https:\/\/www.eldiario.net\/portal\/2026\/09\/04\/30-000-familias-del-pais-accederan-a-titulacion-propietaria-de-sus-viviendas\/","title":{"rendered":"30.000 familias del pa\u00eds acceder\u00e1n a titulaci\u00f3n propietaria de sus viviendas"},"content":{"rendered":"<p>El presidente del Estado, Rodrigo Paz Pereira, dio inicio oficial al Programa Nacional de Titulaci\u00f3n masiva de viviendas, desde la ciudad de El Alto, cuyo objetivo es otorgar este documento a 30 mil familias en todo el pa\u00eds.<br \/>\n\u201cDesde El Alto, lanzamos oficialmente el Programa de Titulaci\u00f3n Masiva para que miles de familias bolivianas cuenten con el t\u00edtulo de propiedad de su vivienda. Este programa es un compromiso concreto de nuestro gobierno con la seguridad jur\u00eddica y el patrimonio de las familias bolivianas\u201d, se\u00f1al\u00f3 la primera autoridad gubernamental.<br \/>\nEl viceministro de Vivienda y Urbanismo, Joshua Alfredo Bellot, calific\u00f3 la medida como \u201cla revoluci\u00f3n del derecho propietario\u201d e indic\u00f3 que se titular\u00e1n 30 mil viviendas de 250 urbanizaciones en todo el pa\u00eds y en El Alto, espec\u00edficamente, son m\u00e1s de 8.000 viviendas en m\u00e1s de 25 urbanizaciones.<br \/>\n\u201cEstamos hablando de un programa que va a enfrentar grandes problemas, pero estamos dispuestos a hacerlo porque tenemos la cooperaci\u00f3n de las alcald\u00edas\u201d, asegur\u00f3.<br \/>\nEn ese entendido, el alcalde de El Alto, Eliser Roca Tancara, indic\u00f3 que contar con documentos de propiedad permitir\u00e1 brindar seguridad jur\u00eddica a miles de familias alte\u00f1as que actualmente habitan sus viviendas, pero no cuentan con la documentaci\u00f3n registrada a su nombre.<br \/>\n\u201cEs bueno tener un documento a nuestro nombre. Muchos vecinos y vecinas viven en una casa, pero los documentos no est\u00e1n a su nombre. Para nosotros es muy importante que se titulen\u201d, asegur\u00f3.<br \/>\nDe acuerdo con los datos, El Alto concentra la segunda mayor cantidad de casos pendientes con 8.649 viviendas, detr\u00e1s de Santa Cruz, con 12.529; y delante de Warnes, con 2.560 y La Paz, con 1.532.<br \/>\nEl programa est\u00e1 dirigido a beneficiarios y herederos del ex Fonvis y Consejos de Vivienda. \u201cYo tengo t\u00edtulos de hace 14 \u00f3 15 a\u00f1os, de gente que esperaba tener su t\u00edtulo de propiedad\u201d, manifest\u00f3 el mandatario.<br \/>\nPor otro lado, tambi\u00e9n se har\u00e1 la devoluci\u00f3n de aportes a m\u00e1s de 70 mil ciudadanos que aportaron al Fonvis. El monto supera los Bs 37 millones y se depositar\u00e1 directamente a sus cuentas bancarias en los pr\u00f3ximos meses.<br \/>\nAdem\u00e1s, se proyecta una ley para condonar las deudas vencidas, castigadas e incobrables de hace m\u00e1s de 30 a\u00f1os, que hoy impiden a las familias inscribir sus viviendas en Derechos Reales.<br \/>\nLos beneficiarios son adjudicatarios originales de vivienda social del ex Fonvis y Consejos de Vivienda, herederos directos con declaratoria oficial y ocupantes reconocidos con posesi\u00f3n continua.<\/p>\n","protected":false},"excerpt":{"rendered":"<p>El presidente del Estado, Rodrigo Paz Pereira, dio inicio oficial al Programa Nacional de Titulaci\u00f3n masiva de viviendas, desde la ciudad de El Alto, cuyo objetivo es otorgar este documento a 30 mil familias en todo el pa\u00eds. \u201cDesde El Alto, lanzamos oficialmente el Programa de Titulaci\u00f3n Masiva para que miles de familias bolivianas cuenten [&hellip;]<\/p>\n","protected":false},"author":1,"featured_media":427536,"comment_status":"closed","ping_status":"open","sticky":false,"template":"","format":"standard","meta":{"_acf_changed":false,"footnotes":""},"categories":[12],"tags":[],"class_list":["post-427535","post","type-post","status-publish","format-standard","has-post-thumbnail","category-nacional"],"acf":{"antetitulo":"En El Alto son m\u00e1s de 8.000 casas"},"yoast_head":"<!-- This site is optimized with the Yoast SEO plugin v28.4 - https:\/\/yoast.com\/product\/yoast-seo-wordpress\/ -->\n<title>30.000 familias del pa\u00eds acceder\u00e1n a titulaci\u00f3n propietaria de sus viviendas - El Diario - Bolivia<\/title>\n<meta name=\"robots\" content=\"index, follow, max-snippet:-1, max-image-preview:large, max-video-preview:-1\" \/>\n<link rel=\"canonical\" href=\"https:\/\/www.eldiario.net\/portal\/2026\/09\/04\/30-000-familias-del-pais-accederan-a-titulacion-propietaria-de-sus-viviendas\/\" \/>\n<meta property=\"og:locale\" content=\"es_ES\" \/>\n<meta property=\"og:type\" content=\"article\" \/>\n<meta property=\"og:title\" content=\"30.000 familias del pa\u00eds acceder\u00e1n a titulaci\u00f3n propietaria de sus viviendas - El Diario - Bolivia\" \/>\n<meta property=\"og:description\" content=\"El presidente del Estado, Rodrigo Paz Pereira, dio inicio oficial al Programa Nacional de Titulaci\u00f3n masiva de viviendas, desde la ciudad de El Alto, cuyo objetivo es otorgar este documento a 30 mil familias en todo el pa\u00eds. \u201cDesde El Alto, lanzamos oficialmente el Programa de Titulaci\u00f3n Masiva para que miles de familias bolivianas cuenten [&hellip;]\" \/>\n<meta property=\"og:url\" content=\"https:\/\/www.eldiario.net\/portal\/2026\/09\/04\/30-000-familias-del-pais-accederan-a-titulacion-propietaria-de-sus-viviendas\/\" \/>\n<meta property=\"og:site_name\" content=\"El Diario - Bolivia\" \/>\n<meta property=\"article:publisher\" content=\"https:\/\/www.facebook.com\/eldiario.bolivia\/\" \/>\n<meta property=\"article:published_time\" content=\"2026-09-04T10:03:08+00:00\" \/>\n<meta property=\"og:image\" content=\"https:\/\/www.eldiario.net\/portal\/wp-content\/uploads\/2026\/09\/F-3-viviendas.webp\" \/>\n\t<meta property=\"og:image:width\" content=\"1587\" \/>\n\t<meta property=\"og:image:height\" content=\"1365\" \/>\n\t<meta property=\"og:image:type\" content=\"image\/webp\" \/>\n<meta name=\"author\" content=\"Jeanette\" \/>\n<meta name=\"twitter:card\" content=\"summary_large_image\" \/>\n<meta name=\"twitter:creator\" content=\"@eldiario_net\" \/>\n<meta name=\"twitter:site\" content=\"@eldiario_net\" \/>\n<meta name=\"twitter:label1\" content=\"Escrito por\" \/>\n\t<meta name=\"twitter:data1\" content=\"Jeanette\" \/>\n\t<meta name=\"twitter:label2\" content=\"Tiempo de lectura\" \/>\n\t<meta name=\"twitter:data2\" content=\"3 minutos\" \/>\n<script type=\"application\/ld+json\" class=\"yoast-schema-graph\">{\"@context\":\"https:\\\/\\\/schema.org\",\"@graph\":[{\"@type\":\"Article\",\"@id\":\"https:\\\/\\\/www.eldiario.net\\\/portal\\\/2026\\\/09\\\/04\\\/30-000-familias-del-pais-accederan-a-titulacion-propietaria-de-sus-viviendas\\\/#article\",\"isPartOf\":{\"@id\":\"https:\\\/\\\/www.eldiario.net\\\/portal\\\/2026\\\/09\\\/04\\\/30-000-familias-del-pais-accederan-a-titulacion-propietaria-de-sus-viviendas\\\/\"},\"author\":{\"name\":\"Jeanette\",\"@id\":\"https:\\\/\\\/www.eldiario.net\\\/portal\\\/#\\\/schema\\\/person\\\/f46445640444750d7d753ccd04ae01b7\"},\"headline\":\"30.000 familias del pa\u00eds acceder\u00e1n a titulaci\u00f3n propietaria de sus viviendas\",\"datePublished\":\"2026-09-04T10:03:08+00:00\",\"mainEntityOfPage\":{\"@id\":\"https:\\\/\\\/www.eldiario.net\\\/portal\\\/2026\\\/09\\\/04\\\/30-000-familias-del-pais-accederan-a-titulacion-propietaria-de-sus-viviendas\\\/\"},\"wordCount\":430,\"publisher\":{\"@id\":\"https:\\\/\\\/www.eldiario.net\\\/portal\\\/#organization\"},\"image\":{\"@id\":\"https:\\\/\\\/www.eldiario.net\\\/portal\\\/2026\\\/09\\\/04\\\/30-000-familias-del-pais-accederan-a-titulacion-propietaria-de-sus-viviendas\\\/#primaryimage\"},\"thumbnailUrl\":\"https:\\\/\\\/www.eldiario.net\\\/portal\\\/wp-content\\\/uploads\\\/2026\\\/09\\\/F-3-viviendas.webp\",\"articleSection\":[\"Nacional\"],\"inLanguage\":\"es\"},{\"@type\":\"WebPage\",\"@id\":\"https:\\\/\\\/www.eldiario.net\\\/portal\\\/2026\\\/09\\\/04\\\/30-000-familias-del-pais-accederan-a-titulacion-propietaria-de-sus-viviendas\\\/\",\"url\":\"https:\\\/\\\/www.eldiario.net\\\/portal\\\/2026\\\/09\\\/04\\\/30-000-familias-del-pais-accederan-a-titulacion-propietaria-de-sus-viviendas\\\/\",\"name\":\"30.000 familias del pa\u00eds acceder\u00e1n a titulaci\u00f3n propietaria de sus viviendas - El Diario - Bolivia\",\"isPartOf\":{\"@id\":\"https:\\\/\\\/www.eldiario.net\\\/portal\\\/#website\"},\"primaryImageOfPage\":{\"@id\":\"https:\\\/\\\/www.eldiario.net\\\/portal\\\/2026\\\/09\\\/04\\\/30-000-familias-del-pais-accederan-a-titulacion-propietaria-de-sus-viviendas\\\/#primaryimage\"},\"image\":{\"@id\":\"https:\\\/\\\/www.eldiario.net\\\/portal\\\/2026\\\/09\\\/04\\\/30-000-familias-del-pais-accederan-a-titulacion-propietaria-de-sus-viviendas\\\/#primaryimage\"},\"thumbnailUrl\":\"https:\\\/\\\/www.eldiario.net\\\/portal\\\/wp-content\\\/uploads\\\/2026\\\/09\\\/F-3-viviendas.webp\",\"datePublished\":\"2026-09-04T10:03:08+00:00\",\"breadcrumb\":{\"@id\":\"https:\\\/\\\/www.eldiario.net\\\/portal\\\/2026\\\/09\\\/04\\\/30-000-familias-del-pais-accederan-a-titulacion-propietaria-de-sus-viviendas\\\/#breadcrumb\"},\"inLanguage\":\"es\",\"potentialAction\":[{\"@type\":\"ReadAction\",\"target\":[\"https:\\\/\\\/www.eldiario.net\\\/portal\\\/2026\\\/09\\\/04\\\/30-000-familias-del-pais-accederan-a-titulacion-propietaria-de-sus-viviendas\\\/\"]}]},{\"@type\":\"ImageObject\",\"inLanguage\":\"es\",\"@id\":\"https:\\\/\\\/www.eldiario.net\\\/portal\\\/2026\\\/09\\\/04\\\/30-000-familias-del-pais-accederan-a-titulacion-propietaria-de-sus-viviendas\\\/#primaryimage\",\"url\":\"https:\\\/\\\/www.eldiario.net\\\/portal\\\/wp-content\\\/uploads\\\/2026\\\/09\\\/F-3-viviendas.webp\",\"contentUrl\":\"https:\\\/\\\/www.eldiario.net\\\/portal\\\/wp-content\\\/uploads\\\/2026\\\/09\\\/F-3-viviendas.webp\",\"width\":1587,\"height\":1365,\"caption\":\"El presidente de Bolivia junto con las autoridades del municipio de El Alto.\"},{\"@type\":\"BreadcrumbList\",\"@id\":\"https:\\\/\\\/www.eldiario.net\\\/portal\\\/2026\\\/09\\\/04\\\/30-000-familias-del-pais-accederan-a-titulacion-propietaria-de-sus-viviendas\\\/#breadcrumb\",\"itemListElement\":[{\"@type\":\"ListItem\",\"position\":1,\"name\":\"Portada\",\"item\":\"https:\\\/\\\/www.eldiario.net\\\/portal\\\/\"},{\"@type\":\"ListItem\",\"position\":2,\"name\":\"30.000 familias del pa\u00eds acceder\u00e1n a titulaci\u00f3n propietaria de sus viviendas\"}]},{\"@type\":\"WebSite\",\"@id\":\"https:\\\/\\\/www.eldiario.net\\\/portal\\\/#website\",\"url\":\"https:\\\/\\\/www.eldiario.net\\\/portal\\\/\",\"name\":\"El Diario - Decano de la prensa nacional\",\"description\":\"El Diario - Decano de la prensa nacional\",\"publisher\":{\"@id\":\"https:\\\/\\\/www.eldiario.net\\\/portal\\\/#organization\"},\"potentialAction\":[{\"@type\":\"SearchAction\",\"target\":{\"@type\":\"EntryPoint\",\"urlTemplate\":\"https:\\\/\\\/www.eldiario.net\\\/portal\\\/?s={search_term_string}\"},\"query-input\":{\"@type\":\"PropertyValueSpecification\",\"valueRequired\":true,\"valueName\":\"search_term_string\"}}],\"inLanguage\":\"es\"},{\"@type\":\"Organization\",\"@id\":\"https:\\\/\\\/www.eldiario.net\\\/portal\\\/#organization\",\"name\":\"El Diario - Decano de la prensa nacional\",\"url\":\"https:\\\/\\\/www.eldiario.net\\\/portal\\\/\",\"logo\":{\"@type\":\"ImageObject\",\"inLanguage\":\"es\",\"@id\":\"https:\\\/\\\/www.eldiario.net\\\/portal\\\/#\\\/schema\\\/logo\\\/image\\\/\",\"url\":\"https:\\\/\\\/www.eldiario.net\\\/portal\\\/wp-content\\\/uploads\\\/2023\\\/07\\\/logo_ED.jpg\",\"contentUrl\":\"https:\\\/\\\/www.eldiario.net\\\/portal\\\/wp-content\\\/uploads\\\/2023\\\/07\\\/logo_ED.jpg\",\"width\":272,\"height\":52,\"caption\":\"El Diario - Decano de la prensa nacional\"},\"image\":{\"@id\":\"https:\\\/\\\/www.eldiario.net\\\/portal\\\/#\\\/schema\\\/logo\\\/image\\\/\"},\"sameAs\":[\"https:\\\/\\\/www.facebook.com\\\/eldiario.bolivia\\\/\",\"https:\\\/\\\/x.com\\\/eldiario_net\"]},{\"@type\":\"Person\",\"@id\":\"https:\\\/\\\/www.eldiario.net\\\/portal\\\/#\\\/schema\\\/person\\\/f46445640444750d7d753ccd04ae01b7\",\"name\":\"Jeanette\",\"image\":{\"@type\":\"ImageObject\",\"inLanguage\":\"es\",\"@id\":\"https:\\\/\\\/secure.gravatar.com\\\/avatar\\\/3ea2118a5f7dad2b7138b1187a6b7ee55f160b9968b66013c3a3ef39dd7e5798?s=96&d=mm&r=g\",\"url\":\"https:\\\/\\\/secure.gravatar.com\\\/avatar\\\/3ea2118a5f7dad2b7138b1187a6b7ee55f160b9968b66013c3a3ef39dd7e5798?s=96&d=mm&r=g\",\"contentUrl\":\"https:\\\/\\\/secure.gravatar.com\\\/avatar\\\/3ea2118a5f7dad2b7138b1187a6b7ee55f160b9968b66013c3a3ef39dd7e5798?s=96&d=mm&r=g\",\"caption\":\"Jeanette\"},\"sameAs\":[\"https:\\\/\\\/www.eldiario.net\\\/portal\"],\"url\":\"https:\\\/\\\/www.eldiario.net\\\/portal\\\/author\\\/jeanette\\\/\"}]}<\/script>\n<!-- \/ Yoast SEO plugin. -->","yoast_head_json":{"title":"30.000 familias del pa\u00eds acceder\u00e1n a titulaci\u00f3n propietaria de sus viviendas - El Diario - Bolivia","robots":{"index":"index","follow":"follow","max-snippet":"max-snippet:-1","max-image-preview":"max-image-preview:large","max-video-preview":"max-video-preview:-1"},"canonical":"https:\/\/www.eldiario.net\/portal\/2026\/09\/04\/30-000-familias-del-pais-accederan-a-titulacion-propietaria-de-sus-viviendas\/","og_locale":"es_ES","og_type":"article","og_title":"30.000 familias del pa\u00eds acceder\u00e1n a titulaci\u00f3n propietaria de sus viviendas - El Diario - Bolivia","og_description":"El presidente del Estado, Rodrigo Paz Pereira, dio inicio oficial al Programa Nacional de Titulaci\u00f3n masiva de viviendas, desde la ciudad de El Alto, cuyo objetivo es otorgar este documento a 30 mil familias en todo el pa\u00eds. \u201cDesde El Alto, lanzamos oficialmente el Programa de Titulaci\u00f3n Masiva para que miles de familias bolivianas cuenten [&hellip;]","og_url":"https:\/\/www.eldiario.net\/portal\/2026\/09\/04\/30-000-familias-del-pais-accederan-a-titulacion-propietaria-de-sus-viviendas\/","og_site_name":"El Diario - Bolivia","article_publisher":"https:\/\/www.facebook.com\/eldiario.bolivia\/","article_published_time":"2026-09-04T10:03:08+00:00","og_image":[{"width":1587,"height":1365,"url":"https:\/\/www.eldiario.net\/portal\/wp-content\/uploads\/2026\/09\/F-3-viviendas.webp","type":"image\/webp"}],"author":"Jeanette","twitter_card":"summary_large_image","twitter_creator":"@eldiario_net","twitter_site":"@eldiario_net","twitter_misc":{"Escrito por":"Jeanette","Tiempo de lectura":"3 minutos"},"schema":{"@context":"https:\/\/schema.org","@graph":[{"@type":"Article","@id":"https:\/\/www.eldiario.net\/portal\/2026\/09\/04\/30-000-familias-del-pais-accederan-a-titulacion-propietaria-de-sus-viviendas\/#article","isPartOf":{"@id":"https:\/\/www.eldiario.net\/portal\/2026\/09\/04\/30-000-familias-del-pais-accederan-a-titulacion-propietaria-de-sus-viviendas\/"},"author":{"name":"Jeanette","@id":"https:\/\/www.eldiario.net\/portal\/#\/schema\/person\/f46445640444750d7d753ccd04ae01b7"},"headline":"30.000 familias del pa\u00eds acceder\u00e1n a titulaci\u00f3n propietaria de sus viviendas","datePublished":"2026-09-04T10:03:08+00:00","mainEntityOfPage":{"@id":"https:\/\/www.eldiario.net\/portal\/2026\/09\/04\/30-000-familias-del-pais-accederan-a-titulacion-propietaria-de-sus-viviendas\/"},"wordCount":430,"publisher":{"@id":"https:\/\/www.eldiario.net\/portal\/#organization"},"image":{"@id":"https:\/\/www.eldiario.net\/portal\/2026\/09\/04\/30-000-familias-del-pais-accederan-a-titulacion-propietaria-de-sus-viviendas\/#primaryimage"},"thumbnailUrl":"https:\/\/www.eldiario.net\/portal\/wp-content\/uploads\/2026\/09\/F-3-viviendas.webp","articleSection":["Nacional"],"inLanguage":"es"},{"@type":"WebPage","@id":"https:\/\/www.eldiario.net\/portal\/2026\/09\/04\/30-000-familias-del-pais-accederan-a-titulacion-propietaria-de-sus-viviendas\/","url":"https:\/\/www.eldiario.net\/portal\/2026\/09\/04\/30-000-familias-del-pais-accederan-a-titulacion-propietaria-de-sus-viviendas\/","name":"30.000 familias del pa\u00eds acceder\u00e1n a titulaci\u00f3n propietaria de sus viviendas - El Diario - Bolivia","isPartOf":{"@id":"https:\/\/www.eldiario.net\/portal\/#website"},"primaryImageOfPage":{"@id":"https:\/\/www.eldiario.net\/portal\/2026\/09\/04\/30-000-familias-del-pais-accederan-a-titulacion-propietaria-de-sus-viviendas\/#primaryimage"},"image":{"@id":"https:\/\/www.eldiario.net\/portal\/2026\/09\/04\/30-000-familias-del-pais-accederan-a-titulacion-propietaria-de-sus-viviendas\/#primaryimage"},"thumbnailUrl":"https:\/\/www.eldiario.net\/portal\/wp-content\/uploads\/2026\/09\/F-3-viviendas.webp","datePublished":"2026-09-04T10:03:08+00:00","breadcrumb":{"@id":"https:\/\/www.eldiario.net\/portal\/2026\/09\/04\/30-000-familias-del-pais-accederan-a-titulacion-propietaria-de-sus-viviendas\/#breadcrumb"},"inLanguage":"es","potentialAction":[{"@type":"ReadAction","target":["https:\/\/www.eldiario.net\/portal\/2026\/09\/04\/30-000-familias-del-pais-accederan-a-titulacion-propietaria-de-sus-viviendas\/"]}]},{"@type":"ImageObject","inLanguage":"es","@id":"https:\/\/www.eldiario.net\/portal\/2026\/09\/04\/30-000-familias-del-pais-accederan-a-titulacion-propietaria-de-sus-viviendas\/#primaryimage","url":"https:\/\/www.eldiario.net\/portal\/wp-content\/uploads\/2026\/09\/F-3-viviendas.webp","contentUrl":"https:\/\/www.eldiario.net\/portal\/wp-content\/uploads\/2026\/09\/F-3-viviendas.webp","width":1587,"height":1365,"caption":"El presidente de Bolivia junto con las autoridades del municipio de El Alto."},{"@type":"BreadcrumbList","@id":"https:\/\/www.eldiario.net\/portal\/2026\/09\/04\/30-000-familias-del-pais-accederan-a-titulacion-propietaria-de-sus-viviendas\/#breadcrumb","itemListElement":[{"@type":"ListItem","position":1,"name":"Portada","item":"https:\/\/www.eldiario.net\/portal\/"},{"@type":"ListItem","position":2,"name":"30.000 familias del pa\u00eds acceder\u00e1n a titulaci\u00f3n propietaria de sus viviendas"}]},{"@type":"WebSite","@id":"https:\/\/www.eldiario.net\/portal\/#website","url":"https:\/\/www.eldiario.net\/portal\/","name":"El Diario - Decano de la prensa nacional","description":"El Diario - Decano de la prensa nacional","publisher":{"@id":"https:\/\/www.eldiario.net\/portal\/#organization"},"potentialAction":[{"@type":"SearchAction","target":{"@type":"EntryPoint","urlTemplate":"https:\/\/www.eldiario.net\/portal\/?s={search_term_string}"},"query-input":{"@type":"PropertyValueSpecification","valueRequired":true,"valueName":"search_term_string"}}],"inLanguage":"es"},{"@type":"Organization","@id":"https:\/\/www.eldiario.net\/portal\/#organization","name":"El Diario - Decano de la prensa nacional","url":"https:\/\/www.eldiario.net\/portal\/","logo":{"@type":"ImageObject","inLanguage":"es","@id":"https:\/\/www.eldiario.net\/portal\/#\/schema\/logo\/image\/","url":"https:\/\/www.eldiario.net\/portal\/wp-content\/uploads\/2023\/07\/logo_ED.jpg","contentUrl":"https:\/\/www.eldiario.net\/portal\/wp-content\/uploads\/2023\/07\/logo_ED.jpg","width":272,"height":52,"caption":"El Diario - Decano de la prensa nacional"},"image":{"@id":"https:\/\/www.eldiario.net\/portal\/#\/schema\/logo\/image\/"},"sameAs":["https:\/\/www.facebook.com\/eldiario.bolivia\/","https:\/\/x.com\/eldiario_net"]},{"@type":"Person","@id":"https:\/\/www.eldiario.net\/portal\/#\/schema\/person\/f46445640444750d7d753ccd04ae01b7","name":"Jeanette","image":{"@type":"ImageObject","inLanguage":"es","@id":"https:\/\/secure.gravatar.com\/avatar\/3ea2118a5f7dad2b7138b1187a6b7ee55f160b9968b66013c3a3ef39dd7e5798?s=96&d=mm&r=g","url":"https:\/\/secure.gravatar.com\/avatar\/3ea2118a5f7dad2b7138b1187a6b7ee55f160b9968b66013c3a3ef39dd7e5798?s=96&d=mm&r=g","contentUrl":"https:\/\/secure.gravatar.com\/avatar\/3ea2118a5f7dad2b7138b1187a6b7ee55f160b9968b66013c3a3ef39dd7e5798?s=96&d=mm&r=g","caption":"Jeanette"},"sameAs":["https:\/\/www.eldiario.net\/portal"],"url":"https:\/\/www.eldiario.net\/portal\/author\/jeanette\/"}]}},"_links":{"self":[{"href":"https:\/\/www.eldiario.net\/portal\/wp-json\/wp\/v2\/posts\/427535","targetHints":{"allow":["GET"]}}],"collection":[{"href":"https:\/\/www.eldiario.net\/portal\/wp-json\/wp\/v2\/posts"}],"about":[{"href":"https:\/\/www.eldiario.net\/portal\/wp-json\/wp\/v2\/types\/post"}],"author":[{"embeddable":true,"href":"https:\/\/www.eldiario.net\/portal\/wp-json\/wp\/v2\/users\/1"}],"replies":[{"embeddable":true,"href":"https:\/\/www.eldiario.net\/portal\/wp-json\/wp\/v2\/comments?post=427535"}],"version-history":[{"count":1,"href":"https:\/\/www.eldiario.net\/portal\/wp-json\/wp\/v2\/posts\/427535\/revisions"}],"predecessor-version":[{"id":427537,"href":"https:\/\/www.eldiario.net\/portal\/wp-json\/wp\/v2\/posts\/427535\/revisions\/427537"}],"wp:featuredmedia":[{"embeddable":true,"href":"https:\/\/www.eldiario.net\/portal\/wp-json\/wp\/v2\/media\/427536"}],"wp:attachment":[{"href":"https:\/\/www.eldiario.net\/portal\/wp-json\/wp\/v2\/media?parent=427535"}],"wp:term":[{"taxonomy":"category","embeddable":true,"href":"https:\/\/www.eldiario.net\/portal\/wp-json\/wp\/v2\/categories?post=427535"},{"taxonomy":"post_tag","embeddable":true,"href":"https:\/\/www.eldiario.net\/portal\/wp-json\/wp\/v2\/tags?post=427535"}],"curies":[{"name":"wp","href":"https:\/\/api.w.org\/{rel}","templated":true}]}}