{"id":427527,"date":"2026-09-04T05:55:03","date_gmt":"2026-09-04T09:55:03","guid":{"rendered":"https:\/\/www.eldiario.net\/portal\/?p=427527"},"modified":"2026-09-04T05:55:03","modified_gmt":"2026-09-04T09:55:03","slug":"tribunal-ordena-frenar-ataques-cuando-exista-menores-reclutados","status":"publish","type":"post","link":"https:\/\/www.eldiario.net\/portal\/2026\/09\/04\/tribunal-ordena-frenar-ataques-cuando-exista-menores-reclutados\/","title":{"rendered":"Tribunal ordena frenar ataques cuando exista menores reclutados"},"content":{"rendered":"<p>Una jueza colombiana orden\u00f3 provisionalmente al gobierno de Abelardo de la Espriella abstenerse de ejecutar bombardeos cuando exista informaci\u00f3n acerca de la presencia de menores reclutados por grupos armados ilegales.<br \/>\nLa decisi\u00f3n judicial, fechada el mi\u00e9rcoles y conocida por la prensa ayer, responde a una acci\u00f3n de amparo elevada por un ciudadano que dijo actuar en nombre de los menores v\u00edctimas de reclutamiento que se encuentren en campamentos de grupos ilegales y que puedan resultar afectados por operaciones a\u00e9reas ofensivas.<br \/>\nEn menos de un mes de gobierno, De la Espriella ejecut\u00f3 al menos tres bombardeos contra distintos grupos armados ilegales, como parte de su estrategia de seguridad en la que prometi\u00f3 tener \u201cmano de hierro\u201d.<br \/>\nTres menores de edad fueron identificados por el instituto forense entre una decena de cuerpos que dejaron los operativos militares, que incluyeron un bombardeo el 27 de agosto en una zona selv\u00e1tica del municipio de El Retorno, en el departamento de Guaviare, en el centro-sur del pa\u00eds.<br \/>\nEl presidente y el Ministerio de Defensa defendieron la operaci\u00f3n militar contra las disidencias de las extintas Fuerzas Armadas Revolucionarias de Colombia, que continuaron en armas pese a que el Estado firm\u00f3 un acuerdo de paz con la guerrilla hace una d\u00e9cada.<br \/>\nAseguraron que eran \u201ccombatientes\u201d y responsabilizaron al grupo armado de violar el Derecho Internacional Humanitario al reclutar menores y utilizarlos como \u201cescudos\u201d.<br \/>\nLa jueza de un juzgado de Familia de Bogot\u00e1 les orden\u00f3, como medida provisional mientras decide de fondo el caso, que se \u201cabstengan de ejecutar operaciones a\u00e9reas ofensivas sobre objetivos respecto de los cuales exista informaci\u00f3n cierta, objetiva o razonablemente verificable acerca de la presencia\u201d de menores reclutados, hasta tanto \u201cse adopten y verifiquen las medidas de precauci\u00f3n y protecci\u00f3n necesarias\u201d.<br \/>\nNi el Ministerio de Defensa ni el vocero del gobierno, Miller Soto, respondieron de inmediato a The Associated Press si acatar\u00e1n la medida provisional ordenada por la jueza o intentar\u00e1n elevar alg\u00fan recurso.<br \/>\nEl debate sobre los menores de edad reclutados en Colombia se sostiene a trav\u00e9s de los a\u00f1os. El gobierno de Petro tambi\u00e9n fue cuestionado por ordenar bombardeos en los que murieron menores.<br \/>\nTras ser reclutados bajo enga\u00f1os, persuadidos con lujos o a la fuerza, los menores suelen ser utilizados para labores de vigilancia, tareas log\u00edsticas o de combate. Adem\u00e1s, la organizaci\u00f3n internacional Human Rights Watch denunci\u00f3 en su m\u00e1s reciente informe que los grupos armados ilegales los estar\u00edan entrenando en el manejo de drones cargados con explosivos.<br \/>\nAl menos 97 menores fueron reclutados forzadamente entre enero y julio, seg\u00fan la estatal Defensor\u00eda del Pueblo, especialmente en departamentos como Cauca y Nari\u00f1o, en el suroeste, y Norte de Santander, en el noreste. (Independent)<\/p>\n","protected":false},"excerpt":{"rendered":"<p>Una jueza colombiana orden\u00f3 provisionalmente al gobierno de Abelardo de la Espriella abstenerse de ejecutar bombardeos cuando exista informaci\u00f3n acerca de la presencia de menores reclutados por grupos armados ilegales. La decisi\u00f3n judicial, fechada el mi\u00e9rcoles y conocida por la prensa ayer, responde a una acci\u00f3n de amparo elevada por un ciudadano que dijo actuar [&hellip;]<\/p>\n","protected":false},"author":1,"featured_media":427528,"comment_status":"closed","ping_status":"open","sticky":false,"template":"","format":"standard","meta":{"_acf_changed":false,"footnotes":""},"categories":[3],"tags":[],"class_list":["post-427527","post","type-post","status-publish","format-standard","has-post-thumbnail","category-internacional"],"acf":{"antetitulo":"Colombia"},"yoast_head":"<!-- This site is optimized with the Yoast SEO plugin v28.4 - https:\/\/yoast.com\/product\/yoast-seo-wordpress\/ -->\n<title>Tribunal ordena frenar ataques cuando exista menores reclutados - El Diario - Bolivia<\/title>\n<meta name=\"robots\" content=\"index, follow, max-snippet:-1, max-image-preview:large, max-video-preview:-1\" \/>\n<link rel=\"canonical\" href=\"https:\/\/www.eldiario.net\/portal\/2026\/09\/04\/tribunal-ordena-frenar-ataques-cuando-exista-menores-reclutados\/\" \/>\n<meta property=\"og:locale\" content=\"es_ES\" \/>\n<meta property=\"og:type\" content=\"article\" \/>\n<meta property=\"og:title\" content=\"Tribunal ordena frenar ataques cuando exista menores reclutados - El Diario - Bolivia\" \/>\n<meta property=\"og:description\" content=\"Una jueza colombiana orden\u00f3 provisionalmente al gobierno de Abelardo de la Espriella abstenerse de ejecutar bombardeos cuando exista informaci\u00f3n acerca de la presencia de menores reclutados por grupos armados ilegales. La decisi\u00f3n judicial, fechada el mi\u00e9rcoles y conocida por la prensa ayer, responde a una acci\u00f3n de amparo elevada por un ciudadano que dijo actuar [&hellip;]\" \/>\n<meta property=\"og:url\" content=\"https:\/\/www.eldiario.net\/portal\/2026\/09\/04\/tribunal-ordena-frenar-ataques-cuando-exista-menores-reclutados\/\" \/>\n<meta property=\"og:site_name\" content=\"El Diario - Bolivia\" \/>\n<meta property=\"article:publisher\" content=\"https:\/\/www.facebook.com\/eldiario.bolivia\/\" \/>\n<meta property=\"article:published_time\" content=\"2026-09-04T09:55:03+00:00\" \/>\n<meta property=\"og:image\" content=\"https:\/\/www.eldiario.net\/portal\/wp-content\/uploads\/2026\/09\/COLOMBIA-AP11.webp\" \/>\n\t<meta property=\"og:image:width\" content=\"1000\" \/>\n\t<meta property=\"og:image:height\" content=\"666\" \/>\n\t<meta property=\"og:image:type\" content=\"image\/webp\" \/>\n<meta name=\"author\" content=\"Jeanette\" \/>\n<meta name=\"twitter:card\" content=\"summary_large_image\" \/>\n<meta name=\"twitter:creator\" content=\"@eldiario_net\" \/>\n<meta name=\"twitter:site\" content=\"@eldiario_net\" \/>\n<meta name=\"twitter:label1\" content=\"Escrito por\" \/>\n\t<meta name=\"twitter:data1\" content=\"Jeanette\" \/>\n\t<meta name=\"twitter:label2\" content=\"Tiempo de lectura\" \/>\n\t<meta name=\"twitter:data2\" content=\"3 minutos\" \/>\n<script type=\"application\/ld+json\" class=\"yoast-schema-graph\">{\"@context\":\"https:\\\/\\\/schema.org\",\"@graph\":[{\"@type\":\"Article\",\"@id\":\"https:\\\/\\\/www.eldiario.net\\\/portal\\\/2026\\\/09\\\/04\\\/tribunal-ordena-frenar-ataques-cuando-exista-menores-reclutados\\\/#article\",\"isPartOf\":{\"@id\":\"https:\\\/\\\/www.eldiario.net\\\/portal\\\/2026\\\/09\\\/04\\\/tribunal-ordena-frenar-ataques-cuando-exista-menores-reclutados\\\/\"},\"author\":{\"name\":\"Jeanette\",\"@id\":\"https:\\\/\\\/www.eldiario.net\\\/portal\\\/#\\\/schema\\\/person\\\/f46445640444750d7d753ccd04ae01b7\"},\"headline\":\"Tribunal ordena frenar ataques cuando exista menores reclutados\",\"datePublished\":\"2026-09-04T09:55:03+00:00\",\"mainEntityOfPage\":{\"@id\":\"https:\\\/\\\/www.eldiario.net\\\/portal\\\/2026\\\/09\\\/04\\\/tribunal-ordena-frenar-ataques-cuando-exista-menores-reclutados\\\/\"},\"wordCount\":477,\"publisher\":{\"@id\":\"https:\\\/\\\/www.eldiario.net\\\/portal\\\/#organization\"},\"image\":{\"@id\":\"https:\\\/\\\/www.eldiario.net\\\/portal\\\/2026\\\/09\\\/04\\\/tribunal-ordena-frenar-ataques-cuando-exista-menores-reclutados\\\/#primaryimage\"},\"thumbnailUrl\":\"https:\\\/\\\/www.eldiario.net\\\/portal\\\/wp-content\\\/uploads\\\/2026\\\/09\\\/COLOMBIA-AP11.webp\",\"articleSection\":[\"Internacional\"],\"inLanguage\":\"es\"},{\"@type\":\"WebPage\",\"@id\":\"https:\\\/\\\/www.eldiario.net\\\/portal\\\/2026\\\/09\\\/04\\\/tribunal-ordena-frenar-ataques-cuando-exista-menores-reclutados\\\/\",\"url\":\"https:\\\/\\\/www.eldiario.net\\\/portal\\\/2026\\\/09\\\/04\\\/tribunal-ordena-frenar-ataques-cuando-exista-menores-reclutados\\\/\",\"name\":\"Tribunal ordena frenar ataques cuando exista menores reclutados - El Diario - Bolivia\",\"isPartOf\":{\"@id\":\"https:\\\/\\\/www.eldiario.net\\\/portal\\\/#website\"},\"primaryImageOfPage\":{\"@id\":\"https:\\\/\\\/www.eldiario.net\\\/portal\\\/2026\\\/09\\\/04\\\/tribunal-ordena-frenar-ataques-cuando-exista-menores-reclutados\\\/#primaryimage\"},\"image\":{\"@id\":\"https:\\\/\\\/www.eldiario.net\\\/portal\\\/2026\\\/09\\\/04\\\/tribunal-ordena-frenar-ataques-cuando-exista-menores-reclutados\\\/#primaryimage\"},\"thumbnailUrl\":\"https:\\\/\\\/www.eldiario.net\\\/portal\\\/wp-content\\\/uploads\\\/2026\\\/09\\\/COLOMBIA-AP11.webp\",\"datePublished\":\"2026-09-04T09:55:03+00:00\",\"breadcrumb\":{\"@id\":\"https:\\\/\\\/www.eldiario.net\\\/portal\\\/2026\\\/09\\\/04\\\/tribunal-ordena-frenar-ataques-cuando-exista-menores-reclutados\\\/#breadcrumb\"},\"inLanguage\":\"es\",\"potentialAction\":[{\"@type\":\"ReadAction\",\"target\":[\"https:\\\/\\\/www.eldiario.net\\\/portal\\\/2026\\\/09\\\/04\\\/tribunal-ordena-frenar-ataques-cuando-exista-menores-reclutados\\\/\"]}]},{\"@type\":\"ImageObject\",\"inLanguage\":\"es\",\"@id\":\"https:\\\/\\\/www.eldiario.net\\\/portal\\\/2026\\\/09\\\/04\\\/tribunal-ordena-frenar-ataques-cuando-exista-menores-reclutados\\\/#primaryimage\",\"url\":\"https:\\\/\\\/www.eldiario.net\\\/portal\\\/wp-content\\\/uploads\\\/2026\\\/09\\\/COLOMBIA-AP11.webp\",\"contentUrl\":\"https:\\\/\\\/www.eldiario.net\\\/portal\\\/wp-content\\\/uploads\\\/2026\\\/09\\\/COLOMBIA-AP11.webp\",\"width\":1000,\"height\":666,\"caption\":\"El presidente de Colombia, Abelardo de la Espriella.\"},{\"@type\":\"BreadcrumbList\",\"@id\":\"https:\\\/\\\/www.eldiario.net\\\/portal\\\/2026\\\/09\\\/04\\\/tribunal-ordena-frenar-ataques-cuando-exista-menores-reclutados\\\/#breadcrumb\",\"itemListElement\":[{\"@type\":\"ListItem\",\"position\":1,\"name\":\"Portada\",\"item\":\"https:\\\/\\\/www.eldiario.net\\\/portal\\\/\"},{\"@type\":\"ListItem\",\"position\":2,\"name\":\"Tribunal ordena frenar ataques cuando exista menores reclutados\"}]},{\"@type\":\"WebSite\",\"@id\":\"https:\\\/\\\/www.eldiario.net\\\/portal\\\/#website\",\"url\":\"https:\\\/\\\/www.eldiario.net\\\/portal\\\/\",\"name\":\"El Diario - Decano de la prensa nacional\",\"description\":\"El Diario - Decano de la prensa nacional\",\"publisher\":{\"@id\":\"https:\\\/\\\/www.eldiario.net\\\/portal\\\/#organization\"},\"potentialAction\":[{\"@type\":\"SearchAction\",\"target\":{\"@type\":\"EntryPoint\",\"urlTemplate\":\"https:\\\/\\\/www.eldiario.net\\\/portal\\\/?s={search_term_string}\"},\"query-input\":{\"@type\":\"PropertyValueSpecification\",\"valueRequired\":true,\"valueName\":\"search_term_string\"}}],\"inLanguage\":\"es\"},{\"@type\":\"Organization\",\"@id\":\"https:\\\/\\\/www.eldiario.net\\\/portal\\\/#organization\",\"name\":\"El Diario - Decano de la prensa nacional\",\"url\":\"https:\\\/\\\/www.eldiario.net\\\/portal\\\/\",\"logo\":{\"@type\":\"ImageObject\",\"inLanguage\":\"es\",\"@id\":\"https:\\\/\\\/www.eldiario.net\\\/portal\\\/#\\\/schema\\\/logo\\\/image\\\/\",\"url\":\"https:\\\/\\\/www.eldiario.net\\\/portal\\\/wp-content\\\/uploads\\\/2023\\\/07\\\/logo_ED.jpg\",\"contentUrl\":\"https:\\\/\\\/www.eldiario.net\\\/portal\\\/wp-content\\\/uploads\\\/2023\\\/07\\\/logo_ED.jpg\",\"width\":272,\"height\":52,\"caption\":\"El Diario - Decano de la prensa nacional\"},\"image\":{\"@id\":\"https:\\\/\\\/www.eldiario.net\\\/portal\\\/#\\\/schema\\\/logo\\\/image\\\/\"},\"sameAs\":[\"https:\\\/\\\/www.facebook.com\\\/eldiario.bolivia\\\/\",\"https:\\\/\\\/x.com\\\/eldiario_net\"]},{\"@type\":\"Person\",\"@id\":\"https:\\\/\\\/www.eldiario.net\\\/portal\\\/#\\\/schema\\\/person\\\/f46445640444750d7d753ccd04ae01b7\",\"name\":\"Jeanette\",\"image\":{\"@type\":\"ImageObject\",\"inLanguage\":\"es\",\"@id\":\"https:\\\/\\\/secure.gravatar.com\\\/avatar\\\/3ea2118a5f7dad2b7138b1187a6b7ee55f160b9968b66013c3a3ef39dd7e5798?s=96&d=mm&r=g\",\"url\":\"https:\\\/\\\/secure.gravatar.com\\\/avatar\\\/3ea2118a5f7dad2b7138b1187a6b7ee55f160b9968b66013c3a3ef39dd7e5798?s=96&d=mm&r=g\",\"contentUrl\":\"https:\\\/\\\/secure.gravatar.com\\\/avatar\\\/3ea2118a5f7dad2b7138b1187a6b7ee55f160b9968b66013c3a3ef39dd7e5798?s=96&d=mm&r=g\",\"caption\":\"Jeanette\"},\"sameAs\":[\"https:\\\/\\\/www.eldiario.net\\\/portal\"],\"url\":\"https:\\\/\\\/www.eldiario.net\\\/portal\\\/author\\\/jeanette\\\/\"}]}<\/script>\n<!-- \/ Yoast SEO plugin. -->","yoast_head_json":{"title":"Tribunal ordena frenar ataques cuando exista menores reclutados - El Diario - Bolivia","robots":{"index":"index","follow":"follow","max-snippet":"max-snippet:-1","max-image-preview":"max-image-preview:large","max-video-preview":"max-video-preview:-1"},"canonical":"https:\/\/www.eldiario.net\/portal\/2026\/09\/04\/tribunal-ordena-frenar-ataques-cuando-exista-menores-reclutados\/","og_locale":"es_ES","og_type":"article","og_title":"Tribunal ordena frenar ataques cuando exista menores reclutados - El Diario - Bolivia","og_description":"Una jueza colombiana orden\u00f3 provisionalmente al gobierno de Abelardo de la Espriella abstenerse de ejecutar bombardeos cuando exista informaci\u00f3n acerca de la presencia de menores reclutados por grupos armados ilegales. La decisi\u00f3n judicial, fechada el mi\u00e9rcoles y conocida por la prensa ayer, responde a una acci\u00f3n de amparo elevada por un ciudadano que dijo actuar [&hellip;]","og_url":"https:\/\/www.eldiario.net\/portal\/2026\/09\/04\/tribunal-ordena-frenar-ataques-cuando-exista-menores-reclutados\/","og_site_name":"El Diario - Bolivia","article_publisher":"https:\/\/www.facebook.com\/eldiario.bolivia\/","article_published_time":"2026-09-04T09:55:03+00:00","og_image":[{"width":1000,"height":666,"url":"https:\/\/www.eldiario.net\/portal\/wp-content\/uploads\/2026\/09\/COLOMBIA-AP11.webp","type":"image\/webp"}],"author":"Jeanette","twitter_card":"summary_large_image","twitter_creator":"@eldiario_net","twitter_site":"@eldiario_net","twitter_misc":{"Escrito por":"Jeanette","Tiempo de lectura":"3 minutos"},"schema":{"@context":"https:\/\/schema.org","@graph":[{"@type":"Article","@id":"https:\/\/www.eldiario.net\/portal\/2026\/09\/04\/tribunal-ordena-frenar-ataques-cuando-exista-menores-reclutados\/#article","isPartOf":{"@id":"https:\/\/www.eldiario.net\/portal\/2026\/09\/04\/tribunal-ordena-frenar-ataques-cuando-exista-menores-reclutados\/"},"author":{"name":"Jeanette","@id":"https:\/\/www.eldiario.net\/portal\/#\/schema\/person\/f46445640444750d7d753ccd04ae01b7"},"headline":"Tribunal ordena frenar ataques cuando exista menores reclutados","datePublished":"2026-09-04T09:55:03+00:00","mainEntityOfPage":{"@id":"https:\/\/www.eldiario.net\/portal\/2026\/09\/04\/tribunal-ordena-frenar-ataques-cuando-exista-menores-reclutados\/"},"wordCount":477,"publisher":{"@id":"https:\/\/www.eldiario.net\/portal\/#organization"},"image":{"@id":"https:\/\/www.eldiario.net\/portal\/2026\/09\/04\/tribunal-ordena-frenar-ataques-cuando-exista-menores-reclutados\/#primaryimage"},"thumbnailUrl":"https:\/\/www.eldiario.net\/portal\/wp-content\/uploads\/2026\/09\/COLOMBIA-AP11.webp","articleSection":["Internacional"],"inLanguage":"es"},{"@type":"WebPage","@id":"https:\/\/www.eldiario.net\/portal\/2026\/09\/04\/tribunal-ordena-frenar-ataques-cuando-exista-menores-reclutados\/","url":"https:\/\/www.eldiario.net\/portal\/2026\/09\/04\/tribunal-ordena-frenar-ataques-cuando-exista-menores-reclutados\/","name":"Tribunal ordena frenar ataques cuando exista menores reclutados - El Diario - Bolivia","isPartOf":{"@id":"https:\/\/www.eldiario.net\/portal\/#website"},"primaryImageOfPage":{"@id":"https:\/\/www.eldiario.net\/portal\/2026\/09\/04\/tribunal-ordena-frenar-ataques-cuando-exista-menores-reclutados\/#primaryimage"},"image":{"@id":"https:\/\/www.eldiario.net\/portal\/2026\/09\/04\/tribunal-ordena-frenar-ataques-cuando-exista-menores-reclutados\/#primaryimage"},"thumbnailUrl":"https:\/\/www.eldiario.net\/portal\/wp-content\/uploads\/2026\/09\/COLOMBIA-AP11.webp","datePublished":"2026-09-04T09:55:03+00:00","breadcrumb":{"@id":"https:\/\/www.eldiario.net\/portal\/2026\/09\/04\/tribunal-ordena-frenar-ataques-cuando-exista-menores-reclutados\/#breadcrumb"},"inLanguage":"es","potentialAction":[{"@type":"ReadAction","target":["https:\/\/www.eldiario.net\/portal\/2026\/09\/04\/tribunal-ordena-frenar-ataques-cuando-exista-menores-reclutados\/"]}]},{"@type":"ImageObject","inLanguage":"es","@id":"https:\/\/www.eldiario.net\/portal\/2026\/09\/04\/tribunal-ordena-frenar-ataques-cuando-exista-menores-reclutados\/#primaryimage","url":"https:\/\/www.eldiario.net\/portal\/wp-content\/uploads\/2026\/09\/COLOMBIA-AP11.webp","contentUrl":"https:\/\/www.eldiario.net\/portal\/wp-content\/uploads\/2026\/09\/COLOMBIA-AP11.webp","width":1000,"height":666,"caption":"El presidente de Colombia, Abelardo de la Espriella."},{"@type":"BreadcrumbList","@id":"https:\/\/www.eldiario.net\/portal\/2026\/09\/04\/tribunal-ordena-frenar-ataques-cuando-exista-menores-reclutados\/#breadcrumb","itemListElement":[{"@type":"ListItem","position":1,"name":"Portada","item":"https:\/\/www.eldiario.net\/portal\/"},{"@type":"ListItem","position":2,"name":"Tribunal ordena frenar ataques cuando exista menores reclutados"}]},{"@type":"WebSite","@id":"https:\/\/www.eldiario.net\/portal\/#website","url":"https:\/\/www.eldiario.net\/portal\/","name":"El Diario - Decano de la prensa nacional","description":"El Diario - Decano de la prensa nacional","publisher":{"@id":"https:\/\/www.eldiario.net\/portal\/#organization"},"potentialAction":[{"@type":"SearchAction","target":{"@type":"EntryPoint","urlTemplate":"https:\/\/www.eldiario.net\/portal\/?s={search_term_string}"},"query-input":{"@type":"PropertyValueSpecification","valueRequired":true,"valueName":"search_term_string"}}],"inLanguage":"es"},{"@type":"Organization","@id":"https:\/\/www.eldiario.net\/portal\/#organization","name":"El Diario - Decano de la prensa nacional","url":"https:\/\/www.eldiario.net\/portal\/","logo":{"@type":"ImageObject","inLanguage":"es","@id":"https:\/\/www.eldiario.net\/portal\/#\/schema\/logo\/image\/","url":"https:\/\/www.eldiario.net\/portal\/wp-content\/uploads\/2023\/07\/logo_ED.jpg","contentUrl":"https:\/\/www.eldiario.net\/portal\/wp-content\/uploads\/2023\/07\/logo_ED.jpg","width":272,"height":52,"caption":"El Diario - Decano de la prensa nacional"},"image":{"@id":"https:\/\/www.eldiario.net\/portal\/#\/schema\/logo\/image\/"},"sameAs":["https:\/\/www.facebook.com\/eldiario.bolivia\/","https:\/\/x.com\/eldiario_net"]},{"@type":"Person","@id":"https:\/\/www.eldiario.net\/portal\/#\/schema\/person\/f46445640444750d7d753ccd04ae01b7","name":"Jeanette","image":{"@type":"ImageObject","inLanguage":"es","@id":"https:\/\/secure.gravatar.com\/avatar\/3ea2118a5f7dad2b7138b1187a6b7ee55f160b9968b66013c3a3ef39dd7e5798?s=96&d=mm&r=g","url":"https:\/\/secure.gravatar.com\/avatar\/3ea2118a5f7dad2b7138b1187a6b7ee55f160b9968b66013c3a3ef39dd7e5798?s=96&d=mm&r=g","contentUrl":"https:\/\/secure.gravatar.com\/avatar\/3ea2118a5f7dad2b7138b1187a6b7ee55f160b9968b66013c3a3ef39dd7e5798?s=96&d=mm&r=g","caption":"Jeanette"},"sameAs":["https:\/\/www.eldiario.net\/portal"],"url":"https:\/\/www.eldiario.net\/portal\/author\/jeanette\/"}]}},"_links":{"self":[{"href":"https:\/\/www.eldiario.net\/portal\/wp-json\/wp\/v2\/posts\/427527","targetHints":{"allow":["GET"]}}],"collection":[{"href":"https:\/\/www.eldiario.net\/portal\/wp-json\/wp\/v2\/posts"}],"about":[{"href":"https:\/\/www.eldiario.net\/portal\/wp-json\/wp\/v2\/types\/post"}],"author":[{"embeddable":true,"href":"https:\/\/www.eldiario.net\/portal\/wp-json\/wp\/v2\/users\/1"}],"replies":[{"embeddable":true,"href":"https:\/\/www.eldiario.net\/portal\/wp-json\/wp\/v2\/comments?post=427527"}],"version-history":[{"count":1,"href":"https:\/\/www.eldiario.net\/portal\/wp-json\/wp\/v2\/posts\/427527\/revisions"}],"predecessor-version":[{"id":427529,"href":"https:\/\/www.eldiario.net\/portal\/wp-json\/wp\/v2\/posts\/427527\/revisions\/427529"}],"wp:featuredmedia":[{"embeddable":true,"href":"https:\/\/www.eldiario.net\/portal\/wp-json\/wp\/v2\/media\/427528"}],"wp:attachment":[{"href":"https:\/\/www.eldiario.net\/portal\/wp-json\/wp\/v2\/media?parent=427527"}],"wp:term":[{"taxonomy":"category","embeddable":true,"href":"https:\/\/www.eldiario.net\/portal\/wp-json\/wp\/v2\/categories?post=427527"},{"taxonomy":"post_tag","embeddable":true,"href":"https:\/\/www.eldiario.net\/portal\/wp-json\/wp\/v2\/tags?post=427527"}],"curies":[{"name":"wp","href":"https:\/\/api.w.org\/{rel}","templated":true}]}}