{"id":427524,"date":"2026-09-04T05:54:14","date_gmt":"2026-09-04T09:54:14","guid":{"rendered":"https:\/\/www.eldiario.net\/portal\/?p=427524"},"modified":"2026-09-04T05:54:14","modified_gmt":"2026-09-04T09:54:14","slug":"eeuu-sanciona-a-nieto-del-expresidente-raul-castro","status":"publish","type":"post","link":"https:\/\/www.eldiario.net\/portal\/2026\/09\/04\/eeuu-sanciona-a-nieto-del-expresidente-raul-castro\/","title":{"rendered":"EEUU sanciona a nieto del  expresidente Ra\u00fal Castro"},"content":{"rendered":"<p>El Departamento del Tesoro de Estados Unidos anunci\u00f3 ayer sanciones contra Fidel Ernesto Castro Calis, nieto del expresidente cubano Ra\u00fal Castro, en el marco del embargo econ\u00f3mico, comercial y financiero impuesto a la isla por Washington.<br \/>\nLa Oficina de Control de Activos Extranjeros (OFAC, por sus siglas en ingl\u00e9s) incluy\u00f3 en la \u201clista negra\u201d a Castro, as\u00ed como a varias entidades vinculadas a las autoridades estatales, como el Banco Exterior de Cuba (BEC), con sede en La Habana, y Comercial Cupet, encargada de operaciones de comercio exterior de importaci\u00f3n y exportaci\u00f3n de bienes y servicios para el sector petrolero.<br \/>\nAsimismo, fueron sancionadas Nicarotec, Abapet y Cexni, empresas estatales de Cuba especializadas en la gesti\u00f3n, log\u00edstica y explotaci\u00f3n de sectores clave de su econom\u00eda, como el sector de los servicios t\u00e9cnicos e industriales, el equipamiento tecnol\u00f3gico para infraestructura energ\u00e9tica y la importaci\u00f3n de materias primas o maquinaria para el procesamiento de n\u00edquel y cobalto.<br \/>\nEl Departamento de Justicia estadounidense imput\u00f3 en mayo de 2026 al expresidente cubano por el derribo en 1996 de dos aviones civiles en aguas internacionales pertenecientes a la organizaci\u00f3n de exiliados cubanos Hermanos al Rescate, un incidente que se sald\u00f3 con la muerte de tres estadounidenses y un residente en el pa\u00eds norteamericano.<br \/>\nCastro fue acusado, junto con Lorenzo Alberto P\u00e9rez-P\u00e9rez; Emilio Jos\u00e9 Palacio Blanco; Jos\u00e9 Fidel Gual Barzaga; Ra\u00fal Simanca C\u00e1rdenas y Luis Ra\u00fal Gonz\u00e1lez, Pardo Rodr\u00edguez, por un cargo de conspiraci\u00f3n para matar a ciudadanos estadounidenses, dos por destrucci\u00f3n de aeronaves y cuatro cargos de homicidio.<br \/>\nEl \u00faltimo paquete de sanciones se produce en un contexto de bloqueo energ\u00e9tico y comercial impuesto por Washington contra la isla caribe\u00f1a a principios de este a\u00f1o que ha agravado a\u00fan m\u00e1s la crisis que asola Cuba, pa\u00eds que ha sufrido constantes apagones por falta de electricidad. El presidente de Estados Unidos, Donald Trump, firm\u00f3 la pasada semana un memorando para prorrogar el embargo un a\u00f1o m\u00e1s, esto es, hasta septiembre de 2027. (Europa Press)<\/p>\n","protected":false},"excerpt":{"rendered":"<p>El Departamento del Tesoro de Estados Unidos anunci\u00f3 ayer sanciones contra Fidel Ernesto Castro Calis, nieto del expresidente cubano Ra\u00fal Castro, en el marco del embargo econ\u00f3mico, comercial y financiero impuesto a la isla por Washington. La Oficina de Control de Activos Extranjeros (OFAC, por sus siglas en ingl\u00e9s) incluy\u00f3 en la \u201clista negra\u201d a [&hellip;]<\/p>\n","protected":false},"author":1,"featured_media":427525,"comment_status":"closed","ping_status":"open","sticky":false,"template":"","format":"standard","meta":{"_acf_changed":false,"footnotes":""},"categories":[3],"tags":[],"class_list":["post-427524","post","type-post","status-publish","format-standard","has-post-thumbnail","category-internacional"],"acf":{"antetitulo":""},"yoast_head":"<!-- This site is optimized with the Yoast SEO plugin v28.4 - https:\/\/yoast.com\/product\/yoast-seo-wordpress\/ -->\n<title>EEUU sanciona a nieto del expresidente Ra\u00fal Castro - El Diario - Bolivia<\/title>\n<meta name=\"robots\" content=\"index, follow, max-snippet:-1, max-image-preview:large, max-video-preview:-1\" \/>\n<link rel=\"canonical\" href=\"https:\/\/www.eldiario.net\/portal\/2026\/09\/04\/eeuu-sanciona-a-nieto-del-expresidente-raul-castro\/\" \/>\n<meta property=\"og:locale\" content=\"es_ES\" \/>\n<meta property=\"og:type\" content=\"article\" \/>\n<meta property=\"og:title\" content=\"EEUU sanciona a nieto del expresidente Ra\u00fal Castro - El Diario - Bolivia\" \/>\n<meta property=\"og:description\" content=\"El Departamento del Tesoro de Estados Unidos anunci\u00f3 ayer sanciones contra Fidel Ernesto Castro Calis, nieto del expresidente cubano Ra\u00fal Castro, en el marco del embargo econ\u00f3mico, comercial y financiero impuesto a la isla por Washington. La Oficina de Control de Activos Extranjeros (OFAC, por sus siglas en ingl\u00e9s) incluy\u00f3 en la \u201clista negra\u201d a [&hellip;]\" \/>\n<meta property=\"og:url\" content=\"https:\/\/www.eldiario.net\/portal\/2026\/09\/04\/eeuu-sanciona-a-nieto-del-expresidente-raul-castro\/\" \/>\n<meta property=\"og:site_name\" content=\"El Diario - Bolivia\" \/>\n<meta property=\"article:publisher\" content=\"https:\/\/www.facebook.com\/eldiario.bolivia\/\" \/>\n<meta property=\"article:published_time\" content=\"2026-09-04T09:54:14+00:00\" \/>\n<meta property=\"og:image\" content=\"https:\/\/www.eldiario.net\/portal\/wp-content\/uploads\/2026\/09\/CUBA-Notiamerica.webp\" \/>\n\t<meta property=\"og:image:width\" content=\"1200\" \/>\n\t<meta property=\"og:image:height\" content=\"798\" \/>\n\t<meta property=\"og:image:type\" content=\"image\/webp\" \/>\n<meta name=\"author\" content=\"Jeanette\" \/>\n<meta name=\"twitter:card\" content=\"summary_large_image\" \/>\n<meta name=\"twitter:creator\" content=\"@eldiario_net\" \/>\n<meta name=\"twitter:site\" content=\"@eldiario_net\" \/>\n<meta name=\"twitter:label1\" content=\"Escrito por\" \/>\n\t<meta name=\"twitter:data1\" content=\"Jeanette\" \/>\n\t<meta name=\"twitter:label2\" content=\"Tiempo de lectura\" \/>\n\t<meta name=\"twitter:data2\" content=\"2 minutos\" \/>\n<script type=\"application\/ld+json\" class=\"yoast-schema-graph\">{\"@context\":\"https:\\\/\\\/schema.org\",\"@graph\":[{\"@type\":\"Article\",\"@id\":\"https:\\\/\\\/www.eldiario.net\\\/portal\\\/2026\\\/09\\\/04\\\/eeuu-sanciona-a-nieto-del-expresidente-raul-castro\\\/#article\",\"isPartOf\":{\"@id\":\"https:\\\/\\\/www.eldiario.net\\\/portal\\\/2026\\\/09\\\/04\\\/eeuu-sanciona-a-nieto-del-expresidente-raul-castro\\\/\"},\"author\":{\"name\":\"Jeanette\",\"@id\":\"https:\\\/\\\/www.eldiario.net\\\/portal\\\/#\\\/schema\\\/person\\\/f46445640444750d7d753ccd04ae01b7\"},\"headline\":\"EEUU sanciona a nieto del expresidente Ra\u00fal Castro\",\"datePublished\":\"2026-09-04T09:54:14+00:00\",\"mainEntityOfPage\":{\"@id\":\"https:\\\/\\\/www.eldiario.net\\\/portal\\\/2026\\\/09\\\/04\\\/eeuu-sanciona-a-nieto-del-expresidente-raul-castro\\\/\"},\"wordCount\":365,\"publisher\":{\"@id\":\"https:\\\/\\\/www.eldiario.net\\\/portal\\\/#organization\"},\"image\":{\"@id\":\"https:\\\/\\\/www.eldiario.net\\\/portal\\\/2026\\\/09\\\/04\\\/eeuu-sanciona-a-nieto-del-expresidente-raul-castro\\\/#primaryimage\"},\"thumbnailUrl\":\"https:\\\/\\\/www.eldiario.net\\\/portal\\\/wp-content\\\/uploads\\\/2026\\\/09\\\/CUBA-Notiamerica.webp\",\"articleSection\":[\"Internacional\"],\"inLanguage\":\"es\"},{\"@type\":\"WebPage\",\"@id\":\"https:\\\/\\\/www.eldiario.net\\\/portal\\\/2026\\\/09\\\/04\\\/eeuu-sanciona-a-nieto-del-expresidente-raul-castro\\\/\",\"url\":\"https:\\\/\\\/www.eldiario.net\\\/portal\\\/2026\\\/09\\\/04\\\/eeuu-sanciona-a-nieto-del-expresidente-raul-castro\\\/\",\"name\":\"EEUU sanciona a nieto del expresidente Ra\u00fal Castro - El Diario - Bolivia\",\"isPartOf\":{\"@id\":\"https:\\\/\\\/www.eldiario.net\\\/portal\\\/#website\"},\"primaryImageOfPage\":{\"@id\":\"https:\\\/\\\/www.eldiario.net\\\/portal\\\/2026\\\/09\\\/04\\\/eeuu-sanciona-a-nieto-del-expresidente-raul-castro\\\/#primaryimage\"},\"image\":{\"@id\":\"https:\\\/\\\/www.eldiario.net\\\/portal\\\/2026\\\/09\\\/04\\\/eeuu-sanciona-a-nieto-del-expresidente-raul-castro\\\/#primaryimage\"},\"thumbnailUrl\":\"https:\\\/\\\/www.eldiario.net\\\/portal\\\/wp-content\\\/uploads\\\/2026\\\/09\\\/CUBA-Notiamerica.webp\",\"datePublished\":\"2026-09-04T09:54:14+00:00\",\"breadcrumb\":{\"@id\":\"https:\\\/\\\/www.eldiario.net\\\/portal\\\/2026\\\/09\\\/04\\\/eeuu-sanciona-a-nieto-del-expresidente-raul-castro\\\/#breadcrumb\"},\"inLanguage\":\"es\",\"potentialAction\":[{\"@type\":\"ReadAction\",\"target\":[\"https:\\\/\\\/www.eldiario.net\\\/portal\\\/2026\\\/09\\\/04\\\/eeuu-sanciona-a-nieto-del-expresidente-raul-castro\\\/\"]}]},{\"@type\":\"ImageObject\",\"inLanguage\":\"es\",\"@id\":\"https:\\\/\\\/www.eldiario.net\\\/portal\\\/2026\\\/09\\\/04\\\/eeuu-sanciona-a-nieto-del-expresidente-raul-castro\\\/#primaryimage\",\"url\":\"https:\\\/\\\/www.eldiario.net\\\/portal\\\/wp-content\\\/uploads\\\/2026\\\/09\\\/CUBA-Notiamerica.webp\",\"contentUrl\":\"https:\\\/\\\/www.eldiario.net\\\/portal\\\/wp-content\\\/uploads\\\/2026\\\/09\\\/CUBA-Notiamerica.webp\",\"width\":1200,\"height\":798,\"caption\":\"Imagen referencial de La Habana.\"},{\"@type\":\"BreadcrumbList\",\"@id\":\"https:\\\/\\\/www.eldiario.net\\\/portal\\\/2026\\\/09\\\/04\\\/eeuu-sanciona-a-nieto-del-expresidente-raul-castro\\\/#breadcrumb\",\"itemListElement\":[{\"@type\":\"ListItem\",\"position\":1,\"name\":\"Portada\",\"item\":\"https:\\\/\\\/www.eldiario.net\\\/portal\\\/\"},{\"@type\":\"ListItem\",\"position\":2,\"name\":\"EEUU sanciona a nieto del expresidente Ra\u00fal Castro\"}]},{\"@type\":\"WebSite\",\"@id\":\"https:\\\/\\\/www.eldiario.net\\\/portal\\\/#website\",\"url\":\"https:\\\/\\\/www.eldiario.net\\\/portal\\\/\",\"name\":\"El Diario - Decano de la prensa nacional\",\"description\":\"El Diario - Decano de la prensa nacional\",\"publisher\":{\"@id\":\"https:\\\/\\\/www.eldiario.net\\\/portal\\\/#organization\"},\"potentialAction\":[{\"@type\":\"SearchAction\",\"target\":{\"@type\":\"EntryPoint\",\"urlTemplate\":\"https:\\\/\\\/www.eldiario.net\\\/portal\\\/?s={search_term_string}\"},\"query-input\":{\"@type\":\"PropertyValueSpecification\",\"valueRequired\":true,\"valueName\":\"search_term_string\"}}],\"inLanguage\":\"es\"},{\"@type\":\"Organization\",\"@id\":\"https:\\\/\\\/www.eldiario.net\\\/portal\\\/#organization\",\"name\":\"El Diario - Decano de la prensa nacional\",\"url\":\"https:\\\/\\\/www.eldiario.net\\\/portal\\\/\",\"logo\":{\"@type\":\"ImageObject\",\"inLanguage\":\"es\",\"@id\":\"https:\\\/\\\/www.eldiario.net\\\/portal\\\/#\\\/schema\\\/logo\\\/image\\\/\",\"url\":\"https:\\\/\\\/www.eldiario.net\\\/portal\\\/wp-content\\\/uploads\\\/2023\\\/07\\\/logo_ED.jpg\",\"contentUrl\":\"https:\\\/\\\/www.eldiario.net\\\/portal\\\/wp-content\\\/uploads\\\/2023\\\/07\\\/logo_ED.jpg\",\"width\":272,\"height\":52,\"caption\":\"El Diario - Decano de la prensa nacional\"},\"image\":{\"@id\":\"https:\\\/\\\/www.eldiario.net\\\/portal\\\/#\\\/schema\\\/logo\\\/image\\\/\"},\"sameAs\":[\"https:\\\/\\\/www.facebook.com\\\/eldiario.bolivia\\\/\",\"https:\\\/\\\/x.com\\\/eldiario_net\"]},{\"@type\":\"Person\",\"@id\":\"https:\\\/\\\/www.eldiario.net\\\/portal\\\/#\\\/schema\\\/person\\\/f46445640444750d7d753ccd04ae01b7\",\"name\":\"Jeanette\",\"image\":{\"@type\":\"ImageObject\",\"inLanguage\":\"es\",\"@id\":\"https:\\\/\\\/secure.gravatar.com\\\/avatar\\\/3ea2118a5f7dad2b7138b1187a6b7ee55f160b9968b66013c3a3ef39dd7e5798?s=96&d=mm&r=g\",\"url\":\"https:\\\/\\\/secure.gravatar.com\\\/avatar\\\/3ea2118a5f7dad2b7138b1187a6b7ee55f160b9968b66013c3a3ef39dd7e5798?s=96&d=mm&r=g\",\"contentUrl\":\"https:\\\/\\\/secure.gravatar.com\\\/avatar\\\/3ea2118a5f7dad2b7138b1187a6b7ee55f160b9968b66013c3a3ef39dd7e5798?s=96&d=mm&r=g\",\"caption\":\"Jeanette\"},\"sameAs\":[\"https:\\\/\\\/www.eldiario.net\\\/portal\"],\"url\":\"https:\\\/\\\/www.eldiario.net\\\/portal\\\/author\\\/jeanette\\\/\"}]}<\/script>\n<!-- \/ Yoast SEO plugin. -->","yoast_head_json":{"title":"EEUU sanciona a nieto del expresidente Ra\u00fal Castro - El Diario - Bolivia","robots":{"index":"index","follow":"follow","max-snippet":"max-snippet:-1","max-image-preview":"max-image-preview:large","max-video-preview":"max-video-preview:-1"},"canonical":"https:\/\/www.eldiario.net\/portal\/2026\/09\/04\/eeuu-sanciona-a-nieto-del-expresidente-raul-castro\/","og_locale":"es_ES","og_type":"article","og_title":"EEUU sanciona a nieto del expresidente Ra\u00fal Castro - El Diario - Bolivia","og_description":"El Departamento del Tesoro de Estados Unidos anunci\u00f3 ayer sanciones contra Fidel Ernesto Castro Calis, nieto del expresidente cubano Ra\u00fal Castro, en el marco del embargo econ\u00f3mico, comercial y financiero impuesto a la isla por Washington. La Oficina de Control de Activos Extranjeros (OFAC, por sus siglas en ingl\u00e9s) incluy\u00f3 en la \u201clista negra\u201d a [&hellip;]","og_url":"https:\/\/www.eldiario.net\/portal\/2026\/09\/04\/eeuu-sanciona-a-nieto-del-expresidente-raul-castro\/","og_site_name":"El Diario - Bolivia","article_publisher":"https:\/\/www.facebook.com\/eldiario.bolivia\/","article_published_time":"2026-09-04T09:54:14+00:00","og_image":[{"width":1200,"height":798,"url":"https:\/\/www.eldiario.net\/portal\/wp-content\/uploads\/2026\/09\/CUBA-Notiamerica.webp","type":"image\/webp"}],"author":"Jeanette","twitter_card":"summary_large_image","twitter_creator":"@eldiario_net","twitter_site":"@eldiario_net","twitter_misc":{"Escrito por":"Jeanette","Tiempo de lectura":"2 minutos"},"schema":{"@context":"https:\/\/schema.org","@graph":[{"@type":"Article","@id":"https:\/\/www.eldiario.net\/portal\/2026\/09\/04\/eeuu-sanciona-a-nieto-del-expresidente-raul-castro\/#article","isPartOf":{"@id":"https:\/\/www.eldiario.net\/portal\/2026\/09\/04\/eeuu-sanciona-a-nieto-del-expresidente-raul-castro\/"},"author":{"name":"Jeanette","@id":"https:\/\/www.eldiario.net\/portal\/#\/schema\/person\/f46445640444750d7d753ccd04ae01b7"},"headline":"EEUU sanciona a nieto del expresidente Ra\u00fal Castro","datePublished":"2026-09-04T09:54:14+00:00","mainEntityOfPage":{"@id":"https:\/\/www.eldiario.net\/portal\/2026\/09\/04\/eeuu-sanciona-a-nieto-del-expresidente-raul-castro\/"},"wordCount":365,"publisher":{"@id":"https:\/\/www.eldiario.net\/portal\/#organization"},"image":{"@id":"https:\/\/www.eldiario.net\/portal\/2026\/09\/04\/eeuu-sanciona-a-nieto-del-expresidente-raul-castro\/#primaryimage"},"thumbnailUrl":"https:\/\/www.eldiario.net\/portal\/wp-content\/uploads\/2026\/09\/CUBA-Notiamerica.webp","articleSection":["Internacional"],"inLanguage":"es"},{"@type":"WebPage","@id":"https:\/\/www.eldiario.net\/portal\/2026\/09\/04\/eeuu-sanciona-a-nieto-del-expresidente-raul-castro\/","url":"https:\/\/www.eldiario.net\/portal\/2026\/09\/04\/eeuu-sanciona-a-nieto-del-expresidente-raul-castro\/","name":"EEUU sanciona a nieto del expresidente Ra\u00fal Castro - El Diario - Bolivia","isPartOf":{"@id":"https:\/\/www.eldiario.net\/portal\/#website"},"primaryImageOfPage":{"@id":"https:\/\/www.eldiario.net\/portal\/2026\/09\/04\/eeuu-sanciona-a-nieto-del-expresidente-raul-castro\/#primaryimage"},"image":{"@id":"https:\/\/www.eldiario.net\/portal\/2026\/09\/04\/eeuu-sanciona-a-nieto-del-expresidente-raul-castro\/#primaryimage"},"thumbnailUrl":"https:\/\/www.eldiario.net\/portal\/wp-content\/uploads\/2026\/09\/CUBA-Notiamerica.webp","datePublished":"2026-09-04T09:54:14+00:00","breadcrumb":{"@id":"https:\/\/www.eldiario.net\/portal\/2026\/09\/04\/eeuu-sanciona-a-nieto-del-expresidente-raul-castro\/#breadcrumb"},"inLanguage":"es","potentialAction":[{"@type":"ReadAction","target":["https:\/\/www.eldiario.net\/portal\/2026\/09\/04\/eeuu-sanciona-a-nieto-del-expresidente-raul-castro\/"]}]},{"@type":"ImageObject","inLanguage":"es","@id":"https:\/\/www.eldiario.net\/portal\/2026\/09\/04\/eeuu-sanciona-a-nieto-del-expresidente-raul-castro\/#primaryimage","url":"https:\/\/www.eldiario.net\/portal\/wp-content\/uploads\/2026\/09\/CUBA-Notiamerica.webp","contentUrl":"https:\/\/www.eldiario.net\/portal\/wp-content\/uploads\/2026\/09\/CUBA-Notiamerica.webp","width":1200,"height":798,"caption":"Imagen referencial de La Habana."},{"@type":"BreadcrumbList","@id":"https:\/\/www.eldiario.net\/portal\/2026\/09\/04\/eeuu-sanciona-a-nieto-del-expresidente-raul-castro\/#breadcrumb","itemListElement":[{"@type":"ListItem","position":1,"name":"Portada","item":"https:\/\/www.eldiario.net\/portal\/"},{"@type":"ListItem","position":2,"name":"EEUU sanciona a nieto del expresidente Ra\u00fal Castro"}]},{"@type":"WebSite","@id":"https:\/\/www.eldiario.net\/portal\/#website","url":"https:\/\/www.eldiario.net\/portal\/","name":"El Diario - Decano de la prensa nacional","description":"El Diario - Decano de la prensa nacional","publisher":{"@id":"https:\/\/www.eldiario.net\/portal\/#organization"},"potentialAction":[{"@type":"SearchAction","target":{"@type":"EntryPoint","urlTemplate":"https:\/\/www.eldiario.net\/portal\/?s={search_term_string}"},"query-input":{"@type":"PropertyValueSpecification","valueRequired":true,"valueName":"search_term_string"}}],"inLanguage":"es"},{"@type":"Organization","@id":"https:\/\/www.eldiario.net\/portal\/#organization","name":"El Diario - Decano de la prensa nacional","url":"https:\/\/www.eldiario.net\/portal\/","logo":{"@type":"ImageObject","inLanguage":"es","@id":"https:\/\/www.eldiario.net\/portal\/#\/schema\/logo\/image\/","url":"https:\/\/www.eldiario.net\/portal\/wp-content\/uploads\/2023\/07\/logo_ED.jpg","contentUrl":"https:\/\/www.eldiario.net\/portal\/wp-content\/uploads\/2023\/07\/logo_ED.jpg","width":272,"height":52,"caption":"El Diario - Decano de la prensa nacional"},"image":{"@id":"https:\/\/www.eldiario.net\/portal\/#\/schema\/logo\/image\/"},"sameAs":["https:\/\/www.facebook.com\/eldiario.bolivia\/","https:\/\/x.com\/eldiario_net"]},{"@type":"Person","@id":"https:\/\/www.eldiario.net\/portal\/#\/schema\/person\/f46445640444750d7d753ccd04ae01b7","name":"Jeanette","image":{"@type":"ImageObject","inLanguage":"es","@id":"https:\/\/secure.gravatar.com\/avatar\/3ea2118a5f7dad2b7138b1187a6b7ee55f160b9968b66013c3a3ef39dd7e5798?s=96&d=mm&r=g","url":"https:\/\/secure.gravatar.com\/avatar\/3ea2118a5f7dad2b7138b1187a6b7ee55f160b9968b66013c3a3ef39dd7e5798?s=96&d=mm&r=g","contentUrl":"https:\/\/secure.gravatar.com\/avatar\/3ea2118a5f7dad2b7138b1187a6b7ee55f160b9968b66013c3a3ef39dd7e5798?s=96&d=mm&r=g","caption":"Jeanette"},"sameAs":["https:\/\/www.eldiario.net\/portal"],"url":"https:\/\/www.eldiario.net\/portal\/author\/jeanette\/"}]}},"_links":{"self":[{"href":"https:\/\/www.eldiario.net\/portal\/wp-json\/wp\/v2\/posts\/427524","targetHints":{"allow":["GET"]}}],"collection":[{"href":"https:\/\/www.eldiario.net\/portal\/wp-json\/wp\/v2\/posts"}],"about":[{"href":"https:\/\/www.eldiario.net\/portal\/wp-json\/wp\/v2\/types\/post"}],"author":[{"embeddable":true,"href":"https:\/\/www.eldiario.net\/portal\/wp-json\/wp\/v2\/users\/1"}],"replies":[{"embeddable":true,"href":"https:\/\/www.eldiario.net\/portal\/wp-json\/wp\/v2\/comments?post=427524"}],"version-history":[{"count":1,"href":"https:\/\/www.eldiario.net\/portal\/wp-json\/wp\/v2\/posts\/427524\/revisions"}],"predecessor-version":[{"id":427526,"href":"https:\/\/www.eldiario.net\/portal\/wp-json\/wp\/v2\/posts\/427524\/revisions\/427526"}],"wp:featuredmedia":[{"embeddable":true,"href":"https:\/\/www.eldiario.net\/portal\/wp-json\/wp\/v2\/media\/427525"}],"wp:attachment":[{"href":"https:\/\/www.eldiario.net\/portal\/wp-json\/wp\/v2\/media?parent=427524"}],"wp:term":[{"taxonomy":"category","embeddable":true,"href":"https:\/\/www.eldiario.net\/portal\/wp-json\/wp\/v2\/categories?post=427524"},{"taxonomy":"post_tag","embeddable":true,"href":"https:\/\/www.eldiario.net\/portal\/wp-json\/wp\/v2\/tags?post=427524"}],"curies":[{"name":"wp","href":"https:\/\/api.w.org\/{rel}","templated":true}]}}