{"id":427510,"date":"2026-09-04T00:27:17","date_gmt":"2026-09-04T04:27:17","guid":{"rendered":"https:\/\/www.eldiario.net\/portal\/?p=427510"},"modified":"2026-09-03T22:28:16","modified_gmt":"2026-09-04T02:28:16","slug":"persiste-la-lucha-dirigencial-contra-demandas-judiciales","status":"publish","type":"post","link":"https:\/\/www.eldiario.net\/portal\/2026\/09\/04\/persiste-la-lucha-dirigencial-contra-demandas-judiciales\/","title":{"rendered":"Persiste la lucha dirigencial contra demandas judiciales"},"content":{"rendered":"<p>En conferencia de prensa efectuada ayer en el complejo \u00abRafael Mendoza Castell\u00f3n\u00bb de Achumani, los abogados Danny L\u00f3pez y Jos\u00e9 Gudi\u00f1o , en representaci\u00f3n del Departamento Jur\u00eddico de The Strongest, ofrecieron una conferencia de prensa en la que explicaron detalladamente sobre los procesos judiciales de empleados de la entidad en contra del directorio actual, por despidos aparentemente injustificados.<br \/>\nCon la exhibici\u00f3n de videos, los profesionales se refirieron a una orden de aprehensi\u00f3n en contra del titular de la entidad, Daniel Terrazas, emitida el pasado 19 de agosto.<br \/>\nSeg\u00fan se inform\u00f3, los funcionarios fueron despedidos por \u00abatentar contra la institucionalidad de la entidad\u00bb, adem\u00e1s se reclam\u00f3 que \u00abTerrazas no pudo defenderse porque su mismo Comit\u00e9 Ejecutivo le revoc\u00f3 poderes el a\u00f1o pasado\u00bb.<br \/>\nAnunciaron que \u201cse presentaron procesos penales en contra de los despedidos, que ahora son parte activa en el proceso enmarcado enn la Ley del Trabajo\u00bb. Asimismo, se denunci\u00f3 que el Ministerio P\u00fablico realiza persecuci\u00f3n penal, que no tiene que ver con el conflicto laboral\u201d.<br \/>\nSe hizo menci\u00f3n a la problem\u00e1tica dirigencial que deriva en lo econ\u00f3mico respecto al manejo de la entidad aurinegra en gestiones pasadas.<br \/>\nTambi\u00e9n se record\u00f3 que el pasado 11 de julio fue suspendida una asamblea en la que se determin\u00f3 la suspensi\u00f3n temporal del presidente Terrazas.<br \/>\nSe justific\u00f3 que esta determinacion carece de legalidad porque la reuni\u00f3n de los asistentes no fue conclu\u00edda como marcan los Estatutos vigentes de la entidad; se dijo que \u00abse sorprendi\u00f3 a los socios en su buena fe\u00bb.<\/p>\n<p>CONTRAPARTE<\/p>\n<p><strong>Exfuncionarios exigen pagos<\/strong><\/p>\n<p>Cinco exfuncionarios de The Strongest son los demandantes que exigen el cumplimiento de deudas laborales y est\u00e1n apoyados por un bloque de socios opositores que defienden la legitimidad de la suspensi\u00f3n temporal del presidente Daniel Terrazas. Estos sectores sostienen que la actual directiva se encuentra en desacato frente a fallos judiciales ordinarios y cuestionan de manera severa el manejo administrativo de la instituci\u00f3n. En el proceso laboral espec\u00edfico que provoc\u00f3 la orden de apremio contra el presidente Daniel Terrazas, The Strongest debe un total de Bs 98.541,65 a los exfuncionarios. El dictamen dispone el pago de Bs 19.708,33 a cada uno y la restituci\u00f3n inmediata a sus puestos.<\/p>\n<p><em>GHILKA SANABRIA<\/em><\/p>\n","protected":false},"excerpt":{"rendered":"<p>En conferencia de prensa efectuada ayer en el complejo \u00abRafael Mendoza Castell\u00f3n\u00bb de Achumani, los abogados Danny L\u00f3pez y Jos\u00e9 Gudi\u00f1o , en representaci\u00f3n del Departamento Jur\u00eddico de The Strongest, ofrecieron una conferencia de prensa en la que explicaron detalladamente sobre los procesos judiciales de empleados de la entidad en contra del directorio actual, por [&hellip;]<\/p>\n","protected":false},"author":1,"featured_media":427511,"comment_status":"closed","ping_status":"open","sticky":false,"template":"","format":"standard","meta":{"_acf_changed":false,"footnotes":""},"categories":[6],"tags":[],"class_list":["post-427510","post","type-post","status-publish","format-standard","has-post-thumbnail","category-deportes"],"acf":{"antetitulo":""},"yoast_head":"<!-- This site is optimized with the Yoast SEO plugin v28.4 - https:\/\/yoast.com\/product\/yoast-seo-wordpress\/ -->\n<title>Persiste la lucha dirigencial contra demandas judiciales - El Diario - Bolivia<\/title>\n<meta name=\"robots\" content=\"index, follow, max-snippet:-1, max-image-preview:large, max-video-preview:-1\" \/>\n<link rel=\"canonical\" href=\"https:\/\/www.eldiario.net\/portal\/2026\/09\/04\/persiste-la-lucha-dirigencial-contra-demandas-judiciales\/\" \/>\n<meta property=\"og:locale\" content=\"es_ES\" \/>\n<meta property=\"og:type\" content=\"article\" \/>\n<meta property=\"og:title\" content=\"Persiste la lucha dirigencial contra demandas judiciales - El Diario - Bolivia\" \/>\n<meta property=\"og:description\" content=\"En conferencia de prensa efectuada ayer en el complejo \u00abRafael Mendoza Castell\u00f3n\u00bb de Achumani, los abogados Danny L\u00f3pez y Jos\u00e9 Gudi\u00f1o , en representaci\u00f3n del Departamento Jur\u00eddico de The Strongest, ofrecieron una conferencia de prensa en la que explicaron detalladamente sobre los procesos judiciales de empleados de la entidad en contra del directorio actual, por [&hellip;]\" \/>\n<meta property=\"og:url\" content=\"https:\/\/www.eldiario.net\/portal\/2026\/09\/04\/persiste-la-lucha-dirigencial-contra-demandas-judiciales\/\" \/>\n<meta property=\"og:site_name\" content=\"El Diario - Bolivia\" \/>\n<meta property=\"article:publisher\" content=\"https:\/\/www.facebook.com\/eldiario.bolivia\/\" \/>\n<meta property=\"article:published_time\" content=\"2026-09-04T04:27:17+00:00\" \/>\n<meta property=\"og:image\" content=\"https:\/\/www.eldiario.net\/portal\/wp-content\/uploads\/2026\/09\/FOTO-72.webp\" \/>\n\t<meta property=\"og:image:width\" content=\"555\" \/>\n\t<meta property=\"og:image:height\" content=\"288\" \/>\n\t<meta property=\"og:image:type\" content=\"image\/webp\" \/>\n<meta name=\"author\" content=\"Jeanette\" \/>\n<meta name=\"twitter:card\" content=\"summary_large_image\" \/>\n<meta name=\"twitter:creator\" content=\"@eldiario_net\" \/>\n<meta name=\"twitter:site\" content=\"@eldiario_net\" \/>\n<meta name=\"twitter:label1\" content=\"Escrito por\" \/>\n\t<meta name=\"twitter:data1\" content=\"Jeanette\" \/>\n\t<meta name=\"twitter:label2\" content=\"Tiempo de lectura\" \/>\n\t<meta name=\"twitter:data2\" content=\"2 minutos\" \/>\n<script type=\"application\/ld+json\" class=\"yoast-schema-graph\">{\"@context\":\"https:\\\/\\\/schema.org\",\"@graph\":[{\"@type\":\"Article\",\"@id\":\"https:\\\/\\\/www.eldiario.net\\\/portal\\\/2026\\\/09\\\/04\\\/persiste-la-lucha-dirigencial-contra-demandas-judiciales\\\/#article\",\"isPartOf\":{\"@id\":\"https:\\\/\\\/www.eldiario.net\\\/portal\\\/2026\\\/09\\\/04\\\/persiste-la-lucha-dirigencial-contra-demandas-judiciales\\\/\"},\"author\":{\"name\":\"Jeanette\",\"@id\":\"https:\\\/\\\/www.eldiario.net\\\/portal\\\/#\\\/schema\\\/person\\\/f46445640444750d7d753ccd04ae01b7\"},\"headline\":\"Persiste la lucha dirigencial contra demandas judiciales\",\"datePublished\":\"2026-09-04T04:27:17+00:00\",\"mainEntityOfPage\":{\"@id\":\"https:\\\/\\\/www.eldiario.net\\\/portal\\\/2026\\\/09\\\/04\\\/persiste-la-lucha-dirigencial-contra-demandas-judiciales\\\/\"},\"wordCount\":388,\"publisher\":{\"@id\":\"https:\\\/\\\/www.eldiario.net\\\/portal\\\/#organization\"},\"image\":{\"@id\":\"https:\\\/\\\/www.eldiario.net\\\/portal\\\/2026\\\/09\\\/04\\\/persiste-la-lucha-dirigencial-contra-demandas-judiciales\\\/#primaryimage\"},\"thumbnailUrl\":\"https:\\\/\\\/www.eldiario.net\\\/portal\\\/wp-content\\\/uploads\\\/2026\\\/09\\\/FOTO-72.webp\",\"articleSection\":[\"Deportes\"],\"inLanguage\":\"es\"},{\"@type\":\"WebPage\",\"@id\":\"https:\\\/\\\/www.eldiario.net\\\/portal\\\/2026\\\/09\\\/04\\\/persiste-la-lucha-dirigencial-contra-demandas-judiciales\\\/\",\"url\":\"https:\\\/\\\/www.eldiario.net\\\/portal\\\/2026\\\/09\\\/04\\\/persiste-la-lucha-dirigencial-contra-demandas-judiciales\\\/\",\"name\":\"Persiste la lucha dirigencial contra demandas judiciales - El Diario - Bolivia\",\"isPartOf\":{\"@id\":\"https:\\\/\\\/www.eldiario.net\\\/portal\\\/#website\"},\"primaryImageOfPage\":{\"@id\":\"https:\\\/\\\/www.eldiario.net\\\/portal\\\/2026\\\/09\\\/04\\\/persiste-la-lucha-dirigencial-contra-demandas-judiciales\\\/#primaryimage\"},\"image\":{\"@id\":\"https:\\\/\\\/www.eldiario.net\\\/portal\\\/2026\\\/09\\\/04\\\/persiste-la-lucha-dirigencial-contra-demandas-judiciales\\\/#primaryimage\"},\"thumbnailUrl\":\"https:\\\/\\\/www.eldiario.net\\\/portal\\\/wp-content\\\/uploads\\\/2026\\\/09\\\/FOTO-72.webp\",\"datePublished\":\"2026-09-04T04:27:17+00:00\",\"breadcrumb\":{\"@id\":\"https:\\\/\\\/www.eldiario.net\\\/portal\\\/2026\\\/09\\\/04\\\/persiste-la-lucha-dirigencial-contra-demandas-judiciales\\\/#breadcrumb\"},\"inLanguage\":\"es\",\"potentialAction\":[{\"@type\":\"ReadAction\",\"target\":[\"https:\\\/\\\/www.eldiario.net\\\/portal\\\/2026\\\/09\\\/04\\\/persiste-la-lucha-dirigencial-contra-demandas-judiciales\\\/\"]}]},{\"@type\":\"ImageObject\",\"inLanguage\":\"es\",\"@id\":\"https:\\\/\\\/www.eldiario.net\\\/portal\\\/2026\\\/09\\\/04\\\/persiste-la-lucha-dirigencial-contra-demandas-judiciales\\\/#primaryimage\",\"url\":\"https:\\\/\\\/www.eldiario.net\\\/portal\\\/wp-content\\\/uploads\\\/2026\\\/09\\\/FOTO-72.webp\",\"contentUrl\":\"https:\\\/\\\/www.eldiario.net\\\/portal\\\/wp-content\\\/uploads\\\/2026\\\/09\\\/FOTO-72.webp\",\"width\":555,\"height\":288,\"caption\":\"EXPLICACI\u00d3N.- Miembros del Departamento Jur\u00eddico de The Strongest ayer , en reuni\u00f3n con la prensa deportiva. (CAPTURA DE VIDEO DE EL DERRIBADOR)\"},{\"@type\":\"BreadcrumbList\",\"@id\":\"https:\\\/\\\/www.eldiario.net\\\/portal\\\/2026\\\/09\\\/04\\\/persiste-la-lucha-dirigencial-contra-demandas-judiciales\\\/#breadcrumb\",\"itemListElement\":[{\"@type\":\"ListItem\",\"position\":1,\"name\":\"Portada\",\"item\":\"https:\\\/\\\/www.eldiario.net\\\/portal\\\/\"},{\"@type\":\"ListItem\",\"position\":2,\"name\":\"Persiste la lucha dirigencial contra demandas judiciales\"}]},{\"@type\":\"WebSite\",\"@id\":\"https:\\\/\\\/www.eldiario.net\\\/portal\\\/#website\",\"url\":\"https:\\\/\\\/www.eldiario.net\\\/portal\\\/\",\"name\":\"El Diario - Decano de la prensa nacional\",\"description\":\"El Diario - Decano de la prensa nacional\",\"publisher\":{\"@id\":\"https:\\\/\\\/www.eldiario.net\\\/portal\\\/#organization\"},\"potentialAction\":[{\"@type\":\"SearchAction\",\"target\":{\"@type\":\"EntryPoint\",\"urlTemplate\":\"https:\\\/\\\/www.eldiario.net\\\/portal\\\/?s={search_term_string}\"},\"query-input\":{\"@type\":\"PropertyValueSpecification\",\"valueRequired\":true,\"valueName\":\"search_term_string\"}}],\"inLanguage\":\"es\"},{\"@type\":\"Organization\",\"@id\":\"https:\\\/\\\/www.eldiario.net\\\/portal\\\/#organization\",\"name\":\"El Diario - Decano de la prensa nacional\",\"url\":\"https:\\\/\\\/www.eldiario.net\\\/portal\\\/\",\"logo\":{\"@type\":\"ImageObject\",\"inLanguage\":\"es\",\"@id\":\"https:\\\/\\\/www.eldiario.net\\\/portal\\\/#\\\/schema\\\/logo\\\/image\\\/\",\"url\":\"https:\\\/\\\/www.eldiario.net\\\/portal\\\/wp-content\\\/uploads\\\/2023\\\/07\\\/logo_ED.jpg\",\"contentUrl\":\"https:\\\/\\\/www.eldiario.net\\\/portal\\\/wp-content\\\/uploads\\\/2023\\\/07\\\/logo_ED.jpg\",\"width\":272,\"height\":52,\"caption\":\"El Diario - Decano de la prensa nacional\"},\"image\":{\"@id\":\"https:\\\/\\\/www.eldiario.net\\\/portal\\\/#\\\/schema\\\/logo\\\/image\\\/\"},\"sameAs\":[\"https:\\\/\\\/www.facebook.com\\\/eldiario.bolivia\\\/\",\"https:\\\/\\\/x.com\\\/eldiario_net\"]},{\"@type\":\"Person\",\"@id\":\"https:\\\/\\\/www.eldiario.net\\\/portal\\\/#\\\/schema\\\/person\\\/f46445640444750d7d753ccd04ae01b7\",\"name\":\"Jeanette\",\"image\":{\"@type\":\"ImageObject\",\"inLanguage\":\"es\",\"@id\":\"https:\\\/\\\/secure.gravatar.com\\\/avatar\\\/3ea2118a5f7dad2b7138b1187a6b7ee55f160b9968b66013c3a3ef39dd7e5798?s=96&d=mm&r=g\",\"url\":\"https:\\\/\\\/secure.gravatar.com\\\/avatar\\\/3ea2118a5f7dad2b7138b1187a6b7ee55f160b9968b66013c3a3ef39dd7e5798?s=96&d=mm&r=g\",\"contentUrl\":\"https:\\\/\\\/secure.gravatar.com\\\/avatar\\\/3ea2118a5f7dad2b7138b1187a6b7ee55f160b9968b66013c3a3ef39dd7e5798?s=96&d=mm&r=g\",\"caption\":\"Jeanette\"},\"sameAs\":[\"https:\\\/\\\/www.eldiario.net\\\/portal\"],\"url\":\"https:\\\/\\\/www.eldiario.net\\\/portal\\\/author\\\/jeanette\\\/\"}]}<\/script>\n<!-- \/ Yoast SEO plugin. -->","yoast_head_json":{"title":"Persiste la lucha dirigencial contra demandas judiciales - El Diario - Bolivia","robots":{"index":"index","follow":"follow","max-snippet":"max-snippet:-1","max-image-preview":"max-image-preview:large","max-video-preview":"max-video-preview:-1"},"canonical":"https:\/\/www.eldiario.net\/portal\/2026\/09\/04\/persiste-la-lucha-dirigencial-contra-demandas-judiciales\/","og_locale":"es_ES","og_type":"article","og_title":"Persiste la lucha dirigencial contra demandas judiciales - El Diario - Bolivia","og_description":"En conferencia de prensa efectuada ayer en el complejo \u00abRafael Mendoza Castell\u00f3n\u00bb de Achumani, los abogados Danny L\u00f3pez y Jos\u00e9 Gudi\u00f1o , en representaci\u00f3n del Departamento Jur\u00eddico de The Strongest, ofrecieron una conferencia de prensa en la que explicaron detalladamente sobre los procesos judiciales de empleados de la entidad en contra del directorio actual, por [&hellip;]","og_url":"https:\/\/www.eldiario.net\/portal\/2026\/09\/04\/persiste-la-lucha-dirigencial-contra-demandas-judiciales\/","og_site_name":"El Diario - Bolivia","article_publisher":"https:\/\/www.facebook.com\/eldiario.bolivia\/","article_published_time":"2026-09-04T04:27:17+00:00","og_image":[{"width":555,"height":288,"url":"https:\/\/www.eldiario.net\/portal\/wp-content\/uploads\/2026\/09\/FOTO-72.webp","type":"image\/webp"}],"author":"Jeanette","twitter_card":"summary_large_image","twitter_creator":"@eldiario_net","twitter_site":"@eldiario_net","twitter_misc":{"Escrito por":"Jeanette","Tiempo de lectura":"2 minutos"},"schema":{"@context":"https:\/\/schema.org","@graph":[{"@type":"Article","@id":"https:\/\/www.eldiario.net\/portal\/2026\/09\/04\/persiste-la-lucha-dirigencial-contra-demandas-judiciales\/#article","isPartOf":{"@id":"https:\/\/www.eldiario.net\/portal\/2026\/09\/04\/persiste-la-lucha-dirigencial-contra-demandas-judiciales\/"},"author":{"name":"Jeanette","@id":"https:\/\/www.eldiario.net\/portal\/#\/schema\/person\/f46445640444750d7d753ccd04ae01b7"},"headline":"Persiste la lucha dirigencial contra demandas judiciales","datePublished":"2026-09-04T04:27:17+00:00","mainEntityOfPage":{"@id":"https:\/\/www.eldiario.net\/portal\/2026\/09\/04\/persiste-la-lucha-dirigencial-contra-demandas-judiciales\/"},"wordCount":388,"publisher":{"@id":"https:\/\/www.eldiario.net\/portal\/#organization"},"image":{"@id":"https:\/\/www.eldiario.net\/portal\/2026\/09\/04\/persiste-la-lucha-dirigencial-contra-demandas-judiciales\/#primaryimage"},"thumbnailUrl":"https:\/\/www.eldiario.net\/portal\/wp-content\/uploads\/2026\/09\/FOTO-72.webp","articleSection":["Deportes"],"inLanguage":"es"},{"@type":"WebPage","@id":"https:\/\/www.eldiario.net\/portal\/2026\/09\/04\/persiste-la-lucha-dirigencial-contra-demandas-judiciales\/","url":"https:\/\/www.eldiario.net\/portal\/2026\/09\/04\/persiste-la-lucha-dirigencial-contra-demandas-judiciales\/","name":"Persiste la lucha dirigencial contra demandas judiciales - El Diario - Bolivia","isPartOf":{"@id":"https:\/\/www.eldiario.net\/portal\/#website"},"primaryImageOfPage":{"@id":"https:\/\/www.eldiario.net\/portal\/2026\/09\/04\/persiste-la-lucha-dirigencial-contra-demandas-judiciales\/#primaryimage"},"image":{"@id":"https:\/\/www.eldiario.net\/portal\/2026\/09\/04\/persiste-la-lucha-dirigencial-contra-demandas-judiciales\/#primaryimage"},"thumbnailUrl":"https:\/\/www.eldiario.net\/portal\/wp-content\/uploads\/2026\/09\/FOTO-72.webp","datePublished":"2026-09-04T04:27:17+00:00","breadcrumb":{"@id":"https:\/\/www.eldiario.net\/portal\/2026\/09\/04\/persiste-la-lucha-dirigencial-contra-demandas-judiciales\/#breadcrumb"},"inLanguage":"es","potentialAction":[{"@type":"ReadAction","target":["https:\/\/www.eldiario.net\/portal\/2026\/09\/04\/persiste-la-lucha-dirigencial-contra-demandas-judiciales\/"]}]},{"@type":"ImageObject","inLanguage":"es","@id":"https:\/\/www.eldiario.net\/portal\/2026\/09\/04\/persiste-la-lucha-dirigencial-contra-demandas-judiciales\/#primaryimage","url":"https:\/\/www.eldiario.net\/portal\/wp-content\/uploads\/2026\/09\/FOTO-72.webp","contentUrl":"https:\/\/www.eldiario.net\/portal\/wp-content\/uploads\/2026\/09\/FOTO-72.webp","width":555,"height":288,"caption":"EXPLICACI\u00d3N.- Miembros del Departamento Jur\u00eddico de The Strongest ayer , en reuni\u00f3n con la prensa deportiva. (CAPTURA DE VIDEO DE EL DERRIBADOR)"},{"@type":"BreadcrumbList","@id":"https:\/\/www.eldiario.net\/portal\/2026\/09\/04\/persiste-la-lucha-dirigencial-contra-demandas-judiciales\/#breadcrumb","itemListElement":[{"@type":"ListItem","position":1,"name":"Portada","item":"https:\/\/www.eldiario.net\/portal\/"},{"@type":"ListItem","position":2,"name":"Persiste la lucha dirigencial contra demandas judiciales"}]},{"@type":"WebSite","@id":"https:\/\/www.eldiario.net\/portal\/#website","url":"https:\/\/www.eldiario.net\/portal\/","name":"El Diario - Decano de la prensa nacional","description":"El Diario - Decano de la prensa nacional","publisher":{"@id":"https:\/\/www.eldiario.net\/portal\/#organization"},"potentialAction":[{"@type":"SearchAction","target":{"@type":"EntryPoint","urlTemplate":"https:\/\/www.eldiario.net\/portal\/?s={search_term_string}"},"query-input":{"@type":"PropertyValueSpecification","valueRequired":true,"valueName":"search_term_string"}}],"inLanguage":"es"},{"@type":"Organization","@id":"https:\/\/www.eldiario.net\/portal\/#organization","name":"El Diario - Decano de la prensa nacional","url":"https:\/\/www.eldiario.net\/portal\/","logo":{"@type":"ImageObject","inLanguage":"es","@id":"https:\/\/www.eldiario.net\/portal\/#\/schema\/logo\/image\/","url":"https:\/\/www.eldiario.net\/portal\/wp-content\/uploads\/2023\/07\/logo_ED.jpg","contentUrl":"https:\/\/www.eldiario.net\/portal\/wp-content\/uploads\/2023\/07\/logo_ED.jpg","width":272,"height":52,"caption":"El Diario - Decano de la prensa nacional"},"image":{"@id":"https:\/\/www.eldiario.net\/portal\/#\/schema\/logo\/image\/"},"sameAs":["https:\/\/www.facebook.com\/eldiario.bolivia\/","https:\/\/x.com\/eldiario_net"]},{"@type":"Person","@id":"https:\/\/www.eldiario.net\/portal\/#\/schema\/person\/f46445640444750d7d753ccd04ae01b7","name":"Jeanette","image":{"@type":"ImageObject","inLanguage":"es","@id":"https:\/\/secure.gravatar.com\/avatar\/3ea2118a5f7dad2b7138b1187a6b7ee55f160b9968b66013c3a3ef39dd7e5798?s=96&d=mm&r=g","url":"https:\/\/secure.gravatar.com\/avatar\/3ea2118a5f7dad2b7138b1187a6b7ee55f160b9968b66013c3a3ef39dd7e5798?s=96&d=mm&r=g","contentUrl":"https:\/\/secure.gravatar.com\/avatar\/3ea2118a5f7dad2b7138b1187a6b7ee55f160b9968b66013c3a3ef39dd7e5798?s=96&d=mm&r=g","caption":"Jeanette"},"sameAs":["https:\/\/www.eldiario.net\/portal"],"url":"https:\/\/www.eldiario.net\/portal\/author\/jeanette\/"}]}},"_links":{"self":[{"href":"https:\/\/www.eldiario.net\/portal\/wp-json\/wp\/v2\/posts\/427510","targetHints":{"allow":["GET"]}}],"collection":[{"href":"https:\/\/www.eldiario.net\/portal\/wp-json\/wp\/v2\/posts"}],"about":[{"href":"https:\/\/www.eldiario.net\/portal\/wp-json\/wp\/v2\/types\/post"}],"author":[{"embeddable":true,"href":"https:\/\/www.eldiario.net\/portal\/wp-json\/wp\/v2\/users\/1"}],"replies":[{"embeddable":true,"href":"https:\/\/www.eldiario.net\/portal\/wp-json\/wp\/v2\/comments?post=427510"}],"version-history":[{"count":1,"href":"https:\/\/www.eldiario.net\/portal\/wp-json\/wp\/v2\/posts\/427510\/revisions"}],"predecessor-version":[{"id":427512,"href":"https:\/\/www.eldiario.net\/portal\/wp-json\/wp\/v2\/posts\/427510\/revisions\/427512"}],"wp:featuredmedia":[{"embeddable":true,"href":"https:\/\/www.eldiario.net\/portal\/wp-json\/wp\/v2\/media\/427511"}],"wp:attachment":[{"href":"https:\/\/www.eldiario.net\/portal\/wp-json\/wp\/v2\/media?parent=427510"}],"wp:term":[{"taxonomy":"category","embeddable":true,"href":"https:\/\/www.eldiario.net\/portal\/wp-json\/wp\/v2\/categories?post=427510"},{"taxonomy":"post_tag","embeddable":true,"href":"https:\/\/www.eldiario.net\/portal\/wp-json\/wp\/v2\/tags?post=427510"}],"curies":[{"name":"wp","href":"https:\/\/api.w.org\/{rel}","templated":true}]}}