{"id":427501,"date":"2026-09-04T00:19:18","date_gmt":"2026-09-04T04:19:18","guid":{"rendered":"https:\/\/www.eldiario.net\/portal\/?p=427501"},"modified":"2026-09-03T22:20:13","modified_gmt":"2026-09-04T02:20:13","slug":"cocaleros-mantienen-vigilia-y-realizan-controles-en-el-castillo","status":"publish","type":"post","link":"https:\/\/www.eldiario.net\/portal\/2026\/09\/04\/cocaleros-mantienen-vigilia-y-realizan-controles-en-el-castillo\/","title":{"rendered":"Cocaleros mantienen vigilia y realizan controles en El Castillo"},"content":{"rendered":"<p>Los productores de coca del Tr\u00f3pico de Cochabamba mantienen una vigilia en el ret\u00e9n de El Castillo y realizan revisiones a los veh\u00edculos que circulan por el sector, mientras sus dirigentes sostienen una reuni\u00f3n con efectivos de Umopar para buscar una salida al conflicto.<\/p>\n<p>La movilizaci\u00f3n comenz\u00f3 despu\u00e9s de la detenci\u00f3n de un productor y la retenci\u00f3n de su veh\u00edculo durante un control, situaci\u00f3n que llev\u00f3 a los cocaleros a tomar el punto antidrogas y permanecer en el lugar pese a que las medidas de presi\u00f3n se desarrollan en un contexto de Estado de Excepci\u00f3n.<\/p>\n<p>Seg\u00fan los dirigentes, el motorizado transportaba cal agr\u00edcola, un producto que los agricultores utilizan para regular el pH del suelo y desinfectar piscinas destinadas a la crianza de tambaqu\u00ed, mientras que el productor detenido habr\u00eda sido trasladado posteriormente hasta Chimor\u00e9.<\/p>\n<p>La situaci\u00f3n gener\u00f3 el principal reclamo del sector, que exige la liberaci\u00f3n de su compa\u00f1ero mientras cuestiona los procedimientos aplicados en los controles de la zona, adem\u00e1s de observar las revisiones relacionadas con el transporte de combustible.<\/p>\n<p>El dirigente de la Federaci\u00f3n del Tr\u00f3pico de Cochabamba, V\u00edctor Mencia, sostuvo que los productores pueden trasladar hasta 120 litros de combustible, de acuerdo con la interpretaci\u00f3n que hace el sector de la normativa vigente, y advirti\u00f3 que podr\u00edan acudir a la Fiscal\u00eda o al juzgado de Villa Tunari si sus demandas no son atendidas.<\/p>\n<p>Los representantes de los productores trasladaron sus observaciones a los efectivos de La unidad M\u00f3vil de Patrullaje Rural (Umopar) durante la reuni\u00f3n instalada en El Castillo, y anunciaron que los reclamos ser\u00e1n puestos en conocimiento del Comando Regional de esa unidad para buscar una respuesta a sus planteamientos.<\/p>\n<p>La presencia de los cocaleros en este punto adquiere relevancia por la funci\u00f3n que cumple El Castillo dentro de las operaciones contra el narcotr\u00e1fico en el tr\u00f3pico cochabambino, debido a que desde all\u00ed se realizan desplazamientos hacia comunidades y rutas donde se han ejecutado operativos contra actividades vinculadas a la producci\u00f3n y tr\u00e1fico de drogas.<\/p>\n<p>En intervenciones anteriores realizadas en la regi\u00f3n fueron incautadas sustancias controladas, veh\u00edculos, precursores qu\u00edmicos, armas y municiones, adem\u00e1s de registrarse la destrucci\u00f3n de f\u00e1bricas de pasta base y laboratorios de cristalizaci\u00f3n, mientras que tambi\u00e9n se reportaron operaciones contra organizaciones criminales y aeronaves utilizadas para transportar coca\u00edna.<\/p>\n<p>El sector cocalero sostiene que no busca generar una escalada de conflicto con la toma del punto de control y mantiene su vigilia mientras espera una respuesta de las autoridades, en tanto las conversaciones con Umopar buscan encaminar una soluci\u00f3n a las demandas planteadas. (Con informaci\u00f3n de Unitel y Red Uno)<\/p>\n","protected":false},"excerpt":{"rendered":"<p>Los productores de coca del Tr\u00f3pico de Cochabamba mantienen una vigilia en el ret\u00e9n de El Castillo y realizan revisiones a los veh\u00edculos que circulan por el sector, mientras sus dirigentes sostienen una reuni\u00f3n con efectivos de Umopar para buscar una salida al conflicto. La movilizaci\u00f3n comenz\u00f3 despu\u00e9s de la detenci\u00f3n de un productor y [&hellip;]<\/p>\n","protected":false},"author":1,"featured_media":427502,"comment_status":"closed","ping_status":"open","sticky":false,"template":"","format":"standard","meta":{"_acf_changed":false,"footnotes":""},"categories":[39],"tags":[],"class_list":["post-427501","post","type-post","status-publish","format-standard","has-post-thumbnail","category-sociedad"],"acf":{"antetitulo":"Tras toma del punto antidrogas"},"yoast_head":"<!-- This site is optimized with the Yoast SEO plugin v28.4 - https:\/\/yoast.com\/product\/yoast-seo-wordpress\/ -->\n<title>Cocaleros mantienen vigilia y realizan controles en El Castillo - El Diario - Bolivia<\/title>\n<meta name=\"robots\" content=\"index, follow, max-snippet:-1, max-image-preview:large, max-video-preview:-1\" \/>\n<link rel=\"canonical\" href=\"https:\/\/www.eldiario.net\/portal\/2026\/09\/04\/cocaleros-mantienen-vigilia-y-realizan-controles-en-el-castillo\/\" \/>\n<meta property=\"og:locale\" content=\"es_ES\" \/>\n<meta property=\"og:type\" content=\"article\" \/>\n<meta property=\"og:title\" content=\"Cocaleros mantienen vigilia y realizan controles en El Castillo - El Diario - Bolivia\" \/>\n<meta property=\"og:description\" content=\"Los productores de coca del Tr\u00f3pico de Cochabamba mantienen una vigilia en el ret\u00e9n de El Castillo y realizan revisiones a los veh\u00edculos que circulan por el sector, mientras sus dirigentes sostienen una reuni\u00f3n con efectivos de Umopar para buscar una salida al conflicto. La movilizaci\u00f3n comenz\u00f3 despu\u00e9s de la detenci\u00f3n de un productor y [&hellip;]\" \/>\n<meta property=\"og:url\" content=\"https:\/\/www.eldiario.net\/portal\/2026\/09\/04\/cocaleros-mantienen-vigilia-y-realizan-controles-en-el-castillo\/\" \/>\n<meta property=\"og:site_name\" content=\"El Diario - Bolivia\" \/>\n<meta property=\"article:publisher\" content=\"https:\/\/www.facebook.com\/eldiario.bolivia\/\" \/>\n<meta property=\"article:published_time\" content=\"2026-09-04T04:19:18+00:00\" \/>\n<meta property=\"og:image\" content=\"https:\/\/www.eldiario.net\/portal\/wp-content\/uploads\/2026\/09\/4-TOMA.webp\" \/>\n\t<meta property=\"og:image:width\" content=\"982\" \/>\n\t<meta property=\"og:image:height\" content=\"720\" \/>\n\t<meta property=\"og:image:type\" content=\"image\/webp\" \/>\n<meta name=\"author\" content=\"Jeanette\" \/>\n<meta name=\"twitter:card\" content=\"summary_large_image\" \/>\n<meta name=\"twitter:creator\" content=\"@eldiario_net\" \/>\n<meta name=\"twitter:site\" content=\"@eldiario_net\" \/>\n<meta name=\"twitter:label1\" content=\"Escrito por\" \/>\n\t<meta name=\"twitter:data1\" content=\"Jeanette\" \/>\n\t<meta name=\"twitter:label2\" content=\"Tiempo de lectura\" \/>\n\t<meta name=\"twitter:data2\" content=\"3 minutos\" \/>\n<script type=\"application\/ld+json\" class=\"yoast-schema-graph\">{\"@context\":\"https:\\\/\\\/schema.org\",\"@graph\":[{\"@type\":\"Article\",\"@id\":\"https:\\\/\\\/www.eldiario.net\\\/portal\\\/2026\\\/09\\\/04\\\/cocaleros-mantienen-vigilia-y-realizan-controles-en-el-castillo\\\/#article\",\"isPartOf\":{\"@id\":\"https:\\\/\\\/www.eldiario.net\\\/portal\\\/2026\\\/09\\\/04\\\/cocaleros-mantienen-vigilia-y-realizan-controles-en-el-castillo\\\/\"},\"author\":{\"name\":\"Jeanette\",\"@id\":\"https:\\\/\\\/www.eldiario.net\\\/portal\\\/#\\\/schema\\\/person\\\/f46445640444750d7d753ccd04ae01b7\"},\"headline\":\"Cocaleros mantienen vigilia y realizan controles en El Castillo\",\"datePublished\":\"2026-09-04T04:19:18+00:00\",\"mainEntityOfPage\":{\"@id\":\"https:\\\/\\\/www.eldiario.net\\\/portal\\\/2026\\\/09\\\/04\\\/cocaleros-mantienen-vigilia-y-realizan-controles-en-el-castillo\\\/\"},\"wordCount\":479,\"publisher\":{\"@id\":\"https:\\\/\\\/www.eldiario.net\\\/portal\\\/#organization\"},\"image\":{\"@id\":\"https:\\\/\\\/www.eldiario.net\\\/portal\\\/2026\\\/09\\\/04\\\/cocaleros-mantienen-vigilia-y-realizan-controles-en-el-castillo\\\/#primaryimage\"},\"thumbnailUrl\":\"https:\\\/\\\/www.eldiario.net\\\/portal\\\/wp-content\\\/uploads\\\/2026\\\/09\\\/4-TOMA.webp\",\"articleSection\":[\"Sociedad - Seguridad\"],\"inLanguage\":\"es\"},{\"@type\":\"WebPage\",\"@id\":\"https:\\\/\\\/www.eldiario.net\\\/portal\\\/2026\\\/09\\\/04\\\/cocaleros-mantienen-vigilia-y-realizan-controles-en-el-castillo\\\/\",\"url\":\"https:\\\/\\\/www.eldiario.net\\\/portal\\\/2026\\\/09\\\/04\\\/cocaleros-mantienen-vigilia-y-realizan-controles-en-el-castillo\\\/\",\"name\":\"Cocaleros mantienen vigilia y realizan controles en El Castillo - El Diario - Bolivia\",\"isPartOf\":{\"@id\":\"https:\\\/\\\/www.eldiario.net\\\/portal\\\/#website\"},\"primaryImageOfPage\":{\"@id\":\"https:\\\/\\\/www.eldiario.net\\\/portal\\\/2026\\\/09\\\/04\\\/cocaleros-mantienen-vigilia-y-realizan-controles-en-el-castillo\\\/#primaryimage\"},\"image\":{\"@id\":\"https:\\\/\\\/www.eldiario.net\\\/portal\\\/2026\\\/09\\\/04\\\/cocaleros-mantienen-vigilia-y-realizan-controles-en-el-castillo\\\/#primaryimage\"},\"thumbnailUrl\":\"https:\\\/\\\/www.eldiario.net\\\/portal\\\/wp-content\\\/uploads\\\/2026\\\/09\\\/4-TOMA.webp\",\"datePublished\":\"2026-09-04T04:19:18+00:00\",\"breadcrumb\":{\"@id\":\"https:\\\/\\\/www.eldiario.net\\\/portal\\\/2026\\\/09\\\/04\\\/cocaleros-mantienen-vigilia-y-realizan-controles-en-el-castillo\\\/#breadcrumb\"},\"inLanguage\":\"es\",\"potentialAction\":[{\"@type\":\"ReadAction\",\"target\":[\"https:\\\/\\\/www.eldiario.net\\\/portal\\\/2026\\\/09\\\/04\\\/cocaleros-mantienen-vigilia-y-realizan-controles-en-el-castillo\\\/\"]}]},{\"@type\":\"ImageObject\",\"inLanguage\":\"es\",\"@id\":\"https:\\\/\\\/www.eldiario.net\\\/portal\\\/2026\\\/09\\\/04\\\/cocaleros-mantienen-vigilia-y-realizan-controles-en-el-castillo\\\/#primaryimage\",\"url\":\"https:\\\/\\\/www.eldiario.net\\\/portal\\\/wp-content\\\/uploads\\\/2026\\\/09\\\/4-TOMA.webp\",\"contentUrl\":\"https:\\\/\\\/www.eldiario.net\\\/portal\\\/wp-content\\\/uploads\\\/2026\\\/09\\\/4-TOMA.webp\",\"width\":982,\"height\":720,\"caption\":\"Cocaleros tomaron el ret\u00e9n El Castillo y desalojaron a efectivos de Umopar. Cr\u00e9dito de foto: RRSS\"},{\"@type\":\"BreadcrumbList\",\"@id\":\"https:\\\/\\\/www.eldiario.net\\\/portal\\\/2026\\\/09\\\/04\\\/cocaleros-mantienen-vigilia-y-realizan-controles-en-el-castillo\\\/#breadcrumb\",\"itemListElement\":[{\"@type\":\"ListItem\",\"position\":1,\"name\":\"Portada\",\"item\":\"https:\\\/\\\/www.eldiario.net\\\/portal\\\/\"},{\"@type\":\"ListItem\",\"position\":2,\"name\":\"Cocaleros mantienen vigilia y realizan controles en El Castillo\"}]},{\"@type\":\"WebSite\",\"@id\":\"https:\\\/\\\/www.eldiario.net\\\/portal\\\/#website\",\"url\":\"https:\\\/\\\/www.eldiario.net\\\/portal\\\/\",\"name\":\"El Diario - Decano de la prensa nacional\",\"description\":\"El Diario - Decano de la prensa nacional\",\"publisher\":{\"@id\":\"https:\\\/\\\/www.eldiario.net\\\/portal\\\/#organization\"},\"potentialAction\":[{\"@type\":\"SearchAction\",\"target\":{\"@type\":\"EntryPoint\",\"urlTemplate\":\"https:\\\/\\\/www.eldiario.net\\\/portal\\\/?s={search_term_string}\"},\"query-input\":{\"@type\":\"PropertyValueSpecification\",\"valueRequired\":true,\"valueName\":\"search_term_string\"}}],\"inLanguage\":\"es\"},{\"@type\":\"Organization\",\"@id\":\"https:\\\/\\\/www.eldiario.net\\\/portal\\\/#organization\",\"name\":\"El Diario - Decano de la prensa nacional\",\"url\":\"https:\\\/\\\/www.eldiario.net\\\/portal\\\/\",\"logo\":{\"@type\":\"ImageObject\",\"inLanguage\":\"es\",\"@id\":\"https:\\\/\\\/www.eldiario.net\\\/portal\\\/#\\\/schema\\\/logo\\\/image\\\/\",\"url\":\"https:\\\/\\\/www.eldiario.net\\\/portal\\\/wp-content\\\/uploads\\\/2023\\\/07\\\/logo_ED.jpg\",\"contentUrl\":\"https:\\\/\\\/www.eldiario.net\\\/portal\\\/wp-content\\\/uploads\\\/2023\\\/07\\\/logo_ED.jpg\",\"width\":272,\"height\":52,\"caption\":\"El Diario - Decano de la prensa nacional\"},\"image\":{\"@id\":\"https:\\\/\\\/www.eldiario.net\\\/portal\\\/#\\\/schema\\\/logo\\\/image\\\/\"},\"sameAs\":[\"https:\\\/\\\/www.facebook.com\\\/eldiario.bolivia\\\/\",\"https:\\\/\\\/x.com\\\/eldiario_net\"]},{\"@type\":\"Person\",\"@id\":\"https:\\\/\\\/www.eldiario.net\\\/portal\\\/#\\\/schema\\\/person\\\/f46445640444750d7d753ccd04ae01b7\",\"name\":\"Jeanette\",\"image\":{\"@type\":\"ImageObject\",\"inLanguage\":\"es\",\"@id\":\"https:\\\/\\\/secure.gravatar.com\\\/avatar\\\/3ea2118a5f7dad2b7138b1187a6b7ee55f160b9968b66013c3a3ef39dd7e5798?s=96&d=mm&r=g\",\"url\":\"https:\\\/\\\/secure.gravatar.com\\\/avatar\\\/3ea2118a5f7dad2b7138b1187a6b7ee55f160b9968b66013c3a3ef39dd7e5798?s=96&d=mm&r=g\",\"contentUrl\":\"https:\\\/\\\/secure.gravatar.com\\\/avatar\\\/3ea2118a5f7dad2b7138b1187a6b7ee55f160b9968b66013c3a3ef39dd7e5798?s=96&d=mm&r=g\",\"caption\":\"Jeanette\"},\"sameAs\":[\"https:\\\/\\\/www.eldiario.net\\\/portal\"],\"url\":\"https:\\\/\\\/www.eldiario.net\\\/portal\\\/author\\\/jeanette\\\/\"}]}<\/script>\n<!-- \/ Yoast SEO plugin. -->","yoast_head_json":{"title":"Cocaleros mantienen vigilia y realizan controles en El Castillo - El Diario - Bolivia","robots":{"index":"index","follow":"follow","max-snippet":"max-snippet:-1","max-image-preview":"max-image-preview:large","max-video-preview":"max-video-preview:-1"},"canonical":"https:\/\/www.eldiario.net\/portal\/2026\/09\/04\/cocaleros-mantienen-vigilia-y-realizan-controles-en-el-castillo\/","og_locale":"es_ES","og_type":"article","og_title":"Cocaleros mantienen vigilia y realizan controles en El Castillo - El Diario - Bolivia","og_description":"Los productores de coca del Tr\u00f3pico de Cochabamba mantienen una vigilia en el ret\u00e9n de El Castillo y realizan revisiones a los veh\u00edculos que circulan por el sector, mientras sus dirigentes sostienen una reuni\u00f3n con efectivos de Umopar para buscar una salida al conflicto. La movilizaci\u00f3n comenz\u00f3 despu\u00e9s de la detenci\u00f3n de un productor y [&hellip;]","og_url":"https:\/\/www.eldiario.net\/portal\/2026\/09\/04\/cocaleros-mantienen-vigilia-y-realizan-controles-en-el-castillo\/","og_site_name":"El Diario - Bolivia","article_publisher":"https:\/\/www.facebook.com\/eldiario.bolivia\/","article_published_time":"2026-09-04T04:19:18+00:00","og_image":[{"width":982,"height":720,"url":"https:\/\/www.eldiario.net\/portal\/wp-content\/uploads\/2026\/09\/4-TOMA.webp","type":"image\/webp"}],"author":"Jeanette","twitter_card":"summary_large_image","twitter_creator":"@eldiario_net","twitter_site":"@eldiario_net","twitter_misc":{"Escrito por":"Jeanette","Tiempo de lectura":"3 minutos"},"schema":{"@context":"https:\/\/schema.org","@graph":[{"@type":"Article","@id":"https:\/\/www.eldiario.net\/portal\/2026\/09\/04\/cocaleros-mantienen-vigilia-y-realizan-controles-en-el-castillo\/#article","isPartOf":{"@id":"https:\/\/www.eldiario.net\/portal\/2026\/09\/04\/cocaleros-mantienen-vigilia-y-realizan-controles-en-el-castillo\/"},"author":{"name":"Jeanette","@id":"https:\/\/www.eldiario.net\/portal\/#\/schema\/person\/f46445640444750d7d753ccd04ae01b7"},"headline":"Cocaleros mantienen vigilia y realizan controles en El Castillo","datePublished":"2026-09-04T04:19:18+00:00","mainEntityOfPage":{"@id":"https:\/\/www.eldiario.net\/portal\/2026\/09\/04\/cocaleros-mantienen-vigilia-y-realizan-controles-en-el-castillo\/"},"wordCount":479,"publisher":{"@id":"https:\/\/www.eldiario.net\/portal\/#organization"},"image":{"@id":"https:\/\/www.eldiario.net\/portal\/2026\/09\/04\/cocaleros-mantienen-vigilia-y-realizan-controles-en-el-castillo\/#primaryimage"},"thumbnailUrl":"https:\/\/www.eldiario.net\/portal\/wp-content\/uploads\/2026\/09\/4-TOMA.webp","articleSection":["Sociedad - Seguridad"],"inLanguage":"es"},{"@type":"WebPage","@id":"https:\/\/www.eldiario.net\/portal\/2026\/09\/04\/cocaleros-mantienen-vigilia-y-realizan-controles-en-el-castillo\/","url":"https:\/\/www.eldiario.net\/portal\/2026\/09\/04\/cocaleros-mantienen-vigilia-y-realizan-controles-en-el-castillo\/","name":"Cocaleros mantienen vigilia y realizan controles en El Castillo - El Diario - Bolivia","isPartOf":{"@id":"https:\/\/www.eldiario.net\/portal\/#website"},"primaryImageOfPage":{"@id":"https:\/\/www.eldiario.net\/portal\/2026\/09\/04\/cocaleros-mantienen-vigilia-y-realizan-controles-en-el-castillo\/#primaryimage"},"image":{"@id":"https:\/\/www.eldiario.net\/portal\/2026\/09\/04\/cocaleros-mantienen-vigilia-y-realizan-controles-en-el-castillo\/#primaryimage"},"thumbnailUrl":"https:\/\/www.eldiario.net\/portal\/wp-content\/uploads\/2026\/09\/4-TOMA.webp","datePublished":"2026-09-04T04:19:18+00:00","breadcrumb":{"@id":"https:\/\/www.eldiario.net\/portal\/2026\/09\/04\/cocaleros-mantienen-vigilia-y-realizan-controles-en-el-castillo\/#breadcrumb"},"inLanguage":"es","potentialAction":[{"@type":"ReadAction","target":["https:\/\/www.eldiario.net\/portal\/2026\/09\/04\/cocaleros-mantienen-vigilia-y-realizan-controles-en-el-castillo\/"]}]},{"@type":"ImageObject","inLanguage":"es","@id":"https:\/\/www.eldiario.net\/portal\/2026\/09\/04\/cocaleros-mantienen-vigilia-y-realizan-controles-en-el-castillo\/#primaryimage","url":"https:\/\/www.eldiario.net\/portal\/wp-content\/uploads\/2026\/09\/4-TOMA.webp","contentUrl":"https:\/\/www.eldiario.net\/portal\/wp-content\/uploads\/2026\/09\/4-TOMA.webp","width":982,"height":720,"caption":"Cocaleros tomaron el ret\u00e9n El Castillo y desalojaron a efectivos de Umopar. Cr\u00e9dito de foto: RRSS"},{"@type":"BreadcrumbList","@id":"https:\/\/www.eldiario.net\/portal\/2026\/09\/04\/cocaleros-mantienen-vigilia-y-realizan-controles-en-el-castillo\/#breadcrumb","itemListElement":[{"@type":"ListItem","position":1,"name":"Portada","item":"https:\/\/www.eldiario.net\/portal\/"},{"@type":"ListItem","position":2,"name":"Cocaleros mantienen vigilia y realizan controles en El Castillo"}]},{"@type":"WebSite","@id":"https:\/\/www.eldiario.net\/portal\/#website","url":"https:\/\/www.eldiario.net\/portal\/","name":"El Diario - Decano de la prensa nacional","description":"El Diario - Decano de la prensa nacional","publisher":{"@id":"https:\/\/www.eldiario.net\/portal\/#organization"},"potentialAction":[{"@type":"SearchAction","target":{"@type":"EntryPoint","urlTemplate":"https:\/\/www.eldiario.net\/portal\/?s={search_term_string}"},"query-input":{"@type":"PropertyValueSpecification","valueRequired":true,"valueName":"search_term_string"}}],"inLanguage":"es"},{"@type":"Organization","@id":"https:\/\/www.eldiario.net\/portal\/#organization","name":"El Diario - Decano de la prensa nacional","url":"https:\/\/www.eldiario.net\/portal\/","logo":{"@type":"ImageObject","inLanguage":"es","@id":"https:\/\/www.eldiario.net\/portal\/#\/schema\/logo\/image\/","url":"https:\/\/www.eldiario.net\/portal\/wp-content\/uploads\/2023\/07\/logo_ED.jpg","contentUrl":"https:\/\/www.eldiario.net\/portal\/wp-content\/uploads\/2023\/07\/logo_ED.jpg","width":272,"height":52,"caption":"El Diario - Decano de la prensa nacional"},"image":{"@id":"https:\/\/www.eldiario.net\/portal\/#\/schema\/logo\/image\/"},"sameAs":["https:\/\/www.facebook.com\/eldiario.bolivia\/","https:\/\/x.com\/eldiario_net"]},{"@type":"Person","@id":"https:\/\/www.eldiario.net\/portal\/#\/schema\/person\/f46445640444750d7d753ccd04ae01b7","name":"Jeanette","image":{"@type":"ImageObject","inLanguage":"es","@id":"https:\/\/secure.gravatar.com\/avatar\/3ea2118a5f7dad2b7138b1187a6b7ee55f160b9968b66013c3a3ef39dd7e5798?s=96&d=mm&r=g","url":"https:\/\/secure.gravatar.com\/avatar\/3ea2118a5f7dad2b7138b1187a6b7ee55f160b9968b66013c3a3ef39dd7e5798?s=96&d=mm&r=g","contentUrl":"https:\/\/secure.gravatar.com\/avatar\/3ea2118a5f7dad2b7138b1187a6b7ee55f160b9968b66013c3a3ef39dd7e5798?s=96&d=mm&r=g","caption":"Jeanette"},"sameAs":["https:\/\/www.eldiario.net\/portal"],"url":"https:\/\/www.eldiario.net\/portal\/author\/jeanette\/"}]}},"_links":{"self":[{"href":"https:\/\/www.eldiario.net\/portal\/wp-json\/wp\/v2\/posts\/427501","targetHints":{"allow":["GET"]}}],"collection":[{"href":"https:\/\/www.eldiario.net\/portal\/wp-json\/wp\/v2\/posts"}],"about":[{"href":"https:\/\/www.eldiario.net\/portal\/wp-json\/wp\/v2\/types\/post"}],"author":[{"embeddable":true,"href":"https:\/\/www.eldiario.net\/portal\/wp-json\/wp\/v2\/users\/1"}],"replies":[{"embeddable":true,"href":"https:\/\/www.eldiario.net\/portal\/wp-json\/wp\/v2\/comments?post=427501"}],"version-history":[{"count":1,"href":"https:\/\/www.eldiario.net\/portal\/wp-json\/wp\/v2\/posts\/427501\/revisions"}],"predecessor-version":[{"id":427503,"href":"https:\/\/www.eldiario.net\/portal\/wp-json\/wp\/v2\/posts\/427501\/revisions\/427503"}],"wp:featuredmedia":[{"embeddable":true,"href":"https:\/\/www.eldiario.net\/portal\/wp-json\/wp\/v2\/media\/427502"}],"wp:attachment":[{"href":"https:\/\/www.eldiario.net\/portal\/wp-json\/wp\/v2\/media?parent=427501"}],"wp:term":[{"taxonomy":"category","embeddable":true,"href":"https:\/\/www.eldiario.net\/portal\/wp-json\/wp\/v2\/categories?post=427501"},{"taxonomy":"post_tag","embeddable":true,"href":"https:\/\/www.eldiario.net\/portal\/wp-json\/wp\/v2\/tags?post=427501"}],"curies":[{"name":"wp","href":"https:\/\/api.w.org\/{rel}","templated":true}]}}