{"id":427498,"date":"2026-09-04T00:18:18","date_gmt":"2026-09-04T04:18:18","guid":{"rendered":"https:\/\/www.eldiario.net\/portal\/?p=427498"},"modified":"2026-09-03T22:19:12","modified_gmt":"2026-09-04T02:19:12","slug":"traslado-de-cerimedo-audiencia-se-reprograma-para-este-viernes-2","status":"publish","type":"post","link":"https:\/\/www.eldiario.net\/portal\/2026\/09\/04\/traslado-de-cerimedo-audiencia-se-reprograma-para-este-viernes-2\/","title":{"rendered":"Traslado de Cerimedo: audiencia se reprograma para este viernes"},"content":{"rendered":"<p>La audiencia de acci\u00f3n de libertad presentada por la defensa de Fernando Cerimedo para frenar su traslado de Palmasola a Chonchocoro fue suspendida ayer y deber\u00e1 reinstalarse este viernes en el Palacio de Justicia de Santa Cruz, aunque todav\u00eda no se defini\u00f3 la hora. La defensa busca evitar el traslado y advierte posibles riesgos para la salud, vida e integridad f\u00edsica del detenido.<\/p>\n<p>El recurso constitucional fue activado despu\u00e9s de que la justicia pace\u00f1a confirmara seis meses de detenci\u00f3n preventiva para Cerimedo en Chonchocoro, dentro de una investigaci\u00f3n por presunto enriquecimiento il\u00edcito y legitimaci\u00f3n de ganancias il\u00edcitas. La medida gener\u00f3 una situaci\u00f3n particular debido a que el argentino ya se encuentra recluido preventivamente en Palmasola por otro proceso.<\/p>\n<p>La defensa pretende que la Justicia constitucional se pronuncie sobre la forma en que deben cumplirse ambas determinaciones judiciales. Sus abogados cuestionan que el detenido sea trasladado desde Santa Cruz y sostienen que deben considerarse las condiciones relacionadas con su salud y su integridad antes de ejecutar la orden emitida en La Paz.<\/p>\n<p>El planteamiento tambi\u00e9n provoc\u00f3 una reacci\u00f3n de Nadia Beller, quien expres\u00f3 p\u00fablicamente su preocupaci\u00f3n por la rapidez con la que se activ\u00f3 el recurso y se\u00f1al\u00f3 que este fue presentado y programado poco despu\u00e9s de que concluyera la audiencia de apelaci\u00f3n del detenido.<\/p>\n<p>Beller pidi\u00f3 a los administradores de justicia mantener independencia al momento de resolver el caso. En su pronunciamiento calific\u00f3 de llamativa la celeridad del tr\u00e1mite y consider\u00f3 que corresponde que la ciudadan\u00eda pueda observar c\u00f3mo se desarrolla el procedimiento.<\/p>\n<p>Otro de los puntos cuestionados por Beller son los argumentos m\u00e9dicos expuestos para intentar impedir el traslado. La mujer puso en duda que la condici\u00f3n de salud alegada actualmente sea suficiente para impedir que Cerimedo sea llevado a La Paz y record\u00f3 que, seg\u00fan su versi\u00f3n, anteriormente realizaba desplazamientos frecuentes hacia esa ciudad.<\/p>\n<p>Adem\u00e1s, sostuvo que existir\u00edan antecedentes m\u00e9dicos recientes que no acreditar\u00edan una enfermedad incompatible con el traslado. A partir de ello, plante\u00f3 que los jueces deber\u00edan evaluar la documentaci\u00f3n m\u00e9dica y los fundamentos jur\u00eddicos antes de adoptar una determinaci\u00f3n.<\/p>\n<p>La denunciante tambi\u00e9n advirti\u00f3 sobre el alcance que podr\u00eda tener el recurso constitucional. En su criterio, una acci\u00f3n de libertad no deber\u00eda convertirse en un mecanismo destinado a dejar sin efecto o evitar el cumplimiento de una decisi\u00f3n judicial que ya fue sometida a revisi\u00f3n.<\/p>\n<p>Con la reinstalaci\u00f3n del proceso este viernes, la defensa tendr\u00e1 nuevamente la posibilidad de sustentar su pedido ante la instancia constitucional. Mientras tanto, la resoluci\u00f3n que dispone la permanencia de Cerimedo durante seis meses en Chonchocoro contin\u00faa vigente. (Con informaci\u00f3n de Red Uno)<\/p>\n","protected":false},"excerpt":{"rendered":"<p>La audiencia de acci\u00f3n de libertad presentada por la defensa de Fernando Cerimedo para frenar su traslado de Palmasola a Chonchocoro fue suspendida ayer y deber\u00e1 reinstalarse este viernes en el Palacio de Justicia de Santa Cruz, aunque todav\u00eda no se defini\u00f3 la hora. La defensa busca evitar el traslado y advierte posibles riesgos para [&hellip;]<\/p>\n","protected":false},"author":1,"featured_media":427499,"comment_status":"closed","ping_status":"open","sticky":false,"template":"","format":"standard","meta":{"_acf_changed":false,"footnotes":""},"categories":[39],"tags":[],"class_list":["post-427498","post","type-post","status-publish","format-standard","has-post-thumbnail","category-sociedad"],"acf":{"antetitulo":"Orden de reclusi\u00f3n en Chonchocoro"},"yoast_head":"<!-- This site is optimized with the Yoast SEO plugin v28.4 - https:\/\/yoast.com\/product\/yoast-seo-wordpress\/ -->\n<title>Traslado de Cerimedo: audiencia se reprograma para este viernes - El Diario - Bolivia<\/title>\n<meta name=\"robots\" content=\"index, follow, max-snippet:-1, max-image-preview:large, max-video-preview:-1\" \/>\n<link rel=\"canonical\" href=\"https:\/\/www.eldiario.net\/portal\/2026\/09\/04\/traslado-de-cerimedo-audiencia-se-reprograma-para-este-viernes-2\/\" \/>\n<meta property=\"og:locale\" content=\"es_ES\" \/>\n<meta property=\"og:type\" content=\"article\" \/>\n<meta property=\"og:title\" content=\"Traslado de Cerimedo: audiencia se reprograma para este viernes - El Diario - Bolivia\" \/>\n<meta property=\"og:description\" content=\"La audiencia de acci\u00f3n de libertad presentada por la defensa de Fernando Cerimedo para frenar su traslado de Palmasola a Chonchocoro fue suspendida ayer y deber\u00e1 reinstalarse este viernes en el Palacio de Justicia de Santa Cruz, aunque todav\u00eda no se defini\u00f3 la hora. La defensa busca evitar el traslado y advierte posibles riesgos para [&hellip;]\" \/>\n<meta property=\"og:url\" content=\"https:\/\/www.eldiario.net\/portal\/2026\/09\/04\/traslado-de-cerimedo-audiencia-se-reprograma-para-este-viernes-2\/\" \/>\n<meta property=\"og:site_name\" content=\"El Diario - Bolivia\" \/>\n<meta property=\"article:publisher\" content=\"https:\/\/www.facebook.com\/eldiario.bolivia\/\" \/>\n<meta property=\"article:published_time\" content=\"2026-09-04T04:18:18+00:00\" \/>\n<meta property=\"og:image\" content=\"https:\/\/www.eldiario.net\/portal\/wp-content\/uploads\/2026\/09\/4-ORDEN.webp\" \/>\n\t<meta property=\"og:image:width\" content=\"414\" \/>\n\t<meta property=\"og:image:height\" content=\"276\" \/>\n\t<meta property=\"og:image:type\" content=\"image\/webp\" \/>\n<meta name=\"author\" content=\"Jeanette\" \/>\n<meta name=\"twitter:card\" content=\"summary_large_image\" \/>\n<meta name=\"twitter:creator\" content=\"@eldiario_net\" \/>\n<meta name=\"twitter:site\" content=\"@eldiario_net\" \/>\n<meta name=\"twitter:label1\" content=\"Escrito por\" \/>\n\t<meta name=\"twitter:data1\" content=\"Jeanette\" \/>\n\t<meta name=\"twitter:label2\" content=\"Tiempo de lectura\" \/>\n\t<meta name=\"twitter:data2\" content=\"3 minutos\" \/>\n<script type=\"application\/ld+json\" class=\"yoast-schema-graph\">{\"@context\":\"https:\\\/\\\/schema.org\",\"@graph\":[{\"@type\":\"Article\",\"@id\":\"https:\\\/\\\/www.eldiario.net\\\/portal\\\/2026\\\/09\\\/04\\\/traslado-de-cerimedo-audiencia-se-reprograma-para-este-viernes-2\\\/#article\",\"isPartOf\":{\"@id\":\"https:\\\/\\\/www.eldiario.net\\\/portal\\\/2026\\\/09\\\/04\\\/traslado-de-cerimedo-audiencia-se-reprograma-para-este-viernes-2\\\/\"},\"author\":{\"name\":\"Jeanette\",\"@id\":\"https:\\\/\\\/www.eldiario.net\\\/portal\\\/#\\\/schema\\\/person\\\/f46445640444750d7d753ccd04ae01b7\"},\"headline\":\"Traslado de Cerimedo: audiencia se reprograma para este viernes\",\"datePublished\":\"2026-09-04T04:18:18+00:00\",\"mainEntityOfPage\":{\"@id\":\"https:\\\/\\\/www.eldiario.net\\\/portal\\\/2026\\\/09\\\/04\\\/traslado-de-cerimedo-audiencia-se-reprograma-para-este-viernes-2\\\/\"},\"wordCount\":485,\"publisher\":{\"@id\":\"https:\\\/\\\/www.eldiario.net\\\/portal\\\/#organization\"},\"image\":{\"@id\":\"https:\\\/\\\/www.eldiario.net\\\/portal\\\/2026\\\/09\\\/04\\\/traslado-de-cerimedo-audiencia-se-reprograma-para-este-viernes-2\\\/#primaryimage\"},\"thumbnailUrl\":\"https:\\\/\\\/www.eldiario.net\\\/portal\\\/wp-content\\\/uploads\\\/2026\\\/09\\\/4-ORDEN.webp\",\"articleSection\":[\"Sociedad - Seguridad\"],\"inLanguage\":\"es\"},{\"@type\":\"WebPage\",\"@id\":\"https:\\\/\\\/www.eldiario.net\\\/portal\\\/2026\\\/09\\\/04\\\/traslado-de-cerimedo-audiencia-se-reprograma-para-este-viernes-2\\\/\",\"url\":\"https:\\\/\\\/www.eldiario.net\\\/portal\\\/2026\\\/09\\\/04\\\/traslado-de-cerimedo-audiencia-se-reprograma-para-este-viernes-2\\\/\",\"name\":\"Traslado de Cerimedo: audiencia se reprograma para este viernes - El Diario - Bolivia\",\"isPartOf\":{\"@id\":\"https:\\\/\\\/www.eldiario.net\\\/portal\\\/#website\"},\"primaryImageOfPage\":{\"@id\":\"https:\\\/\\\/www.eldiario.net\\\/portal\\\/2026\\\/09\\\/04\\\/traslado-de-cerimedo-audiencia-se-reprograma-para-este-viernes-2\\\/#primaryimage\"},\"image\":{\"@id\":\"https:\\\/\\\/www.eldiario.net\\\/portal\\\/2026\\\/09\\\/04\\\/traslado-de-cerimedo-audiencia-se-reprograma-para-este-viernes-2\\\/#primaryimage\"},\"thumbnailUrl\":\"https:\\\/\\\/www.eldiario.net\\\/portal\\\/wp-content\\\/uploads\\\/2026\\\/09\\\/4-ORDEN.webp\",\"datePublished\":\"2026-09-04T04:18:18+00:00\",\"breadcrumb\":{\"@id\":\"https:\\\/\\\/www.eldiario.net\\\/portal\\\/2026\\\/09\\\/04\\\/traslado-de-cerimedo-audiencia-se-reprograma-para-este-viernes-2\\\/#breadcrumb\"},\"inLanguage\":\"es\",\"potentialAction\":[{\"@type\":\"ReadAction\",\"target\":[\"https:\\\/\\\/www.eldiario.net\\\/portal\\\/2026\\\/09\\\/04\\\/traslado-de-cerimedo-audiencia-se-reprograma-para-este-viernes-2\\\/\"]}]},{\"@type\":\"ImageObject\",\"inLanguage\":\"es\",\"@id\":\"https:\\\/\\\/www.eldiario.net\\\/portal\\\/2026\\\/09\\\/04\\\/traslado-de-cerimedo-audiencia-se-reprograma-para-este-viernes-2\\\/#primaryimage\",\"url\":\"https:\\\/\\\/www.eldiario.net\\\/portal\\\/wp-content\\\/uploads\\\/2026\\\/09\\\/4-ORDEN.webp\",\"contentUrl\":\"https:\\\/\\\/www.eldiario.net\\\/portal\\\/wp-content\\\/uploads\\\/2026\\\/09\\\/4-ORDEN.webp\",\"width\":414,\"height\":276,\"caption\":\"Cerimedo permanece recluido en Palmasola por intento de feminicidio contra Beller. Cr\u00e9dito de foto: RRSS\"},{\"@type\":\"BreadcrumbList\",\"@id\":\"https:\\\/\\\/www.eldiario.net\\\/portal\\\/2026\\\/09\\\/04\\\/traslado-de-cerimedo-audiencia-se-reprograma-para-este-viernes-2\\\/#breadcrumb\",\"itemListElement\":[{\"@type\":\"ListItem\",\"position\":1,\"name\":\"Portada\",\"item\":\"https:\\\/\\\/www.eldiario.net\\\/portal\\\/\"},{\"@type\":\"ListItem\",\"position\":2,\"name\":\"Traslado de Cerimedo: audiencia se reprograma para este viernes\"}]},{\"@type\":\"WebSite\",\"@id\":\"https:\\\/\\\/www.eldiario.net\\\/portal\\\/#website\",\"url\":\"https:\\\/\\\/www.eldiario.net\\\/portal\\\/\",\"name\":\"El Diario - Decano de la prensa nacional\",\"description\":\"El Diario - Decano de la prensa nacional\",\"publisher\":{\"@id\":\"https:\\\/\\\/www.eldiario.net\\\/portal\\\/#organization\"},\"potentialAction\":[{\"@type\":\"SearchAction\",\"target\":{\"@type\":\"EntryPoint\",\"urlTemplate\":\"https:\\\/\\\/www.eldiario.net\\\/portal\\\/?s={search_term_string}\"},\"query-input\":{\"@type\":\"PropertyValueSpecification\",\"valueRequired\":true,\"valueName\":\"search_term_string\"}}],\"inLanguage\":\"es\"},{\"@type\":\"Organization\",\"@id\":\"https:\\\/\\\/www.eldiario.net\\\/portal\\\/#organization\",\"name\":\"El Diario - Decano de la prensa nacional\",\"url\":\"https:\\\/\\\/www.eldiario.net\\\/portal\\\/\",\"logo\":{\"@type\":\"ImageObject\",\"inLanguage\":\"es\",\"@id\":\"https:\\\/\\\/www.eldiario.net\\\/portal\\\/#\\\/schema\\\/logo\\\/image\\\/\",\"url\":\"https:\\\/\\\/www.eldiario.net\\\/portal\\\/wp-content\\\/uploads\\\/2023\\\/07\\\/logo_ED.jpg\",\"contentUrl\":\"https:\\\/\\\/www.eldiario.net\\\/portal\\\/wp-content\\\/uploads\\\/2023\\\/07\\\/logo_ED.jpg\",\"width\":272,\"height\":52,\"caption\":\"El Diario - Decano de la prensa nacional\"},\"image\":{\"@id\":\"https:\\\/\\\/www.eldiario.net\\\/portal\\\/#\\\/schema\\\/logo\\\/image\\\/\"},\"sameAs\":[\"https:\\\/\\\/www.facebook.com\\\/eldiario.bolivia\\\/\",\"https:\\\/\\\/x.com\\\/eldiario_net\"]},{\"@type\":\"Person\",\"@id\":\"https:\\\/\\\/www.eldiario.net\\\/portal\\\/#\\\/schema\\\/person\\\/f46445640444750d7d753ccd04ae01b7\",\"name\":\"Jeanette\",\"image\":{\"@type\":\"ImageObject\",\"inLanguage\":\"es\",\"@id\":\"https:\\\/\\\/secure.gravatar.com\\\/avatar\\\/3ea2118a5f7dad2b7138b1187a6b7ee55f160b9968b66013c3a3ef39dd7e5798?s=96&d=mm&r=g\",\"url\":\"https:\\\/\\\/secure.gravatar.com\\\/avatar\\\/3ea2118a5f7dad2b7138b1187a6b7ee55f160b9968b66013c3a3ef39dd7e5798?s=96&d=mm&r=g\",\"contentUrl\":\"https:\\\/\\\/secure.gravatar.com\\\/avatar\\\/3ea2118a5f7dad2b7138b1187a6b7ee55f160b9968b66013c3a3ef39dd7e5798?s=96&d=mm&r=g\",\"caption\":\"Jeanette\"},\"sameAs\":[\"https:\\\/\\\/www.eldiario.net\\\/portal\"],\"url\":\"https:\\\/\\\/www.eldiario.net\\\/portal\\\/author\\\/jeanette\\\/\"}]}<\/script>\n<!-- \/ Yoast SEO plugin. -->","yoast_head_json":{"title":"Traslado de Cerimedo: audiencia se reprograma para este viernes - El Diario - Bolivia","robots":{"index":"index","follow":"follow","max-snippet":"max-snippet:-1","max-image-preview":"max-image-preview:large","max-video-preview":"max-video-preview:-1"},"canonical":"https:\/\/www.eldiario.net\/portal\/2026\/09\/04\/traslado-de-cerimedo-audiencia-se-reprograma-para-este-viernes-2\/","og_locale":"es_ES","og_type":"article","og_title":"Traslado de Cerimedo: audiencia se reprograma para este viernes - El Diario - Bolivia","og_description":"La audiencia de acci\u00f3n de libertad presentada por la defensa de Fernando Cerimedo para frenar su traslado de Palmasola a Chonchocoro fue suspendida ayer y deber\u00e1 reinstalarse este viernes en el Palacio de Justicia de Santa Cruz, aunque todav\u00eda no se defini\u00f3 la hora. La defensa busca evitar el traslado y advierte posibles riesgos para [&hellip;]","og_url":"https:\/\/www.eldiario.net\/portal\/2026\/09\/04\/traslado-de-cerimedo-audiencia-se-reprograma-para-este-viernes-2\/","og_site_name":"El Diario - Bolivia","article_publisher":"https:\/\/www.facebook.com\/eldiario.bolivia\/","article_published_time":"2026-09-04T04:18:18+00:00","og_image":[{"width":414,"height":276,"url":"https:\/\/www.eldiario.net\/portal\/wp-content\/uploads\/2026\/09\/4-ORDEN.webp","type":"image\/webp"}],"author":"Jeanette","twitter_card":"summary_large_image","twitter_creator":"@eldiario_net","twitter_site":"@eldiario_net","twitter_misc":{"Escrito por":"Jeanette","Tiempo de lectura":"3 minutos"},"schema":{"@context":"https:\/\/schema.org","@graph":[{"@type":"Article","@id":"https:\/\/www.eldiario.net\/portal\/2026\/09\/04\/traslado-de-cerimedo-audiencia-se-reprograma-para-este-viernes-2\/#article","isPartOf":{"@id":"https:\/\/www.eldiario.net\/portal\/2026\/09\/04\/traslado-de-cerimedo-audiencia-se-reprograma-para-este-viernes-2\/"},"author":{"name":"Jeanette","@id":"https:\/\/www.eldiario.net\/portal\/#\/schema\/person\/f46445640444750d7d753ccd04ae01b7"},"headline":"Traslado de Cerimedo: audiencia se reprograma para este viernes","datePublished":"2026-09-04T04:18:18+00:00","mainEntityOfPage":{"@id":"https:\/\/www.eldiario.net\/portal\/2026\/09\/04\/traslado-de-cerimedo-audiencia-se-reprograma-para-este-viernes-2\/"},"wordCount":485,"publisher":{"@id":"https:\/\/www.eldiario.net\/portal\/#organization"},"image":{"@id":"https:\/\/www.eldiario.net\/portal\/2026\/09\/04\/traslado-de-cerimedo-audiencia-se-reprograma-para-este-viernes-2\/#primaryimage"},"thumbnailUrl":"https:\/\/www.eldiario.net\/portal\/wp-content\/uploads\/2026\/09\/4-ORDEN.webp","articleSection":["Sociedad - Seguridad"],"inLanguage":"es"},{"@type":"WebPage","@id":"https:\/\/www.eldiario.net\/portal\/2026\/09\/04\/traslado-de-cerimedo-audiencia-se-reprograma-para-este-viernes-2\/","url":"https:\/\/www.eldiario.net\/portal\/2026\/09\/04\/traslado-de-cerimedo-audiencia-se-reprograma-para-este-viernes-2\/","name":"Traslado de Cerimedo: audiencia se reprograma para este viernes - El Diario - Bolivia","isPartOf":{"@id":"https:\/\/www.eldiario.net\/portal\/#website"},"primaryImageOfPage":{"@id":"https:\/\/www.eldiario.net\/portal\/2026\/09\/04\/traslado-de-cerimedo-audiencia-se-reprograma-para-este-viernes-2\/#primaryimage"},"image":{"@id":"https:\/\/www.eldiario.net\/portal\/2026\/09\/04\/traslado-de-cerimedo-audiencia-se-reprograma-para-este-viernes-2\/#primaryimage"},"thumbnailUrl":"https:\/\/www.eldiario.net\/portal\/wp-content\/uploads\/2026\/09\/4-ORDEN.webp","datePublished":"2026-09-04T04:18:18+00:00","breadcrumb":{"@id":"https:\/\/www.eldiario.net\/portal\/2026\/09\/04\/traslado-de-cerimedo-audiencia-se-reprograma-para-este-viernes-2\/#breadcrumb"},"inLanguage":"es","potentialAction":[{"@type":"ReadAction","target":["https:\/\/www.eldiario.net\/portal\/2026\/09\/04\/traslado-de-cerimedo-audiencia-se-reprograma-para-este-viernes-2\/"]}]},{"@type":"ImageObject","inLanguage":"es","@id":"https:\/\/www.eldiario.net\/portal\/2026\/09\/04\/traslado-de-cerimedo-audiencia-se-reprograma-para-este-viernes-2\/#primaryimage","url":"https:\/\/www.eldiario.net\/portal\/wp-content\/uploads\/2026\/09\/4-ORDEN.webp","contentUrl":"https:\/\/www.eldiario.net\/portal\/wp-content\/uploads\/2026\/09\/4-ORDEN.webp","width":414,"height":276,"caption":"Cerimedo permanece recluido en Palmasola por intento de feminicidio contra Beller. Cr\u00e9dito de foto: RRSS"},{"@type":"BreadcrumbList","@id":"https:\/\/www.eldiario.net\/portal\/2026\/09\/04\/traslado-de-cerimedo-audiencia-se-reprograma-para-este-viernes-2\/#breadcrumb","itemListElement":[{"@type":"ListItem","position":1,"name":"Portada","item":"https:\/\/www.eldiario.net\/portal\/"},{"@type":"ListItem","position":2,"name":"Traslado de Cerimedo: audiencia se reprograma para este viernes"}]},{"@type":"WebSite","@id":"https:\/\/www.eldiario.net\/portal\/#website","url":"https:\/\/www.eldiario.net\/portal\/","name":"El Diario - Decano de la prensa nacional","description":"El Diario - Decano de la prensa nacional","publisher":{"@id":"https:\/\/www.eldiario.net\/portal\/#organization"},"potentialAction":[{"@type":"SearchAction","target":{"@type":"EntryPoint","urlTemplate":"https:\/\/www.eldiario.net\/portal\/?s={search_term_string}"},"query-input":{"@type":"PropertyValueSpecification","valueRequired":true,"valueName":"search_term_string"}}],"inLanguage":"es"},{"@type":"Organization","@id":"https:\/\/www.eldiario.net\/portal\/#organization","name":"El Diario - Decano de la prensa nacional","url":"https:\/\/www.eldiario.net\/portal\/","logo":{"@type":"ImageObject","inLanguage":"es","@id":"https:\/\/www.eldiario.net\/portal\/#\/schema\/logo\/image\/","url":"https:\/\/www.eldiario.net\/portal\/wp-content\/uploads\/2023\/07\/logo_ED.jpg","contentUrl":"https:\/\/www.eldiario.net\/portal\/wp-content\/uploads\/2023\/07\/logo_ED.jpg","width":272,"height":52,"caption":"El Diario - Decano de la prensa nacional"},"image":{"@id":"https:\/\/www.eldiario.net\/portal\/#\/schema\/logo\/image\/"},"sameAs":["https:\/\/www.facebook.com\/eldiario.bolivia\/","https:\/\/x.com\/eldiario_net"]},{"@type":"Person","@id":"https:\/\/www.eldiario.net\/portal\/#\/schema\/person\/f46445640444750d7d753ccd04ae01b7","name":"Jeanette","image":{"@type":"ImageObject","inLanguage":"es","@id":"https:\/\/secure.gravatar.com\/avatar\/3ea2118a5f7dad2b7138b1187a6b7ee55f160b9968b66013c3a3ef39dd7e5798?s=96&d=mm&r=g","url":"https:\/\/secure.gravatar.com\/avatar\/3ea2118a5f7dad2b7138b1187a6b7ee55f160b9968b66013c3a3ef39dd7e5798?s=96&d=mm&r=g","contentUrl":"https:\/\/secure.gravatar.com\/avatar\/3ea2118a5f7dad2b7138b1187a6b7ee55f160b9968b66013c3a3ef39dd7e5798?s=96&d=mm&r=g","caption":"Jeanette"},"sameAs":["https:\/\/www.eldiario.net\/portal"],"url":"https:\/\/www.eldiario.net\/portal\/author\/jeanette\/"}]}},"_links":{"self":[{"href":"https:\/\/www.eldiario.net\/portal\/wp-json\/wp\/v2\/posts\/427498","targetHints":{"allow":["GET"]}}],"collection":[{"href":"https:\/\/www.eldiario.net\/portal\/wp-json\/wp\/v2\/posts"}],"about":[{"href":"https:\/\/www.eldiario.net\/portal\/wp-json\/wp\/v2\/types\/post"}],"author":[{"embeddable":true,"href":"https:\/\/www.eldiario.net\/portal\/wp-json\/wp\/v2\/users\/1"}],"replies":[{"embeddable":true,"href":"https:\/\/www.eldiario.net\/portal\/wp-json\/wp\/v2\/comments?post=427498"}],"version-history":[{"count":1,"href":"https:\/\/www.eldiario.net\/portal\/wp-json\/wp\/v2\/posts\/427498\/revisions"}],"predecessor-version":[{"id":427500,"href":"https:\/\/www.eldiario.net\/portal\/wp-json\/wp\/v2\/posts\/427498\/revisions\/427500"}],"wp:featuredmedia":[{"embeddable":true,"href":"https:\/\/www.eldiario.net\/portal\/wp-json\/wp\/v2\/media\/427499"}],"wp:attachment":[{"href":"https:\/\/www.eldiario.net\/portal\/wp-json\/wp\/v2\/media?parent=427498"}],"wp:term":[{"taxonomy":"category","embeddable":true,"href":"https:\/\/www.eldiario.net\/portal\/wp-json\/wp\/v2\/categories?post=427498"},{"taxonomy":"post_tag","embeddable":true,"href":"https:\/\/www.eldiario.net\/portal\/wp-json\/wp\/v2\/tags?post=427498"}],"curies":[{"name":"wp","href":"https:\/\/api.w.org\/{rel}","templated":true}]}}