{"id":427495,"date":"2026-09-04T00:16:58","date_gmt":"2026-09-04T04:16:58","guid":{"rendered":"https:\/\/www.eldiario.net\/portal\/?p=427495"},"modified":"2026-09-03T22:17:43","modified_gmt":"2026-09-04T02:17:43","slug":"rechazan-accion-de-libertad-y-dan-curso-a-extradicion","status":"publish","type":"post","link":"https:\/\/www.eldiario.net\/portal\/2026\/09\/04\/rechazan-accion-de-libertad-y-dan-curso-a-extradicion\/","title":{"rendered":"Rechazan acci\u00f3n de libertad y dan curso a extradici\u00f3n"},"content":{"rendered":"<p>La Sala Plena del Tribunal Supremo de Justicia (TSJ) rechaz\u00f3 el recurso presentado por la defensa del militar Henry Richard C. G. para dejar sin efecto su detenci\u00f3n con fines de extradici\u00f3n, por lo que continuar\u00e1 el tr\u00e1mite para su eventual entrega a Estados Unidos, donde es requerido por una investigaci\u00f3n por presunto tr\u00e1fico de armas y sustancias controladas.<\/p>\n<p>El magistrado Primo Mart\u00ednez inform\u00f3 sobre la decisi\u00f3n y se\u00f1al\u00f3 que, tras el rechazo del recurso presentado por la defensa, el proceso para definir la extradici\u00f3n del militar continuar\u00e1 su curso y ahora ser\u00e1 atendido por el Ministerio P\u00fablico.<\/p>\n<p>El recurso hab\u00eda sido presentado para cuestionar la aprehensi\u00f3n del oficial de la Fuerza A\u00e9rea Boliviana (FAB), medida ejecutada la pasada semana en Santa Cruz de la Sierra por una orden de detenci\u00f3n con fines de extradici\u00f3n emitida a solicitud del Gobierno estadounidense.<\/p>\n<p>Tras su aprehensi\u00f3n, el militar fue trasladado hasta un centro penitenciario de Sucre, donde permanece mientras avanza el procedimiento solicitado por Estados Unidos.<\/p>\n<p>La defensa sostuvo que la detenci\u00f3n se produjo de manera irregular y aleg\u00f3 una vulneraci\u00f3n de los derechos y garant\u00edas constitucionales de su representado, argumentos que fueron llevados ante la Sala Plena del m\u00e1ximo tribunal de justicia del pa\u00eds.<\/p>\n<p>La solicitud de extradici\u00f3n est\u00e1 vinculada a una investigaci\u00f3n que, de acuerdo con la informaci\u00f3n proporcionada por la Fuerza Especial de Lucha Contra el Narcotr\u00e1fico (Felcn), es seguida por autoridades estadounidenses contra el militar por delitos relacionados con el tr\u00e1fico de sustancias controladas y armas.<\/p>\n<p>El proceso continuar\u00e1 ahora bajo conocimiento del Ministerio P\u00fablico, instancia que deber\u00e1 seguir las actuaciones correspondientes dentro del tr\u00e1mite de extradici\u00f3n solicitado por Estados Unidos. (Con informaci\u00f3n de ABI)<\/p>\n","protected":false},"excerpt":{"rendered":"<p>La Sala Plena del Tribunal Supremo de Justicia (TSJ) rechaz\u00f3 el recurso presentado por la defensa del militar Henry Richard C. G. para dejar sin efecto su detenci\u00f3n con fines de extradici\u00f3n, por lo que continuar\u00e1 el tr\u00e1mite para su eventual entrega a Estados Unidos, donde es requerido por una investigaci\u00f3n por presunto tr\u00e1fico de [&hellip;]<\/p>\n","protected":false},"author":1,"featured_media":427496,"comment_status":"closed","ping_status":"open","sticky":false,"template":"","format":"standard","meta":{"_acf_changed":false,"footnotes":""},"categories":[39],"tags":[],"class_list":["post-427495","post","type-post","status-publish","format-standard","has-post-thumbnail","category-sociedad"],"acf":{"antetitulo":"Militar requerido por EEUU por tr\u00e1fico de armas"},"yoast_head":"<!-- This site is optimized with the Yoast SEO plugin v28.4 - https:\/\/yoast.com\/product\/yoast-seo-wordpress\/ -->\n<title>Rechazan acci\u00f3n de libertad y dan curso a extradici\u00f3n - El Diario - Bolivia<\/title>\n<meta name=\"robots\" content=\"index, follow, max-snippet:-1, max-image-preview:large, max-video-preview:-1\" \/>\n<link rel=\"canonical\" href=\"https:\/\/www.eldiario.net\/portal\/2026\/09\/04\/rechazan-accion-de-libertad-y-dan-curso-a-extradicion\/\" \/>\n<meta property=\"og:locale\" content=\"es_ES\" \/>\n<meta property=\"og:type\" content=\"article\" \/>\n<meta property=\"og:title\" content=\"Rechazan acci\u00f3n de libertad y dan curso a extradici\u00f3n - El Diario - Bolivia\" \/>\n<meta property=\"og:description\" content=\"La Sala Plena del Tribunal Supremo de Justicia (TSJ) rechaz\u00f3 el recurso presentado por la defensa del militar Henry Richard C. G. para dejar sin efecto su detenci\u00f3n con fines de extradici\u00f3n, por lo que continuar\u00e1 el tr\u00e1mite para su eventual entrega a Estados Unidos, donde es requerido por una investigaci\u00f3n por presunto tr\u00e1fico de [&hellip;]\" \/>\n<meta property=\"og:url\" content=\"https:\/\/www.eldiario.net\/portal\/2026\/09\/04\/rechazan-accion-de-libertad-y-dan-curso-a-extradicion\/\" \/>\n<meta property=\"og:site_name\" content=\"El Diario - Bolivia\" \/>\n<meta property=\"article:publisher\" content=\"https:\/\/www.facebook.com\/eldiario.bolivia\/\" \/>\n<meta property=\"article:published_time\" content=\"2026-09-04T04:16:58+00:00\" \/>\n<meta property=\"og:image\" content=\"https:\/\/www.eldiario.net\/portal\/wp-content\/uploads\/2026\/09\/4-MIL.webp\" \/>\n\t<meta property=\"og:image:width\" content=\"768\" \/>\n\t<meta property=\"og:image:height\" content=\"452\" \/>\n\t<meta property=\"og:image:type\" content=\"image\/webp\" \/>\n<meta name=\"author\" content=\"Jeanette\" \/>\n<meta name=\"twitter:card\" content=\"summary_large_image\" \/>\n<meta name=\"twitter:creator\" content=\"@eldiario_net\" \/>\n<meta name=\"twitter:site\" content=\"@eldiario_net\" \/>\n<meta name=\"twitter:label1\" content=\"Escrito por\" \/>\n\t<meta name=\"twitter:data1\" content=\"Jeanette\" \/>\n\t<meta name=\"twitter:label2\" content=\"Tiempo de lectura\" \/>\n\t<meta name=\"twitter:data2\" content=\"2 minutos\" \/>\n<script type=\"application\/ld+json\" class=\"yoast-schema-graph\">{\"@context\":\"https:\\\/\\\/schema.org\",\"@graph\":[{\"@type\":\"Article\",\"@id\":\"https:\\\/\\\/www.eldiario.net\\\/portal\\\/2026\\\/09\\\/04\\\/rechazan-accion-de-libertad-y-dan-curso-a-extradicion\\\/#article\",\"isPartOf\":{\"@id\":\"https:\\\/\\\/www.eldiario.net\\\/portal\\\/2026\\\/09\\\/04\\\/rechazan-accion-de-libertad-y-dan-curso-a-extradicion\\\/\"},\"author\":{\"name\":\"Jeanette\",\"@id\":\"https:\\\/\\\/www.eldiario.net\\\/portal\\\/#\\\/schema\\\/person\\\/f46445640444750d7d753ccd04ae01b7\"},\"headline\":\"Rechazan acci\u00f3n de libertad y dan curso a extradici\u00f3n\",\"datePublished\":\"2026-09-04T04:16:58+00:00\",\"mainEntityOfPage\":{\"@id\":\"https:\\\/\\\/www.eldiario.net\\\/portal\\\/2026\\\/09\\\/04\\\/rechazan-accion-de-libertad-y-dan-curso-a-extradicion\\\/\"},\"wordCount\":318,\"publisher\":{\"@id\":\"https:\\\/\\\/www.eldiario.net\\\/portal\\\/#organization\"},\"image\":{\"@id\":\"https:\\\/\\\/www.eldiario.net\\\/portal\\\/2026\\\/09\\\/04\\\/rechazan-accion-de-libertad-y-dan-curso-a-extradicion\\\/#primaryimage\"},\"thumbnailUrl\":\"https:\\\/\\\/www.eldiario.net\\\/portal\\\/wp-content\\\/uploads\\\/2026\\\/09\\\/4-MIL.webp\",\"articleSection\":[\"Sociedad - Seguridad\"],\"inLanguage\":\"es\"},{\"@type\":\"WebPage\",\"@id\":\"https:\\\/\\\/www.eldiario.net\\\/portal\\\/2026\\\/09\\\/04\\\/rechazan-accion-de-libertad-y-dan-curso-a-extradicion\\\/\",\"url\":\"https:\\\/\\\/www.eldiario.net\\\/portal\\\/2026\\\/09\\\/04\\\/rechazan-accion-de-libertad-y-dan-curso-a-extradicion\\\/\",\"name\":\"Rechazan acci\u00f3n de libertad y dan curso a extradici\u00f3n - El Diario - Bolivia\",\"isPartOf\":{\"@id\":\"https:\\\/\\\/www.eldiario.net\\\/portal\\\/#website\"},\"primaryImageOfPage\":{\"@id\":\"https:\\\/\\\/www.eldiario.net\\\/portal\\\/2026\\\/09\\\/04\\\/rechazan-accion-de-libertad-y-dan-curso-a-extradicion\\\/#primaryimage\"},\"image\":{\"@id\":\"https:\\\/\\\/www.eldiario.net\\\/portal\\\/2026\\\/09\\\/04\\\/rechazan-accion-de-libertad-y-dan-curso-a-extradicion\\\/#primaryimage\"},\"thumbnailUrl\":\"https:\\\/\\\/www.eldiario.net\\\/portal\\\/wp-content\\\/uploads\\\/2026\\\/09\\\/4-MIL.webp\",\"datePublished\":\"2026-09-04T04:16:58+00:00\",\"breadcrumb\":{\"@id\":\"https:\\\/\\\/www.eldiario.net\\\/portal\\\/2026\\\/09\\\/04\\\/rechazan-accion-de-libertad-y-dan-curso-a-extradicion\\\/#breadcrumb\"},\"inLanguage\":\"es\",\"potentialAction\":[{\"@type\":\"ReadAction\",\"target\":[\"https:\\\/\\\/www.eldiario.net\\\/portal\\\/2026\\\/09\\\/04\\\/rechazan-accion-de-libertad-y-dan-curso-a-extradicion\\\/\"]}]},{\"@type\":\"ImageObject\",\"inLanguage\":\"es\",\"@id\":\"https:\\\/\\\/www.eldiario.net\\\/portal\\\/2026\\\/09\\\/04\\\/rechazan-accion-de-libertad-y-dan-curso-a-extradicion\\\/#primaryimage\",\"url\":\"https:\\\/\\\/www.eldiario.net\\\/portal\\\/wp-content\\\/uploads\\\/2026\\\/09\\\/4-MIL.webp\",\"contentUrl\":\"https:\\\/\\\/www.eldiario.net\\\/portal\\\/wp-content\\\/uploads\\\/2026\\\/09\\\/4-MIL.webp\",\"width\":768,\"height\":452,\"caption\":\"Militar es requerido por EEUU por presunto tr\u00e1fico de armas. Cr\u00e9dito de foto: Felcn\"},{\"@type\":\"BreadcrumbList\",\"@id\":\"https:\\\/\\\/www.eldiario.net\\\/portal\\\/2026\\\/09\\\/04\\\/rechazan-accion-de-libertad-y-dan-curso-a-extradicion\\\/#breadcrumb\",\"itemListElement\":[{\"@type\":\"ListItem\",\"position\":1,\"name\":\"Portada\",\"item\":\"https:\\\/\\\/www.eldiario.net\\\/portal\\\/\"},{\"@type\":\"ListItem\",\"position\":2,\"name\":\"Rechazan acci\u00f3n de libertad y dan curso a extradici\u00f3n\"}]},{\"@type\":\"WebSite\",\"@id\":\"https:\\\/\\\/www.eldiario.net\\\/portal\\\/#website\",\"url\":\"https:\\\/\\\/www.eldiario.net\\\/portal\\\/\",\"name\":\"El Diario - Decano de la prensa nacional\",\"description\":\"El Diario - Decano de la prensa nacional\",\"publisher\":{\"@id\":\"https:\\\/\\\/www.eldiario.net\\\/portal\\\/#organization\"},\"potentialAction\":[{\"@type\":\"SearchAction\",\"target\":{\"@type\":\"EntryPoint\",\"urlTemplate\":\"https:\\\/\\\/www.eldiario.net\\\/portal\\\/?s={search_term_string}\"},\"query-input\":{\"@type\":\"PropertyValueSpecification\",\"valueRequired\":true,\"valueName\":\"search_term_string\"}}],\"inLanguage\":\"es\"},{\"@type\":\"Organization\",\"@id\":\"https:\\\/\\\/www.eldiario.net\\\/portal\\\/#organization\",\"name\":\"El Diario - Decano de la prensa nacional\",\"url\":\"https:\\\/\\\/www.eldiario.net\\\/portal\\\/\",\"logo\":{\"@type\":\"ImageObject\",\"inLanguage\":\"es\",\"@id\":\"https:\\\/\\\/www.eldiario.net\\\/portal\\\/#\\\/schema\\\/logo\\\/image\\\/\",\"url\":\"https:\\\/\\\/www.eldiario.net\\\/portal\\\/wp-content\\\/uploads\\\/2023\\\/07\\\/logo_ED.jpg\",\"contentUrl\":\"https:\\\/\\\/www.eldiario.net\\\/portal\\\/wp-content\\\/uploads\\\/2023\\\/07\\\/logo_ED.jpg\",\"width\":272,\"height\":52,\"caption\":\"El Diario - Decano de la prensa nacional\"},\"image\":{\"@id\":\"https:\\\/\\\/www.eldiario.net\\\/portal\\\/#\\\/schema\\\/logo\\\/image\\\/\"},\"sameAs\":[\"https:\\\/\\\/www.facebook.com\\\/eldiario.bolivia\\\/\",\"https:\\\/\\\/x.com\\\/eldiario_net\"]},{\"@type\":\"Person\",\"@id\":\"https:\\\/\\\/www.eldiario.net\\\/portal\\\/#\\\/schema\\\/person\\\/f46445640444750d7d753ccd04ae01b7\",\"name\":\"Jeanette\",\"image\":{\"@type\":\"ImageObject\",\"inLanguage\":\"es\",\"@id\":\"https:\\\/\\\/secure.gravatar.com\\\/avatar\\\/3ea2118a5f7dad2b7138b1187a6b7ee55f160b9968b66013c3a3ef39dd7e5798?s=96&d=mm&r=g\",\"url\":\"https:\\\/\\\/secure.gravatar.com\\\/avatar\\\/3ea2118a5f7dad2b7138b1187a6b7ee55f160b9968b66013c3a3ef39dd7e5798?s=96&d=mm&r=g\",\"contentUrl\":\"https:\\\/\\\/secure.gravatar.com\\\/avatar\\\/3ea2118a5f7dad2b7138b1187a6b7ee55f160b9968b66013c3a3ef39dd7e5798?s=96&d=mm&r=g\",\"caption\":\"Jeanette\"},\"sameAs\":[\"https:\\\/\\\/www.eldiario.net\\\/portal\"],\"url\":\"https:\\\/\\\/www.eldiario.net\\\/portal\\\/author\\\/jeanette\\\/\"}]}<\/script>\n<!-- \/ Yoast SEO plugin. -->","yoast_head_json":{"title":"Rechazan acci\u00f3n de libertad y dan curso a extradici\u00f3n - El Diario - Bolivia","robots":{"index":"index","follow":"follow","max-snippet":"max-snippet:-1","max-image-preview":"max-image-preview:large","max-video-preview":"max-video-preview:-1"},"canonical":"https:\/\/www.eldiario.net\/portal\/2026\/09\/04\/rechazan-accion-de-libertad-y-dan-curso-a-extradicion\/","og_locale":"es_ES","og_type":"article","og_title":"Rechazan acci\u00f3n de libertad y dan curso a extradici\u00f3n - El Diario - Bolivia","og_description":"La Sala Plena del Tribunal Supremo de Justicia (TSJ) rechaz\u00f3 el recurso presentado por la defensa del militar Henry Richard C. G. para dejar sin efecto su detenci\u00f3n con fines de extradici\u00f3n, por lo que continuar\u00e1 el tr\u00e1mite para su eventual entrega a Estados Unidos, donde es requerido por una investigaci\u00f3n por presunto tr\u00e1fico de [&hellip;]","og_url":"https:\/\/www.eldiario.net\/portal\/2026\/09\/04\/rechazan-accion-de-libertad-y-dan-curso-a-extradicion\/","og_site_name":"El Diario - Bolivia","article_publisher":"https:\/\/www.facebook.com\/eldiario.bolivia\/","article_published_time":"2026-09-04T04:16:58+00:00","og_image":[{"width":768,"height":452,"url":"https:\/\/www.eldiario.net\/portal\/wp-content\/uploads\/2026\/09\/4-MIL.webp","type":"image\/webp"}],"author":"Jeanette","twitter_card":"summary_large_image","twitter_creator":"@eldiario_net","twitter_site":"@eldiario_net","twitter_misc":{"Escrito por":"Jeanette","Tiempo de lectura":"2 minutos"},"schema":{"@context":"https:\/\/schema.org","@graph":[{"@type":"Article","@id":"https:\/\/www.eldiario.net\/portal\/2026\/09\/04\/rechazan-accion-de-libertad-y-dan-curso-a-extradicion\/#article","isPartOf":{"@id":"https:\/\/www.eldiario.net\/portal\/2026\/09\/04\/rechazan-accion-de-libertad-y-dan-curso-a-extradicion\/"},"author":{"name":"Jeanette","@id":"https:\/\/www.eldiario.net\/portal\/#\/schema\/person\/f46445640444750d7d753ccd04ae01b7"},"headline":"Rechazan acci\u00f3n de libertad y dan curso a extradici\u00f3n","datePublished":"2026-09-04T04:16:58+00:00","mainEntityOfPage":{"@id":"https:\/\/www.eldiario.net\/portal\/2026\/09\/04\/rechazan-accion-de-libertad-y-dan-curso-a-extradicion\/"},"wordCount":318,"publisher":{"@id":"https:\/\/www.eldiario.net\/portal\/#organization"},"image":{"@id":"https:\/\/www.eldiario.net\/portal\/2026\/09\/04\/rechazan-accion-de-libertad-y-dan-curso-a-extradicion\/#primaryimage"},"thumbnailUrl":"https:\/\/www.eldiario.net\/portal\/wp-content\/uploads\/2026\/09\/4-MIL.webp","articleSection":["Sociedad - Seguridad"],"inLanguage":"es"},{"@type":"WebPage","@id":"https:\/\/www.eldiario.net\/portal\/2026\/09\/04\/rechazan-accion-de-libertad-y-dan-curso-a-extradicion\/","url":"https:\/\/www.eldiario.net\/portal\/2026\/09\/04\/rechazan-accion-de-libertad-y-dan-curso-a-extradicion\/","name":"Rechazan acci\u00f3n de libertad y dan curso a extradici\u00f3n - El Diario - Bolivia","isPartOf":{"@id":"https:\/\/www.eldiario.net\/portal\/#website"},"primaryImageOfPage":{"@id":"https:\/\/www.eldiario.net\/portal\/2026\/09\/04\/rechazan-accion-de-libertad-y-dan-curso-a-extradicion\/#primaryimage"},"image":{"@id":"https:\/\/www.eldiario.net\/portal\/2026\/09\/04\/rechazan-accion-de-libertad-y-dan-curso-a-extradicion\/#primaryimage"},"thumbnailUrl":"https:\/\/www.eldiario.net\/portal\/wp-content\/uploads\/2026\/09\/4-MIL.webp","datePublished":"2026-09-04T04:16:58+00:00","breadcrumb":{"@id":"https:\/\/www.eldiario.net\/portal\/2026\/09\/04\/rechazan-accion-de-libertad-y-dan-curso-a-extradicion\/#breadcrumb"},"inLanguage":"es","potentialAction":[{"@type":"ReadAction","target":["https:\/\/www.eldiario.net\/portal\/2026\/09\/04\/rechazan-accion-de-libertad-y-dan-curso-a-extradicion\/"]}]},{"@type":"ImageObject","inLanguage":"es","@id":"https:\/\/www.eldiario.net\/portal\/2026\/09\/04\/rechazan-accion-de-libertad-y-dan-curso-a-extradicion\/#primaryimage","url":"https:\/\/www.eldiario.net\/portal\/wp-content\/uploads\/2026\/09\/4-MIL.webp","contentUrl":"https:\/\/www.eldiario.net\/portal\/wp-content\/uploads\/2026\/09\/4-MIL.webp","width":768,"height":452,"caption":"Militar es requerido por EEUU por presunto tr\u00e1fico de armas. Cr\u00e9dito de foto: Felcn"},{"@type":"BreadcrumbList","@id":"https:\/\/www.eldiario.net\/portal\/2026\/09\/04\/rechazan-accion-de-libertad-y-dan-curso-a-extradicion\/#breadcrumb","itemListElement":[{"@type":"ListItem","position":1,"name":"Portada","item":"https:\/\/www.eldiario.net\/portal\/"},{"@type":"ListItem","position":2,"name":"Rechazan acci\u00f3n de libertad y dan curso a extradici\u00f3n"}]},{"@type":"WebSite","@id":"https:\/\/www.eldiario.net\/portal\/#website","url":"https:\/\/www.eldiario.net\/portal\/","name":"El Diario - Decano de la prensa nacional","description":"El Diario - Decano de la prensa nacional","publisher":{"@id":"https:\/\/www.eldiario.net\/portal\/#organization"},"potentialAction":[{"@type":"SearchAction","target":{"@type":"EntryPoint","urlTemplate":"https:\/\/www.eldiario.net\/portal\/?s={search_term_string}"},"query-input":{"@type":"PropertyValueSpecification","valueRequired":true,"valueName":"search_term_string"}}],"inLanguage":"es"},{"@type":"Organization","@id":"https:\/\/www.eldiario.net\/portal\/#organization","name":"El Diario - Decano de la prensa nacional","url":"https:\/\/www.eldiario.net\/portal\/","logo":{"@type":"ImageObject","inLanguage":"es","@id":"https:\/\/www.eldiario.net\/portal\/#\/schema\/logo\/image\/","url":"https:\/\/www.eldiario.net\/portal\/wp-content\/uploads\/2023\/07\/logo_ED.jpg","contentUrl":"https:\/\/www.eldiario.net\/portal\/wp-content\/uploads\/2023\/07\/logo_ED.jpg","width":272,"height":52,"caption":"El Diario - Decano de la prensa nacional"},"image":{"@id":"https:\/\/www.eldiario.net\/portal\/#\/schema\/logo\/image\/"},"sameAs":["https:\/\/www.facebook.com\/eldiario.bolivia\/","https:\/\/x.com\/eldiario_net"]},{"@type":"Person","@id":"https:\/\/www.eldiario.net\/portal\/#\/schema\/person\/f46445640444750d7d753ccd04ae01b7","name":"Jeanette","image":{"@type":"ImageObject","inLanguage":"es","@id":"https:\/\/secure.gravatar.com\/avatar\/3ea2118a5f7dad2b7138b1187a6b7ee55f160b9968b66013c3a3ef39dd7e5798?s=96&d=mm&r=g","url":"https:\/\/secure.gravatar.com\/avatar\/3ea2118a5f7dad2b7138b1187a6b7ee55f160b9968b66013c3a3ef39dd7e5798?s=96&d=mm&r=g","contentUrl":"https:\/\/secure.gravatar.com\/avatar\/3ea2118a5f7dad2b7138b1187a6b7ee55f160b9968b66013c3a3ef39dd7e5798?s=96&d=mm&r=g","caption":"Jeanette"},"sameAs":["https:\/\/www.eldiario.net\/portal"],"url":"https:\/\/www.eldiario.net\/portal\/author\/jeanette\/"}]}},"_links":{"self":[{"href":"https:\/\/www.eldiario.net\/portal\/wp-json\/wp\/v2\/posts\/427495","targetHints":{"allow":["GET"]}}],"collection":[{"href":"https:\/\/www.eldiario.net\/portal\/wp-json\/wp\/v2\/posts"}],"about":[{"href":"https:\/\/www.eldiario.net\/portal\/wp-json\/wp\/v2\/types\/post"}],"author":[{"embeddable":true,"href":"https:\/\/www.eldiario.net\/portal\/wp-json\/wp\/v2\/users\/1"}],"replies":[{"embeddable":true,"href":"https:\/\/www.eldiario.net\/portal\/wp-json\/wp\/v2\/comments?post=427495"}],"version-history":[{"count":1,"href":"https:\/\/www.eldiario.net\/portal\/wp-json\/wp\/v2\/posts\/427495\/revisions"}],"predecessor-version":[{"id":427497,"href":"https:\/\/www.eldiario.net\/portal\/wp-json\/wp\/v2\/posts\/427495\/revisions\/427497"}],"wp:featuredmedia":[{"embeddable":true,"href":"https:\/\/www.eldiario.net\/portal\/wp-json\/wp\/v2\/media\/427496"}],"wp:attachment":[{"href":"https:\/\/www.eldiario.net\/portal\/wp-json\/wp\/v2\/media?parent=427495"}],"wp:term":[{"taxonomy":"category","embeddable":true,"href":"https:\/\/www.eldiario.net\/portal\/wp-json\/wp\/v2\/categories?post=427495"},{"taxonomy":"post_tag","embeddable":true,"href":"https:\/\/www.eldiario.net\/portal\/wp-json\/wp\/v2\/tags?post=427495"}],"curies":[{"name":"wp","href":"https:\/\/api.w.org\/{rel}","templated":true}]}}