{"id":427492,"date":"2026-09-04T00:22:35","date_gmt":"2026-09-04T04:22:35","guid":{"rendered":"https:\/\/www.eldiario.net\/portal\/?p=427492"},"modified":"2026-09-03T22:16:40","modified_gmt":"2026-09-04T02:16:40","slug":"implicado-en-ataque-a-beller-anuncia-su-entrega-y-ofrece-nueva-informacion","status":"publish","type":"post","link":"https:\/\/www.eldiario.net\/portal\/2026\/09\/04\/implicado-en-ataque-a-beller-anuncia-su-entrega-y-ofrece-nueva-informacion\/","title":{"rendered":"Implicado en ataque a Beller anuncia su entrega y ofrece nueva informaci\u00f3n"},"content":{"rendered":"<p>El hombre que se atribuy\u00f3 participaci\u00f3n en el ataque contra Nadia Beller anunci\u00f3 que agiliza su entrega a las autoridades y asegur\u00f3 que cuenta con nombres, ubicaciones, n\u00fameros telef\u00f3nicos y otros datos que, seg\u00fan su versi\u00f3n, podr\u00edan aportar al esclarecimiento del caso.<\/p>\n<p>Aldo Silva Pe\u00f1a, alias \u2018Juancho\u2019, se\u00f1alado por la Polic\u00eda como presunto autor material del atentado, volvi\u00f3 a difundir un video en redes sociales en el que pidi\u00f3 garant\u00edas para presentarse ante las autoridades. Afirm\u00f3 que su situaci\u00f3n se volvi\u00f3 m\u00e1s delicada porque las personas que, seg\u00fan sostiene, lo estar\u00edan buscando se encontrar\u00edan cada vez m\u00e1s cerca.<\/p>\n<p>\u201cMi vida sigue corriendo peligro\u201d, manifest\u00f3 Silva, al explicar que sus v\u00edas de acceso estar\u00edan siendo copadas en la zona donde permanece. Ante esa situaci\u00f3n, sostuvo que busca concretar su entrega en el corto plazo y que ya mantiene contacto con sus abogados.<\/p>\n<p>El hombre asegur\u00f3 que posee informaci\u00f3n adicional relacionada con el atentado y mencion\u00f3 entre esos elementos n\u00fameros de tel\u00e9fono, nombres de personas, ubicaciones y sitios donde presuntamente se habr\u00edan realizado reuniones. Tambi\u00e9n afirm\u00f3 que existen cuatro supuestos autores materiales que estar\u00edan por debajo de \u00e9l y tres presuntos autores intelectuales que, de acuerdo con su relato, habr\u00edan financiado y planificado el hecho.<\/p>\n<p>Entre los nombres que puso sobre la mesa est\u00e1n dos personas identificadas como \u2018To\u00f1o\u2019 y \u2018Chino\u2019. Silva afirm\u00f3 que el primero trabajar\u00eda en la Gobernaci\u00f3n de Cochabamba, mientras que el segundo, a quien identific\u00f3 como David, estar\u00eda relacionado laboralmente con Lauca \u00d1.<\/p>\n<p>Adem\u00e1s, seg\u00fan lo expresado en el nuevo video, la persona que presuntamente lo habr\u00eda contratado se encontrar\u00eda en Lauca \u00d1. Este se\u00f1alamiento, al igual que las acusaciones contra \u2018To\u00f1o\u2019 y \u2018Chino\u2019, corresponde exclusivamente a la versi\u00f3n de Silva y deber\u00e1 ser corroborado por los investigadores.<\/p>\n<p>El supuesto implicado tambi\u00e9n reiter\u00f3 que el ataque contra Beller habr\u00eda tenido un objetivo diferente al de matarla. En un video anterior sostuvo que la instrucci\u00f3n era \u201cpegarle un susto\u201d a la mujer y que el objetivo principal habr\u00eda sido otra persona, un ciudadano argentino cuya identidad no revel\u00f3.<\/p>\n<p>Sobre su propia participaci\u00f3n, Silva hab\u00eda afirmado que colabor\u00f3 con parte de la log\u00edstica, aunque neg\u00f3 ser el autor material directo del ataque. Ahora sostiene que est\u00e1 dispuesto a entregar informaci\u00f3n adicional a la Polic\u00eda y al Departamento de An\u00e1lisis Criminal e Inteligencia (DACI).<\/p>\n<p>El atentado ocurri\u00f3 el 17 de agosto, cuando Beller se encontraba fuera de un hotel ubicado entre el quinto anillo y el canal Isuto, en Santa Cruz de la Sierra. Dos hombres vestidos como repartidores llegaron en motocicleta y le dispararon. La v\u00edctima recibi\u00f3 tres impactos de bala, permaneci\u00f3 internada en una cl\u00ednica privada y posteriormente fue dada de alta.<\/p>\n<p>La investigaci\u00f3n deriv\u00f3 tambi\u00e9n en la detenci\u00f3n preventiva del argentino Fernando Cerimedo, expareja de Beller y exasesor pol\u00edtico del presidente Rodrigo Paz. La Justicia determin\u00f3 seis meses de detenci\u00f3n preventiva en Palmasola para Cerimedo, considerado por los investigadores como el principal sospechoso de la presunta autor\u00eda intelectual.<\/p>\n<p>Mientras prepara su eventual presentaci\u00f3n, Silva adelant\u00f3 que sus pr\u00f3ximas declaraciones y la entrega de las pruebas que dice tener ser\u00e1n realizadas mediante sus abogados. Explic\u00f3 que busca dejar constancia de la informaci\u00f3n que proporcione y de sus se\u00f1alamientos ante cualquier eventualidad.<\/p>\n<p>\u201cMi entrega la estoy agilizando, me siento muy presionado\u201d, afirm\u00f3, al reiterar su pedido de garant\u00edas para resguardar su integridad f\u00edsica durante el proceso.<\/p>\n","protected":false},"excerpt":{"rendered":"<p>El hombre que se atribuy\u00f3 participaci\u00f3n en el ataque contra Nadia Beller anunci\u00f3 que agiliza su entrega a las autoridades y asegur\u00f3 que cuenta con nombres, ubicaciones, n\u00fameros telef\u00f3nicos y otros datos que, seg\u00fan su versi\u00f3n, podr\u00edan aportar al esclarecimiento del caso. Aldo Silva Pe\u00f1a, alias \u2018Juancho\u2019, se\u00f1alado por la Polic\u00eda como presunto autor material [&hellip;]<\/p>\n","protected":false},"author":1,"featured_media":427493,"comment_status":"closed","ping_status":"open","sticky":false,"template":"","format":"standard","meta":{"_acf_changed":false,"footnotes":""},"categories":[39],"tags":[],"class_list":["post-427492","post","type-post","status-publish","format-standard","has-post-thumbnail","category-sociedad"],"acf":{"antetitulo":"Asegur\u00f3 que un hombre de Lauca \u00d1 lo contrat\u00f3"},"yoast_head":"<!-- This site is optimized with the Yoast SEO plugin v28.4 - https:\/\/yoast.com\/product\/yoast-seo-wordpress\/ -->\n<title>Implicado en ataque a Beller anuncia su entrega y ofrece nueva informaci\u00f3n - El Diario - Bolivia<\/title>\n<meta name=\"robots\" content=\"index, follow, max-snippet:-1, max-image-preview:large, max-video-preview:-1\" \/>\n<link rel=\"canonical\" href=\"https:\/\/www.eldiario.net\/portal\/2026\/09\/04\/implicado-en-ataque-a-beller-anuncia-su-entrega-y-ofrece-nueva-informacion\/\" \/>\n<meta property=\"og:locale\" content=\"es_ES\" \/>\n<meta property=\"og:type\" content=\"article\" \/>\n<meta property=\"og:title\" content=\"Implicado en ataque a Beller anuncia su entrega y ofrece nueva informaci\u00f3n - El Diario - Bolivia\" \/>\n<meta property=\"og:description\" content=\"El hombre que se atribuy\u00f3 participaci\u00f3n en el ataque contra Nadia Beller anunci\u00f3 que agiliza su entrega a las autoridades y asegur\u00f3 que cuenta con nombres, ubicaciones, n\u00fameros telef\u00f3nicos y otros datos que, seg\u00fan su versi\u00f3n, podr\u00edan aportar al esclarecimiento del caso. Aldo Silva Pe\u00f1a, alias \u2018Juancho\u2019, se\u00f1alado por la Polic\u00eda como presunto autor material [&hellip;]\" \/>\n<meta property=\"og:url\" content=\"https:\/\/www.eldiario.net\/portal\/2026\/09\/04\/implicado-en-ataque-a-beller-anuncia-su-entrega-y-ofrece-nueva-informacion\/\" \/>\n<meta property=\"og:site_name\" content=\"El Diario - Bolivia\" \/>\n<meta property=\"article:publisher\" content=\"https:\/\/www.facebook.com\/eldiario.bolivia\/\" \/>\n<meta property=\"article:published_time\" content=\"2026-09-04T04:22:35+00:00\" \/>\n<meta property=\"og:image\" content=\"https:\/\/www.eldiario.net\/portal\/wp-content\/uploads\/2026\/09\/4-JUANCHO.webp\" \/>\n\t<meta property=\"og:image:width\" content=\"1279\" \/>\n\t<meta property=\"og:image:height\" content=\"719\" \/>\n\t<meta property=\"og:image:type\" content=\"image\/webp\" \/>\n<meta name=\"author\" content=\"Jeanette\" \/>\n<meta name=\"twitter:card\" content=\"summary_large_image\" \/>\n<meta name=\"twitter:creator\" content=\"@eldiario_net\" \/>\n<meta name=\"twitter:site\" content=\"@eldiario_net\" \/>\n<meta name=\"twitter:label1\" content=\"Escrito por\" \/>\n\t<meta name=\"twitter:data1\" content=\"Jeanette\" \/>\n\t<meta name=\"twitter:label2\" content=\"Tiempo de lectura\" \/>\n\t<meta name=\"twitter:data2\" content=\"3 minutos\" \/>\n<script type=\"application\/ld+json\" class=\"yoast-schema-graph\">{\"@context\":\"https:\\\/\\\/schema.org\",\"@graph\":[{\"@type\":\"Article\",\"@id\":\"https:\\\/\\\/www.eldiario.net\\\/portal\\\/2026\\\/09\\\/04\\\/implicado-en-ataque-a-beller-anuncia-su-entrega-y-ofrece-nueva-informacion\\\/#article\",\"isPartOf\":{\"@id\":\"https:\\\/\\\/www.eldiario.net\\\/portal\\\/2026\\\/09\\\/04\\\/implicado-en-ataque-a-beller-anuncia-su-entrega-y-ofrece-nueva-informacion\\\/\"},\"author\":{\"name\":\"Jeanette\",\"@id\":\"https:\\\/\\\/www.eldiario.net\\\/portal\\\/#\\\/schema\\\/person\\\/f46445640444750d7d753ccd04ae01b7\"},\"headline\":\"Implicado en ataque a Beller anuncia su entrega y ofrece nueva informaci\u00f3n\",\"datePublished\":\"2026-09-04T04:22:35+00:00\",\"mainEntityOfPage\":{\"@id\":\"https:\\\/\\\/www.eldiario.net\\\/portal\\\/2026\\\/09\\\/04\\\/implicado-en-ataque-a-beller-anuncia-su-entrega-y-ofrece-nueva-informacion\\\/\"},\"wordCount\":629,\"publisher\":{\"@id\":\"https:\\\/\\\/www.eldiario.net\\\/portal\\\/#organization\"},\"image\":{\"@id\":\"https:\\\/\\\/www.eldiario.net\\\/portal\\\/2026\\\/09\\\/04\\\/implicado-en-ataque-a-beller-anuncia-su-entrega-y-ofrece-nueva-informacion\\\/#primaryimage\"},\"thumbnailUrl\":\"https:\\\/\\\/www.eldiario.net\\\/portal\\\/wp-content\\\/uploads\\\/2026\\\/09\\\/4-JUANCHO.webp\",\"articleSection\":[\"Sociedad - Seguridad\"],\"inLanguage\":\"es\"},{\"@type\":\"WebPage\",\"@id\":\"https:\\\/\\\/www.eldiario.net\\\/portal\\\/2026\\\/09\\\/04\\\/implicado-en-ataque-a-beller-anuncia-su-entrega-y-ofrece-nueva-informacion\\\/\",\"url\":\"https:\\\/\\\/www.eldiario.net\\\/portal\\\/2026\\\/09\\\/04\\\/implicado-en-ataque-a-beller-anuncia-su-entrega-y-ofrece-nueva-informacion\\\/\",\"name\":\"Implicado en ataque a Beller anuncia su entrega y ofrece nueva informaci\u00f3n - El Diario - Bolivia\",\"isPartOf\":{\"@id\":\"https:\\\/\\\/www.eldiario.net\\\/portal\\\/#website\"},\"primaryImageOfPage\":{\"@id\":\"https:\\\/\\\/www.eldiario.net\\\/portal\\\/2026\\\/09\\\/04\\\/implicado-en-ataque-a-beller-anuncia-su-entrega-y-ofrece-nueva-informacion\\\/#primaryimage\"},\"image\":{\"@id\":\"https:\\\/\\\/www.eldiario.net\\\/portal\\\/2026\\\/09\\\/04\\\/implicado-en-ataque-a-beller-anuncia-su-entrega-y-ofrece-nueva-informacion\\\/#primaryimage\"},\"thumbnailUrl\":\"https:\\\/\\\/www.eldiario.net\\\/portal\\\/wp-content\\\/uploads\\\/2026\\\/09\\\/4-JUANCHO.webp\",\"datePublished\":\"2026-09-04T04:22:35+00:00\",\"breadcrumb\":{\"@id\":\"https:\\\/\\\/www.eldiario.net\\\/portal\\\/2026\\\/09\\\/04\\\/implicado-en-ataque-a-beller-anuncia-su-entrega-y-ofrece-nueva-informacion\\\/#breadcrumb\"},\"inLanguage\":\"es\",\"potentialAction\":[{\"@type\":\"ReadAction\",\"target\":[\"https:\\\/\\\/www.eldiario.net\\\/portal\\\/2026\\\/09\\\/04\\\/implicado-en-ataque-a-beller-anuncia-su-entrega-y-ofrece-nueva-informacion\\\/\"]}]},{\"@type\":\"ImageObject\",\"inLanguage\":\"es\",\"@id\":\"https:\\\/\\\/www.eldiario.net\\\/portal\\\/2026\\\/09\\\/04\\\/implicado-en-ataque-a-beller-anuncia-su-entrega-y-ofrece-nueva-informacion\\\/#primaryimage\",\"url\":\"https:\\\/\\\/www.eldiario.net\\\/portal\\\/wp-content\\\/uploads\\\/2026\\\/09\\\/4-JUANCHO.webp\",\"contentUrl\":\"https:\\\/\\\/www.eldiario.net\\\/portal\\\/wp-content\\\/uploads\\\/2026\\\/09\\\/4-JUANCHO.webp\",\"width\":1279,\"height\":719,\"caption\":\"Aldo Silva Pe\u00f1a, alias \u2018Juancho\u2019, asegur\u00f3 tener pruebas del atentado contra Beller. Cr\u00e9dito de foto: Composici\u00f3n EL DIARIO\"},{\"@type\":\"BreadcrumbList\",\"@id\":\"https:\\\/\\\/www.eldiario.net\\\/portal\\\/2026\\\/09\\\/04\\\/implicado-en-ataque-a-beller-anuncia-su-entrega-y-ofrece-nueva-informacion\\\/#breadcrumb\",\"itemListElement\":[{\"@type\":\"ListItem\",\"position\":1,\"name\":\"Portada\",\"item\":\"https:\\\/\\\/www.eldiario.net\\\/portal\\\/\"},{\"@type\":\"ListItem\",\"position\":2,\"name\":\"Implicado en ataque a Beller anuncia su entrega y ofrece nueva informaci\u00f3n\"}]},{\"@type\":\"WebSite\",\"@id\":\"https:\\\/\\\/www.eldiario.net\\\/portal\\\/#website\",\"url\":\"https:\\\/\\\/www.eldiario.net\\\/portal\\\/\",\"name\":\"El Diario - Decano de la prensa nacional\",\"description\":\"El Diario - Decano de la prensa nacional\",\"publisher\":{\"@id\":\"https:\\\/\\\/www.eldiario.net\\\/portal\\\/#organization\"},\"potentialAction\":[{\"@type\":\"SearchAction\",\"target\":{\"@type\":\"EntryPoint\",\"urlTemplate\":\"https:\\\/\\\/www.eldiario.net\\\/portal\\\/?s={search_term_string}\"},\"query-input\":{\"@type\":\"PropertyValueSpecification\",\"valueRequired\":true,\"valueName\":\"search_term_string\"}}],\"inLanguage\":\"es\"},{\"@type\":\"Organization\",\"@id\":\"https:\\\/\\\/www.eldiario.net\\\/portal\\\/#organization\",\"name\":\"El Diario - Decano de la prensa nacional\",\"url\":\"https:\\\/\\\/www.eldiario.net\\\/portal\\\/\",\"logo\":{\"@type\":\"ImageObject\",\"inLanguage\":\"es\",\"@id\":\"https:\\\/\\\/www.eldiario.net\\\/portal\\\/#\\\/schema\\\/logo\\\/image\\\/\",\"url\":\"https:\\\/\\\/www.eldiario.net\\\/portal\\\/wp-content\\\/uploads\\\/2023\\\/07\\\/logo_ED.jpg\",\"contentUrl\":\"https:\\\/\\\/www.eldiario.net\\\/portal\\\/wp-content\\\/uploads\\\/2023\\\/07\\\/logo_ED.jpg\",\"width\":272,\"height\":52,\"caption\":\"El Diario - Decano de la prensa nacional\"},\"image\":{\"@id\":\"https:\\\/\\\/www.eldiario.net\\\/portal\\\/#\\\/schema\\\/logo\\\/image\\\/\"},\"sameAs\":[\"https:\\\/\\\/www.facebook.com\\\/eldiario.bolivia\\\/\",\"https:\\\/\\\/x.com\\\/eldiario_net\"]},{\"@type\":\"Person\",\"@id\":\"https:\\\/\\\/www.eldiario.net\\\/portal\\\/#\\\/schema\\\/person\\\/f46445640444750d7d753ccd04ae01b7\",\"name\":\"Jeanette\",\"image\":{\"@type\":\"ImageObject\",\"inLanguage\":\"es\",\"@id\":\"https:\\\/\\\/secure.gravatar.com\\\/avatar\\\/3ea2118a5f7dad2b7138b1187a6b7ee55f160b9968b66013c3a3ef39dd7e5798?s=96&d=mm&r=g\",\"url\":\"https:\\\/\\\/secure.gravatar.com\\\/avatar\\\/3ea2118a5f7dad2b7138b1187a6b7ee55f160b9968b66013c3a3ef39dd7e5798?s=96&d=mm&r=g\",\"contentUrl\":\"https:\\\/\\\/secure.gravatar.com\\\/avatar\\\/3ea2118a5f7dad2b7138b1187a6b7ee55f160b9968b66013c3a3ef39dd7e5798?s=96&d=mm&r=g\",\"caption\":\"Jeanette\"},\"sameAs\":[\"https:\\\/\\\/www.eldiario.net\\\/portal\"],\"url\":\"https:\\\/\\\/www.eldiario.net\\\/portal\\\/author\\\/jeanette\\\/\"}]}<\/script>\n<!-- \/ Yoast SEO plugin. -->","yoast_head_json":{"title":"Implicado en ataque a Beller anuncia su entrega y ofrece nueva informaci\u00f3n - El Diario - Bolivia","robots":{"index":"index","follow":"follow","max-snippet":"max-snippet:-1","max-image-preview":"max-image-preview:large","max-video-preview":"max-video-preview:-1"},"canonical":"https:\/\/www.eldiario.net\/portal\/2026\/09\/04\/implicado-en-ataque-a-beller-anuncia-su-entrega-y-ofrece-nueva-informacion\/","og_locale":"es_ES","og_type":"article","og_title":"Implicado en ataque a Beller anuncia su entrega y ofrece nueva informaci\u00f3n - El Diario - Bolivia","og_description":"El hombre que se atribuy\u00f3 participaci\u00f3n en el ataque contra Nadia Beller anunci\u00f3 que agiliza su entrega a las autoridades y asegur\u00f3 que cuenta con nombres, ubicaciones, n\u00fameros telef\u00f3nicos y otros datos que, seg\u00fan su versi\u00f3n, podr\u00edan aportar al esclarecimiento del caso. Aldo Silva Pe\u00f1a, alias \u2018Juancho\u2019, se\u00f1alado por la Polic\u00eda como presunto autor material [&hellip;]","og_url":"https:\/\/www.eldiario.net\/portal\/2026\/09\/04\/implicado-en-ataque-a-beller-anuncia-su-entrega-y-ofrece-nueva-informacion\/","og_site_name":"El Diario - Bolivia","article_publisher":"https:\/\/www.facebook.com\/eldiario.bolivia\/","article_published_time":"2026-09-04T04:22:35+00:00","og_image":[{"width":1279,"height":719,"url":"https:\/\/www.eldiario.net\/portal\/wp-content\/uploads\/2026\/09\/4-JUANCHO.webp","type":"image\/webp"}],"author":"Jeanette","twitter_card":"summary_large_image","twitter_creator":"@eldiario_net","twitter_site":"@eldiario_net","twitter_misc":{"Escrito por":"Jeanette","Tiempo de lectura":"3 minutos"},"schema":{"@context":"https:\/\/schema.org","@graph":[{"@type":"Article","@id":"https:\/\/www.eldiario.net\/portal\/2026\/09\/04\/implicado-en-ataque-a-beller-anuncia-su-entrega-y-ofrece-nueva-informacion\/#article","isPartOf":{"@id":"https:\/\/www.eldiario.net\/portal\/2026\/09\/04\/implicado-en-ataque-a-beller-anuncia-su-entrega-y-ofrece-nueva-informacion\/"},"author":{"name":"Jeanette","@id":"https:\/\/www.eldiario.net\/portal\/#\/schema\/person\/f46445640444750d7d753ccd04ae01b7"},"headline":"Implicado en ataque a Beller anuncia su entrega y ofrece nueva informaci\u00f3n","datePublished":"2026-09-04T04:22:35+00:00","mainEntityOfPage":{"@id":"https:\/\/www.eldiario.net\/portal\/2026\/09\/04\/implicado-en-ataque-a-beller-anuncia-su-entrega-y-ofrece-nueva-informacion\/"},"wordCount":629,"publisher":{"@id":"https:\/\/www.eldiario.net\/portal\/#organization"},"image":{"@id":"https:\/\/www.eldiario.net\/portal\/2026\/09\/04\/implicado-en-ataque-a-beller-anuncia-su-entrega-y-ofrece-nueva-informacion\/#primaryimage"},"thumbnailUrl":"https:\/\/www.eldiario.net\/portal\/wp-content\/uploads\/2026\/09\/4-JUANCHO.webp","articleSection":["Sociedad - Seguridad"],"inLanguage":"es"},{"@type":"WebPage","@id":"https:\/\/www.eldiario.net\/portal\/2026\/09\/04\/implicado-en-ataque-a-beller-anuncia-su-entrega-y-ofrece-nueva-informacion\/","url":"https:\/\/www.eldiario.net\/portal\/2026\/09\/04\/implicado-en-ataque-a-beller-anuncia-su-entrega-y-ofrece-nueva-informacion\/","name":"Implicado en ataque a Beller anuncia su entrega y ofrece nueva informaci\u00f3n - El Diario - Bolivia","isPartOf":{"@id":"https:\/\/www.eldiario.net\/portal\/#website"},"primaryImageOfPage":{"@id":"https:\/\/www.eldiario.net\/portal\/2026\/09\/04\/implicado-en-ataque-a-beller-anuncia-su-entrega-y-ofrece-nueva-informacion\/#primaryimage"},"image":{"@id":"https:\/\/www.eldiario.net\/portal\/2026\/09\/04\/implicado-en-ataque-a-beller-anuncia-su-entrega-y-ofrece-nueva-informacion\/#primaryimage"},"thumbnailUrl":"https:\/\/www.eldiario.net\/portal\/wp-content\/uploads\/2026\/09\/4-JUANCHO.webp","datePublished":"2026-09-04T04:22:35+00:00","breadcrumb":{"@id":"https:\/\/www.eldiario.net\/portal\/2026\/09\/04\/implicado-en-ataque-a-beller-anuncia-su-entrega-y-ofrece-nueva-informacion\/#breadcrumb"},"inLanguage":"es","potentialAction":[{"@type":"ReadAction","target":["https:\/\/www.eldiario.net\/portal\/2026\/09\/04\/implicado-en-ataque-a-beller-anuncia-su-entrega-y-ofrece-nueva-informacion\/"]}]},{"@type":"ImageObject","inLanguage":"es","@id":"https:\/\/www.eldiario.net\/portal\/2026\/09\/04\/implicado-en-ataque-a-beller-anuncia-su-entrega-y-ofrece-nueva-informacion\/#primaryimage","url":"https:\/\/www.eldiario.net\/portal\/wp-content\/uploads\/2026\/09\/4-JUANCHO.webp","contentUrl":"https:\/\/www.eldiario.net\/portal\/wp-content\/uploads\/2026\/09\/4-JUANCHO.webp","width":1279,"height":719,"caption":"Aldo Silva Pe\u00f1a, alias \u2018Juancho\u2019, asegur\u00f3 tener pruebas del atentado contra Beller. Cr\u00e9dito de foto: Composici\u00f3n EL DIARIO"},{"@type":"BreadcrumbList","@id":"https:\/\/www.eldiario.net\/portal\/2026\/09\/04\/implicado-en-ataque-a-beller-anuncia-su-entrega-y-ofrece-nueva-informacion\/#breadcrumb","itemListElement":[{"@type":"ListItem","position":1,"name":"Portada","item":"https:\/\/www.eldiario.net\/portal\/"},{"@type":"ListItem","position":2,"name":"Implicado en ataque a Beller anuncia su entrega y ofrece nueva informaci\u00f3n"}]},{"@type":"WebSite","@id":"https:\/\/www.eldiario.net\/portal\/#website","url":"https:\/\/www.eldiario.net\/portal\/","name":"El Diario - Decano de la prensa nacional","description":"El Diario - Decano de la prensa nacional","publisher":{"@id":"https:\/\/www.eldiario.net\/portal\/#organization"},"potentialAction":[{"@type":"SearchAction","target":{"@type":"EntryPoint","urlTemplate":"https:\/\/www.eldiario.net\/portal\/?s={search_term_string}"},"query-input":{"@type":"PropertyValueSpecification","valueRequired":true,"valueName":"search_term_string"}}],"inLanguage":"es"},{"@type":"Organization","@id":"https:\/\/www.eldiario.net\/portal\/#organization","name":"El Diario - Decano de la prensa nacional","url":"https:\/\/www.eldiario.net\/portal\/","logo":{"@type":"ImageObject","inLanguage":"es","@id":"https:\/\/www.eldiario.net\/portal\/#\/schema\/logo\/image\/","url":"https:\/\/www.eldiario.net\/portal\/wp-content\/uploads\/2023\/07\/logo_ED.jpg","contentUrl":"https:\/\/www.eldiario.net\/portal\/wp-content\/uploads\/2023\/07\/logo_ED.jpg","width":272,"height":52,"caption":"El Diario - Decano de la prensa nacional"},"image":{"@id":"https:\/\/www.eldiario.net\/portal\/#\/schema\/logo\/image\/"},"sameAs":["https:\/\/www.facebook.com\/eldiario.bolivia\/","https:\/\/x.com\/eldiario_net"]},{"@type":"Person","@id":"https:\/\/www.eldiario.net\/portal\/#\/schema\/person\/f46445640444750d7d753ccd04ae01b7","name":"Jeanette","image":{"@type":"ImageObject","inLanguage":"es","@id":"https:\/\/secure.gravatar.com\/avatar\/3ea2118a5f7dad2b7138b1187a6b7ee55f160b9968b66013c3a3ef39dd7e5798?s=96&d=mm&r=g","url":"https:\/\/secure.gravatar.com\/avatar\/3ea2118a5f7dad2b7138b1187a6b7ee55f160b9968b66013c3a3ef39dd7e5798?s=96&d=mm&r=g","contentUrl":"https:\/\/secure.gravatar.com\/avatar\/3ea2118a5f7dad2b7138b1187a6b7ee55f160b9968b66013c3a3ef39dd7e5798?s=96&d=mm&r=g","caption":"Jeanette"},"sameAs":["https:\/\/www.eldiario.net\/portal"],"url":"https:\/\/www.eldiario.net\/portal\/author\/jeanette\/"}]}},"_links":{"self":[{"href":"https:\/\/www.eldiario.net\/portal\/wp-json\/wp\/v2\/posts\/427492","targetHints":{"allow":["GET"]}}],"collection":[{"href":"https:\/\/www.eldiario.net\/portal\/wp-json\/wp\/v2\/posts"}],"about":[{"href":"https:\/\/www.eldiario.net\/portal\/wp-json\/wp\/v2\/types\/post"}],"author":[{"embeddable":true,"href":"https:\/\/www.eldiario.net\/portal\/wp-json\/wp\/v2\/users\/1"}],"replies":[{"embeddable":true,"href":"https:\/\/www.eldiario.net\/portal\/wp-json\/wp\/v2\/comments?post=427492"}],"version-history":[{"count":1,"href":"https:\/\/www.eldiario.net\/portal\/wp-json\/wp\/v2\/posts\/427492\/revisions"}],"predecessor-version":[{"id":427494,"href":"https:\/\/www.eldiario.net\/portal\/wp-json\/wp\/v2\/posts\/427492\/revisions\/427494"}],"wp:featuredmedia":[{"embeddable":true,"href":"https:\/\/www.eldiario.net\/portal\/wp-json\/wp\/v2\/media\/427493"}],"wp:attachment":[{"href":"https:\/\/www.eldiario.net\/portal\/wp-json\/wp\/v2\/media?parent=427492"}],"wp:term":[{"taxonomy":"category","embeddable":true,"href":"https:\/\/www.eldiario.net\/portal\/wp-json\/wp\/v2\/categories?post=427492"},{"taxonomy":"post_tag","embeddable":true,"href":"https:\/\/www.eldiario.net\/portal\/wp-json\/wp\/v2\/tags?post=427492"}],"curies":[{"name":"wp","href":"https:\/\/api.w.org\/{rel}","templated":true}]}}