{"id":427485,"date":"2026-09-04T00:09:02","date_gmt":"2026-09-04T04:09:02","guid":{"rendered":"https:\/\/www.eldiario.net\/portal\/?p=427485"},"modified":"2026-09-03T22:11:52","modified_gmt":"2026-09-04T02:11:52","slug":"bashu-y-america-latina-dialogo-que-trasciende-oceanos","status":"publish","type":"post","link":"https:\/\/www.eldiario.net\/portal\/2026\/09\/04\/bashu-y-america-latina-dialogo-que-trasciende-oceanos\/","title":{"rendered":"Bashu y Am\u00e9rica Latina, di\u00e1logo que trasciende oc\u00e9anos"},"content":{"rendered":"<p>Por Susana Guti\u00e9rrez<\/p>\n<p>Hay encuentros que no los explica la geograf\u00eda. Se explican en un plato compartido, en el brillo de una m\u00e1scara de oro o en la risa bajo las linternas.<\/p>\n<p>Hace 20 a\u00f1os, el amor llev\u00f3 a Shi Wei a radicarse en Chengdu, la capital de la provincia de Sichuan en el suroeste chino. Hoy, desde su rol como directora del Departamento de Espa\u00f1ol y directora del Centro de Estudios Latinoamericanos de la Universidad de Sichuan, la investigadora mira en retrospectiva esa decisi\u00f3n y asegura haber descubierto una conexi\u00f3n insospechada: \u00abEncontr\u00e9 un c\u00f3digo gen\u00e9tico cultural extraordinariamente similar entre la antigua tradici\u00f3n de Bashu y Am\u00e9rica Latina\u00bb, afirma.<\/p>\n<p>En un encuentro promovido por Global South Media, la acad\u00e9mica explica por qu\u00e9 Sichuan y el continente hispanohablante se entienden sin necesidad de traducci\u00f3n. Su tesis pasa por la mesa, por los museos y por los s\u00edmbolos que compartimos.<\/p>\n<p><strong>M<\/strong><strong>ilagro rojo<\/strong><strong>, <\/strong><strong>cuando el aj\u00ed encontr\u00f3 su casa<\/strong><\/p>\n<p>Al dirigir la mirada hacia ambas orillas del Oc\u00e9ano Pac\u00edfico, Shi Wei sostiene que el di\u00e1logo m\u00e1s directo entre Sichuan y Am\u00e9rica Latina comienza en la mesa. La cocina de Sichuan es famosa por sus sabores <em>m\u00e1l\u00e0<\/em>, esa combinaci\u00f3n \u00fanica de picor arom\u00e1tico con la sensaci\u00f3n adormecedora que aporta la pimienta local (<em>hu\u0101ji\u0101o<\/em>).<\/p>\n<p>Sin embargo, el alma de esta gastronom\u00eda cruz\u00f3 los oc\u00e9anos desde Am\u00e9rica. \u00abEl aj\u00ed, considerado por los mayas como el alimento de los dioses, lleg\u00f3 a China a finales del siglo XV, a trav\u00e9s de la Ruta Mar\u00edtima de la Seda. En un principio, fue cultivado en los jardines de los literatos como una flor ornamental llamada &#8216;pimiento extranjero&#8217;. Pero cuando esta chispa roja remont\u00f3 el r\u00edo Yangts\u00e9 y se asent\u00f3 en la h\u00fameda cuenca de Sichuan, ocurri\u00f3 el milagro, se encontr\u00f3 con la pimienta nativa y los sabios ancestros crearon una sinfon\u00eda de sabores que transform\u00f3 nuestra cocina\u00bb, relata la investigadora.<\/p>\n<p>Hoy, este intercambio fluye en ambas direcciones, sostiene Shi Wei. Las cerezas de Chile, cuya traves\u00eda log\u00edstica garantiza su llegada fresca en apenas 30 d\u00edas gracias a las rutas mar\u00edtimas y a\u00e9reas de la cadena de fr\u00edo, se han transformado en el regalo de buena fortuna por excelencia para el A\u00f1o Nuevo Chino. Asimismo, la investigadora se\u00f1ala c\u00f3mo productos emblem\u00e1ticos de la regi\u00f3n \u2014como el aguacate (palta) mexicano, la carne argentina, el caf\u00e9 brasile\u00f1o y la ch\u00eda de Per\u00fa y Bolivia\u2014 abastecen hoy los supermercados de Chengdu.<\/p>\n<p>Del otro lado del mundo, Shi Wei destaca que la gastronom\u00eda de Sichuan echa ra\u00edces en el continente americano. En ese marco, la especialista resalta la gira <em>Sabor de Sichuan, sabor del mundo<\/em>, encargada de llevar muestras culinarias y artes esc\u00e9nicas a San Jos\u00e9 de Costa Rica y Santa Cruz en Bolivia. A esto se suma la firma de un memor\u00e1ndum entre la Universidad de Turismo de Sichuan y la Escuela Amura de Costa Rica para crear la Academia de Gastronom\u00eda de Sichuan, un paso que, seg\u00fan explica la acad\u00e9mica, formaliza la transici\u00f3n desde la simple difusi\u00f3n de platillos hacia la ense\u00f1anza t\u00e9cnica de estas artes.<\/p>\n<p>Para ella la conclusi\u00f3n es que: \u00abEn Bashu y en Am\u00e9rica Latina entendemos la vida igual. Alrededor de una mesa grande, con la familia, con sabores fuertes y con ganas de celebrar\u00bb.<\/p>\n<p><strong>M\u00e1scaras de oro que se miran<\/strong><\/p>\n<p>Si la cocina une el presente, para Shi Wei la arqueolog\u00eda une el pasado. La acad\u00e9mica recuerda una imagen que la marc\u00f3: \u00abEn el Museo de Jinsha, la m\u00e1scara dorada peruana qued\u00f3 frente a frente con la r\u00e9plica de la m\u00e1scara dorada de Sanxingdui. Dos culturas separadas por miles de kil\u00f3metros y 3.000 a\u00f1os, pero con la misma devoci\u00f3n por el sol y el oro\u00bb.<\/p>\n<p>\u00abLos antepasados de Shu y los incas no se conocieron. Sin embargo, se hicieron las mismas preguntas sobre la luz, la naturaleza y el origen\u00bb, explica. Por eso defiende las grandes exposiciones. \u00abNo sirven para acumular objetos; sirven para que la gente se reconozca en el otro\u00bb.<\/p>\n<p>Ese di\u00e1logo tambi\u00e9n ocurre en el presente. \u00abHoy el milenario brocado de Shu (<em>Shu Jin<\/em>) se combina con el dise\u00f1o latinoamericano en las pasarelas. En talleres de Chengdu, artesanas del bordado tradicional (<em>Shu Xiu<\/em>) trabajan con artistas argentinas\u00bb, cuenta. \u00abEl patrimonio solo vive cuando se mezcla con el presente\u00bb.<\/p>\n<p><strong>Pandas, linternas y el poder del afecto<\/strong><\/p>\n<p>Para la directora Shi, hay dos s\u00edmbolos que ya viven en el coraz\u00f3n latinoamericano: el panda y las linternas festivas.<\/p>\n<p>\u00abEl panda gigante es memoria familiar en M\u00e9xico, Chile y Brasil. Representa paz, cuidado y amistad. Por eso cada noticia sobre ellos se sigue con tanta atenci\u00f3n\u00bb, dice. Lo mismo pasa con las linternas de Zigong: \u00abLo que empez\u00f3 como un espect\u00e1culo chino, hoy ilumina cada verano las calles de Santiago. Dragones de luz de 50 metros y r\u00e9plicas de puentes de Chengdu. Dej\u00f3 de ser turismo para ser afecto cotidiano\u00bb.<\/p>\n<p>A esto suma la plataforma del Premio Panda Dorado: \u00abEs el espacio de cine y televisi\u00f3n que impulsamos desde Chengdu. En sus recientes ediciones hemos premiado a talentos de Brasil y recibido miles de obras de m\u00e1s de cien pa\u00edses. El audiovisual es hoy el puente m\u00e1s directo entre nuestras almas\u00bb,se\u00f1ala.<\/p>\n<p><strong>C<\/strong><strong>\u00f3digo que nos une<\/strong><\/p>\n<p>Al cierre de su intervenci\u00f3n, Shi Wei vuelve a su idea central. \u00abLa cultura de Bashu es como el hotpot: lo abarca todo y se renueva constantemente. La cultura latinoamericana es pasi\u00f3n, familia y apertura\u00bb.<\/p>\n<p>\u00abCuando se encuentran, nos damos cuenta de que compartimos el amor por la naturaleza, el respeto por los mayores y la alegr\u00eda de vivir\u00bb, concluye.<\/p>\n<p>Desde Global South Media, la propuesta para consolidar esta relaci\u00f3n avanza en cinco ejes: arqueolog\u00eda conjunta, contenidos digitales, intercambio juvenil, industrias culturales y mayor conectividad. \u00abCuanto m\u00e1s di\u00e1logo haya, menos malentendidos habr\u00e1\u00bb, reitera Shi Wei. \u00abY entre Sichuan y Am\u00e9rica Latina, ese di\u00e1logo empez\u00f3 hace 400 a\u00f1os, con una semilla de aj\u00ed\u00bb.<\/p>\n\r\n                <style type=\"text\/css\">\r\n                    \r\n                    #tdi_1  .td-doubleSlider-2 .td-item1 {\r\n                        background: url(https:\/\/www.eldiario.net\/portal\/wp-content\/uploads\/2026\/09\/FOTO-1-1-80x60.webp) 0 0 no-repeat;\r\n                    }\r\n                    #tdi_1  .td-doubleSlider-2 .td-item2 {\r\n                        background: url(https:\/\/www.eldiario.net\/portal\/wp-content\/uploads\/2026\/09\/FOTO-2-1-80x60.webp) 0 0 no-repeat;\r\n                    }\r\n                    #tdi_1  .td-doubleSlider-2 .td-item3 {\r\n                        background: url(https:\/\/www.eldiario.net\/portal\/wp-content\/uploads\/2026\/09\/FOTO-3-1-80x60.webp) 0 0 no-repeat;\r\n                    }\r\n                    #tdi_1  .td-doubleSlider-2 .td-item4 {\r\n                        background: url(https:\/\/www.eldiario.net\/portal\/wp-content\/uploads\/2026\/09\/Shi-Wei-80x60.webp) 0 0 no-repeat;\r\n                    }\r\n                <\/style>\r\n\r\n                <div id=\"tdi_1\" class=\"td-gallery td-slide-on-2-columns\">\r\n                    <div class=\"post_td_gallery\">\r\n                        <div class=\"td-gallery-slide-top\">\r\n                           <div class=\"td-gallery-title\"><\/div>\r\n\r\n                            <div class=\"td-gallery-controls-wrapper\">\r\n                                <div class=\"td-gallery-slide-count\"><span class=\"td-gallery-slide-item-focus\">1<\/span> de 4<\/div>\r\n                                <div class=\"td-gallery-slide-prev-next-but\">\r\n                                    <i class = \"td-icon-left doubleSliderPrevButton\"><\/i>\r\n                                    <i class = \"td-icon-right doubleSliderNextButton\"><\/i>\r\n                                <\/div>\r\n                            <\/div>\r\n                        <\/div>\r\n\r\n                        <div class = \"td-doubleSlider-1 \">\r\n                            <div class = \"td-slider\">\r\n                                \r\n                    <div class = \"td-slide-item td-item1\">\r\n                        <figure class=\"td-slide-galery-figure td-slide-popup-gallery\">\r\n                            <a class=\"slide-gallery-image-link\" href=\"https:\/\/www.eldiario.net\/portal\/wp-content\/uploads\/2026\/09\/FOTO-1-1.webp\" title=\"FOTO-1\"  data-caption=\"M\u00c1SCARA DE ORO ANDINA (PER\u00da) FRENTE A LA C\u00c9LEBRE M\u00c1SCARA DE ORO DE LA CULTURA DE SHU (SICHUAN, CHINA). EL METAL PRECIOSO COMO S\u00cdMBOLO DE LO DIVINO A AMBOS LADOS DEL PAC\u00cdFICO.\"  data-description=\"M&Aacute;SCARA DE ORO ANDINA (PER&Uacute;) FRENTE A LA C&Eacute;LEBRE M&Aacute;SCARA DE ORO DE LA CULTURA DE SHU (SICHUAN, CHINA). EL METAL PRECIOSO COMO S&Iacute;MBOLO DE LO DIVINO A AMBOS LADOS DEL PAC&Iacute;FICO.\">\r\n                                <img decoding=\"async\" src=\"https:\/\/www.eldiario.net\/portal\/wp-content\/uploads\/2026\/09\/FOTO-1-1-770x420.webp\" srcset=\"https:\/\/www.eldiario.net\/portal\/wp-content\/uploads\/2026\/09\/FOTO-1-1-770x420.webp 770w, https:\/\/www.eldiario.net\/portal\/wp-content\/uploads\/2026\/09\/FOTO-1-1-300x164.webp 300w, https:\/\/www.eldiario.net\/portal\/wp-content\/uploads\/2026\/09\/FOTO-1-1-1024x558.webp 1024w, https:\/\/www.eldiario.net\/portal\/wp-content\/uploads\/2026\/09\/FOTO-1-1-768x419.webp 768w, https:\/\/www.eldiario.net\/portal\/wp-content\/uploads\/2026\/09\/FOTO-1-1-150x82.webp 150w, https:\/\/www.eldiario.net\/portal\/wp-content\/uploads\/2026\/09\/FOTO-1-1-696x380.webp 696w, https:\/\/www.eldiario.net\/portal\/wp-content\/uploads\/2026\/09\/FOTO-1-1-1068x582.webp 1068w, https:\/\/www.eldiario.net\/portal\/wp-content\/uploads\/2026\/09\/FOTO-1-1.webp 1126w\" sizes=\"(max-width: 770px) 100vw, 770px\" alt=\"\">\r\n                            <\/a>\r\n                            <figcaption class = \"td-slide-caption td-gallery-slide-content\"><div class = \"td-gallery-slide-copywrite\">M\u00c1SCARA DE ORO ANDINA (PER\u00da) FRENTE A LA C\u00c9LEBRE M\u00c1SCARA DE ORO DE LA CULTURA DE SHU (SICHUAN, CHINA). EL METAL PRECIOSO COMO S\u00cdMBOLO DE LO DIVINO A AMBOS LADOS DEL PAC\u00cdFICO.<\/div><span>M\u00c1SCARA DE ORO ANDINA (PER\u00da) FRENTE A LA C\u00c9LEBRE M\u00c1SCARA DE ORO DE LA CULTURA DE SHU (SICHUAN, CHINA). EL METAL PRECIOSO COMO S\u00cdMBOLO DE LO DIVINO A AMBOS LADOS DEL PAC\u00cdFICO.<\/span><\/figcaption>\r\n                        <\/figure>\r\n                    <\/div>\r\n                    <div class = \"td-slide-item td-item2\">\r\n                        <figure class=\"td-slide-galery-figure td-slide-popup-gallery\">\r\n                            <a class=\"slide-gallery-image-link\" href=\"https:\/\/www.eldiario.net\/portal\/wp-content\/uploads\/2026\/09\/FOTO-2-1.webp\" title=\"FOTO-2\"  data-caption=\"M\u00c1SCARAS EN EL MUSEO DE SANXINGDUI. \"  data-description=\"M&Aacute;SCARAS EN EL MUSEO DE SANXINGDUI. \">\r\n                                <img decoding=\"async\" src=\"https:\/\/www.eldiario.net\/portal\/wp-content\/uploads\/2026\/09\/FOTO-2-1-747x420.webp\" srcset=\"https:\/\/www.eldiario.net\/portal\/wp-content\/uploads\/2026\/09\/FOTO-2-1-747x420.webp 747w, https:\/\/www.eldiario.net\/portal\/wp-content\/uploads\/2026\/09\/FOTO-2-1-300x169.webp 300w, https:\/\/www.eldiario.net\/portal\/wp-content\/uploads\/2026\/09\/FOTO-2-1-1024x576.webp 1024w, https:\/\/www.eldiario.net\/portal\/wp-content\/uploads\/2026\/09\/FOTO-2-1-768x432.webp 768w, https:\/\/www.eldiario.net\/portal\/wp-content\/uploads\/2026\/09\/FOTO-2-1-150x84.webp 150w, https:\/\/www.eldiario.net\/portal\/wp-content\/uploads\/2026\/09\/FOTO-2-1-696x392.webp 696w, https:\/\/www.eldiario.net\/portal\/wp-content\/uploads\/2026\/09\/FOTO-2-1-1068x601.webp 1068w, https:\/\/www.eldiario.net\/portal\/wp-content\/uploads\/2026\/09\/FOTO-2-1.webp 1200w\" sizes=\"(max-width: 747px) 100vw, 747px\" alt=\"\">\r\n                            <\/a>\r\n                            <figcaption class = \"td-slide-caption td-gallery-slide-content\"><div class = \"td-gallery-slide-copywrite\">M\u00c1SCARAS EN EL MUSEO DE SANXINGDUI. <\/div><span>M\u00c1SCARAS EN EL MUSEO DE SANXINGDUI. <\/span><\/figcaption>\r\n                        <\/figure>\r\n                    <\/div>\r\n                    <div class = \"td-slide-item td-item3\">\r\n                        <figure class=\"td-slide-galery-figure td-slide-popup-gallery\">\r\n                            <a class=\"slide-gallery-image-link\" href=\"https:\/\/www.eldiario.net\/portal\/wp-content\/uploads\/2026\/09\/FOTO-3-1.webp\" title=\"FOTO-3\"  data-caption=\"HOT POT (OLLA CALIENTE) EN LA QUE PREDOMINA EL AJ\u00cd.\"  data-description=\"HOT POT (OLLA CALIENTE) EN LA QUE PREDOMINA EL AJ&Iacute;.\">\r\n                                <img decoding=\"async\" src=\"https:\/\/www.eldiario.net\/portal\/wp-content\/uploads\/2026\/09\/FOTO-3-1-770x420.webp\" srcset=\"https:\/\/www.eldiario.net\/portal\/wp-content\/uploads\/2026\/09\/FOTO-3-1-770x420.webp 770w, https:\/\/www.eldiario.net\/portal\/wp-content\/uploads\/2026\/09\/FOTO-3-1-300x164.webp 300w, https:\/\/www.eldiario.net\/portal\/wp-content\/uploads\/2026\/09\/FOTO-3-1-1024x558.webp 1024w, https:\/\/www.eldiario.net\/portal\/wp-content\/uploads\/2026\/09\/FOTO-3-1-768x419.webp 768w, https:\/\/www.eldiario.net\/portal\/wp-content\/uploads\/2026\/09\/FOTO-3-1-150x82.webp 150w, https:\/\/www.eldiario.net\/portal\/wp-content\/uploads\/2026\/09\/FOTO-3-1-696x380.webp 696w, https:\/\/www.eldiario.net\/portal\/wp-content\/uploads\/2026\/09\/FOTO-3-1-1068x582.webp 1068w, https:\/\/www.eldiario.net\/portal\/wp-content\/uploads\/2026\/09\/FOTO-3-1.webp 1126w\" sizes=\"(max-width: 770px) 100vw, 770px\" alt=\"\">\r\n                            <\/a>\r\n                            <figcaption class = \"td-slide-caption td-gallery-slide-content\"><div class = \"td-gallery-slide-copywrite\">HOT POT (OLLA CALIENTE) EN LA QUE PREDOMINA EL AJ\u00cd.<\/div><span>HOT POT (OLLA CALIENTE) EN LA QUE PREDOMINA EL AJ\u00cd.<\/span><\/figcaption>\r\n                        <\/figure>\r\n                    <\/div>\r\n                    <div class = \"td-slide-item td-item4\">\r\n                        <figure class=\"td-slide-galery-figure td-slide-popup-gallery\">\r\n                            <a class=\"slide-gallery-image-link\" href=\"https:\/\/www.eldiario.net\/portal\/wp-content\/uploads\/2026\/09\/Shi-Wei.webp\" title=\"Shi Wei\"  data-caption=\"SHI WEI, DIRECTORA DEL CENTRO DE ESTUDIOS LATINOAMERICANOS DE LA UNIVERSIDAD DE SICHUAN.\"  data-description=\"SHI WEI, DIRECTORA DEL CENTRO DE ESTUDIOS LATINOAMERICANOS DE LA UNIVERSIDAD DE SICHUAN.\">\r\n                                <img decoding=\"async\" src=\"https:\/\/www.eldiario.net\/portal\/wp-content\/uploads\/2026\/09\/Shi-Wei-385x420.webp\" srcset=\"https:\/\/www.eldiario.net\/portal\/wp-content\/uploads\/2026\/09\/Shi-Wei-385x420.webp 385w, https:\/\/www.eldiario.net\/portal\/wp-content\/uploads\/2026\/09\/Shi-Wei-275x300.webp 275w, https:\/\/www.eldiario.net\/portal\/wp-content\/uploads\/2026\/09\/Shi-Wei-150x164.webp 150w, https:\/\/www.eldiario.net\/portal\/wp-content\/uploads\/2026\/09\/Shi-Wei-300x327.webp 300w, https:\/\/www.eldiario.net\/portal\/wp-content\/uploads\/2026\/09\/Shi-Wei.webp 451w\" sizes=\"(max-width: 385px) 100vw, 385px\" alt=\"\">\r\n                            <\/a>\r\n                            <figcaption class = \"td-slide-caption td-gallery-slide-content\"><div class = \"td-gallery-slide-copywrite\">SHI WEI, DIRECTORA DEL CENTRO DE ESTUDIOS LATINOAMERICANOS DE LA UNIVERSIDAD DE SICHUAN.<\/div><span>SHI WEI, DIRECTORA DEL CENTRO DE ESTUDIOS LATINOAMERICANOS DE LA UNIVERSIDAD DE SICHUAN.<\/span><\/figcaption>\r\n                        <\/figure>\r\n                    <\/div>\r\n                            <\/div>\r\n                        <\/div>\r\n\r\n                        <div class = \"td-doubleSlider-2\">\r\n                            <div class = \"td-slider\">\r\n                                \r\n                    <div class = \"td-button td-item1\">\r\n                        <div class = \"td-border\"><\/div>\r\n                    <\/div>\r\n                    <div class = \"td-button td-item2\">\r\n                        <div class = \"td-border\"><\/div>\r\n                    <\/div>\r\n                    <div class = \"td-button td-item3\">\r\n                        <div class = \"td-border\"><\/div>\r\n                    <\/div>\r\n                    <div class = \"td-button td-item4\">\r\n                        <div class = \"td-border\"><\/div>\r\n                    <\/div>\r\n                            <\/div>\r\n                        <\/div>\r\n\r\n                    <\/div>\r\n\r\n                <\/div>\r\n                \n","protected":false},"excerpt":{"rendered":"<p>Por Susana Guti\u00e9rrez Hay encuentros que no los explica la geograf\u00eda. Se explican en un plato compartido, en el brillo de una m\u00e1scara de oro o en la risa bajo las linternas. Hace 20 a\u00f1os, el amor llev\u00f3 a Shi Wei a radicarse en Chengdu, la capital de la provincia de Sichuan en el suroeste [&hellip;]<\/p>\n","protected":false},"author":1,"featured_media":427487,"comment_status":"closed","ping_status":"open","sticky":false,"template":"","format":"standard","meta":{"_acf_changed":false,"footnotes":""},"categories":[8],"tags":[],"class_list":["post-427485","post","type-post","status-publish","format-standard","has-post-thumbnail","category-cultural"],"acf":{"antetitulo":"Patrimonio e identidad"},"yoast_head":"<!-- This site is optimized with the Yoast SEO plugin v28.4 - https:\/\/yoast.com\/product\/yoast-seo-wordpress\/ -->\n<title>Bashu y Am\u00e9rica Latina, di\u00e1logo que trasciende oc\u00e9anos - El Diario - Bolivia<\/title>\n<meta name=\"robots\" content=\"index, follow, max-snippet:-1, max-image-preview:large, max-video-preview:-1\" \/>\n<link rel=\"canonical\" href=\"https:\/\/www.eldiario.net\/portal\/2026\/09\/04\/bashu-y-america-latina-dialogo-que-trasciende-oceanos\/\" \/>\n<meta property=\"og:locale\" content=\"es_ES\" \/>\n<meta property=\"og:type\" content=\"article\" \/>\n<meta property=\"og:title\" content=\"Bashu y Am\u00e9rica Latina, di\u00e1logo que trasciende oc\u00e9anos - El Diario - Bolivia\" \/>\n<meta property=\"og:description\" content=\"Por Susana Guti\u00e9rrez Hay encuentros que no los explica la geograf\u00eda. Se explican en un plato compartido, en el brillo de una m\u00e1scara de oro o en la risa bajo las linternas. Hace 20 a\u00f1os, el amor llev\u00f3 a Shi Wei a radicarse en Chengdu, la capital de la provincia de Sichuan en el suroeste [&hellip;]\" \/>\n<meta property=\"og:url\" content=\"https:\/\/www.eldiario.net\/portal\/2026\/09\/04\/bashu-y-america-latina-dialogo-que-trasciende-oceanos\/\" \/>\n<meta property=\"og:site_name\" content=\"El Diario - Bolivia\" \/>\n<meta property=\"article:publisher\" content=\"https:\/\/www.facebook.com\/eldiario.bolivia\/\" \/>\n<meta property=\"article:published_time\" content=\"2026-09-04T04:09:02+00:00\" \/>\n<meta property=\"og:image\" content=\"https:\/\/www.eldiario.net\/portal\/wp-content\/uploads\/2026\/09\/FOTO-1-1.webp\" \/>\n\t<meta property=\"og:image:width\" content=\"1126\" \/>\n\t<meta property=\"og:image:height\" content=\"614\" \/>\n\t<meta property=\"og:image:type\" content=\"image\/webp\" \/>\n<meta name=\"author\" content=\"Jeanette\" \/>\n<meta name=\"twitter:card\" content=\"summary_large_image\" \/>\n<meta name=\"twitter:creator\" content=\"@eldiario_net\" \/>\n<meta name=\"twitter:site\" content=\"@eldiario_net\" \/>\n<meta name=\"twitter:label1\" content=\"Escrito por\" \/>\n\t<meta name=\"twitter:data1\" content=\"Jeanette\" \/>\n\t<meta name=\"twitter:label2\" content=\"Tiempo de lectura\" \/>\n\t<meta name=\"twitter:data2\" content=\"5 minutos\" \/>\n<script type=\"application\/ld+json\" class=\"yoast-schema-graph\">{\"@context\":\"https:\\\/\\\/schema.org\",\"@graph\":[{\"@type\":\"Article\",\"@id\":\"https:\\\/\\\/www.eldiario.net\\\/portal\\\/2026\\\/09\\\/04\\\/bashu-y-america-latina-dialogo-que-trasciende-oceanos\\\/#article\",\"isPartOf\":{\"@id\":\"https:\\\/\\\/www.eldiario.net\\\/portal\\\/2026\\\/09\\\/04\\\/bashu-y-america-latina-dialogo-que-trasciende-oceanos\\\/\"},\"author\":{\"name\":\"Jeanette\",\"@id\":\"https:\\\/\\\/www.eldiario.net\\\/portal\\\/#\\\/schema\\\/person\\\/f46445640444750d7d753ccd04ae01b7\"},\"headline\":\"Bashu y Am\u00e9rica Latina, di\u00e1logo que trasciende oc\u00e9anos\",\"datePublished\":\"2026-09-04T04:09:02+00:00\",\"mainEntityOfPage\":{\"@id\":\"https:\\\/\\\/www.eldiario.net\\\/portal\\\/2026\\\/09\\\/04\\\/bashu-y-america-latina-dialogo-que-trasciende-oceanos\\\/\"},\"wordCount\":1078,\"publisher\":{\"@id\":\"https:\\\/\\\/www.eldiario.net\\\/portal\\\/#organization\"},\"image\":{\"@id\":\"https:\\\/\\\/www.eldiario.net\\\/portal\\\/2026\\\/09\\\/04\\\/bashu-y-america-latina-dialogo-que-trasciende-oceanos\\\/#primaryimage\"},\"thumbnailUrl\":\"https:\\\/\\\/www.eldiario.net\\\/portal\\\/wp-content\\\/uploads\\\/2026\\\/09\\\/FOTO-1-1.webp\",\"articleSection\":[\"Cultural\"],\"inLanguage\":\"es\"},{\"@type\":\"WebPage\",\"@id\":\"https:\\\/\\\/www.eldiario.net\\\/portal\\\/2026\\\/09\\\/04\\\/bashu-y-america-latina-dialogo-que-trasciende-oceanos\\\/\",\"url\":\"https:\\\/\\\/www.eldiario.net\\\/portal\\\/2026\\\/09\\\/04\\\/bashu-y-america-latina-dialogo-que-trasciende-oceanos\\\/\",\"name\":\"Bashu y Am\u00e9rica Latina, di\u00e1logo que trasciende oc\u00e9anos - El Diario - Bolivia\",\"isPartOf\":{\"@id\":\"https:\\\/\\\/www.eldiario.net\\\/portal\\\/#website\"},\"primaryImageOfPage\":{\"@id\":\"https:\\\/\\\/www.eldiario.net\\\/portal\\\/2026\\\/09\\\/04\\\/bashu-y-america-latina-dialogo-que-trasciende-oceanos\\\/#primaryimage\"},\"image\":{\"@id\":\"https:\\\/\\\/www.eldiario.net\\\/portal\\\/2026\\\/09\\\/04\\\/bashu-y-america-latina-dialogo-que-trasciende-oceanos\\\/#primaryimage\"},\"thumbnailUrl\":\"https:\\\/\\\/www.eldiario.net\\\/portal\\\/wp-content\\\/uploads\\\/2026\\\/09\\\/FOTO-1-1.webp\",\"datePublished\":\"2026-09-04T04:09:02+00:00\",\"breadcrumb\":{\"@id\":\"https:\\\/\\\/www.eldiario.net\\\/portal\\\/2026\\\/09\\\/04\\\/bashu-y-america-latina-dialogo-que-trasciende-oceanos\\\/#breadcrumb\"},\"inLanguage\":\"es\",\"potentialAction\":[{\"@type\":\"ReadAction\",\"target\":[\"https:\\\/\\\/www.eldiario.net\\\/portal\\\/2026\\\/09\\\/04\\\/bashu-y-america-latina-dialogo-que-trasciende-oceanos\\\/\"]}]},{\"@type\":\"ImageObject\",\"inLanguage\":\"es\",\"@id\":\"https:\\\/\\\/www.eldiario.net\\\/portal\\\/2026\\\/09\\\/04\\\/bashu-y-america-latina-dialogo-que-trasciende-oceanos\\\/#primaryimage\",\"url\":\"https:\\\/\\\/www.eldiario.net\\\/portal\\\/wp-content\\\/uploads\\\/2026\\\/09\\\/FOTO-1-1.webp\",\"contentUrl\":\"https:\\\/\\\/www.eldiario.net\\\/portal\\\/wp-content\\\/uploads\\\/2026\\\/09\\\/FOTO-1-1.webp\",\"width\":1126,\"height\":614,\"caption\":\"M\u00c1SCARA DE ORO ANDINA (PER\u00da) FRENTE A LA C\u00c9LEBRE M\u00c1SCARA DE ORO DE LA CULTURA DE SHU (SICHUAN, CHINA). EL METAL PRECIOSO COMO S\u00cdMBOLO DE LO DIVINO A AMBOS LADOS DEL PAC\u00cdFICO.\"},{\"@type\":\"BreadcrumbList\",\"@id\":\"https:\\\/\\\/www.eldiario.net\\\/portal\\\/2026\\\/09\\\/04\\\/bashu-y-america-latina-dialogo-que-trasciende-oceanos\\\/#breadcrumb\",\"itemListElement\":[{\"@type\":\"ListItem\",\"position\":1,\"name\":\"Portada\",\"item\":\"https:\\\/\\\/www.eldiario.net\\\/portal\\\/\"},{\"@type\":\"ListItem\",\"position\":2,\"name\":\"Bashu y Am\u00e9rica Latina, di\u00e1logo que trasciende oc\u00e9anos\"}]},{\"@type\":\"WebSite\",\"@id\":\"https:\\\/\\\/www.eldiario.net\\\/portal\\\/#website\",\"url\":\"https:\\\/\\\/www.eldiario.net\\\/portal\\\/\",\"name\":\"El Diario - Decano de la prensa nacional\",\"description\":\"El Diario - Decano de la prensa nacional\",\"publisher\":{\"@id\":\"https:\\\/\\\/www.eldiario.net\\\/portal\\\/#organization\"},\"potentialAction\":[{\"@type\":\"SearchAction\",\"target\":{\"@type\":\"EntryPoint\",\"urlTemplate\":\"https:\\\/\\\/www.eldiario.net\\\/portal\\\/?s={search_term_string}\"},\"query-input\":{\"@type\":\"PropertyValueSpecification\",\"valueRequired\":true,\"valueName\":\"search_term_string\"}}],\"inLanguage\":\"es\"},{\"@type\":\"Organization\",\"@id\":\"https:\\\/\\\/www.eldiario.net\\\/portal\\\/#organization\",\"name\":\"El Diario - Decano de la prensa nacional\",\"url\":\"https:\\\/\\\/www.eldiario.net\\\/portal\\\/\",\"logo\":{\"@type\":\"ImageObject\",\"inLanguage\":\"es\",\"@id\":\"https:\\\/\\\/www.eldiario.net\\\/portal\\\/#\\\/schema\\\/logo\\\/image\\\/\",\"url\":\"https:\\\/\\\/www.eldiario.net\\\/portal\\\/wp-content\\\/uploads\\\/2023\\\/07\\\/logo_ED.jpg\",\"contentUrl\":\"https:\\\/\\\/www.eldiario.net\\\/portal\\\/wp-content\\\/uploads\\\/2023\\\/07\\\/logo_ED.jpg\",\"width\":272,\"height\":52,\"caption\":\"El Diario - Decano de la prensa nacional\"},\"image\":{\"@id\":\"https:\\\/\\\/www.eldiario.net\\\/portal\\\/#\\\/schema\\\/logo\\\/image\\\/\"},\"sameAs\":[\"https:\\\/\\\/www.facebook.com\\\/eldiario.bolivia\\\/\",\"https:\\\/\\\/x.com\\\/eldiario_net\"]},{\"@type\":\"Person\",\"@id\":\"https:\\\/\\\/www.eldiario.net\\\/portal\\\/#\\\/schema\\\/person\\\/f46445640444750d7d753ccd04ae01b7\",\"name\":\"Jeanette\",\"image\":{\"@type\":\"ImageObject\",\"inLanguage\":\"es\",\"@id\":\"https:\\\/\\\/secure.gravatar.com\\\/avatar\\\/3ea2118a5f7dad2b7138b1187a6b7ee55f160b9968b66013c3a3ef39dd7e5798?s=96&d=mm&r=g\",\"url\":\"https:\\\/\\\/secure.gravatar.com\\\/avatar\\\/3ea2118a5f7dad2b7138b1187a6b7ee55f160b9968b66013c3a3ef39dd7e5798?s=96&d=mm&r=g\",\"contentUrl\":\"https:\\\/\\\/secure.gravatar.com\\\/avatar\\\/3ea2118a5f7dad2b7138b1187a6b7ee55f160b9968b66013c3a3ef39dd7e5798?s=96&d=mm&r=g\",\"caption\":\"Jeanette\"},\"sameAs\":[\"https:\\\/\\\/www.eldiario.net\\\/portal\"],\"url\":\"https:\\\/\\\/www.eldiario.net\\\/portal\\\/author\\\/jeanette\\\/\"}]}<\/script>\n<!-- \/ Yoast SEO plugin. -->","yoast_head_json":{"title":"Bashu y Am\u00e9rica Latina, di\u00e1logo que trasciende oc\u00e9anos - El Diario - Bolivia","robots":{"index":"index","follow":"follow","max-snippet":"max-snippet:-1","max-image-preview":"max-image-preview:large","max-video-preview":"max-video-preview:-1"},"canonical":"https:\/\/www.eldiario.net\/portal\/2026\/09\/04\/bashu-y-america-latina-dialogo-que-trasciende-oceanos\/","og_locale":"es_ES","og_type":"article","og_title":"Bashu y Am\u00e9rica Latina, di\u00e1logo que trasciende oc\u00e9anos - El Diario - Bolivia","og_description":"Por Susana Guti\u00e9rrez Hay encuentros que no los explica la geograf\u00eda. Se explican en un plato compartido, en el brillo de una m\u00e1scara de oro o en la risa bajo las linternas. Hace 20 a\u00f1os, el amor llev\u00f3 a Shi Wei a radicarse en Chengdu, la capital de la provincia de Sichuan en el suroeste [&hellip;]","og_url":"https:\/\/www.eldiario.net\/portal\/2026\/09\/04\/bashu-y-america-latina-dialogo-que-trasciende-oceanos\/","og_site_name":"El Diario - Bolivia","article_publisher":"https:\/\/www.facebook.com\/eldiario.bolivia\/","article_published_time":"2026-09-04T04:09:02+00:00","og_image":[{"width":1126,"height":614,"url":"https:\/\/www.eldiario.net\/portal\/wp-content\/uploads\/2026\/09\/FOTO-1-1.webp","type":"image\/webp"}],"author":"Jeanette","twitter_card":"summary_large_image","twitter_creator":"@eldiario_net","twitter_site":"@eldiario_net","twitter_misc":{"Escrito por":"Jeanette","Tiempo de lectura":"5 minutos"},"schema":{"@context":"https:\/\/schema.org","@graph":[{"@type":"Article","@id":"https:\/\/www.eldiario.net\/portal\/2026\/09\/04\/bashu-y-america-latina-dialogo-que-trasciende-oceanos\/#article","isPartOf":{"@id":"https:\/\/www.eldiario.net\/portal\/2026\/09\/04\/bashu-y-america-latina-dialogo-que-trasciende-oceanos\/"},"author":{"name":"Jeanette","@id":"https:\/\/www.eldiario.net\/portal\/#\/schema\/person\/f46445640444750d7d753ccd04ae01b7"},"headline":"Bashu y Am\u00e9rica Latina, di\u00e1logo que trasciende oc\u00e9anos","datePublished":"2026-09-04T04:09:02+00:00","mainEntityOfPage":{"@id":"https:\/\/www.eldiario.net\/portal\/2026\/09\/04\/bashu-y-america-latina-dialogo-que-trasciende-oceanos\/"},"wordCount":1078,"publisher":{"@id":"https:\/\/www.eldiario.net\/portal\/#organization"},"image":{"@id":"https:\/\/www.eldiario.net\/portal\/2026\/09\/04\/bashu-y-america-latina-dialogo-que-trasciende-oceanos\/#primaryimage"},"thumbnailUrl":"https:\/\/www.eldiario.net\/portal\/wp-content\/uploads\/2026\/09\/FOTO-1-1.webp","articleSection":["Cultural"],"inLanguage":"es"},{"@type":"WebPage","@id":"https:\/\/www.eldiario.net\/portal\/2026\/09\/04\/bashu-y-america-latina-dialogo-que-trasciende-oceanos\/","url":"https:\/\/www.eldiario.net\/portal\/2026\/09\/04\/bashu-y-america-latina-dialogo-que-trasciende-oceanos\/","name":"Bashu y Am\u00e9rica Latina, di\u00e1logo que trasciende oc\u00e9anos - El Diario - Bolivia","isPartOf":{"@id":"https:\/\/www.eldiario.net\/portal\/#website"},"primaryImageOfPage":{"@id":"https:\/\/www.eldiario.net\/portal\/2026\/09\/04\/bashu-y-america-latina-dialogo-que-trasciende-oceanos\/#primaryimage"},"image":{"@id":"https:\/\/www.eldiario.net\/portal\/2026\/09\/04\/bashu-y-america-latina-dialogo-que-trasciende-oceanos\/#primaryimage"},"thumbnailUrl":"https:\/\/www.eldiario.net\/portal\/wp-content\/uploads\/2026\/09\/FOTO-1-1.webp","datePublished":"2026-09-04T04:09:02+00:00","breadcrumb":{"@id":"https:\/\/www.eldiario.net\/portal\/2026\/09\/04\/bashu-y-america-latina-dialogo-que-trasciende-oceanos\/#breadcrumb"},"inLanguage":"es","potentialAction":[{"@type":"ReadAction","target":["https:\/\/www.eldiario.net\/portal\/2026\/09\/04\/bashu-y-america-latina-dialogo-que-trasciende-oceanos\/"]}]},{"@type":"ImageObject","inLanguage":"es","@id":"https:\/\/www.eldiario.net\/portal\/2026\/09\/04\/bashu-y-america-latina-dialogo-que-trasciende-oceanos\/#primaryimage","url":"https:\/\/www.eldiario.net\/portal\/wp-content\/uploads\/2026\/09\/FOTO-1-1.webp","contentUrl":"https:\/\/www.eldiario.net\/portal\/wp-content\/uploads\/2026\/09\/FOTO-1-1.webp","width":1126,"height":614,"caption":"M\u00c1SCARA DE ORO ANDINA (PER\u00da) FRENTE A LA C\u00c9LEBRE M\u00c1SCARA DE ORO DE LA CULTURA DE SHU (SICHUAN, CHINA). EL METAL PRECIOSO COMO S\u00cdMBOLO DE LO DIVINO A AMBOS LADOS DEL PAC\u00cdFICO."},{"@type":"BreadcrumbList","@id":"https:\/\/www.eldiario.net\/portal\/2026\/09\/04\/bashu-y-america-latina-dialogo-que-trasciende-oceanos\/#breadcrumb","itemListElement":[{"@type":"ListItem","position":1,"name":"Portada","item":"https:\/\/www.eldiario.net\/portal\/"},{"@type":"ListItem","position":2,"name":"Bashu y Am\u00e9rica Latina, di\u00e1logo que trasciende oc\u00e9anos"}]},{"@type":"WebSite","@id":"https:\/\/www.eldiario.net\/portal\/#website","url":"https:\/\/www.eldiario.net\/portal\/","name":"El Diario - Decano de la prensa nacional","description":"El Diario - Decano de la prensa nacional","publisher":{"@id":"https:\/\/www.eldiario.net\/portal\/#organization"},"potentialAction":[{"@type":"SearchAction","target":{"@type":"EntryPoint","urlTemplate":"https:\/\/www.eldiario.net\/portal\/?s={search_term_string}"},"query-input":{"@type":"PropertyValueSpecification","valueRequired":true,"valueName":"search_term_string"}}],"inLanguage":"es"},{"@type":"Organization","@id":"https:\/\/www.eldiario.net\/portal\/#organization","name":"El Diario - Decano de la prensa nacional","url":"https:\/\/www.eldiario.net\/portal\/","logo":{"@type":"ImageObject","inLanguage":"es","@id":"https:\/\/www.eldiario.net\/portal\/#\/schema\/logo\/image\/","url":"https:\/\/www.eldiario.net\/portal\/wp-content\/uploads\/2023\/07\/logo_ED.jpg","contentUrl":"https:\/\/www.eldiario.net\/portal\/wp-content\/uploads\/2023\/07\/logo_ED.jpg","width":272,"height":52,"caption":"El Diario - Decano de la prensa nacional"},"image":{"@id":"https:\/\/www.eldiario.net\/portal\/#\/schema\/logo\/image\/"},"sameAs":["https:\/\/www.facebook.com\/eldiario.bolivia\/","https:\/\/x.com\/eldiario_net"]},{"@type":"Person","@id":"https:\/\/www.eldiario.net\/portal\/#\/schema\/person\/f46445640444750d7d753ccd04ae01b7","name":"Jeanette","image":{"@type":"ImageObject","inLanguage":"es","@id":"https:\/\/secure.gravatar.com\/avatar\/3ea2118a5f7dad2b7138b1187a6b7ee55f160b9968b66013c3a3ef39dd7e5798?s=96&d=mm&r=g","url":"https:\/\/secure.gravatar.com\/avatar\/3ea2118a5f7dad2b7138b1187a6b7ee55f160b9968b66013c3a3ef39dd7e5798?s=96&d=mm&r=g","contentUrl":"https:\/\/secure.gravatar.com\/avatar\/3ea2118a5f7dad2b7138b1187a6b7ee55f160b9968b66013c3a3ef39dd7e5798?s=96&d=mm&r=g","caption":"Jeanette"},"sameAs":["https:\/\/www.eldiario.net\/portal"],"url":"https:\/\/www.eldiario.net\/portal\/author\/jeanette\/"}]}},"_links":{"self":[{"href":"https:\/\/www.eldiario.net\/portal\/wp-json\/wp\/v2\/posts\/427485","targetHints":{"allow":["GET"]}}],"collection":[{"href":"https:\/\/www.eldiario.net\/portal\/wp-json\/wp\/v2\/posts"}],"about":[{"href":"https:\/\/www.eldiario.net\/portal\/wp-json\/wp\/v2\/types\/post"}],"author":[{"embeddable":true,"href":"https:\/\/www.eldiario.net\/portal\/wp-json\/wp\/v2\/users\/1"}],"replies":[{"embeddable":true,"href":"https:\/\/www.eldiario.net\/portal\/wp-json\/wp\/v2\/comments?post=427485"}],"version-history":[{"count":2,"href":"https:\/\/www.eldiario.net\/portal\/wp-json\/wp\/v2\/posts\/427485\/revisions"}],"predecessor-version":[{"id":427491,"href":"https:\/\/www.eldiario.net\/portal\/wp-json\/wp\/v2\/posts\/427485\/revisions\/427491"}],"wp:featuredmedia":[{"embeddable":true,"href":"https:\/\/www.eldiario.net\/portal\/wp-json\/wp\/v2\/media\/427487"}],"wp:attachment":[{"href":"https:\/\/www.eldiario.net\/portal\/wp-json\/wp\/v2\/media?parent=427485"}],"wp:term":[{"taxonomy":"category","embeddable":true,"href":"https:\/\/www.eldiario.net\/portal\/wp-json\/wp\/v2\/categories?post=427485"},{"taxonomy":"post_tag","embeddable":true,"href":"https:\/\/www.eldiario.net\/portal\/wp-json\/wp\/v2\/tags?post=427485"}],"curies":[{"name":"wp","href":"https:\/\/api.w.org\/{rel}","templated":true}]}}