{"id":427464,"date":"2026-09-04T00:58:09","date_gmt":"2026-09-04T04:58:09","guid":{"rendered":"https:\/\/www.eldiario.net\/portal\/?p=427464"},"modified":"2026-09-03T21:59:34","modified_gmt":"2026-09-04T01:59:34","slug":"inti-recibe-reconocimiento-big-changer-de-naciones-unidas-en-cumbre-de-pacto-global","status":"publish","type":"post","link":"https:\/\/www.eldiario.net\/portal\/2026\/09\/04\/inti-recibe-reconocimiento-big-changer-de-naciones-unidas-en-cumbre-de-pacto-global\/","title":{"rendered":"INTI recibe reconocimiento Big Changer de Naciones Unidas en Cumbre de Pacto Global"},"content":{"rendered":"<p>En el marco de la \u201cIII Cumbre Empresarial por los ODS: un Pacto por Bolivia\u201d, Droguer\u00eda INTI fue galardonada con el reconocimiento Big Changer, otorgado por la Red del Pacto Global de Naciones Unidas.<br \/>\nLa distinci\u00f3n destaca a las organizaciones que traducen sus metas de sostenibilidad en resultados tangibles e impulsan, mediante acciones de alto impacto, la agenda Forward Faster y los Objetivos de Desarrollo Sostenible.<br \/>\nDurante el encuentro, que reuni\u00f3 a l\u00edderes empresariales para debatir sobre bienestar, igualdad de g\u00e9nero, salud e inclusi\u00f3n, se abord\u00f3 el impacto de las pol\u00edticas corporativas en la transformaci\u00f3n social.<br \/>\nEn este espacio, Hugo de Grandchant, gerente general de INTI, detall\u00f3 que la empresa inici\u00f3 su camino hacia la sostenibilidad hace m\u00e1s de 11 a\u00f1os, enfoc\u00e1ndose en la escucha, la prevenci\u00f3n de riesgos y la construcci\u00f3n de entornos seguros para sus colaboradores.<br \/>\nComo parte de este enfoque, la farmac\u00e9utica implement\u00f3 el programa Val\u00f3rate, un sistema de contenci\u00f3n y acompa\u00f1amiento contra la violencia hacia las colaboradoras.<br \/>\n\u201cDejamos de mirar \u00fanicamente qu\u00e9 beneficios ofrec\u00edamos como empleador y comenzamos a preguntarnos cu\u00e1l era la realidad que viv\u00edan nuestros colaboradores, fuera y dentro de la organizaci\u00f3n, qu\u00e9 situaciones pod\u00edan afectar su bienestar y qu\u00e9 responsabilidad pod\u00edamos asumir desde nuestro \u00e1mbito de acci\u00f3n\u201d, explic\u00f3 Grandchant, sobre la visi\u00f3n interna de la compa\u00f1\u00eda.<br \/>\nEl ejecutivo a\u00f1adi\u00f3 que invertir en prevenci\u00f3n y asistencia genera un retorno directo. Por cada d\u00f3lar invertido en atenci\u00f3n, se obtienen cuatro d\u00f3lares en salud y capacidad de trabajo, adem\u00e1s de fortalecer la retenci\u00f3n y la resiliencia organizacional.<br \/>\nEntre los datos expuestos por la empresa para la eliminaci\u00f3n de barreras de g\u00e9nero, se destac\u00f3 que el 54% de sus cargos directivos son ejercidos por mujeres gracias al m\u00e9rito y al desarrollo profesional. Esta gesti\u00f3n se respalda con medidas concretas como una guarder\u00eda propia en planta, esquemas de trabajo flexible y una red interna de contenci\u00f3n.<\/p>\n\r\n                <style type=\"text\/css\">\r\n                    \r\n                    #tdi_1  .td-doubleSlider-2 .td-item1 {\r\n                        background: url(https:\/\/www.eldiario.net\/portal\/wp-content\/uploads\/2026\/09\/DSC_9538-80x60.webp) 0 0 no-repeat;\r\n                    }\r\n                    #tdi_1  .td-doubleSlider-2 .td-item2 {\r\n                        background: url(https:\/\/www.eldiario.net\/portal\/wp-content\/uploads\/2026\/09\/DSC_9620-80x60.webp) 0 0 no-repeat;\r\n                    }\r\n                    #tdi_1  .td-doubleSlider-2 .td-item3 {\r\n                        background: url(https:\/\/www.eldiario.net\/portal\/wp-content\/uploads\/2026\/09\/DSC_9515-80x60.webp) 0 0 no-repeat;\r\n                    }\r\n                <\/style>\r\n\r\n                <div id=\"tdi_1\" class=\"td-gallery td-slide-on-2-columns\">\r\n                    <div class=\"post_td_gallery\">\r\n                        <div class=\"td-gallery-slide-top\">\r\n                           <div class=\"td-gallery-title\"><\/div>\r\n\r\n                            <div class=\"td-gallery-controls-wrapper\">\r\n                                <div class=\"td-gallery-slide-count\"><span class=\"td-gallery-slide-item-focus\">1<\/span> de 3<\/div>\r\n                                <div class=\"td-gallery-slide-prev-next-but\">\r\n                                    <i class = \"td-icon-left doubleSliderPrevButton\"><\/i>\r\n                                    <i class = \"td-icon-right doubleSliderNextButton\"><\/i>\r\n                                <\/div>\r\n                            <\/div>\r\n                        <\/div>\r\n\r\n                        <div class = \"td-doubleSlider-1 \">\r\n                            <div class = \"td-slider\">\r\n                                \r\n                    <div class = \"td-slide-item td-item1\">\r\n                        <figure class=\"td-slide-galery-figure td-slide-popup-gallery\">\r\n                            <a class=\"slide-gallery-image-link\" href=\"https:\/\/www.eldiario.net\/portal\/wp-content\/uploads\/2026\/09\/DSC_9538.webp\" title=\"DSC_9538\"  data-caption=\"OTRO ASPECTO DE LA CUMBRE CELEBRADA EN EL HOTEL EUROPA.\"  data-description=\"OTRO ASPECTO DE LA CUMBRE CELEBRADA EN EL HOTEL EUROPA.\">\r\n                                <img decoding=\"async\" src=\"https:\/\/www.eldiario.net\/portal\/wp-content\/uploads\/2026\/09\/DSC_9538-683x420.webp\" srcset=\"https:\/\/www.eldiario.net\/portal\/wp-content\/uploads\/2026\/09\/DSC_9538-683x420.webp 683w, https:\/\/www.eldiario.net\/portal\/wp-content\/uploads\/2026\/09\/DSC_9538-300x185.webp 300w, https:\/\/www.eldiario.net\/portal\/wp-content\/uploads\/2026\/09\/DSC_9538-1024x630.webp 1024w, https:\/\/www.eldiario.net\/portal\/wp-content\/uploads\/2026\/09\/DSC_9538-768x472.webp 768w, https:\/\/www.eldiario.net\/portal\/wp-content\/uploads\/2026\/09\/DSC_9538-150x92.webp 150w, https:\/\/www.eldiario.net\/portal\/wp-content\/uploads\/2026\/09\/DSC_9538-696x428.webp 696w, https:\/\/www.eldiario.net\/portal\/wp-content\/uploads\/2026\/09\/DSC_9538-1068x657.webp 1068w, https:\/\/www.eldiario.net\/portal\/wp-content\/uploads\/2026\/09\/DSC_9538.webp 1200w\" sizes=\"(max-width: 683px) 100vw, 683px\" alt=\"\">\r\n                            <\/a>\r\n                            <figcaption class = \"td-slide-caption td-gallery-slide-content\"><div class = \"td-gallery-slide-copywrite\">OTRO ASPECTO DE LA CUMBRE CELEBRADA EN EL HOTEL EUROPA.<\/div><span>OTRO ASPECTO DE LA CUMBRE CELEBRADA EN EL HOTEL EUROPA.<\/span><\/figcaption>\r\n                        <\/figure>\r\n                    <\/div>\r\n                    <div class = \"td-slide-item td-item2\">\r\n                        <figure class=\"td-slide-galery-figure td-slide-popup-gallery\">\r\n                            <a class=\"slide-gallery-image-link\" href=\"https:\/\/www.eldiario.net\/portal\/wp-content\/uploads\/2026\/09\/DSC_9620.webp\" title=\"DSC_9620\"  data-caption=\"HUGO DE GRANDCHANT, GERENTE \nGENERAL DE INTI,  RECIBE EL \nRECONOCIMIENTO DE PACTO GLOBAL.\"  data-description=\"HUGO DE GRANDCHANT, GERENTE \nGENERAL DE INTI,  RECIBE EL \nRECONOCIMIENTO DE PACTO GLOBAL.\">\r\n                                <img decoding=\"async\" src=\"https:\/\/www.eldiario.net\/portal\/wp-content\/uploads\/2026\/09\/DSC_9620-540x420.webp\" srcset=\"https:\/\/www.eldiario.net\/portal\/wp-content\/uploads\/2026\/09\/DSC_9620-540x420.webp 540w, https:\/\/www.eldiario.net\/portal\/wp-content\/uploads\/2026\/09\/DSC_9620-300x233.webp 300w, https:\/\/www.eldiario.net\/portal\/wp-content\/uploads\/2026\/09\/DSC_9620-1024x796.webp 1024w, https:\/\/www.eldiario.net\/portal\/wp-content\/uploads\/2026\/09\/DSC_9620-768x597.webp 768w, https:\/\/www.eldiario.net\/portal\/wp-content\/uploads\/2026\/09\/DSC_9620-150x117.webp 150w, https:\/\/www.eldiario.net\/portal\/wp-content\/uploads\/2026\/09\/DSC_9620-696x541.webp 696w, https:\/\/www.eldiario.net\/portal\/wp-content\/uploads\/2026\/09\/DSC_9620-1068x830.webp 1068w, https:\/\/www.eldiario.net\/portal\/wp-content\/uploads\/2026\/09\/DSC_9620.webp 1200w\" sizes=\"(max-width: 540px) 100vw, 540px\" alt=\"\">\r\n                            <\/a>\r\n                            <figcaption class = \"td-slide-caption td-gallery-slide-content\"><div class = \"td-gallery-slide-copywrite\">HUGO DE GRANDCHANT, GERENTE \nGENERAL DE INTI,  RECIBE EL \nRECONOCIMIENTO DE PACTO GLOBAL.<\/div><span>HUGO DE GRANDCHANT, GERENTE \nGENERAL DE INTI,  RECIBE EL \nRECONOCIMIENTO DE PACTO GLOBAL.<\/span><\/figcaption>\r\n                        <\/figure>\r\n                    <\/div>\r\n                    <div class = \"td-slide-item td-item3\">\r\n                        <figure class=\"td-slide-galery-figure td-slide-popup-gallery\">\r\n                            <a class=\"slide-gallery-image-link\" href=\"https:\/\/www.eldiario.net\/portal\/wp-content\/uploads\/2026\/09\/DSC_9515.webp\" title=\"DSC_9515\"  data-caption=\"HUGO DE GRANDCHANT SE DIRIGE AL AUDITORIO. \"  data-description=\"HUGO DE GRANDCHANT SE DIRIGE AL AUDITORIO. \">\r\n                                <img decoding=\"async\" src=\"https:\/\/www.eldiario.net\/portal\/wp-content\/uploads\/2026\/09\/DSC_9515-640x420.webp\" srcset=\"https:\/\/www.eldiario.net\/portal\/wp-content\/uploads\/2026\/09\/DSC_9515-640x420.webp 640w, https:\/\/www.eldiario.net\/portal\/wp-content\/uploads\/2026\/09\/DSC_9515-300x197.webp 300w, https:\/\/www.eldiario.net\/portal\/wp-content\/uploads\/2026\/09\/DSC_9515-1024x672.webp 1024w, https:\/\/www.eldiario.net\/portal\/wp-content\/uploads\/2026\/09\/DSC_9515-768x504.webp 768w, https:\/\/www.eldiario.net\/portal\/wp-content\/uploads\/2026\/09\/DSC_9515-150x99.webp 150w, https:\/\/www.eldiario.net\/portal\/wp-content\/uploads\/2026\/09\/DSC_9515-696x457.webp 696w, https:\/\/www.eldiario.net\/portal\/wp-content\/uploads\/2026\/09\/DSC_9515-1068x701.webp 1068w, https:\/\/www.eldiario.net\/portal\/wp-content\/uploads\/2026\/09\/DSC_9515.webp 1200w\" sizes=\"(max-width: 640px) 100vw, 640px\" alt=\"\">\r\n                            <\/a>\r\n                            <figcaption class = \"td-slide-caption td-gallery-slide-content\"><div class = \"td-gallery-slide-copywrite\">HUGO DE GRANDCHANT SE DIRIGE AL AUDITORIO. <\/div><span>HUGO DE GRANDCHANT SE DIRIGE AL AUDITORIO. <\/span><\/figcaption>\r\n                        <\/figure>\r\n                    <\/div>\r\n                            <\/div>\r\n                        <\/div>\r\n\r\n                        <div class = \"td-doubleSlider-2\">\r\n                            <div class = \"td-slider\">\r\n                                \r\n                    <div class = \"td-button td-item1\">\r\n                        <div class = \"td-border\"><\/div>\r\n                    <\/div>\r\n                    <div class = \"td-button td-item2\">\r\n                        <div class = \"td-border\"><\/div>\r\n                    <\/div>\r\n                    <div class = \"td-button td-item3\">\r\n                        <div class = \"td-border\"><\/div>\r\n                    <\/div>\r\n                            <\/div>\r\n                        <\/div>\r\n\r\n                    <\/div>\r\n\r\n                <\/div>\r\n                \n","protected":false},"excerpt":{"rendered":"<p>En el marco de la \u201cIII Cumbre Empresarial por los ODS: un Pacto por Bolivia\u201d, Droguer\u00eda INTI fue galardonada con el reconocimiento Big Changer, otorgado por la Red del Pacto Global de Naciones Unidas. La distinci\u00f3n destaca a las organizaciones que traducen sus metas de sostenibilidad en resultados tangibles e impulsan, mediante acciones de alto [&hellip;]<\/p>\n","protected":false},"author":1,"featured_media":427466,"comment_status":"closed","ping_status":"open","sticky":false,"template":"","format":"standard","meta":{"_acf_changed":false,"footnotes":""},"categories":[40],"tags":[],"class_list":["post-427464","post","type-post","status-publish","format-standard","has-post-thumbnail","category-sociales"],"acf":{"antetitulo":""},"yoast_head":"<!-- This site is optimized with the Yoast SEO plugin v28.4 - https:\/\/yoast.com\/product\/yoast-seo-wordpress\/ -->\n<title>INTI recibe reconocimiento Big Changer de Naciones Unidas en Cumbre de Pacto Global - El Diario - Bolivia<\/title>\n<meta name=\"robots\" content=\"index, follow, max-snippet:-1, max-image-preview:large, max-video-preview:-1\" \/>\n<link rel=\"canonical\" href=\"https:\/\/www.eldiario.net\/portal\/2026\/09\/04\/inti-recibe-reconocimiento-big-changer-de-naciones-unidas-en-cumbre-de-pacto-global\/\" \/>\n<meta property=\"og:locale\" content=\"es_ES\" \/>\n<meta property=\"og:type\" content=\"article\" \/>\n<meta property=\"og:title\" content=\"INTI recibe reconocimiento Big Changer de Naciones Unidas en Cumbre de Pacto Global - El Diario - Bolivia\" \/>\n<meta property=\"og:description\" content=\"En el marco de la \u201cIII Cumbre Empresarial por los ODS: un Pacto por Bolivia\u201d, Droguer\u00eda INTI fue galardonada con el reconocimiento Big Changer, otorgado por la Red del Pacto Global de Naciones Unidas. La distinci\u00f3n destaca a las organizaciones que traducen sus metas de sostenibilidad en resultados tangibles e impulsan, mediante acciones de alto [&hellip;]\" \/>\n<meta property=\"og:url\" content=\"https:\/\/www.eldiario.net\/portal\/2026\/09\/04\/inti-recibe-reconocimiento-big-changer-de-naciones-unidas-en-cumbre-de-pacto-global\/\" \/>\n<meta property=\"og:site_name\" content=\"El Diario - Bolivia\" \/>\n<meta property=\"article:publisher\" content=\"https:\/\/www.facebook.com\/eldiario.bolivia\/\" \/>\n<meta property=\"article:published_time\" content=\"2026-09-04T04:58:09+00:00\" \/>\n<meta property=\"og:image\" content=\"https:\/\/www.eldiario.net\/portal\/wp-content\/uploads\/2026\/09\/DSC_9620.webp\" \/>\n\t<meta property=\"og:image:width\" content=\"1200\" \/>\n\t<meta property=\"og:image:height\" content=\"933\" \/>\n\t<meta property=\"og:image:type\" content=\"image\/webp\" \/>\n<meta name=\"author\" content=\"Jeanette\" \/>\n<meta name=\"twitter:card\" content=\"summary_large_image\" \/>\n<meta name=\"twitter:creator\" content=\"@eldiario_net\" \/>\n<meta name=\"twitter:site\" content=\"@eldiario_net\" \/>\n<meta name=\"twitter:label1\" content=\"Escrito por\" \/>\n\t<meta name=\"twitter:data1\" content=\"Jeanette\" \/>\n\t<meta name=\"twitter:label2\" content=\"Tiempo de lectura\" \/>\n\t<meta name=\"twitter:data2\" content=\"2 minutos\" \/>\n<script type=\"application\/ld+json\" class=\"yoast-schema-graph\">{\"@context\":\"https:\\\/\\\/schema.org\",\"@graph\":[{\"@type\":\"Article\",\"@id\":\"https:\\\/\\\/www.eldiario.net\\\/portal\\\/2026\\\/09\\\/04\\\/inti-recibe-reconocimiento-big-changer-de-naciones-unidas-en-cumbre-de-pacto-global\\\/#article\",\"isPartOf\":{\"@id\":\"https:\\\/\\\/www.eldiario.net\\\/portal\\\/2026\\\/09\\\/04\\\/inti-recibe-reconocimiento-big-changer-de-naciones-unidas-en-cumbre-de-pacto-global\\\/\"},\"author\":{\"name\":\"Jeanette\",\"@id\":\"https:\\\/\\\/www.eldiario.net\\\/portal\\\/#\\\/schema\\\/person\\\/f46445640444750d7d753ccd04ae01b7\"},\"headline\":\"INTI recibe reconocimiento Big Changer de Naciones Unidas en Cumbre de Pacto Global\",\"datePublished\":\"2026-09-04T04:58:09+00:00\",\"mainEntityOfPage\":{\"@id\":\"https:\\\/\\\/www.eldiario.net\\\/portal\\\/2026\\\/09\\\/04\\\/inti-recibe-reconocimiento-big-changer-de-naciones-unidas-en-cumbre-de-pacto-global\\\/\"},\"wordCount\":366,\"publisher\":{\"@id\":\"https:\\\/\\\/www.eldiario.net\\\/portal\\\/#organization\"},\"image\":{\"@id\":\"https:\\\/\\\/www.eldiario.net\\\/portal\\\/2026\\\/09\\\/04\\\/inti-recibe-reconocimiento-big-changer-de-naciones-unidas-en-cumbre-de-pacto-global\\\/#primaryimage\"},\"thumbnailUrl\":\"https:\\\/\\\/www.eldiario.net\\\/portal\\\/wp-content\\\/uploads\\\/2026\\\/09\\\/DSC_9620.webp\",\"articleSection\":[\"Sociales\"],\"inLanguage\":\"es\"},{\"@type\":\"WebPage\",\"@id\":\"https:\\\/\\\/www.eldiario.net\\\/portal\\\/2026\\\/09\\\/04\\\/inti-recibe-reconocimiento-big-changer-de-naciones-unidas-en-cumbre-de-pacto-global\\\/\",\"url\":\"https:\\\/\\\/www.eldiario.net\\\/portal\\\/2026\\\/09\\\/04\\\/inti-recibe-reconocimiento-big-changer-de-naciones-unidas-en-cumbre-de-pacto-global\\\/\",\"name\":\"INTI recibe reconocimiento Big Changer de Naciones Unidas en Cumbre de Pacto Global - El Diario - Bolivia\",\"isPartOf\":{\"@id\":\"https:\\\/\\\/www.eldiario.net\\\/portal\\\/#website\"},\"primaryImageOfPage\":{\"@id\":\"https:\\\/\\\/www.eldiario.net\\\/portal\\\/2026\\\/09\\\/04\\\/inti-recibe-reconocimiento-big-changer-de-naciones-unidas-en-cumbre-de-pacto-global\\\/#primaryimage\"},\"image\":{\"@id\":\"https:\\\/\\\/www.eldiario.net\\\/portal\\\/2026\\\/09\\\/04\\\/inti-recibe-reconocimiento-big-changer-de-naciones-unidas-en-cumbre-de-pacto-global\\\/#primaryimage\"},\"thumbnailUrl\":\"https:\\\/\\\/www.eldiario.net\\\/portal\\\/wp-content\\\/uploads\\\/2026\\\/09\\\/DSC_9620.webp\",\"datePublished\":\"2026-09-04T04:58:09+00:00\",\"breadcrumb\":{\"@id\":\"https:\\\/\\\/www.eldiario.net\\\/portal\\\/2026\\\/09\\\/04\\\/inti-recibe-reconocimiento-big-changer-de-naciones-unidas-en-cumbre-de-pacto-global\\\/#breadcrumb\"},\"inLanguage\":\"es\",\"potentialAction\":[{\"@type\":\"ReadAction\",\"target\":[\"https:\\\/\\\/www.eldiario.net\\\/portal\\\/2026\\\/09\\\/04\\\/inti-recibe-reconocimiento-big-changer-de-naciones-unidas-en-cumbre-de-pacto-global\\\/\"]}]},{\"@type\":\"ImageObject\",\"inLanguage\":\"es\",\"@id\":\"https:\\\/\\\/www.eldiario.net\\\/portal\\\/2026\\\/09\\\/04\\\/inti-recibe-reconocimiento-big-changer-de-naciones-unidas-en-cumbre-de-pacto-global\\\/#primaryimage\",\"url\":\"https:\\\/\\\/www.eldiario.net\\\/portal\\\/wp-content\\\/uploads\\\/2026\\\/09\\\/DSC_9620.webp\",\"contentUrl\":\"https:\\\/\\\/www.eldiario.net\\\/portal\\\/wp-content\\\/uploads\\\/2026\\\/09\\\/DSC_9620.webp\",\"width\":1200,\"height\":933,\"caption\":\"HUGO DE GRANDCHANT, GERENTE GENERAL DE INTI, RECIBE EL RECONOCIMIENTO DE PACTO GLOBAL.\"},{\"@type\":\"BreadcrumbList\",\"@id\":\"https:\\\/\\\/www.eldiario.net\\\/portal\\\/2026\\\/09\\\/04\\\/inti-recibe-reconocimiento-big-changer-de-naciones-unidas-en-cumbre-de-pacto-global\\\/#breadcrumb\",\"itemListElement\":[{\"@type\":\"ListItem\",\"position\":1,\"name\":\"Portada\",\"item\":\"https:\\\/\\\/www.eldiario.net\\\/portal\\\/\"},{\"@type\":\"ListItem\",\"position\":2,\"name\":\"INTI recibe reconocimiento Big Changer de Naciones Unidas en Cumbre de Pacto Global\"}]},{\"@type\":\"WebSite\",\"@id\":\"https:\\\/\\\/www.eldiario.net\\\/portal\\\/#website\",\"url\":\"https:\\\/\\\/www.eldiario.net\\\/portal\\\/\",\"name\":\"El Diario - Decano de la prensa nacional\",\"description\":\"El Diario - Decano de la prensa nacional\",\"publisher\":{\"@id\":\"https:\\\/\\\/www.eldiario.net\\\/portal\\\/#organization\"},\"potentialAction\":[{\"@type\":\"SearchAction\",\"target\":{\"@type\":\"EntryPoint\",\"urlTemplate\":\"https:\\\/\\\/www.eldiario.net\\\/portal\\\/?s={search_term_string}\"},\"query-input\":{\"@type\":\"PropertyValueSpecification\",\"valueRequired\":true,\"valueName\":\"search_term_string\"}}],\"inLanguage\":\"es\"},{\"@type\":\"Organization\",\"@id\":\"https:\\\/\\\/www.eldiario.net\\\/portal\\\/#organization\",\"name\":\"El Diario - Decano de la prensa nacional\",\"url\":\"https:\\\/\\\/www.eldiario.net\\\/portal\\\/\",\"logo\":{\"@type\":\"ImageObject\",\"inLanguage\":\"es\",\"@id\":\"https:\\\/\\\/www.eldiario.net\\\/portal\\\/#\\\/schema\\\/logo\\\/image\\\/\",\"url\":\"https:\\\/\\\/www.eldiario.net\\\/portal\\\/wp-content\\\/uploads\\\/2023\\\/07\\\/logo_ED.jpg\",\"contentUrl\":\"https:\\\/\\\/www.eldiario.net\\\/portal\\\/wp-content\\\/uploads\\\/2023\\\/07\\\/logo_ED.jpg\",\"width\":272,\"height\":52,\"caption\":\"El Diario - Decano de la prensa nacional\"},\"image\":{\"@id\":\"https:\\\/\\\/www.eldiario.net\\\/portal\\\/#\\\/schema\\\/logo\\\/image\\\/\"},\"sameAs\":[\"https:\\\/\\\/www.facebook.com\\\/eldiario.bolivia\\\/\",\"https:\\\/\\\/x.com\\\/eldiario_net\"]},{\"@type\":\"Person\",\"@id\":\"https:\\\/\\\/www.eldiario.net\\\/portal\\\/#\\\/schema\\\/person\\\/f46445640444750d7d753ccd04ae01b7\",\"name\":\"Jeanette\",\"image\":{\"@type\":\"ImageObject\",\"inLanguage\":\"es\",\"@id\":\"https:\\\/\\\/secure.gravatar.com\\\/avatar\\\/3ea2118a5f7dad2b7138b1187a6b7ee55f160b9968b66013c3a3ef39dd7e5798?s=96&d=mm&r=g\",\"url\":\"https:\\\/\\\/secure.gravatar.com\\\/avatar\\\/3ea2118a5f7dad2b7138b1187a6b7ee55f160b9968b66013c3a3ef39dd7e5798?s=96&d=mm&r=g\",\"contentUrl\":\"https:\\\/\\\/secure.gravatar.com\\\/avatar\\\/3ea2118a5f7dad2b7138b1187a6b7ee55f160b9968b66013c3a3ef39dd7e5798?s=96&d=mm&r=g\",\"caption\":\"Jeanette\"},\"sameAs\":[\"https:\\\/\\\/www.eldiario.net\\\/portal\"],\"url\":\"https:\\\/\\\/www.eldiario.net\\\/portal\\\/author\\\/jeanette\\\/\"}]}<\/script>\n<!-- \/ Yoast SEO plugin. -->","yoast_head_json":{"title":"INTI recibe reconocimiento Big Changer de Naciones Unidas en Cumbre de Pacto Global - El Diario - Bolivia","robots":{"index":"index","follow":"follow","max-snippet":"max-snippet:-1","max-image-preview":"max-image-preview:large","max-video-preview":"max-video-preview:-1"},"canonical":"https:\/\/www.eldiario.net\/portal\/2026\/09\/04\/inti-recibe-reconocimiento-big-changer-de-naciones-unidas-en-cumbre-de-pacto-global\/","og_locale":"es_ES","og_type":"article","og_title":"INTI recibe reconocimiento Big Changer de Naciones Unidas en Cumbre de Pacto Global - El Diario - Bolivia","og_description":"En el marco de la \u201cIII Cumbre Empresarial por los ODS: un Pacto por Bolivia\u201d, Droguer\u00eda INTI fue galardonada con el reconocimiento Big Changer, otorgado por la Red del Pacto Global de Naciones Unidas. La distinci\u00f3n destaca a las organizaciones que traducen sus metas de sostenibilidad en resultados tangibles e impulsan, mediante acciones de alto [&hellip;]","og_url":"https:\/\/www.eldiario.net\/portal\/2026\/09\/04\/inti-recibe-reconocimiento-big-changer-de-naciones-unidas-en-cumbre-de-pacto-global\/","og_site_name":"El Diario - Bolivia","article_publisher":"https:\/\/www.facebook.com\/eldiario.bolivia\/","article_published_time":"2026-09-04T04:58:09+00:00","og_image":[{"width":1200,"height":933,"url":"https:\/\/www.eldiario.net\/portal\/wp-content\/uploads\/2026\/09\/DSC_9620.webp","type":"image\/webp"}],"author":"Jeanette","twitter_card":"summary_large_image","twitter_creator":"@eldiario_net","twitter_site":"@eldiario_net","twitter_misc":{"Escrito por":"Jeanette","Tiempo de lectura":"2 minutos"},"schema":{"@context":"https:\/\/schema.org","@graph":[{"@type":"Article","@id":"https:\/\/www.eldiario.net\/portal\/2026\/09\/04\/inti-recibe-reconocimiento-big-changer-de-naciones-unidas-en-cumbre-de-pacto-global\/#article","isPartOf":{"@id":"https:\/\/www.eldiario.net\/portal\/2026\/09\/04\/inti-recibe-reconocimiento-big-changer-de-naciones-unidas-en-cumbre-de-pacto-global\/"},"author":{"name":"Jeanette","@id":"https:\/\/www.eldiario.net\/portal\/#\/schema\/person\/f46445640444750d7d753ccd04ae01b7"},"headline":"INTI recibe reconocimiento Big Changer de Naciones Unidas en Cumbre de Pacto Global","datePublished":"2026-09-04T04:58:09+00:00","mainEntityOfPage":{"@id":"https:\/\/www.eldiario.net\/portal\/2026\/09\/04\/inti-recibe-reconocimiento-big-changer-de-naciones-unidas-en-cumbre-de-pacto-global\/"},"wordCount":366,"publisher":{"@id":"https:\/\/www.eldiario.net\/portal\/#organization"},"image":{"@id":"https:\/\/www.eldiario.net\/portal\/2026\/09\/04\/inti-recibe-reconocimiento-big-changer-de-naciones-unidas-en-cumbre-de-pacto-global\/#primaryimage"},"thumbnailUrl":"https:\/\/www.eldiario.net\/portal\/wp-content\/uploads\/2026\/09\/DSC_9620.webp","articleSection":["Sociales"],"inLanguage":"es"},{"@type":"WebPage","@id":"https:\/\/www.eldiario.net\/portal\/2026\/09\/04\/inti-recibe-reconocimiento-big-changer-de-naciones-unidas-en-cumbre-de-pacto-global\/","url":"https:\/\/www.eldiario.net\/portal\/2026\/09\/04\/inti-recibe-reconocimiento-big-changer-de-naciones-unidas-en-cumbre-de-pacto-global\/","name":"INTI recibe reconocimiento Big Changer de Naciones Unidas en Cumbre de Pacto Global - El Diario - Bolivia","isPartOf":{"@id":"https:\/\/www.eldiario.net\/portal\/#website"},"primaryImageOfPage":{"@id":"https:\/\/www.eldiario.net\/portal\/2026\/09\/04\/inti-recibe-reconocimiento-big-changer-de-naciones-unidas-en-cumbre-de-pacto-global\/#primaryimage"},"image":{"@id":"https:\/\/www.eldiario.net\/portal\/2026\/09\/04\/inti-recibe-reconocimiento-big-changer-de-naciones-unidas-en-cumbre-de-pacto-global\/#primaryimage"},"thumbnailUrl":"https:\/\/www.eldiario.net\/portal\/wp-content\/uploads\/2026\/09\/DSC_9620.webp","datePublished":"2026-09-04T04:58:09+00:00","breadcrumb":{"@id":"https:\/\/www.eldiario.net\/portal\/2026\/09\/04\/inti-recibe-reconocimiento-big-changer-de-naciones-unidas-en-cumbre-de-pacto-global\/#breadcrumb"},"inLanguage":"es","potentialAction":[{"@type":"ReadAction","target":["https:\/\/www.eldiario.net\/portal\/2026\/09\/04\/inti-recibe-reconocimiento-big-changer-de-naciones-unidas-en-cumbre-de-pacto-global\/"]}]},{"@type":"ImageObject","inLanguage":"es","@id":"https:\/\/www.eldiario.net\/portal\/2026\/09\/04\/inti-recibe-reconocimiento-big-changer-de-naciones-unidas-en-cumbre-de-pacto-global\/#primaryimage","url":"https:\/\/www.eldiario.net\/portal\/wp-content\/uploads\/2026\/09\/DSC_9620.webp","contentUrl":"https:\/\/www.eldiario.net\/portal\/wp-content\/uploads\/2026\/09\/DSC_9620.webp","width":1200,"height":933,"caption":"HUGO DE GRANDCHANT, GERENTE GENERAL DE INTI, RECIBE EL RECONOCIMIENTO DE PACTO GLOBAL."},{"@type":"BreadcrumbList","@id":"https:\/\/www.eldiario.net\/portal\/2026\/09\/04\/inti-recibe-reconocimiento-big-changer-de-naciones-unidas-en-cumbre-de-pacto-global\/#breadcrumb","itemListElement":[{"@type":"ListItem","position":1,"name":"Portada","item":"https:\/\/www.eldiario.net\/portal\/"},{"@type":"ListItem","position":2,"name":"INTI recibe reconocimiento Big Changer de Naciones Unidas en Cumbre de Pacto Global"}]},{"@type":"WebSite","@id":"https:\/\/www.eldiario.net\/portal\/#website","url":"https:\/\/www.eldiario.net\/portal\/","name":"El Diario - Decano de la prensa nacional","description":"El Diario - Decano de la prensa nacional","publisher":{"@id":"https:\/\/www.eldiario.net\/portal\/#organization"},"potentialAction":[{"@type":"SearchAction","target":{"@type":"EntryPoint","urlTemplate":"https:\/\/www.eldiario.net\/portal\/?s={search_term_string}"},"query-input":{"@type":"PropertyValueSpecification","valueRequired":true,"valueName":"search_term_string"}}],"inLanguage":"es"},{"@type":"Organization","@id":"https:\/\/www.eldiario.net\/portal\/#organization","name":"El Diario - Decano de la prensa nacional","url":"https:\/\/www.eldiario.net\/portal\/","logo":{"@type":"ImageObject","inLanguage":"es","@id":"https:\/\/www.eldiario.net\/portal\/#\/schema\/logo\/image\/","url":"https:\/\/www.eldiario.net\/portal\/wp-content\/uploads\/2023\/07\/logo_ED.jpg","contentUrl":"https:\/\/www.eldiario.net\/portal\/wp-content\/uploads\/2023\/07\/logo_ED.jpg","width":272,"height":52,"caption":"El Diario - Decano de la prensa nacional"},"image":{"@id":"https:\/\/www.eldiario.net\/portal\/#\/schema\/logo\/image\/"},"sameAs":["https:\/\/www.facebook.com\/eldiario.bolivia\/","https:\/\/x.com\/eldiario_net"]},{"@type":"Person","@id":"https:\/\/www.eldiario.net\/portal\/#\/schema\/person\/f46445640444750d7d753ccd04ae01b7","name":"Jeanette","image":{"@type":"ImageObject","inLanguage":"es","@id":"https:\/\/secure.gravatar.com\/avatar\/3ea2118a5f7dad2b7138b1187a6b7ee55f160b9968b66013c3a3ef39dd7e5798?s=96&d=mm&r=g","url":"https:\/\/secure.gravatar.com\/avatar\/3ea2118a5f7dad2b7138b1187a6b7ee55f160b9968b66013c3a3ef39dd7e5798?s=96&d=mm&r=g","contentUrl":"https:\/\/secure.gravatar.com\/avatar\/3ea2118a5f7dad2b7138b1187a6b7ee55f160b9968b66013c3a3ef39dd7e5798?s=96&d=mm&r=g","caption":"Jeanette"},"sameAs":["https:\/\/www.eldiario.net\/portal"],"url":"https:\/\/www.eldiario.net\/portal\/author\/jeanette\/"}]}},"_links":{"self":[{"href":"https:\/\/www.eldiario.net\/portal\/wp-json\/wp\/v2\/posts\/427464","targetHints":{"allow":["GET"]}}],"collection":[{"href":"https:\/\/www.eldiario.net\/portal\/wp-json\/wp\/v2\/posts"}],"about":[{"href":"https:\/\/www.eldiario.net\/portal\/wp-json\/wp\/v2\/types\/post"}],"author":[{"embeddable":true,"href":"https:\/\/www.eldiario.net\/portal\/wp-json\/wp\/v2\/users\/1"}],"replies":[{"embeddable":true,"href":"https:\/\/www.eldiario.net\/portal\/wp-json\/wp\/v2\/comments?post=427464"}],"version-history":[{"count":1,"href":"https:\/\/www.eldiario.net\/portal\/wp-json\/wp\/v2\/posts\/427464\/revisions"}],"predecessor-version":[{"id":427468,"href":"https:\/\/www.eldiario.net\/portal\/wp-json\/wp\/v2\/posts\/427464\/revisions\/427468"}],"wp:featuredmedia":[{"embeddable":true,"href":"https:\/\/www.eldiario.net\/portal\/wp-json\/wp\/v2\/media\/427466"}],"wp:attachment":[{"href":"https:\/\/www.eldiario.net\/portal\/wp-json\/wp\/v2\/media?parent=427464"}],"wp:term":[{"taxonomy":"category","embeddable":true,"href":"https:\/\/www.eldiario.net\/portal\/wp-json\/wp\/v2\/categories?post=427464"},{"taxonomy":"post_tag","embeddable":true,"href":"https:\/\/www.eldiario.net\/portal\/wp-json\/wp\/v2\/tags?post=427464"}],"curies":[{"name":"wp","href":"https:\/\/api.w.org\/{rel}","templated":true}]}}