{"id":427453,"date":"2026-09-03T19:27:48","date_gmt":"2026-09-03T23:27:48","guid":{"rendered":"https:\/\/www.eldiario.net\/portal\/?p=427453"},"modified":"2026-09-03T19:27:48","modified_gmt":"2026-09-03T23:27:48","slug":"volkswagen-aprueba-plan-de-reajuste-con-50-000-despidos-1927","status":"publish","type":"post","link":"https:\/\/www.eldiario.net\/portal\/2026\/09\/03\/volkswagen-aprueba-plan-de-reajuste-con-50-000-despidos-1927\/","title":{"rendered":"Volkswagen aprueba plan de reajuste con 50.000 despidos (19:27)"},"content":{"rendered":"<p>El Consejo de Supervisi\u00f3n del Grupo Volkswagen aprob\u00f3 por unanimidad un programa de transformaci\u00f3n hasta 2030 que contempla la eliminaci\u00f3n de 50.000 puestos de trabajo y la reducci\u00f3n del 50 % de su cat\u00e1logo de veh\u00edculos.<\/p>\n<p>La compa\u00f1\u00eda automotriz alemana justific\u00f3 la medida ante un exceso de capacidad productiva en Europa que supera las 500.000 unidades anuales, lo que pone en riesgo la viabilidad de cuatro plantas en su pa\u00eds de origen.<\/p>\n<p>El plan estrat\u00e9gico busca alcanzar un margen operativo del 9 % hacia final de la d\u00e9cada mediante la concentraci\u00f3n de inversiones en Norteam\u00e9rica y China.<\/p>\n<p>Pese al recorte masivo de oferta comercial y empleo, el consorcio mantendr\u00e1 sus inversiones en investigaci\u00f3n y desarrollo para fortalecer la competitividad de sus marcas principales. (Agencias)<\/p>\n","protected":false},"excerpt":{"rendered":"<p>El Consejo de Supervisi\u00f3n del Grupo Volkswagen aprob\u00f3 por unanimidad un programa de transformaci\u00f3n hasta 2030 que contempla la eliminaci\u00f3n de 50.000 puestos de trabajo y la reducci\u00f3n del 50 % de su cat\u00e1logo de veh\u00edculos. La compa\u00f1\u00eda automotriz alemana justific\u00f3 la medida ante un exceso de capacidad productiva en Europa que supera las 500.000 [&hellip;]<\/p>\n","protected":false},"author":7,"featured_media":427455,"comment_status":"closed","ping_status":"open","sticky":false,"template":"","format":"standard","meta":{"_acf_changed":false,"footnotes":""},"categories":[51],"tags":[],"class_list":["post-427453","post","type-post","status-publish","format-standard","has-post-thumbnail","category-ultima-hora"],"acf":{"antetitulo":""},"yoast_head":"<!-- This site is optimized with the Yoast SEO plugin v28.4 - https:\/\/yoast.com\/product\/yoast-seo-wordpress\/ -->\n<title>Volkswagen aprueba plan de reajuste con 50.000 despidos (19:27) - El Diario - Bolivia<\/title>\n<meta name=\"robots\" content=\"index, follow, max-snippet:-1, max-image-preview:large, max-video-preview:-1\" \/>\n<link rel=\"canonical\" href=\"https:\/\/www.eldiario.net\/portal\/2026\/09\/03\/volkswagen-aprueba-plan-de-reajuste-con-50-000-despidos-1927\/\" \/>\n<meta property=\"og:locale\" content=\"es_ES\" \/>\n<meta property=\"og:type\" content=\"article\" \/>\n<meta property=\"og:title\" content=\"Volkswagen aprueba plan de reajuste con 50.000 despidos (19:27) - El Diario - Bolivia\" \/>\n<meta property=\"og:description\" content=\"El Consejo de Supervisi\u00f3n del Grupo Volkswagen aprob\u00f3 por unanimidad un programa de transformaci\u00f3n hasta 2030 que contempla la eliminaci\u00f3n de 50.000 puestos de trabajo y la reducci\u00f3n del 50 % de su cat\u00e1logo de veh\u00edculos. La compa\u00f1\u00eda automotriz alemana justific\u00f3 la medida ante un exceso de capacidad productiva en Europa que supera las 500.000 [&hellip;]\" \/>\n<meta property=\"og:url\" content=\"https:\/\/www.eldiario.net\/portal\/2026\/09\/03\/volkswagen-aprueba-plan-de-reajuste-con-50-000-despidos-1927\/\" \/>\n<meta property=\"og:site_name\" content=\"El Diario - Bolivia\" \/>\n<meta property=\"article:publisher\" content=\"https:\/\/www.facebook.com\/eldiario.bolivia\/\" \/>\n<meta property=\"article:published_time\" content=\"2026-09-03T23:27:48+00:00\" \/>\n<meta property=\"og:image\" content=\"https:\/\/www.eldiario.net\/portal\/wp-content\/uploads\/2026\/09\/volwagen-03.09.26-copia.webp\" \/>\n\t<meta property=\"og:image:width\" content=\"500\" \/>\n\t<meta property=\"og:image:height\" content=\"280\" \/>\n\t<meta property=\"og:image:type\" content=\"image\/webp\" \/>\n<meta name=\"author\" content=\"Viviana Monrroy\" \/>\n<meta name=\"twitter:card\" content=\"summary_large_image\" \/>\n<meta name=\"twitter:creator\" content=\"@eldiario_net\" \/>\n<meta name=\"twitter:site\" content=\"@eldiario_net\" \/>\n<meta name=\"twitter:label1\" content=\"Escrito por\" \/>\n\t<meta name=\"twitter:data1\" content=\"Viviana Monrroy\" \/>\n\t<meta name=\"twitter:label2\" content=\"Tiempo de lectura\" \/>\n\t<meta name=\"twitter:data2\" content=\"1 minuto\" \/>\n<script type=\"application\/ld+json\" class=\"yoast-schema-graph\">{\"@context\":\"https:\\\/\\\/schema.org\",\"@graph\":[{\"@type\":\"Article\",\"@id\":\"https:\\\/\\\/www.eldiario.net\\\/portal\\\/2026\\\/09\\\/03\\\/volkswagen-aprueba-plan-de-reajuste-con-50-000-despidos-1927\\\/#article\",\"isPartOf\":{\"@id\":\"https:\\\/\\\/www.eldiario.net\\\/portal\\\/2026\\\/09\\\/03\\\/volkswagen-aprueba-plan-de-reajuste-con-50-000-despidos-1927\\\/\"},\"author\":{\"name\":\"Viviana Monrroy\",\"@id\":\"https:\\\/\\\/www.eldiario.net\\\/portal\\\/#\\\/schema\\\/person\\\/ba370d92d160f4d3574381f6d9b78fab\"},\"headline\":\"Volkswagen aprueba plan de reajuste con 50.000 despidos (19:27)\",\"datePublished\":\"2026-09-03T23:27:48+00:00\",\"mainEntityOfPage\":{\"@id\":\"https:\\\/\\\/www.eldiario.net\\\/portal\\\/2026\\\/09\\\/03\\\/volkswagen-aprueba-plan-de-reajuste-con-50-000-despidos-1927\\\/\"},\"wordCount\":137,\"publisher\":{\"@id\":\"https:\\\/\\\/www.eldiario.net\\\/portal\\\/#organization\"},\"image\":{\"@id\":\"https:\\\/\\\/www.eldiario.net\\\/portal\\\/2026\\\/09\\\/03\\\/volkswagen-aprueba-plan-de-reajuste-con-50-000-despidos-1927\\\/#primaryimage\"},\"thumbnailUrl\":\"https:\\\/\\\/www.eldiario.net\\\/portal\\\/wp-content\\\/uploads\\\/2026\\\/09\\\/volwagen-03.09.26-copia.webp\",\"articleSection\":[\"\u00daltima Hora\"],\"inLanguage\":\"es\"},{\"@type\":\"WebPage\",\"@id\":\"https:\\\/\\\/www.eldiario.net\\\/portal\\\/2026\\\/09\\\/03\\\/volkswagen-aprueba-plan-de-reajuste-con-50-000-despidos-1927\\\/\",\"url\":\"https:\\\/\\\/www.eldiario.net\\\/portal\\\/2026\\\/09\\\/03\\\/volkswagen-aprueba-plan-de-reajuste-con-50-000-despidos-1927\\\/\",\"name\":\"Volkswagen aprueba plan de reajuste con 50.000 despidos (19:27) - El Diario - Bolivia\",\"isPartOf\":{\"@id\":\"https:\\\/\\\/www.eldiario.net\\\/portal\\\/#website\"},\"primaryImageOfPage\":{\"@id\":\"https:\\\/\\\/www.eldiario.net\\\/portal\\\/2026\\\/09\\\/03\\\/volkswagen-aprueba-plan-de-reajuste-con-50-000-despidos-1927\\\/#primaryimage\"},\"image\":{\"@id\":\"https:\\\/\\\/www.eldiario.net\\\/portal\\\/2026\\\/09\\\/03\\\/volkswagen-aprueba-plan-de-reajuste-con-50-000-despidos-1927\\\/#primaryimage\"},\"thumbnailUrl\":\"https:\\\/\\\/www.eldiario.net\\\/portal\\\/wp-content\\\/uploads\\\/2026\\\/09\\\/volwagen-03.09.26-copia.webp\",\"datePublished\":\"2026-09-03T23:27:48+00:00\",\"breadcrumb\":{\"@id\":\"https:\\\/\\\/www.eldiario.net\\\/portal\\\/2026\\\/09\\\/03\\\/volkswagen-aprueba-plan-de-reajuste-con-50-000-despidos-1927\\\/#breadcrumb\"},\"inLanguage\":\"es\",\"potentialAction\":[{\"@type\":\"ReadAction\",\"target\":[\"https:\\\/\\\/www.eldiario.net\\\/portal\\\/2026\\\/09\\\/03\\\/volkswagen-aprueba-plan-de-reajuste-con-50-000-despidos-1927\\\/\"]}]},{\"@type\":\"ImageObject\",\"inLanguage\":\"es\",\"@id\":\"https:\\\/\\\/www.eldiario.net\\\/portal\\\/2026\\\/09\\\/03\\\/volkswagen-aprueba-plan-de-reajuste-con-50-000-despidos-1927\\\/#primaryimage\",\"url\":\"https:\\\/\\\/www.eldiario.net\\\/portal\\\/wp-content\\\/uploads\\\/2026\\\/09\\\/volwagen-03.09.26-copia.webp\",\"contentUrl\":\"https:\\\/\\\/www.eldiario.net\\\/portal\\\/wp-content\\\/uploads\\\/2026\\\/09\\\/volwagen-03.09.26-copia.webp\",\"width\":500,\"height\":280},{\"@type\":\"BreadcrumbList\",\"@id\":\"https:\\\/\\\/www.eldiario.net\\\/portal\\\/2026\\\/09\\\/03\\\/volkswagen-aprueba-plan-de-reajuste-con-50-000-despidos-1927\\\/#breadcrumb\",\"itemListElement\":[{\"@type\":\"ListItem\",\"position\":1,\"name\":\"Portada\",\"item\":\"https:\\\/\\\/www.eldiario.net\\\/portal\\\/\"},{\"@type\":\"ListItem\",\"position\":2,\"name\":\"Volkswagen aprueba plan de reajuste con 50.000 despidos (19:27)\"}]},{\"@type\":\"WebSite\",\"@id\":\"https:\\\/\\\/www.eldiario.net\\\/portal\\\/#website\",\"url\":\"https:\\\/\\\/www.eldiario.net\\\/portal\\\/\",\"name\":\"El Diario - Decano de la prensa nacional\",\"description\":\"El Diario - Decano de la prensa nacional\",\"publisher\":{\"@id\":\"https:\\\/\\\/www.eldiario.net\\\/portal\\\/#organization\"},\"potentialAction\":[{\"@type\":\"SearchAction\",\"target\":{\"@type\":\"EntryPoint\",\"urlTemplate\":\"https:\\\/\\\/www.eldiario.net\\\/portal\\\/?s={search_term_string}\"},\"query-input\":{\"@type\":\"PropertyValueSpecification\",\"valueRequired\":true,\"valueName\":\"search_term_string\"}}],\"inLanguage\":\"es\"},{\"@type\":\"Organization\",\"@id\":\"https:\\\/\\\/www.eldiario.net\\\/portal\\\/#organization\",\"name\":\"El Diario - Decano de la prensa nacional\",\"url\":\"https:\\\/\\\/www.eldiario.net\\\/portal\\\/\",\"logo\":{\"@type\":\"ImageObject\",\"inLanguage\":\"es\",\"@id\":\"https:\\\/\\\/www.eldiario.net\\\/portal\\\/#\\\/schema\\\/logo\\\/image\\\/\",\"url\":\"https:\\\/\\\/www.eldiario.net\\\/portal\\\/wp-content\\\/uploads\\\/2023\\\/07\\\/logo_ED.jpg\",\"contentUrl\":\"https:\\\/\\\/www.eldiario.net\\\/portal\\\/wp-content\\\/uploads\\\/2023\\\/07\\\/logo_ED.jpg\",\"width\":272,\"height\":52,\"caption\":\"El Diario - Decano de la prensa nacional\"},\"image\":{\"@id\":\"https:\\\/\\\/www.eldiario.net\\\/portal\\\/#\\\/schema\\\/logo\\\/image\\\/\"},\"sameAs\":[\"https:\\\/\\\/www.facebook.com\\\/eldiario.bolivia\\\/\",\"https:\\\/\\\/x.com\\\/eldiario_net\"]},{\"@type\":\"Person\",\"@id\":\"https:\\\/\\\/www.eldiario.net\\\/portal\\\/#\\\/schema\\\/person\\\/ba370d92d160f4d3574381f6d9b78fab\",\"name\":\"Viviana Monrroy\",\"image\":{\"@type\":\"ImageObject\",\"inLanguage\":\"es\",\"@id\":\"https:\\\/\\\/secure.gravatar.com\\\/avatar\\\/dfd1611ed5600959a0e5a9754503b6c05d1dcf190010998e0363aee2ad98afca?s=96&d=mm&r=g\",\"url\":\"https:\\\/\\\/secure.gravatar.com\\\/avatar\\\/dfd1611ed5600959a0e5a9754503b6c05d1dcf190010998e0363aee2ad98afca?s=96&d=mm&r=g\",\"contentUrl\":\"https:\\\/\\\/secure.gravatar.com\\\/avatar\\\/dfd1611ed5600959a0e5a9754503b6c05d1dcf190010998e0363aee2ad98afca?s=96&d=mm&r=g\",\"caption\":\"Viviana Monrroy\"},\"sameAs\":[\"http:\\\/\\\/www.eldiario.net\"],\"url\":\"https:\\\/\\\/www.eldiario.net\\\/portal\\\/author\\\/vivianamonrroy\\\/\"}]}<\/script>\n<!-- \/ Yoast SEO plugin. -->","yoast_head_json":{"title":"Volkswagen aprueba plan de reajuste con 50.000 despidos (19:27) - El Diario - Bolivia","robots":{"index":"index","follow":"follow","max-snippet":"max-snippet:-1","max-image-preview":"max-image-preview:large","max-video-preview":"max-video-preview:-1"},"canonical":"https:\/\/www.eldiario.net\/portal\/2026\/09\/03\/volkswagen-aprueba-plan-de-reajuste-con-50-000-despidos-1927\/","og_locale":"es_ES","og_type":"article","og_title":"Volkswagen aprueba plan de reajuste con 50.000 despidos (19:27) - El Diario - Bolivia","og_description":"El Consejo de Supervisi\u00f3n del Grupo Volkswagen aprob\u00f3 por unanimidad un programa de transformaci\u00f3n hasta 2030 que contempla la eliminaci\u00f3n de 50.000 puestos de trabajo y la reducci\u00f3n del 50 % de su cat\u00e1logo de veh\u00edculos. La compa\u00f1\u00eda automotriz alemana justific\u00f3 la medida ante un exceso de capacidad productiva en Europa que supera las 500.000 [&hellip;]","og_url":"https:\/\/www.eldiario.net\/portal\/2026\/09\/03\/volkswagen-aprueba-plan-de-reajuste-con-50-000-despidos-1927\/","og_site_name":"El Diario - Bolivia","article_publisher":"https:\/\/www.facebook.com\/eldiario.bolivia\/","article_published_time":"2026-09-03T23:27:48+00:00","og_image":[{"width":500,"height":280,"url":"https:\/\/www.eldiario.net\/portal\/wp-content\/uploads\/2026\/09\/volwagen-03.09.26-copia.webp","type":"image\/webp"}],"author":"Viviana Monrroy","twitter_card":"summary_large_image","twitter_creator":"@eldiario_net","twitter_site":"@eldiario_net","twitter_misc":{"Escrito por":"Viviana Monrroy","Tiempo de lectura":"1 minuto"},"schema":{"@context":"https:\/\/schema.org","@graph":[{"@type":"Article","@id":"https:\/\/www.eldiario.net\/portal\/2026\/09\/03\/volkswagen-aprueba-plan-de-reajuste-con-50-000-despidos-1927\/#article","isPartOf":{"@id":"https:\/\/www.eldiario.net\/portal\/2026\/09\/03\/volkswagen-aprueba-plan-de-reajuste-con-50-000-despidos-1927\/"},"author":{"name":"Viviana Monrroy","@id":"https:\/\/www.eldiario.net\/portal\/#\/schema\/person\/ba370d92d160f4d3574381f6d9b78fab"},"headline":"Volkswagen aprueba plan de reajuste con 50.000 despidos (19:27)","datePublished":"2026-09-03T23:27:48+00:00","mainEntityOfPage":{"@id":"https:\/\/www.eldiario.net\/portal\/2026\/09\/03\/volkswagen-aprueba-plan-de-reajuste-con-50-000-despidos-1927\/"},"wordCount":137,"publisher":{"@id":"https:\/\/www.eldiario.net\/portal\/#organization"},"image":{"@id":"https:\/\/www.eldiario.net\/portal\/2026\/09\/03\/volkswagen-aprueba-plan-de-reajuste-con-50-000-despidos-1927\/#primaryimage"},"thumbnailUrl":"https:\/\/www.eldiario.net\/portal\/wp-content\/uploads\/2026\/09\/volwagen-03.09.26-copia.webp","articleSection":["\u00daltima Hora"],"inLanguage":"es"},{"@type":"WebPage","@id":"https:\/\/www.eldiario.net\/portal\/2026\/09\/03\/volkswagen-aprueba-plan-de-reajuste-con-50-000-despidos-1927\/","url":"https:\/\/www.eldiario.net\/portal\/2026\/09\/03\/volkswagen-aprueba-plan-de-reajuste-con-50-000-despidos-1927\/","name":"Volkswagen aprueba plan de reajuste con 50.000 despidos (19:27) - El Diario - Bolivia","isPartOf":{"@id":"https:\/\/www.eldiario.net\/portal\/#website"},"primaryImageOfPage":{"@id":"https:\/\/www.eldiario.net\/portal\/2026\/09\/03\/volkswagen-aprueba-plan-de-reajuste-con-50-000-despidos-1927\/#primaryimage"},"image":{"@id":"https:\/\/www.eldiario.net\/portal\/2026\/09\/03\/volkswagen-aprueba-plan-de-reajuste-con-50-000-despidos-1927\/#primaryimage"},"thumbnailUrl":"https:\/\/www.eldiario.net\/portal\/wp-content\/uploads\/2026\/09\/volwagen-03.09.26-copia.webp","datePublished":"2026-09-03T23:27:48+00:00","breadcrumb":{"@id":"https:\/\/www.eldiario.net\/portal\/2026\/09\/03\/volkswagen-aprueba-plan-de-reajuste-con-50-000-despidos-1927\/#breadcrumb"},"inLanguage":"es","potentialAction":[{"@type":"ReadAction","target":["https:\/\/www.eldiario.net\/portal\/2026\/09\/03\/volkswagen-aprueba-plan-de-reajuste-con-50-000-despidos-1927\/"]}]},{"@type":"ImageObject","inLanguage":"es","@id":"https:\/\/www.eldiario.net\/portal\/2026\/09\/03\/volkswagen-aprueba-plan-de-reajuste-con-50-000-despidos-1927\/#primaryimage","url":"https:\/\/www.eldiario.net\/portal\/wp-content\/uploads\/2026\/09\/volwagen-03.09.26-copia.webp","contentUrl":"https:\/\/www.eldiario.net\/portal\/wp-content\/uploads\/2026\/09\/volwagen-03.09.26-copia.webp","width":500,"height":280},{"@type":"BreadcrumbList","@id":"https:\/\/www.eldiario.net\/portal\/2026\/09\/03\/volkswagen-aprueba-plan-de-reajuste-con-50-000-despidos-1927\/#breadcrumb","itemListElement":[{"@type":"ListItem","position":1,"name":"Portada","item":"https:\/\/www.eldiario.net\/portal\/"},{"@type":"ListItem","position":2,"name":"Volkswagen aprueba plan de reajuste con 50.000 despidos (19:27)"}]},{"@type":"WebSite","@id":"https:\/\/www.eldiario.net\/portal\/#website","url":"https:\/\/www.eldiario.net\/portal\/","name":"El Diario - Decano de la prensa nacional","description":"El Diario - Decano de la prensa nacional","publisher":{"@id":"https:\/\/www.eldiario.net\/portal\/#organization"},"potentialAction":[{"@type":"SearchAction","target":{"@type":"EntryPoint","urlTemplate":"https:\/\/www.eldiario.net\/portal\/?s={search_term_string}"},"query-input":{"@type":"PropertyValueSpecification","valueRequired":true,"valueName":"search_term_string"}}],"inLanguage":"es"},{"@type":"Organization","@id":"https:\/\/www.eldiario.net\/portal\/#organization","name":"El Diario - Decano de la prensa nacional","url":"https:\/\/www.eldiario.net\/portal\/","logo":{"@type":"ImageObject","inLanguage":"es","@id":"https:\/\/www.eldiario.net\/portal\/#\/schema\/logo\/image\/","url":"https:\/\/www.eldiario.net\/portal\/wp-content\/uploads\/2023\/07\/logo_ED.jpg","contentUrl":"https:\/\/www.eldiario.net\/portal\/wp-content\/uploads\/2023\/07\/logo_ED.jpg","width":272,"height":52,"caption":"El Diario - Decano de la prensa nacional"},"image":{"@id":"https:\/\/www.eldiario.net\/portal\/#\/schema\/logo\/image\/"},"sameAs":["https:\/\/www.facebook.com\/eldiario.bolivia\/","https:\/\/x.com\/eldiario_net"]},{"@type":"Person","@id":"https:\/\/www.eldiario.net\/portal\/#\/schema\/person\/ba370d92d160f4d3574381f6d9b78fab","name":"Viviana Monrroy","image":{"@type":"ImageObject","inLanguage":"es","@id":"https:\/\/secure.gravatar.com\/avatar\/dfd1611ed5600959a0e5a9754503b6c05d1dcf190010998e0363aee2ad98afca?s=96&d=mm&r=g","url":"https:\/\/secure.gravatar.com\/avatar\/dfd1611ed5600959a0e5a9754503b6c05d1dcf190010998e0363aee2ad98afca?s=96&d=mm&r=g","contentUrl":"https:\/\/secure.gravatar.com\/avatar\/dfd1611ed5600959a0e5a9754503b6c05d1dcf190010998e0363aee2ad98afca?s=96&d=mm&r=g","caption":"Viviana Monrroy"},"sameAs":["http:\/\/www.eldiario.net"],"url":"https:\/\/www.eldiario.net\/portal\/author\/vivianamonrroy\/"}]}},"_links":{"self":[{"href":"https:\/\/www.eldiario.net\/portal\/wp-json\/wp\/v2\/posts\/427453","targetHints":{"allow":["GET"]}}],"collection":[{"href":"https:\/\/www.eldiario.net\/portal\/wp-json\/wp\/v2\/posts"}],"about":[{"href":"https:\/\/www.eldiario.net\/portal\/wp-json\/wp\/v2\/types\/post"}],"author":[{"embeddable":true,"href":"https:\/\/www.eldiario.net\/portal\/wp-json\/wp\/v2\/users\/7"}],"replies":[{"embeddable":true,"href":"https:\/\/www.eldiario.net\/portal\/wp-json\/wp\/v2\/comments?post=427453"}],"version-history":[{"count":1,"href":"https:\/\/www.eldiario.net\/portal\/wp-json\/wp\/v2\/posts\/427453\/revisions"}],"predecessor-version":[{"id":427456,"href":"https:\/\/www.eldiario.net\/portal\/wp-json\/wp\/v2\/posts\/427453\/revisions\/427456"}],"wp:featuredmedia":[{"embeddable":true,"href":"https:\/\/www.eldiario.net\/portal\/wp-json\/wp\/v2\/media\/427455"}],"wp:attachment":[{"href":"https:\/\/www.eldiario.net\/portal\/wp-json\/wp\/v2\/media?parent=427453"}],"wp:term":[{"taxonomy":"category","embeddable":true,"href":"https:\/\/www.eldiario.net\/portal\/wp-json\/wp\/v2\/categories?post=427453"},{"taxonomy":"post_tag","embeddable":true,"href":"https:\/\/www.eldiario.net\/portal\/wp-json\/wp\/v2\/tags?post=427453"}],"curies":[{"name":"wp","href":"https:\/\/api.w.org\/{rel}","templated":true}]}}