{"id":427329,"date":"2026-09-03T09:15:49","date_gmt":"2026-09-03T13:15:49","guid":{"rendered":"https:\/\/www.eldiario.net\/portal\/?p=427329"},"modified":"2026-09-03T09:15:49","modified_gmt":"2026-09-03T13:15:49","slug":"gobierno-interviene-la-anh-y-despliega-resguardo-policial-en-sopocachi-0915","status":"publish","type":"post","link":"https:\/\/www.eldiario.net\/portal\/2026\/09\/03\/gobierno-interviene-la-anh-y-despliega-resguardo-policial-en-sopocachi-0915\/","title":{"rendered":"Gobierno interviene la ANH y despliega resguardo policial en Sopocachi (09:15)"},"content":{"rendered":"<p>El Ejecutivo concret\u00f3 la ma\u00f1ana de este jueves la intervenci\u00f3n presencial de las oficinas centrales de la Agencia Nacional de Hidrocarburos (ANH), ubicadas en la zona de Sopocachi en La Paz.<\/p>\n<p>La medida se ejecut\u00f3 en el marco del Decreto Supremo 5699, el cual establece un periodo de intervenci\u00f3n de 180 d\u00edas con el objetivo de identificar deficiencias, establecer responsabilidades y aplicar correcciones operativas en la fiscalizaci\u00f3n del abastecimiento de carburantes.<\/p>\n<p data-path-to-node=\"2\">El operativo cont\u00f3 con la presencia en el lugar de las m\u00e1ximas autoridades de Hidrocarburos y Energ\u00edas, Defensa y Producci\u00f3n Sostenible, quienes ingresaron a la sede institucional junto a jefes policiales.<\/p>\n<p data-path-to-node=\"3\">Efectivos de la Unidad T\u00e1ctica de Operaciones Policiales (UTOP) resguardan el edificio e impiden el acceso de los funcionarios p\u00fablicos a sus fuentes laborales.<\/p>\n<p>La intervenci\u00f3n responde a los cuestionamientos, presuntos malos manejos y deficiencias detectadas en la distribuci\u00f3n de combustible en el pa\u00eds.<\/p>\n","protected":false},"excerpt":{"rendered":"<p>El Ejecutivo concret\u00f3 la ma\u00f1ana de este jueves la intervenci\u00f3n presencial de las oficinas centrales de la Agencia Nacional de Hidrocarburos (ANH), ubicadas en la zona de Sopocachi en La Paz. La medida se ejecut\u00f3 en el marco del Decreto Supremo 5699, el cual establece un periodo de intervenci\u00f3n de 180 d\u00edas con el objetivo [&hellip;]<\/p>\n","protected":false},"author":7,"featured_media":427330,"comment_status":"closed","ping_status":"open","sticky":false,"template":"","format":"standard","meta":{"_acf_changed":false,"footnotes":""},"categories":[51],"tags":[],"class_list":["post-427329","post","type-post","status-publish","format-standard","has-post-thumbnail","category-ultima-hora"],"acf":{"antetitulo":""},"yoast_head":"<!-- This site is optimized with the Yoast SEO plugin v28.4 - https:\/\/yoast.com\/product\/yoast-seo-wordpress\/ -->\n<title>Gobierno interviene la ANH y despliega resguardo policial en Sopocachi (09:15) - El Diario - Bolivia<\/title>\n<meta name=\"robots\" content=\"index, follow, max-snippet:-1, max-image-preview:large, max-video-preview:-1\" \/>\n<link rel=\"canonical\" href=\"https:\/\/www.eldiario.net\/portal\/2026\/09\/03\/gobierno-interviene-la-anh-y-despliega-resguardo-policial-en-sopocachi-0915\/\" \/>\n<meta property=\"og:locale\" content=\"es_ES\" \/>\n<meta property=\"og:type\" content=\"article\" \/>\n<meta property=\"og:title\" content=\"Gobierno interviene la ANH y despliega resguardo policial en Sopocachi (09:15) - El Diario - Bolivia\" \/>\n<meta property=\"og:description\" content=\"El Ejecutivo concret\u00f3 la ma\u00f1ana de este jueves la intervenci\u00f3n presencial de las oficinas centrales de la Agencia Nacional de Hidrocarburos (ANH), ubicadas en la zona de Sopocachi en La Paz. La medida se ejecut\u00f3 en el marco del Decreto Supremo 5699, el cual establece un periodo de intervenci\u00f3n de 180 d\u00edas con el objetivo [&hellip;]\" \/>\n<meta property=\"og:url\" content=\"https:\/\/www.eldiario.net\/portal\/2026\/09\/03\/gobierno-interviene-la-anh-y-despliega-resguardo-policial-en-sopocachi-0915\/\" \/>\n<meta property=\"og:site_name\" content=\"El Diario - Bolivia\" \/>\n<meta property=\"article:publisher\" content=\"https:\/\/www.facebook.com\/eldiario.bolivia\/\" \/>\n<meta property=\"article:published_time\" content=\"2026-09-03T13:15:49+00:00\" \/>\n<meta property=\"og:image\" content=\"https:\/\/www.eldiario.net\/portal\/wp-content\/uploads\/2026\/09\/anh-03.09.26-copia.webp\" \/>\n\t<meta property=\"og:image:width\" content=\"600\" \/>\n\t<meta property=\"og:image:height\" content=\"406\" \/>\n\t<meta property=\"og:image:type\" content=\"image\/webp\" \/>\n<meta name=\"author\" content=\"Viviana Monrroy\" \/>\n<meta name=\"twitter:card\" content=\"summary_large_image\" \/>\n<meta name=\"twitter:creator\" content=\"@eldiario_net\" \/>\n<meta name=\"twitter:site\" content=\"@eldiario_net\" \/>\n<meta name=\"twitter:label1\" content=\"Escrito por\" \/>\n\t<meta name=\"twitter:data1\" content=\"Viviana Monrroy\" \/>\n\t<meta name=\"twitter:label2\" content=\"Tiempo de lectura\" \/>\n\t<meta name=\"twitter:data2\" content=\"1 minuto\" \/>\n<script type=\"application\/ld+json\" class=\"yoast-schema-graph\">{\"@context\":\"https:\\\/\\\/schema.org\",\"@graph\":[{\"@type\":\"Article\",\"@id\":\"https:\\\/\\\/www.eldiario.net\\\/portal\\\/2026\\\/09\\\/03\\\/gobierno-interviene-la-anh-y-despliega-resguardo-policial-en-sopocachi-0915\\\/#article\",\"isPartOf\":{\"@id\":\"https:\\\/\\\/www.eldiario.net\\\/portal\\\/2026\\\/09\\\/03\\\/gobierno-interviene-la-anh-y-despliega-resguardo-policial-en-sopocachi-0915\\\/\"},\"author\":{\"name\":\"Viviana Monrroy\",\"@id\":\"https:\\\/\\\/www.eldiario.net\\\/portal\\\/#\\\/schema\\\/person\\\/ba370d92d160f4d3574381f6d9b78fab\"},\"headline\":\"Gobierno interviene la ANH y despliega resguardo policial en Sopocachi (09:15)\",\"datePublished\":\"2026-09-03T13:15:49+00:00\",\"mainEntityOfPage\":{\"@id\":\"https:\\\/\\\/www.eldiario.net\\\/portal\\\/2026\\\/09\\\/03\\\/gobierno-interviene-la-anh-y-despliega-resguardo-policial-en-sopocachi-0915\\\/\"},\"wordCount\":167,\"publisher\":{\"@id\":\"https:\\\/\\\/www.eldiario.net\\\/portal\\\/#organization\"},\"image\":{\"@id\":\"https:\\\/\\\/www.eldiario.net\\\/portal\\\/2026\\\/09\\\/03\\\/gobierno-interviene-la-anh-y-despliega-resguardo-policial-en-sopocachi-0915\\\/#primaryimage\"},\"thumbnailUrl\":\"https:\\\/\\\/www.eldiario.net\\\/portal\\\/wp-content\\\/uploads\\\/2026\\\/09\\\/anh-03.09.26-copia.webp\",\"articleSection\":[\"\u00daltima Hora\"],\"inLanguage\":\"es\"},{\"@type\":\"WebPage\",\"@id\":\"https:\\\/\\\/www.eldiario.net\\\/portal\\\/2026\\\/09\\\/03\\\/gobierno-interviene-la-anh-y-despliega-resguardo-policial-en-sopocachi-0915\\\/\",\"url\":\"https:\\\/\\\/www.eldiario.net\\\/portal\\\/2026\\\/09\\\/03\\\/gobierno-interviene-la-anh-y-despliega-resguardo-policial-en-sopocachi-0915\\\/\",\"name\":\"Gobierno interviene la ANH y despliega resguardo policial en Sopocachi (09:15) - El Diario - Bolivia\",\"isPartOf\":{\"@id\":\"https:\\\/\\\/www.eldiario.net\\\/portal\\\/#website\"},\"primaryImageOfPage\":{\"@id\":\"https:\\\/\\\/www.eldiario.net\\\/portal\\\/2026\\\/09\\\/03\\\/gobierno-interviene-la-anh-y-despliega-resguardo-policial-en-sopocachi-0915\\\/#primaryimage\"},\"image\":{\"@id\":\"https:\\\/\\\/www.eldiario.net\\\/portal\\\/2026\\\/09\\\/03\\\/gobierno-interviene-la-anh-y-despliega-resguardo-policial-en-sopocachi-0915\\\/#primaryimage\"},\"thumbnailUrl\":\"https:\\\/\\\/www.eldiario.net\\\/portal\\\/wp-content\\\/uploads\\\/2026\\\/09\\\/anh-03.09.26-copia.webp\",\"datePublished\":\"2026-09-03T13:15:49+00:00\",\"breadcrumb\":{\"@id\":\"https:\\\/\\\/www.eldiario.net\\\/portal\\\/2026\\\/09\\\/03\\\/gobierno-interviene-la-anh-y-despliega-resguardo-policial-en-sopocachi-0915\\\/#breadcrumb\"},\"inLanguage\":\"es\",\"potentialAction\":[{\"@type\":\"ReadAction\",\"target\":[\"https:\\\/\\\/www.eldiario.net\\\/portal\\\/2026\\\/09\\\/03\\\/gobierno-interviene-la-anh-y-despliega-resguardo-policial-en-sopocachi-0915\\\/\"]}]},{\"@type\":\"ImageObject\",\"inLanguage\":\"es\",\"@id\":\"https:\\\/\\\/www.eldiario.net\\\/portal\\\/2026\\\/09\\\/03\\\/gobierno-interviene-la-anh-y-despliega-resguardo-policial-en-sopocachi-0915\\\/#primaryimage\",\"url\":\"https:\\\/\\\/www.eldiario.net\\\/portal\\\/wp-content\\\/uploads\\\/2026\\\/09\\\/anh-03.09.26-copia.webp\",\"contentUrl\":\"https:\\\/\\\/www.eldiario.net\\\/portal\\\/wp-content\\\/uploads\\\/2026\\\/09\\\/anh-03.09.26-copia.webp\",\"width\":600,\"height\":406,\"caption\":\"Foto: ANH\"},{\"@type\":\"BreadcrumbList\",\"@id\":\"https:\\\/\\\/www.eldiario.net\\\/portal\\\/2026\\\/09\\\/03\\\/gobierno-interviene-la-anh-y-despliega-resguardo-policial-en-sopocachi-0915\\\/#breadcrumb\",\"itemListElement\":[{\"@type\":\"ListItem\",\"position\":1,\"name\":\"Portada\",\"item\":\"https:\\\/\\\/www.eldiario.net\\\/portal\\\/\"},{\"@type\":\"ListItem\",\"position\":2,\"name\":\"Gobierno interviene la ANH y despliega resguardo policial en Sopocachi (09:15)\"}]},{\"@type\":\"WebSite\",\"@id\":\"https:\\\/\\\/www.eldiario.net\\\/portal\\\/#website\",\"url\":\"https:\\\/\\\/www.eldiario.net\\\/portal\\\/\",\"name\":\"El Diario - Decano de la prensa nacional\",\"description\":\"El Diario - Decano de la prensa nacional\",\"publisher\":{\"@id\":\"https:\\\/\\\/www.eldiario.net\\\/portal\\\/#organization\"},\"potentialAction\":[{\"@type\":\"SearchAction\",\"target\":{\"@type\":\"EntryPoint\",\"urlTemplate\":\"https:\\\/\\\/www.eldiario.net\\\/portal\\\/?s={search_term_string}\"},\"query-input\":{\"@type\":\"PropertyValueSpecification\",\"valueRequired\":true,\"valueName\":\"search_term_string\"}}],\"inLanguage\":\"es\"},{\"@type\":\"Organization\",\"@id\":\"https:\\\/\\\/www.eldiario.net\\\/portal\\\/#organization\",\"name\":\"El Diario - Decano de la prensa nacional\",\"url\":\"https:\\\/\\\/www.eldiario.net\\\/portal\\\/\",\"logo\":{\"@type\":\"ImageObject\",\"inLanguage\":\"es\",\"@id\":\"https:\\\/\\\/www.eldiario.net\\\/portal\\\/#\\\/schema\\\/logo\\\/image\\\/\",\"url\":\"https:\\\/\\\/www.eldiario.net\\\/portal\\\/wp-content\\\/uploads\\\/2023\\\/07\\\/logo_ED.jpg\",\"contentUrl\":\"https:\\\/\\\/www.eldiario.net\\\/portal\\\/wp-content\\\/uploads\\\/2023\\\/07\\\/logo_ED.jpg\",\"width\":272,\"height\":52,\"caption\":\"El Diario - Decano de la prensa nacional\"},\"image\":{\"@id\":\"https:\\\/\\\/www.eldiario.net\\\/portal\\\/#\\\/schema\\\/logo\\\/image\\\/\"},\"sameAs\":[\"https:\\\/\\\/www.facebook.com\\\/eldiario.bolivia\\\/\",\"https:\\\/\\\/x.com\\\/eldiario_net\"]},{\"@type\":\"Person\",\"@id\":\"https:\\\/\\\/www.eldiario.net\\\/portal\\\/#\\\/schema\\\/person\\\/ba370d92d160f4d3574381f6d9b78fab\",\"name\":\"Viviana Monrroy\",\"image\":{\"@type\":\"ImageObject\",\"inLanguage\":\"es\",\"@id\":\"https:\\\/\\\/secure.gravatar.com\\\/avatar\\\/dfd1611ed5600959a0e5a9754503b6c05d1dcf190010998e0363aee2ad98afca?s=96&d=mm&r=g\",\"url\":\"https:\\\/\\\/secure.gravatar.com\\\/avatar\\\/dfd1611ed5600959a0e5a9754503b6c05d1dcf190010998e0363aee2ad98afca?s=96&d=mm&r=g\",\"contentUrl\":\"https:\\\/\\\/secure.gravatar.com\\\/avatar\\\/dfd1611ed5600959a0e5a9754503b6c05d1dcf190010998e0363aee2ad98afca?s=96&d=mm&r=g\",\"caption\":\"Viviana Monrroy\"},\"sameAs\":[\"http:\\\/\\\/www.eldiario.net\"],\"url\":\"https:\\\/\\\/www.eldiario.net\\\/portal\\\/author\\\/vivianamonrroy\\\/\"}]}<\/script>\n<!-- \/ Yoast SEO plugin. -->","yoast_head_json":{"title":"Gobierno interviene la ANH y despliega resguardo policial en Sopocachi (09:15) - El Diario - Bolivia","robots":{"index":"index","follow":"follow","max-snippet":"max-snippet:-1","max-image-preview":"max-image-preview:large","max-video-preview":"max-video-preview:-1"},"canonical":"https:\/\/www.eldiario.net\/portal\/2026\/09\/03\/gobierno-interviene-la-anh-y-despliega-resguardo-policial-en-sopocachi-0915\/","og_locale":"es_ES","og_type":"article","og_title":"Gobierno interviene la ANH y despliega resguardo policial en Sopocachi (09:15) - El Diario - Bolivia","og_description":"El Ejecutivo concret\u00f3 la ma\u00f1ana de este jueves la intervenci\u00f3n presencial de las oficinas centrales de la Agencia Nacional de Hidrocarburos (ANH), ubicadas en la zona de Sopocachi en La Paz. La medida se ejecut\u00f3 en el marco del Decreto Supremo 5699, el cual establece un periodo de intervenci\u00f3n de 180 d\u00edas con el objetivo [&hellip;]","og_url":"https:\/\/www.eldiario.net\/portal\/2026\/09\/03\/gobierno-interviene-la-anh-y-despliega-resguardo-policial-en-sopocachi-0915\/","og_site_name":"El Diario - Bolivia","article_publisher":"https:\/\/www.facebook.com\/eldiario.bolivia\/","article_published_time":"2026-09-03T13:15:49+00:00","og_image":[{"width":600,"height":406,"url":"https:\/\/www.eldiario.net\/portal\/wp-content\/uploads\/2026\/09\/anh-03.09.26-copia.webp","type":"image\/webp"}],"author":"Viviana Monrroy","twitter_card":"summary_large_image","twitter_creator":"@eldiario_net","twitter_site":"@eldiario_net","twitter_misc":{"Escrito por":"Viviana Monrroy","Tiempo de lectura":"1 minuto"},"schema":{"@context":"https:\/\/schema.org","@graph":[{"@type":"Article","@id":"https:\/\/www.eldiario.net\/portal\/2026\/09\/03\/gobierno-interviene-la-anh-y-despliega-resguardo-policial-en-sopocachi-0915\/#article","isPartOf":{"@id":"https:\/\/www.eldiario.net\/portal\/2026\/09\/03\/gobierno-interviene-la-anh-y-despliega-resguardo-policial-en-sopocachi-0915\/"},"author":{"name":"Viviana Monrroy","@id":"https:\/\/www.eldiario.net\/portal\/#\/schema\/person\/ba370d92d160f4d3574381f6d9b78fab"},"headline":"Gobierno interviene la ANH y despliega resguardo policial en Sopocachi (09:15)","datePublished":"2026-09-03T13:15:49+00:00","mainEntityOfPage":{"@id":"https:\/\/www.eldiario.net\/portal\/2026\/09\/03\/gobierno-interviene-la-anh-y-despliega-resguardo-policial-en-sopocachi-0915\/"},"wordCount":167,"publisher":{"@id":"https:\/\/www.eldiario.net\/portal\/#organization"},"image":{"@id":"https:\/\/www.eldiario.net\/portal\/2026\/09\/03\/gobierno-interviene-la-anh-y-despliega-resguardo-policial-en-sopocachi-0915\/#primaryimage"},"thumbnailUrl":"https:\/\/www.eldiario.net\/portal\/wp-content\/uploads\/2026\/09\/anh-03.09.26-copia.webp","articleSection":["\u00daltima Hora"],"inLanguage":"es"},{"@type":"WebPage","@id":"https:\/\/www.eldiario.net\/portal\/2026\/09\/03\/gobierno-interviene-la-anh-y-despliega-resguardo-policial-en-sopocachi-0915\/","url":"https:\/\/www.eldiario.net\/portal\/2026\/09\/03\/gobierno-interviene-la-anh-y-despliega-resguardo-policial-en-sopocachi-0915\/","name":"Gobierno interviene la ANH y despliega resguardo policial en Sopocachi (09:15) - El Diario - Bolivia","isPartOf":{"@id":"https:\/\/www.eldiario.net\/portal\/#website"},"primaryImageOfPage":{"@id":"https:\/\/www.eldiario.net\/portal\/2026\/09\/03\/gobierno-interviene-la-anh-y-despliega-resguardo-policial-en-sopocachi-0915\/#primaryimage"},"image":{"@id":"https:\/\/www.eldiario.net\/portal\/2026\/09\/03\/gobierno-interviene-la-anh-y-despliega-resguardo-policial-en-sopocachi-0915\/#primaryimage"},"thumbnailUrl":"https:\/\/www.eldiario.net\/portal\/wp-content\/uploads\/2026\/09\/anh-03.09.26-copia.webp","datePublished":"2026-09-03T13:15:49+00:00","breadcrumb":{"@id":"https:\/\/www.eldiario.net\/portal\/2026\/09\/03\/gobierno-interviene-la-anh-y-despliega-resguardo-policial-en-sopocachi-0915\/#breadcrumb"},"inLanguage":"es","potentialAction":[{"@type":"ReadAction","target":["https:\/\/www.eldiario.net\/portal\/2026\/09\/03\/gobierno-interviene-la-anh-y-despliega-resguardo-policial-en-sopocachi-0915\/"]}]},{"@type":"ImageObject","inLanguage":"es","@id":"https:\/\/www.eldiario.net\/portal\/2026\/09\/03\/gobierno-interviene-la-anh-y-despliega-resguardo-policial-en-sopocachi-0915\/#primaryimage","url":"https:\/\/www.eldiario.net\/portal\/wp-content\/uploads\/2026\/09\/anh-03.09.26-copia.webp","contentUrl":"https:\/\/www.eldiario.net\/portal\/wp-content\/uploads\/2026\/09\/anh-03.09.26-copia.webp","width":600,"height":406,"caption":"Foto: ANH"},{"@type":"BreadcrumbList","@id":"https:\/\/www.eldiario.net\/portal\/2026\/09\/03\/gobierno-interviene-la-anh-y-despliega-resguardo-policial-en-sopocachi-0915\/#breadcrumb","itemListElement":[{"@type":"ListItem","position":1,"name":"Portada","item":"https:\/\/www.eldiario.net\/portal\/"},{"@type":"ListItem","position":2,"name":"Gobierno interviene la ANH y despliega resguardo policial en Sopocachi (09:15)"}]},{"@type":"WebSite","@id":"https:\/\/www.eldiario.net\/portal\/#website","url":"https:\/\/www.eldiario.net\/portal\/","name":"El Diario - Decano de la prensa nacional","description":"El Diario - Decano de la prensa nacional","publisher":{"@id":"https:\/\/www.eldiario.net\/portal\/#organization"},"potentialAction":[{"@type":"SearchAction","target":{"@type":"EntryPoint","urlTemplate":"https:\/\/www.eldiario.net\/portal\/?s={search_term_string}"},"query-input":{"@type":"PropertyValueSpecification","valueRequired":true,"valueName":"search_term_string"}}],"inLanguage":"es"},{"@type":"Organization","@id":"https:\/\/www.eldiario.net\/portal\/#organization","name":"El Diario - Decano de la prensa nacional","url":"https:\/\/www.eldiario.net\/portal\/","logo":{"@type":"ImageObject","inLanguage":"es","@id":"https:\/\/www.eldiario.net\/portal\/#\/schema\/logo\/image\/","url":"https:\/\/www.eldiario.net\/portal\/wp-content\/uploads\/2023\/07\/logo_ED.jpg","contentUrl":"https:\/\/www.eldiario.net\/portal\/wp-content\/uploads\/2023\/07\/logo_ED.jpg","width":272,"height":52,"caption":"El Diario - Decano de la prensa nacional"},"image":{"@id":"https:\/\/www.eldiario.net\/portal\/#\/schema\/logo\/image\/"},"sameAs":["https:\/\/www.facebook.com\/eldiario.bolivia\/","https:\/\/x.com\/eldiario_net"]},{"@type":"Person","@id":"https:\/\/www.eldiario.net\/portal\/#\/schema\/person\/ba370d92d160f4d3574381f6d9b78fab","name":"Viviana Monrroy","image":{"@type":"ImageObject","inLanguage":"es","@id":"https:\/\/secure.gravatar.com\/avatar\/dfd1611ed5600959a0e5a9754503b6c05d1dcf190010998e0363aee2ad98afca?s=96&d=mm&r=g","url":"https:\/\/secure.gravatar.com\/avatar\/dfd1611ed5600959a0e5a9754503b6c05d1dcf190010998e0363aee2ad98afca?s=96&d=mm&r=g","contentUrl":"https:\/\/secure.gravatar.com\/avatar\/dfd1611ed5600959a0e5a9754503b6c05d1dcf190010998e0363aee2ad98afca?s=96&d=mm&r=g","caption":"Viviana Monrroy"},"sameAs":["http:\/\/www.eldiario.net"],"url":"https:\/\/www.eldiario.net\/portal\/author\/vivianamonrroy\/"}]}},"_links":{"self":[{"href":"https:\/\/www.eldiario.net\/portal\/wp-json\/wp\/v2\/posts\/427329","targetHints":{"allow":["GET"]}}],"collection":[{"href":"https:\/\/www.eldiario.net\/portal\/wp-json\/wp\/v2\/posts"}],"about":[{"href":"https:\/\/www.eldiario.net\/portal\/wp-json\/wp\/v2\/types\/post"}],"author":[{"embeddable":true,"href":"https:\/\/www.eldiario.net\/portal\/wp-json\/wp\/v2\/users\/7"}],"replies":[{"embeddable":true,"href":"https:\/\/www.eldiario.net\/portal\/wp-json\/wp\/v2\/comments?post=427329"}],"version-history":[{"count":1,"href":"https:\/\/www.eldiario.net\/portal\/wp-json\/wp\/v2\/posts\/427329\/revisions"}],"predecessor-version":[{"id":427331,"href":"https:\/\/www.eldiario.net\/portal\/wp-json\/wp\/v2\/posts\/427329\/revisions\/427331"}],"wp:featuredmedia":[{"embeddable":true,"href":"https:\/\/www.eldiario.net\/portal\/wp-json\/wp\/v2\/media\/427330"}],"wp:attachment":[{"href":"https:\/\/www.eldiario.net\/portal\/wp-json\/wp\/v2\/media?parent=427329"}],"wp:term":[{"taxonomy":"category","embeddable":true,"href":"https:\/\/www.eldiario.net\/portal\/wp-json\/wp\/v2\/categories?post=427329"},{"taxonomy":"post_tag","embeddable":true,"href":"https:\/\/www.eldiario.net\/portal\/wp-json\/wp\/v2\/tags?post=427329"}],"curies":[{"name":"wp","href":"https:\/\/api.w.org\/{rel}","templated":true}]}}