{"id":427322,"date":"2026-09-03T06:34:00","date_gmt":"2026-09-03T10:34:00","guid":{"rendered":"https:\/\/www.eldiario.net\/portal\/?p=427322"},"modified":"2026-09-03T06:34:00","modified_gmt":"2026-09-03T10:34:00","slug":"bolivianos-deben-trabajar-pensando-en-salvar-al-pais-2","status":"publish","type":"post","link":"https:\/\/www.eldiario.net\/portal\/2026\/09\/03\/bolivianos-deben-trabajar-pensando-en-salvar-al-pais-2\/","title":{"rendered":"Bolivianos deben trabajar  pensando en salvar al pa\u00eds"},"content":{"rendered":"<p class=\"v1MsoNormal\">En el marco del an\u00e1lisis que actualmente se realiza al Proyecto de Ley de Inversiones en instancias de la Asamblea Legislativa Plurinacional (ALP), el diputado por la alianza Libre, Jos\u00e9 Luis Porcel, resalt\u00f3 que el pa\u00eds necesita, con urgencia, atraer inversi\u00f3n y para ello es necesario que los bolivianos trabajen en funci\u00f3n de las necesidades del pa\u00eds, lejos de posturas ideol\u00f3gicas o intereses pol\u00edticos.<\/p>\n<p class=\"v1MsoNormal\">En conferencia de prensa, Porcel se refiri\u00f3 a la situaci\u00f3n del pa\u00eds y la necesidad de atraer inversiones para superar la crisis y mejorar las condiciones de vida de la poblaci\u00f3n, siendo una parte importante la actual coyuntura la aprobaci\u00f3n de normativas que garanticen seguridad jur\u00eddica para los inversores.<\/p>\n<p class=\"v1MsoNormal\">\u00abEl pa\u00eds necesita atraer inversi\u00f3n nacional e inversi\u00f3n extranjera, con las debidas garant\u00edas jur\u00eddicas\u00bb, expuso.<\/p>\n<p class=\"v1MsoNormal\">Seg\u00fan el legislador representante del departamento de Tarija, es importante que la norma para regular el tema de las inversiones en territorio nacional sea compatible con la Constituci\u00f3n Pol\u00edtica del Estado y brinde todas las garant\u00edas para la llegada de divisas, tecnolog\u00eda, y recursos humanos altamente calificados, tres elementos con los que el pa\u00eds no cuenta.<\/p>\n<p class=\"v1MsoNormal\">En esa l\u00ednea, Porcel inst\u00f3 a legisladores y autoridades gubernamentales a trabajar de forma responsable para posibilitar la aprobaci\u00f3n de una norma concertada que sirva de herramienta para salir de la crisis y generar mejores condiciones para las futuras generaciones.<\/p>\n<p class=\"v1MsoNormal\">\u00abTenemos que trabajar como bolivianos, m\u00e1s all\u00e1 de que seamos opositores u oficialistas, tenemos que trabajar pensando en salvar nuestro pa\u00eds y generar condiciones m\u00e1s \u00f3ptimas para las generaciones que vienen detr\u00e1s de nosotros\u00bb, dijo.<\/p>\n<p class=\"v1MsoNormal\">El martes, la Comisi\u00f3n de Planificaci\u00f3n, Pol\u00edtica Econ\u00f3mica y Finanzas, de la C\u00e1mara de Diputados inici\u00f3 el tratamiento del Proyecto de Ley de Inversiones, remitido por el \u00d3rgano Ejecutivo, con la instalaci\u00f3n de la primera mesa t\u00e9cnica de an\u00e1lisis y socializaci\u00f3n.<\/p>\n","protected":false},"excerpt":{"rendered":"<p>En el marco del an\u00e1lisis que actualmente se realiza al Proyecto de Ley de Inversiones en instancias de la Asamblea Legislativa Plurinacional (ALP), el diputado por la alianza Libre, Jos\u00e9 Luis Porcel, resalt\u00f3 que el pa\u00eds necesita, con urgencia, atraer inversi\u00f3n y para ello es necesario que los bolivianos trabajen en funci\u00f3n de las necesidades [&hellip;]<\/p>\n","protected":false},"author":1,"featured_media":427323,"comment_status":"closed","ping_status":"open","sticky":false,"template":"","format":"standard","meta":{"_acf_changed":false,"footnotes":""},"categories":[14],"tags":[],"class_list":["post-427322","post","type-post","status-publish","format-standard","has-post-thumbnail","category-politica"],"acf":{"antetitulo":"Sin intereses pol\u00edticos"},"yoast_head":"<!-- This site is optimized with the Yoast SEO plugin v28.4 - https:\/\/yoast.com\/product\/yoast-seo-wordpress\/ -->\n<title>Bolivianos deben trabajar pensando en salvar al pa\u00eds - El Diario - Bolivia<\/title>\n<meta name=\"robots\" content=\"index, follow, max-snippet:-1, max-image-preview:large, max-video-preview:-1\" \/>\n<link rel=\"canonical\" href=\"https:\/\/www.eldiario.net\/portal\/2026\/09\/03\/bolivianos-deben-trabajar-pensando-en-salvar-al-pais-2\/\" \/>\n<meta property=\"og:locale\" content=\"es_ES\" \/>\n<meta property=\"og:type\" content=\"article\" \/>\n<meta property=\"og:title\" content=\"Bolivianos deben trabajar pensando en salvar al pa\u00eds - El Diario - Bolivia\" \/>\n<meta property=\"og:description\" content=\"En el marco del an\u00e1lisis que actualmente se realiza al Proyecto de Ley de Inversiones en instancias de la Asamblea Legislativa Plurinacional (ALP), el diputado por la alianza Libre, Jos\u00e9 Luis Porcel, resalt\u00f3 que el pa\u00eds necesita, con urgencia, atraer inversi\u00f3n y para ello es necesario que los bolivianos trabajen en funci\u00f3n de las necesidades [&hellip;]\" \/>\n<meta property=\"og:url\" content=\"https:\/\/www.eldiario.net\/portal\/2026\/09\/03\/bolivianos-deben-trabajar-pensando-en-salvar-al-pais-2\/\" \/>\n<meta property=\"og:site_name\" content=\"El Diario - Bolivia\" \/>\n<meta property=\"article:publisher\" content=\"https:\/\/www.facebook.com\/eldiario.bolivia\/\" \/>\n<meta property=\"article:published_time\" content=\"2026-09-03T10:34:00+00:00\" \/>\n<meta property=\"og:image\" content=\"https:\/\/www.eldiario.net\/portal\/wp-content\/uploads\/2026\/09\/SALVAR-PORCEL.webp\" \/>\n\t<meta property=\"og:image:width\" content=\"1066\" \/>\n\t<meta property=\"og:image:height\" content=\"766\" \/>\n\t<meta property=\"og:image:type\" content=\"image\/webp\" \/>\n<meta name=\"author\" content=\"Jeanette\" \/>\n<meta name=\"twitter:card\" content=\"summary_large_image\" \/>\n<meta name=\"twitter:creator\" content=\"@eldiario_net\" \/>\n<meta name=\"twitter:site\" content=\"@eldiario_net\" \/>\n<meta name=\"twitter:label1\" content=\"Escrito por\" \/>\n\t<meta name=\"twitter:data1\" content=\"Jeanette\" \/>\n\t<meta name=\"twitter:label2\" content=\"Tiempo de lectura\" \/>\n\t<meta name=\"twitter:data2\" content=\"2 minutos\" \/>\n<script type=\"application\/ld+json\" class=\"yoast-schema-graph\">{\"@context\":\"https:\\\/\\\/schema.org\",\"@graph\":[{\"@type\":\"Article\",\"@id\":\"https:\\\/\\\/www.eldiario.net\\\/portal\\\/2026\\\/09\\\/03\\\/bolivianos-deben-trabajar-pensando-en-salvar-al-pais-2\\\/#article\",\"isPartOf\":{\"@id\":\"https:\\\/\\\/www.eldiario.net\\\/portal\\\/2026\\\/09\\\/03\\\/bolivianos-deben-trabajar-pensando-en-salvar-al-pais-2\\\/\"},\"author\":{\"name\":\"Jeanette\",\"@id\":\"https:\\\/\\\/www.eldiario.net\\\/portal\\\/#\\\/schema\\\/person\\\/f46445640444750d7d753ccd04ae01b7\"},\"headline\":\"Bolivianos deben trabajar pensando en salvar al pa\u00eds\",\"datePublished\":\"2026-09-03T10:34:00+00:00\",\"mainEntityOfPage\":{\"@id\":\"https:\\\/\\\/www.eldiario.net\\\/portal\\\/2026\\\/09\\\/03\\\/bolivianos-deben-trabajar-pensando-en-salvar-al-pais-2\\\/\"},\"wordCount\":347,\"publisher\":{\"@id\":\"https:\\\/\\\/www.eldiario.net\\\/portal\\\/#organization\"},\"image\":{\"@id\":\"https:\\\/\\\/www.eldiario.net\\\/portal\\\/2026\\\/09\\\/03\\\/bolivianos-deben-trabajar-pensando-en-salvar-al-pais-2\\\/#primaryimage\"},\"thumbnailUrl\":\"https:\\\/\\\/www.eldiario.net\\\/portal\\\/wp-content\\\/uploads\\\/2026\\\/09\\\/SALVAR-PORCEL.webp\",\"articleSection\":[\"Pol\u00edtica\"],\"inLanguage\":\"es\"},{\"@type\":\"WebPage\",\"@id\":\"https:\\\/\\\/www.eldiario.net\\\/portal\\\/2026\\\/09\\\/03\\\/bolivianos-deben-trabajar-pensando-en-salvar-al-pais-2\\\/\",\"url\":\"https:\\\/\\\/www.eldiario.net\\\/portal\\\/2026\\\/09\\\/03\\\/bolivianos-deben-trabajar-pensando-en-salvar-al-pais-2\\\/\",\"name\":\"Bolivianos deben trabajar pensando en salvar al pa\u00eds - El Diario - Bolivia\",\"isPartOf\":{\"@id\":\"https:\\\/\\\/www.eldiario.net\\\/portal\\\/#website\"},\"primaryImageOfPage\":{\"@id\":\"https:\\\/\\\/www.eldiario.net\\\/portal\\\/2026\\\/09\\\/03\\\/bolivianos-deben-trabajar-pensando-en-salvar-al-pais-2\\\/#primaryimage\"},\"image\":{\"@id\":\"https:\\\/\\\/www.eldiario.net\\\/portal\\\/2026\\\/09\\\/03\\\/bolivianos-deben-trabajar-pensando-en-salvar-al-pais-2\\\/#primaryimage\"},\"thumbnailUrl\":\"https:\\\/\\\/www.eldiario.net\\\/portal\\\/wp-content\\\/uploads\\\/2026\\\/09\\\/SALVAR-PORCEL.webp\",\"datePublished\":\"2026-09-03T10:34:00+00:00\",\"breadcrumb\":{\"@id\":\"https:\\\/\\\/www.eldiario.net\\\/portal\\\/2026\\\/09\\\/03\\\/bolivianos-deben-trabajar-pensando-en-salvar-al-pais-2\\\/#breadcrumb\"},\"inLanguage\":\"es\",\"potentialAction\":[{\"@type\":\"ReadAction\",\"target\":[\"https:\\\/\\\/www.eldiario.net\\\/portal\\\/2026\\\/09\\\/03\\\/bolivianos-deben-trabajar-pensando-en-salvar-al-pais-2\\\/\"]}]},{\"@type\":\"ImageObject\",\"inLanguage\":\"es\",\"@id\":\"https:\\\/\\\/www.eldiario.net\\\/portal\\\/2026\\\/09\\\/03\\\/bolivianos-deben-trabajar-pensando-en-salvar-al-pais-2\\\/#primaryimage\",\"url\":\"https:\\\/\\\/www.eldiario.net\\\/portal\\\/wp-content\\\/uploads\\\/2026\\\/09\\\/SALVAR-PORCEL.webp\",\"contentUrl\":\"https:\\\/\\\/www.eldiario.net\\\/portal\\\/wp-content\\\/uploads\\\/2026\\\/09\\\/SALVAR-PORCEL.webp\",\"width\":1066,\"height\":766,\"caption\":\"Diputado de Libre, Jos\u00e9 Luis Porcel. CR\u00c9DITO \\\/ RRSS\"},{\"@type\":\"BreadcrumbList\",\"@id\":\"https:\\\/\\\/www.eldiario.net\\\/portal\\\/2026\\\/09\\\/03\\\/bolivianos-deben-trabajar-pensando-en-salvar-al-pais-2\\\/#breadcrumb\",\"itemListElement\":[{\"@type\":\"ListItem\",\"position\":1,\"name\":\"Portada\",\"item\":\"https:\\\/\\\/www.eldiario.net\\\/portal\\\/\"},{\"@type\":\"ListItem\",\"position\":2,\"name\":\"Bolivianos deben trabajar pensando en salvar al pa\u00eds\"}]},{\"@type\":\"WebSite\",\"@id\":\"https:\\\/\\\/www.eldiario.net\\\/portal\\\/#website\",\"url\":\"https:\\\/\\\/www.eldiario.net\\\/portal\\\/\",\"name\":\"El Diario - Decano de la prensa nacional\",\"description\":\"El Diario - Decano de la prensa nacional\",\"publisher\":{\"@id\":\"https:\\\/\\\/www.eldiario.net\\\/portal\\\/#organization\"},\"potentialAction\":[{\"@type\":\"SearchAction\",\"target\":{\"@type\":\"EntryPoint\",\"urlTemplate\":\"https:\\\/\\\/www.eldiario.net\\\/portal\\\/?s={search_term_string}\"},\"query-input\":{\"@type\":\"PropertyValueSpecification\",\"valueRequired\":true,\"valueName\":\"search_term_string\"}}],\"inLanguage\":\"es\"},{\"@type\":\"Organization\",\"@id\":\"https:\\\/\\\/www.eldiario.net\\\/portal\\\/#organization\",\"name\":\"El Diario - Decano de la prensa nacional\",\"url\":\"https:\\\/\\\/www.eldiario.net\\\/portal\\\/\",\"logo\":{\"@type\":\"ImageObject\",\"inLanguage\":\"es\",\"@id\":\"https:\\\/\\\/www.eldiario.net\\\/portal\\\/#\\\/schema\\\/logo\\\/image\\\/\",\"url\":\"https:\\\/\\\/www.eldiario.net\\\/portal\\\/wp-content\\\/uploads\\\/2023\\\/07\\\/logo_ED.jpg\",\"contentUrl\":\"https:\\\/\\\/www.eldiario.net\\\/portal\\\/wp-content\\\/uploads\\\/2023\\\/07\\\/logo_ED.jpg\",\"width\":272,\"height\":52,\"caption\":\"El Diario - Decano de la prensa nacional\"},\"image\":{\"@id\":\"https:\\\/\\\/www.eldiario.net\\\/portal\\\/#\\\/schema\\\/logo\\\/image\\\/\"},\"sameAs\":[\"https:\\\/\\\/www.facebook.com\\\/eldiario.bolivia\\\/\",\"https:\\\/\\\/x.com\\\/eldiario_net\"]},{\"@type\":\"Person\",\"@id\":\"https:\\\/\\\/www.eldiario.net\\\/portal\\\/#\\\/schema\\\/person\\\/f46445640444750d7d753ccd04ae01b7\",\"name\":\"Jeanette\",\"image\":{\"@type\":\"ImageObject\",\"inLanguage\":\"es\",\"@id\":\"https:\\\/\\\/secure.gravatar.com\\\/avatar\\\/3ea2118a5f7dad2b7138b1187a6b7ee55f160b9968b66013c3a3ef39dd7e5798?s=96&d=mm&r=g\",\"url\":\"https:\\\/\\\/secure.gravatar.com\\\/avatar\\\/3ea2118a5f7dad2b7138b1187a6b7ee55f160b9968b66013c3a3ef39dd7e5798?s=96&d=mm&r=g\",\"contentUrl\":\"https:\\\/\\\/secure.gravatar.com\\\/avatar\\\/3ea2118a5f7dad2b7138b1187a6b7ee55f160b9968b66013c3a3ef39dd7e5798?s=96&d=mm&r=g\",\"caption\":\"Jeanette\"},\"sameAs\":[\"https:\\\/\\\/www.eldiario.net\\\/portal\"],\"url\":\"https:\\\/\\\/www.eldiario.net\\\/portal\\\/author\\\/jeanette\\\/\"}]}<\/script>\n<!-- \/ Yoast SEO plugin. -->","yoast_head_json":{"title":"Bolivianos deben trabajar pensando en salvar al pa\u00eds - El Diario - Bolivia","robots":{"index":"index","follow":"follow","max-snippet":"max-snippet:-1","max-image-preview":"max-image-preview:large","max-video-preview":"max-video-preview:-1"},"canonical":"https:\/\/www.eldiario.net\/portal\/2026\/09\/03\/bolivianos-deben-trabajar-pensando-en-salvar-al-pais-2\/","og_locale":"es_ES","og_type":"article","og_title":"Bolivianos deben trabajar pensando en salvar al pa\u00eds - El Diario - Bolivia","og_description":"En el marco del an\u00e1lisis que actualmente se realiza al Proyecto de Ley de Inversiones en instancias de la Asamblea Legislativa Plurinacional (ALP), el diputado por la alianza Libre, Jos\u00e9 Luis Porcel, resalt\u00f3 que el pa\u00eds necesita, con urgencia, atraer inversi\u00f3n y para ello es necesario que los bolivianos trabajen en funci\u00f3n de las necesidades [&hellip;]","og_url":"https:\/\/www.eldiario.net\/portal\/2026\/09\/03\/bolivianos-deben-trabajar-pensando-en-salvar-al-pais-2\/","og_site_name":"El Diario - Bolivia","article_publisher":"https:\/\/www.facebook.com\/eldiario.bolivia\/","article_published_time":"2026-09-03T10:34:00+00:00","og_image":[{"width":1066,"height":766,"url":"https:\/\/www.eldiario.net\/portal\/wp-content\/uploads\/2026\/09\/SALVAR-PORCEL.webp","type":"image\/webp"}],"author":"Jeanette","twitter_card":"summary_large_image","twitter_creator":"@eldiario_net","twitter_site":"@eldiario_net","twitter_misc":{"Escrito por":"Jeanette","Tiempo de lectura":"2 minutos"},"schema":{"@context":"https:\/\/schema.org","@graph":[{"@type":"Article","@id":"https:\/\/www.eldiario.net\/portal\/2026\/09\/03\/bolivianos-deben-trabajar-pensando-en-salvar-al-pais-2\/#article","isPartOf":{"@id":"https:\/\/www.eldiario.net\/portal\/2026\/09\/03\/bolivianos-deben-trabajar-pensando-en-salvar-al-pais-2\/"},"author":{"name":"Jeanette","@id":"https:\/\/www.eldiario.net\/portal\/#\/schema\/person\/f46445640444750d7d753ccd04ae01b7"},"headline":"Bolivianos deben trabajar pensando en salvar al pa\u00eds","datePublished":"2026-09-03T10:34:00+00:00","mainEntityOfPage":{"@id":"https:\/\/www.eldiario.net\/portal\/2026\/09\/03\/bolivianos-deben-trabajar-pensando-en-salvar-al-pais-2\/"},"wordCount":347,"publisher":{"@id":"https:\/\/www.eldiario.net\/portal\/#organization"},"image":{"@id":"https:\/\/www.eldiario.net\/portal\/2026\/09\/03\/bolivianos-deben-trabajar-pensando-en-salvar-al-pais-2\/#primaryimage"},"thumbnailUrl":"https:\/\/www.eldiario.net\/portal\/wp-content\/uploads\/2026\/09\/SALVAR-PORCEL.webp","articleSection":["Pol\u00edtica"],"inLanguage":"es"},{"@type":"WebPage","@id":"https:\/\/www.eldiario.net\/portal\/2026\/09\/03\/bolivianos-deben-trabajar-pensando-en-salvar-al-pais-2\/","url":"https:\/\/www.eldiario.net\/portal\/2026\/09\/03\/bolivianos-deben-trabajar-pensando-en-salvar-al-pais-2\/","name":"Bolivianos deben trabajar pensando en salvar al pa\u00eds - El Diario - Bolivia","isPartOf":{"@id":"https:\/\/www.eldiario.net\/portal\/#website"},"primaryImageOfPage":{"@id":"https:\/\/www.eldiario.net\/portal\/2026\/09\/03\/bolivianos-deben-trabajar-pensando-en-salvar-al-pais-2\/#primaryimage"},"image":{"@id":"https:\/\/www.eldiario.net\/portal\/2026\/09\/03\/bolivianos-deben-trabajar-pensando-en-salvar-al-pais-2\/#primaryimage"},"thumbnailUrl":"https:\/\/www.eldiario.net\/portal\/wp-content\/uploads\/2026\/09\/SALVAR-PORCEL.webp","datePublished":"2026-09-03T10:34:00+00:00","breadcrumb":{"@id":"https:\/\/www.eldiario.net\/portal\/2026\/09\/03\/bolivianos-deben-trabajar-pensando-en-salvar-al-pais-2\/#breadcrumb"},"inLanguage":"es","potentialAction":[{"@type":"ReadAction","target":["https:\/\/www.eldiario.net\/portal\/2026\/09\/03\/bolivianos-deben-trabajar-pensando-en-salvar-al-pais-2\/"]}]},{"@type":"ImageObject","inLanguage":"es","@id":"https:\/\/www.eldiario.net\/portal\/2026\/09\/03\/bolivianos-deben-trabajar-pensando-en-salvar-al-pais-2\/#primaryimage","url":"https:\/\/www.eldiario.net\/portal\/wp-content\/uploads\/2026\/09\/SALVAR-PORCEL.webp","contentUrl":"https:\/\/www.eldiario.net\/portal\/wp-content\/uploads\/2026\/09\/SALVAR-PORCEL.webp","width":1066,"height":766,"caption":"Diputado de Libre, Jos\u00e9 Luis Porcel. CR\u00c9DITO \/ RRSS"},{"@type":"BreadcrumbList","@id":"https:\/\/www.eldiario.net\/portal\/2026\/09\/03\/bolivianos-deben-trabajar-pensando-en-salvar-al-pais-2\/#breadcrumb","itemListElement":[{"@type":"ListItem","position":1,"name":"Portada","item":"https:\/\/www.eldiario.net\/portal\/"},{"@type":"ListItem","position":2,"name":"Bolivianos deben trabajar pensando en salvar al pa\u00eds"}]},{"@type":"WebSite","@id":"https:\/\/www.eldiario.net\/portal\/#website","url":"https:\/\/www.eldiario.net\/portal\/","name":"El Diario - Decano de la prensa nacional","description":"El Diario - Decano de la prensa nacional","publisher":{"@id":"https:\/\/www.eldiario.net\/portal\/#organization"},"potentialAction":[{"@type":"SearchAction","target":{"@type":"EntryPoint","urlTemplate":"https:\/\/www.eldiario.net\/portal\/?s={search_term_string}"},"query-input":{"@type":"PropertyValueSpecification","valueRequired":true,"valueName":"search_term_string"}}],"inLanguage":"es"},{"@type":"Organization","@id":"https:\/\/www.eldiario.net\/portal\/#organization","name":"El Diario - Decano de la prensa nacional","url":"https:\/\/www.eldiario.net\/portal\/","logo":{"@type":"ImageObject","inLanguage":"es","@id":"https:\/\/www.eldiario.net\/portal\/#\/schema\/logo\/image\/","url":"https:\/\/www.eldiario.net\/portal\/wp-content\/uploads\/2023\/07\/logo_ED.jpg","contentUrl":"https:\/\/www.eldiario.net\/portal\/wp-content\/uploads\/2023\/07\/logo_ED.jpg","width":272,"height":52,"caption":"El Diario - Decano de la prensa nacional"},"image":{"@id":"https:\/\/www.eldiario.net\/portal\/#\/schema\/logo\/image\/"},"sameAs":["https:\/\/www.facebook.com\/eldiario.bolivia\/","https:\/\/x.com\/eldiario_net"]},{"@type":"Person","@id":"https:\/\/www.eldiario.net\/portal\/#\/schema\/person\/f46445640444750d7d753ccd04ae01b7","name":"Jeanette","image":{"@type":"ImageObject","inLanguage":"es","@id":"https:\/\/secure.gravatar.com\/avatar\/3ea2118a5f7dad2b7138b1187a6b7ee55f160b9968b66013c3a3ef39dd7e5798?s=96&d=mm&r=g","url":"https:\/\/secure.gravatar.com\/avatar\/3ea2118a5f7dad2b7138b1187a6b7ee55f160b9968b66013c3a3ef39dd7e5798?s=96&d=mm&r=g","contentUrl":"https:\/\/secure.gravatar.com\/avatar\/3ea2118a5f7dad2b7138b1187a6b7ee55f160b9968b66013c3a3ef39dd7e5798?s=96&d=mm&r=g","caption":"Jeanette"},"sameAs":["https:\/\/www.eldiario.net\/portal"],"url":"https:\/\/www.eldiario.net\/portal\/author\/jeanette\/"}]}},"_links":{"self":[{"href":"https:\/\/www.eldiario.net\/portal\/wp-json\/wp\/v2\/posts\/427322","targetHints":{"allow":["GET"]}}],"collection":[{"href":"https:\/\/www.eldiario.net\/portal\/wp-json\/wp\/v2\/posts"}],"about":[{"href":"https:\/\/www.eldiario.net\/portal\/wp-json\/wp\/v2\/types\/post"}],"author":[{"embeddable":true,"href":"https:\/\/www.eldiario.net\/portal\/wp-json\/wp\/v2\/users\/1"}],"replies":[{"embeddable":true,"href":"https:\/\/www.eldiario.net\/portal\/wp-json\/wp\/v2\/comments?post=427322"}],"version-history":[{"count":1,"href":"https:\/\/www.eldiario.net\/portal\/wp-json\/wp\/v2\/posts\/427322\/revisions"}],"predecessor-version":[{"id":427324,"href":"https:\/\/www.eldiario.net\/portal\/wp-json\/wp\/v2\/posts\/427322\/revisions\/427324"}],"wp:featuredmedia":[{"embeddable":true,"href":"https:\/\/www.eldiario.net\/portal\/wp-json\/wp\/v2\/media\/427323"}],"wp:attachment":[{"href":"https:\/\/www.eldiario.net\/portal\/wp-json\/wp\/v2\/media?parent=427322"}],"wp:term":[{"taxonomy":"category","embeddable":true,"href":"https:\/\/www.eldiario.net\/portal\/wp-json\/wp\/v2\/categories?post=427322"},{"taxonomy":"post_tag","embeddable":true,"href":"https:\/\/www.eldiario.net\/portal\/wp-json\/wp\/v2\/tags?post=427322"}],"curies":[{"name":"wp","href":"https:\/\/api.w.org\/{rel}","templated":true}]}}