{"id":427316,"date":"2026-09-03T06:32:28","date_gmt":"2026-09-03T10:32:28","guid":{"rendered":"https:\/\/www.eldiario.net\/portal\/?p=427316"},"modified":"2026-09-03T06:32:28","modified_gmt":"2026-09-03T10:32:28","slug":"comision-inicia-socializacion-del-proyecto-de-ley-de-inversiones-2","status":"publish","type":"post","link":"https:\/\/www.eldiario.net\/portal\/2026\/09\/03\/comision-inicia-socializacion-del-proyecto-de-ley-de-inversiones-2\/","title":{"rendered":"Comisi\u00f3n inicia socializaci\u00f3n del  proyecto de Ley de Inversiones"},"content":{"rendered":"<p class=\"v1MsoNormal\">El presidente de la Comisi\u00f3n de Planificaci\u00f3n, Pol\u00edtica Econ\u00f3mica y Finanzas de la C\u00e1mara de Diputados, Ra\u00fal P\u00e1rraga, inform\u00f3 sobre el desarrollo de la primera mesa t\u00e9cnica de socializaci\u00f3n del proyecto de Ley de Inversiones remitido por el \u00d3rgano Ejecutivo, con la participaci\u00f3n de representantes de diferentes sectores vinculados a la econom\u00eda nacional.<\/p>\n<p class=\"v1MsoNormal\">P\u00e1rraga explic\u00f3 que el objetivo de estos espacios es recoger criterios, propuestas y observaciones que permitan enriquecer el proyecto de ley y establecer un marco normativo que contribuya a generar condiciones favorables para la inversi\u00f3n y el desarrollo econ\u00f3mico del pa\u00eds.<\/p>\n<p class=\"v1MsoNormal\">\u00abDesde la Comisi\u00f3n de Planificaci\u00f3n, Pol\u00edtica Econ\u00f3mica y Finanzas que presido, seguimos generando espacios de di\u00e1logo para construir una Ley de Inversiones que permita proyectar el desarrollo de Bolivia durante las pr\u00f3ximas d\u00e9cadas\u00bb, se\u00f1al\u00f3 el legislador, quien hizo seguimiento v\u00eda virtual desde Guayaramer\u00edn.<\/p>\n<p class=\"v1MsoNormal\">Durante la jornada, participaron representantes del Ministerio de Econom\u00eda, la Confederaci\u00f3n de Empresarios de Bolivia, la C\u00e1mara Nacional de Comercio, Fundaci\u00f3n Jubileo y otros sectores, quienes expusieron sus criterios respecto a la propuesta legislativa.<\/p>\n<p class=\"v1MsoNormal\">Destac\u00f3 que la construcci\u00f3n de la norma debe sustentarse en el di\u00e1logo y la participaci\u00f3n de los diferentes actores econ\u00f3micos y sociales. Entre los aspectos centrales de la propuesta, P\u00e1rraga resalt\u00f3 la necesidad de fortalecer la seguridad jur\u00eddica y reducir la discrecionalidad pol\u00edtica, mediante reglas claras que permitan generar mayor confianza y previsibilidad para las inversiones nacionales y extranjeras.<\/p>\n<p class=\"v1MsoNormal\">En ese sentido, se\u00f1al\u00f3 que contar con un marco jur\u00eddico estable constituye un elemento fundamental para incentivar nuevas inversiones, promover la generaci\u00f3n de empleo y contribuir al crecimiento econ\u00f3mico.<\/p>\n<p class=\"v1MsoNormal\">Anunci\u00f3, adem\u00e1s, que la primera mesa t\u00e9cnica ser\u00e1 seguida por nuevos encuentros de socializaci\u00f3n, con el prop\u00f3sito de ampliar la participaci\u00f3n de los sectores involucrados y continuar recogiendo aportes antes de avanzar en el tratamiento legislativo de la norma. \u00abBolivia necesita certezas para atraer inversiones, generar empleo y construir desarrollo sostenible\u00bb, concluy\u00f3.<\/p>\n<p class=\"v1MsoNormal\">\n","protected":false},"excerpt":{"rendered":"<p>El presidente de la Comisi\u00f3n de Planificaci\u00f3n, Pol\u00edtica Econ\u00f3mica y Finanzas de la C\u00e1mara de Diputados, Ra\u00fal P\u00e1rraga, inform\u00f3 sobre el desarrollo de la primera mesa t\u00e9cnica de socializaci\u00f3n del proyecto de Ley de Inversiones remitido por el \u00d3rgano Ejecutivo, con la participaci\u00f3n de representantes de diferentes sectores vinculados a la econom\u00eda nacional. P\u00e1rraga explic\u00f3 [&hellip;]<\/p>\n","protected":false},"author":1,"featured_media":427317,"comment_status":"closed","ping_status":"open","sticky":false,"template":"","format":"standard","meta":{"_acf_changed":false,"footnotes":""},"categories":[14],"tags":[],"class_list":["post-427316","post","type-post","status-publish","format-standard","has-post-thumbnail","category-politica"],"acf":{"antetitulo":"Primero de varios encuentros"},"yoast_head":"<!-- This site is optimized with the Yoast SEO plugin v28.4 - https:\/\/yoast.com\/product\/yoast-seo-wordpress\/ -->\n<title>Comisi\u00f3n inicia socializaci\u00f3n del proyecto de Ley de Inversiones - El Diario - Bolivia<\/title>\n<meta name=\"robots\" content=\"index, follow, max-snippet:-1, max-image-preview:large, max-video-preview:-1\" \/>\n<link rel=\"canonical\" href=\"https:\/\/www.eldiario.net\/portal\/2026\/09\/03\/comision-inicia-socializacion-del-proyecto-de-ley-de-inversiones-2\/\" \/>\n<meta property=\"og:locale\" content=\"es_ES\" \/>\n<meta property=\"og:type\" content=\"article\" \/>\n<meta property=\"og:title\" content=\"Comisi\u00f3n inicia socializaci\u00f3n del proyecto de Ley de Inversiones - El Diario - Bolivia\" \/>\n<meta property=\"og:description\" content=\"El presidente de la Comisi\u00f3n de Planificaci\u00f3n, Pol\u00edtica Econ\u00f3mica y Finanzas de la C\u00e1mara de Diputados, Ra\u00fal P\u00e1rraga, inform\u00f3 sobre el desarrollo de la primera mesa t\u00e9cnica de socializaci\u00f3n del proyecto de Ley de Inversiones remitido por el \u00d3rgano Ejecutivo, con la participaci\u00f3n de representantes de diferentes sectores vinculados a la econom\u00eda nacional. P\u00e1rraga explic\u00f3 [&hellip;]\" \/>\n<meta property=\"og:url\" content=\"https:\/\/www.eldiario.net\/portal\/2026\/09\/03\/comision-inicia-socializacion-del-proyecto-de-ley-de-inversiones-2\/\" \/>\n<meta property=\"og:site_name\" content=\"El Diario - Bolivia\" \/>\n<meta property=\"article:publisher\" content=\"https:\/\/www.facebook.com\/eldiario.bolivia\/\" \/>\n<meta property=\"article:published_time\" content=\"2026-09-03T10:32:28+00:00\" \/>\n<meta property=\"og:image\" content=\"https:\/\/www.eldiario.net\/portal\/wp-content\/uploads\/2026\/09\/Comision-rrss.webp\" \/>\n\t<meta property=\"og:image:width\" content=\"1280\" \/>\n\t<meta property=\"og:image:height\" content=\"853\" \/>\n\t<meta property=\"og:image:type\" content=\"image\/webp\" \/>\n<meta name=\"author\" content=\"Jeanette\" \/>\n<meta name=\"twitter:card\" content=\"summary_large_image\" \/>\n<meta name=\"twitter:creator\" content=\"@eldiario_net\" \/>\n<meta name=\"twitter:site\" content=\"@eldiario_net\" \/>\n<meta name=\"twitter:label1\" content=\"Escrito por\" \/>\n\t<meta name=\"twitter:data1\" content=\"Jeanette\" \/>\n\t<meta name=\"twitter:label2\" content=\"Tiempo de lectura\" \/>\n\t<meta name=\"twitter:data2\" content=\"2 minutos\" \/>\n<script type=\"application\/ld+json\" class=\"yoast-schema-graph\">{\"@context\":\"https:\\\/\\\/schema.org\",\"@graph\":[{\"@type\":\"Article\",\"@id\":\"https:\\\/\\\/www.eldiario.net\\\/portal\\\/2026\\\/09\\\/03\\\/comision-inicia-socializacion-del-proyecto-de-ley-de-inversiones-2\\\/#article\",\"isPartOf\":{\"@id\":\"https:\\\/\\\/www.eldiario.net\\\/portal\\\/2026\\\/09\\\/03\\\/comision-inicia-socializacion-del-proyecto-de-ley-de-inversiones-2\\\/\"},\"author\":{\"name\":\"Jeanette\",\"@id\":\"https:\\\/\\\/www.eldiario.net\\\/portal\\\/#\\\/schema\\\/person\\\/f46445640444750d7d753ccd04ae01b7\"},\"headline\":\"Comisi\u00f3n inicia socializaci\u00f3n del proyecto de Ley de Inversiones\",\"datePublished\":\"2026-09-03T10:32:28+00:00\",\"mainEntityOfPage\":{\"@id\":\"https:\\\/\\\/www.eldiario.net\\\/portal\\\/2026\\\/09\\\/03\\\/comision-inicia-socializacion-del-proyecto-de-ley-de-inversiones-2\\\/\"},\"wordCount\":367,\"publisher\":{\"@id\":\"https:\\\/\\\/www.eldiario.net\\\/portal\\\/#organization\"},\"image\":{\"@id\":\"https:\\\/\\\/www.eldiario.net\\\/portal\\\/2026\\\/09\\\/03\\\/comision-inicia-socializacion-del-proyecto-de-ley-de-inversiones-2\\\/#primaryimage\"},\"thumbnailUrl\":\"https:\\\/\\\/www.eldiario.net\\\/portal\\\/wp-content\\\/uploads\\\/2026\\\/09\\\/Comision-rrss.webp\",\"articleSection\":[\"Pol\u00edtica\"],\"inLanguage\":\"es\"},{\"@type\":\"WebPage\",\"@id\":\"https:\\\/\\\/www.eldiario.net\\\/portal\\\/2026\\\/09\\\/03\\\/comision-inicia-socializacion-del-proyecto-de-ley-de-inversiones-2\\\/\",\"url\":\"https:\\\/\\\/www.eldiario.net\\\/portal\\\/2026\\\/09\\\/03\\\/comision-inicia-socializacion-del-proyecto-de-ley-de-inversiones-2\\\/\",\"name\":\"Comisi\u00f3n inicia socializaci\u00f3n del proyecto de Ley de Inversiones - El Diario - Bolivia\",\"isPartOf\":{\"@id\":\"https:\\\/\\\/www.eldiario.net\\\/portal\\\/#website\"},\"primaryImageOfPage\":{\"@id\":\"https:\\\/\\\/www.eldiario.net\\\/portal\\\/2026\\\/09\\\/03\\\/comision-inicia-socializacion-del-proyecto-de-ley-de-inversiones-2\\\/#primaryimage\"},\"image\":{\"@id\":\"https:\\\/\\\/www.eldiario.net\\\/portal\\\/2026\\\/09\\\/03\\\/comision-inicia-socializacion-del-proyecto-de-ley-de-inversiones-2\\\/#primaryimage\"},\"thumbnailUrl\":\"https:\\\/\\\/www.eldiario.net\\\/portal\\\/wp-content\\\/uploads\\\/2026\\\/09\\\/Comision-rrss.webp\",\"datePublished\":\"2026-09-03T10:32:28+00:00\",\"breadcrumb\":{\"@id\":\"https:\\\/\\\/www.eldiario.net\\\/portal\\\/2026\\\/09\\\/03\\\/comision-inicia-socializacion-del-proyecto-de-ley-de-inversiones-2\\\/#breadcrumb\"},\"inLanguage\":\"es\",\"potentialAction\":[{\"@type\":\"ReadAction\",\"target\":[\"https:\\\/\\\/www.eldiario.net\\\/portal\\\/2026\\\/09\\\/03\\\/comision-inicia-socializacion-del-proyecto-de-ley-de-inversiones-2\\\/\"]}]},{\"@type\":\"ImageObject\",\"inLanguage\":\"es\",\"@id\":\"https:\\\/\\\/www.eldiario.net\\\/portal\\\/2026\\\/09\\\/03\\\/comision-inicia-socializacion-del-proyecto-de-ley-de-inversiones-2\\\/#primaryimage\",\"url\":\"https:\\\/\\\/www.eldiario.net\\\/portal\\\/wp-content\\\/uploads\\\/2026\\\/09\\\/Comision-rrss.webp\",\"contentUrl\":\"https:\\\/\\\/www.eldiario.net\\\/portal\\\/wp-content\\\/uploads\\\/2026\\\/09\\\/Comision-rrss.webp\",\"width\":1280,\"height\":853,\"caption\":\"Sesi\u00f3n de la Comisi\u00f3n de Planificaci\u00f3n de la C\u00e1mara Baja. CR\u00c9DITOS \\\/ RRSS\"},{\"@type\":\"BreadcrumbList\",\"@id\":\"https:\\\/\\\/www.eldiario.net\\\/portal\\\/2026\\\/09\\\/03\\\/comision-inicia-socializacion-del-proyecto-de-ley-de-inversiones-2\\\/#breadcrumb\",\"itemListElement\":[{\"@type\":\"ListItem\",\"position\":1,\"name\":\"Portada\",\"item\":\"https:\\\/\\\/www.eldiario.net\\\/portal\\\/\"},{\"@type\":\"ListItem\",\"position\":2,\"name\":\"Comisi\u00f3n inicia socializaci\u00f3n del proyecto de Ley de Inversiones\"}]},{\"@type\":\"WebSite\",\"@id\":\"https:\\\/\\\/www.eldiario.net\\\/portal\\\/#website\",\"url\":\"https:\\\/\\\/www.eldiario.net\\\/portal\\\/\",\"name\":\"El Diario - Decano de la prensa nacional\",\"description\":\"El Diario - Decano de la prensa nacional\",\"publisher\":{\"@id\":\"https:\\\/\\\/www.eldiario.net\\\/portal\\\/#organization\"},\"potentialAction\":[{\"@type\":\"SearchAction\",\"target\":{\"@type\":\"EntryPoint\",\"urlTemplate\":\"https:\\\/\\\/www.eldiario.net\\\/portal\\\/?s={search_term_string}\"},\"query-input\":{\"@type\":\"PropertyValueSpecification\",\"valueRequired\":true,\"valueName\":\"search_term_string\"}}],\"inLanguage\":\"es\"},{\"@type\":\"Organization\",\"@id\":\"https:\\\/\\\/www.eldiario.net\\\/portal\\\/#organization\",\"name\":\"El Diario - Decano de la prensa nacional\",\"url\":\"https:\\\/\\\/www.eldiario.net\\\/portal\\\/\",\"logo\":{\"@type\":\"ImageObject\",\"inLanguage\":\"es\",\"@id\":\"https:\\\/\\\/www.eldiario.net\\\/portal\\\/#\\\/schema\\\/logo\\\/image\\\/\",\"url\":\"https:\\\/\\\/www.eldiario.net\\\/portal\\\/wp-content\\\/uploads\\\/2023\\\/07\\\/logo_ED.jpg\",\"contentUrl\":\"https:\\\/\\\/www.eldiario.net\\\/portal\\\/wp-content\\\/uploads\\\/2023\\\/07\\\/logo_ED.jpg\",\"width\":272,\"height\":52,\"caption\":\"El Diario - Decano de la prensa nacional\"},\"image\":{\"@id\":\"https:\\\/\\\/www.eldiario.net\\\/portal\\\/#\\\/schema\\\/logo\\\/image\\\/\"},\"sameAs\":[\"https:\\\/\\\/www.facebook.com\\\/eldiario.bolivia\\\/\",\"https:\\\/\\\/x.com\\\/eldiario_net\"]},{\"@type\":\"Person\",\"@id\":\"https:\\\/\\\/www.eldiario.net\\\/portal\\\/#\\\/schema\\\/person\\\/f46445640444750d7d753ccd04ae01b7\",\"name\":\"Jeanette\",\"image\":{\"@type\":\"ImageObject\",\"inLanguage\":\"es\",\"@id\":\"https:\\\/\\\/secure.gravatar.com\\\/avatar\\\/3ea2118a5f7dad2b7138b1187a6b7ee55f160b9968b66013c3a3ef39dd7e5798?s=96&d=mm&r=g\",\"url\":\"https:\\\/\\\/secure.gravatar.com\\\/avatar\\\/3ea2118a5f7dad2b7138b1187a6b7ee55f160b9968b66013c3a3ef39dd7e5798?s=96&d=mm&r=g\",\"contentUrl\":\"https:\\\/\\\/secure.gravatar.com\\\/avatar\\\/3ea2118a5f7dad2b7138b1187a6b7ee55f160b9968b66013c3a3ef39dd7e5798?s=96&d=mm&r=g\",\"caption\":\"Jeanette\"},\"sameAs\":[\"https:\\\/\\\/www.eldiario.net\\\/portal\"],\"url\":\"https:\\\/\\\/www.eldiario.net\\\/portal\\\/author\\\/jeanette\\\/\"}]}<\/script>\n<!-- \/ Yoast SEO plugin. -->","yoast_head_json":{"title":"Comisi\u00f3n inicia socializaci\u00f3n del proyecto de Ley de Inversiones - El Diario - Bolivia","robots":{"index":"index","follow":"follow","max-snippet":"max-snippet:-1","max-image-preview":"max-image-preview:large","max-video-preview":"max-video-preview:-1"},"canonical":"https:\/\/www.eldiario.net\/portal\/2026\/09\/03\/comision-inicia-socializacion-del-proyecto-de-ley-de-inversiones-2\/","og_locale":"es_ES","og_type":"article","og_title":"Comisi\u00f3n inicia socializaci\u00f3n del proyecto de Ley de Inversiones - El Diario - Bolivia","og_description":"El presidente de la Comisi\u00f3n de Planificaci\u00f3n, Pol\u00edtica Econ\u00f3mica y Finanzas de la C\u00e1mara de Diputados, Ra\u00fal P\u00e1rraga, inform\u00f3 sobre el desarrollo de la primera mesa t\u00e9cnica de socializaci\u00f3n del proyecto de Ley de Inversiones remitido por el \u00d3rgano Ejecutivo, con la participaci\u00f3n de representantes de diferentes sectores vinculados a la econom\u00eda nacional. P\u00e1rraga explic\u00f3 [&hellip;]","og_url":"https:\/\/www.eldiario.net\/portal\/2026\/09\/03\/comision-inicia-socializacion-del-proyecto-de-ley-de-inversiones-2\/","og_site_name":"El Diario - Bolivia","article_publisher":"https:\/\/www.facebook.com\/eldiario.bolivia\/","article_published_time":"2026-09-03T10:32:28+00:00","og_image":[{"width":1280,"height":853,"url":"https:\/\/www.eldiario.net\/portal\/wp-content\/uploads\/2026\/09\/Comision-rrss.webp","type":"image\/webp"}],"author":"Jeanette","twitter_card":"summary_large_image","twitter_creator":"@eldiario_net","twitter_site":"@eldiario_net","twitter_misc":{"Escrito por":"Jeanette","Tiempo de lectura":"2 minutos"},"schema":{"@context":"https:\/\/schema.org","@graph":[{"@type":"Article","@id":"https:\/\/www.eldiario.net\/portal\/2026\/09\/03\/comision-inicia-socializacion-del-proyecto-de-ley-de-inversiones-2\/#article","isPartOf":{"@id":"https:\/\/www.eldiario.net\/portal\/2026\/09\/03\/comision-inicia-socializacion-del-proyecto-de-ley-de-inversiones-2\/"},"author":{"name":"Jeanette","@id":"https:\/\/www.eldiario.net\/portal\/#\/schema\/person\/f46445640444750d7d753ccd04ae01b7"},"headline":"Comisi\u00f3n inicia socializaci\u00f3n del proyecto de Ley de Inversiones","datePublished":"2026-09-03T10:32:28+00:00","mainEntityOfPage":{"@id":"https:\/\/www.eldiario.net\/portal\/2026\/09\/03\/comision-inicia-socializacion-del-proyecto-de-ley-de-inversiones-2\/"},"wordCount":367,"publisher":{"@id":"https:\/\/www.eldiario.net\/portal\/#organization"},"image":{"@id":"https:\/\/www.eldiario.net\/portal\/2026\/09\/03\/comision-inicia-socializacion-del-proyecto-de-ley-de-inversiones-2\/#primaryimage"},"thumbnailUrl":"https:\/\/www.eldiario.net\/portal\/wp-content\/uploads\/2026\/09\/Comision-rrss.webp","articleSection":["Pol\u00edtica"],"inLanguage":"es"},{"@type":"WebPage","@id":"https:\/\/www.eldiario.net\/portal\/2026\/09\/03\/comision-inicia-socializacion-del-proyecto-de-ley-de-inversiones-2\/","url":"https:\/\/www.eldiario.net\/portal\/2026\/09\/03\/comision-inicia-socializacion-del-proyecto-de-ley-de-inversiones-2\/","name":"Comisi\u00f3n inicia socializaci\u00f3n del proyecto de Ley de Inversiones - El Diario - Bolivia","isPartOf":{"@id":"https:\/\/www.eldiario.net\/portal\/#website"},"primaryImageOfPage":{"@id":"https:\/\/www.eldiario.net\/portal\/2026\/09\/03\/comision-inicia-socializacion-del-proyecto-de-ley-de-inversiones-2\/#primaryimage"},"image":{"@id":"https:\/\/www.eldiario.net\/portal\/2026\/09\/03\/comision-inicia-socializacion-del-proyecto-de-ley-de-inversiones-2\/#primaryimage"},"thumbnailUrl":"https:\/\/www.eldiario.net\/portal\/wp-content\/uploads\/2026\/09\/Comision-rrss.webp","datePublished":"2026-09-03T10:32:28+00:00","breadcrumb":{"@id":"https:\/\/www.eldiario.net\/portal\/2026\/09\/03\/comision-inicia-socializacion-del-proyecto-de-ley-de-inversiones-2\/#breadcrumb"},"inLanguage":"es","potentialAction":[{"@type":"ReadAction","target":["https:\/\/www.eldiario.net\/portal\/2026\/09\/03\/comision-inicia-socializacion-del-proyecto-de-ley-de-inversiones-2\/"]}]},{"@type":"ImageObject","inLanguage":"es","@id":"https:\/\/www.eldiario.net\/portal\/2026\/09\/03\/comision-inicia-socializacion-del-proyecto-de-ley-de-inversiones-2\/#primaryimage","url":"https:\/\/www.eldiario.net\/portal\/wp-content\/uploads\/2026\/09\/Comision-rrss.webp","contentUrl":"https:\/\/www.eldiario.net\/portal\/wp-content\/uploads\/2026\/09\/Comision-rrss.webp","width":1280,"height":853,"caption":"Sesi\u00f3n de la Comisi\u00f3n de Planificaci\u00f3n de la C\u00e1mara Baja. CR\u00c9DITOS \/ RRSS"},{"@type":"BreadcrumbList","@id":"https:\/\/www.eldiario.net\/portal\/2026\/09\/03\/comision-inicia-socializacion-del-proyecto-de-ley-de-inversiones-2\/#breadcrumb","itemListElement":[{"@type":"ListItem","position":1,"name":"Portada","item":"https:\/\/www.eldiario.net\/portal\/"},{"@type":"ListItem","position":2,"name":"Comisi\u00f3n inicia socializaci\u00f3n del proyecto de Ley de Inversiones"}]},{"@type":"WebSite","@id":"https:\/\/www.eldiario.net\/portal\/#website","url":"https:\/\/www.eldiario.net\/portal\/","name":"El Diario - Decano de la prensa nacional","description":"El Diario - Decano de la prensa nacional","publisher":{"@id":"https:\/\/www.eldiario.net\/portal\/#organization"},"potentialAction":[{"@type":"SearchAction","target":{"@type":"EntryPoint","urlTemplate":"https:\/\/www.eldiario.net\/portal\/?s={search_term_string}"},"query-input":{"@type":"PropertyValueSpecification","valueRequired":true,"valueName":"search_term_string"}}],"inLanguage":"es"},{"@type":"Organization","@id":"https:\/\/www.eldiario.net\/portal\/#organization","name":"El Diario - Decano de la prensa nacional","url":"https:\/\/www.eldiario.net\/portal\/","logo":{"@type":"ImageObject","inLanguage":"es","@id":"https:\/\/www.eldiario.net\/portal\/#\/schema\/logo\/image\/","url":"https:\/\/www.eldiario.net\/portal\/wp-content\/uploads\/2023\/07\/logo_ED.jpg","contentUrl":"https:\/\/www.eldiario.net\/portal\/wp-content\/uploads\/2023\/07\/logo_ED.jpg","width":272,"height":52,"caption":"El Diario - Decano de la prensa nacional"},"image":{"@id":"https:\/\/www.eldiario.net\/portal\/#\/schema\/logo\/image\/"},"sameAs":["https:\/\/www.facebook.com\/eldiario.bolivia\/","https:\/\/x.com\/eldiario_net"]},{"@type":"Person","@id":"https:\/\/www.eldiario.net\/portal\/#\/schema\/person\/f46445640444750d7d753ccd04ae01b7","name":"Jeanette","image":{"@type":"ImageObject","inLanguage":"es","@id":"https:\/\/secure.gravatar.com\/avatar\/3ea2118a5f7dad2b7138b1187a6b7ee55f160b9968b66013c3a3ef39dd7e5798?s=96&d=mm&r=g","url":"https:\/\/secure.gravatar.com\/avatar\/3ea2118a5f7dad2b7138b1187a6b7ee55f160b9968b66013c3a3ef39dd7e5798?s=96&d=mm&r=g","contentUrl":"https:\/\/secure.gravatar.com\/avatar\/3ea2118a5f7dad2b7138b1187a6b7ee55f160b9968b66013c3a3ef39dd7e5798?s=96&d=mm&r=g","caption":"Jeanette"},"sameAs":["https:\/\/www.eldiario.net\/portal"],"url":"https:\/\/www.eldiario.net\/portal\/author\/jeanette\/"}]}},"_links":{"self":[{"href":"https:\/\/www.eldiario.net\/portal\/wp-json\/wp\/v2\/posts\/427316","targetHints":{"allow":["GET"]}}],"collection":[{"href":"https:\/\/www.eldiario.net\/portal\/wp-json\/wp\/v2\/posts"}],"about":[{"href":"https:\/\/www.eldiario.net\/portal\/wp-json\/wp\/v2\/types\/post"}],"author":[{"embeddable":true,"href":"https:\/\/www.eldiario.net\/portal\/wp-json\/wp\/v2\/users\/1"}],"replies":[{"embeddable":true,"href":"https:\/\/www.eldiario.net\/portal\/wp-json\/wp\/v2\/comments?post=427316"}],"version-history":[{"count":1,"href":"https:\/\/www.eldiario.net\/portal\/wp-json\/wp\/v2\/posts\/427316\/revisions"}],"predecessor-version":[{"id":427318,"href":"https:\/\/www.eldiario.net\/portal\/wp-json\/wp\/v2\/posts\/427316\/revisions\/427318"}],"wp:featuredmedia":[{"embeddable":true,"href":"https:\/\/www.eldiario.net\/portal\/wp-json\/wp\/v2\/media\/427317"}],"wp:attachment":[{"href":"https:\/\/www.eldiario.net\/portal\/wp-json\/wp\/v2\/media?parent=427316"}],"wp:term":[{"taxonomy":"category","embeddable":true,"href":"https:\/\/www.eldiario.net\/portal\/wp-json\/wp\/v2\/categories?post=427316"},{"taxonomy":"post_tag","embeddable":true,"href":"https:\/\/www.eldiario.net\/portal\/wp-json\/wp\/v2\/tags?post=427316"}],"curies":[{"name":"wp","href":"https:\/\/api.w.org\/{rel}","templated":true}]}}