{"id":427313,"date":"2026-09-03T06:28:59","date_gmt":"2026-09-03T10:28:59","guid":{"rendered":"https:\/\/www.eldiario.net\/portal\/?p=427313"},"modified":"2026-09-03T06:28:59","modified_gmt":"2026-09-03T10:28:59","slug":"piden-al-tse-explicar-situacion-de-las-acefalias-en-tsj-y-tcp","status":"publish","type":"post","link":"https:\/\/www.eldiario.net\/portal\/2026\/09\/03\/piden-al-tse-explicar-situacion-de-las-acefalias-en-tsj-y-tcp\/","title":{"rendered":"Piden al TSE explicar situaci\u00f3n  de las acefal\u00edas en TSJ y TCP"},"content":{"rendered":"<p class=\"v1MsoNormal\">La senadora por alianza Unidad, Tatiana A\u00f1ez, remiti\u00f3 una Petici\u00f3n de Informe Escrito (PIE) al Tribunal Supremo Electoral (TSE) para establecer la situaci\u00f3n de las acefal\u00edas dentro del Tribunal Supremo de Justicia (TSJ) y el Tribunal Constitucional Plurinacional (TCP), tras las Elecciones Judiciales parciales de 2024.<\/p>\n<p class=\"v1MsoNormal\">\u00abEstamos presentando una Petici\u00f3n de Informe Escrito al TSE para conocer el estado de situaci\u00f3n, esto para realizar comicios judiciales complementarias, si se cuenta con el presupuesto, cu\u00e1l ser\u00eda el costo de una nueva elecci\u00f3n para cubrir las acefal\u00edas que quedaron tanto en el TSJ como el TCP\u00bb, explic\u00f3 la senadora representante de Santa Cruz.<\/p>\n<p class=\"v1MsoNormal\">En ese marco, A\u00f1ez explic\u00f3 que tambi\u00e9n se busca conocer si el per\u00edodo de mandato de los magistrados que sean elegidos en una eventual pr\u00f3xima elecci\u00f3n complementaria supondr\u00e1 una gesti\u00f3n por seis a\u00f1os, como establece la Constituci\u00f3n Pol\u00edtica del Estado o si \u00e9stas autoridades cumplir\u00e1n el periodo de tiempo junto a los magistrados que fueron posesionados el pasado 2 de enero de 2025.<\/p>\n<p class=\"v1MsoNormal\">En criterio de la senadora cruce\u00f1a, estas acefal\u00edas generadas a partir de la llamada crisis de los magistrados \u00abautoprorrogados\u00bb, repercute en la inseguridad que vive el pa\u00eds, porque un Estado debilitado en sus instituciones es presa f\u00e1cil del crimen organizado.<\/p>\n<p class=\"v1MsoNormal\">\u00abUno de los factores para el incremento de la inseguridad es la situaci\u00f3n actual en la justicia boliviana, esa carencia de institucionalidad generada por estas acefal\u00edas, la falta de presupuesto y el congestionamiento tambi\u00e9n suman en esta crisis\u00bb, a\u00f1adi\u00f3.<\/p>\n<p class=\"v1MsoNormal\">Las Elecciones Judiciales de diciembre de 2024 fueron realizadas de forma parcial, por recursos constitucionales que evitaron el desarrollo de comicios en cinco departamentos, afectando la designaci\u00f3n de magistrados al TCP en Cochabamba, Pando, Beni, Tarija y Santa Cruz, as\u00ed como dos acefal\u00edas en el TSJ en Beni y Pando.<\/p>\n","protected":false},"excerpt":{"rendered":"<p>La senadora por alianza Unidad, Tatiana A\u00f1ez, remiti\u00f3 una Petici\u00f3n de Informe Escrito (PIE) al Tribunal Supremo Electoral (TSE) para establecer la situaci\u00f3n de las acefal\u00edas dentro del Tribunal Supremo de Justicia (TSJ) y el Tribunal Constitucional Plurinacional (TCP), tras las Elecciones Judiciales parciales de 2024. \u00abEstamos presentando una Petici\u00f3n de Informe Escrito al TSE [&hellip;]<\/p>\n","protected":false},"author":1,"featured_media":427314,"comment_status":"closed","ping_status":"open","sticky":false,"template":"","format":"standard","meta":{"_acf_changed":false,"footnotes":""},"categories":[14],"tags":[],"class_list":["post-427313","post","type-post","status-publish","format-standard","has-post-thumbnail","category-politica"],"acf":{"antetitulo":"Mediante Petici\u00f3n de Informe"},"yoast_head":"<!-- This site is optimized with the Yoast SEO plugin v28.4 - https:\/\/yoast.com\/product\/yoast-seo-wordpress\/ -->\n<title>Piden al TSE explicar situaci\u00f3n de las acefal\u00edas en TSJ y TCP - El Diario - Bolivia<\/title>\n<meta name=\"robots\" content=\"index, follow, max-snippet:-1, max-image-preview:large, max-video-preview:-1\" \/>\n<link rel=\"canonical\" href=\"https:\/\/www.eldiario.net\/portal\/2026\/09\/03\/piden-al-tse-explicar-situacion-de-las-acefalias-en-tsj-y-tcp\/\" \/>\n<meta property=\"og:locale\" content=\"es_ES\" \/>\n<meta property=\"og:type\" content=\"article\" \/>\n<meta property=\"og:title\" content=\"Piden al TSE explicar situaci\u00f3n de las acefal\u00edas en TSJ y TCP - El Diario - Bolivia\" \/>\n<meta property=\"og:description\" content=\"La senadora por alianza Unidad, Tatiana A\u00f1ez, remiti\u00f3 una Petici\u00f3n de Informe Escrito (PIE) al Tribunal Supremo Electoral (TSE) para establecer la situaci\u00f3n de las acefal\u00edas dentro del Tribunal Supremo de Justicia (TSJ) y el Tribunal Constitucional Plurinacional (TCP), tras las Elecciones Judiciales parciales de 2024. \u00abEstamos presentando una Petici\u00f3n de Informe Escrito al TSE [&hellip;]\" \/>\n<meta property=\"og:url\" content=\"https:\/\/www.eldiario.net\/portal\/2026\/09\/03\/piden-al-tse-explicar-situacion-de-las-acefalias-en-tsj-y-tcp\/\" \/>\n<meta property=\"og:site_name\" content=\"El Diario - Bolivia\" \/>\n<meta property=\"article:publisher\" content=\"https:\/\/www.facebook.com\/eldiario.bolivia\/\" \/>\n<meta property=\"article:published_time\" content=\"2026-09-03T10:28:59+00:00\" \/>\n<meta property=\"og:image\" content=\"https:\/\/www.eldiario.net\/portal\/wp-content\/uploads\/2026\/09\/ACEFALIAS-ANEZ.jpg.jpeg\" \/>\n\t<meta property=\"og:image:width\" content=\"720\" \/>\n\t<meta property=\"og:image:height\" content=\"572\" \/>\n\t<meta property=\"og:image:type\" content=\"image\/jpeg\" \/>\n<meta name=\"author\" content=\"Jeanette\" \/>\n<meta name=\"twitter:card\" content=\"summary_large_image\" \/>\n<meta name=\"twitter:creator\" content=\"@eldiario_net\" \/>\n<meta name=\"twitter:site\" content=\"@eldiario_net\" \/>\n<meta name=\"twitter:label1\" content=\"Escrito por\" \/>\n\t<meta name=\"twitter:data1\" content=\"Jeanette\" \/>\n\t<meta name=\"twitter:label2\" content=\"Tiempo de lectura\" \/>\n\t<meta name=\"twitter:data2\" content=\"2 minutos\" \/>\n<script type=\"application\/ld+json\" class=\"yoast-schema-graph\">{\"@context\":\"https:\\\/\\\/schema.org\",\"@graph\":[{\"@type\":\"Article\",\"@id\":\"https:\\\/\\\/www.eldiario.net\\\/portal\\\/2026\\\/09\\\/03\\\/piden-al-tse-explicar-situacion-de-las-acefalias-en-tsj-y-tcp\\\/#article\",\"isPartOf\":{\"@id\":\"https:\\\/\\\/www.eldiario.net\\\/portal\\\/2026\\\/09\\\/03\\\/piden-al-tse-explicar-situacion-de-las-acefalias-en-tsj-y-tcp\\\/\"},\"author\":{\"name\":\"Jeanette\",\"@id\":\"https:\\\/\\\/www.eldiario.net\\\/portal\\\/#\\\/schema\\\/person\\\/f46445640444750d7d753ccd04ae01b7\"},\"headline\":\"Piden al TSE explicar situaci\u00f3n de las acefal\u00edas en TSJ y TCP\",\"datePublished\":\"2026-09-03T10:28:59+00:00\",\"mainEntityOfPage\":{\"@id\":\"https:\\\/\\\/www.eldiario.net\\\/portal\\\/2026\\\/09\\\/03\\\/piden-al-tse-explicar-situacion-de-las-acefalias-en-tsj-y-tcp\\\/\"},\"wordCount\":333,\"publisher\":{\"@id\":\"https:\\\/\\\/www.eldiario.net\\\/portal\\\/#organization\"},\"image\":{\"@id\":\"https:\\\/\\\/www.eldiario.net\\\/portal\\\/2026\\\/09\\\/03\\\/piden-al-tse-explicar-situacion-de-las-acefalias-en-tsj-y-tcp\\\/#primaryimage\"},\"thumbnailUrl\":\"https:\\\/\\\/www.eldiario.net\\\/portal\\\/wp-content\\\/uploads\\\/2026\\\/09\\\/ACEFALIAS-ANEZ.jpg.jpeg\",\"articleSection\":[\"Pol\u00edtica\"],\"inLanguage\":\"es\"},{\"@type\":\"WebPage\",\"@id\":\"https:\\\/\\\/www.eldiario.net\\\/portal\\\/2026\\\/09\\\/03\\\/piden-al-tse-explicar-situacion-de-las-acefalias-en-tsj-y-tcp\\\/\",\"url\":\"https:\\\/\\\/www.eldiario.net\\\/portal\\\/2026\\\/09\\\/03\\\/piden-al-tse-explicar-situacion-de-las-acefalias-en-tsj-y-tcp\\\/\",\"name\":\"Piden al TSE explicar situaci\u00f3n de las acefal\u00edas en TSJ y TCP - El Diario - Bolivia\",\"isPartOf\":{\"@id\":\"https:\\\/\\\/www.eldiario.net\\\/portal\\\/#website\"},\"primaryImageOfPage\":{\"@id\":\"https:\\\/\\\/www.eldiario.net\\\/portal\\\/2026\\\/09\\\/03\\\/piden-al-tse-explicar-situacion-de-las-acefalias-en-tsj-y-tcp\\\/#primaryimage\"},\"image\":{\"@id\":\"https:\\\/\\\/www.eldiario.net\\\/portal\\\/2026\\\/09\\\/03\\\/piden-al-tse-explicar-situacion-de-las-acefalias-en-tsj-y-tcp\\\/#primaryimage\"},\"thumbnailUrl\":\"https:\\\/\\\/www.eldiario.net\\\/portal\\\/wp-content\\\/uploads\\\/2026\\\/09\\\/ACEFALIAS-ANEZ.jpg.jpeg\",\"datePublished\":\"2026-09-03T10:28:59+00:00\",\"breadcrumb\":{\"@id\":\"https:\\\/\\\/www.eldiario.net\\\/portal\\\/2026\\\/09\\\/03\\\/piden-al-tse-explicar-situacion-de-las-acefalias-en-tsj-y-tcp\\\/#breadcrumb\"},\"inLanguage\":\"es\",\"potentialAction\":[{\"@type\":\"ReadAction\",\"target\":[\"https:\\\/\\\/www.eldiario.net\\\/portal\\\/2026\\\/09\\\/03\\\/piden-al-tse-explicar-situacion-de-las-acefalias-en-tsj-y-tcp\\\/\"]}]},{\"@type\":\"ImageObject\",\"inLanguage\":\"es\",\"@id\":\"https:\\\/\\\/www.eldiario.net\\\/portal\\\/2026\\\/09\\\/03\\\/piden-al-tse-explicar-situacion-de-las-acefalias-en-tsj-y-tcp\\\/#primaryimage\",\"url\":\"https:\\\/\\\/www.eldiario.net\\\/portal\\\/wp-content\\\/uploads\\\/2026\\\/09\\\/ACEFALIAS-ANEZ.jpg.jpeg\",\"contentUrl\":\"https:\\\/\\\/www.eldiario.net\\\/portal\\\/wp-content\\\/uploads\\\/2026\\\/09\\\/ACEFALIAS-ANEZ.jpg.jpeg\",\"width\":720,\"height\":572,\"caption\":\"Senadora de Unidad, Tatiana A\u00f1ez. CR\u00c9DITO: RRSS\"},{\"@type\":\"BreadcrumbList\",\"@id\":\"https:\\\/\\\/www.eldiario.net\\\/portal\\\/2026\\\/09\\\/03\\\/piden-al-tse-explicar-situacion-de-las-acefalias-en-tsj-y-tcp\\\/#breadcrumb\",\"itemListElement\":[{\"@type\":\"ListItem\",\"position\":1,\"name\":\"Portada\",\"item\":\"https:\\\/\\\/www.eldiario.net\\\/portal\\\/\"},{\"@type\":\"ListItem\",\"position\":2,\"name\":\"Piden al TSE explicar situaci\u00f3n de las acefal\u00edas en TSJ y TCP\"}]},{\"@type\":\"WebSite\",\"@id\":\"https:\\\/\\\/www.eldiario.net\\\/portal\\\/#website\",\"url\":\"https:\\\/\\\/www.eldiario.net\\\/portal\\\/\",\"name\":\"El Diario - Decano de la prensa nacional\",\"description\":\"El Diario - Decano de la prensa nacional\",\"publisher\":{\"@id\":\"https:\\\/\\\/www.eldiario.net\\\/portal\\\/#organization\"},\"potentialAction\":[{\"@type\":\"SearchAction\",\"target\":{\"@type\":\"EntryPoint\",\"urlTemplate\":\"https:\\\/\\\/www.eldiario.net\\\/portal\\\/?s={search_term_string}\"},\"query-input\":{\"@type\":\"PropertyValueSpecification\",\"valueRequired\":true,\"valueName\":\"search_term_string\"}}],\"inLanguage\":\"es\"},{\"@type\":\"Organization\",\"@id\":\"https:\\\/\\\/www.eldiario.net\\\/portal\\\/#organization\",\"name\":\"El Diario - Decano de la prensa nacional\",\"url\":\"https:\\\/\\\/www.eldiario.net\\\/portal\\\/\",\"logo\":{\"@type\":\"ImageObject\",\"inLanguage\":\"es\",\"@id\":\"https:\\\/\\\/www.eldiario.net\\\/portal\\\/#\\\/schema\\\/logo\\\/image\\\/\",\"url\":\"https:\\\/\\\/www.eldiario.net\\\/portal\\\/wp-content\\\/uploads\\\/2023\\\/07\\\/logo_ED.jpg\",\"contentUrl\":\"https:\\\/\\\/www.eldiario.net\\\/portal\\\/wp-content\\\/uploads\\\/2023\\\/07\\\/logo_ED.jpg\",\"width\":272,\"height\":52,\"caption\":\"El Diario - Decano de la prensa nacional\"},\"image\":{\"@id\":\"https:\\\/\\\/www.eldiario.net\\\/portal\\\/#\\\/schema\\\/logo\\\/image\\\/\"},\"sameAs\":[\"https:\\\/\\\/www.facebook.com\\\/eldiario.bolivia\\\/\",\"https:\\\/\\\/x.com\\\/eldiario_net\"]},{\"@type\":\"Person\",\"@id\":\"https:\\\/\\\/www.eldiario.net\\\/portal\\\/#\\\/schema\\\/person\\\/f46445640444750d7d753ccd04ae01b7\",\"name\":\"Jeanette\",\"image\":{\"@type\":\"ImageObject\",\"inLanguage\":\"es\",\"@id\":\"https:\\\/\\\/secure.gravatar.com\\\/avatar\\\/3ea2118a5f7dad2b7138b1187a6b7ee55f160b9968b66013c3a3ef39dd7e5798?s=96&d=mm&r=g\",\"url\":\"https:\\\/\\\/secure.gravatar.com\\\/avatar\\\/3ea2118a5f7dad2b7138b1187a6b7ee55f160b9968b66013c3a3ef39dd7e5798?s=96&d=mm&r=g\",\"contentUrl\":\"https:\\\/\\\/secure.gravatar.com\\\/avatar\\\/3ea2118a5f7dad2b7138b1187a6b7ee55f160b9968b66013c3a3ef39dd7e5798?s=96&d=mm&r=g\",\"caption\":\"Jeanette\"},\"sameAs\":[\"https:\\\/\\\/www.eldiario.net\\\/portal\"],\"url\":\"https:\\\/\\\/www.eldiario.net\\\/portal\\\/author\\\/jeanette\\\/\"}]}<\/script>\n<!-- \/ Yoast SEO plugin. -->","yoast_head_json":{"title":"Piden al TSE explicar situaci\u00f3n de las acefal\u00edas en TSJ y TCP - El Diario - Bolivia","robots":{"index":"index","follow":"follow","max-snippet":"max-snippet:-1","max-image-preview":"max-image-preview:large","max-video-preview":"max-video-preview:-1"},"canonical":"https:\/\/www.eldiario.net\/portal\/2026\/09\/03\/piden-al-tse-explicar-situacion-de-las-acefalias-en-tsj-y-tcp\/","og_locale":"es_ES","og_type":"article","og_title":"Piden al TSE explicar situaci\u00f3n de las acefal\u00edas en TSJ y TCP - El Diario - Bolivia","og_description":"La senadora por alianza Unidad, Tatiana A\u00f1ez, remiti\u00f3 una Petici\u00f3n de Informe Escrito (PIE) al Tribunal Supremo Electoral (TSE) para establecer la situaci\u00f3n de las acefal\u00edas dentro del Tribunal Supremo de Justicia (TSJ) y el Tribunal Constitucional Plurinacional (TCP), tras las Elecciones Judiciales parciales de 2024. \u00abEstamos presentando una Petici\u00f3n de Informe Escrito al TSE [&hellip;]","og_url":"https:\/\/www.eldiario.net\/portal\/2026\/09\/03\/piden-al-tse-explicar-situacion-de-las-acefalias-en-tsj-y-tcp\/","og_site_name":"El Diario - Bolivia","article_publisher":"https:\/\/www.facebook.com\/eldiario.bolivia\/","article_published_time":"2026-09-03T10:28:59+00:00","og_image":[{"width":720,"height":572,"url":"https:\/\/www.eldiario.net\/portal\/wp-content\/uploads\/2026\/09\/ACEFALIAS-ANEZ.jpg.jpeg","type":"image\/jpeg"}],"author":"Jeanette","twitter_card":"summary_large_image","twitter_creator":"@eldiario_net","twitter_site":"@eldiario_net","twitter_misc":{"Escrito por":"Jeanette","Tiempo de lectura":"2 minutos"},"schema":{"@context":"https:\/\/schema.org","@graph":[{"@type":"Article","@id":"https:\/\/www.eldiario.net\/portal\/2026\/09\/03\/piden-al-tse-explicar-situacion-de-las-acefalias-en-tsj-y-tcp\/#article","isPartOf":{"@id":"https:\/\/www.eldiario.net\/portal\/2026\/09\/03\/piden-al-tse-explicar-situacion-de-las-acefalias-en-tsj-y-tcp\/"},"author":{"name":"Jeanette","@id":"https:\/\/www.eldiario.net\/portal\/#\/schema\/person\/f46445640444750d7d753ccd04ae01b7"},"headline":"Piden al TSE explicar situaci\u00f3n de las acefal\u00edas en TSJ y TCP","datePublished":"2026-09-03T10:28:59+00:00","mainEntityOfPage":{"@id":"https:\/\/www.eldiario.net\/portal\/2026\/09\/03\/piden-al-tse-explicar-situacion-de-las-acefalias-en-tsj-y-tcp\/"},"wordCount":333,"publisher":{"@id":"https:\/\/www.eldiario.net\/portal\/#organization"},"image":{"@id":"https:\/\/www.eldiario.net\/portal\/2026\/09\/03\/piden-al-tse-explicar-situacion-de-las-acefalias-en-tsj-y-tcp\/#primaryimage"},"thumbnailUrl":"https:\/\/www.eldiario.net\/portal\/wp-content\/uploads\/2026\/09\/ACEFALIAS-ANEZ.jpg.jpeg","articleSection":["Pol\u00edtica"],"inLanguage":"es"},{"@type":"WebPage","@id":"https:\/\/www.eldiario.net\/portal\/2026\/09\/03\/piden-al-tse-explicar-situacion-de-las-acefalias-en-tsj-y-tcp\/","url":"https:\/\/www.eldiario.net\/portal\/2026\/09\/03\/piden-al-tse-explicar-situacion-de-las-acefalias-en-tsj-y-tcp\/","name":"Piden al TSE explicar situaci\u00f3n de las acefal\u00edas en TSJ y TCP - El Diario - Bolivia","isPartOf":{"@id":"https:\/\/www.eldiario.net\/portal\/#website"},"primaryImageOfPage":{"@id":"https:\/\/www.eldiario.net\/portal\/2026\/09\/03\/piden-al-tse-explicar-situacion-de-las-acefalias-en-tsj-y-tcp\/#primaryimage"},"image":{"@id":"https:\/\/www.eldiario.net\/portal\/2026\/09\/03\/piden-al-tse-explicar-situacion-de-las-acefalias-en-tsj-y-tcp\/#primaryimage"},"thumbnailUrl":"https:\/\/www.eldiario.net\/portal\/wp-content\/uploads\/2026\/09\/ACEFALIAS-ANEZ.jpg.jpeg","datePublished":"2026-09-03T10:28:59+00:00","breadcrumb":{"@id":"https:\/\/www.eldiario.net\/portal\/2026\/09\/03\/piden-al-tse-explicar-situacion-de-las-acefalias-en-tsj-y-tcp\/#breadcrumb"},"inLanguage":"es","potentialAction":[{"@type":"ReadAction","target":["https:\/\/www.eldiario.net\/portal\/2026\/09\/03\/piden-al-tse-explicar-situacion-de-las-acefalias-en-tsj-y-tcp\/"]}]},{"@type":"ImageObject","inLanguage":"es","@id":"https:\/\/www.eldiario.net\/portal\/2026\/09\/03\/piden-al-tse-explicar-situacion-de-las-acefalias-en-tsj-y-tcp\/#primaryimage","url":"https:\/\/www.eldiario.net\/portal\/wp-content\/uploads\/2026\/09\/ACEFALIAS-ANEZ.jpg.jpeg","contentUrl":"https:\/\/www.eldiario.net\/portal\/wp-content\/uploads\/2026\/09\/ACEFALIAS-ANEZ.jpg.jpeg","width":720,"height":572,"caption":"Senadora de Unidad, Tatiana A\u00f1ez. CR\u00c9DITO: RRSS"},{"@type":"BreadcrumbList","@id":"https:\/\/www.eldiario.net\/portal\/2026\/09\/03\/piden-al-tse-explicar-situacion-de-las-acefalias-en-tsj-y-tcp\/#breadcrumb","itemListElement":[{"@type":"ListItem","position":1,"name":"Portada","item":"https:\/\/www.eldiario.net\/portal\/"},{"@type":"ListItem","position":2,"name":"Piden al TSE explicar situaci\u00f3n de las acefal\u00edas en TSJ y TCP"}]},{"@type":"WebSite","@id":"https:\/\/www.eldiario.net\/portal\/#website","url":"https:\/\/www.eldiario.net\/portal\/","name":"El Diario - Decano de la prensa nacional","description":"El Diario - Decano de la prensa nacional","publisher":{"@id":"https:\/\/www.eldiario.net\/portal\/#organization"},"potentialAction":[{"@type":"SearchAction","target":{"@type":"EntryPoint","urlTemplate":"https:\/\/www.eldiario.net\/portal\/?s={search_term_string}"},"query-input":{"@type":"PropertyValueSpecification","valueRequired":true,"valueName":"search_term_string"}}],"inLanguage":"es"},{"@type":"Organization","@id":"https:\/\/www.eldiario.net\/portal\/#organization","name":"El Diario - Decano de la prensa nacional","url":"https:\/\/www.eldiario.net\/portal\/","logo":{"@type":"ImageObject","inLanguage":"es","@id":"https:\/\/www.eldiario.net\/portal\/#\/schema\/logo\/image\/","url":"https:\/\/www.eldiario.net\/portal\/wp-content\/uploads\/2023\/07\/logo_ED.jpg","contentUrl":"https:\/\/www.eldiario.net\/portal\/wp-content\/uploads\/2023\/07\/logo_ED.jpg","width":272,"height":52,"caption":"El Diario - Decano de la prensa nacional"},"image":{"@id":"https:\/\/www.eldiario.net\/portal\/#\/schema\/logo\/image\/"},"sameAs":["https:\/\/www.facebook.com\/eldiario.bolivia\/","https:\/\/x.com\/eldiario_net"]},{"@type":"Person","@id":"https:\/\/www.eldiario.net\/portal\/#\/schema\/person\/f46445640444750d7d753ccd04ae01b7","name":"Jeanette","image":{"@type":"ImageObject","inLanguage":"es","@id":"https:\/\/secure.gravatar.com\/avatar\/3ea2118a5f7dad2b7138b1187a6b7ee55f160b9968b66013c3a3ef39dd7e5798?s=96&d=mm&r=g","url":"https:\/\/secure.gravatar.com\/avatar\/3ea2118a5f7dad2b7138b1187a6b7ee55f160b9968b66013c3a3ef39dd7e5798?s=96&d=mm&r=g","contentUrl":"https:\/\/secure.gravatar.com\/avatar\/3ea2118a5f7dad2b7138b1187a6b7ee55f160b9968b66013c3a3ef39dd7e5798?s=96&d=mm&r=g","caption":"Jeanette"},"sameAs":["https:\/\/www.eldiario.net\/portal"],"url":"https:\/\/www.eldiario.net\/portal\/author\/jeanette\/"}]}},"_links":{"self":[{"href":"https:\/\/www.eldiario.net\/portal\/wp-json\/wp\/v2\/posts\/427313","targetHints":{"allow":["GET"]}}],"collection":[{"href":"https:\/\/www.eldiario.net\/portal\/wp-json\/wp\/v2\/posts"}],"about":[{"href":"https:\/\/www.eldiario.net\/portal\/wp-json\/wp\/v2\/types\/post"}],"author":[{"embeddable":true,"href":"https:\/\/www.eldiario.net\/portal\/wp-json\/wp\/v2\/users\/1"}],"replies":[{"embeddable":true,"href":"https:\/\/www.eldiario.net\/portal\/wp-json\/wp\/v2\/comments?post=427313"}],"version-history":[{"count":1,"href":"https:\/\/www.eldiario.net\/portal\/wp-json\/wp\/v2\/posts\/427313\/revisions"}],"predecessor-version":[{"id":427315,"href":"https:\/\/www.eldiario.net\/portal\/wp-json\/wp\/v2\/posts\/427313\/revisions\/427315"}],"wp:featuredmedia":[{"embeddable":true,"href":"https:\/\/www.eldiario.net\/portal\/wp-json\/wp\/v2\/media\/427314"}],"wp:attachment":[{"href":"https:\/\/www.eldiario.net\/portal\/wp-json\/wp\/v2\/media?parent=427313"}],"wp:term":[{"taxonomy":"category","embeddable":true,"href":"https:\/\/www.eldiario.net\/portal\/wp-json\/wp\/v2\/categories?post=427313"},{"taxonomy":"post_tag","embeddable":true,"href":"https:\/\/www.eldiario.net\/portal\/wp-json\/wp\/v2\/tags?post=427313"}],"curies":[{"name":"wp","href":"https:\/\/api.w.org\/{rel}","templated":true}]}}