{"id":427310,"date":"2026-09-03T06:27:43","date_gmt":"2026-09-03T10:27:43","guid":{"rendered":"https:\/\/www.eldiario.net\/portal\/?p=427310"},"modified":"2026-09-03T06:27:43","modified_gmt":"2026-09-03T10:27:43","slug":"proyecto-de-reforma-constitucional-busca-prohibir-las-expropiaciones","status":"publish","type":"post","link":"https:\/\/www.eldiario.net\/portal\/2026\/09\/03\/proyecto-de-reforma-constitucional-busca-prohibir-las-expropiaciones\/","title":{"rendered":"Proyecto de reforma constitucional  busca prohibir las expropiaciones"},"content":{"rendered":"<p class=\"v1MsoNormal\">El diputado Carlos Alarc\u00f3n (Unidad) y el presidente del Senado, Diego \u00c1vila (PDC), han presentado un proyecto de Ley de Reforma Parcial de la Constituci\u00f3n Pol\u00edtica del Estado, el cual plantea prohibir las expropiaciones o nacionalizaciones, adem\u00e1s de permitir los arbitrajes internacionales en temas de inversi\u00f3n.<\/p>\n<p class=\"v1MsoNormal\">El proyecto, presentado al Senado, plantea incorporar el art\u00edculo 412 a la Constituci\u00f3n con dos par\u00e1grafos: uno que \u00abproh\u00edbe todo tipo de expropiaci\u00f3n, nacionalizaci\u00f3n, estatizaci\u00f3n, y\/o reversi\u00f3n de inversiones nacionales y extranjeras\u00bb.<\/p>\n<p class=\"v1MsoNormal\">Asimismo, en ese art\u00edculo se plantea un segundo par\u00e1grafo para que todo tipo de controversias del Estado con inversionistas sean decididas por m\u00e9todos amistosos o por la jurisdicci\u00f3n estatal boliviana o jurisdicci\u00f3n arbitral, nacional o internacional.<\/p>\n<p class=\"v1MsoNormal\">El proyecto tambi\u00e9n propone desconstitucionalizar 30 art\u00edculos de la Constituci\u00f3n, que se refieren a temas como la elecci\u00f3n de magistrados judiciales por voto, adem\u00e1s del r\u00e9gimen de inversiones y recursos naturales, con la finalidad de que puedan ser regulados por ley en el plazo de un a\u00f1o.<\/p>\n<p class=\"v1MsoNormal\">Los art\u00edculos que se proponen desconstitucionalizar son los siguientes: 182; 183; 185; 187; 188; 194; 198; 199; 200; 201; 203; 227; 228; 310; 319; 320; 351; 352; 355; 356; 357; 358; 359; 361; 362; 363; 367; 370; 373; 378.<\/p>\n<p class=\"v1MsoNormal\">Por \u00faltimo, la propuesta sugiere derogar tres textos de la Carta Magna: el que tipifica como traici\u00f3n a la patria violar el r\u00e9gimen constitucional de recursos naturales; el que obliga a las inversiones extranjeras a sujetarse a leyes bolivianas; y el que proh\u00edbe el arbitraje internacional.<\/p>\n<p class=\"v1MsoNormal\">\n<p class=\"v1MsoNormal\">FASES DE LA REFORMA<\/p>\n<p class=\"v1MsoNormal\">El documento, firmado por Alarc\u00f3n y \u00c1vila, explica que deber\u00edan desarrollarse tres fases de la reforma parcial de la Constituci\u00f3n.<\/p>\n<p class=\"v1MsoNormal\">La primera fase consiste en el tratamiento de ambas c\u00e1maras, Senadores y Diputados, por separado para pronunciarse sobre el contenido de la reforma.<\/p>\n<p class=\"v1MsoNormal\">La segunda fase ser\u00eda de sanci\u00f3n del texto de la reforma en el pleno de la Asamblea, con dos tercios de votos.<\/p>\n<p class=\"v1MsoNormal\">La tercera fase consiste en someter la reforma al voto popular mediante referendo. (Erbol)<\/p>\n","protected":false},"excerpt":{"rendered":"<p>El diputado Carlos Alarc\u00f3n (Unidad) y el presidente del Senado, Diego \u00c1vila (PDC), han presentado un proyecto de Ley de Reforma Parcial de la Constituci\u00f3n Pol\u00edtica del Estado, el cual plantea prohibir las expropiaciones o nacionalizaciones, adem\u00e1s de permitir los arbitrajes internacionales en temas de inversi\u00f3n. El proyecto, presentado al Senado, plantea incorporar el art\u00edculo [&hellip;]<\/p>\n","protected":false},"author":1,"featured_media":427311,"comment_status":"closed","ping_status":"open","sticky":false,"template":"","format":"standard","meta":{"_acf_changed":false,"footnotes":""},"categories":[14],"tags":[],"class_list":["post-427310","post","type-post","status-publish","format-standard","has-post-thumbnail","category-politica"],"acf":{"antetitulo":"Propone desconstitucionalizar 30 art\u00edculos"},"yoast_head":"<!-- This site is optimized with the Yoast SEO plugin v28.4 - https:\/\/yoast.com\/product\/yoast-seo-wordpress\/ -->\n<title>Proyecto de reforma constitucional busca prohibir las expropiaciones - El Diario - Bolivia<\/title>\n<meta name=\"robots\" content=\"index, follow, max-snippet:-1, max-image-preview:large, max-video-preview:-1\" \/>\n<link rel=\"canonical\" href=\"https:\/\/www.eldiario.net\/portal\/2026\/09\/03\/proyecto-de-reforma-constitucional-busca-prohibir-las-expropiaciones\/\" \/>\n<meta property=\"og:locale\" content=\"es_ES\" \/>\n<meta property=\"og:type\" content=\"article\" \/>\n<meta property=\"og:title\" content=\"Proyecto de reforma constitucional busca prohibir las expropiaciones - El Diario - Bolivia\" \/>\n<meta property=\"og:description\" content=\"El diputado Carlos Alarc\u00f3n (Unidad) y el presidente del Senado, Diego \u00c1vila (PDC), han presentado un proyecto de Ley de Reforma Parcial de la Constituci\u00f3n Pol\u00edtica del Estado, el cual plantea prohibir las expropiaciones o nacionalizaciones, adem\u00e1s de permitir los arbitrajes internacionales en temas de inversi\u00f3n. El proyecto, presentado al Senado, plantea incorporar el art\u00edculo [&hellip;]\" \/>\n<meta property=\"og:url\" content=\"https:\/\/www.eldiario.net\/portal\/2026\/09\/03\/proyecto-de-reforma-constitucional-busca-prohibir-las-expropiaciones\/\" \/>\n<meta property=\"og:site_name\" content=\"El Diario - Bolivia\" \/>\n<meta property=\"article:publisher\" content=\"https:\/\/www.facebook.com\/eldiario.bolivia\/\" \/>\n<meta property=\"article:published_time\" content=\"2026-09-03T10:27:43+00:00\" \/>\n<meta property=\"og:image\" content=\"https:\/\/www.eldiario.net\/portal\/wp-content\/uploads\/2026\/09\/alarcon-avila-Erbol.webp\" \/>\n\t<meta property=\"og:image:width\" content=\"900\" \/>\n\t<meta property=\"og:image:height\" content=\"611\" \/>\n\t<meta property=\"og:image:type\" content=\"image\/webp\" \/>\n<meta name=\"author\" content=\"Jeanette\" \/>\n<meta name=\"twitter:card\" content=\"summary_large_image\" \/>\n<meta name=\"twitter:creator\" content=\"@eldiario_net\" \/>\n<meta name=\"twitter:site\" content=\"@eldiario_net\" \/>\n<meta name=\"twitter:label1\" content=\"Escrito por\" \/>\n\t<meta name=\"twitter:data1\" content=\"Jeanette\" \/>\n\t<meta name=\"twitter:label2\" content=\"Tiempo de lectura\" \/>\n\t<meta name=\"twitter:data2\" content=\"2 minutos\" \/>\n<script type=\"application\/ld+json\" class=\"yoast-schema-graph\">{\"@context\":\"https:\\\/\\\/schema.org\",\"@graph\":[{\"@type\":\"Article\",\"@id\":\"https:\\\/\\\/www.eldiario.net\\\/portal\\\/2026\\\/09\\\/03\\\/proyecto-de-reforma-constitucional-busca-prohibir-las-expropiaciones\\\/#article\",\"isPartOf\":{\"@id\":\"https:\\\/\\\/www.eldiario.net\\\/portal\\\/2026\\\/09\\\/03\\\/proyecto-de-reforma-constitucional-busca-prohibir-las-expropiaciones\\\/\"},\"author\":{\"name\":\"Jeanette\",\"@id\":\"https:\\\/\\\/www.eldiario.net\\\/portal\\\/#\\\/schema\\\/person\\\/f46445640444750d7d753ccd04ae01b7\"},\"headline\":\"Proyecto de reforma constitucional busca prohibir las expropiaciones\",\"datePublished\":\"2026-09-03T10:27:43+00:00\",\"mainEntityOfPage\":{\"@id\":\"https:\\\/\\\/www.eldiario.net\\\/portal\\\/2026\\\/09\\\/03\\\/proyecto-de-reforma-constitucional-busca-prohibir-las-expropiaciones\\\/\"},\"wordCount\":341,\"publisher\":{\"@id\":\"https:\\\/\\\/www.eldiario.net\\\/portal\\\/#organization\"},\"image\":{\"@id\":\"https:\\\/\\\/www.eldiario.net\\\/portal\\\/2026\\\/09\\\/03\\\/proyecto-de-reforma-constitucional-busca-prohibir-las-expropiaciones\\\/#primaryimage\"},\"thumbnailUrl\":\"https:\\\/\\\/www.eldiario.net\\\/portal\\\/wp-content\\\/uploads\\\/2026\\\/09\\\/alarcon-avila-Erbol.webp\",\"articleSection\":[\"Pol\u00edtica\"],\"inLanguage\":\"es\"},{\"@type\":\"WebPage\",\"@id\":\"https:\\\/\\\/www.eldiario.net\\\/portal\\\/2026\\\/09\\\/03\\\/proyecto-de-reforma-constitucional-busca-prohibir-las-expropiaciones\\\/\",\"url\":\"https:\\\/\\\/www.eldiario.net\\\/portal\\\/2026\\\/09\\\/03\\\/proyecto-de-reforma-constitucional-busca-prohibir-las-expropiaciones\\\/\",\"name\":\"Proyecto de reforma constitucional busca prohibir las expropiaciones - El Diario - Bolivia\",\"isPartOf\":{\"@id\":\"https:\\\/\\\/www.eldiario.net\\\/portal\\\/#website\"},\"primaryImageOfPage\":{\"@id\":\"https:\\\/\\\/www.eldiario.net\\\/portal\\\/2026\\\/09\\\/03\\\/proyecto-de-reforma-constitucional-busca-prohibir-las-expropiaciones\\\/#primaryimage\"},\"image\":{\"@id\":\"https:\\\/\\\/www.eldiario.net\\\/portal\\\/2026\\\/09\\\/03\\\/proyecto-de-reforma-constitucional-busca-prohibir-las-expropiaciones\\\/#primaryimage\"},\"thumbnailUrl\":\"https:\\\/\\\/www.eldiario.net\\\/portal\\\/wp-content\\\/uploads\\\/2026\\\/09\\\/alarcon-avila-Erbol.webp\",\"datePublished\":\"2026-09-03T10:27:43+00:00\",\"breadcrumb\":{\"@id\":\"https:\\\/\\\/www.eldiario.net\\\/portal\\\/2026\\\/09\\\/03\\\/proyecto-de-reforma-constitucional-busca-prohibir-las-expropiaciones\\\/#breadcrumb\"},\"inLanguage\":\"es\",\"potentialAction\":[{\"@type\":\"ReadAction\",\"target\":[\"https:\\\/\\\/www.eldiario.net\\\/portal\\\/2026\\\/09\\\/03\\\/proyecto-de-reforma-constitucional-busca-prohibir-las-expropiaciones\\\/\"]}]},{\"@type\":\"ImageObject\",\"inLanguage\":\"es\",\"@id\":\"https:\\\/\\\/www.eldiario.net\\\/portal\\\/2026\\\/09\\\/03\\\/proyecto-de-reforma-constitucional-busca-prohibir-las-expropiaciones\\\/#primaryimage\",\"url\":\"https:\\\/\\\/www.eldiario.net\\\/portal\\\/wp-content\\\/uploads\\\/2026\\\/09\\\/alarcon-avila-Erbol.webp\",\"contentUrl\":\"https:\\\/\\\/www.eldiario.net\\\/portal\\\/wp-content\\\/uploads\\\/2026\\\/09\\\/alarcon-avila-Erbol.webp\",\"width\":900,\"height\":611,\"caption\":\"El documento est\u00e1 firmado por los legisladores Carlos Alarc\u00f3n y Diego \u00c1vila. CR\u00c9DITO: Erbol\"},{\"@type\":\"BreadcrumbList\",\"@id\":\"https:\\\/\\\/www.eldiario.net\\\/portal\\\/2026\\\/09\\\/03\\\/proyecto-de-reforma-constitucional-busca-prohibir-las-expropiaciones\\\/#breadcrumb\",\"itemListElement\":[{\"@type\":\"ListItem\",\"position\":1,\"name\":\"Portada\",\"item\":\"https:\\\/\\\/www.eldiario.net\\\/portal\\\/\"},{\"@type\":\"ListItem\",\"position\":2,\"name\":\"Proyecto de reforma constitucional busca prohibir las expropiaciones\"}]},{\"@type\":\"WebSite\",\"@id\":\"https:\\\/\\\/www.eldiario.net\\\/portal\\\/#website\",\"url\":\"https:\\\/\\\/www.eldiario.net\\\/portal\\\/\",\"name\":\"El Diario - Decano de la prensa nacional\",\"description\":\"El Diario - Decano de la prensa nacional\",\"publisher\":{\"@id\":\"https:\\\/\\\/www.eldiario.net\\\/portal\\\/#organization\"},\"potentialAction\":[{\"@type\":\"SearchAction\",\"target\":{\"@type\":\"EntryPoint\",\"urlTemplate\":\"https:\\\/\\\/www.eldiario.net\\\/portal\\\/?s={search_term_string}\"},\"query-input\":{\"@type\":\"PropertyValueSpecification\",\"valueRequired\":true,\"valueName\":\"search_term_string\"}}],\"inLanguage\":\"es\"},{\"@type\":\"Organization\",\"@id\":\"https:\\\/\\\/www.eldiario.net\\\/portal\\\/#organization\",\"name\":\"El Diario - Decano de la prensa nacional\",\"url\":\"https:\\\/\\\/www.eldiario.net\\\/portal\\\/\",\"logo\":{\"@type\":\"ImageObject\",\"inLanguage\":\"es\",\"@id\":\"https:\\\/\\\/www.eldiario.net\\\/portal\\\/#\\\/schema\\\/logo\\\/image\\\/\",\"url\":\"https:\\\/\\\/www.eldiario.net\\\/portal\\\/wp-content\\\/uploads\\\/2023\\\/07\\\/logo_ED.jpg\",\"contentUrl\":\"https:\\\/\\\/www.eldiario.net\\\/portal\\\/wp-content\\\/uploads\\\/2023\\\/07\\\/logo_ED.jpg\",\"width\":272,\"height\":52,\"caption\":\"El Diario - Decano de la prensa nacional\"},\"image\":{\"@id\":\"https:\\\/\\\/www.eldiario.net\\\/portal\\\/#\\\/schema\\\/logo\\\/image\\\/\"},\"sameAs\":[\"https:\\\/\\\/www.facebook.com\\\/eldiario.bolivia\\\/\",\"https:\\\/\\\/x.com\\\/eldiario_net\"]},{\"@type\":\"Person\",\"@id\":\"https:\\\/\\\/www.eldiario.net\\\/portal\\\/#\\\/schema\\\/person\\\/f46445640444750d7d753ccd04ae01b7\",\"name\":\"Jeanette\",\"image\":{\"@type\":\"ImageObject\",\"inLanguage\":\"es\",\"@id\":\"https:\\\/\\\/secure.gravatar.com\\\/avatar\\\/3ea2118a5f7dad2b7138b1187a6b7ee55f160b9968b66013c3a3ef39dd7e5798?s=96&d=mm&r=g\",\"url\":\"https:\\\/\\\/secure.gravatar.com\\\/avatar\\\/3ea2118a5f7dad2b7138b1187a6b7ee55f160b9968b66013c3a3ef39dd7e5798?s=96&d=mm&r=g\",\"contentUrl\":\"https:\\\/\\\/secure.gravatar.com\\\/avatar\\\/3ea2118a5f7dad2b7138b1187a6b7ee55f160b9968b66013c3a3ef39dd7e5798?s=96&d=mm&r=g\",\"caption\":\"Jeanette\"},\"sameAs\":[\"https:\\\/\\\/www.eldiario.net\\\/portal\"],\"url\":\"https:\\\/\\\/www.eldiario.net\\\/portal\\\/author\\\/jeanette\\\/\"}]}<\/script>\n<!-- \/ Yoast SEO plugin. -->","yoast_head_json":{"title":"Proyecto de reforma constitucional busca prohibir las expropiaciones - El Diario - Bolivia","robots":{"index":"index","follow":"follow","max-snippet":"max-snippet:-1","max-image-preview":"max-image-preview:large","max-video-preview":"max-video-preview:-1"},"canonical":"https:\/\/www.eldiario.net\/portal\/2026\/09\/03\/proyecto-de-reforma-constitucional-busca-prohibir-las-expropiaciones\/","og_locale":"es_ES","og_type":"article","og_title":"Proyecto de reforma constitucional busca prohibir las expropiaciones - El Diario - Bolivia","og_description":"El diputado Carlos Alarc\u00f3n (Unidad) y el presidente del Senado, Diego \u00c1vila (PDC), han presentado un proyecto de Ley de Reforma Parcial de la Constituci\u00f3n Pol\u00edtica del Estado, el cual plantea prohibir las expropiaciones o nacionalizaciones, adem\u00e1s de permitir los arbitrajes internacionales en temas de inversi\u00f3n. El proyecto, presentado al Senado, plantea incorporar el art\u00edculo [&hellip;]","og_url":"https:\/\/www.eldiario.net\/portal\/2026\/09\/03\/proyecto-de-reforma-constitucional-busca-prohibir-las-expropiaciones\/","og_site_name":"El Diario - Bolivia","article_publisher":"https:\/\/www.facebook.com\/eldiario.bolivia\/","article_published_time":"2026-09-03T10:27:43+00:00","og_image":[{"width":900,"height":611,"url":"https:\/\/www.eldiario.net\/portal\/wp-content\/uploads\/2026\/09\/alarcon-avila-Erbol.webp","type":"image\/webp"}],"author":"Jeanette","twitter_card":"summary_large_image","twitter_creator":"@eldiario_net","twitter_site":"@eldiario_net","twitter_misc":{"Escrito por":"Jeanette","Tiempo de lectura":"2 minutos"},"schema":{"@context":"https:\/\/schema.org","@graph":[{"@type":"Article","@id":"https:\/\/www.eldiario.net\/portal\/2026\/09\/03\/proyecto-de-reforma-constitucional-busca-prohibir-las-expropiaciones\/#article","isPartOf":{"@id":"https:\/\/www.eldiario.net\/portal\/2026\/09\/03\/proyecto-de-reforma-constitucional-busca-prohibir-las-expropiaciones\/"},"author":{"name":"Jeanette","@id":"https:\/\/www.eldiario.net\/portal\/#\/schema\/person\/f46445640444750d7d753ccd04ae01b7"},"headline":"Proyecto de reforma constitucional busca prohibir las expropiaciones","datePublished":"2026-09-03T10:27:43+00:00","mainEntityOfPage":{"@id":"https:\/\/www.eldiario.net\/portal\/2026\/09\/03\/proyecto-de-reforma-constitucional-busca-prohibir-las-expropiaciones\/"},"wordCount":341,"publisher":{"@id":"https:\/\/www.eldiario.net\/portal\/#organization"},"image":{"@id":"https:\/\/www.eldiario.net\/portal\/2026\/09\/03\/proyecto-de-reforma-constitucional-busca-prohibir-las-expropiaciones\/#primaryimage"},"thumbnailUrl":"https:\/\/www.eldiario.net\/portal\/wp-content\/uploads\/2026\/09\/alarcon-avila-Erbol.webp","articleSection":["Pol\u00edtica"],"inLanguage":"es"},{"@type":"WebPage","@id":"https:\/\/www.eldiario.net\/portal\/2026\/09\/03\/proyecto-de-reforma-constitucional-busca-prohibir-las-expropiaciones\/","url":"https:\/\/www.eldiario.net\/portal\/2026\/09\/03\/proyecto-de-reforma-constitucional-busca-prohibir-las-expropiaciones\/","name":"Proyecto de reforma constitucional busca prohibir las expropiaciones - El Diario - Bolivia","isPartOf":{"@id":"https:\/\/www.eldiario.net\/portal\/#website"},"primaryImageOfPage":{"@id":"https:\/\/www.eldiario.net\/portal\/2026\/09\/03\/proyecto-de-reforma-constitucional-busca-prohibir-las-expropiaciones\/#primaryimage"},"image":{"@id":"https:\/\/www.eldiario.net\/portal\/2026\/09\/03\/proyecto-de-reforma-constitucional-busca-prohibir-las-expropiaciones\/#primaryimage"},"thumbnailUrl":"https:\/\/www.eldiario.net\/portal\/wp-content\/uploads\/2026\/09\/alarcon-avila-Erbol.webp","datePublished":"2026-09-03T10:27:43+00:00","breadcrumb":{"@id":"https:\/\/www.eldiario.net\/portal\/2026\/09\/03\/proyecto-de-reforma-constitucional-busca-prohibir-las-expropiaciones\/#breadcrumb"},"inLanguage":"es","potentialAction":[{"@type":"ReadAction","target":["https:\/\/www.eldiario.net\/portal\/2026\/09\/03\/proyecto-de-reforma-constitucional-busca-prohibir-las-expropiaciones\/"]}]},{"@type":"ImageObject","inLanguage":"es","@id":"https:\/\/www.eldiario.net\/portal\/2026\/09\/03\/proyecto-de-reforma-constitucional-busca-prohibir-las-expropiaciones\/#primaryimage","url":"https:\/\/www.eldiario.net\/portal\/wp-content\/uploads\/2026\/09\/alarcon-avila-Erbol.webp","contentUrl":"https:\/\/www.eldiario.net\/portal\/wp-content\/uploads\/2026\/09\/alarcon-avila-Erbol.webp","width":900,"height":611,"caption":"El documento est\u00e1 firmado por los legisladores Carlos Alarc\u00f3n y Diego \u00c1vila. CR\u00c9DITO: Erbol"},{"@type":"BreadcrumbList","@id":"https:\/\/www.eldiario.net\/portal\/2026\/09\/03\/proyecto-de-reforma-constitucional-busca-prohibir-las-expropiaciones\/#breadcrumb","itemListElement":[{"@type":"ListItem","position":1,"name":"Portada","item":"https:\/\/www.eldiario.net\/portal\/"},{"@type":"ListItem","position":2,"name":"Proyecto de reforma constitucional busca prohibir las expropiaciones"}]},{"@type":"WebSite","@id":"https:\/\/www.eldiario.net\/portal\/#website","url":"https:\/\/www.eldiario.net\/portal\/","name":"El Diario - Decano de la prensa nacional","description":"El Diario - Decano de la prensa nacional","publisher":{"@id":"https:\/\/www.eldiario.net\/portal\/#organization"},"potentialAction":[{"@type":"SearchAction","target":{"@type":"EntryPoint","urlTemplate":"https:\/\/www.eldiario.net\/portal\/?s={search_term_string}"},"query-input":{"@type":"PropertyValueSpecification","valueRequired":true,"valueName":"search_term_string"}}],"inLanguage":"es"},{"@type":"Organization","@id":"https:\/\/www.eldiario.net\/portal\/#organization","name":"El Diario - Decano de la prensa nacional","url":"https:\/\/www.eldiario.net\/portal\/","logo":{"@type":"ImageObject","inLanguage":"es","@id":"https:\/\/www.eldiario.net\/portal\/#\/schema\/logo\/image\/","url":"https:\/\/www.eldiario.net\/portal\/wp-content\/uploads\/2023\/07\/logo_ED.jpg","contentUrl":"https:\/\/www.eldiario.net\/portal\/wp-content\/uploads\/2023\/07\/logo_ED.jpg","width":272,"height":52,"caption":"El Diario - Decano de la prensa nacional"},"image":{"@id":"https:\/\/www.eldiario.net\/portal\/#\/schema\/logo\/image\/"},"sameAs":["https:\/\/www.facebook.com\/eldiario.bolivia\/","https:\/\/x.com\/eldiario_net"]},{"@type":"Person","@id":"https:\/\/www.eldiario.net\/portal\/#\/schema\/person\/f46445640444750d7d753ccd04ae01b7","name":"Jeanette","image":{"@type":"ImageObject","inLanguage":"es","@id":"https:\/\/secure.gravatar.com\/avatar\/3ea2118a5f7dad2b7138b1187a6b7ee55f160b9968b66013c3a3ef39dd7e5798?s=96&d=mm&r=g","url":"https:\/\/secure.gravatar.com\/avatar\/3ea2118a5f7dad2b7138b1187a6b7ee55f160b9968b66013c3a3ef39dd7e5798?s=96&d=mm&r=g","contentUrl":"https:\/\/secure.gravatar.com\/avatar\/3ea2118a5f7dad2b7138b1187a6b7ee55f160b9968b66013c3a3ef39dd7e5798?s=96&d=mm&r=g","caption":"Jeanette"},"sameAs":["https:\/\/www.eldiario.net\/portal"],"url":"https:\/\/www.eldiario.net\/portal\/author\/jeanette\/"}]}},"_links":{"self":[{"href":"https:\/\/www.eldiario.net\/portal\/wp-json\/wp\/v2\/posts\/427310","targetHints":{"allow":["GET"]}}],"collection":[{"href":"https:\/\/www.eldiario.net\/portal\/wp-json\/wp\/v2\/posts"}],"about":[{"href":"https:\/\/www.eldiario.net\/portal\/wp-json\/wp\/v2\/types\/post"}],"author":[{"embeddable":true,"href":"https:\/\/www.eldiario.net\/portal\/wp-json\/wp\/v2\/users\/1"}],"replies":[{"embeddable":true,"href":"https:\/\/www.eldiario.net\/portal\/wp-json\/wp\/v2\/comments?post=427310"}],"version-history":[{"count":1,"href":"https:\/\/www.eldiario.net\/portal\/wp-json\/wp\/v2\/posts\/427310\/revisions"}],"predecessor-version":[{"id":427312,"href":"https:\/\/www.eldiario.net\/portal\/wp-json\/wp\/v2\/posts\/427310\/revisions\/427312"}],"wp:featuredmedia":[{"embeddable":true,"href":"https:\/\/www.eldiario.net\/portal\/wp-json\/wp\/v2\/media\/427311"}],"wp:attachment":[{"href":"https:\/\/www.eldiario.net\/portal\/wp-json\/wp\/v2\/media?parent=427310"}],"wp:term":[{"taxonomy":"category","embeddable":true,"href":"https:\/\/www.eldiario.net\/portal\/wp-json\/wp\/v2\/categories?post=427310"},{"taxonomy":"post_tag","embeddable":true,"href":"https:\/\/www.eldiario.net\/portal\/wp-json\/wp\/v2\/tags?post=427310"}],"curies":[{"name":"wp","href":"https:\/\/api.w.org\/{rel}","templated":true}]}}