{"id":427307,"date":"2026-09-03T06:26:17","date_gmt":"2026-09-03T10:26:17","guid":{"rendered":"https:\/\/www.eldiario.net\/portal\/?p=427307"},"modified":"2026-09-03T06:26:17","modified_gmt":"2026-09-03T10:26:17","slug":"camara-de-diputados-archiva-caso-maletas-por-ser-insuficiente","status":"publish","type":"post","link":"https:\/\/www.eldiario.net\/portal\/2026\/09\/03\/camara-de-diputados-archiva-caso-maletas-por-ser-insuficiente\/","title":{"rendered":"C\u00e1mara de Diputados archiva caso  \u00abMaletas\u00bb por ser \u00abinsuficiente\u00bb"},"content":{"rendered":"<p class=\"v1MsoNormal\">La C\u00e1mara de Diputados rechaz\u00f3 por unanimidad el informe final de la comisi\u00f3n especial que investig\u00f3 el denominado caso \u00abMaletas\u00bb y dispuso su archivo, tras considerar que el documento era insuficiente y carec\u00eda de objetividad.<\/p>\n<p class=\"v1MsoNormal\">Durante el debate, los legisladores cuestionaron que las conclusiones y recomendaciones no reflejaran de manera clara los hechos investigados. \u00abCarece de varios datos\u00bb, se\u00f1al\u00f3 el diputado Ruddy Pantale\u00f3n, quien adem\u00e1s pidi\u00f3 que futuras comisiones sean conformadas con mayor responsabilidad y con profesionales vinculados al tema.<\/p>\n<p class=\"v1MsoNormal\">Tambi\u00e9n se observ\u00f3 que la comisi\u00f3n habr\u00eda compilado informaci\u00f3n de otras investigaciones y medios de comunicaci\u00f3n, sin desarrollar elementos propios suficientes. Otros diputados plantearon limitar la participaci\u00f3n de representantes de una misma bancada para evitar posibles conflictos de inter\u00e9s.<\/p>\n<p class=\"v1MsoNormal\">Los integrantes de la comisi\u00f3n rechazaron las acusaciones de complicidad y defendieron el trabajo realizado. Richard L\u00f3pez, vicepresidente de la instancia, afirm\u00f3 que asum\u00eda su responsabilidad y pidi\u00f3 disculpas si el informe no satisfizo al pleno, pero rechaz\u00f3 que se califique a sus miembros como \u00abc\u00f3mplices\u00bb.<\/p>\n<p class=\"v1MsoNormal\">Tras el rechazo del informe, la C\u00e1mara aprob\u00f3 una resoluci\u00f3n que dispone su archivo junto con todos sus antecedentes. Los legisladores tambi\u00e9n se\u00f1alaron que corresponde al Ministerio P\u00fablico y al \u00d3rgano Judicial profundizar las investigaciones y establecer responsabilidades.<\/p>\n<p class=\"v1MsoNormal\">El denominado caso \u00abMaletas\u00bb investiga el presunto ingreso de 32 maletas al pa\u00eds mediante un vuelo ch\u00e1rter que arrib\u00f3 al aeropuerto de Viru Viru el 29 de noviembre de 2025, sin pasar por controles aduaneros.<\/p>\n<p class=\"v1MsoNormal\">En el proceso est\u00e1 investigada la exdiputada Laura Rojas por los delitos de tr\u00e1fico de sustancias controladas, asociaci\u00f3n delictuosa y confabulaci\u00f3n adem\u00e1s del juez Hebert Zeballos. (Erbol)<\/p>\n","protected":false},"excerpt":{"rendered":"<p>La C\u00e1mara de Diputados rechaz\u00f3 por unanimidad el informe final de la comisi\u00f3n especial que investig\u00f3 el denominado caso \u00abMaletas\u00bb y dispuso su archivo, tras considerar que el documento era insuficiente y carec\u00eda de objetividad. Durante el debate, los legisladores cuestionaron que las conclusiones y recomendaciones no reflejaran de manera clara los hechos investigados. \u00abCarece [&hellip;]<\/p>\n","protected":false},"author":1,"featured_media":427308,"comment_status":"closed","ping_status":"open","sticky":false,"template":"","format":"standard","meta":{"_acf_changed":false,"footnotes":""},"categories":[14],"tags":[],"class_list":["post-427307","post","type-post","status-publish","format-standard","has-post-thumbnail","category-politica"],"acf":{"antetitulo":"Rechazo un\u00e1nime al informe de comisi\u00f3n"},"yoast_head":"<!-- This site is optimized with the Yoast SEO plugin v28.4 - https:\/\/yoast.com\/product\/yoast-seo-wordpress\/ -->\n<title>C\u00e1mara de Diputados archiva caso &quot;Maletas&quot; por ser &quot;insuficiente&quot; - El Diario - Bolivia<\/title>\n<meta name=\"robots\" content=\"index, follow, max-snippet:-1, max-image-preview:large, max-video-preview:-1\" \/>\n<link rel=\"canonical\" href=\"https:\/\/www.eldiario.net\/portal\/2026\/09\/03\/camara-de-diputados-archiva-caso-maletas-por-ser-insuficiente\/\" \/>\n<meta property=\"og:locale\" content=\"es_ES\" \/>\n<meta property=\"og:type\" content=\"article\" \/>\n<meta property=\"og:title\" content=\"C\u00e1mara de Diputados archiva caso &quot;Maletas&quot; por ser &quot;insuficiente&quot; - El Diario - Bolivia\" \/>\n<meta property=\"og:description\" content=\"La C\u00e1mara de Diputados rechaz\u00f3 por unanimidad el informe final de la comisi\u00f3n especial que investig\u00f3 el denominado caso \u00abMaletas\u00bb y dispuso su archivo, tras considerar que el documento era insuficiente y carec\u00eda de objetividad. Durante el debate, los legisladores cuestionaron que las conclusiones y recomendaciones no reflejaran de manera clara los hechos investigados. \u00abCarece [&hellip;]\" \/>\n<meta property=\"og:url\" content=\"https:\/\/www.eldiario.net\/portal\/2026\/09\/03\/camara-de-diputados-archiva-caso-maletas-por-ser-insuficiente\/\" \/>\n<meta property=\"og:site_name\" content=\"El Diario - Bolivia\" \/>\n<meta property=\"article:publisher\" content=\"https:\/\/www.facebook.com\/eldiario.bolivia\/\" \/>\n<meta property=\"article:published_time\" content=\"2026-09-03T10:26:17+00:00\" \/>\n<meta property=\"og:image\" content=\"https:\/\/www.eldiario.net\/portal\/wp-content\/uploads\/2026\/09\/diputados-Erbol.webp\" \/>\n\t<meta property=\"og:image:width\" content=\"917\" \/>\n\t<meta property=\"og:image:height\" content=\"611\" \/>\n\t<meta property=\"og:image:type\" content=\"image\/webp\" \/>\n<meta name=\"author\" content=\"Jeanette\" \/>\n<meta name=\"twitter:card\" content=\"summary_large_image\" \/>\n<meta name=\"twitter:creator\" content=\"@eldiario_net\" \/>\n<meta name=\"twitter:site\" content=\"@eldiario_net\" \/>\n<meta name=\"twitter:label1\" content=\"Escrito por\" \/>\n\t<meta name=\"twitter:data1\" content=\"Jeanette\" \/>\n\t<meta name=\"twitter:label2\" content=\"Tiempo de lectura\" \/>\n\t<meta name=\"twitter:data2\" content=\"2 minutos\" \/>\n<script type=\"application\/ld+json\" class=\"yoast-schema-graph\">{\"@context\":\"https:\\\/\\\/schema.org\",\"@graph\":[{\"@type\":\"Article\",\"@id\":\"https:\\\/\\\/www.eldiario.net\\\/portal\\\/2026\\\/09\\\/03\\\/camara-de-diputados-archiva-caso-maletas-por-ser-insuficiente\\\/#article\",\"isPartOf\":{\"@id\":\"https:\\\/\\\/www.eldiario.net\\\/portal\\\/2026\\\/09\\\/03\\\/camara-de-diputados-archiva-caso-maletas-por-ser-insuficiente\\\/\"},\"author\":{\"name\":\"Jeanette\",\"@id\":\"https:\\\/\\\/www.eldiario.net\\\/portal\\\/#\\\/schema\\\/person\\\/f46445640444750d7d753ccd04ae01b7\"},\"headline\":\"C\u00e1mara de Diputados archiva caso \u00abMaletas\u00bb por ser \u00abinsuficiente\u00bb\",\"datePublished\":\"2026-09-03T10:26:17+00:00\",\"mainEntityOfPage\":{\"@id\":\"https:\\\/\\\/www.eldiario.net\\\/portal\\\/2026\\\/09\\\/03\\\/camara-de-diputados-archiva-caso-maletas-por-ser-insuficiente\\\/\"},\"wordCount\":300,\"publisher\":{\"@id\":\"https:\\\/\\\/www.eldiario.net\\\/portal\\\/#organization\"},\"image\":{\"@id\":\"https:\\\/\\\/www.eldiario.net\\\/portal\\\/2026\\\/09\\\/03\\\/camara-de-diputados-archiva-caso-maletas-por-ser-insuficiente\\\/#primaryimage\"},\"thumbnailUrl\":\"https:\\\/\\\/www.eldiario.net\\\/portal\\\/wp-content\\\/uploads\\\/2026\\\/09\\\/diputados-Erbol.webp\",\"articleSection\":[\"Pol\u00edtica\"],\"inLanguage\":\"es\"},{\"@type\":\"WebPage\",\"@id\":\"https:\\\/\\\/www.eldiario.net\\\/portal\\\/2026\\\/09\\\/03\\\/camara-de-diputados-archiva-caso-maletas-por-ser-insuficiente\\\/\",\"url\":\"https:\\\/\\\/www.eldiario.net\\\/portal\\\/2026\\\/09\\\/03\\\/camara-de-diputados-archiva-caso-maletas-por-ser-insuficiente\\\/\",\"name\":\"C\u00e1mara de Diputados archiva caso \\\"Maletas\\\" por ser \\\"insuficiente\\\" - El Diario - Bolivia\",\"isPartOf\":{\"@id\":\"https:\\\/\\\/www.eldiario.net\\\/portal\\\/#website\"},\"primaryImageOfPage\":{\"@id\":\"https:\\\/\\\/www.eldiario.net\\\/portal\\\/2026\\\/09\\\/03\\\/camara-de-diputados-archiva-caso-maletas-por-ser-insuficiente\\\/#primaryimage\"},\"image\":{\"@id\":\"https:\\\/\\\/www.eldiario.net\\\/portal\\\/2026\\\/09\\\/03\\\/camara-de-diputados-archiva-caso-maletas-por-ser-insuficiente\\\/#primaryimage\"},\"thumbnailUrl\":\"https:\\\/\\\/www.eldiario.net\\\/portal\\\/wp-content\\\/uploads\\\/2026\\\/09\\\/diputados-Erbol.webp\",\"datePublished\":\"2026-09-03T10:26:17+00:00\",\"breadcrumb\":{\"@id\":\"https:\\\/\\\/www.eldiario.net\\\/portal\\\/2026\\\/09\\\/03\\\/camara-de-diputados-archiva-caso-maletas-por-ser-insuficiente\\\/#breadcrumb\"},\"inLanguage\":\"es\",\"potentialAction\":[{\"@type\":\"ReadAction\",\"target\":[\"https:\\\/\\\/www.eldiario.net\\\/portal\\\/2026\\\/09\\\/03\\\/camara-de-diputados-archiva-caso-maletas-por-ser-insuficiente\\\/\"]}]},{\"@type\":\"ImageObject\",\"inLanguage\":\"es\",\"@id\":\"https:\\\/\\\/www.eldiario.net\\\/portal\\\/2026\\\/09\\\/03\\\/camara-de-diputados-archiva-caso-maletas-por-ser-insuficiente\\\/#primaryimage\",\"url\":\"https:\\\/\\\/www.eldiario.net\\\/portal\\\/wp-content\\\/uploads\\\/2026\\\/09\\\/diputados-Erbol.webp\",\"contentUrl\":\"https:\\\/\\\/www.eldiario.net\\\/portal\\\/wp-content\\\/uploads\\\/2026\\\/09\\\/diputados-Erbol.webp\",\"width\":917,\"height\":611,\"caption\":\"Sesi\u00f3n de C\u00e1mara de Diputados. CR\u00c9DITO: Erbol\"},{\"@type\":\"BreadcrumbList\",\"@id\":\"https:\\\/\\\/www.eldiario.net\\\/portal\\\/2026\\\/09\\\/03\\\/camara-de-diputados-archiva-caso-maletas-por-ser-insuficiente\\\/#breadcrumb\",\"itemListElement\":[{\"@type\":\"ListItem\",\"position\":1,\"name\":\"Portada\",\"item\":\"https:\\\/\\\/www.eldiario.net\\\/portal\\\/\"},{\"@type\":\"ListItem\",\"position\":2,\"name\":\"C\u00e1mara de Diputados archiva caso \u00abMaletas\u00bb por ser \u00abinsuficiente\u00bb\"}]},{\"@type\":\"WebSite\",\"@id\":\"https:\\\/\\\/www.eldiario.net\\\/portal\\\/#website\",\"url\":\"https:\\\/\\\/www.eldiario.net\\\/portal\\\/\",\"name\":\"El Diario - Decano de la prensa nacional\",\"description\":\"El Diario - Decano de la prensa nacional\",\"publisher\":{\"@id\":\"https:\\\/\\\/www.eldiario.net\\\/portal\\\/#organization\"},\"potentialAction\":[{\"@type\":\"SearchAction\",\"target\":{\"@type\":\"EntryPoint\",\"urlTemplate\":\"https:\\\/\\\/www.eldiario.net\\\/portal\\\/?s={search_term_string}\"},\"query-input\":{\"@type\":\"PropertyValueSpecification\",\"valueRequired\":true,\"valueName\":\"search_term_string\"}}],\"inLanguage\":\"es\"},{\"@type\":\"Organization\",\"@id\":\"https:\\\/\\\/www.eldiario.net\\\/portal\\\/#organization\",\"name\":\"El Diario - Decano de la prensa nacional\",\"url\":\"https:\\\/\\\/www.eldiario.net\\\/portal\\\/\",\"logo\":{\"@type\":\"ImageObject\",\"inLanguage\":\"es\",\"@id\":\"https:\\\/\\\/www.eldiario.net\\\/portal\\\/#\\\/schema\\\/logo\\\/image\\\/\",\"url\":\"https:\\\/\\\/www.eldiario.net\\\/portal\\\/wp-content\\\/uploads\\\/2023\\\/07\\\/logo_ED.jpg\",\"contentUrl\":\"https:\\\/\\\/www.eldiario.net\\\/portal\\\/wp-content\\\/uploads\\\/2023\\\/07\\\/logo_ED.jpg\",\"width\":272,\"height\":52,\"caption\":\"El Diario - Decano de la prensa nacional\"},\"image\":{\"@id\":\"https:\\\/\\\/www.eldiario.net\\\/portal\\\/#\\\/schema\\\/logo\\\/image\\\/\"},\"sameAs\":[\"https:\\\/\\\/www.facebook.com\\\/eldiario.bolivia\\\/\",\"https:\\\/\\\/x.com\\\/eldiario_net\"]},{\"@type\":\"Person\",\"@id\":\"https:\\\/\\\/www.eldiario.net\\\/portal\\\/#\\\/schema\\\/person\\\/f46445640444750d7d753ccd04ae01b7\",\"name\":\"Jeanette\",\"image\":{\"@type\":\"ImageObject\",\"inLanguage\":\"es\",\"@id\":\"https:\\\/\\\/secure.gravatar.com\\\/avatar\\\/3ea2118a5f7dad2b7138b1187a6b7ee55f160b9968b66013c3a3ef39dd7e5798?s=96&d=mm&r=g\",\"url\":\"https:\\\/\\\/secure.gravatar.com\\\/avatar\\\/3ea2118a5f7dad2b7138b1187a6b7ee55f160b9968b66013c3a3ef39dd7e5798?s=96&d=mm&r=g\",\"contentUrl\":\"https:\\\/\\\/secure.gravatar.com\\\/avatar\\\/3ea2118a5f7dad2b7138b1187a6b7ee55f160b9968b66013c3a3ef39dd7e5798?s=96&d=mm&r=g\",\"caption\":\"Jeanette\"},\"sameAs\":[\"https:\\\/\\\/www.eldiario.net\\\/portal\"],\"url\":\"https:\\\/\\\/www.eldiario.net\\\/portal\\\/author\\\/jeanette\\\/\"}]}<\/script>\n<!-- \/ Yoast SEO plugin. -->","yoast_head_json":{"title":"C\u00e1mara de Diputados archiva caso \"Maletas\" por ser \"insuficiente\" - El Diario - Bolivia","robots":{"index":"index","follow":"follow","max-snippet":"max-snippet:-1","max-image-preview":"max-image-preview:large","max-video-preview":"max-video-preview:-1"},"canonical":"https:\/\/www.eldiario.net\/portal\/2026\/09\/03\/camara-de-diputados-archiva-caso-maletas-por-ser-insuficiente\/","og_locale":"es_ES","og_type":"article","og_title":"C\u00e1mara de Diputados archiva caso \"Maletas\" por ser \"insuficiente\" - El Diario - Bolivia","og_description":"La C\u00e1mara de Diputados rechaz\u00f3 por unanimidad el informe final de la comisi\u00f3n especial que investig\u00f3 el denominado caso \u00abMaletas\u00bb y dispuso su archivo, tras considerar que el documento era insuficiente y carec\u00eda de objetividad. Durante el debate, los legisladores cuestionaron que las conclusiones y recomendaciones no reflejaran de manera clara los hechos investigados. \u00abCarece [&hellip;]","og_url":"https:\/\/www.eldiario.net\/portal\/2026\/09\/03\/camara-de-diputados-archiva-caso-maletas-por-ser-insuficiente\/","og_site_name":"El Diario - Bolivia","article_publisher":"https:\/\/www.facebook.com\/eldiario.bolivia\/","article_published_time":"2026-09-03T10:26:17+00:00","og_image":[{"width":917,"height":611,"url":"https:\/\/www.eldiario.net\/portal\/wp-content\/uploads\/2026\/09\/diputados-Erbol.webp","type":"image\/webp"}],"author":"Jeanette","twitter_card":"summary_large_image","twitter_creator":"@eldiario_net","twitter_site":"@eldiario_net","twitter_misc":{"Escrito por":"Jeanette","Tiempo de lectura":"2 minutos"},"schema":{"@context":"https:\/\/schema.org","@graph":[{"@type":"Article","@id":"https:\/\/www.eldiario.net\/portal\/2026\/09\/03\/camara-de-diputados-archiva-caso-maletas-por-ser-insuficiente\/#article","isPartOf":{"@id":"https:\/\/www.eldiario.net\/portal\/2026\/09\/03\/camara-de-diputados-archiva-caso-maletas-por-ser-insuficiente\/"},"author":{"name":"Jeanette","@id":"https:\/\/www.eldiario.net\/portal\/#\/schema\/person\/f46445640444750d7d753ccd04ae01b7"},"headline":"C\u00e1mara de Diputados archiva caso \u00abMaletas\u00bb por ser \u00abinsuficiente\u00bb","datePublished":"2026-09-03T10:26:17+00:00","mainEntityOfPage":{"@id":"https:\/\/www.eldiario.net\/portal\/2026\/09\/03\/camara-de-diputados-archiva-caso-maletas-por-ser-insuficiente\/"},"wordCount":300,"publisher":{"@id":"https:\/\/www.eldiario.net\/portal\/#organization"},"image":{"@id":"https:\/\/www.eldiario.net\/portal\/2026\/09\/03\/camara-de-diputados-archiva-caso-maletas-por-ser-insuficiente\/#primaryimage"},"thumbnailUrl":"https:\/\/www.eldiario.net\/portal\/wp-content\/uploads\/2026\/09\/diputados-Erbol.webp","articleSection":["Pol\u00edtica"],"inLanguage":"es"},{"@type":"WebPage","@id":"https:\/\/www.eldiario.net\/portal\/2026\/09\/03\/camara-de-diputados-archiva-caso-maletas-por-ser-insuficiente\/","url":"https:\/\/www.eldiario.net\/portal\/2026\/09\/03\/camara-de-diputados-archiva-caso-maletas-por-ser-insuficiente\/","name":"C\u00e1mara de Diputados archiva caso \"Maletas\" por ser \"insuficiente\" - El Diario - Bolivia","isPartOf":{"@id":"https:\/\/www.eldiario.net\/portal\/#website"},"primaryImageOfPage":{"@id":"https:\/\/www.eldiario.net\/portal\/2026\/09\/03\/camara-de-diputados-archiva-caso-maletas-por-ser-insuficiente\/#primaryimage"},"image":{"@id":"https:\/\/www.eldiario.net\/portal\/2026\/09\/03\/camara-de-diputados-archiva-caso-maletas-por-ser-insuficiente\/#primaryimage"},"thumbnailUrl":"https:\/\/www.eldiario.net\/portal\/wp-content\/uploads\/2026\/09\/diputados-Erbol.webp","datePublished":"2026-09-03T10:26:17+00:00","breadcrumb":{"@id":"https:\/\/www.eldiario.net\/portal\/2026\/09\/03\/camara-de-diputados-archiva-caso-maletas-por-ser-insuficiente\/#breadcrumb"},"inLanguage":"es","potentialAction":[{"@type":"ReadAction","target":["https:\/\/www.eldiario.net\/portal\/2026\/09\/03\/camara-de-diputados-archiva-caso-maletas-por-ser-insuficiente\/"]}]},{"@type":"ImageObject","inLanguage":"es","@id":"https:\/\/www.eldiario.net\/portal\/2026\/09\/03\/camara-de-diputados-archiva-caso-maletas-por-ser-insuficiente\/#primaryimage","url":"https:\/\/www.eldiario.net\/portal\/wp-content\/uploads\/2026\/09\/diputados-Erbol.webp","contentUrl":"https:\/\/www.eldiario.net\/portal\/wp-content\/uploads\/2026\/09\/diputados-Erbol.webp","width":917,"height":611,"caption":"Sesi\u00f3n de C\u00e1mara de Diputados. CR\u00c9DITO: Erbol"},{"@type":"BreadcrumbList","@id":"https:\/\/www.eldiario.net\/portal\/2026\/09\/03\/camara-de-diputados-archiva-caso-maletas-por-ser-insuficiente\/#breadcrumb","itemListElement":[{"@type":"ListItem","position":1,"name":"Portada","item":"https:\/\/www.eldiario.net\/portal\/"},{"@type":"ListItem","position":2,"name":"C\u00e1mara de Diputados archiva caso \u00abMaletas\u00bb por ser \u00abinsuficiente\u00bb"}]},{"@type":"WebSite","@id":"https:\/\/www.eldiario.net\/portal\/#website","url":"https:\/\/www.eldiario.net\/portal\/","name":"El Diario - Decano de la prensa nacional","description":"El Diario - Decano de la prensa nacional","publisher":{"@id":"https:\/\/www.eldiario.net\/portal\/#organization"},"potentialAction":[{"@type":"SearchAction","target":{"@type":"EntryPoint","urlTemplate":"https:\/\/www.eldiario.net\/portal\/?s={search_term_string}"},"query-input":{"@type":"PropertyValueSpecification","valueRequired":true,"valueName":"search_term_string"}}],"inLanguage":"es"},{"@type":"Organization","@id":"https:\/\/www.eldiario.net\/portal\/#organization","name":"El Diario - Decano de la prensa nacional","url":"https:\/\/www.eldiario.net\/portal\/","logo":{"@type":"ImageObject","inLanguage":"es","@id":"https:\/\/www.eldiario.net\/portal\/#\/schema\/logo\/image\/","url":"https:\/\/www.eldiario.net\/portal\/wp-content\/uploads\/2023\/07\/logo_ED.jpg","contentUrl":"https:\/\/www.eldiario.net\/portal\/wp-content\/uploads\/2023\/07\/logo_ED.jpg","width":272,"height":52,"caption":"El Diario - Decano de la prensa nacional"},"image":{"@id":"https:\/\/www.eldiario.net\/portal\/#\/schema\/logo\/image\/"},"sameAs":["https:\/\/www.facebook.com\/eldiario.bolivia\/","https:\/\/x.com\/eldiario_net"]},{"@type":"Person","@id":"https:\/\/www.eldiario.net\/portal\/#\/schema\/person\/f46445640444750d7d753ccd04ae01b7","name":"Jeanette","image":{"@type":"ImageObject","inLanguage":"es","@id":"https:\/\/secure.gravatar.com\/avatar\/3ea2118a5f7dad2b7138b1187a6b7ee55f160b9968b66013c3a3ef39dd7e5798?s=96&d=mm&r=g","url":"https:\/\/secure.gravatar.com\/avatar\/3ea2118a5f7dad2b7138b1187a6b7ee55f160b9968b66013c3a3ef39dd7e5798?s=96&d=mm&r=g","contentUrl":"https:\/\/secure.gravatar.com\/avatar\/3ea2118a5f7dad2b7138b1187a6b7ee55f160b9968b66013c3a3ef39dd7e5798?s=96&d=mm&r=g","caption":"Jeanette"},"sameAs":["https:\/\/www.eldiario.net\/portal"],"url":"https:\/\/www.eldiario.net\/portal\/author\/jeanette\/"}]}},"_links":{"self":[{"href":"https:\/\/www.eldiario.net\/portal\/wp-json\/wp\/v2\/posts\/427307","targetHints":{"allow":["GET"]}}],"collection":[{"href":"https:\/\/www.eldiario.net\/portal\/wp-json\/wp\/v2\/posts"}],"about":[{"href":"https:\/\/www.eldiario.net\/portal\/wp-json\/wp\/v2\/types\/post"}],"author":[{"embeddable":true,"href":"https:\/\/www.eldiario.net\/portal\/wp-json\/wp\/v2\/users\/1"}],"replies":[{"embeddable":true,"href":"https:\/\/www.eldiario.net\/portal\/wp-json\/wp\/v2\/comments?post=427307"}],"version-history":[{"count":1,"href":"https:\/\/www.eldiario.net\/portal\/wp-json\/wp\/v2\/posts\/427307\/revisions"}],"predecessor-version":[{"id":427309,"href":"https:\/\/www.eldiario.net\/portal\/wp-json\/wp\/v2\/posts\/427307\/revisions\/427309"}],"wp:featuredmedia":[{"embeddable":true,"href":"https:\/\/www.eldiario.net\/portal\/wp-json\/wp\/v2\/media\/427308"}],"wp:attachment":[{"href":"https:\/\/www.eldiario.net\/portal\/wp-json\/wp\/v2\/media?parent=427307"}],"wp:term":[{"taxonomy":"category","embeddable":true,"href":"https:\/\/www.eldiario.net\/portal\/wp-json\/wp\/v2\/categories?post=427307"},{"taxonomy":"post_tag","embeddable":true,"href":"https:\/\/www.eldiario.net\/portal\/wp-json\/wp\/v2\/tags?post=427307"}],"curies":[{"name":"wp","href":"https:\/\/api.w.org\/{rel}","templated":true}]}}