{"id":427303,"date":"2026-09-03T06:24:29","date_gmt":"2026-09-03T10:24:29","guid":{"rendered":"https:\/\/www.eldiario.net\/portal\/?p=427303"},"modified":"2026-09-03T06:24:29","modified_gmt":"2026-09-03T10:24:29","slug":"sedes-propone-levantar-horario-de-invierno-desde-la-proxima-semana","status":"publish","type":"post","link":"https:\/\/www.eldiario.net\/portal\/2026\/09\/03\/sedes-propone-levantar-horario-de-invierno-desde-la-proxima-semana\/","title":{"rendered":"Sedes propone levantar horario de  invierno desde la pr\u00f3xima semana"},"content":{"rendered":"<p class=\"v1MsoNormal\">Debido a la mejora de temperaturas y la disminuci\u00f3n de casos de infecciones respiratorias en la poblaci\u00f3n estudiantil, el Servicio Departamental de Salud (Sedes) de La Paz plantea levantar el horario de invierno en las unidades educativas desde la pr\u00f3xima semana.<\/p>\n<p class=\"v1MsoNormal\">\u00abEst\u00e1n mejorando las temperaturas as\u00ed que hay tambi\u00e9n una alta probabilidad de que se pueda levantar el horario de invierno\u00bb, se\u00f1al\u00f3 el director t\u00e9cnico del Sedes La Paz, Jos\u00e9 Mart\u00edn Carrasco, entrevistado por Red Uno.<\/p>\n<p class=\"v1MsoNormal\">Sostuvo que la propuesta ser\u00e1 analizada este viernes, 4 de septiembre, junto a la Direcci\u00f3n Distrital de Educaci\u00f3n y el Servicio Nacional de Meteorolog\u00eda e Hidrolog\u00eda (Senamhi), ante la mejora de las temperaturas y la evoluci\u00f3n de las infecciones respiratorias en el departamento de La Paz.<\/p>\n<p class=\"v1MsoNormal\">La autoridad apunt\u00f3 que la reuni\u00f3n estaba prevista para ayer, pero fue postergada para ma\u00f1ana viernes.<\/p>\n<p class=\"v1MsoNormal\">Adelant\u00f3 que, la situaci\u00f3n epidemiol\u00f3gica en la semana 34 registr\u00f3 un leve incremento en casos de neumon\u00edas, de 176 a 223, respecto a la semana epidemiol\u00f3gica anterior. De igual manera, las Infecciones Respiratorias Agudas (IRAS) tambi\u00e9n aumentaron ligeramente. Sin embargo, asegur\u00f3 que el departamento todav\u00eda se mantiene en la zona de \u00e9xito y que la situaci\u00f3n no es motivo de alarma.<\/p>\n<p class=\"v1MsoNormal\">Carrasco indic\u00f3 que el an\u00e1lisis epidemiol\u00f3gico ser\u00e1 presentado en la reuni\u00f3n del viernes, considerando que las temperaturas comenzaron a mejorar y que se prev\u00e9 una disminuci\u00f3n de los casos mencionados. La propuesta contempla el retorno al horario normal de clases desde la pr\u00f3xima semana.<\/p>\n<p class=\"v1MsoNormal\">\u00abYa est\u00e1 mejorando el reporte de las temperaturas por lo cual es probable que se pueda ya volver a un horario normal en el \u00e1rea escolar\u00bb, sostuvo el director del Sedes.<\/p>\n<p class=\"v1MsoNormal\">La medida ser\u00eda evaluada tanto para el \u00e1rea urbana como rural. Carrasco indic\u00f3 que, de acuerdo con el an\u00e1lisis departamental, las temperaturas mejorar\u00e1n, incluso, en el Norte de La Paz, regi\u00f3n que fue afectada por el ingreso de un frente fr\u00edo.<\/p>\n<p class=\"v1MsoNormal\">\u00abNosotros ya tenemos el an\u00e1lisis epidemiol\u00f3gico para la Direcci\u00f3n Distrital de Educaci\u00f3n, en la reuni\u00f3n del viernes diremos que los casos van a empezar a rebajar, de neumon\u00edas e IRAS, y las temperaturas ya est\u00e1n mejorando as\u00ed que nosotros como Sedes vamos a plantear que se ya se pueda volver al horario normal de clases (desde) la pr\u00f3xima semana\u00bb, apunt\u00f3 la autoridad.<\/p>\n<p class=\"v1MsoNormal\">Aunque, mientras se define la fecha, recomend\u00f3 a padres y estudiantes evitar cambios bruscos de temperatura, reforzar el consumo de vitamina C y evitar bebidas muy fr\u00edas.<\/p>\n<p class=\"v1MsoNormal\">\n","protected":false},"excerpt":{"rendered":"<p>Debido a la mejora de temperaturas y la disminuci\u00f3n de casos de infecciones respiratorias en la poblaci\u00f3n estudiantil, el Servicio Departamental de Salud (Sedes) de La Paz plantea levantar el horario de invierno en las unidades educativas desde la pr\u00f3xima semana. \u00abEst\u00e1n mejorando las temperaturas as\u00ed que hay tambi\u00e9n una alta probabilidad de que se [&hellip;]<\/p>\n","protected":false},"author":1,"featured_media":427304,"comment_status":"closed","ping_status":"open","sticky":false,"template":"","format":"standard","meta":{"_acf_changed":false,"footnotes":""},"categories":[12],"tags":[],"class_list":["post-427303","post","type-post","status-publish","format-standard","has-post-thumbnail","category-nacional"],"acf":{"antetitulo":"Unidades educativas"},"yoast_head":"<!-- This site is optimized with the Yoast SEO plugin v28.4 - https:\/\/yoast.com\/product\/yoast-seo-wordpress\/ -->\n<title>Sedes propone levantar horario de invierno desde la pr\u00f3xima semana - El Diario - Bolivia<\/title>\n<meta name=\"robots\" content=\"index, follow, max-snippet:-1, max-image-preview:large, max-video-preview:-1\" \/>\n<link rel=\"canonical\" href=\"https:\/\/www.eldiario.net\/portal\/2026\/09\/03\/sedes-propone-levantar-horario-de-invierno-desde-la-proxima-semana\/\" \/>\n<meta property=\"og:locale\" content=\"es_ES\" \/>\n<meta property=\"og:type\" content=\"article\" \/>\n<meta property=\"og:title\" content=\"Sedes propone levantar horario de invierno desde la pr\u00f3xima semana - El Diario - Bolivia\" \/>\n<meta property=\"og:description\" content=\"Debido a la mejora de temperaturas y la disminuci\u00f3n de casos de infecciones respiratorias en la poblaci\u00f3n estudiantil, el Servicio Departamental de Salud (Sedes) de La Paz plantea levantar el horario de invierno en las unidades educativas desde la pr\u00f3xima semana. \u00abEst\u00e1n mejorando las temperaturas as\u00ed que hay tambi\u00e9n una alta probabilidad de que se [&hellip;]\" \/>\n<meta property=\"og:url\" content=\"https:\/\/www.eldiario.net\/portal\/2026\/09\/03\/sedes-propone-levantar-horario-de-invierno-desde-la-proxima-semana\/\" \/>\n<meta property=\"og:site_name\" content=\"El Diario - Bolivia\" \/>\n<meta property=\"article:publisher\" content=\"https:\/\/www.facebook.com\/eldiario.bolivia\/\" \/>\n<meta property=\"article:published_time\" content=\"2026-09-03T10:24:29+00:00\" \/>\n<meta property=\"og:image\" content=\"https:\/\/www.eldiario.net\/portal\/wp-content\/uploads\/2026\/09\/PROPUESTA-FOTO.webp\" \/>\n\t<meta property=\"og:image:width\" content=\"678\" \/>\n\t<meta property=\"og:image:height\" content=\"452\" \/>\n\t<meta property=\"og:image:type\" content=\"image\/webp\" \/>\n<meta name=\"author\" content=\"Jeanette\" \/>\n<meta name=\"twitter:card\" content=\"summary_large_image\" \/>\n<meta name=\"twitter:creator\" content=\"@eldiario_net\" \/>\n<meta name=\"twitter:site\" content=\"@eldiario_net\" \/>\n<meta name=\"twitter:label1\" content=\"Escrito por\" \/>\n\t<meta name=\"twitter:data1\" content=\"Jeanette\" \/>\n\t<meta name=\"twitter:label2\" content=\"Tiempo de lectura\" \/>\n\t<meta name=\"twitter:data2\" content=\"3 minutos\" \/>\n<script type=\"application\/ld+json\" class=\"yoast-schema-graph\">{\"@context\":\"https:\\\/\\\/schema.org\",\"@graph\":[{\"@type\":\"Article\",\"@id\":\"https:\\\/\\\/www.eldiario.net\\\/portal\\\/2026\\\/09\\\/03\\\/sedes-propone-levantar-horario-de-invierno-desde-la-proxima-semana\\\/#article\",\"isPartOf\":{\"@id\":\"https:\\\/\\\/www.eldiario.net\\\/portal\\\/2026\\\/09\\\/03\\\/sedes-propone-levantar-horario-de-invierno-desde-la-proxima-semana\\\/\"},\"author\":{\"name\":\"Jeanette\",\"@id\":\"https:\\\/\\\/www.eldiario.net\\\/portal\\\/#\\\/schema\\\/person\\\/f46445640444750d7d753ccd04ae01b7\"},\"headline\":\"Sedes propone levantar horario de invierno desde la pr\u00f3xima semana\",\"datePublished\":\"2026-09-03T10:24:29+00:00\",\"mainEntityOfPage\":{\"@id\":\"https:\\\/\\\/www.eldiario.net\\\/portal\\\/2026\\\/09\\\/03\\\/sedes-propone-levantar-horario-de-invierno-desde-la-proxima-semana\\\/\"},\"wordCount\":452,\"publisher\":{\"@id\":\"https:\\\/\\\/www.eldiario.net\\\/portal\\\/#organization\"},\"image\":{\"@id\":\"https:\\\/\\\/www.eldiario.net\\\/portal\\\/2026\\\/09\\\/03\\\/sedes-propone-levantar-horario-de-invierno-desde-la-proxima-semana\\\/#primaryimage\"},\"thumbnailUrl\":\"https:\\\/\\\/www.eldiario.net\\\/portal\\\/wp-content\\\/uploads\\\/2026\\\/09\\\/PROPUESTA-FOTO.webp\",\"articleSection\":[\"Nacional\"],\"inLanguage\":\"es\"},{\"@type\":\"WebPage\",\"@id\":\"https:\\\/\\\/www.eldiario.net\\\/portal\\\/2026\\\/09\\\/03\\\/sedes-propone-levantar-horario-de-invierno-desde-la-proxima-semana\\\/\",\"url\":\"https:\\\/\\\/www.eldiario.net\\\/portal\\\/2026\\\/09\\\/03\\\/sedes-propone-levantar-horario-de-invierno-desde-la-proxima-semana\\\/\",\"name\":\"Sedes propone levantar horario de invierno desde la pr\u00f3xima semana - El Diario - Bolivia\",\"isPartOf\":{\"@id\":\"https:\\\/\\\/www.eldiario.net\\\/portal\\\/#website\"},\"primaryImageOfPage\":{\"@id\":\"https:\\\/\\\/www.eldiario.net\\\/portal\\\/2026\\\/09\\\/03\\\/sedes-propone-levantar-horario-de-invierno-desde-la-proxima-semana\\\/#primaryimage\"},\"image\":{\"@id\":\"https:\\\/\\\/www.eldiario.net\\\/portal\\\/2026\\\/09\\\/03\\\/sedes-propone-levantar-horario-de-invierno-desde-la-proxima-semana\\\/#primaryimage\"},\"thumbnailUrl\":\"https:\\\/\\\/www.eldiario.net\\\/portal\\\/wp-content\\\/uploads\\\/2026\\\/09\\\/PROPUESTA-FOTO.webp\",\"datePublished\":\"2026-09-03T10:24:29+00:00\",\"breadcrumb\":{\"@id\":\"https:\\\/\\\/www.eldiario.net\\\/portal\\\/2026\\\/09\\\/03\\\/sedes-propone-levantar-horario-de-invierno-desde-la-proxima-semana\\\/#breadcrumb\"},\"inLanguage\":\"es\",\"potentialAction\":[{\"@type\":\"ReadAction\",\"target\":[\"https:\\\/\\\/www.eldiario.net\\\/portal\\\/2026\\\/09\\\/03\\\/sedes-propone-levantar-horario-de-invierno-desde-la-proxima-semana\\\/\"]}]},{\"@type\":\"ImageObject\",\"inLanguage\":\"es\",\"@id\":\"https:\\\/\\\/www.eldiario.net\\\/portal\\\/2026\\\/09\\\/03\\\/sedes-propone-levantar-horario-de-invierno-desde-la-proxima-semana\\\/#primaryimage\",\"url\":\"https:\\\/\\\/www.eldiario.net\\\/portal\\\/wp-content\\\/uploads\\\/2026\\\/09\\\/PROPUESTA-FOTO.webp\",\"contentUrl\":\"https:\\\/\\\/www.eldiario.net\\\/portal\\\/wp-content\\\/uploads\\\/2026\\\/09\\\/PROPUESTA-FOTO.webp\",\"width\":678,\"height\":452,\"caption\":\"Posiblemente desde el lunes 7 de septiembre, los estudiantes retornar\u00e1n al horario normal. Cr\u00e9dito: Archivo\"},{\"@type\":\"BreadcrumbList\",\"@id\":\"https:\\\/\\\/www.eldiario.net\\\/portal\\\/2026\\\/09\\\/03\\\/sedes-propone-levantar-horario-de-invierno-desde-la-proxima-semana\\\/#breadcrumb\",\"itemListElement\":[{\"@type\":\"ListItem\",\"position\":1,\"name\":\"Portada\",\"item\":\"https:\\\/\\\/www.eldiario.net\\\/portal\\\/\"},{\"@type\":\"ListItem\",\"position\":2,\"name\":\"Sedes propone levantar horario de invierno desde la pr\u00f3xima semana\"}]},{\"@type\":\"WebSite\",\"@id\":\"https:\\\/\\\/www.eldiario.net\\\/portal\\\/#website\",\"url\":\"https:\\\/\\\/www.eldiario.net\\\/portal\\\/\",\"name\":\"El Diario - Decano de la prensa nacional\",\"description\":\"El Diario - Decano de la prensa nacional\",\"publisher\":{\"@id\":\"https:\\\/\\\/www.eldiario.net\\\/portal\\\/#organization\"},\"potentialAction\":[{\"@type\":\"SearchAction\",\"target\":{\"@type\":\"EntryPoint\",\"urlTemplate\":\"https:\\\/\\\/www.eldiario.net\\\/portal\\\/?s={search_term_string}\"},\"query-input\":{\"@type\":\"PropertyValueSpecification\",\"valueRequired\":true,\"valueName\":\"search_term_string\"}}],\"inLanguage\":\"es\"},{\"@type\":\"Organization\",\"@id\":\"https:\\\/\\\/www.eldiario.net\\\/portal\\\/#organization\",\"name\":\"El Diario - Decano de la prensa nacional\",\"url\":\"https:\\\/\\\/www.eldiario.net\\\/portal\\\/\",\"logo\":{\"@type\":\"ImageObject\",\"inLanguage\":\"es\",\"@id\":\"https:\\\/\\\/www.eldiario.net\\\/portal\\\/#\\\/schema\\\/logo\\\/image\\\/\",\"url\":\"https:\\\/\\\/www.eldiario.net\\\/portal\\\/wp-content\\\/uploads\\\/2023\\\/07\\\/logo_ED.jpg\",\"contentUrl\":\"https:\\\/\\\/www.eldiario.net\\\/portal\\\/wp-content\\\/uploads\\\/2023\\\/07\\\/logo_ED.jpg\",\"width\":272,\"height\":52,\"caption\":\"El Diario - Decano de la prensa nacional\"},\"image\":{\"@id\":\"https:\\\/\\\/www.eldiario.net\\\/portal\\\/#\\\/schema\\\/logo\\\/image\\\/\"},\"sameAs\":[\"https:\\\/\\\/www.facebook.com\\\/eldiario.bolivia\\\/\",\"https:\\\/\\\/x.com\\\/eldiario_net\"]},{\"@type\":\"Person\",\"@id\":\"https:\\\/\\\/www.eldiario.net\\\/portal\\\/#\\\/schema\\\/person\\\/f46445640444750d7d753ccd04ae01b7\",\"name\":\"Jeanette\",\"image\":{\"@type\":\"ImageObject\",\"inLanguage\":\"es\",\"@id\":\"https:\\\/\\\/secure.gravatar.com\\\/avatar\\\/3ea2118a5f7dad2b7138b1187a6b7ee55f160b9968b66013c3a3ef39dd7e5798?s=96&d=mm&r=g\",\"url\":\"https:\\\/\\\/secure.gravatar.com\\\/avatar\\\/3ea2118a5f7dad2b7138b1187a6b7ee55f160b9968b66013c3a3ef39dd7e5798?s=96&d=mm&r=g\",\"contentUrl\":\"https:\\\/\\\/secure.gravatar.com\\\/avatar\\\/3ea2118a5f7dad2b7138b1187a6b7ee55f160b9968b66013c3a3ef39dd7e5798?s=96&d=mm&r=g\",\"caption\":\"Jeanette\"},\"sameAs\":[\"https:\\\/\\\/www.eldiario.net\\\/portal\"],\"url\":\"https:\\\/\\\/www.eldiario.net\\\/portal\\\/author\\\/jeanette\\\/\"}]}<\/script>\n<!-- \/ Yoast SEO plugin. -->","yoast_head_json":{"title":"Sedes propone levantar horario de invierno desde la pr\u00f3xima semana - El Diario - Bolivia","robots":{"index":"index","follow":"follow","max-snippet":"max-snippet:-1","max-image-preview":"max-image-preview:large","max-video-preview":"max-video-preview:-1"},"canonical":"https:\/\/www.eldiario.net\/portal\/2026\/09\/03\/sedes-propone-levantar-horario-de-invierno-desde-la-proxima-semana\/","og_locale":"es_ES","og_type":"article","og_title":"Sedes propone levantar horario de invierno desde la pr\u00f3xima semana - El Diario - Bolivia","og_description":"Debido a la mejora de temperaturas y la disminuci\u00f3n de casos de infecciones respiratorias en la poblaci\u00f3n estudiantil, el Servicio Departamental de Salud (Sedes) de La Paz plantea levantar el horario de invierno en las unidades educativas desde la pr\u00f3xima semana. \u00abEst\u00e1n mejorando las temperaturas as\u00ed que hay tambi\u00e9n una alta probabilidad de que se [&hellip;]","og_url":"https:\/\/www.eldiario.net\/portal\/2026\/09\/03\/sedes-propone-levantar-horario-de-invierno-desde-la-proxima-semana\/","og_site_name":"El Diario - Bolivia","article_publisher":"https:\/\/www.facebook.com\/eldiario.bolivia\/","article_published_time":"2026-09-03T10:24:29+00:00","og_image":[{"width":678,"height":452,"url":"https:\/\/www.eldiario.net\/portal\/wp-content\/uploads\/2026\/09\/PROPUESTA-FOTO.webp","type":"image\/webp"}],"author":"Jeanette","twitter_card":"summary_large_image","twitter_creator":"@eldiario_net","twitter_site":"@eldiario_net","twitter_misc":{"Escrito por":"Jeanette","Tiempo de lectura":"3 minutos"},"schema":{"@context":"https:\/\/schema.org","@graph":[{"@type":"Article","@id":"https:\/\/www.eldiario.net\/portal\/2026\/09\/03\/sedes-propone-levantar-horario-de-invierno-desde-la-proxima-semana\/#article","isPartOf":{"@id":"https:\/\/www.eldiario.net\/portal\/2026\/09\/03\/sedes-propone-levantar-horario-de-invierno-desde-la-proxima-semana\/"},"author":{"name":"Jeanette","@id":"https:\/\/www.eldiario.net\/portal\/#\/schema\/person\/f46445640444750d7d753ccd04ae01b7"},"headline":"Sedes propone levantar horario de invierno desde la pr\u00f3xima semana","datePublished":"2026-09-03T10:24:29+00:00","mainEntityOfPage":{"@id":"https:\/\/www.eldiario.net\/portal\/2026\/09\/03\/sedes-propone-levantar-horario-de-invierno-desde-la-proxima-semana\/"},"wordCount":452,"publisher":{"@id":"https:\/\/www.eldiario.net\/portal\/#organization"},"image":{"@id":"https:\/\/www.eldiario.net\/portal\/2026\/09\/03\/sedes-propone-levantar-horario-de-invierno-desde-la-proxima-semana\/#primaryimage"},"thumbnailUrl":"https:\/\/www.eldiario.net\/portal\/wp-content\/uploads\/2026\/09\/PROPUESTA-FOTO.webp","articleSection":["Nacional"],"inLanguage":"es"},{"@type":"WebPage","@id":"https:\/\/www.eldiario.net\/portal\/2026\/09\/03\/sedes-propone-levantar-horario-de-invierno-desde-la-proxima-semana\/","url":"https:\/\/www.eldiario.net\/portal\/2026\/09\/03\/sedes-propone-levantar-horario-de-invierno-desde-la-proxima-semana\/","name":"Sedes propone levantar horario de invierno desde la pr\u00f3xima semana - El Diario - Bolivia","isPartOf":{"@id":"https:\/\/www.eldiario.net\/portal\/#website"},"primaryImageOfPage":{"@id":"https:\/\/www.eldiario.net\/portal\/2026\/09\/03\/sedes-propone-levantar-horario-de-invierno-desde-la-proxima-semana\/#primaryimage"},"image":{"@id":"https:\/\/www.eldiario.net\/portal\/2026\/09\/03\/sedes-propone-levantar-horario-de-invierno-desde-la-proxima-semana\/#primaryimage"},"thumbnailUrl":"https:\/\/www.eldiario.net\/portal\/wp-content\/uploads\/2026\/09\/PROPUESTA-FOTO.webp","datePublished":"2026-09-03T10:24:29+00:00","breadcrumb":{"@id":"https:\/\/www.eldiario.net\/portal\/2026\/09\/03\/sedes-propone-levantar-horario-de-invierno-desde-la-proxima-semana\/#breadcrumb"},"inLanguage":"es","potentialAction":[{"@type":"ReadAction","target":["https:\/\/www.eldiario.net\/portal\/2026\/09\/03\/sedes-propone-levantar-horario-de-invierno-desde-la-proxima-semana\/"]}]},{"@type":"ImageObject","inLanguage":"es","@id":"https:\/\/www.eldiario.net\/portal\/2026\/09\/03\/sedes-propone-levantar-horario-de-invierno-desde-la-proxima-semana\/#primaryimage","url":"https:\/\/www.eldiario.net\/portal\/wp-content\/uploads\/2026\/09\/PROPUESTA-FOTO.webp","contentUrl":"https:\/\/www.eldiario.net\/portal\/wp-content\/uploads\/2026\/09\/PROPUESTA-FOTO.webp","width":678,"height":452,"caption":"Posiblemente desde el lunes 7 de septiembre, los estudiantes retornar\u00e1n al horario normal. Cr\u00e9dito: Archivo"},{"@type":"BreadcrumbList","@id":"https:\/\/www.eldiario.net\/portal\/2026\/09\/03\/sedes-propone-levantar-horario-de-invierno-desde-la-proxima-semana\/#breadcrumb","itemListElement":[{"@type":"ListItem","position":1,"name":"Portada","item":"https:\/\/www.eldiario.net\/portal\/"},{"@type":"ListItem","position":2,"name":"Sedes propone levantar horario de invierno desde la pr\u00f3xima semana"}]},{"@type":"WebSite","@id":"https:\/\/www.eldiario.net\/portal\/#website","url":"https:\/\/www.eldiario.net\/portal\/","name":"El Diario - Decano de la prensa nacional","description":"El Diario - Decano de la prensa nacional","publisher":{"@id":"https:\/\/www.eldiario.net\/portal\/#organization"},"potentialAction":[{"@type":"SearchAction","target":{"@type":"EntryPoint","urlTemplate":"https:\/\/www.eldiario.net\/portal\/?s={search_term_string}"},"query-input":{"@type":"PropertyValueSpecification","valueRequired":true,"valueName":"search_term_string"}}],"inLanguage":"es"},{"@type":"Organization","@id":"https:\/\/www.eldiario.net\/portal\/#organization","name":"El Diario - Decano de la prensa nacional","url":"https:\/\/www.eldiario.net\/portal\/","logo":{"@type":"ImageObject","inLanguage":"es","@id":"https:\/\/www.eldiario.net\/portal\/#\/schema\/logo\/image\/","url":"https:\/\/www.eldiario.net\/portal\/wp-content\/uploads\/2023\/07\/logo_ED.jpg","contentUrl":"https:\/\/www.eldiario.net\/portal\/wp-content\/uploads\/2023\/07\/logo_ED.jpg","width":272,"height":52,"caption":"El Diario - Decano de la prensa nacional"},"image":{"@id":"https:\/\/www.eldiario.net\/portal\/#\/schema\/logo\/image\/"},"sameAs":["https:\/\/www.facebook.com\/eldiario.bolivia\/","https:\/\/x.com\/eldiario_net"]},{"@type":"Person","@id":"https:\/\/www.eldiario.net\/portal\/#\/schema\/person\/f46445640444750d7d753ccd04ae01b7","name":"Jeanette","image":{"@type":"ImageObject","inLanguage":"es","@id":"https:\/\/secure.gravatar.com\/avatar\/3ea2118a5f7dad2b7138b1187a6b7ee55f160b9968b66013c3a3ef39dd7e5798?s=96&d=mm&r=g","url":"https:\/\/secure.gravatar.com\/avatar\/3ea2118a5f7dad2b7138b1187a6b7ee55f160b9968b66013c3a3ef39dd7e5798?s=96&d=mm&r=g","contentUrl":"https:\/\/secure.gravatar.com\/avatar\/3ea2118a5f7dad2b7138b1187a6b7ee55f160b9968b66013c3a3ef39dd7e5798?s=96&d=mm&r=g","caption":"Jeanette"},"sameAs":["https:\/\/www.eldiario.net\/portal"],"url":"https:\/\/www.eldiario.net\/portal\/author\/jeanette\/"}]}},"_links":{"self":[{"href":"https:\/\/www.eldiario.net\/portal\/wp-json\/wp\/v2\/posts\/427303","targetHints":{"allow":["GET"]}}],"collection":[{"href":"https:\/\/www.eldiario.net\/portal\/wp-json\/wp\/v2\/posts"}],"about":[{"href":"https:\/\/www.eldiario.net\/portal\/wp-json\/wp\/v2\/types\/post"}],"author":[{"embeddable":true,"href":"https:\/\/www.eldiario.net\/portal\/wp-json\/wp\/v2\/users\/1"}],"replies":[{"embeddable":true,"href":"https:\/\/www.eldiario.net\/portal\/wp-json\/wp\/v2\/comments?post=427303"}],"version-history":[{"count":1,"href":"https:\/\/www.eldiario.net\/portal\/wp-json\/wp\/v2\/posts\/427303\/revisions"}],"predecessor-version":[{"id":427305,"href":"https:\/\/www.eldiario.net\/portal\/wp-json\/wp\/v2\/posts\/427303\/revisions\/427305"}],"wp:featuredmedia":[{"embeddable":true,"href":"https:\/\/www.eldiario.net\/portal\/wp-json\/wp\/v2\/media\/427304"}],"wp:attachment":[{"href":"https:\/\/www.eldiario.net\/portal\/wp-json\/wp\/v2\/media?parent=427303"}],"wp:term":[{"taxonomy":"category","embeddable":true,"href":"https:\/\/www.eldiario.net\/portal\/wp-json\/wp\/v2\/categories?post=427303"},{"taxonomy":"post_tag","embeddable":true,"href":"https:\/\/www.eldiario.net\/portal\/wp-json\/wp\/v2\/tags?post=427303"}],"curies":[{"name":"wp","href":"https:\/\/api.w.org\/{rel}","templated":true}]}}