{"id":427291,"date":"2026-09-03T06:20:26","date_gmt":"2026-09-03T10:20:26","guid":{"rendered":"https:\/\/www.eldiario.net\/portal\/?p=427291"},"modified":"2026-09-03T06:20:26","modified_gmt":"2026-09-03T10:20:26","slug":"reforzaran-control-en-transporte-y-comercializacion-de-carne-de-res","status":"publish","type":"post","link":"https:\/\/www.eldiario.net\/portal\/2026\/09\/03\/reforzaran-control-en-transporte-y-comercializacion-de-carne-de-res\/","title":{"rendered":"Reforzar\u00e1n control en transporte  y comercializaci\u00f3n de carne de res"},"content":{"rendered":"<p class=\"v1MsoNormal\">Con el objetivo de garantizar la inocuidad alimentaria y proteger la salud de la poblaci\u00f3n, tras una reuni\u00f3n interinstitucional desarrollada la pasada jornada en la urbe alte\u00f1a entre representantes del Servicio Departamental de Salud (Sedes) de La Paz y de instancias relacionadas con el comercio de ganado vacuno, se coordinaron acciones de control y vigilancia de las condiciones de transporte y comercializaci\u00f3n de carne de res.<\/p>\n<p class=\"v1MsoNormal\">En el encuentro participaron la Unidad de Salud El Alto (Udsea), dependiente del Sedes La Paz; la Oficina Municipal de Defensa del Consumidor (OMDC) del Gobierno Aut\u00f3nomo Municipal de El Alto (Gamea); el Servicio Nacional de Sanidad Agropecuaria e Inocuidad Alimentaria (Senasag) y representantes de la Asociaci\u00f3n de Frigor\u00edficos de El Alto.<\/p>\n<p class=\"v1MsoNormal\">Durante la reuni\u00f3n se acord\u00f3 realizar una capacitaci\u00f3n inmediata dirigida al personal de los diferentes frigor\u00edficos de la ciudad en temas como: cumplimiento de las condiciones sanitarias, transporte adecuado de la carne, autorizaci\u00f3n de los frigor\u00edficos, licencia de funcionamiento y el registro sanitario correspondiente.<\/p>\n<p class=\"v1MsoNormal\">Asimismo, se indic\u00f3 que m\u00e1s adelante se desarrollar\u00e1n operativos interinstitucionales de control tanto en las instalaciones de los frigor\u00edficos como en los veh\u00edculos destinados al transporte del producto.<\/p>\n<p class=\"v1MsoNormal\">Adem\u00e1s, se advirti\u00f3 que, en caso de identificarse incumplimientos, se aplicar\u00e1n las sanciones correspondientes, incluyendo, de ser necesario, la clausura de establecimientos y el decomiso de productos que representen un riesgo para la salud de la poblaci\u00f3n.<\/p>\n<p class=\"v1MsoNormal\">\n","protected":false},"excerpt":{"rendered":"<p>Con el objetivo de garantizar la inocuidad alimentaria y proteger la salud de la poblaci\u00f3n, tras una reuni\u00f3n interinstitucional desarrollada la pasada jornada en la urbe alte\u00f1a entre representantes del Servicio Departamental de Salud (Sedes) de La Paz y de instancias relacionadas con el comercio de ganado vacuno, se coordinaron acciones de control y vigilancia [&hellip;]<\/p>\n","protected":false},"author":1,"featured_media":427292,"comment_status":"closed","ping_status":"open","sticky":false,"template":"","format":"standard","meta":{"_acf_changed":false,"footnotes":""},"categories":[12],"tags":[],"class_list":["post-427291","post","type-post","status-publish","format-standard","has-post-thumbnail","category-nacional"],"acf":{"antetitulo":"Tras reuni\u00f3n interinstitucional"},"yoast_head":"<!-- This site is optimized with the Yoast SEO plugin v28.4 - https:\/\/yoast.com\/product\/yoast-seo-wordpress\/ -->\n<title>Reforzar\u00e1n control en transporte y comercializaci\u00f3n de carne de res - El Diario - Bolivia<\/title>\n<meta name=\"robots\" content=\"index, follow, max-snippet:-1, max-image-preview:large, max-video-preview:-1\" \/>\n<link rel=\"canonical\" href=\"https:\/\/www.eldiario.net\/portal\/2026\/09\/03\/reforzaran-control-en-transporte-y-comercializacion-de-carne-de-res\/\" \/>\n<meta property=\"og:locale\" content=\"es_ES\" \/>\n<meta property=\"og:type\" content=\"article\" \/>\n<meta property=\"og:title\" content=\"Reforzar\u00e1n control en transporte y comercializaci\u00f3n de carne de res - El Diario - Bolivia\" \/>\n<meta property=\"og:description\" content=\"Con el objetivo de garantizar la inocuidad alimentaria y proteger la salud de la poblaci\u00f3n, tras una reuni\u00f3n interinstitucional desarrollada la pasada jornada en la urbe alte\u00f1a entre representantes del Servicio Departamental de Salud (Sedes) de La Paz y de instancias relacionadas con el comercio de ganado vacuno, se coordinaron acciones de control y vigilancia [&hellip;]\" \/>\n<meta property=\"og:url\" content=\"https:\/\/www.eldiario.net\/portal\/2026\/09\/03\/reforzaran-control-en-transporte-y-comercializacion-de-carne-de-res\/\" \/>\n<meta property=\"og:site_name\" content=\"El Diario - Bolivia\" \/>\n<meta property=\"article:publisher\" content=\"https:\/\/www.facebook.com\/eldiario.bolivia\/\" \/>\n<meta property=\"article:published_time\" content=\"2026-09-03T10:20:26+00:00\" \/>\n<meta property=\"og:image\" content=\"https:\/\/www.eldiario.net\/portal\/wp-content\/uploads\/2026\/09\/CARNE-FOTO.webp\" \/>\n\t<meta property=\"og:image:width\" content=\"1638\" \/>\n\t<meta property=\"og:image:height\" content=\"1242\" \/>\n\t<meta property=\"og:image:type\" content=\"image\/webp\" \/>\n<meta name=\"author\" content=\"Jeanette\" \/>\n<meta name=\"twitter:card\" content=\"summary_large_image\" \/>\n<meta name=\"twitter:creator\" content=\"@eldiario_net\" \/>\n<meta name=\"twitter:site\" content=\"@eldiario_net\" \/>\n<meta name=\"twitter:label1\" content=\"Escrito por\" \/>\n\t<meta name=\"twitter:data1\" content=\"Jeanette\" \/>\n\t<meta name=\"twitter:label2\" content=\"Tiempo de lectura\" \/>\n\t<meta name=\"twitter:data2\" content=\"2 minutos\" \/>\n<script type=\"application\/ld+json\" class=\"yoast-schema-graph\">{\"@context\":\"https:\\\/\\\/schema.org\",\"@graph\":[{\"@type\":\"Article\",\"@id\":\"https:\\\/\\\/www.eldiario.net\\\/portal\\\/2026\\\/09\\\/03\\\/reforzaran-control-en-transporte-y-comercializacion-de-carne-de-res\\\/#article\",\"isPartOf\":{\"@id\":\"https:\\\/\\\/www.eldiario.net\\\/portal\\\/2026\\\/09\\\/03\\\/reforzaran-control-en-transporte-y-comercializacion-de-carne-de-res\\\/\"},\"author\":{\"name\":\"Jeanette\",\"@id\":\"https:\\\/\\\/www.eldiario.net\\\/portal\\\/#\\\/schema\\\/person\\\/f46445640444750d7d753ccd04ae01b7\"},\"headline\":\"Reforzar\u00e1n control en transporte y comercializaci\u00f3n de carne de res\",\"datePublished\":\"2026-09-03T10:20:26+00:00\",\"mainEntityOfPage\":{\"@id\":\"https:\\\/\\\/www.eldiario.net\\\/portal\\\/2026\\\/09\\\/03\\\/reforzaran-control-en-transporte-y-comercializacion-de-carne-de-res\\\/\"},\"wordCount\":258,\"publisher\":{\"@id\":\"https:\\\/\\\/www.eldiario.net\\\/portal\\\/#organization\"},\"image\":{\"@id\":\"https:\\\/\\\/www.eldiario.net\\\/portal\\\/2026\\\/09\\\/03\\\/reforzaran-control-en-transporte-y-comercializacion-de-carne-de-res\\\/#primaryimage\"},\"thumbnailUrl\":\"https:\\\/\\\/www.eldiario.net\\\/portal\\\/wp-content\\\/uploads\\\/2026\\\/09\\\/CARNE-FOTO.webp\",\"articleSection\":[\"Nacional\"],\"inLanguage\":\"es\"},{\"@type\":\"WebPage\",\"@id\":\"https:\\\/\\\/www.eldiario.net\\\/portal\\\/2026\\\/09\\\/03\\\/reforzaran-control-en-transporte-y-comercializacion-de-carne-de-res\\\/\",\"url\":\"https:\\\/\\\/www.eldiario.net\\\/portal\\\/2026\\\/09\\\/03\\\/reforzaran-control-en-transporte-y-comercializacion-de-carne-de-res\\\/\",\"name\":\"Reforzar\u00e1n control en transporte y comercializaci\u00f3n de carne de res - El Diario - Bolivia\",\"isPartOf\":{\"@id\":\"https:\\\/\\\/www.eldiario.net\\\/portal\\\/#website\"},\"primaryImageOfPage\":{\"@id\":\"https:\\\/\\\/www.eldiario.net\\\/portal\\\/2026\\\/09\\\/03\\\/reforzaran-control-en-transporte-y-comercializacion-de-carne-de-res\\\/#primaryimage\"},\"image\":{\"@id\":\"https:\\\/\\\/www.eldiario.net\\\/portal\\\/2026\\\/09\\\/03\\\/reforzaran-control-en-transporte-y-comercializacion-de-carne-de-res\\\/#primaryimage\"},\"thumbnailUrl\":\"https:\\\/\\\/www.eldiario.net\\\/portal\\\/wp-content\\\/uploads\\\/2026\\\/09\\\/CARNE-FOTO.webp\",\"datePublished\":\"2026-09-03T10:20:26+00:00\",\"breadcrumb\":{\"@id\":\"https:\\\/\\\/www.eldiario.net\\\/portal\\\/2026\\\/09\\\/03\\\/reforzaran-control-en-transporte-y-comercializacion-de-carne-de-res\\\/#breadcrumb\"},\"inLanguage\":\"es\",\"potentialAction\":[{\"@type\":\"ReadAction\",\"target\":[\"https:\\\/\\\/www.eldiario.net\\\/portal\\\/2026\\\/09\\\/03\\\/reforzaran-control-en-transporte-y-comercializacion-de-carne-de-res\\\/\"]}]},{\"@type\":\"ImageObject\",\"inLanguage\":\"es\",\"@id\":\"https:\\\/\\\/www.eldiario.net\\\/portal\\\/2026\\\/09\\\/03\\\/reforzaran-control-en-transporte-y-comercializacion-de-carne-de-res\\\/#primaryimage\",\"url\":\"https:\\\/\\\/www.eldiario.net\\\/portal\\\/wp-content\\\/uploads\\\/2026\\\/09\\\/CARNE-FOTO.webp\",\"contentUrl\":\"https:\\\/\\\/www.eldiario.net\\\/portal\\\/wp-content\\\/uploads\\\/2026\\\/09\\\/CARNE-FOTO.webp\",\"width\":1638,\"height\":1242,\"caption\":\"Durante la reuni\u00f3n de representantes de las instancias involucradas. CR\u00c9DITO: Sedes de La Paz\"},{\"@type\":\"BreadcrumbList\",\"@id\":\"https:\\\/\\\/www.eldiario.net\\\/portal\\\/2026\\\/09\\\/03\\\/reforzaran-control-en-transporte-y-comercializacion-de-carne-de-res\\\/#breadcrumb\",\"itemListElement\":[{\"@type\":\"ListItem\",\"position\":1,\"name\":\"Portada\",\"item\":\"https:\\\/\\\/www.eldiario.net\\\/portal\\\/\"},{\"@type\":\"ListItem\",\"position\":2,\"name\":\"Reforzar\u00e1n control en transporte y comercializaci\u00f3n de carne de res\"}]},{\"@type\":\"WebSite\",\"@id\":\"https:\\\/\\\/www.eldiario.net\\\/portal\\\/#website\",\"url\":\"https:\\\/\\\/www.eldiario.net\\\/portal\\\/\",\"name\":\"El Diario - Decano de la prensa nacional\",\"description\":\"El Diario - Decano de la prensa nacional\",\"publisher\":{\"@id\":\"https:\\\/\\\/www.eldiario.net\\\/portal\\\/#organization\"},\"potentialAction\":[{\"@type\":\"SearchAction\",\"target\":{\"@type\":\"EntryPoint\",\"urlTemplate\":\"https:\\\/\\\/www.eldiario.net\\\/portal\\\/?s={search_term_string}\"},\"query-input\":{\"@type\":\"PropertyValueSpecification\",\"valueRequired\":true,\"valueName\":\"search_term_string\"}}],\"inLanguage\":\"es\"},{\"@type\":\"Organization\",\"@id\":\"https:\\\/\\\/www.eldiario.net\\\/portal\\\/#organization\",\"name\":\"El Diario - Decano de la prensa nacional\",\"url\":\"https:\\\/\\\/www.eldiario.net\\\/portal\\\/\",\"logo\":{\"@type\":\"ImageObject\",\"inLanguage\":\"es\",\"@id\":\"https:\\\/\\\/www.eldiario.net\\\/portal\\\/#\\\/schema\\\/logo\\\/image\\\/\",\"url\":\"https:\\\/\\\/www.eldiario.net\\\/portal\\\/wp-content\\\/uploads\\\/2023\\\/07\\\/logo_ED.jpg\",\"contentUrl\":\"https:\\\/\\\/www.eldiario.net\\\/portal\\\/wp-content\\\/uploads\\\/2023\\\/07\\\/logo_ED.jpg\",\"width\":272,\"height\":52,\"caption\":\"El Diario - Decano de la prensa nacional\"},\"image\":{\"@id\":\"https:\\\/\\\/www.eldiario.net\\\/portal\\\/#\\\/schema\\\/logo\\\/image\\\/\"},\"sameAs\":[\"https:\\\/\\\/www.facebook.com\\\/eldiario.bolivia\\\/\",\"https:\\\/\\\/x.com\\\/eldiario_net\"]},{\"@type\":\"Person\",\"@id\":\"https:\\\/\\\/www.eldiario.net\\\/portal\\\/#\\\/schema\\\/person\\\/f46445640444750d7d753ccd04ae01b7\",\"name\":\"Jeanette\",\"image\":{\"@type\":\"ImageObject\",\"inLanguage\":\"es\",\"@id\":\"https:\\\/\\\/secure.gravatar.com\\\/avatar\\\/3ea2118a5f7dad2b7138b1187a6b7ee55f160b9968b66013c3a3ef39dd7e5798?s=96&d=mm&r=g\",\"url\":\"https:\\\/\\\/secure.gravatar.com\\\/avatar\\\/3ea2118a5f7dad2b7138b1187a6b7ee55f160b9968b66013c3a3ef39dd7e5798?s=96&d=mm&r=g\",\"contentUrl\":\"https:\\\/\\\/secure.gravatar.com\\\/avatar\\\/3ea2118a5f7dad2b7138b1187a6b7ee55f160b9968b66013c3a3ef39dd7e5798?s=96&d=mm&r=g\",\"caption\":\"Jeanette\"},\"sameAs\":[\"https:\\\/\\\/www.eldiario.net\\\/portal\"],\"url\":\"https:\\\/\\\/www.eldiario.net\\\/portal\\\/author\\\/jeanette\\\/\"}]}<\/script>\n<!-- \/ Yoast SEO plugin. -->","yoast_head_json":{"title":"Reforzar\u00e1n control en transporte y comercializaci\u00f3n de carne de res - El Diario - Bolivia","robots":{"index":"index","follow":"follow","max-snippet":"max-snippet:-1","max-image-preview":"max-image-preview:large","max-video-preview":"max-video-preview:-1"},"canonical":"https:\/\/www.eldiario.net\/portal\/2026\/09\/03\/reforzaran-control-en-transporte-y-comercializacion-de-carne-de-res\/","og_locale":"es_ES","og_type":"article","og_title":"Reforzar\u00e1n control en transporte y comercializaci\u00f3n de carne de res - El Diario - Bolivia","og_description":"Con el objetivo de garantizar la inocuidad alimentaria y proteger la salud de la poblaci\u00f3n, tras una reuni\u00f3n interinstitucional desarrollada la pasada jornada en la urbe alte\u00f1a entre representantes del Servicio Departamental de Salud (Sedes) de La Paz y de instancias relacionadas con el comercio de ganado vacuno, se coordinaron acciones de control y vigilancia [&hellip;]","og_url":"https:\/\/www.eldiario.net\/portal\/2026\/09\/03\/reforzaran-control-en-transporte-y-comercializacion-de-carne-de-res\/","og_site_name":"El Diario - Bolivia","article_publisher":"https:\/\/www.facebook.com\/eldiario.bolivia\/","article_published_time":"2026-09-03T10:20:26+00:00","og_image":[{"width":1638,"height":1242,"url":"https:\/\/www.eldiario.net\/portal\/wp-content\/uploads\/2026\/09\/CARNE-FOTO.webp","type":"image\/webp"}],"author":"Jeanette","twitter_card":"summary_large_image","twitter_creator":"@eldiario_net","twitter_site":"@eldiario_net","twitter_misc":{"Escrito por":"Jeanette","Tiempo de lectura":"2 minutos"},"schema":{"@context":"https:\/\/schema.org","@graph":[{"@type":"Article","@id":"https:\/\/www.eldiario.net\/portal\/2026\/09\/03\/reforzaran-control-en-transporte-y-comercializacion-de-carne-de-res\/#article","isPartOf":{"@id":"https:\/\/www.eldiario.net\/portal\/2026\/09\/03\/reforzaran-control-en-transporte-y-comercializacion-de-carne-de-res\/"},"author":{"name":"Jeanette","@id":"https:\/\/www.eldiario.net\/portal\/#\/schema\/person\/f46445640444750d7d753ccd04ae01b7"},"headline":"Reforzar\u00e1n control en transporte y comercializaci\u00f3n de carne de res","datePublished":"2026-09-03T10:20:26+00:00","mainEntityOfPage":{"@id":"https:\/\/www.eldiario.net\/portal\/2026\/09\/03\/reforzaran-control-en-transporte-y-comercializacion-de-carne-de-res\/"},"wordCount":258,"publisher":{"@id":"https:\/\/www.eldiario.net\/portal\/#organization"},"image":{"@id":"https:\/\/www.eldiario.net\/portal\/2026\/09\/03\/reforzaran-control-en-transporte-y-comercializacion-de-carne-de-res\/#primaryimage"},"thumbnailUrl":"https:\/\/www.eldiario.net\/portal\/wp-content\/uploads\/2026\/09\/CARNE-FOTO.webp","articleSection":["Nacional"],"inLanguage":"es"},{"@type":"WebPage","@id":"https:\/\/www.eldiario.net\/portal\/2026\/09\/03\/reforzaran-control-en-transporte-y-comercializacion-de-carne-de-res\/","url":"https:\/\/www.eldiario.net\/portal\/2026\/09\/03\/reforzaran-control-en-transporte-y-comercializacion-de-carne-de-res\/","name":"Reforzar\u00e1n control en transporte y comercializaci\u00f3n de carne de res - El Diario - Bolivia","isPartOf":{"@id":"https:\/\/www.eldiario.net\/portal\/#website"},"primaryImageOfPage":{"@id":"https:\/\/www.eldiario.net\/portal\/2026\/09\/03\/reforzaran-control-en-transporte-y-comercializacion-de-carne-de-res\/#primaryimage"},"image":{"@id":"https:\/\/www.eldiario.net\/portal\/2026\/09\/03\/reforzaran-control-en-transporte-y-comercializacion-de-carne-de-res\/#primaryimage"},"thumbnailUrl":"https:\/\/www.eldiario.net\/portal\/wp-content\/uploads\/2026\/09\/CARNE-FOTO.webp","datePublished":"2026-09-03T10:20:26+00:00","breadcrumb":{"@id":"https:\/\/www.eldiario.net\/portal\/2026\/09\/03\/reforzaran-control-en-transporte-y-comercializacion-de-carne-de-res\/#breadcrumb"},"inLanguage":"es","potentialAction":[{"@type":"ReadAction","target":["https:\/\/www.eldiario.net\/portal\/2026\/09\/03\/reforzaran-control-en-transporte-y-comercializacion-de-carne-de-res\/"]}]},{"@type":"ImageObject","inLanguage":"es","@id":"https:\/\/www.eldiario.net\/portal\/2026\/09\/03\/reforzaran-control-en-transporte-y-comercializacion-de-carne-de-res\/#primaryimage","url":"https:\/\/www.eldiario.net\/portal\/wp-content\/uploads\/2026\/09\/CARNE-FOTO.webp","contentUrl":"https:\/\/www.eldiario.net\/portal\/wp-content\/uploads\/2026\/09\/CARNE-FOTO.webp","width":1638,"height":1242,"caption":"Durante la reuni\u00f3n de representantes de las instancias involucradas. CR\u00c9DITO: Sedes de La Paz"},{"@type":"BreadcrumbList","@id":"https:\/\/www.eldiario.net\/portal\/2026\/09\/03\/reforzaran-control-en-transporte-y-comercializacion-de-carne-de-res\/#breadcrumb","itemListElement":[{"@type":"ListItem","position":1,"name":"Portada","item":"https:\/\/www.eldiario.net\/portal\/"},{"@type":"ListItem","position":2,"name":"Reforzar\u00e1n control en transporte y comercializaci\u00f3n de carne de res"}]},{"@type":"WebSite","@id":"https:\/\/www.eldiario.net\/portal\/#website","url":"https:\/\/www.eldiario.net\/portal\/","name":"El Diario - Decano de la prensa nacional","description":"El Diario - Decano de la prensa nacional","publisher":{"@id":"https:\/\/www.eldiario.net\/portal\/#organization"},"potentialAction":[{"@type":"SearchAction","target":{"@type":"EntryPoint","urlTemplate":"https:\/\/www.eldiario.net\/portal\/?s={search_term_string}"},"query-input":{"@type":"PropertyValueSpecification","valueRequired":true,"valueName":"search_term_string"}}],"inLanguage":"es"},{"@type":"Organization","@id":"https:\/\/www.eldiario.net\/portal\/#organization","name":"El Diario - Decano de la prensa nacional","url":"https:\/\/www.eldiario.net\/portal\/","logo":{"@type":"ImageObject","inLanguage":"es","@id":"https:\/\/www.eldiario.net\/portal\/#\/schema\/logo\/image\/","url":"https:\/\/www.eldiario.net\/portal\/wp-content\/uploads\/2023\/07\/logo_ED.jpg","contentUrl":"https:\/\/www.eldiario.net\/portal\/wp-content\/uploads\/2023\/07\/logo_ED.jpg","width":272,"height":52,"caption":"El Diario - Decano de la prensa nacional"},"image":{"@id":"https:\/\/www.eldiario.net\/portal\/#\/schema\/logo\/image\/"},"sameAs":["https:\/\/www.facebook.com\/eldiario.bolivia\/","https:\/\/x.com\/eldiario_net"]},{"@type":"Person","@id":"https:\/\/www.eldiario.net\/portal\/#\/schema\/person\/f46445640444750d7d753ccd04ae01b7","name":"Jeanette","image":{"@type":"ImageObject","inLanguage":"es","@id":"https:\/\/secure.gravatar.com\/avatar\/3ea2118a5f7dad2b7138b1187a6b7ee55f160b9968b66013c3a3ef39dd7e5798?s=96&d=mm&r=g","url":"https:\/\/secure.gravatar.com\/avatar\/3ea2118a5f7dad2b7138b1187a6b7ee55f160b9968b66013c3a3ef39dd7e5798?s=96&d=mm&r=g","contentUrl":"https:\/\/secure.gravatar.com\/avatar\/3ea2118a5f7dad2b7138b1187a6b7ee55f160b9968b66013c3a3ef39dd7e5798?s=96&d=mm&r=g","caption":"Jeanette"},"sameAs":["https:\/\/www.eldiario.net\/portal"],"url":"https:\/\/www.eldiario.net\/portal\/author\/jeanette\/"}]}},"_links":{"self":[{"href":"https:\/\/www.eldiario.net\/portal\/wp-json\/wp\/v2\/posts\/427291","targetHints":{"allow":["GET"]}}],"collection":[{"href":"https:\/\/www.eldiario.net\/portal\/wp-json\/wp\/v2\/posts"}],"about":[{"href":"https:\/\/www.eldiario.net\/portal\/wp-json\/wp\/v2\/types\/post"}],"author":[{"embeddable":true,"href":"https:\/\/www.eldiario.net\/portal\/wp-json\/wp\/v2\/users\/1"}],"replies":[{"embeddable":true,"href":"https:\/\/www.eldiario.net\/portal\/wp-json\/wp\/v2\/comments?post=427291"}],"version-history":[{"count":1,"href":"https:\/\/www.eldiario.net\/portal\/wp-json\/wp\/v2\/posts\/427291\/revisions"}],"predecessor-version":[{"id":427293,"href":"https:\/\/www.eldiario.net\/portal\/wp-json\/wp\/v2\/posts\/427291\/revisions\/427293"}],"wp:featuredmedia":[{"embeddable":true,"href":"https:\/\/www.eldiario.net\/portal\/wp-json\/wp\/v2\/media\/427292"}],"wp:attachment":[{"href":"https:\/\/www.eldiario.net\/portal\/wp-json\/wp\/v2\/media?parent=427291"}],"wp:term":[{"taxonomy":"category","embeddable":true,"href":"https:\/\/www.eldiario.net\/portal\/wp-json\/wp\/v2\/categories?post=427291"},{"taxonomy":"post_tag","embeddable":true,"href":"https:\/\/www.eldiario.net\/portal\/wp-json\/wp\/v2\/tags?post=427291"}],"curies":[{"name":"wp","href":"https:\/\/api.w.org\/{rel}","templated":true}]}}