{"id":427288,"date":"2026-09-03T06:19:18","date_gmt":"2026-09-03T10:19:18","guid":{"rendered":"https:\/\/www.eldiario.net\/portal\/?p=427288"},"modified":"2026-09-03T06:19:18","modified_gmt":"2026-09-03T10:19:18","slug":"oscar-villegas-esta-al-borde-de-quedar-fuera-de-seleccion","status":"publish","type":"post","link":"https:\/\/www.eldiario.net\/portal\/2026\/09\/03\/oscar-villegas-esta-al-borde-de-quedar-fuera-de-seleccion\/","title":{"rendered":"\u00d3scar Villegas est\u00e1 al borde  de quedar fuera de Selecci\u00f3n"},"content":{"rendered":"<p>De acuerdo con el C\u00f3digo de \u00c9tica de la Federaci\u00f3n Boliviana de F\u00fatbol (FBF), el entrenador \u00d3scar Villegas puede quedar inhabilitado para dirigir a la Selecci\u00f3n Absoluta en los partidos de preparaci\u00f3n a disputarse en la fecha FIFA de este mes, debido al procedimiento que tiene en el Tribunal de \u00c9tica bajo los cargos de corrupci\u00f3n, cohecho y ejercicio abusivo del cargo.<\/p>\n<p>El art\u00edculo 31.2 de dicho C\u00f3digo establece que \u201clas personas sujetas a esta norma, en caso de aceptar u ofrecer beneficios econ\u00f3micos indebidos o ventajas relacionadas con sus actividades oficiales podr\u00edan ser suspendidas de manera inmediata de sus funciones hasta que la investigaci\u00f3n llegue a la conclusi\u00f3n\u201d.<\/p>\n<p>Villegas fue denunciado junto a otros dirigentes del club Oriente Petrolero, entre ellos, el presidente Ronald Raldes, de retirar, sin autorizaci\u00f3n, dinero de la recaudaci\u00f3n del Cl\u00e1sico Cruce\u00f1o jugado en mayo de este a\u00f1o. El seleccionador de La Verde es acusado haber cobrado la suma de Bs 420 mil, monto que habr\u00eda entregado a la entidad verdolaga en calidad de pr\u00e9stamo en mayo.<\/p>\n<p>Con una fecha FIFA por delante, la intervenci\u00f3n de Villegas como \u201cprestamista\u201d del club orientista, podr\u00eda generar un conflicto de intereses a la hora de elaborar la lista de los convocados a la Selecci\u00f3n Nacional.<\/p>\n<p>El entrenador cochabambino tiene hasta el viernes 18 de septiembre para hacer su descargo ante el Tribunal de \u00c9tica de la Federaci\u00f3n Boliviana de F\u00fatbol (FBF). De momento, Villegas y sus colaboradores guardan silencio sobre esta acusaci\u00f3n.<\/p>\n<p>&nbsp;<\/p>\n","protected":false},"excerpt":{"rendered":"<p>De acuerdo con el C\u00f3digo de \u00c9tica de la Federaci\u00f3n Boliviana de F\u00fatbol (FBF), el entrenador \u00d3scar Villegas puede quedar inhabilitado para dirigir a la Selecci\u00f3n Absoluta en los partidos de preparaci\u00f3n a disputarse en la fecha FIFA de este mes, debido al procedimiento que tiene en el Tribunal de \u00c9tica bajo los cargos de [&hellip;]<\/p>\n","protected":false},"author":1,"featured_media":427289,"comment_status":"closed","ping_status":"open","sticky":false,"template":"","format":"standard","meta":{"_acf_changed":false,"footnotes":""},"categories":[6],"tags":[],"class_list":["post-427288","post","type-post","status-publish","format-standard","has-post-thumbnail","category-deportes"],"acf":{"antetitulo":"SEG\u00daN C\u00d3DIGO DE \u00c9TICA:"},"yoast_head":"<!-- This site is optimized with the Yoast SEO plugin v28.4 - https:\/\/yoast.com\/product\/yoast-seo-wordpress\/ -->\n<title>\u00d3scar Villegas est\u00e1 al borde de quedar fuera de Selecci\u00f3n - El Diario - Bolivia<\/title>\n<meta name=\"robots\" content=\"index, follow, max-snippet:-1, max-image-preview:large, max-video-preview:-1\" \/>\n<link rel=\"canonical\" href=\"https:\/\/www.eldiario.net\/portal\/2026\/09\/03\/oscar-villegas-esta-al-borde-de-quedar-fuera-de-seleccion\/\" \/>\n<meta property=\"og:locale\" content=\"es_ES\" \/>\n<meta property=\"og:type\" content=\"article\" \/>\n<meta property=\"og:title\" content=\"\u00d3scar Villegas est\u00e1 al borde de quedar fuera de Selecci\u00f3n - El Diario - Bolivia\" \/>\n<meta property=\"og:description\" content=\"De acuerdo con el C\u00f3digo de \u00c9tica de la Federaci\u00f3n Boliviana de F\u00fatbol (FBF), el entrenador \u00d3scar Villegas puede quedar inhabilitado para dirigir a la Selecci\u00f3n Absoluta en los partidos de preparaci\u00f3n a disputarse en la fecha FIFA de este mes, debido al procedimiento que tiene en el Tribunal de \u00c9tica bajo los cargos de [&hellip;]\" \/>\n<meta property=\"og:url\" content=\"https:\/\/www.eldiario.net\/portal\/2026\/09\/03\/oscar-villegas-esta-al-borde-de-quedar-fuera-de-seleccion\/\" \/>\n<meta property=\"og:site_name\" content=\"El Diario - Bolivia\" \/>\n<meta property=\"article:publisher\" content=\"https:\/\/www.facebook.com\/eldiario.bolivia\/\" \/>\n<meta property=\"article:published_time\" content=\"2026-09-03T10:19:18+00:00\" \/>\n<meta property=\"og:image\" content=\"https:\/\/www.eldiario.net\/portal\/wp-content\/uploads\/2026\/09\/Villegas-02.webp\" \/>\n\t<meta property=\"og:image:width\" content=\"568\" \/>\n\t<meta property=\"og:image:height\" content=\"404\" \/>\n\t<meta property=\"og:image:type\" content=\"image\/webp\" \/>\n<meta name=\"author\" content=\"Jeanette\" \/>\n<meta name=\"twitter:card\" content=\"summary_large_image\" \/>\n<meta name=\"twitter:creator\" content=\"@eldiario_net\" \/>\n<meta name=\"twitter:site\" content=\"@eldiario_net\" \/>\n<meta name=\"twitter:label1\" content=\"Escrito por\" \/>\n\t<meta name=\"twitter:data1\" content=\"Jeanette\" \/>\n\t<meta name=\"twitter:label2\" content=\"Tiempo de lectura\" \/>\n\t<meta name=\"twitter:data2\" content=\"2 minutos\" \/>\n<script type=\"application\/ld+json\" class=\"yoast-schema-graph\">{\"@context\":\"https:\\\/\\\/schema.org\",\"@graph\":[{\"@type\":\"Article\",\"@id\":\"https:\\\/\\\/www.eldiario.net\\\/portal\\\/2026\\\/09\\\/03\\\/oscar-villegas-esta-al-borde-de-quedar-fuera-de-seleccion\\\/#article\",\"isPartOf\":{\"@id\":\"https:\\\/\\\/www.eldiario.net\\\/portal\\\/2026\\\/09\\\/03\\\/oscar-villegas-esta-al-borde-de-quedar-fuera-de-seleccion\\\/\"},\"author\":{\"name\":\"Jeanette\",\"@id\":\"https:\\\/\\\/www.eldiario.net\\\/portal\\\/#\\\/schema\\\/person\\\/f46445640444750d7d753ccd04ae01b7\"},\"headline\":\"\u00d3scar Villegas est\u00e1 al borde de quedar fuera de Selecci\u00f3n\",\"datePublished\":\"2026-09-03T10:19:18+00:00\",\"mainEntityOfPage\":{\"@id\":\"https:\\\/\\\/www.eldiario.net\\\/portal\\\/2026\\\/09\\\/03\\\/oscar-villegas-esta-al-borde-de-quedar-fuera-de-seleccion\\\/\"},\"wordCount\":278,\"publisher\":{\"@id\":\"https:\\\/\\\/www.eldiario.net\\\/portal\\\/#organization\"},\"image\":{\"@id\":\"https:\\\/\\\/www.eldiario.net\\\/portal\\\/2026\\\/09\\\/03\\\/oscar-villegas-esta-al-borde-de-quedar-fuera-de-seleccion\\\/#primaryimage\"},\"thumbnailUrl\":\"https:\\\/\\\/www.eldiario.net\\\/portal\\\/wp-content\\\/uploads\\\/2026\\\/09\\\/Villegas-02.webp\",\"articleSection\":[\"Deportes\"],\"inLanguage\":\"es\"},{\"@type\":\"WebPage\",\"@id\":\"https:\\\/\\\/www.eldiario.net\\\/portal\\\/2026\\\/09\\\/03\\\/oscar-villegas-esta-al-borde-de-quedar-fuera-de-seleccion\\\/\",\"url\":\"https:\\\/\\\/www.eldiario.net\\\/portal\\\/2026\\\/09\\\/03\\\/oscar-villegas-esta-al-borde-de-quedar-fuera-de-seleccion\\\/\",\"name\":\"\u00d3scar Villegas est\u00e1 al borde de quedar fuera de Selecci\u00f3n - El Diario - Bolivia\",\"isPartOf\":{\"@id\":\"https:\\\/\\\/www.eldiario.net\\\/portal\\\/#website\"},\"primaryImageOfPage\":{\"@id\":\"https:\\\/\\\/www.eldiario.net\\\/portal\\\/2026\\\/09\\\/03\\\/oscar-villegas-esta-al-borde-de-quedar-fuera-de-seleccion\\\/#primaryimage\"},\"image\":{\"@id\":\"https:\\\/\\\/www.eldiario.net\\\/portal\\\/2026\\\/09\\\/03\\\/oscar-villegas-esta-al-borde-de-quedar-fuera-de-seleccion\\\/#primaryimage\"},\"thumbnailUrl\":\"https:\\\/\\\/www.eldiario.net\\\/portal\\\/wp-content\\\/uploads\\\/2026\\\/09\\\/Villegas-02.webp\",\"datePublished\":\"2026-09-03T10:19:18+00:00\",\"breadcrumb\":{\"@id\":\"https:\\\/\\\/www.eldiario.net\\\/portal\\\/2026\\\/09\\\/03\\\/oscar-villegas-esta-al-borde-de-quedar-fuera-de-seleccion\\\/#breadcrumb\"},\"inLanguage\":\"es\",\"potentialAction\":[{\"@type\":\"ReadAction\",\"target\":[\"https:\\\/\\\/www.eldiario.net\\\/portal\\\/2026\\\/09\\\/03\\\/oscar-villegas-esta-al-borde-de-quedar-fuera-de-seleccion\\\/\"]}]},{\"@type\":\"ImageObject\",\"inLanguage\":\"es\",\"@id\":\"https:\\\/\\\/www.eldiario.net\\\/portal\\\/2026\\\/09\\\/03\\\/oscar-villegas-esta-al-borde-de-quedar-fuera-de-seleccion\\\/#primaryimage\",\"url\":\"https:\\\/\\\/www.eldiario.net\\\/portal\\\/wp-content\\\/uploads\\\/2026\\\/09\\\/Villegas-02.webp\",\"contentUrl\":\"https:\\\/\\\/www.eldiario.net\\\/portal\\\/wp-content\\\/uploads\\\/2026\\\/09\\\/Villegas-02.webp\",\"width\":568,\"height\":404},{\"@type\":\"BreadcrumbList\",\"@id\":\"https:\\\/\\\/www.eldiario.net\\\/portal\\\/2026\\\/09\\\/03\\\/oscar-villegas-esta-al-borde-de-quedar-fuera-de-seleccion\\\/#breadcrumb\",\"itemListElement\":[{\"@type\":\"ListItem\",\"position\":1,\"name\":\"Portada\",\"item\":\"https:\\\/\\\/www.eldiario.net\\\/portal\\\/\"},{\"@type\":\"ListItem\",\"position\":2,\"name\":\"\u00d3scar Villegas est\u00e1 al borde de quedar fuera de Selecci\u00f3n\"}]},{\"@type\":\"WebSite\",\"@id\":\"https:\\\/\\\/www.eldiario.net\\\/portal\\\/#website\",\"url\":\"https:\\\/\\\/www.eldiario.net\\\/portal\\\/\",\"name\":\"El Diario - Decano de la prensa nacional\",\"description\":\"El Diario - Decano de la prensa nacional\",\"publisher\":{\"@id\":\"https:\\\/\\\/www.eldiario.net\\\/portal\\\/#organization\"},\"potentialAction\":[{\"@type\":\"SearchAction\",\"target\":{\"@type\":\"EntryPoint\",\"urlTemplate\":\"https:\\\/\\\/www.eldiario.net\\\/portal\\\/?s={search_term_string}\"},\"query-input\":{\"@type\":\"PropertyValueSpecification\",\"valueRequired\":true,\"valueName\":\"search_term_string\"}}],\"inLanguage\":\"es\"},{\"@type\":\"Organization\",\"@id\":\"https:\\\/\\\/www.eldiario.net\\\/portal\\\/#organization\",\"name\":\"El Diario - Decano de la prensa nacional\",\"url\":\"https:\\\/\\\/www.eldiario.net\\\/portal\\\/\",\"logo\":{\"@type\":\"ImageObject\",\"inLanguage\":\"es\",\"@id\":\"https:\\\/\\\/www.eldiario.net\\\/portal\\\/#\\\/schema\\\/logo\\\/image\\\/\",\"url\":\"https:\\\/\\\/www.eldiario.net\\\/portal\\\/wp-content\\\/uploads\\\/2023\\\/07\\\/logo_ED.jpg\",\"contentUrl\":\"https:\\\/\\\/www.eldiario.net\\\/portal\\\/wp-content\\\/uploads\\\/2023\\\/07\\\/logo_ED.jpg\",\"width\":272,\"height\":52,\"caption\":\"El Diario - Decano de la prensa nacional\"},\"image\":{\"@id\":\"https:\\\/\\\/www.eldiario.net\\\/portal\\\/#\\\/schema\\\/logo\\\/image\\\/\"},\"sameAs\":[\"https:\\\/\\\/www.facebook.com\\\/eldiario.bolivia\\\/\",\"https:\\\/\\\/x.com\\\/eldiario_net\"]},{\"@type\":\"Person\",\"@id\":\"https:\\\/\\\/www.eldiario.net\\\/portal\\\/#\\\/schema\\\/person\\\/f46445640444750d7d753ccd04ae01b7\",\"name\":\"Jeanette\",\"image\":{\"@type\":\"ImageObject\",\"inLanguage\":\"es\",\"@id\":\"https:\\\/\\\/secure.gravatar.com\\\/avatar\\\/3ea2118a5f7dad2b7138b1187a6b7ee55f160b9968b66013c3a3ef39dd7e5798?s=96&d=mm&r=g\",\"url\":\"https:\\\/\\\/secure.gravatar.com\\\/avatar\\\/3ea2118a5f7dad2b7138b1187a6b7ee55f160b9968b66013c3a3ef39dd7e5798?s=96&d=mm&r=g\",\"contentUrl\":\"https:\\\/\\\/secure.gravatar.com\\\/avatar\\\/3ea2118a5f7dad2b7138b1187a6b7ee55f160b9968b66013c3a3ef39dd7e5798?s=96&d=mm&r=g\",\"caption\":\"Jeanette\"},\"sameAs\":[\"https:\\\/\\\/www.eldiario.net\\\/portal\"],\"url\":\"https:\\\/\\\/www.eldiario.net\\\/portal\\\/author\\\/jeanette\\\/\"}]}<\/script>\n<!-- \/ Yoast SEO plugin. -->","yoast_head_json":{"title":"\u00d3scar Villegas est\u00e1 al borde de quedar fuera de Selecci\u00f3n - El Diario - Bolivia","robots":{"index":"index","follow":"follow","max-snippet":"max-snippet:-1","max-image-preview":"max-image-preview:large","max-video-preview":"max-video-preview:-1"},"canonical":"https:\/\/www.eldiario.net\/portal\/2026\/09\/03\/oscar-villegas-esta-al-borde-de-quedar-fuera-de-seleccion\/","og_locale":"es_ES","og_type":"article","og_title":"\u00d3scar Villegas est\u00e1 al borde de quedar fuera de Selecci\u00f3n - El Diario - Bolivia","og_description":"De acuerdo con el C\u00f3digo de \u00c9tica de la Federaci\u00f3n Boliviana de F\u00fatbol (FBF), el entrenador \u00d3scar Villegas puede quedar inhabilitado para dirigir a la Selecci\u00f3n Absoluta en los partidos de preparaci\u00f3n a disputarse en la fecha FIFA de este mes, debido al procedimiento que tiene en el Tribunal de \u00c9tica bajo los cargos de [&hellip;]","og_url":"https:\/\/www.eldiario.net\/portal\/2026\/09\/03\/oscar-villegas-esta-al-borde-de-quedar-fuera-de-seleccion\/","og_site_name":"El Diario - Bolivia","article_publisher":"https:\/\/www.facebook.com\/eldiario.bolivia\/","article_published_time":"2026-09-03T10:19:18+00:00","og_image":[{"width":568,"height":404,"url":"https:\/\/www.eldiario.net\/portal\/wp-content\/uploads\/2026\/09\/Villegas-02.webp","type":"image\/webp"}],"author":"Jeanette","twitter_card":"summary_large_image","twitter_creator":"@eldiario_net","twitter_site":"@eldiario_net","twitter_misc":{"Escrito por":"Jeanette","Tiempo de lectura":"2 minutos"},"schema":{"@context":"https:\/\/schema.org","@graph":[{"@type":"Article","@id":"https:\/\/www.eldiario.net\/portal\/2026\/09\/03\/oscar-villegas-esta-al-borde-de-quedar-fuera-de-seleccion\/#article","isPartOf":{"@id":"https:\/\/www.eldiario.net\/portal\/2026\/09\/03\/oscar-villegas-esta-al-borde-de-quedar-fuera-de-seleccion\/"},"author":{"name":"Jeanette","@id":"https:\/\/www.eldiario.net\/portal\/#\/schema\/person\/f46445640444750d7d753ccd04ae01b7"},"headline":"\u00d3scar Villegas est\u00e1 al borde de quedar fuera de Selecci\u00f3n","datePublished":"2026-09-03T10:19:18+00:00","mainEntityOfPage":{"@id":"https:\/\/www.eldiario.net\/portal\/2026\/09\/03\/oscar-villegas-esta-al-borde-de-quedar-fuera-de-seleccion\/"},"wordCount":278,"publisher":{"@id":"https:\/\/www.eldiario.net\/portal\/#organization"},"image":{"@id":"https:\/\/www.eldiario.net\/portal\/2026\/09\/03\/oscar-villegas-esta-al-borde-de-quedar-fuera-de-seleccion\/#primaryimage"},"thumbnailUrl":"https:\/\/www.eldiario.net\/portal\/wp-content\/uploads\/2026\/09\/Villegas-02.webp","articleSection":["Deportes"],"inLanguage":"es"},{"@type":"WebPage","@id":"https:\/\/www.eldiario.net\/portal\/2026\/09\/03\/oscar-villegas-esta-al-borde-de-quedar-fuera-de-seleccion\/","url":"https:\/\/www.eldiario.net\/portal\/2026\/09\/03\/oscar-villegas-esta-al-borde-de-quedar-fuera-de-seleccion\/","name":"\u00d3scar Villegas est\u00e1 al borde de quedar fuera de Selecci\u00f3n - El Diario - Bolivia","isPartOf":{"@id":"https:\/\/www.eldiario.net\/portal\/#website"},"primaryImageOfPage":{"@id":"https:\/\/www.eldiario.net\/portal\/2026\/09\/03\/oscar-villegas-esta-al-borde-de-quedar-fuera-de-seleccion\/#primaryimage"},"image":{"@id":"https:\/\/www.eldiario.net\/portal\/2026\/09\/03\/oscar-villegas-esta-al-borde-de-quedar-fuera-de-seleccion\/#primaryimage"},"thumbnailUrl":"https:\/\/www.eldiario.net\/portal\/wp-content\/uploads\/2026\/09\/Villegas-02.webp","datePublished":"2026-09-03T10:19:18+00:00","breadcrumb":{"@id":"https:\/\/www.eldiario.net\/portal\/2026\/09\/03\/oscar-villegas-esta-al-borde-de-quedar-fuera-de-seleccion\/#breadcrumb"},"inLanguage":"es","potentialAction":[{"@type":"ReadAction","target":["https:\/\/www.eldiario.net\/portal\/2026\/09\/03\/oscar-villegas-esta-al-borde-de-quedar-fuera-de-seleccion\/"]}]},{"@type":"ImageObject","inLanguage":"es","@id":"https:\/\/www.eldiario.net\/portal\/2026\/09\/03\/oscar-villegas-esta-al-borde-de-quedar-fuera-de-seleccion\/#primaryimage","url":"https:\/\/www.eldiario.net\/portal\/wp-content\/uploads\/2026\/09\/Villegas-02.webp","contentUrl":"https:\/\/www.eldiario.net\/portal\/wp-content\/uploads\/2026\/09\/Villegas-02.webp","width":568,"height":404},{"@type":"BreadcrumbList","@id":"https:\/\/www.eldiario.net\/portal\/2026\/09\/03\/oscar-villegas-esta-al-borde-de-quedar-fuera-de-seleccion\/#breadcrumb","itemListElement":[{"@type":"ListItem","position":1,"name":"Portada","item":"https:\/\/www.eldiario.net\/portal\/"},{"@type":"ListItem","position":2,"name":"\u00d3scar Villegas est\u00e1 al borde de quedar fuera de Selecci\u00f3n"}]},{"@type":"WebSite","@id":"https:\/\/www.eldiario.net\/portal\/#website","url":"https:\/\/www.eldiario.net\/portal\/","name":"El Diario - Decano de la prensa nacional","description":"El Diario - Decano de la prensa nacional","publisher":{"@id":"https:\/\/www.eldiario.net\/portal\/#organization"},"potentialAction":[{"@type":"SearchAction","target":{"@type":"EntryPoint","urlTemplate":"https:\/\/www.eldiario.net\/portal\/?s={search_term_string}"},"query-input":{"@type":"PropertyValueSpecification","valueRequired":true,"valueName":"search_term_string"}}],"inLanguage":"es"},{"@type":"Organization","@id":"https:\/\/www.eldiario.net\/portal\/#organization","name":"El Diario - Decano de la prensa nacional","url":"https:\/\/www.eldiario.net\/portal\/","logo":{"@type":"ImageObject","inLanguage":"es","@id":"https:\/\/www.eldiario.net\/portal\/#\/schema\/logo\/image\/","url":"https:\/\/www.eldiario.net\/portal\/wp-content\/uploads\/2023\/07\/logo_ED.jpg","contentUrl":"https:\/\/www.eldiario.net\/portal\/wp-content\/uploads\/2023\/07\/logo_ED.jpg","width":272,"height":52,"caption":"El Diario - Decano de la prensa nacional"},"image":{"@id":"https:\/\/www.eldiario.net\/portal\/#\/schema\/logo\/image\/"},"sameAs":["https:\/\/www.facebook.com\/eldiario.bolivia\/","https:\/\/x.com\/eldiario_net"]},{"@type":"Person","@id":"https:\/\/www.eldiario.net\/portal\/#\/schema\/person\/f46445640444750d7d753ccd04ae01b7","name":"Jeanette","image":{"@type":"ImageObject","inLanguage":"es","@id":"https:\/\/secure.gravatar.com\/avatar\/3ea2118a5f7dad2b7138b1187a6b7ee55f160b9968b66013c3a3ef39dd7e5798?s=96&d=mm&r=g","url":"https:\/\/secure.gravatar.com\/avatar\/3ea2118a5f7dad2b7138b1187a6b7ee55f160b9968b66013c3a3ef39dd7e5798?s=96&d=mm&r=g","contentUrl":"https:\/\/secure.gravatar.com\/avatar\/3ea2118a5f7dad2b7138b1187a6b7ee55f160b9968b66013c3a3ef39dd7e5798?s=96&d=mm&r=g","caption":"Jeanette"},"sameAs":["https:\/\/www.eldiario.net\/portal"],"url":"https:\/\/www.eldiario.net\/portal\/author\/jeanette\/"}]}},"_links":{"self":[{"href":"https:\/\/www.eldiario.net\/portal\/wp-json\/wp\/v2\/posts\/427288","targetHints":{"allow":["GET"]}}],"collection":[{"href":"https:\/\/www.eldiario.net\/portal\/wp-json\/wp\/v2\/posts"}],"about":[{"href":"https:\/\/www.eldiario.net\/portal\/wp-json\/wp\/v2\/types\/post"}],"author":[{"embeddable":true,"href":"https:\/\/www.eldiario.net\/portal\/wp-json\/wp\/v2\/users\/1"}],"replies":[{"embeddable":true,"href":"https:\/\/www.eldiario.net\/portal\/wp-json\/wp\/v2\/comments?post=427288"}],"version-history":[{"count":1,"href":"https:\/\/www.eldiario.net\/portal\/wp-json\/wp\/v2\/posts\/427288\/revisions"}],"predecessor-version":[{"id":427290,"href":"https:\/\/www.eldiario.net\/portal\/wp-json\/wp\/v2\/posts\/427288\/revisions\/427290"}],"wp:featuredmedia":[{"embeddable":true,"href":"https:\/\/www.eldiario.net\/portal\/wp-json\/wp\/v2\/media\/427289"}],"wp:attachment":[{"href":"https:\/\/www.eldiario.net\/portal\/wp-json\/wp\/v2\/media?parent=427288"}],"wp:term":[{"taxonomy":"category","embeddable":true,"href":"https:\/\/www.eldiario.net\/portal\/wp-json\/wp\/v2\/categories?post=427288"},{"taxonomy":"post_tag","embeddable":true,"href":"https:\/\/www.eldiario.net\/portal\/wp-json\/wp\/v2\/tags?post=427288"}],"curies":[{"name":"wp","href":"https:\/\/api.w.org\/{rel}","templated":true}]}}