{"id":427285,"date":"2026-09-03T06:18:33","date_gmt":"2026-09-03T10:18:33","guid":{"rendered":"https:\/\/www.eldiario.net\/portal\/?p=427285"},"modified":"2026-09-03T06:18:33","modified_gmt":"2026-09-03T10:18:33","slug":"el-tigre-recibe-a-tomayapo-este-domingo-desde-las-1800","status":"publish","type":"post","link":"https:\/\/www.eldiario.net\/portal\/2026\/09\/03\/el-tigre-recibe-a-tomayapo-este-domingo-desde-las-1800\/","title":{"rendered":"El Tigre recibe a Tomayapo  este domingo desde las 18:00"},"content":{"rendered":"<p>Este domingo 6 de septiembre, D\u00eda del Peat\u00f3n, habr\u00e1 f\u00fatbol en La Paz. El encuentro entre The Strongest y Real Tomayapo fue confirmado, con la variante de horario; se jugar\u00e1 desde las 18:00, aunque inicialmente estaba fijado para las 17:15.<\/p>\n<p>La dirigencia del Tigre pidi\u00f3 modificar el horario del cotejo que se disputar\u00e1 en el estadio Hernando Siles por la fecha 18 del torneo de la Divisi\u00f3n Profesional.<\/p>\n<p>La Direcci\u00f3n de Competiciones de la Federaci\u00f3n Boliviana de F\u00fatbol (FBF) comprendi\u00f3 que, por el D\u00eda del Peat\u00f3n, los veh\u00edculos no podr\u00e1n transitar desde las 08:00 hasta las 18:00.<\/p>\n<p>\u201cEl \u2018D\u00eda del Peat\u00f3n\u2019 implica restricciones a la circulaci\u00f3n vehicular, lo cual podr\u00eda dificultar el traslado oportuno de los diferentes actores involucrados, as\u00ed como de los aficionados que asistir\u00e1n al encuentro deportivo\u201d, indica uno de los p\u00e1rrafos de la solicitud atigrada.<\/p>\n<p>El juez central del partido ser\u00e1 Ivo M\u00e9ndez y como juez VAR estar\u00e1 Charles Terrazas.<\/p>\n<p>En lo futbol\u00edstico, el Tigre llega a este juego, tras perder 2-4 contra Bol\u00edvar en el Cl\u00e1sico Pace\u00f1o por la Copa Bolivia. Esta derrota afect\u00f3 en los \u00e1nimos del elenco, sin embargo, todos saben que ese traspi\u00e9 no influye en la tabla de posiciones del torneo largo.<\/p>\n<p>En caso que Bol\u00edvar y Always Ready pierdan sus pr\u00f3ximos compromisos que los jugar\u00e1n de visitantes y el Tigre superar\u00eda a Real Tomayapo, la tabla de posiciones se igualar\u00eda con tres punteros, entre los que estar\u00eda The Strongest al alcanzar 36 unidades.<\/p>\n<p>En este entender, el DT Antonio Carlos Zago y sus dirigidos no quieren perder ni un punto en los pr\u00f3ximos 12 compromisos que restan para concluir el torneo largo.<\/p>\n<p>Sin embargo, una de las bajas que aflige es la de Darwin Lom quien sufri\u00f3 un desgarro fibrilar en el muslo izquierdo durante el cl\u00e1sico y ser\u00e1 baja en por lo menos tres semanas.<\/p>\n<p>(GS- IMAGEN: THE STRONGEST)<\/p>\n","protected":false},"excerpt":{"rendered":"<p>Este domingo 6 de septiembre, D\u00eda del Peat\u00f3n, habr\u00e1 f\u00fatbol en La Paz. El encuentro entre The Strongest y Real Tomayapo fue confirmado, con la variante de horario; se jugar\u00e1 desde las 18:00, aunque inicialmente estaba fijado para las 17:15. La dirigencia del Tigre pidi\u00f3 modificar el horario del cotejo que se disputar\u00e1 en el [&hellip;]<\/p>\n","protected":false},"author":1,"featured_media":427286,"comment_status":"closed","ping_status":"open","sticky":false,"template":"","format":"standard","meta":{"_acf_changed":false,"footnotes":""},"categories":[6],"tags":[],"class_list":["post-427285","post","type-post","status-publish","format-standard","has-post-thumbnail","category-deportes"],"acf":{"antetitulo":"EN EL D\u00cdA DEL PEAT\u00d3N"},"yoast_head":"<!-- This site is optimized with the Yoast SEO plugin v28.4 - https:\/\/yoast.com\/product\/yoast-seo-wordpress\/ -->\n<title>El Tigre recibe a Tomayapo este domingo desde las 18:00 - El Diario - Bolivia<\/title>\n<meta name=\"robots\" content=\"index, follow, max-snippet:-1, max-image-preview:large, max-video-preview:-1\" \/>\n<link rel=\"canonical\" href=\"https:\/\/www.eldiario.net\/portal\/2026\/09\/03\/el-tigre-recibe-a-tomayapo-este-domingo-desde-las-1800\/\" \/>\n<meta property=\"og:locale\" content=\"es_ES\" \/>\n<meta property=\"og:type\" content=\"article\" \/>\n<meta property=\"og:title\" content=\"El Tigre recibe a Tomayapo este domingo desde las 18:00 - El Diario - Bolivia\" \/>\n<meta property=\"og:description\" content=\"Este domingo 6 de septiembre, D\u00eda del Peat\u00f3n, habr\u00e1 f\u00fatbol en La Paz. El encuentro entre The Strongest y Real Tomayapo fue confirmado, con la variante de horario; se jugar\u00e1 desde las 18:00, aunque inicialmente estaba fijado para las 17:15. La dirigencia del Tigre pidi\u00f3 modificar el horario del cotejo que se disputar\u00e1 en el [&hellip;]\" \/>\n<meta property=\"og:url\" content=\"https:\/\/www.eldiario.net\/portal\/2026\/09\/03\/el-tigre-recibe-a-tomayapo-este-domingo-desde-las-1800\/\" \/>\n<meta property=\"og:site_name\" content=\"El Diario - Bolivia\" \/>\n<meta property=\"article:publisher\" content=\"https:\/\/www.facebook.com\/eldiario.bolivia\/\" \/>\n<meta property=\"article:published_time\" content=\"2026-09-03T10:18:33+00:00\" \/>\n<meta property=\"og:image\" content=\"https:\/\/www.eldiario.net\/portal\/wp-content\/uploads\/2026\/09\/Tigre-02.webp\" \/>\n\t<meta property=\"og:image:width\" content=\"638\" \/>\n\t<meta property=\"og:image:height\" content=\"822\" \/>\n\t<meta property=\"og:image:type\" content=\"image\/webp\" \/>\n<meta name=\"author\" content=\"Jeanette\" \/>\n<meta name=\"twitter:card\" content=\"summary_large_image\" \/>\n<meta name=\"twitter:creator\" content=\"@eldiario_net\" \/>\n<meta name=\"twitter:site\" content=\"@eldiario_net\" \/>\n<meta name=\"twitter:label1\" content=\"Escrito por\" \/>\n\t<meta name=\"twitter:data1\" content=\"Jeanette\" \/>\n\t<meta name=\"twitter:label2\" content=\"Tiempo de lectura\" \/>\n\t<meta name=\"twitter:data2\" content=\"2 minutos\" \/>\n<script type=\"application\/ld+json\" class=\"yoast-schema-graph\">{\"@context\":\"https:\\\/\\\/schema.org\",\"@graph\":[{\"@type\":\"Article\",\"@id\":\"https:\\\/\\\/www.eldiario.net\\\/portal\\\/2026\\\/09\\\/03\\\/el-tigre-recibe-a-tomayapo-este-domingo-desde-las-1800\\\/#article\",\"isPartOf\":{\"@id\":\"https:\\\/\\\/www.eldiario.net\\\/portal\\\/2026\\\/09\\\/03\\\/el-tigre-recibe-a-tomayapo-este-domingo-desde-las-1800\\\/\"},\"author\":{\"name\":\"Jeanette\",\"@id\":\"https:\\\/\\\/www.eldiario.net\\\/portal\\\/#\\\/schema\\\/person\\\/f46445640444750d7d753ccd04ae01b7\"},\"headline\":\"El Tigre recibe a Tomayapo este domingo desde las 18:00\",\"datePublished\":\"2026-09-03T10:18:33+00:00\",\"mainEntityOfPage\":{\"@id\":\"https:\\\/\\\/www.eldiario.net\\\/portal\\\/2026\\\/09\\\/03\\\/el-tigre-recibe-a-tomayapo-este-domingo-desde-las-1800\\\/\"},\"wordCount\":340,\"publisher\":{\"@id\":\"https:\\\/\\\/www.eldiario.net\\\/portal\\\/#organization\"},\"image\":{\"@id\":\"https:\\\/\\\/www.eldiario.net\\\/portal\\\/2026\\\/09\\\/03\\\/el-tigre-recibe-a-tomayapo-este-domingo-desde-las-1800\\\/#primaryimage\"},\"thumbnailUrl\":\"https:\\\/\\\/www.eldiario.net\\\/portal\\\/wp-content\\\/uploads\\\/2026\\\/09\\\/Tigre-02.webp\",\"articleSection\":[\"Deportes\"],\"inLanguage\":\"es\"},{\"@type\":\"WebPage\",\"@id\":\"https:\\\/\\\/www.eldiario.net\\\/portal\\\/2026\\\/09\\\/03\\\/el-tigre-recibe-a-tomayapo-este-domingo-desde-las-1800\\\/\",\"url\":\"https:\\\/\\\/www.eldiario.net\\\/portal\\\/2026\\\/09\\\/03\\\/el-tigre-recibe-a-tomayapo-este-domingo-desde-las-1800\\\/\",\"name\":\"El Tigre recibe a Tomayapo este domingo desde las 18:00 - El Diario - Bolivia\",\"isPartOf\":{\"@id\":\"https:\\\/\\\/www.eldiario.net\\\/portal\\\/#website\"},\"primaryImageOfPage\":{\"@id\":\"https:\\\/\\\/www.eldiario.net\\\/portal\\\/2026\\\/09\\\/03\\\/el-tigre-recibe-a-tomayapo-este-domingo-desde-las-1800\\\/#primaryimage\"},\"image\":{\"@id\":\"https:\\\/\\\/www.eldiario.net\\\/portal\\\/2026\\\/09\\\/03\\\/el-tigre-recibe-a-tomayapo-este-domingo-desde-las-1800\\\/#primaryimage\"},\"thumbnailUrl\":\"https:\\\/\\\/www.eldiario.net\\\/portal\\\/wp-content\\\/uploads\\\/2026\\\/09\\\/Tigre-02.webp\",\"datePublished\":\"2026-09-03T10:18:33+00:00\",\"breadcrumb\":{\"@id\":\"https:\\\/\\\/www.eldiario.net\\\/portal\\\/2026\\\/09\\\/03\\\/el-tigre-recibe-a-tomayapo-este-domingo-desde-las-1800\\\/#breadcrumb\"},\"inLanguage\":\"es\",\"potentialAction\":[{\"@type\":\"ReadAction\",\"target\":[\"https:\\\/\\\/www.eldiario.net\\\/portal\\\/2026\\\/09\\\/03\\\/el-tigre-recibe-a-tomayapo-este-domingo-desde-las-1800\\\/\"]}]},{\"@type\":\"ImageObject\",\"inLanguage\":\"es\",\"@id\":\"https:\\\/\\\/www.eldiario.net\\\/portal\\\/2026\\\/09\\\/03\\\/el-tigre-recibe-a-tomayapo-este-domingo-desde-las-1800\\\/#primaryimage\",\"url\":\"https:\\\/\\\/www.eldiario.net\\\/portal\\\/wp-content\\\/uploads\\\/2026\\\/09\\\/Tigre-02.webp\",\"contentUrl\":\"https:\\\/\\\/www.eldiario.net\\\/portal\\\/wp-content\\\/uploads\\\/2026\\\/09\\\/Tigre-02.webp\",\"width\":638,\"height\":822},{\"@type\":\"BreadcrumbList\",\"@id\":\"https:\\\/\\\/www.eldiario.net\\\/portal\\\/2026\\\/09\\\/03\\\/el-tigre-recibe-a-tomayapo-este-domingo-desde-las-1800\\\/#breadcrumb\",\"itemListElement\":[{\"@type\":\"ListItem\",\"position\":1,\"name\":\"Portada\",\"item\":\"https:\\\/\\\/www.eldiario.net\\\/portal\\\/\"},{\"@type\":\"ListItem\",\"position\":2,\"name\":\"El Tigre recibe a Tomayapo este domingo desde las 18:00\"}]},{\"@type\":\"WebSite\",\"@id\":\"https:\\\/\\\/www.eldiario.net\\\/portal\\\/#website\",\"url\":\"https:\\\/\\\/www.eldiario.net\\\/portal\\\/\",\"name\":\"El Diario - Decano de la prensa nacional\",\"description\":\"El Diario - Decano de la prensa nacional\",\"publisher\":{\"@id\":\"https:\\\/\\\/www.eldiario.net\\\/portal\\\/#organization\"},\"potentialAction\":[{\"@type\":\"SearchAction\",\"target\":{\"@type\":\"EntryPoint\",\"urlTemplate\":\"https:\\\/\\\/www.eldiario.net\\\/portal\\\/?s={search_term_string}\"},\"query-input\":{\"@type\":\"PropertyValueSpecification\",\"valueRequired\":true,\"valueName\":\"search_term_string\"}}],\"inLanguage\":\"es\"},{\"@type\":\"Organization\",\"@id\":\"https:\\\/\\\/www.eldiario.net\\\/portal\\\/#organization\",\"name\":\"El Diario - Decano de la prensa nacional\",\"url\":\"https:\\\/\\\/www.eldiario.net\\\/portal\\\/\",\"logo\":{\"@type\":\"ImageObject\",\"inLanguage\":\"es\",\"@id\":\"https:\\\/\\\/www.eldiario.net\\\/portal\\\/#\\\/schema\\\/logo\\\/image\\\/\",\"url\":\"https:\\\/\\\/www.eldiario.net\\\/portal\\\/wp-content\\\/uploads\\\/2023\\\/07\\\/logo_ED.jpg\",\"contentUrl\":\"https:\\\/\\\/www.eldiario.net\\\/portal\\\/wp-content\\\/uploads\\\/2023\\\/07\\\/logo_ED.jpg\",\"width\":272,\"height\":52,\"caption\":\"El Diario - Decano de la prensa nacional\"},\"image\":{\"@id\":\"https:\\\/\\\/www.eldiario.net\\\/portal\\\/#\\\/schema\\\/logo\\\/image\\\/\"},\"sameAs\":[\"https:\\\/\\\/www.facebook.com\\\/eldiario.bolivia\\\/\",\"https:\\\/\\\/x.com\\\/eldiario_net\"]},{\"@type\":\"Person\",\"@id\":\"https:\\\/\\\/www.eldiario.net\\\/portal\\\/#\\\/schema\\\/person\\\/f46445640444750d7d753ccd04ae01b7\",\"name\":\"Jeanette\",\"image\":{\"@type\":\"ImageObject\",\"inLanguage\":\"es\",\"@id\":\"https:\\\/\\\/secure.gravatar.com\\\/avatar\\\/3ea2118a5f7dad2b7138b1187a6b7ee55f160b9968b66013c3a3ef39dd7e5798?s=96&d=mm&r=g\",\"url\":\"https:\\\/\\\/secure.gravatar.com\\\/avatar\\\/3ea2118a5f7dad2b7138b1187a6b7ee55f160b9968b66013c3a3ef39dd7e5798?s=96&d=mm&r=g\",\"contentUrl\":\"https:\\\/\\\/secure.gravatar.com\\\/avatar\\\/3ea2118a5f7dad2b7138b1187a6b7ee55f160b9968b66013c3a3ef39dd7e5798?s=96&d=mm&r=g\",\"caption\":\"Jeanette\"},\"sameAs\":[\"https:\\\/\\\/www.eldiario.net\\\/portal\"],\"url\":\"https:\\\/\\\/www.eldiario.net\\\/portal\\\/author\\\/jeanette\\\/\"}]}<\/script>\n<!-- \/ Yoast SEO plugin. -->","yoast_head_json":{"title":"El Tigre recibe a Tomayapo este domingo desde las 18:00 - El Diario - Bolivia","robots":{"index":"index","follow":"follow","max-snippet":"max-snippet:-1","max-image-preview":"max-image-preview:large","max-video-preview":"max-video-preview:-1"},"canonical":"https:\/\/www.eldiario.net\/portal\/2026\/09\/03\/el-tigre-recibe-a-tomayapo-este-domingo-desde-las-1800\/","og_locale":"es_ES","og_type":"article","og_title":"El Tigre recibe a Tomayapo este domingo desde las 18:00 - El Diario - Bolivia","og_description":"Este domingo 6 de septiembre, D\u00eda del Peat\u00f3n, habr\u00e1 f\u00fatbol en La Paz. El encuentro entre The Strongest y Real Tomayapo fue confirmado, con la variante de horario; se jugar\u00e1 desde las 18:00, aunque inicialmente estaba fijado para las 17:15. La dirigencia del Tigre pidi\u00f3 modificar el horario del cotejo que se disputar\u00e1 en el [&hellip;]","og_url":"https:\/\/www.eldiario.net\/portal\/2026\/09\/03\/el-tigre-recibe-a-tomayapo-este-domingo-desde-las-1800\/","og_site_name":"El Diario - Bolivia","article_publisher":"https:\/\/www.facebook.com\/eldiario.bolivia\/","article_published_time":"2026-09-03T10:18:33+00:00","og_image":[{"width":638,"height":822,"url":"https:\/\/www.eldiario.net\/portal\/wp-content\/uploads\/2026\/09\/Tigre-02.webp","type":"image\/webp"}],"author":"Jeanette","twitter_card":"summary_large_image","twitter_creator":"@eldiario_net","twitter_site":"@eldiario_net","twitter_misc":{"Escrito por":"Jeanette","Tiempo de lectura":"2 minutos"},"schema":{"@context":"https:\/\/schema.org","@graph":[{"@type":"Article","@id":"https:\/\/www.eldiario.net\/portal\/2026\/09\/03\/el-tigre-recibe-a-tomayapo-este-domingo-desde-las-1800\/#article","isPartOf":{"@id":"https:\/\/www.eldiario.net\/portal\/2026\/09\/03\/el-tigre-recibe-a-tomayapo-este-domingo-desde-las-1800\/"},"author":{"name":"Jeanette","@id":"https:\/\/www.eldiario.net\/portal\/#\/schema\/person\/f46445640444750d7d753ccd04ae01b7"},"headline":"El Tigre recibe a Tomayapo este domingo desde las 18:00","datePublished":"2026-09-03T10:18:33+00:00","mainEntityOfPage":{"@id":"https:\/\/www.eldiario.net\/portal\/2026\/09\/03\/el-tigre-recibe-a-tomayapo-este-domingo-desde-las-1800\/"},"wordCount":340,"publisher":{"@id":"https:\/\/www.eldiario.net\/portal\/#organization"},"image":{"@id":"https:\/\/www.eldiario.net\/portal\/2026\/09\/03\/el-tigre-recibe-a-tomayapo-este-domingo-desde-las-1800\/#primaryimage"},"thumbnailUrl":"https:\/\/www.eldiario.net\/portal\/wp-content\/uploads\/2026\/09\/Tigre-02.webp","articleSection":["Deportes"],"inLanguage":"es"},{"@type":"WebPage","@id":"https:\/\/www.eldiario.net\/portal\/2026\/09\/03\/el-tigre-recibe-a-tomayapo-este-domingo-desde-las-1800\/","url":"https:\/\/www.eldiario.net\/portal\/2026\/09\/03\/el-tigre-recibe-a-tomayapo-este-domingo-desde-las-1800\/","name":"El Tigre recibe a Tomayapo este domingo desde las 18:00 - El Diario - Bolivia","isPartOf":{"@id":"https:\/\/www.eldiario.net\/portal\/#website"},"primaryImageOfPage":{"@id":"https:\/\/www.eldiario.net\/portal\/2026\/09\/03\/el-tigre-recibe-a-tomayapo-este-domingo-desde-las-1800\/#primaryimage"},"image":{"@id":"https:\/\/www.eldiario.net\/portal\/2026\/09\/03\/el-tigre-recibe-a-tomayapo-este-domingo-desde-las-1800\/#primaryimage"},"thumbnailUrl":"https:\/\/www.eldiario.net\/portal\/wp-content\/uploads\/2026\/09\/Tigre-02.webp","datePublished":"2026-09-03T10:18:33+00:00","breadcrumb":{"@id":"https:\/\/www.eldiario.net\/portal\/2026\/09\/03\/el-tigre-recibe-a-tomayapo-este-domingo-desde-las-1800\/#breadcrumb"},"inLanguage":"es","potentialAction":[{"@type":"ReadAction","target":["https:\/\/www.eldiario.net\/portal\/2026\/09\/03\/el-tigre-recibe-a-tomayapo-este-domingo-desde-las-1800\/"]}]},{"@type":"ImageObject","inLanguage":"es","@id":"https:\/\/www.eldiario.net\/portal\/2026\/09\/03\/el-tigre-recibe-a-tomayapo-este-domingo-desde-las-1800\/#primaryimage","url":"https:\/\/www.eldiario.net\/portal\/wp-content\/uploads\/2026\/09\/Tigre-02.webp","contentUrl":"https:\/\/www.eldiario.net\/portal\/wp-content\/uploads\/2026\/09\/Tigre-02.webp","width":638,"height":822},{"@type":"BreadcrumbList","@id":"https:\/\/www.eldiario.net\/portal\/2026\/09\/03\/el-tigre-recibe-a-tomayapo-este-domingo-desde-las-1800\/#breadcrumb","itemListElement":[{"@type":"ListItem","position":1,"name":"Portada","item":"https:\/\/www.eldiario.net\/portal\/"},{"@type":"ListItem","position":2,"name":"El Tigre recibe a Tomayapo este domingo desde las 18:00"}]},{"@type":"WebSite","@id":"https:\/\/www.eldiario.net\/portal\/#website","url":"https:\/\/www.eldiario.net\/portal\/","name":"El Diario - Decano de la prensa nacional","description":"El Diario - Decano de la prensa nacional","publisher":{"@id":"https:\/\/www.eldiario.net\/portal\/#organization"},"potentialAction":[{"@type":"SearchAction","target":{"@type":"EntryPoint","urlTemplate":"https:\/\/www.eldiario.net\/portal\/?s={search_term_string}"},"query-input":{"@type":"PropertyValueSpecification","valueRequired":true,"valueName":"search_term_string"}}],"inLanguage":"es"},{"@type":"Organization","@id":"https:\/\/www.eldiario.net\/portal\/#organization","name":"El Diario - Decano de la prensa nacional","url":"https:\/\/www.eldiario.net\/portal\/","logo":{"@type":"ImageObject","inLanguage":"es","@id":"https:\/\/www.eldiario.net\/portal\/#\/schema\/logo\/image\/","url":"https:\/\/www.eldiario.net\/portal\/wp-content\/uploads\/2023\/07\/logo_ED.jpg","contentUrl":"https:\/\/www.eldiario.net\/portal\/wp-content\/uploads\/2023\/07\/logo_ED.jpg","width":272,"height":52,"caption":"El Diario - Decano de la prensa nacional"},"image":{"@id":"https:\/\/www.eldiario.net\/portal\/#\/schema\/logo\/image\/"},"sameAs":["https:\/\/www.facebook.com\/eldiario.bolivia\/","https:\/\/x.com\/eldiario_net"]},{"@type":"Person","@id":"https:\/\/www.eldiario.net\/portal\/#\/schema\/person\/f46445640444750d7d753ccd04ae01b7","name":"Jeanette","image":{"@type":"ImageObject","inLanguage":"es","@id":"https:\/\/secure.gravatar.com\/avatar\/3ea2118a5f7dad2b7138b1187a6b7ee55f160b9968b66013c3a3ef39dd7e5798?s=96&d=mm&r=g","url":"https:\/\/secure.gravatar.com\/avatar\/3ea2118a5f7dad2b7138b1187a6b7ee55f160b9968b66013c3a3ef39dd7e5798?s=96&d=mm&r=g","contentUrl":"https:\/\/secure.gravatar.com\/avatar\/3ea2118a5f7dad2b7138b1187a6b7ee55f160b9968b66013c3a3ef39dd7e5798?s=96&d=mm&r=g","caption":"Jeanette"},"sameAs":["https:\/\/www.eldiario.net\/portal"],"url":"https:\/\/www.eldiario.net\/portal\/author\/jeanette\/"}]}},"_links":{"self":[{"href":"https:\/\/www.eldiario.net\/portal\/wp-json\/wp\/v2\/posts\/427285","targetHints":{"allow":["GET"]}}],"collection":[{"href":"https:\/\/www.eldiario.net\/portal\/wp-json\/wp\/v2\/posts"}],"about":[{"href":"https:\/\/www.eldiario.net\/portal\/wp-json\/wp\/v2\/types\/post"}],"author":[{"embeddable":true,"href":"https:\/\/www.eldiario.net\/portal\/wp-json\/wp\/v2\/users\/1"}],"replies":[{"embeddable":true,"href":"https:\/\/www.eldiario.net\/portal\/wp-json\/wp\/v2\/comments?post=427285"}],"version-history":[{"count":1,"href":"https:\/\/www.eldiario.net\/portal\/wp-json\/wp\/v2\/posts\/427285\/revisions"}],"predecessor-version":[{"id":427287,"href":"https:\/\/www.eldiario.net\/portal\/wp-json\/wp\/v2\/posts\/427285\/revisions\/427287"}],"wp:featuredmedia":[{"embeddable":true,"href":"https:\/\/www.eldiario.net\/portal\/wp-json\/wp\/v2\/media\/427286"}],"wp:attachment":[{"href":"https:\/\/www.eldiario.net\/portal\/wp-json\/wp\/v2\/media?parent=427285"}],"wp:term":[{"taxonomy":"category","embeddable":true,"href":"https:\/\/www.eldiario.net\/portal\/wp-json\/wp\/v2\/categories?post=427285"},{"taxonomy":"post_tag","embeddable":true,"href":"https:\/\/www.eldiario.net\/portal\/wp-json\/wp\/v2\/tags?post=427285"}],"curies":[{"name":"wp","href":"https:\/\/api.w.org\/{rel}","templated":true}]}}